{"id":126748,"date":"2025-10-13T15:47:40","date_gmt":"2025-10-13T13:47:40","guid":{"rendered":"https:\/\/www.iemj.org\/weiss-psalms-and-hymns-the-echo-of-the-temple\/"},"modified":"2025-10-14T15:21:48","modified_gmt":"2025-10-14T13:21:48","slug":"weiss-psalms-and-hymns-the-echo-of-the-temple","status":"publish","type":"post","link":"https:\/\/www.iemj.org\/es\/weiss-psalms-and-hymns-the-echo-of-the-temple\/","title":{"rendered":"Weiss \u2013 Psalms and Hymns &amp; The echo of the temple"},"content":{"rendered":"\n<p><a>CD <em>Weiss \u2013 Psalm and Hymns<\/em>, publicado el 3 de noviembre de 2023 por <\/a><a href=\"https:\/\/propermusic.com\/collections\/dux-recording-producers\" target=\"_blank\" rel=\"noreferrer noopener\"><strong>DUX Recording Producers<\/strong><\/a><\/p>\n\n\n\n<p>CD <em>The echo of the Temple<\/em>, publicado el 9 de noviembre de 2023 por <a href=\"https:\/\/opus-series.com\/index.php?lang=pl&amp;p=sklep&amp;f=&amp;c=&amp;t=&amp;st=&amp;o=&amp;pid=154&amp;page=0\" target=\"_blank\" rel=\"noreferrer noopener\"><strong>Opus Series &#8211; Requiem Records<\/strong><\/a><\/p>\n\n\n\n<p>El 17 de marzo de 2025, el music\u00f3logo y organista polaco <a href=\"https:\/\/www.stefek.art\/eng\" target=\"_blank\" rel=\"noreferrer noopener\"><strong>Jakub Stefek<\/strong><\/a> entreg\u00f3 al Instituto Europeo de las M\u00fasicas Jud\u00edas dos CD y un disco de 33 rpm fruto de sus investigaciones sobre la m\u00fasica sinagogal en Polonia, tanto antigua como contempor\u00e1nea. Descubra las obras de Jacob Weiss, Adam Por\u0119bski, Aleksandra Chmielewska, Anna Maria Huszcza, Drius Przybylski, Marcin Tadeusz Lukaszewski e Ignace Zalewski.<\/p>\n\n\n\n<div style=\"height:15px\" aria-hidden=\"true\" class=\"wp-block-spacer\"><\/div>\n\n\n\n<p><img fetchpriority=\"high\" decoding=\"async\" class=\"alignright size-medium wp-image-126673\" src=\"https:\/\/www.iemj.org\/wp-content\/uploads\/2025\/10\/CD_2110_VIG-300x267.jpg\" alt=\"\" width=\"300\" height=\"267\" srcset=\"https:\/\/www.iemj.org\/wp-content\/uploads\/2025\/10\/CD_2110_VIG-300x267.jpg 300w, https:\/\/www.iemj.org\/wp-content\/uploads\/2025\/10\/CD_2110_VIG.jpg 500w\" sizes=\"(max-width: 300px) 100vw, 300px\" \/>El CD <strong><em>Weiss \u2013 Psalms and Hymns<\/em><\/strong> nos ofrece en primicia mundial la m\u00fasica de Jacob Leopold Lejb Weiss (1825-1889), cantor de una de las sinagogas de Varsovia en el siglo XIX. Nacido en 1825 en Nitra (Hungr\u00eda), Jacob Weiss curs\u00f3 estudios musicales en Viena, en particular con el compositor y cantor <a href=\"https:\/\/www.iemj.org\/es\/sulzer-salomon-1804-1890\/\" target=\"_blank\" rel=\"noopener\">Salomon Sulzer (1804-1890)<\/a>, uno de los impulsores de la reforma del canto lit\u00fargico en las sinagogas de culto reformado. En 1860, Weiss se convirti\u00f3 en el cantor principal de la sinagoga alemana de la calle Danilowiczowska en Varsovia. All\u00ed dirigi\u00f3 un coro con el que cantaba salmos e himnos que acompa\u00f1aban la oraci\u00f3n diaria. Probablemente fue durante su ministerio en esta sinagoga cuando Weiss tuvo la oportunidad de familiarizarse con la m\u00fasica del compositor polaco <a href=\"https:\/\/fr.wikipedia.org\/wiki\/Stanis%C5%82aw_Moniuszko\" target=\"_blank\" rel=\"noopener\">Stanislaw Moniuszko<\/a>. La influencia de Moniuszko en el lenguaje compositivo de Weiss es significativa. Adem\u00e1s, esta m\u00fasica comparte caracter\u00edsticas con la m\u00fasica sinagogal reformada que, rompiendo con las normas religiosas rab\u00ednicas, permiti\u00f3 la expresi\u00f3n de los instrumentos, incluido el \u00f3rgano. En 1873, Weiss ocup\u00f3 un cargo de cantor en Vilna antes de regresar a Varsovia tres a\u00f1os m\u00e1s tarde. En 1879 se convirti\u00f3 en profesor de canto, al tiempo que continuaba con sus actividades como cantor y compositor. Aunque su m\u00fasica se interpretaba con frecuencia, cay\u00f3 en la pobreza y muri\u00f3 el 21 de agosto de 1889. Su obra sigui\u00f3 interpret\u00e1ndose en sinagogas y casas particulares hasta la Segunda Guerra Mundial, antes de caer en el olvido. Hasta la fecha, las \u00fanicas composiciones conocidas de Weiss figuran en una recopilaci\u00f3n de la <em>Musikalischen Synagogen-Bibliothek: Ozar Schire Jeschurun<\/em>, en dos vol\u00famenes publicados en 1873 y 1881.<\/p>\n<p>Adem\u00e1s de las obras de Weiss, este CD nos ofrece cuatro preludios de Joseph Sulzer, el hijo menor de Salomon Sulzer.<\/p>\n\n\n\n<div style=\"height:15px\" aria-hidden=\"true\" class=\"wp-block-spacer\"><\/div>\n\n\n\n<p><img decoding=\"async\" class=\"alignleft size-full wp-image-126678\" src=\"https:\/\/www.iemj.org\/wp-content\/uploads\/2025\/10\/Jakub-Stefek.jpeg\" alt=\"\" width=\"259\" height=\"194\" \/>En este CD, el \u00f3rgano es interpretado por <a href=\"https:\/\/www.stefek.art\/eng\" target=\"_blank\" rel=\"noopener\">Jakub Stefek<\/a>, organista de la sinagoga de la Pestalozzistrasse en Berl\u00edn y autor de una publicaci\u00f3n sobre m\u00fasica jud\u00eda para \u00f3rgano. Los solos del cantor son interpretados por Isidoro Abramowicz, director musical de la sinagoga Pestalozzistrasse de Berl\u00edn y uno de los int\u00e9rpretes m\u00e1s importantes de m\u00fasica sinagogal. El Coro de C\u00e1mara de la Academia de Bellas Artes de Szczecin est\u00e1 dirigido por Barbara Halec.<\/p>\n\n\n\n<div style=\"height:23px\" aria-hidden=\"true\" class=\"wp-block-spacer\"><\/div>\n\n\n\n<figure class=\"wp-block-embed is-type-video is-provider-youtube wp-block-embed-youtube wp-embed-aspect-4-3 wp-has-aspect-ratio\"><div class=\"wp-block-embed__wrapper\">\n<iframe title=\"Psalm 93: Gott Regiert\" width=\"640\" height=\"480\" src=\"https:\/\/www.youtube.com\/embed\/4BTaHiw1tdc?feature=oembed\" frameborder=\"0\" allow=\"accelerometer; autoplay; clipboard-write; encrypted-media; gyroscope; picture-in-picture; web-share\" referrerpolicy=\"strict-origin-when-cross-origin\" allowfullscreen><\/iframe>\n<\/div><\/figure>\n\n\n\n<div style=\"height:15px\" aria-hidden=\"true\" class=\"wp-block-spacer\"><\/div>\n\n\n\n<p><img decoding=\"async\" class=\"size-medium wp-image-126683 alignright\" src=\"https:\/\/www.iemj.org\/wp-content\/uploads\/2025\/10\/The-echo_Couv-300x296.jpg\" alt=\"\" width=\"300\" height=\"296\" srcset=\"https:\/\/www.iemj.org\/wp-content\/uploads\/2025\/10\/The-echo_Couv-300x296.jpg 300w, https:\/\/www.iemj.org\/wp-content\/uploads\/2025\/10\/The-echo_Couv-100x100.jpg 100w, https:\/\/www.iemj.org\/wp-content\/uploads\/2025\/10\/The-echo_Couv.jpg 500w\" sizes=\"(max-width: 300px) 100vw, 300px\" \/>El CD <strong><em>The Echo of the Temple<\/em><\/strong> es el resultado de un encargo de Jakub Stefek a seis compositores contempor\u00e1neos de piezas para \u00f3rgano inspiradas en la tradici\u00f3n sinagogal: Adam Por\u0119bski, Aleksandra Chmielewska, Anna Maria Huszcza, Marcin Tadeusz \u0141ukaszewski, Dariusz Przybylski e Ignacy Zalewski.<\/p>\n<p>\u00abEn el siglo XIX, la idea de la reforma lit\u00fargica jud\u00eda consist\u00eda en que los compositores tomaran antiguas melod\u00edas jud\u00edas y las combinaran con un lenguaje musical contempor\u00e1neo. Cuando descubr\u00ed esta historia, entre otras cosas, mientras trabajaba en mi tesis doctoral, pens\u00e9 que el siguiente cap\u00edtulo de esta historia, interrumpida por la guerra, ser\u00eda recrear este proceso hoy, en el siglo XXI\u00bb, explica Jakub Stefek. \u00abAs\u00ed naci\u00f3 este proyecto, en el que seis compositores polacos de la joven generaci\u00f3n crearon obras inspiradas en esta idea. Cada uno abord\u00f3 el tema a su manera. Adam Por\u0119bski trabaj\u00f3 con cantos de Abraham Lichtenstein, un cantor de Szczecin del siglo XIX: primero en una versi\u00f3n para cantor, coro y \u00f3rgano, y luego para \u00f3rgano solo. Aleksandra Chmielewska y Dariusz Przybylski crearon impresionantes obras basadas en dos melod\u00edas del Kaddish anotadas por Louis Lewandowski. Anna Huszcza eligi\u00f3 la melod\u00eda de Louis Lewandowski extra\u00edda de tres vol\u00famenes monumentales, rindiendo as\u00ed homenaje a la tradici\u00f3n del \u00f3rgano. Marcin \u0141ukaszewski combin\u00f3 dos de las melod\u00edas jud\u00edas m\u00e1s famosas del mundo, Kol Nidre y Hava Nagila, creando as\u00ed un puente entre lo sagrado y lo profano. Ignacy Zalewski, en una obra muy personal, desplaz\u00f3 el acento de la melod\u00eda hacia el timbre, orient\u00e1ndose en la direcci\u00f3n que la m\u00fasica jud\u00eda para \u00f3rgano comenzaba a tomar poco antes de la Segunda Guerra Mundial. El propio t\u00edtulo \u00abEco del Templo\u00bb tiene varios significados. Por un lado, hace referencia a los primeros relatos sobre la instrumentaci\u00f3n del Templo de Jerusal\u00e9n. Por otro lado, las numerosas sinagogas reformadas en las que resonaba el \u00f3rgano recibieron el nombre de \u00abTemplo\u00bb. Adem\u00e1s, la grabaci\u00f3n se realiz\u00f3 en el suntuoso edificio de la colegiata de Stargard, la iglesia g\u00f3tica abovedada m\u00e1s alta de Polonia, de modo que el eco se integra en el dise\u00f1o art\u00edstico del sonido.<\/p>\n<p>Este \u00e1lbum hace una clara referencia a un legado al que debemos prestar atenci\u00f3n. La m\u00fasica jud\u00eda para \u00f3rgano es la prueba de que es posible combinar h\u00e1bilmente la tradici\u00f3n y la modernidad. Existe un t\u00e9rmino medio entre rechazar todo lo nuevo y rechazar todo lo antiguo.\u00bb<\/p>\n<p>Fuente: <a href=\"https:\/\/muzeum.szczecin.pl\/en\/news\/2136-the-echo-of-the-temple-premiere-of-jakub-stefek-s-music-record.html\" target=\"_blank\" rel=\"noopener\">https:\/\/muzeum.szczecin.pl\/en\/news\/2136-the-echo-of-the-temple-premiere-of-jakub-stefek-s-music-record.html<\/a><\/p>\n\n\n\n<figure class=\"wp-block-embed is-type-video is-provider-youtube wp-block-embed-youtube wp-embed-aspect-4-3 wp-has-aspect-ratio\"><div class=\"wp-block-embed__wrapper\">\n<iframe title=\"Mechalkel chajim bechesed (Shire Bet Haknesset)\" width=\"640\" height=\"480\" src=\"https:\/\/www.youtube.com\/embed\/BmpqjpAkKT8?feature=oembed\" frameborder=\"0\" allow=\"accelerometer; autoplay; clipboard-write; encrypted-media; gyroscope; picture-in-picture; web-share\" referrerpolicy=\"strict-origin-when-cross-origin\" allowfullscreen><\/iframe>\n<\/div><\/figure>\n\n\n\n<ul>\n<li><a href=\"https:\/\/propermusic.com\/products\/jakubstefekbarbarahalecisidoroabramowiczchamberchoiroftheacademyofartinszczecin-weisspsalmsandhymns?srsltid=AfmBOoqE6CCPhDk7sbywcIfnJpB0uyNlsipIXGHVGU4oL539_93-bV0W\">M\u00e1s informaci\u00f3n<\/a> o <a href=\"https:\/\/www.amazon.com\/-\/zh_TW\/Barbara-Isidoro-Abramowicz-Chamber-Szczecin\/dp\/B0C2QT5ZKN\" target=\"_blank\" rel=\"noopener\">pedir el CD Weiss \u2013 Psalms and Hymns<\/a><\/li>\n<li><a href=\"https:\/\/muzeum.szczecin.pl\/en\/news\/2136-the-echo-of-the-temple-premiere-of-jakub-stefek-s-music-record.html\" target=\"_blank\" rel=\"noopener\">M\u00e1s informaci\u00f3n<\/a> o <a href=\"https:\/\/allegro.pl\/produkt\/the-echo-of-the-temple-jakub-stefek-cd-78069955-ac04-4bf6-bd24-69a8f85432ad?srsltid=AfmBOopall0jtyFOjUAP88rEtw0_5L-MfltZ9yg-ylS9z98TE53-JAGw&amp;offerId=16867936823\" target=\"_blank\" rel=\"noopener\">pedir el CD The Echo of the Temple<\/a><\/li>\n<li><a href=\"https:\/\/www.iemj.org\/es\/music-of-david-eisenstadt\/\" target=\"_blank\" rel=\"noopener\">Ver la rese\u00f1a del LP Music of David Eisenstadt<\/a><\/li>\n<li><a href=\"https:\/\/www.iemj.org\/es\/lorgue-dans-la-tradition-juive\/\" target=\"_blank\" rel=\"noopener\">Leer el art\u00edculo El \u00f3rgano en la tradici\u00f3n jud\u00eda<\/a><\/li>\n<\/ul>\n\n\n\n<figure class=\"wp-block-image alignwide size-large\"><img loading=\"lazy\" decoding=\"async\" width=\"1024\" height=\"133\" src=\"https:\/\/www.iemj.org\/wp-content\/uploads\/2024\/03\/AUDIO-PLAYER-1024x133.png\" alt=\"\" class=\"wp-image-110608\" srcset=\"https:\/\/www.iemj.org\/wp-content\/uploads\/2024\/03\/AUDIO-PLAYER-1024x133.png 1024w, https:\/\/www.iemj.org\/wp-content\/uploads\/2024\/03\/AUDIO-PLAYER-300x39.png 300w, https:\/\/www.iemj.org\/wp-content\/uploads\/2024\/03\/AUDIO-PLAYER-768x100.png 768w, https:\/\/www.iemj.org\/wp-content\/uploads\/2024\/03\/AUDIO-PLAYER-600x78.png 600w, https:\/\/www.iemj.org\/wp-content\/uploads\/2024\/03\/AUDIO-PLAYER.png 1210w\" sizes=\"(max-width: 1024px) 100vw, 1024px\" \/><\/figure>\n\n\n\n<p class=\"has-text-align-center\"><strong>Escuchar extractos a continuaci\u00f3n<\/strong><\/p>\n","protected":false},"excerpt":{"rendered":"<p>CD Weiss \u2013 Psalm and Hymns, publicado el 3 de noviembre de 2023 por DUX Recording Producers CD The echo of the Temple, publicado el 9 de noviembre de 2023<\/p>\n","protected":false},"author":5,"featured_media":126652,"comment_status":"closed","ping_status":"closed","sticky":false,"template":"","format":"standard","meta":{"_acf_changed":false,"footnotes":""},"categories":[1568,1565],"tags":[4032],"technique":[],"squelettes":[],"sujet":[],"formation":[],"genre":[],"fonds":[],"tradition":[],"type-de-contenu":[],"interprete-compositeur":[],"frise":[],"type-devenement":[],"tableaux-liens-externes":[],"class_list":["post-126748","post","type-post","status-publish","format-standard","has-post-thumbnail","hentry","category-cd-es","category-ultimas-adquisiciones-es","tag-polonia"],"acf":[],"yoast_head":"<!-- This site is optimized with the Yoast SEO plugin v27.3 - https:\/\/yoast.com\/product\/yoast-seo-wordpress\/ -->\n<title>Weiss \u2013 Psalms and Hymns &amp; The echo of the temple - Institut Europ\u00e9en des Musiques Juives<\/title>\n<meta name=\"robots\" content=\"index, follow, max-snippet:-1, max-image-preview:large, max-video-preview:-1\" \/>\n<link rel=\"canonical\" href=\"https:\/\/www.iemj.org\/es\/weiss-psalms-and-hymns-the-echo-of-the-temple\/\" \/>\n<meta property=\"og:locale\" content=\"es_ES\" \/>\n<meta property=\"og:type\" content=\"article\" \/>\n<meta property=\"og:title\" content=\"Weiss \u2013 Psalms and Hymns &amp; The echo of the temple - Institut Europ\u00e9en des Musiques Juives\" \/>\n<meta property=\"og:description\" content=\"CD Weiss \u2013 Psalm and Hymns, publicado el 3 de noviembre de 2023 por DUX Recording Producers CD The echo of the Temple, publicado el 9 de noviembre de 2023\" \/>\n<meta property=\"og:url\" content=\"https:\/\/www.iemj.org\/es\/weiss-psalms-and-hymns-the-echo-of-the-temple\/\" \/>\n<meta property=\"og:site_name\" content=\"Institut Europ\u00e9en des Musiques Juives\" \/>\n<meta property=\"article:publisher\" content=\"https:\/\/www.facebook.com\/MusiquesJuives\/\" \/>\n<meta property=\"article:published_time\" content=\"2025-10-13T13:47:40+00:00\" \/>\n<meta property=\"article:modified_time\" content=\"2025-10-14T13:21:48+00:00\" \/>\n<meta property=\"og:image\" content=\"https:\/\/www.iemj.org\/wp-content\/uploads\/2025\/10\/Logo-article-2-CD-Psalms-The-echo.jpg\" \/>\n\t<meta property=\"og:image:width\" content=\"500\" \/>\n\t<meta property=\"og:image:height\" content=\"500\" \/>\n\t<meta property=\"og:image:type\" content=\"image\/jpeg\" \/>\n<meta name=\"author\" content=\"Jacqueline ROTEN\" \/>\n<meta name=\"twitter:card\" content=\"summary_large_image\" \/>\n<meta name=\"twitter:label1\" content=\"Escrito por\" \/>\n\t<meta name=\"twitter:data1\" content=\"Jacqueline ROTEN\" \/>\n\t<meta name=\"twitter:label2\" content=\"Tiempo de lectura\" \/>\n\t<meta name=\"twitter:data2\" content=\"6 minutos\" \/>\n<script type=\"application\/ld+json\" class=\"yoast-schema-graph\">{\"@context\":\"https:\\\/\\\/schema.org\",\"@graph\":[{\"@type\":\"Article\",\"@id\":\"https:\\\/\\\/www.iemj.org\\\/es\\\/weiss-psalms-and-hymns-the-echo-of-the-temple\\\/#article\",\"isPartOf\":{\"@id\":\"https:\\\/\\\/www.iemj.org\\\/es\\\/weiss-psalms-and-hymns-the-echo-of-the-temple\\\/\"},\"author\":{\"name\":\"Jacqueline ROTEN\",\"@id\":\"https:\\\/\\\/www.iemj.org\\\/es\\\/#\\\/schema\\\/person\\\/358e26c18aca017fcc4cc15437f7279c\"},\"headline\":\"Weiss \u2013 Psalms and Hymns &amp; The echo of the temple\",\"datePublished\":\"2025-10-13T13:47:40+00:00\",\"dateModified\":\"2025-10-14T13:21:48+00:00\",\"mainEntityOfPage\":{\"@id\":\"https:\\\/\\\/www.iemj.org\\\/es\\\/weiss-psalms-and-hymns-the-echo-of-the-temple\\\/\"},\"wordCount\":1001,\"publisher\":{\"@id\":\"https:\\\/\\\/www.iemj.org\\\/es\\\/#organization\"},\"image\":{\"@id\":\"https:\\\/\\\/www.iemj.org\\\/es\\\/weiss-psalms-and-hymns-the-echo-of-the-temple\\\/#primaryimage\"},\"thumbnailUrl\":\"https:\\\/\\\/www.iemj.org\\\/wp-content\\\/uploads\\\/2025\\\/10\\\/Logo-article-2-CD-Psalms-The-echo.jpg\",\"keywords\":[\"Polonia\"],\"articleSection\":[\"CD\",\"\u00daltimas adquisiciones\"],\"inLanguage\":\"es\"},{\"@type\":\"WebPage\",\"@id\":\"https:\\\/\\\/www.iemj.org\\\/es\\\/weiss-psalms-and-hymns-the-echo-of-the-temple\\\/\",\"url\":\"https:\\\/\\\/www.iemj.org\\\/es\\\/weiss-psalms-and-hymns-the-echo-of-the-temple\\\/\",\"name\":\"Weiss \u2013 Psalms and Hymns &amp; The echo of the temple - Institut Europ\u00e9en des Musiques Juives\",\"isPartOf\":{\"@id\":\"https:\\\/\\\/www.iemj.org\\\/es\\\/#website\"},\"primaryImageOfPage\":{\"@id\":\"https:\\\/\\\/www.iemj.org\\\/es\\\/weiss-psalms-and-hymns-the-echo-of-the-temple\\\/#primaryimage\"},\"image\":{\"@id\":\"https:\\\/\\\/www.iemj.org\\\/es\\\/weiss-psalms-and-hymns-the-echo-of-the-temple\\\/#primaryimage\"},\"thumbnailUrl\":\"https:\\\/\\\/www.iemj.org\\\/wp-content\\\/uploads\\\/2025\\\/10\\\/Logo-article-2-CD-Psalms-The-echo.jpg\",\"datePublished\":\"2025-10-13T13:47:40+00:00\",\"dateModified\":\"2025-10-14T13:21:48+00:00\",\"breadcrumb\":{\"@id\":\"https:\\\/\\\/www.iemj.org\\\/es\\\/weiss-psalms-and-hymns-the-echo-of-the-temple\\\/#breadcrumb\"},\"inLanguage\":\"es\",\"potentialAction\":[{\"@type\":\"ReadAction\",\"target\":[\"https:\\\/\\\/www.iemj.org\\\/es\\\/weiss-psalms-and-hymns-the-echo-of-the-temple\\\/\"]}]},{\"@type\":\"ImageObject\",\"inLanguage\":\"es\",\"@id\":\"https:\\\/\\\/www.iemj.org\\\/es\\\/weiss-psalms-and-hymns-the-echo-of-the-temple\\\/#primaryimage\",\"url\":\"https:\\\/\\\/www.iemj.org\\\/wp-content\\\/uploads\\\/2025\\\/10\\\/Logo-article-2-CD-Psalms-The-echo.jpg\",\"contentUrl\":\"https:\\\/\\\/www.iemj.org\\\/wp-content\\\/uploads\\\/2025\\\/10\\\/Logo-article-2-CD-Psalms-The-echo.jpg\",\"width\":500,\"height\":500},{\"@type\":\"BreadcrumbList\",\"@id\":\"https:\\\/\\\/www.iemj.org\\\/es\\\/weiss-psalms-and-hymns-the-echo-of-the-temple\\\/#breadcrumb\",\"itemListElement\":[{\"@type\":\"ListItem\",\"position\":1,\"name\":\"Accueil\",\"item\":\"https:\\\/\\\/www.iemj.org\\\/es\\\/\"},{\"@type\":\"ListItem\",\"position\":2,\"name\":\"Weiss \u2013 Psalms and Hymns &amp; The echo of the temple\"}]},{\"@type\":\"WebSite\",\"@id\":\"https:\\\/\\\/www.iemj.org\\\/es\\\/#website\",\"url\":\"https:\\\/\\\/www.iemj.org\\\/es\\\/\",\"name\":\"Institut Europ\u00e9en des Musiques Juives\",\"description\":\"Des traditions musicales \u00e0 la port\u00e9e de tous\",\"publisher\":{\"@id\":\"https:\\\/\\\/www.iemj.org\\\/es\\\/#organization\"},\"potentialAction\":[{\"@type\":\"SearchAction\",\"target\":{\"@type\":\"EntryPoint\",\"urlTemplate\":\"https:\\\/\\\/www.iemj.org\\\/es\\\/?s={search_term_string}\"},\"query-input\":{\"@type\":\"PropertyValueSpecification\",\"valueRequired\":true,\"valueName\":\"search_term_string\"}}],\"inLanguage\":\"es\"},{\"@type\":\"Organization\",\"@id\":\"https:\\\/\\\/www.iemj.org\\\/es\\\/#organization\",\"name\":\"Institut Europ\u00e9en des Musiques Juives\",\"url\":\"https:\\\/\\\/www.iemj.org\\\/es\\\/\",\"logo\":{\"@type\":\"ImageObject\",\"inLanguage\":\"es\",\"@id\":\"https:\\\/\\\/www.iemj.org\\\/es\\\/#\\\/schema\\\/logo\\\/image\\\/\",\"url\":\"https:\\\/\\\/www.iemj.org\\\/wp-content\\\/uploads\\\/2021\\\/09\\\/Logo-IEMJ-Paypal.jpg\",\"contentUrl\":\"https:\\\/\\\/www.iemj.org\\\/wp-content\\\/uploads\\\/2021\\\/09\\\/Logo-IEMJ-Paypal.jpg\",\"width\":150,\"height\":50,\"caption\":\"Institut Europ\u00e9en des Musiques Juives\"},\"image\":{\"@id\":\"https:\\\/\\\/www.iemj.org\\\/es\\\/#\\\/schema\\\/logo\\\/image\\\/\"},\"sameAs\":[\"https:\\\/\\\/www.facebook.com\\\/MusiquesJuives\\\/\",\"https:\\\/\\\/www.instagram.com\\\/musiquesjuives\\\/\",\"https:\\\/\\\/www.youtube.com\\\/user\\\/musiquesjuives\"]},{\"@type\":\"Person\",\"@id\":\"https:\\\/\\\/www.iemj.org\\\/es\\\/#\\\/schema\\\/person\\\/358e26c18aca017fcc4cc15437f7279c\",\"name\":\"Jacqueline ROTEN\",\"image\":{\"@type\":\"ImageObject\",\"inLanguage\":\"es\",\"@id\":\"https:\\\/\\\/secure.gravatar.com\\\/avatar\\\/5964256d6c6957de3a3505278957e0fb2a35119ac47ea41827a65301213c810b?s=96&d=mm&r=g\",\"url\":\"https:\\\/\\\/secure.gravatar.com\\\/avatar\\\/5964256d6c6957de3a3505278957e0fb2a35119ac47ea41827a65301213c810b?s=96&d=mm&r=g\",\"contentUrl\":\"https:\\\/\\\/secure.gravatar.com\\\/avatar\\\/5964256d6c6957de3a3505278957e0fb2a35119ac47ea41827a65301213c810b?s=96&d=mm&r=g\",\"caption\":\"Jacqueline ROTEN\"}}]}<\/script>\n<!-- \/ Yoast SEO plugin. -->","yoast_head_json":{"title":"Weiss \u2013 Psalms and Hymns &amp; The echo of the temple - Institut Europ\u00e9en des Musiques Juives","robots":{"index":"index","follow":"follow","max-snippet":"max-snippet:-1","max-image-preview":"max-image-preview:large","max-video-preview":"max-video-preview:-1"},"canonical":"https:\/\/www.iemj.org\/es\/weiss-psalms-and-hymns-the-echo-of-the-temple\/","og_locale":"es_ES","og_type":"article","og_title":"Weiss \u2013 Psalms and Hymns &amp; The echo of the temple - Institut Europ\u00e9en des Musiques Juives","og_description":"CD Weiss \u2013 Psalm and Hymns, publicado el 3 de noviembre de 2023 por DUX Recording Producers CD The echo of the Temple, publicado el 9 de noviembre de 2023","og_url":"https:\/\/www.iemj.org\/es\/weiss-psalms-and-hymns-the-echo-of-the-temple\/","og_site_name":"Institut Europ\u00e9en des Musiques Juives","article_publisher":"https:\/\/www.facebook.com\/MusiquesJuives\/","article_published_time":"2025-10-13T13:47:40+00:00","article_modified_time":"2025-10-14T13:21:48+00:00","og_image":[{"width":500,"height":500,"url":"https:\/\/www.iemj.org\/wp-content\/uploads\/2025\/10\/Logo-article-2-CD-Psalms-The-echo.jpg","type":"image\/jpeg"}],"author":"Jacqueline ROTEN","twitter_card":"summary_large_image","twitter_misc":{"Escrito por":"Jacqueline ROTEN","Tiempo de lectura":"6 minutos"},"schema":{"@context":"https:\/\/schema.org","@graph":[{"@type":"Article","@id":"https:\/\/www.iemj.org\/es\/weiss-psalms-and-hymns-the-echo-of-the-temple\/#article","isPartOf":{"@id":"https:\/\/www.iemj.org\/es\/weiss-psalms-and-hymns-the-echo-of-the-temple\/"},"author":{"name":"Jacqueline ROTEN","@id":"https:\/\/www.iemj.org\/es\/#\/schema\/person\/358e26c18aca017fcc4cc15437f7279c"},"headline":"Weiss \u2013 Psalms and Hymns &amp; The echo of the temple","datePublished":"2025-10-13T13:47:40+00:00","dateModified":"2025-10-14T13:21:48+00:00","mainEntityOfPage":{"@id":"https:\/\/www.iemj.org\/es\/weiss-psalms-and-hymns-the-echo-of-the-temple\/"},"wordCount":1001,"publisher":{"@id":"https:\/\/www.iemj.org\/es\/#organization"},"image":{"@id":"https:\/\/www.iemj.org\/es\/weiss-psalms-and-hymns-the-echo-of-the-temple\/#primaryimage"},"thumbnailUrl":"https:\/\/www.iemj.org\/wp-content\/uploads\/2025\/10\/Logo-article-2-CD-Psalms-The-echo.jpg","keywords":["Polonia"],"articleSection":["CD","\u00daltimas adquisiciones"],"inLanguage":"es"},{"@type":"WebPage","@id":"https:\/\/www.iemj.org\/es\/weiss-psalms-and-hymns-the-echo-of-the-temple\/","url":"https:\/\/www.iemj.org\/es\/weiss-psalms-and-hymns-the-echo-of-the-temple\/","name":"Weiss \u2013 Psalms and Hymns &amp; The echo of the temple - Institut Europ\u00e9en des Musiques Juives","isPartOf":{"@id":"https:\/\/www.iemj.org\/es\/#website"},"primaryImageOfPage":{"@id":"https:\/\/www.iemj.org\/es\/weiss-psalms-and-hymns-the-echo-of-the-temple\/#primaryimage"},"image":{"@id":"https:\/\/www.iemj.org\/es\/weiss-psalms-and-hymns-the-echo-of-the-temple\/#primaryimage"},"thumbnailUrl":"https:\/\/www.iemj.org\/wp-content\/uploads\/2025\/10\/Logo-article-2-CD-Psalms-The-echo.jpg","datePublished":"2025-10-13T13:47:40+00:00","dateModified":"2025-10-14T13:21:48+00:00","breadcrumb":{"@id":"https:\/\/www.iemj.org\/es\/weiss-psalms-and-hymns-the-echo-of-the-temple\/#breadcrumb"},"inLanguage":"es","potentialAction":[{"@type":"ReadAction","target":["https:\/\/www.iemj.org\/es\/weiss-psalms-and-hymns-the-echo-of-the-temple\/"]}]},{"@type":"ImageObject","inLanguage":"es","@id":"https:\/\/www.iemj.org\/es\/weiss-psalms-and-hymns-the-echo-of-the-temple\/#primaryimage","url":"https:\/\/www.iemj.org\/wp-content\/uploads\/2025\/10\/Logo-article-2-CD-Psalms-The-echo.jpg","contentUrl":"https:\/\/www.iemj.org\/wp-content\/uploads\/2025\/10\/Logo-article-2-CD-Psalms-The-echo.jpg","width":500,"height":500},{"@type":"BreadcrumbList","@id":"https:\/\/www.iemj.org\/es\/weiss-psalms-and-hymns-the-echo-of-the-temple\/#breadcrumb","itemListElement":[{"@type":"ListItem","position":1,"name":"Accueil","item":"https:\/\/www.iemj.org\/es\/"},{"@type":"ListItem","position":2,"name":"Weiss \u2013 Psalms and Hymns &amp; The echo of the temple"}]},{"@type":"WebSite","@id":"https:\/\/www.iemj.org\/es\/#website","url":"https:\/\/www.iemj.org\/es\/","name":"Institut Europ\u00e9en des Musiques Juives","description":"Des traditions musicales \u00e0 la port\u00e9e de tous","publisher":{"@id":"https:\/\/www.iemj.org\/es\/#organization"},"potentialAction":[{"@type":"SearchAction","target":{"@type":"EntryPoint","urlTemplate":"https:\/\/www.iemj.org\/es\/?s={search_term_string}"},"query-input":{"@type":"PropertyValueSpecification","valueRequired":true,"valueName":"search_term_string"}}],"inLanguage":"es"},{"@type":"Organization","@id":"https:\/\/www.iemj.org\/es\/#organization","name":"Institut Europ\u00e9en des Musiques Juives","url":"https:\/\/www.iemj.org\/es\/","logo":{"@type":"ImageObject","inLanguage":"es","@id":"https:\/\/www.iemj.org\/es\/#\/schema\/logo\/image\/","url":"https:\/\/www.iemj.org\/wp-content\/uploads\/2021\/09\/Logo-IEMJ-Paypal.jpg","contentUrl":"https:\/\/www.iemj.org\/wp-content\/uploads\/2021\/09\/Logo-IEMJ-Paypal.jpg","width":150,"height":50,"caption":"Institut Europ\u00e9en des Musiques Juives"},"image":{"@id":"https:\/\/www.iemj.org\/es\/#\/schema\/logo\/image\/"},"sameAs":["https:\/\/www.facebook.com\/MusiquesJuives\/","https:\/\/www.instagram.com\/musiquesjuives\/","https:\/\/www.youtube.com\/user\/musiquesjuives"]},{"@type":"Person","@id":"https:\/\/www.iemj.org\/es\/#\/schema\/person\/358e26c18aca017fcc4cc15437f7279c","name":"Jacqueline ROTEN","image":{"@type":"ImageObject","inLanguage":"es","@id":"https:\/\/secure.gravatar.com\/avatar\/5964256d6c6957de3a3505278957e0fb2a35119ac47ea41827a65301213c810b?s=96&d=mm&r=g","url":"https:\/\/secure.gravatar.com\/avatar\/5964256d6c6957de3a3505278957e0fb2a35119ac47ea41827a65301213c810b?s=96&d=mm&r=g","contentUrl":"https:\/\/secure.gravatar.com\/avatar\/5964256d6c6957de3a3505278957e0fb2a35119ac47ea41827a65301213c810b?s=96&d=mm&r=g","caption":"Jacqueline ROTEN"}}]}},"_links":{"self":[{"href":"https:\/\/www.iemj.org\/es\/wp-json\/wp\/v2\/posts\/126748","targetHints":{"allow":["GET"]}}],"collection":[{"href":"https:\/\/www.iemj.org\/es\/wp-json\/wp\/v2\/posts"}],"about":[{"href":"https:\/\/www.iemj.org\/es\/wp-json\/wp\/v2\/types\/post"}],"author":[{"embeddable":true,"href":"https:\/\/www.iemj.org\/es\/wp-json\/wp\/v2\/users\/5"}],"replies":[{"embeddable":true,"href":"https:\/\/www.iemj.org\/es\/wp-json\/wp\/v2\/comments?post=126748"}],"version-history":[{"count":2,"href":"https:\/\/www.iemj.org\/es\/wp-json\/wp\/v2\/posts\/126748\/revisions"}],"predecessor-version":[{"id":126760,"href":"https:\/\/www.iemj.org\/es\/wp-json\/wp\/v2\/posts\/126748\/revisions\/126760"}],"wp:featuredmedia":[{"embeddable":true,"href":"https:\/\/www.iemj.org\/es\/wp-json\/wp\/v2\/media\/126652"}],"wp:attachment":[{"href":"https:\/\/www.iemj.org\/es\/wp-json\/wp\/v2\/media?parent=126748"}],"wp:term":[{"taxonomy":"category","embeddable":true,"href":"https:\/\/www.iemj.org\/es\/wp-json\/wp\/v2\/categories?post=126748"},{"taxonomy":"post_tag","embeddable":true,"href":"https:\/\/www.iemj.org\/es\/wp-json\/wp\/v2\/tags?post=126748"},{"taxonomy":"technique","embeddable":true,"href":"https:\/\/www.iemj.org\/es\/wp-json\/wp\/v2\/technique?post=126748"},{"taxonomy":"squelettes","embeddable":true,"href":"https:\/\/www.iemj.org\/es\/wp-json\/wp\/v2\/squelettes?post=126748"},{"taxonomy":"sujet","embeddable":true,"href":"https:\/\/www.iemj.org\/es\/wp-json\/wp\/v2\/sujet?post=126748"},{"taxonomy":"formation","embeddable":true,"href":"https:\/\/www.iemj.org\/es\/wp-json\/wp\/v2\/formation?post=126748"},{"taxonomy":"genre","embeddable":true,"href":"https:\/\/www.iemj.org\/es\/wp-json\/wp\/v2\/genre?post=126748"},{"taxonomy":"fonds","embeddable":true,"href":"https:\/\/www.iemj.org\/es\/wp-json\/wp\/v2\/fonds?post=126748"},{"taxonomy":"tradition","embeddable":true,"href":"https:\/\/www.iemj.org\/es\/wp-json\/wp\/v2\/tradition?post=126748"},{"taxonomy":"type-de-contenu","embeddable":true,"href":"https:\/\/www.iemj.org\/es\/wp-json\/wp\/v2\/type-de-contenu?post=126748"},{"taxonomy":"interprete-compositeur","embeddable":true,"href":"https:\/\/www.iemj.org\/es\/wp-json\/wp\/v2\/interprete-compositeur?post=126748"},{"taxonomy":"frise","embeddable":true,"href":"https:\/\/www.iemj.org\/es\/wp-json\/wp\/v2\/frise?post=126748"},{"taxonomy":"type-devenement","embeddable":true,"href":"https:\/\/www.iemj.org\/es\/wp-json\/wp\/v2\/type-devenement?post=126748"},{"taxonomy":"tableaux-liens-externes","embeddable":true,"href":"https:\/\/www.iemj.org\/es\/wp-json\/wp\/v2\/tableaux-liens-externes?post=126748"}],"curies":[{"name":"wp","href":"https:\/\/api.w.org\/{rel}","templated":true}]}}