{"id":126860,"date":"2025-10-15T12:41:52","date_gmt":"2025-10-15T10:41:52","guid":{"rendered":"https:\/\/www.iemj.org\/bible-poems-jewish-prayer\/"},"modified":"2025-10-15T16:19:00","modified_gmt":"2025-10-15T14:19:00","slug":"bible-poems-jewish-prayer","status":"publish","type":"post","link":"https:\/\/www.iemj.org\/es\/bible-poems-jewish-prayer\/","title":{"rendered":"Bible poems &amp; Jewish prayer"},"content":{"rendered":"\n<p>Los CD <em>Bible poems<\/em> y <em>Jewish prayer<\/em>, publicados respectivamente en 2021 y 2012 por <a href=\"https:\/\/www.ambiente-audio.de\/main\/seite1.php?language=en&amp;filename=welcome.php&amp;layout=willkommmen\" target=\"_blank\" rel=\"noreferrer noopener\">Ambiente Audio<\/a> nos invitan a descubrir \u2014o redescubrir\u2014 las obras musicales de una quincena de compositores de los siglos XIX y XX, inspiradas en la liturgia jud\u00eda o en la Biblia, y escritas o arregladas para viola y \u00f3rgano.<\/p>\n\n\n\n<p>En la tradici\u00f3n jud\u00eda, el repertorio para \u00f3rgano e instrumento solista es generalmente limitado. Se encuentra menci\u00f3n del uso del \u00f3rgano a finales del siglo XVI y principios del XVII, especialmente en Praga. Pero habr\u00e1 que esperar a la \u00e9poca de la Ilustraci\u00f3n jud\u00eda (la Haskala) en los siglos XVIII y XIX para que este instrumento cristiano por excelencia se implante en las sinagogas reformadas de Alemania (1810 en Seesen), Francia (1851) y Europa del Este. Hoy en d\u00eda, el \u00f3rgano ya no se utiliza m\u00e1s en la mayor\u00eda de las sinagogas.<\/p>\n\n\n\n<p>Conscientes de este hecho, el violista Semjon Kalinowsky y el organista Tosten Laux reviven en sus CD <em>Bible poems<\/em> y <em>Jewish prayer<\/em> algunas piezas de este repertorio para \u00f3rgano (obras de <a href=\"https:\/\/www.iemj.org\/es\/lewandowski-louis-lazarus-1821-1894\/\">Louis Lewandowski<\/a>, Joseph Sulzer, Friedrich Gernsheim, Alain Jehan, <a href=\"https:\/\/www.iemj.org\/es\/halphen-fernand-1872-1917\/\">Fernand Halphen<\/a>\u2026) as\u00ed como arreglos de obras conocidas, como el Kol Nidre de Max Bruch, el Kaddish de Maurice Ravel o la Pri\u00e8re (Oraci\u00f3n) de <a href=\"https:\/\/www.iemj.org\/es\/bloch-ernest-1880-1959\/\">Ernest Bloch<\/a>. Estos dos CD tambi\u00e9n permiten descubrir a compositores menos conocidos, como Albert Kellermann, Joachim Stutschewsky, Jaromir Weinberger y Siegfried W\u00fcrzburger. Torsten Laux tambi\u00e9n interpreta dos de sus composiciones: <em>Meditation <\/em>y <em>Schalom<\/em>.<\/p>\n\n\n\n<div class=\"wp-block-columns are-vertically-aligned-center is-layout-flex wp-container-core-columns-is-layout-9d6595d7 wp-block-columns-is-layout-flex\">\n<div class=\"wp-block-column is-vertically-aligned-center is-layout-flow wp-block-column-is-layout-flow\"><div class=\"wp-block-image\">\n<figure class=\"aligncenter size-large is-resized\"><img decoding=\"async\" src=\"https:\/\/www.iemj.org\/wp-content\/uploads\/2025\/10\/Bible-Poems_COUV.jpg\" alt=\"\" style=\"aspect-ratio:1;object-fit:cover;width:470px;height:auto\"\/><\/figure>\n<\/div><\/div>\n\n\n\n<div class=\"wp-block-column is-vertically-aligned-center is-layout-flow wp-block-column-is-layout-flow\"><div class=\"wp-block-image\">\n<figure class=\"aligncenter size-large is-resized\"><img decoding=\"async\" src=\"https:\/\/www.iemj.org\/wp-content\/uploads\/2025\/10\/Jewish-prayer_COUV.jpg\" alt=\"\" style=\"aspect-ratio:1;object-fit:cover;width:454px;height:auto\"\/><\/figure>\n<\/div><\/div>\n<\/div>\n\n\n\n<p>Como destaca la <a href=\"https:\/\/www.iemj.org\/wp-content\/uploads\/2025\/10\/Musica-sacra-2023-4-S.-276.pdf\" target=\"_blank\" rel=\"noreferrer noopener\">revista <em>Musica Sacra (2023 \u2013 4)<\/em><\/a>, \u00abEste CD es fruto del di\u00e1logo judeocristiano. El violinista Semjon Kalinowsky, originario de Ucrania y residente desde hace a\u00f1os en L\u00fcbeck, se ha dedicado al redescubrimiento de las obras de compositores jud\u00edos (en particular, en 2021 public\u00f3 <a href=\"https:\/\/www.strube.de\/produkt\/prayer-of-remembrance\/\" target=\"_blank\" rel=\"noreferrer noopener\"><em>Prayer of Remembrance<\/em><\/a>, una recopilaci\u00f3n de obras para \u00f3rgano de compositores jud\u00edos). <em>Bible Poems<\/em> es su tercer CD, que incluye grabaciones de obras para viola y \u00f3rgano. La grabaci\u00f3n se realiz\u00f3 en el \u00f3rgano hist\u00f3rico Ibach de la iglesia de San Antonio en Fleckenberg. Este \u00f3rgano fue construido originalmente para la sinagoga de Aquisgr\u00e1n [en 1865] y no lleg\u00f3 a Fleckenberg hasta 1906. Esta circunstancia lo convierte en uno de los dos \u00f3rganos de sinagoga de Alemania que permanecieron intactos bajo el r\u00e9gimen nazi. Su disposici\u00f3n sigue siendo muy cl\u00e1sica. Solo muestra los primeros y t\u00edmidos signos de una est\u00e9tica sonora \u00abrom\u00e1ntica\u00bb. Por eso, lo que Torsten Laux consigue con este instrumento es a\u00fan m\u00e1s sorprendente. Con un enfoque sinf\u00f3nico, se convierte en un mago del sonido que fascina desde las primeras notas. La interpretaci\u00f3n de Kalinowski al viol\u00edn no se queda atr\u00e1s. Con un sonido \u00e1cido y melanc\u00f3lico, hace cantar las cuerdas, creando una extraordinaria interacci\u00f3n entre los dos m\u00fasicos.\u00a0\u00bb<\/p>\n\n\n\n<ul class=\"wp-block-list\">\n<li><a href=\"https:\/\/www.ambiente-audio.de\/main\/seite1.php?language=en&amp;filename=production.php&amp;bestnr=3057&amp;layout=katalog\" target=\"_blank\" rel=\"noreferrer noopener\">M\u00e1s informaci\u00f3n y pedido del CD Bible Poems (Poemas b\u00edblicos)<\/a><\/li>\n\n\n\n<li><a href=\"https:\/\/www.ambiente-audio.de\/main\/seite1.php?language=en&amp;filename=production.php&amp;bestnr=3014&amp;layout=katalog\" target=\"_blank\" rel=\"noreferrer noopener\">M\u00e1s informaci\u00f3n y pedido del CD Jewish prayer (Oraci\u00f3n jud\u00eda)<\/a><\/li>\n\n\n\n<li><a href=\"https:\/\/www.iemj.org\/es\/lorgue-dans-la-tradition-juive\/\" target=\"_blank\" rel=\"noreferrer noopener\">Leer el art\u00edculo El \u00f3rgano en la tradici\u00f3n jud\u00eda<\/a><\/li>\n<\/ul>\n\n\n\n<figure class=\"wp-block-image alignwide size-large\"><img fetchpriority=\"high\" decoding=\"async\" width=\"1024\" height=\"133\" src=\"https:\/\/www.iemj.org\/wp-content\/uploads\/2024\/03\/AUDIO-PLAYER-1024x133.png\" alt=\"\" class=\"wp-image-110608\" srcset=\"https:\/\/www.iemj.org\/wp-content\/uploads\/2024\/03\/AUDIO-PLAYER-1024x133.png 1024w, https:\/\/www.iemj.org\/wp-content\/uploads\/2024\/03\/AUDIO-PLAYER-300x39.png 300w, https:\/\/www.iemj.org\/wp-content\/uploads\/2024\/03\/AUDIO-PLAYER-768x100.png 768w, https:\/\/www.iemj.org\/wp-content\/uploads\/2024\/03\/AUDIO-PLAYER-600x78.png 600w, https:\/\/www.iemj.org\/wp-content\/uploads\/2024\/03\/AUDIO-PLAYER.png 1210w\" sizes=\"(max-width: 1024px) 100vw, 1024px\" \/><\/figure>\n\n\n\n<p class=\"has-text-align-center\"><strong>Escuchar extractos a continuaci\u00f3n<\/strong><\/p>\n\n\n\n<p><\/p>\n","protected":false},"excerpt":{"rendered":"<p>Los CD Bible poems y Jewish prayer, publicados respectivamente en 2021 y 2012 por Ambiente Audio nos invitan a descubrir \u2014o redescubrir\u2014 las obras musicales de una quincena de compositores<\/p>\n","protected":false},"author":5,"featured_media":126792,"comment_status":"closed","ping_status":"closed","sticky":false,"template":"","format":"standard","meta":{"_acf_changed":false,"footnotes":""},"categories":[1568,1565],"tags":[],"technique":[],"squelettes":[],"sujet":[],"formation":[],"genre":[],"fonds":[],"tradition":[],"type-de-contenu":[],"interprete-compositeur":[],"frise":[],"type-devenement":[],"tableaux-liens-externes":[],"class_list":["post-126860","post","type-post","status-publish","format-standard","has-post-thumbnail","hentry","category-cd-es","category-ultimas-adquisiciones-es"],"acf":[],"yoast_head":"<!-- This site is optimized with the Yoast SEO plugin v27.3 - https:\/\/yoast.com\/product\/yoast-seo-wordpress\/ -->\n<title>Bible poems &amp; Jewish prayer - Institut Europ\u00e9en des Musiques Juives<\/title>\n<meta name=\"robots\" content=\"index, follow, max-snippet:-1, max-image-preview:large, max-video-preview:-1\" \/>\n<link rel=\"canonical\" href=\"https:\/\/www.iemj.org\/es\/bible-poems-jewish-prayer\/\" \/>\n<meta property=\"og:locale\" content=\"es_ES\" \/>\n<meta property=\"og:type\" content=\"article\" \/>\n<meta property=\"og:title\" content=\"Bible poems &amp; Jewish prayer - Institut Europ\u00e9en des Musiques Juives\" \/>\n<meta property=\"og:description\" content=\"Los CD Bible poems y Jewish prayer, publicados respectivamente en 2021 y 2012 por Ambiente Audio nos invitan a descubrir \u2014o redescubrir\u2014 las obras musicales de una quincena de compositores\" \/>\n<meta property=\"og:url\" content=\"https:\/\/www.iemj.org\/es\/bible-poems-jewish-prayer\/\" \/>\n<meta property=\"og:site_name\" content=\"Institut Europ\u00e9en des Musiques Juives\" \/>\n<meta property=\"article:publisher\" content=\"https:\/\/www.facebook.com\/MusiquesJuives\/\" \/>\n<meta property=\"article:published_time\" content=\"2025-10-15T10:41:52+00:00\" \/>\n<meta property=\"article:modified_time\" content=\"2025-10-15T14:19:00+00:00\" \/>\n<meta property=\"og:image\" content=\"https:\/\/www.iemj.org\/wp-content\/uploads\/2025\/10\/Logo-CD_Bible-poems-Jewish-prayer.jpg\" \/>\n\t<meta property=\"og:image:width\" content=\"500\" \/>\n\t<meta property=\"og:image:height\" content=\"500\" \/>\n\t<meta property=\"og:image:type\" content=\"image\/jpeg\" \/>\n<meta name=\"author\" content=\"Jacqueline ROTEN\" \/>\n<meta name=\"twitter:card\" content=\"summary_large_image\" \/>\n<meta name=\"twitter:label1\" content=\"Escrito por\" \/>\n\t<meta name=\"twitter:data1\" content=\"Jacqueline ROTEN\" \/>\n\t<meta name=\"twitter:label2\" content=\"Tiempo de lectura\" \/>\n\t<meta name=\"twitter:data2\" content=\"4 minutos\" \/>\n<script type=\"application\/ld+json\" class=\"yoast-schema-graph\">{\"@context\":\"https:\\\/\\\/schema.org\",\"@graph\":[{\"@type\":\"Article\",\"@id\":\"https:\\\/\\\/www.iemj.org\\\/es\\\/bible-poems-jewish-prayer\\\/#article\",\"isPartOf\":{\"@id\":\"https:\\\/\\\/www.iemj.org\\\/es\\\/bible-poems-jewish-prayer\\\/\"},\"author\":{\"name\":\"Jacqueline ROTEN\",\"@id\":\"https:\\\/\\\/www.iemj.org\\\/es\\\/#\\\/schema\\\/person\\\/358e26c18aca017fcc4cc15437f7279c\"},\"headline\":\"Bible poems &amp; Jewish prayer\",\"datePublished\":\"2025-10-15T10:41:52+00:00\",\"dateModified\":\"2025-10-15T14:19:00+00:00\",\"mainEntityOfPage\":{\"@id\":\"https:\\\/\\\/www.iemj.org\\\/es\\\/bible-poems-jewish-prayer\\\/\"},\"wordCount\":526,\"publisher\":{\"@id\":\"https:\\\/\\\/www.iemj.org\\\/es\\\/#organization\"},\"image\":{\"@id\":\"https:\\\/\\\/www.iemj.org\\\/es\\\/bible-poems-jewish-prayer\\\/#primaryimage\"},\"thumbnailUrl\":\"https:\\\/\\\/www.iemj.org\\\/wp-content\\\/uploads\\\/2025\\\/10\\\/Logo-CD_Bible-poems-Jewish-prayer.jpg\",\"articleSection\":[\"CD\",\"\u00daltimas adquisiciones\"],\"inLanguage\":\"es\"},{\"@type\":\"WebPage\",\"@id\":\"https:\\\/\\\/www.iemj.org\\\/es\\\/bible-poems-jewish-prayer\\\/\",\"url\":\"https:\\\/\\\/www.iemj.org\\\/es\\\/bible-poems-jewish-prayer\\\/\",\"name\":\"Bible poems &amp; Jewish prayer - Institut Europ\u00e9en des Musiques Juives\",\"isPartOf\":{\"@id\":\"https:\\\/\\\/www.iemj.org\\\/es\\\/#website\"},\"primaryImageOfPage\":{\"@id\":\"https:\\\/\\\/www.iemj.org\\\/es\\\/bible-poems-jewish-prayer\\\/#primaryimage\"},\"image\":{\"@id\":\"https:\\\/\\\/www.iemj.org\\\/es\\\/bible-poems-jewish-prayer\\\/#primaryimage\"},\"thumbnailUrl\":\"https:\\\/\\\/www.iemj.org\\\/wp-content\\\/uploads\\\/2025\\\/10\\\/Logo-CD_Bible-poems-Jewish-prayer.jpg\",\"datePublished\":\"2025-10-15T10:41:52+00:00\",\"dateModified\":\"2025-10-15T14:19:00+00:00\",\"breadcrumb\":{\"@id\":\"https:\\\/\\\/www.iemj.org\\\/es\\\/bible-poems-jewish-prayer\\\/#breadcrumb\"},\"inLanguage\":\"es\",\"potentialAction\":[{\"@type\":\"ReadAction\",\"target\":[\"https:\\\/\\\/www.iemj.org\\\/es\\\/bible-poems-jewish-prayer\\\/\"]}]},{\"@type\":\"ImageObject\",\"inLanguage\":\"es\",\"@id\":\"https:\\\/\\\/www.iemj.org\\\/es\\\/bible-poems-jewish-prayer\\\/#primaryimage\",\"url\":\"https:\\\/\\\/www.iemj.org\\\/wp-content\\\/uploads\\\/2025\\\/10\\\/Logo-CD_Bible-poems-Jewish-prayer.jpg\",\"contentUrl\":\"https:\\\/\\\/www.iemj.org\\\/wp-content\\\/uploads\\\/2025\\\/10\\\/Logo-CD_Bible-poems-Jewish-prayer.jpg\",\"width\":500,\"height\":500},{\"@type\":\"BreadcrumbList\",\"@id\":\"https:\\\/\\\/www.iemj.org\\\/es\\\/bible-poems-jewish-prayer\\\/#breadcrumb\",\"itemListElement\":[{\"@type\":\"ListItem\",\"position\":1,\"name\":\"Accueil\",\"item\":\"https:\\\/\\\/www.iemj.org\\\/es\\\/\"},{\"@type\":\"ListItem\",\"position\":2,\"name\":\"Bible poems &amp; Jewish prayer\"}]},{\"@type\":\"WebSite\",\"@id\":\"https:\\\/\\\/www.iemj.org\\\/es\\\/#website\",\"url\":\"https:\\\/\\\/www.iemj.org\\\/es\\\/\",\"name\":\"Institut Europ\u00e9en des Musiques Juives\",\"description\":\"Des traditions musicales \u00e0 la port\u00e9e de tous\",\"publisher\":{\"@id\":\"https:\\\/\\\/www.iemj.org\\\/es\\\/#organization\"},\"potentialAction\":[{\"@type\":\"SearchAction\",\"target\":{\"@type\":\"EntryPoint\",\"urlTemplate\":\"https:\\\/\\\/www.iemj.org\\\/es\\\/?s={search_term_string}\"},\"query-input\":{\"@type\":\"PropertyValueSpecification\",\"valueRequired\":true,\"valueName\":\"search_term_string\"}}],\"inLanguage\":\"es\"},{\"@type\":\"Organization\",\"@id\":\"https:\\\/\\\/www.iemj.org\\\/es\\\/#organization\",\"name\":\"Institut Europ\u00e9en des Musiques Juives\",\"url\":\"https:\\\/\\\/www.iemj.org\\\/es\\\/\",\"logo\":{\"@type\":\"ImageObject\",\"inLanguage\":\"es\",\"@id\":\"https:\\\/\\\/www.iemj.org\\\/es\\\/#\\\/schema\\\/logo\\\/image\\\/\",\"url\":\"https:\\\/\\\/www.iemj.org\\\/wp-content\\\/uploads\\\/2021\\\/09\\\/Logo-IEMJ-Paypal.jpg\",\"contentUrl\":\"https:\\\/\\\/www.iemj.org\\\/wp-content\\\/uploads\\\/2021\\\/09\\\/Logo-IEMJ-Paypal.jpg\",\"width\":150,\"height\":50,\"caption\":\"Institut Europ\u00e9en des Musiques Juives\"},\"image\":{\"@id\":\"https:\\\/\\\/www.iemj.org\\\/es\\\/#\\\/schema\\\/logo\\\/image\\\/\"},\"sameAs\":[\"https:\\\/\\\/www.facebook.com\\\/MusiquesJuives\\\/\",\"https:\\\/\\\/www.instagram.com\\\/musiquesjuives\\\/\",\"https:\\\/\\\/www.youtube.com\\\/user\\\/musiquesjuives\"]},{\"@type\":\"Person\",\"@id\":\"https:\\\/\\\/www.iemj.org\\\/es\\\/#\\\/schema\\\/person\\\/358e26c18aca017fcc4cc15437f7279c\",\"name\":\"Jacqueline ROTEN\",\"image\":{\"@type\":\"ImageObject\",\"inLanguage\":\"es\",\"@id\":\"https:\\\/\\\/secure.gravatar.com\\\/avatar\\\/5964256d6c6957de3a3505278957e0fb2a35119ac47ea41827a65301213c810b?s=96&d=mm&r=g\",\"url\":\"https:\\\/\\\/secure.gravatar.com\\\/avatar\\\/5964256d6c6957de3a3505278957e0fb2a35119ac47ea41827a65301213c810b?s=96&d=mm&r=g\",\"contentUrl\":\"https:\\\/\\\/secure.gravatar.com\\\/avatar\\\/5964256d6c6957de3a3505278957e0fb2a35119ac47ea41827a65301213c810b?s=96&d=mm&r=g\",\"caption\":\"Jacqueline ROTEN\"}}]}<\/script>\n<!-- \/ Yoast SEO plugin. -->","yoast_head_json":{"title":"Bible poems &amp; Jewish prayer - Institut Europ\u00e9en des Musiques Juives","robots":{"index":"index","follow":"follow","max-snippet":"max-snippet:-1","max-image-preview":"max-image-preview:large","max-video-preview":"max-video-preview:-1"},"canonical":"https:\/\/www.iemj.org\/es\/bible-poems-jewish-prayer\/","og_locale":"es_ES","og_type":"article","og_title":"Bible poems &amp; Jewish prayer - Institut Europ\u00e9en des Musiques Juives","og_description":"Los CD Bible poems y Jewish prayer, publicados respectivamente en 2021 y 2012 por Ambiente Audio nos invitan a descubrir \u2014o redescubrir\u2014 las obras musicales de una quincena de compositores","og_url":"https:\/\/www.iemj.org\/es\/bible-poems-jewish-prayer\/","og_site_name":"Institut Europ\u00e9en des Musiques Juives","article_publisher":"https:\/\/www.facebook.com\/MusiquesJuives\/","article_published_time":"2025-10-15T10:41:52+00:00","article_modified_time":"2025-10-15T14:19:00+00:00","og_image":[{"width":500,"height":500,"url":"https:\/\/www.iemj.org\/wp-content\/uploads\/2025\/10\/Logo-CD_Bible-poems-Jewish-prayer.jpg","type":"image\/jpeg"}],"author":"Jacqueline ROTEN","twitter_card":"summary_large_image","twitter_misc":{"Escrito por":"Jacqueline ROTEN","Tiempo de lectura":"4 minutos"},"schema":{"@context":"https:\/\/schema.org","@graph":[{"@type":"Article","@id":"https:\/\/www.iemj.org\/es\/bible-poems-jewish-prayer\/#article","isPartOf":{"@id":"https:\/\/www.iemj.org\/es\/bible-poems-jewish-prayer\/"},"author":{"name":"Jacqueline ROTEN","@id":"https:\/\/www.iemj.org\/es\/#\/schema\/person\/358e26c18aca017fcc4cc15437f7279c"},"headline":"Bible poems &amp; Jewish prayer","datePublished":"2025-10-15T10:41:52+00:00","dateModified":"2025-10-15T14:19:00+00:00","mainEntityOfPage":{"@id":"https:\/\/www.iemj.org\/es\/bible-poems-jewish-prayer\/"},"wordCount":526,"publisher":{"@id":"https:\/\/www.iemj.org\/es\/#organization"},"image":{"@id":"https:\/\/www.iemj.org\/es\/bible-poems-jewish-prayer\/#primaryimage"},"thumbnailUrl":"https:\/\/www.iemj.org\/wp-content\/uploads\/2025\/10\/Logo-CD_Bible-poems-Jewish-prayer.jpg","articleSection":["CD","\u00daltimas adquisiciones"],"inLanguage":"es"},{"@type":"WebPage","@id":"https:\/\/www.iemj.org\/es\/bible-poems-jewish-prayer\/","url":"https:\/\/www.iemj.org\/es\/bible-poems-jewish-prayer\/","name":"Bible poems &amp; Jewish prayer - Institut Europ\u00e9en des Musiques Juives","isPartOf":{"@id":"https:\/\/www.iemj.org\/es\/#website"},"primaryImageOfPage":{"@id":"https:\/\/www.iemj.org\/es\/bible-poems-jewish-prayer\/#primaryimage"},"image":{"@id":"https:\/\/www.iemj.org\/es\/bible-poems-jewish-prayer\/#primaryimage"},"thumbnailUrl":"https:\/\/www.iemj.org\/wp-content\/uploads\/2025\/10\/Logo-CD_Bible-poems-Jewish-prayer.jpg","datePublished":"2025-10-15T10:41:52+00:00","dateModified":"2025-10-15T14:19:00+00:00","breadcrumb":{"@id":"https:\/\/www.iemj.org\/es\/bible-poems-jewish-prayer\/#breadcrumb"},"inLanguage":"es","potentialAction":[{"@type":"ReadAction","target":["https:\/\/www.iemj.org\/es\/bible-poems-jewish-prayer\/"]}]},{"@type":"ImageObject","inLanguage":"es","@id":"https:\/\/www.iemj.org\/es\/bible-poems-jewish-prayer\/#primaryimage","url":"https:\/\/www.iemj.org\/wp-content\/uploads\/2025\/10\/Logo-CD_Bible-poems-Jewish-prayer.jpg","contentUrl":"https:\/\/www.iemj.org\/wp-content\/uploads\/2025\/10\/Logo-CD_Bible-poems-Jewish-prayer.jpg","width":500,"height":500},{"@type":"BreadcrumbList","@id":"https:\/\/www.iemj.org\/es\/bible-poems-jewish-prayer\/#breadcrumb","itemListElement":[{"@type":"ListItem","position":1,"name":"Accueil","item":"https:\/\/www.iemj.org\/es\/"},{"@type":"ListItem","position":2,"name":"Bible poems &amp; Jewish prayer"}]},{"@type":"WebSite","@id":"https:\/\/www.iemj.org\/es\/#website","url":"https:\/\/www.iemj.org\/es\/","name":"Institut Europ\u00e9en des Musiques Juives","description":"Des traditions musicales \u00e0 la port\u00e9e de tous","publisher":{"@id":"https:\/\/www.iemj.org\/es\/#organization"},"potentialAction":[{"@type":"SearchAction","target":{"@type":"EntryPoint","urlTemplate":"https:\/\/www.iemj.org\/es\/?s={search_term_string}"},"query-input":{"@type":"PropertyValueSpecification","valueRequired":true,"valueName":"search_term_string"}}],"inLanguage":"es"},{"@type":"Organization","@id":"https:\/\/www.iemj.org\/es\/#organization","name":"Institut Europ\u00e9en des Musiques Juives","url":"https:\/\/www.iemj.org\/es\/","logo":{"@type":"ImageObject","inLanguage":"es","@id":"https:\/\/www.iemj.org\/es\/#\/schema\/logo\/image\/","url":"https:\/\/www.iemj.org\/wp-content\/uploads\/2021\/09\/Logo-IEMJ-Paypal.jpg","contentUrl":"https:\/\/www.iemj.org\/wp-content\/uploads\/2021\/09\/Logo-IEMJ-Paypal.jpg","width":150,"height":50,"caption":"Institut Europ\u00e9en des Musiques Juives"},"image":{"@id":"https:\/\/www.iemj.org\/es\/#\/schema\/logo\/image\/"},"sameAs":["https:\/\/www.facebook.com\/MusiquesJuives\/","https:\/\/www.instagram.com\/musiquesjuives\/","https:\/\/www.youtube.com\/user\/musiquesjuives"]},{"@type":"Person","@id":"https:\/\/www.iemj.org\/es\/#\/schema\/person\/358e26c18aca017fcc4cc15437f7279c","name":"Jacqueline ROTEN","image":{"@type":"ImageObject","inLanguage":"es","@id":"https:\/\/secure.gravatar.com\/avatar\/5964256d6c6957de3a3505278957e0fb2a35119ac47ea41827a65301213c810b?s=96&d=mm&r=g","url":"https:\/\/secure.gravatar.com\/avatar\/5964256d6c6957de3a3505278957e0fb2a35119ac47ea41827a65301213c810b?s=96&d=mm&r=g","contentUrl":"https:\/\/secure.gravatar.com\/avatar\/5964256d6c6957de3a3505278957e0fb2a35119ac47ea41827a65301213c810b?s=96&d=mm&r=g","caption":"Jacqueline ROTEN"}}]}},"_links":{"self":[{"href":"https:\/\/www.iemj.org\/es\/wp-json\/wp\/v2\/posts\/126860","targetHints":{"allow":["GET"]}}],"collection":[{"href":"https:\/\/www.iemj.org\/es\/wp-json\/wp\/v2\/posts"}],"about":[{"href":"https:\/\/www.iemj.org\/es\/wp-json\/wp\/v2\/types\/post"}],"author":[{"embeddable":true,"href":"https:\/\/www.iemj.org\/es\/wp-json\/wp\/v2\/users\/5"}],"replies":[{"embeddable":true,"href":"https:\/\/www.iemj.org\/es\/wp-json\/wp\/v2\/comments?post=126860"}],"version-history":[{"count":4,"href":"https:\/\/www.iemj.org\/es\/wp-json\/wp\/v2\/posts\/126860\/revisions"}],"predecessor-version":[{"id":126892,"href":"https:\/\/www.iemj.org\/es\/wp-json\/wp\/v2\/posts\/126860\/revisions\/126892"}],"wp:featuredmedia":[{"embeddable":true,"href":"https:\/\/www.iemj.org\/es\/wp-json\/wp\/v2\/media\/126792"}],"wp:attachment":[{"href":"https:\/\/www.iemj.org\/es\/wp-json\/wp\/v2\/media?parent=126860"}],"wp:term":[{"taxonomy":"category","embeddable":true,"href":"https:\/\/www.iemj.org\/es\/wp-json\/wp\/v2\/categories?post=126860"},{"taxonomy":"post_tag","embeddable":true,"href":"https:\/\/www.iemj.org\/es\/wp-json\/wp\/v2\/tags?post=126860"},{"taxonomy":"technique","embeddable":true,"href":"https:\/\/www.iemj.org\/es\/wp-json\/wp\/v2\/technique?post=126860"},{"taxonomy":"squelettes","embeddable":true,"href":"https:\/\/www.iemj.org\/es\/wp-json\/wp\/v2\/squelettes?post=126860"},{"taxonomy":"sujet","embeddable":true,"href":"https:\/\/www.iemj.org\/es\/wp-json\/wp\/v2\/sujet?post=126860"},{"taxonomy":"formation","embeddable":true,"href":"https:\/\/www.iemj.org\/es\/wp-json\/wp\/v2\/formation?post=126860"},{"taxonomy":"genre","embeddable":true,"href":"https:\/\/www.iemj.org\/es\/wp-json\/wp\/v2\/genre?post=126860"},{"taxonomy":"fonds","embeddable":true,"href":"https:\/\/www.iemj.org\/es\/wp-json\/wp\/v2\/fonds?post=126860"},{"taxonomy":"tradition","embeddable":true,"href":"https:\/\/www.iemj.org\/es\/wp-json\/wp\/v2\/tradition?post=126860"},{"taxonomy":"type-de-contenu","embeddable":true,"href":"https:\/\/www.iemj.org\/es\/wp-json\/wp\/v2\/type-de-contenu?post=126860"},{"taxonomy":"interprete-compositeur","embeddable":true,"href":"https:\/\/www.iemj.org\/es\/wp-json\/wp\/v2\/interprete-compositeur?post=126860"},{"taxonomy":"frise","embeddable":true,"href":"https:\/\/www.iemj.org\/es\/wp-json\/wp\/v2\/frise?post=126860"},{"taxonomy":"type-devenement","embeddable":true,"href":"https:\/\/www.iemj.org\/es\/wp-json\/wp\/v2\/type-devenement?post=126860"},{"taxonomy":"tableaux-liens-externes","embeddable":true,"href":"https:\/\/www.iemj.org\/es\/wp-json\/wp\/v2\/tableaux-liens-externes?post=126860"}],"curies":[{"name":"wp","href":"https:\/\/api.w.org\/{rel}","templated":true}]}}