{"id":128203,"date":"2025-11-19T17:29:41","date_gmt":"2025-11-19T16:29:41","guid":{"rendered":"https:\/\/www.iemj.org\/liturgie-juive-ashkenaze-andre-stora\/"},"modified":"2025-11-20T15:05:14","modified_gmt":"2025-11-20T14:05:14","slug":"liturgie-juive-ashkenaze-andre-stora","status":"publish","type":"post","link":"https:\/\/www.iemj.org\/es\/liturgie-juive-ashkenaze-andre-stora\/","title":{"rendered":"Liturgia Jud\u00eda Ashkenaz\u00ed &#8211; Andr\u00e9 Stora"},"content":{"rendered":"\n<h2 class=\"wp-block-heading\">C\u00e1nticos festivos, lectura de la Tor\u00e1<\/h2>\n\n\n\n<p>Andr\u00e9 Stora ha dedicado su vida a la liturgia, el canto y la transmisi\u00f3n.<\/p>\n\n\n\n<p>Tras ocupar el cargo de Ministro-Oficiante en la sinagoga de Saint-\u00c9tienne y, posteriormente, en la sinagoga de la Victoire, en Par\u00eds, Andr\u00e9 Stora desarroll\u00f3 la mayor parte de su carrera en la sinagoga de Nancy, donde form\u00f3 un coro juvenil, cre\u00f3 la tropa scout de los Eclaireurs Isra\u00e9lites de France y ocup\u00f3 el cargo de director del Talmud Torah.<\/p>\n\n\n\n<p>La p\u00e1gina web (en franc\u00e9s) <em>Liturgie Juive Ashk\u00e9naze<\/em> de Andr\u00e9 Stora, de gran riqueza en lo que se refiere a la liturgia ashkenaz\u00ed, ofrece, entre otras cosas, la posibilidad de descargar partituras de Samuel David, Louis Lewandowski, Joseph Sulzer o Samuel Naumbourg, para diferentes oficios y fiestas.<\/p>\n\n\n\n<div class=\"wp-block-buttons is-layout-flex wp-block-buttons-is-layout-flex\">\n<div class=\"wp-block-button\"><a class=\"wp-block-button__link has-white-color has-text-color has-background has-link-color wp-element-button\" href=\"https:\/\/andrestora.com\/\" style=\"background-color:#3c4b98\" target=\"_blank\" rel=\"noreferrer noopener\"><strong>Consultar el sitio web de Andr\u00e9 Stora &#8211; Liturgie Juive Ashk\u00e9naze<\/strong><\/a><\/div>\n<\/div>\n\n\n\n<p><\/p>\n","protected":false},"excerpt":{"rendered":"<p>C\u00e1nticos festivos, lectura de la Tor\u00e1 Andr\u00e9 Stora ha dedicado su vida a la liturgia, el canto y la transmisi\u00f3n. Tras ocupar el cargo de Ministro-Oficiante en la sinagoga de<\/p>\n","protected":false},"author":5,"featured_media":128191,"comment_status":"closed","ping_status":"closed","sticky":false,"template":"","format":"standard","meta":{"_acf_changed":false,"footnotes":""},"categories":[1424,2053],"tags":[],"technique":[],"squelettes":[],"sujet":[2101],"formation":[],"genre":[],"fonds":[],"tradition":[],"type-de-contenu":[],"interprete-compositeur":[],"frise":[],"type-devenement":[],"tableaux-liens-externes":[],"class_list":["post-128203","post","type-post","status-publish","format-standard","has-post-thumbnail","hentry","category-enlaces-externos-es","category-recursos-en-linea-es","sujet-alsacia-lorena-es"],"acf":[],"yoast_head":"<!-- This site is optimized with the Yoast SEO plugin v27.3 - https:\/\/yoast.com\/product\/yoast-seo-wordpress\/ -->\n<title>Liturgia Jud\u00eda Ashkenaz\u00ed - Andr\u00e9 Stora - Institut Europ\u00e9en des Musiques Juives<\/title>\n<meta name=\"robots\" content=\"index, follow, max-snippet:-1, max-image-preview:large, max-video-preview:-1\" \/>\n<link rel=\"canonical\" href=\"https:\/\/www.iemj.org\/es\/liturgie-juive-ashkenaze-andre-stora\/\" \/>\n<meta property=\"og:locale\" content=\"es_ES\" \/>\n<meta property=\"og:type\" content=\"article\" \/>\n<meta property=\"og:title\" content=\"Liturgia Jud\u00eda Ashkenaz\u00ed - Andr\u00e9 Stora - Institut Europ\u00e9en des Musiques Juives\" \/>\n<meta property=\"og:description\" content=\"C\u00e1nticos festivos, lectura de la Tor\u00e1 Andr\u00e9 Stora ha dedicado su vida a la liturgia, el canto y la transmisi\u00f3n. Tras ocupar el cargo de Ministro-Oficiante en la sinagoga de\" \/>\n<meta property=\"og:url\" content=\"https:\/\/www.iemj.org\/es\/liturgie-juive-ashkenaze-andre-stora\/\" \/>\n<meta property=\"og:site_name\" content=\"Institut Europ\u00e9en des Musiques Juives\" \/>\n<meta property=\"article:publisher\" content=\"https:\/\/www.facebook.com\/MusiquesJuives\/\" \/>\n<meta property=\"article:published_time\" content=\"2025-11-19T16:29:41+00:00\" \/>\n<meta property=\"article:modified_time\" content=\"2025-11-20T14:05:14+00:00\" \/>\n<meta property=\"og:image\" content=\"https:\/\/www.iemj.org\/wp-content\/uploads\/2025\/11\/Logo-Lien-externe-Liturgie-Juive-ashkenaze_Andre-Stora.jpg\" \/>\n\t<meta property=\"og:image:width\" content=\"859\" \/>\n\t<meta property=\"og:image:height\" content=\"241\" \/>\n\t<meta property=\"og:image:type\" content=\"image\/jpeg\" \/>\n<meta name=\"author\" content=\"Jacqueline ROTEN\" \/>\n<meta name=\"twitter:card\" content=\"summary_large_image\" \/>\n<meta name=\"twitter:label1\" content=\"Escrito por\" \/>\n\t<meta name=\"twitter:data1\" content=\"Jacqueline ROTEN\" \/>\n\t<meta name=\"twitter:label2\" content=\"Tiempo de lectura\" \/>\n\t<meta name=\"twitter:data2\" content=\"1 minuto\" \/>\n<script type=\"application\/ld+json\" class=\"yoast-schema-graph\">{\"@context\":\"https:\\\/\\\/schema.org\",\"@graph\":[{\"@type\":\"Article\",\"@id\":\"https:\\\/\\\/www.iemj.org\\\/es\\\/liturgie-juive-ashkenaze-andre-stora\\\/#article\",\"isPartOf\":{\"@id\":\"https:\\\/\\\/www.iemj.org\\\/es\\\/liturgie-juive-ashkenaze-andre-stora\\\/\"},\"author\":{\"name\":\"Jacqueline ROTEN\",\"@id\":\"https:\\\/\\\/www.iemj.org\\\/es\\\/#\\\/schema\\\/person\\\/358e26c18aca017fcc4cc15437f7279c\"},\"headline\":\"Liturgia Jud\u00eda Ashkenaz\u00ed &#8211; Andr\u00e9 Stora\",\"datePublished\":\"2025-11-19T16:29:41+00:00\",\"dateModified\":\"2025-11-20T14:05:14+00:00\",\"mainEntityOfPage\":{\"@id\":\"https:\\\/\\\/www.iemj.org\\\/es\\\/liturgie-juive-ashkenaze-andre-stora\\\/\"},\"wordCount\":153,\"publisher\":{\"@id\":\"https:\\\/\\\/www.iemj.org\\\/es\\\/#organization\"},\"image\":{\"@id\":\"https:\\\/\\\/www.iemj.org\\\/es\\\/liturgie-juive-ashkenaze-andre-stora\\\/#primaryimage\"},\"thumbnailUrl\":\"https:\\\/\\\/www.iemj.org\\\/wp-content\\\/uploads\\\/2025\\\/11\\\/Logo-Lien-externe-Liturgie-Juive-ashkenaze_Andre-Stora.jpg\",\"articleSection\":[\"Enlaces externos\",\"Recursos en l\u00ednea\"],\"inLanguage\":\"es\"},{\"@type\":\"WebPage\",\"@id\":\"https:\\\/\\\/www.iemj.org\\\/es\\\/liturgie-juive-ashkenaze-andre-stora\\\/\",\"url\":\"https:\\\/\\\/www.iemj.org\\\/es\\\/liturgie-juive-ashkenaze-andre-stora\\\/\",\"name\":\"Liturgia Jud\u00eda Ashkenaz\u00ed - Andr\u00e9 Stora - Institut Europ\u00e9en des Musiques Juives\",\"isPartOf\":{\"@id\":\"https:\\\/\\\/www.iemj.org\\\/es\\\/#website\"},\"primaryImageOfPage\":{\"@id\":\"https:\\\/\\\/www.iemj.org\\\/es\\\/liturgie-juive-ashkenaze-andre-stora\\\/#primaryimage\"},\"image\":{\"@id\":\"https:\\\/\\\/www.iemj.org\\\/es\\\/liturgie-juive-ashkenaze-andre-stora\\\/#primaryimage\"},\"thumbnailUrl\":\"https:\\\/\\\/www.iemj.org\\\/wp-content\\\/uploads\\\/2025\\\/11\\\/Logo-Lien-externe-Liturgie-Juive-ashkenaze_Andre-Stora.jpg\",\"datePublished\":\"2025-11-19T16:29:41+00:00\",\"dateModified\":\"2025-11-20T14:05:14+00:00\",\"breadcrumb\":{\"@id\":\"https:\\\/\\\/www.iemj.org\\\/es\\\/liturgie-juive-ashkenaze-andre-stora\\\/#breadcrumb\"},\"inLanguage\":\"es\",\"potentialAction\":[{\"@type\":\"ReadAction\",\"target\":[\"https:\\\/\\\/www.iemj.org\\\/es\\\/liturgie-juive-ashkenaze-andre-stora\\\/\"]}]},{\"@type\":\"ImageObject\",\"inLanguage\":\"es\",\"@id\":\"https:\\\/\\\/www.iemj.org\\\/es\\\/liturgie-juive-ashkenaze-andre-stora\\\/#primaryimage\",\"url\":\"https:\\\/\\\/www.iemj.org\\\/wp-content\\\/uploads\\\/2025\\\/11\\\/Logo-Lien-externe-Liturgie-Juive-ashkenaze_Andre-Stora.jpg\",\"contentUrl\":\"https:\\\/\\\/www.iemj.org\\\/wp-content\\\/uploads\\\/2025\\\/11\\\/Logo-Lien-externe-Liturgie-Juive-ashkenaze_Andre-Stora.jpg\",\"width\":859,\"height\":241},{\"@type\":\"BreadcrumbList\",\"@id\":\"https:\\\/\\\/www.iemj.org\\\/es\\\/liturgie-juive-ashkenaze-andre-stora\\\/#breadcrumb\",\"itemListElement\":[{\"@type\":\"ListItem\",\"position\":1,\"name\":\"Accueil\",\"item\":\"https:\\\/\\\/www.iemj.org\\\/es\\\/\"},{\"@type\":\"ListItem\",\"position\":2,\"name\":\"Liturgia Jud\u00eda Ashkenaz\u00ed &#8211; Andr\u00e9 Stora\"}]},{\"@type\":\"WebSite\",\"@id\":\"https:\\\/\\\/www.iemj.org\\\/es\\\/#website\",\"url\":\"https:\\\/\\\/www.iemj.org\\\/es\\\/\",\"name\":\"Institut Europ\u00e9en des Musiques Juives\",\"description\":\"Des traditions musicales \u00e0 la port\u00e9e de tous\",\"publisher\":{\"@id\":\"https:\\\/\\\/www.iemj.org\\\/es\\\/#organization\"},\"potentialAction\":[{\"@type\":\"SearchAction\",\"target\":{\"@type\":\"EntryPoint\",\"urlTemplate\":\"https:\\\/\\\/www.iemj.org\\\/es\\\/?s={search_term_string}\"},\"query-input\":{\"@type\":\"PropertyValueSpecification\",\"valueRequired\":true,\"valueName\":\"search_term_string\"}}],\"inLanguage\":\"es\"},{\"@type\":\"Organization\",\"@id\":\"https:\\\/\\\/www.iemj.org\\\/es\\\/#organization\",\"name\":\"Institut Europ\u00e9en des Musiques Juives\",\"url\":\"https:\\\/\\\/www.iemj.org\\\/es\\\/\",\"logo\":{\"@type\":\"ImageObject\",\"inLanguage\":\"es\",\"@id\":\"https:\\\/\\\/www.iemj.org\\\/es\\\/#\\\/schema\\\/logo\\\/image\\\/\",\"url\":\"https:\\\/\\\/www.iemj.org\\\/wp-content\\\/uploads\\\/2021\\\/09\\\/Logo-IEMJ-Paypal.jpg\",\"contentUrl\":\"https:\\\/\\\/www.iemj.org\\\/wp-content\\\/uploads\\\/2021\\\/09\\\/Logo-IEMJ-Paypal.jpg\",\"width\":150,\"height\":50,\"caption\":\"Institut Europ\u00e9en des Musiques Juives\"},\"image\":{\"@id\":\"https:\\\/\\\/www.iemj.org\\\/es\\\/#\\\/schema\\\/logo\\\/image\\\/\"},\"sameAs\":[\"https:\\\/\\\/www.facebook.com\\\/MusiquesJuives\\\/\",\"https:\\\/\\\/www.instagram.com\\\/musiquesjuives\\\/\",\"https:\\\/\\\/www.youtube.com\\\/user\\\/musiquesjuives\"]},{\"@type\":\"Person\",\"@id\":\"https:\\\/\\\/www.iemj.org\\\/es\\\/#\\\/schema\\\/person\\\/358e26c18aca017fcc4cc15437f7279c\",\"name\":\"Jacqueline ROTEN\",\"image\":{\"@type\":\"ImageObject\",\"inLanguage\":\"es\",\"@id\":\"https:\\\/\\\/secure.gravatar.com\\\/avatar\\\/5964256d6c6957de3a3505278957e0fb2a35119ac47ea41827a65301213c810b?s=96&d=mm&r=g\",\"url\":\"https:\\\/\\\/secure.gravatar.com\\\/avatar\\\/5964256d6c6957de3a3505278957e0fb2a35119ac47ea41827a65301213c810b?s=96&d=mm&r=g\",\"contentUrl\":\"https:\\\/\\\/secure.gravatar.com\\\/avatar\\\/5964256d6c6957de3a3505278957e0fb2a35119ac47ea41827a65301213c810b?s=96&d=mm&r=g\",\"caption\":\"Jacqueline ROTEN\"}}]}<\/script>\n<!-- \/ Yoast SEO plugin. -->","yoast_head_json":{"title":"Liturgia Jud\u00eda Ashkenaz\u00ed - Andr\u00e9 Stora - Institut Europ\u00e9en des Musiques Juives","robots":{"index":"index","follow":"follow","max-snippet":"max-snippet:-1","max-image-preview":"max-image-preview:large","max-video-preview":"max-video-preview:-1"},"canonical":"https:\/\/www.iemj.org\/es\/liturgie-juive-ashkenaze-andre-stora\/","og_locale":"es_ES","og_type":"article","og_title":"Liturgia Jud\u00eda Ashkenaz\u00ed - Andr\u00e9 Stora - Institut Europ\u00e9en des Musiques Juives","og_description":"C\u00e1nticos festivos, lectura de la Tor\u00e1 Andr\u00e9 Stora ha dedicado su vida a la liturgia, el canto y la transmisi\u00f3n. Tras ocupar el cargo de Ministro-Oficiante en la sinagoga de","og_url":"https:\/\/www.iemj.org\/es\/liturgie-juive-ashkenaze-andre-stora\/","og_site_name":"Institut Europ\u00e9en des Musiques Juives","article_publisher":"https:\/\/www.facebook.com\/MusiquesJuives\/","article_published_time":"2025-11-19T16:29:41+00:00","article_modified_time":"2025-11-20T14:05:14+00:00","og_image":[{"width":859,"height":241,"url":"https:\/\/www.iemj.org\/wp-content\/uploads\/2025\/11\/Logo-Lien-externe-Liturgie-Juive-ashkenaze_Andre-Stora.jpg","type":"image\/jpeg"}],"author":"Jacqueline ROTEN","twitter_card":"summary_large_image","twitter_misc":{"Escrito por":"Jacqueline ROTEN","Tiempo de lectura":"1 minuto"},"schema":{"@context":"https:\/\/schema.org","@graph":[{"@type":"Article","@id":"https:\/\/www.iemj.org\/es\/liturgie-juive-ashkenaze-andre-stora\/#article","isPartOf":{"@id":"https:\/\/www.iemj.org\/es\/liturgie-juive-ashkenaze-andre-stora\/"},"author":{"name":"Jacqueline ROTEN","@id":"https:\/\/www.iemj.org\/es\/#\/schema\/person\/358e26c18aca017fcc4cc15437f7279c"},"headline":"Liturgia Jud\u00eda Ashkenaz\u00ed &#8211; Andr\u00e9 Stora","datePublished":"2025-11-19T16:29:41+00:00","dateModified":"2025-11-20T14:05:14+00:00","mainEntityOfPage":{"@id":"https:\/\/www.iemj.org\/es\/liturgie-juive-ashkenaze-andre-stora\/"},"wordCount":153,"publisher":{"@id":"https:\/\/www.iemj.org\/es\/#organization"},"image":{"@id":"https:\/\/www.iemj.org\/es\/liturgie-juive-ashkenaze-andre-stora\/#primaryimage"},"thumbnailUrl":"https:\/\/www.iemj.org\/wp-content\/uploads\/2025\/11\/Logo-Lien-externe-Liturgie-Juive-ashkenaze_Andre-Stora.jpg","articleSection":["Enlaces externos","Recursos en l\u00ednea"],"inLanguage":"es"},{"@type":"WebPage","@id":"https:\/\/www.iemj.org\/es\/liturgie-juive-ashkenaze-andre-stora\/","url":"https:\/\/www.iemj.org\/es\/liturgie-juive-ashkenaze-andre-stora\/","name":"Liturgia Jud\u00eda Ashkenaz\u00ed - Andr\u00e9 Stora - Institut Europ\u00e9en des Musiques Juives","isPartOf":{"@id":"https:\/\/www.iemj.org\/es\/#website"},"primaryImageOfPage":{"@id":"https:\/\/www.iemj.org\/es\/liturgie-juive-ashkenaze-andre-stora\/#primaryimage"},"image":{"@id":"https:\/\/www.iemj.org\/es\/liturgie-juive-ashkenaze-andre-stora\/#primaryimage"},"thumbnailUrl":"https:\/\/www.iemj.org\/wp-content\/uploads\/2025\/11\/Logo-Lien-externe-Liturgie-Juive-ashkenaze_Andre-Stora.jpg","datePublished":"2025-11-19T16:29:41+00:00","dateModified":"2025-11-20T14:05:14+00:00","breadcrumb":{"@id":"https:\/\/www.iemj.org\/es\/liturgie-juive-ashkenaze-andre-stora\/#breadcrumb"},"inLanguage":"es","potentialAction":[{"@type":"ReadAction","target":["https:\/\/www.iemj.org\/es\/liturgie-juive-ashkenaze-andre-stora\/"]}]},{"@type":"ImageObject","inLanguage":"es","@id":"https:\/\/www.iemj.org\/es\/liturgie-juive-ashkenaze-andre-stora\/#primaryimage","url":"https:\/\/www.iemj.org\/wp-content\/uploads\/2025\/11\/Logo-Lien-externe-Liturgie-Juive-ashkenaze_Andre-Stora.jpg","contentUrl":"https:\/\/www.iemj.org\/wp-content\/uploads\/2025\/11\/Logo-Lien-externe-Liturgie-Juive-ashkenaze_Andre-Stora.jpg","width":859,"height":241},{"@type":"BreadcrumbList","@id":"https:\/\/www.iemj.org\/es\/liturgie-juive-ashkenaze-andre-stora\/#breadcrumb","itemListElement":[{"@type":"ListItem","position":1,"name":"Accueil","item":"https:\/\/www.iemj.org\/es\/"},{"@type":"ListItem","position":2,"name":"Liturgia Jud\u00eda Ashkenaz\u00ed &#8211; Andr\u00e9 Stora"}]},{"@type":"WebSite","@id":"https:\/\/www.iemj.org\/es\/#website","url":"https:\/\/www.iemj.org\/es\/","name":"Institut Europ\u00e9en des Musiques Juives","description":"Des traditions musicales \u00e0 la port\u00e9e de tous","publisher":{"@id":"https:\/\/www.iemj.org\/es\/#organization"},"potentialAction":[{"@type":"SearchAction","target":{"@type":"EntryPoint","urlTemplate":"https:\/\/www.iemj.org\/es\/?s={search_term_string}"},"query-input":{"@type":"PropertyValueSpecification","valueRequired":true,"valueName":"search_term_string"}}],"inLanguage":"es"},{"@type":"Organization","@id":"https:\/\/www.iemj.org\/es\/#organization","name":"Institut Europ\u00e9en des Musiques Juives","url":"https:\/\/www.iemj.org\/es\/","logo":{"@type":"ImageObject","inLanguage":"es","@id":"https:\/\/www.iemj.org\/es\/#\/schema\/logo\/image\/","url":"https:\/\/www.iemj.org\/wp-content\/uploads\/2021\/09\/Logo-IEMJ-Paypal.jpg","contentUrl":"https:\/\/www.iemj.org\/wp-content\/uploads\/2021\/09\/Logo-IEMJ-Paypal.jpg","width":150,"height":50,"caption":"Institut Europ\u00e9en des Musiques Juives"},"image":{"@id":"https:\/\/www.iemj.org\/es\/#\/schema\/logo\/image\/"},"sameAs":["https:\/\/www.facebook.com\/MusiquesJuives\/","https:\/\/www.instagram.com\/musiquesjuives\/","https:\/\/www.youtube.com\/user\/musiquesjuives"]},{"@type":"Person","@id":"https:\/\/www.iemj.org\/es\/#\/schema\/person\/358e26c18aca017fcc4cc15437f7279c","name":"Jacqueline ROTEN","image":{"@type":"ImageObject","inLanguage":"es","@id":"https:\/\/secure.gravatar.com\/avatar\/5964256d6c6957de3a3505278957e0fb2a35119ac47ea41827a65301213c810b?s=96&d=mm&r=g","url":"https:\/\/secure.gravatar.com\/avatar\/5964256d6c6957de3a3505278957e0fb2a35119ac47ea41827a65301213c810b?s=96&d=mm&r=g","contentUrl":"https:\/\/secure.gravatar.com\/avatar\/5964256d6c6957de3a3505278957e0fb2a35119ac47ea41827a65301213c810b?s=96&d=mm&r=g","caption":"Jacqueline ROTEN"}}]}},"_links":{"self":[{"href":"https:\/\/www.iemj.org\/es\/wp-json\/wp\/v2\/posts\/128203","targetHints":{"allow":["GET"]}}],"collection":[{"href":"https:\/\/www.iemj.org\/es\/wp-json\/wp\/v2\/posts"}],"about":[{"href":"https:\/\/www.iemj.org\/es\/wp-json\/wp\/v2\/types\/post"}],"author":[{"embeddable":true,"href":"https:\/\/www.iemj.org\/es\/wp-json\/wp\/v2\/users\/5"}],"replies":[{"embeddable":true,"href":"https:\/\/www.iemj.org\/es\/wp-json\/wp\/v2\/comments?post=128203"}],"version-history":[{"count":2,"href":"https:\/\/www.iemj.org\/es\/wp-json\/wp\/v2\/posts\/128203\/revisions"}],"predecessor-version":[{"id":128217,"href":"https:\/\/www.iemj.org\/es\/wp-json\/wp\/v2\/posts\/128203\/revisions\/128217"}],"wp:featuredmedia":[{"embeddable":true,"href":"https:\/\/www.iemj.org\/es\/wp-json\/wp\/v2\/media\/128191"}],"wp:attachment":[{"href":"https:\/\/www.iemj.org\/es\/wp-json\/wp\/v2\/media?parent=128203"}],"wp:term":[{"taxonomy":"category","embeddable":true,"href":"https:\/\/www.iemj.org\/es\/wp-json\/wp\/v2\/categories?post=128203"},{"taxonomy":"post_tag","embeddable":true,"href":"https:\/\/www.iemj.org\/es\/wp-json\/wp\/v2\/tags?post=128203"},{"taxonomy":"technique","embeddable":true,"href":"https:\/\/www.iemj.org\/es\/wp-json\/wp\/v2\/technique?post=128203"},{"taxonomy":"squelettes","embeddable":true,"href":"https:\/\/www.iemj.org\/es\/wp-json\/wp\/v2\/squelettes?post=128203"},{"taxonomy":"sujet","embeddable":true,"href":"https:\/\/www.iemj.org\/es\/wp-json\/wp\/v2\/sujet?post=128203"},{"taxonomy":"formation","embeddable":true,"href":"https:\/\/www.iemj.org\/es\/wp-json\/wp\/v2\/formation?post=128203"},{"taxonomy":"genre","embeddable":true,"href":"https:\/\/www.iemj.org\/es\/wp-json\/wp\/v2\/genre?post=128203"},{"taxonomy":"fonds","embeddable":true,"href":"https:\/\/www.iemj.org\/es\/wp-json\/wp\/v2\/fonds?post=128203"},{"taxonomy":"tradition","embeddable":true,"href":"https:\/\/www.iemj.org\/es\/wp-json\/wp\/v2\/tradition?post=128203"},{"taxonomy":"type-de-contenu","embeddable":true,"href":"https:\/\/www.iemj.org\/es\/wp-json\/wp\/v2\/type-de-contenu?post=128203"},{"taxonomy":"interprete-compositeur","embeddable":true,"href":"https:\/\/www.iemj.org\/es\/wp-json\/wp\/v2\/interprete-compositeur?post=128203"},{"taxonomy":"frise","embeddable":true,"href":"https:\/\/www.iemj.org\/es\/wp-json\/wp\/v2\/frise?post=128203"},{"taxonomy":"type-devenement","embeddable":true,"href":"https:\/\/www.iemj.org\/es\/wp-json\/wp\/v2\/type-devenement?post=128203"},{"taxonomy":"tableaux-liens-externes","embeddable":true,"href":"https:\/\/www.iemj.org\/es\/wp-json\/wp\/v2\/tableaux-liens-externes?post=128203"}],"curies":[{"name":"wp","href":"https:\/\/api.w.org\/{rel}","templated":true}]}}