{"id":128491,"date":"2025-12-02T12:42:14","date_gmt":"2025-12-02T11:42:14","guid":{"rendered":"https:\/\/www.iemj.org\/conference-les-traditions-musicales-hanouka-par-herve-roten\/"},"modified":"2025-12-10T11:21:32","modified_gmt":"2025-12-10T10:21:32","slug":"conference-les-traditions-musicales-hanouka-par-herve-roten","status":"publish","type":"post","link":"https:\/\/www.iemj.org\/es\/conference-les-traditions-musicales-hanouka-par-herve-roten\/","title":{"rendered":"TRADICIONES MUSICALES \u2013 Januc\u00e1, por Herv\u00e9 Roten"},"content":{"rendered":"\n<h1 class=\"wp-block-heading\"><strong>Conferencia organizada por el Institut Universitaire Elie Wiesel, en el marco de los Lundis de Wiesel<\/strong><\/h1>\n\n\n\n<h2 class=\"wp-block-heading has-text-align-center has-text-color has-link-color wp-elements-56bd662dbfb5473a52cddc54c4ad1d69\" style=\"color:#3c4b98\"><strong>Lunes 15 de diciembre de 2025 \u2013 19:00 a 20:30 h.<\/strong><\/h2>\n\n\n\n<h2 class=\"wp-block-heading has-text-align-center has-text-color has-link-color wp-elements-4aecca5da3484066a4bd2ba048ef4e21\" style=\"color:#3c4b98\"><strong>En Zoom y disponible en diferido<\/strong><\/h2>\n\n\n\n<p>Con la llegada de Januc\u00e1, sum\u00e9rjase en un viaje al coraz\u00f3n de la m\u00fasica jud\u00eda que celebra esta fiesta de las luces y los milagros.<br>Desde la m\u00fasica sefard\u00ed hasta la ashkenaz\u00ed, pasando por las tradiciones orientales y contempor\u00e1neas, Herv\u00e9 Roten revela c\u00f3mo estos cantos transmiten resistencia, identidad y alegr\u00eda, y narran la historia y la creatividad de las comunidades jud\u00edas a trav\u00e9s del tiempo y el espacio.<br>Una experiencia sonora y emocional en la que se unen la historia, la espiritualidad y la m\u00fasica.<\/p>\n\n\n<div class=\"wp-block-image\">\n<figure class=\"alignright size-full is-resized\"><img fetchpriority=\"high\" decoding=\"async\" width=\"932\" height=\"798\" src=\"https:\/\/www.iemj.org\/wp-content\/uploads\/2025\/12\/Image-sur-ZOOM.jpg\" alt=\"\" class=\"wp-image-128462\" style=\"width:169px;height:auto\" srcset=\"https:\/\/www.iemj.org\/wp-content\/uploads\/2025\/12\/Image-sur-ZOOM.jpg 932w, https:\/\/www.iemj.org\/wp-content\/uploads\/2025\/12\/Image-sur-ZOOM-300x257.jpg 300w, https:\/\/www.iemj.org\/wp-content\/uploads\/2025\/12\/Image-sur-ZOOM-768x658.jpg 768w, https:\/\/www.iemj.org\/wp-content\/uploads\/2025\/12\/Image-sur-ZOOM-600x514.jpg 600w\" sizes=\"(max-width: 932px) 100vw, 932px\" \/><\/figure>\n<\/div>\n\n\n<p><strong>Una cita musical para celebrar Januc\u00e1<\/strong> <strong>con sentido y emoci\u00f3n.<\/strong><\/p>\n\n\n\n<p><strong>Herv\u00e9 Roten<br><\/strong><em>Etnomusic\u00f3logo y especialista en m\u00fasicas jud\u00edas, Herv\u00e9 Roten es director del Instituto Europeo de M\u00fasicas Jud\u00edas. Desde hace casi treinta a\u00f1os, explora la diversidad de las tradiciones musicales jud\u00edas, entre la transmisi\u00f3n erudita y la cultura popular, haciendo resonar la memoria viva de las comunidades de todo el mundo.<\/em><\/p>\n\n\n\n<div style=\"height:5px\" aria-hidden=\"true\" class=\"wp-block-spacer\"><\/div>\n\n\n\n<div class=\"wp-block-columns is-layout-flex wp-container-core-columns-is-layout-9d6595d7 wp-block-columns-is-layout-flex\">\n<div class=\"wp-block-column is-layout-flow wp-block-column-is-layout-flow\" style=\"flex-basis:100%\">\n<div class=\"wp-block-buttons has-custom-font-size has-medium-font-size is-content-justification-center is-layout-flex wp-container-core-buttons-is-layout-16018d1d wp-block-buttons-is-layout-flex\">\n<div class=\"wp-block-button has-custom-width wp-block-button__width-50\"><a class=\"wp-block-button__link has-white-color has-text-color has-background has-link-color wp-element-button\" href=\"https:\/\/my.weezevent.com\/les-lundis-de-wiesel-2025-2026\" style=\"background-color:#3c4b98\" target=\"_blank\" rel=\"noreferrer noopener\"><strong>Inscripci\u00f3n en l\u00ednea<\/strong><\/a><\/div>\n<\/div>\n<\/div>\n<\/div>\n\n\n\n<div class=\"wp-block-columns are-vertically-aligned-center is-layout-flex wp-container-core-columns-is-layout-9d6595d7 wp-block-columns-is-layout-flex\">\n<div class=\"wp-block-column is-vertically-aligned-center is-layout-flow wp-block-column-is-layout-flow\">\n<figure class=\"wp-block-video\"><video height=\"640\" style=\"aspect-ratio: 640 \/ 640;\" width=\"640\" autoplay controls loop muted poster=\"https:\/\/www.iemj.org\/wp-content\/uploads\/2025\/12\/Image-pour-video-bougies.jpg\" src=\"https:\/\/www.iemj.org\/wp-content\/uploads\/2025\/12\/Hanouka-Video-bougies.mp4\" playsinline><\/video><\/figure>\n<\/div>\n\n\n\n<div class=\"wp-block-column is-vertically-aligned-center is-layout-flow wp-block-column-is-layout-flow\" style=\"flex-basis:50%\"><div class=\"wp-block-image\">\n<figure class=\"aligncenter size-full is-resized\"><a href=\"https:\/\/my.weezevent.com\/les-lundis-de-wiesel-2025-2026\" target=\"_blank\" rel=\" noreferrer noopener\"><img decoding=\"async\" width=\"549\" height=\"688\" src=\"https:\/\/www.iemj.org\/wp-content\/uploads\/2025\/12\/Affiche-Conf.-H-Roten-Elie-Wiesel-Hanouka.jpg\" alt=\"\" class=\"wp-image-128427\" style=\"width:289px;height:auto\" srcset=\"https:\/\/www.iemj.org\/wp-content\/uploads\/2025\/12\/Affiche-Conf.-H-Roten-Elie-Wiesel-Hanouka.jpg 549w, https:\/\/www.iemj.org\/wp-content\/uploads\/2025\/12\/Affiche-Conf.-H-Roten-Elie-Wiesel-Hanouka-239x300.jpg 239w\" sizes=\"(max-width: 549px) 100vw, 549px\" \/><\/a><\/figure>\n<\/div><\/div>\n<\/div>\n","protected":false},"excerpt":{"rendered":"<p>Conferencia organizada por el Institut Universitaire Elie Wiesel, en el marco de los Lundis de Wiesel Lunes 15 de diciembre de 2025 \u2013 19:00 a 20:30 h. En Zoom y<\/p>\n","protected":false},"author":5,"featured_media":128506,"comment_status":"closed","ping_status":"closed","sticky":false,"template":"","format":"standard","meta":{"_acf_changed":false,"footnotes":""},"categories":[1384,1372],"tags":[],"technique":[],"squelettes":[],"sujet":[1742],"formation":[],"genre":[],"fonds":[],"tradition":[],"type-de-contenu":[],"interprete-compositeur":[],"frise":[],"type-devenement":[],"tableaux-liens-externes":[],"class_list":["post-128491","post","type-post","status-publish","format-standard","has-post-thumbnail","hentry","category-clases-conferencias-es","category-manifestaciones-es","sujet-januca-es"],"acf":[],"yoast_head":"<!-- This site is optimized with the Yoast SEO plugin v27.3 - https:\/\/yoast.com\/product\/yoast-seo-wordpress\/ -->\n<title>TRADICIONES MUSICALES \u2013 Januc\u00e1, por Herv\u00e9 Roten - Institut Europ\u00e9en des Musiques Juives<\/title>\n<meta name=\"robots\" content=\"index, follow, max-snippet:-1, max-image-preview:large, max-video-preview:-1\" \/>\n<link rel=\"canonical\" href=\"https:\/\/www.iemj.org\/es\/conference-les-traditions-musicales-hanouka-par-herve-roten\/\" \/>\n<meta property=\"og:locale\" content=\"es_ES\" \/>\n<meta property=\"og:type\" content=\"article\" \/>\n<meta property=\"og:title\" content=\"TRADICIONES MUSICALES \u2013 Januc\u00e1, por Herv\u00e9 Roten - Institut Europ\u00e9en des Musiques Juives\" \/>\n<meta property=\"og:description\" content=\"Conferencia organizada por el Institut Universitaire Elie Wiesel, en el marco de los Lundis de Wiesel Lunes 15 de diciembre de 2025 \u2013 19:00 a 20:30 h. En Zoom y\" \/>\n<meta property=\"og:url\" content=\"https:\/\/www.iemj.org\/es\/conference-les-traditions-musicales-hanouka-par-herve-roten\/\" \/>\n<meta property=\"og:site_name\" content=\"Institut Europ\u00e9en des Musiques Juives\" \/>\n<meta property=\"article:publisher\" content=\"https:\/\/www.facebook.com\/MusiquesJuives\/\" \/>\n<meta property=\"article:published_time\" content=\"2025-12-02T11:42:14+00:00\" \/>\n<meta property=\"article:modified_time\" content=\"2025-12-10T10:21:32+00:00\" \/>\n<meta property=\"og:image\" content=\"https:\/\/www.iemj.org\/wp-content\/uploads\/2025\/12\/Logo-Conf.-Hanouka.jpg\" \/>\n\t<meta property=\"og:image:width\" content=\"500\" \/>\n\t<meta property=\"og:image:height\" content=\"500\" \/>\n\t<meta property=\"og:image:type\" content=\"image\/jpeg\" \/>\n<meta name=\"author\" content=\"Jacqueline ROTEN\" \/>\n<meta name=\"twitter:card\" content=\"summary_large_image\" \/>\n<meta name=\"twitter:label1\" content=\"Escrito por\" \/>\n\t<meta name=\"twitter:data1\" content=\"Jacqueline ROTEN\" \/>\n\t<meta name=\"twitter:label2\" content=\"Tiempo de lectura\" \/>\n\t<meta name=\"twitter:data2\" content=\"2 minutos\" \/>\n<script type=\"application\/ld+json\" class=\"yoast-schema-graph\">{\"@context\":\"https:\\\/\\\/schema.org\",\"@graph\":[{\"@type\":\"Article\",\"@id\":\"https:\\\/\\\/www.iemj.org\\\/es\\\/conference-les-traditions-musicales-hanouka-par-herve-roten\\\/#article\",\"isPartOf\":{\"@id\":\"https:\\\/\\\/www.iemj.org\\\/es\\\/conference-les-traditions-musicales-hanouka-par-herve-roten\\\/\"},\"author\":{\"name\":\"Jacqueline ROTEN\",\"@id\":\"https:\\\/\\\/www.iemj.org\\\/es\\\/#\\\/schema\\\/person\\\/358e26c18aca017fcc4cc15437f7279c\"},\"headline\":\"TRADICIONES MUSICALES \u2013 Januc\u00e1, por Herv\u00e9 Roten\",\"datePublished\":\"2025-12-02T11:42:14+00:00\",\"dateModified\":\"2025-12-10T10:21:32+00:00\",\"mainEntityOfPage\":{\"@id\":\"https:\\\/\\\/www.iemj.org\\\/es\\\/conference-les-traditions-musicales-hanouka-par-herve-roten\\\/\"},\"wordCount\":205,\"publisher\":{\"@id\":\"https:\\\/\\\/www.iemj.org\\\/es\\\/#organization\"},\"image\":{\"@id\":\"https:\\\/\\\/www.iemj.org\\\/es\\\/conference-les-traditions-musicales-hanouka-par-herve-roten\\\/#primaryimage\"},\"thumbnailUrl\":\"https:\\\/\\\/www.iemj.org\\\/wp-content\\\/uploads\\\/2025\\\/12\\\/Logo-Conf.-Hanouka.jpg\",\"articleSection\":[\"Clases \\\/ Conferencias\",\"Manifestaciones\"],\"inLanguage\":\"es\"},{\"@type\":\"WebPage\",\"@id\":\"https:\\\/\\\/www.iemj.org\\\/es\\\/conference-les-traditions-musicales-hanouka-par-herve-roten\\\/\",\"url\":\"https:\\\/\\\/www.iemj.org\\\/es\\\/conference-les-traditions-musicales-hanouka-par-herve-roten\\\/\",\"name\":\"TRADICIONES MUSICALES \u2013 Januc\u00e1, por Herv\u00e9 Roten - Institut Europ\u00e9en des Musiques Juives\",\"isPartOf\":{\"@id\":\"https:\\\/\\\/www.iemj.org\\\/es\\\/#website\"},\"primaryImageOfPage\":{\"@id\":\"https:\\\/\\\/www.iemj.org\\\/es\\\/conference-les-traditions-musicales-hanouka-par-herve-roten\\\/#primaryimage\"},\"image\":{\"@id\":\"https:\\\/\\\/www.iemj.org\\\/es\\\/conference-les-traditions-musicales-hanouka-par-herve-roten\\\/#primaryimage\"},\"thumbnailUrl\":\"https:\\\/\\\/www.iemj.org\\\/wp-content\\\/uploads\\\/2025\\\/12\\\/Logo-Conf.-Hanouka.jpg\",\"datePublished\":\"2025-12-02T11:42:14+00:00\",\"dateModified\":\"2025-12-10T10:21:32+00:00\",\"breadcrumb\":{\"@id\":\"https:\\\/\\\/www.iemj.org\\\/es\\\/conference-les-traditions-musicales-hanouka-par-herve-roten\\\/#breadcrumb\"},\"inLanguage\":\"es\",\"potentialAction\":[{\"@type\":\"ReadAction\",\"target\":[\"https:\\\/\\\/www.iemj.org\\\/es\\\/conference-les-traditions-musicales-hanouka-par-herve-roten\\\/\"]}]},{\"@type\":\"ImageObject\",\"inLanguage\":\"es\",\"@id\":\"https:\\\/\\\/www.iemj.org\\\/es\\\/conference-les-traditions-musicales-hanouka-par-herve-roten\\\/#primaryimage\",\"url\":\"https:\\\/\\\/www.iemj.org\\\/wp-content\\\/uploads\\\/2025\\\/12\\\/Logo-Conf.-Hanouka.jpg\",\"contentUrl\":\"https:\\\/\\\/www.iemj.org\\\/wp-content\\\/uploads\\\/2025\\\/12\\\/Logo-Conf.-Hanouka.jpg\",\"width\":500,\"height\":500},{\"@type\":\"BreadcrumbList\",\"@id\":\"https:\\\/\\\/www.iemj.org\\\/es\\\/conference-les-traditions-musicales-hanouka-par-herve-roten\\\/#breadcrumb\",\"itemListElement\":[{\"@type\":\"ListItem\",\"position\":1,\"name\":\"Accueil\",\"item\":\"https:\\\/\\\/www.iemj.org\\\/es\\\/\"},{\"@type\":\"ListItem\",\"position\":2,\"name\":\"TRADICIONES MUSICALES \u2013 Januc\u00e1, por Herv\u00e9 Roten\"}]},{\"@type\":\"WebSite\",\"@id\":\"https:\\\/\\\/www.iemj.org\\\/es\\\/#website\",\"url\":\"https:\\\/\\\/www.iemj.org\\\/es\\\/\",\"name\":\"Institut Europ\u00e9en des Musiques Juives\",\"description\":\"Des traditions musicales \u00e0 la port\u00e9e de tous\",\"publisher\":{\"@id\":\"https:\\\/\\\/www.iemj.org\\\/es\\\/#organization\"},\"potentialAction\":[{\"@type\":\"SearchAction\",\"target\":{\"@type\":\"EntryPoint\",\"urlTemplate\":\"https:\\\/\\\/www.iemj.org\\\/es\\\/?s={search_term_string}\"},\"query-input\":{\"@type\":\"PropertyValueSpecification\",\"valueRequired\":true,\"valueName\":\"search_term_string\"}}],\"inLanguage\":\"es\"},{\"@type\":\"Organization\",\"@id\":\"https:\\\/\\\/www.iemj.org\\\/es\\\/#organization\",\"name\":\"Institut Europ\u00e9en des Musiques Juives\",\"url\":\"https:\\\/\\\/www.iemj.org\\\/es\\\/\",\"logo\":{\"@type\":\"ImageObject\",\"inLanguage\":\"es\",\"@id\":\"https:\\\/\\\/www.iemj.org\\\/es\\\/#\\\/schema\\\/logo\\\/image\\\/\",\"url\":\"https:\\\/\\\/www.iemj.org\\\/wp-content\\\/uploads\\\/2021\\\/09\\\/Logo-IEMJ-Paypal.jpg\",\"contentUrl\":\"https:\\\/\\\/www.iemj.org\\\/wp-content\\\/uploads\\\/2021\\\/09\\\/Logo-IEMJ-Paypal.jpg\",\"width\":150,\"height\":50,\"caption\":\"Institut Europ\u00e9en des Musiques Juives\"},\"image\":{\"@id\":\"https:\\\/\\\/www.iemj.org\\\/es\\\/#\\\/schema\\\/logo\\\/image\\\/\"},\"sameAs\":[\"https:\\\/\\\/www.facebook.com\\\/MusiquesJuives\\\/\",\"https:\\\/\\\/www.instagram.com\\\/musiquesjuives\\\/\",\"https:\\\/\\\/www.youtube.com\\\/user\\\/musiquesjuives\"]},{\"@type\":\"Person\",\"@id\":\"https:\\\/\\\/www.iemj.org\\\/es\\\/#\\\/schema\\\/person\\\/358e26c18aca017fcc4cc15437f7279c\",\"name\":\"Jacqueline ROTEN\",\"image\":{\"@type\":\"ImageObject\",\"inLanguage\":\"es\",\"@id\":\"https:\\\/\\\/secure.gravatar.com\\\/avatar\\\/5964256d6c6957de3a3505278957e0fb2a35119ac47ea41827a65301213c810b?s=96&d=mm&r=g\",\"url\":\"https:\\\/\\\/secure.gravatar.com\\\/avatar\\\/5964256d6c6957de3a3505278957e0fb2a35119ac47ea41827a65301213c810b?s=96&d=mm&r=g\",\"contentUrl\":\"https:\\\/\\\/secure.gravatar.com\\\/avatar\\\/5964256d6c6957de3a3505278957e0fb2a35119ac47ea41827a65301213c810b?s=96&d=mm&r=g\",\"caption\":\"Jacqueline ROTEN\"}}]}<\/script>\n<!-- \/ Yoast SEO plugin. -->","yoast_head_json":{"title":"TRADICIONES MUSICALES \u2013 Januc\u00e1, por Herv\u00e9 Roten - Institut Europ\u00e9en des Musiques Juives","robots":{"index":"index","follow":"follow","max-snippet":"max-snippet:-1","max-image-preview":"max-image-preview:large","max-video-preview":"max-video-preview:-1"},"canonical":"https:\/\/www.iemj.org\/es\/conference-les-traditions-musicales-hanouka-par-herve-roten\/","og_locale":"es_ES","og_type":"article","og_title":"TRADICIONES MUSICALES \u2013 Januc\u00e1, por Herv\u00e9 Roten - Institut Europ\u00e9en des Musiques Juives","og_description":"Conferencia organizada por el Institut Universitaire Elie Wiesel, en el marco de los Lundis de Wiesel Lunes 15 de diciembre de 2025 \u2013 19:00 a 20:30 h. En Zoom y","og_url":"https:\/\/www.iemj.org\/es\/conference-les-traditions-musicales-hanouka-par-herve-roten\/","og_site_name":"Institut Europ\u00e9en des Musiques Juives","article_publisher":"https:\/\/www.facebook.com\/MusiquesJuives\/","article_published_time":"2025-12-02T11:42:14+00:00","article_modified_time":"2025-12-10T10:21:32+00:00","og_image":[{"width":500,"height":500,"url":"https:\/\/www.iemj.org\/wp-content\/uploads\/2025\/12\/Logo-Conf.-Hanouka.jpg","type":"image\/jpeg"}],"author":"Jacqueline ROTEN","twitter_card":"summary_large_image","twitter_misc":{"Escrito por":"Jacqueline ROTEN","Tiempo de lectura":"2 minutos"},"schema":{"@context":"https:\/\/schema.org","@graph":[{"@type":"Article","@id":"https:\/\/www.iemj.org\/es\/conference-les-traditions-musicales-hanouka-par-herve-roten\/#article","isPartOf":{"@id":"https:\/\/www.iemj.org\/es\/conference-les-traditions-musicales-hanouka-par-herve-roten\/"},"author":{"name":"Jacqueline ROTEN","@id":"https:\/\/www.iemj.org\/es\/#\/schema\/person\/358e26c18aca017fcc4cc15437f7279c"},"headline":"TRADICIONES MUSICALES \u2013 Januc\u00e1, por Herv\u00e9 Roten","datePublished":"2025-12-02T11:42:14+00:00","dateModified":"2025-12-10T10:21:32+00:00","mainEntityOfPage":{"@id":"https:\/\/www.iemj.org\/es\/conference-les-traditions-musicales-hanouka-par-herve-roten\/"},"wordCount":205,"publisher":{"@id":"https:\/\/www.iemj.org\/es\/#organization"},"image":{"@id":"https:\/\/www.iemj.org\/es\/conference-les-traditions-musicales-hanouka-par-herve-roten\/#primaryimage"},"thumbnailUrl":"https:\/\/www.iemj.org\/wp-content\/uploads\/2025\/12\/Logo-Conf.-Hanouka.jpg","articleSection":["Clases \/ Conferencias","Manifestaciones"],"inLanguage":"es"},{"@type":"WebPage","@id":"https:\/\/www.iemj.org\/es\/conference-les-traditions-musicales-hanouka-par-herve-roten\/","url":"https:\/\/www.iemj.org\/es\/conference-les-traditions-musicales-hanouka-par-herve-roten\/","name":"TRADICIONES MUSICALES \u2013 Januc\u00e1, por Herv\u00e9 Roten - Institut Europ\u00e9en des Musiques Juives","isPartOf":{"@id":"https:\/\/www.iemj.org\/es\/#website"},"primaryImageOfPage":{"@id":"https:\/\/www.iemj.org\/es\/conference-les-traditions-musicales-hanouka-par-herve-roten\/#primaryimage"},"image":{"@id":"https:\/\/www.iemj.org\/es\/conference-les-traditions-musicales-hanouka-par-herve-roten\/#primaryimage"},"thumbnailUrl":"https:\/\/www.iemj.org\/wp-content\/uploads\/2025\/12\/Logo-Conf.-Hanouka.jpg","datePublished":"2025-12-02T11:42:14+00:00","dateModified":"2025-12-10T10:21:32+00:00","breadcrumb":{"@id":"https:\/\/www.iemj.org\/es\/conference-les-traditions-musicales-hanouka-par-herve-roten\/#breadcrumb"},"inLanguage":"es","potentialAction":[{"@type":"ReadAction","target":["https:\/\/www.iemj.org\/es\/conference-les-traditions-musicales-hanouka-par-herve-roten\/"]}]},{"@type":"ImageObject","inLanguage":"es","@id":"https:\/\/www.iemj.org\/es\/conference-les-traditions-musicales-hanouka-par-herve-roten\/#primaryimage","url":"https:\/\/www.iemj.org\/wp-content\/uploads\/2025\/12\/Logo-Conf.-Hanouka.jpg","contentUrl":"https:\/\/www.iemj.org\/wp-content\/uploads\/2025\/12\/Logo-Conf.-Hanouka.jpg","width":500,"height":500},{"@type":"BreadcrumbList","@id":"https:\/\/www.iemj.org\/es\/conference-les-traditions-musicales-hanouka-par-herve-roten\/#breadcrumb","itemListElement":[{"@type":"ListItem","position":1,"name":"Accueil","item":"https:\/\/www.iemj.org\/es\/"},{"@type":"ListItem","position":2,"name":"TRADICIONES MUSICALES \u2013 Januc\u00e1, por Herv\u00e9 Roten"}]},{"@type":"WebSite","@id":"https:\/\/www.iemj.org\/es\/#website","url":"https:\/\/www.iemj.org\/es\/","name":"Institut Europ\u00e9en des Musiques Juives","description":"Des traditions musicales \u00e0 la port\u00e9e de tous","publisher":{"@id":"https:\/\/www.iemj.org\/es\/#organization"},"potentialAction":[{"@type":"SearchAction","target":{"@type":"EntryPoint","urlTemplate":"https:\/\/www.iemj.org\/es\/?s={search_term_string}"},"query-input":{"@type":"PropertyValueSpecification","valueRequired":true,"valueName":"search_term_string"}}],"inLanguage":"es"},{"@type":"Organization","@id":"https:\/\/www.iemj.org\/es\/#organization","name":"Institut Europ\u00e9en des Musiques Juives","url":"https:\/\/www.iemj.org\/es\/","logo":{"@type":"ImageObject","inLanguage":"es","@id":"https:\/\/www.iemj.org\/es\/#\/schema\/logo\/image\/","url":"https:\/\/www.iemj.org\/wp-content\/uploads\/2021\/09\/Logo-IEMJ-Paypal.jpg","contentUrl":"https:\/\/www.iemj.org\/wp-content\/uploads\/2021\/09\/Logo-IEMJ-Paypal.jpg","width":150,"height":50,"caption":"Institut Europ\u00e9en des Musiques Juives"},"image":{"@id":"https:\/\/www.iemj.org\/es\/#\/schema\/logo\/image\/"},"sameAs":["https:\/\/www.facebook.com\/MusiquesJuives\/","https:\/\/www.instagram.com\/musiquesjuives\/","https:\/\/www.youtube.com\/user\/musiquesjuives"]},{"@type":"Person","@id":"https:\/\/www.iemj.org\/es\/#\/schema\/person\/358e26c18aca017fcc4cc15437f7279c","name":"Jacqueline ROTEN","image":{"@type":"ImageObject","inLanguage":"es","@id":"https:\/\/secure.gravatar.com\/avatar\/5964256d6c6957de3a3505278957e0fb2a35119ac47ea41827a65301213c810b?s=96&d=mm&r=g","url":"https:\/\/secure.gravatar.com\/avatar\/5964256d6c6957de3a3505278957e0fb2a35119ac47ea41827a65301213c810b?s=96&d=mm&r=g","contentUrl":"https:\/\/secure.gravatar.com\/avatar\/5964256d6c6957de3a3505278957e0fb2a35119ac47ea41827a65301213c810b?s=96&d=mm&r=g","caption":"Jacqueline ROTEN"}}]}},"_links":{"self":[{"href":"https:\/\/www.iemj.org\/es\/wp-json\/wp\/v2\/posts\/128491","targetHints":{"allow":["GET"]}}],"collection":[{"href":"https:\/\/www.iemj.org\/es\/wp-json\/wp\/v2\/posts"}],"about":[{"href":"https:\/\/www.iemj.org\/es\/wp-json\/wp\/v2\/types\/post"}],"author":[{"embeddable":true,"href":"https:\/\/www.iemj.org\/es\/wp-json\/wp\/v2\/users\/5"}],"replies":[{"embeddable":true,"href":"https:\/\/www.iemj.org\/es\/wp-json\/wp\/v2\/comments?post=128491"}],"version-history":[{"count":5,"href":"https:\/\/www.iemj.org\/es\/wp-json\/wp\/v2\/posts\/128491\/revisions"}],"predecessor-version":[{"id":128536,"href":"https:\/\/www.iemj.org\/es\/wp-json\/wp\/v2\/posts\/128491\/revisions\/128536"}],"wp:featuredmedia":[{"embeddable":true,"href":"https:\/\/www.iemj.org\/es\/wp-json\/wp\/v2\/media\/128506"}],"wp:attachment":[{"href":"https:\/\/www.iemj.org\/es\/wp-json\/wp\/v2\/media?parent=128491"}],"wp:term":[{"taxonomy":"category","embeddable":true,"href":"https:\/\/www.iemj.org\/es\/wp-json\/wp\/v2\/categories?post=128491"},{"taxonomy":"post_tag","embeddable":true,"href":"https:\/\/www.iemj.org\/es\/wp-json\/wp\/v2\/tags?post=128491"},{"taxonomy":"technique","embeddable":true,"href":"https:\/\/www.iemj.org\/es\/wp-json\/wp\/v2\/technique?post=128491"},{"taxonomy":"squelettes","embeddable":true,"href":"https:\/\/www.iemj.org\/es\/wp-json\/wp\/v2\/squelettes?post=128491"},{"taxonomy":"sujet","embeddable":true,"href":"https:\/\/www.iemj.org\/es\/wp-json\/wp\/v2\/sujet?post=128491"},{"taxonomy":"formation","embeddable":true,"href":"https:\/\/www.iemj.org\/es\/wp-json\/wp\/v2\/formation?post=128491"},{"taxonomy":"genre","embeddable":true,"href":"https:\/\/www.iemj.org\/es\/wp-json\/wp\/v2\/genre?post=128491"},{"taxonomy":"fonds","embeddable":true,"href":"https:\/\/www.iemj.org\/es\/wp-json\/wp\/v2\/fonds?post=128491"},{"taxonomy":"tradition","embeddable":true,"href":"https:\/\/www.iemj.org\/es\/wp-json\/wp\/v2\/tradition?post=128491"},{"taxonomy":"type-de-contenu","embeddable":true,"href":"https:\/\/www.iemj.org\/es\/wp-json\/wp\/v2\/type-de-contenu?post=128491"},{"taxonomy":"interprete-compositeur","embeddable":true,"href":"https:\/\/www.iemj.org\/es\/wp-json\/wp\/v2\/interprete-compositeur?post=128491"},{"taxonomy":"frise","embeddable":true,"href":"https:\/\/www.iemj.org\/es\/wp-json\/wp\/v2\/frise?post=128491"},{"taxonomy":"type-devenement","embeddable":true,"href":"https:\/\/www.iemj.org\/es\/wp-json\/wp\/v2\/type-devenement?post=128491"},{"taxonomy":"tableaux-liens-externes","embeddable":true,"href":"https:\/\/www.iemj.org\/es\/wp-json\/wp\/v2\/tableaux-liens-externes?post=128491"}],"curies":[{"name":"wp","href":"https:\/\/api.w.org\/{rel}","templated":true}]}}