{"id":128794,"date":"2026-01-07T18:40:53","date_gmt":"2026-01-07T17:40:53","guid":{"rendered":"https:\/\/www.iemj.org\/du-closel-amaury-1956-2024\/"},"modified":"2026-01-08T16:54:04","modified_gmt":"2026-01-08T15:54:04","slug":"du-closel-amaury-1956-2024","status":"publish","type":"post","link":"https:\/\/www.iemj.org\/es\/du-closel-amaury-1956-2024\/","title":{"rendered":"du Closel, Amaury (1956-2024)"},"content":{"rendered":"\n<h3 class=\"wp-block-heading\">El director de orquesta y compositor Amaury du Closel cre\u00f3 el Forum Voix Etouff\u00e9es (Foro Voces Silenciadas) y trabaj\u00f3 sin descanso para resucitar la m\u00fasica de artistas perseguidos por los reg\u00edmenes nazi y totalitarios.<\/h3>\n\n\n\n<!--more-->\n\n\n\n<p>Vien\u00e9s de coraz\u00f3n, Amaury du Closel naci\u00f3 el 6 de febrero de 1956 en Saint-Cloud.<\/p>\n\n\n\n<p>Estudia composici\u00f3n con Max Deutsch, direcci\u00f3n de orquesta en el Conservatorio Real de Mons con Alexandre Myrat y asiste a clases magistrales en Viena con Karl Oesterreicher y Sir Charles Mackerras. Durante la temporada 1984\/85, ocupa el puesto de director asistente de la Orquesta Sinf\u00f3nica y L\u00edrica de Nancy. En 1985, gan\u00f3 el II Concurso Internacional de Direcci\u00f3n de Orquesta \u00abMasterplayers\u00bb, en Lugano.<\/p>\n\n\n\n<p>El director de orquesta Amaury du Closel ha dirigido m\u00e1s de 80 conjuntos en Europa y Asia. Solo en la temporada 2022-23, ha actuado en el Concertgebouw de \u00c1msterdam, en la Filarm\u00f3nica de Berl\u00edn con la Berliner Symphoniker, ha realizado una gira por numerosos pa\u00edses europeos (Italia, Alemania, Austria, Lituania) y ha participado en varios festivales, entre ellos <em>Les Folles Journ\u00e9es de Nantes<\/em> y <em>el Festival de La Chaise-Dieu<\/em>.<\/p>\n\n\n\n<p>En 2018, cre\u00f3 la orquesta francesa <em>Les M\u00e9tamorphoses<\/em>, con la que ha ofrecido cerca de 120 representaciones, entre las que se incluyen nuevas producciones como <em>La Traviata<\/em>, de Giuseppe Verdi, o<em> Las bodas de F\u00edgaro<\/em>, de Mozart, en colaboraci\u00f3n con la compa\u00f1\u00eda l\u00edrica <em>Op\u00e9ra Nomade<\/em>, de la que es director musical desde el a\u00f1o 2000.<\/p>\n\n\n<div class=\"wp-block-image\">\n<figure class=\"aligncenter size-full\"><img fetchpriority=\"high\" decoding=\"async\" width=\"850\" height=\"352\" src=\"https:\/\/www.iemj.org\/wp-content\/uploads\/2026\/01\/Orchestre-les-metamorphoses_redim.jpg\" alt=\"\" class=\"wp-image-128688\" srcset=\"https:\/\/www.iemj.org\/wp-content\/uploads\/2026\/01\/Orchestre-les-metamorphoses_redim.jpg 850w, https:\/\/www.iemj.org\/wp-content\/uploads\/2026\/01\/Orchestre-les-metamorphoses_redim-300x124.jpg 300w, https:\/\/www.iemj.org\/wp-content\/uploads\/2026\/01\/Orchestre-les-metamorphoses_redim-768x318.jpg 768w, https:\/\/www.iemj.org\/wp-content\/uploads\/2026\/01\/Orchestre-les-metamorphoses_redim-600x248.jpg 600w\" sizes=\"(max-width: 850px) 100vw, 850px\" \/><figcaption class=\"wp-element-caption\"><strong>Orquesta<\/strong> <strong>les M\u00e9tamorphoses<\/strong><\/figcaption><\/figure>\n<\/div>\n\n\n<p>Paralelamente a su carrera como director de orquesta, Amaury du Closel tambi\u00e9n destaca como compositor: su cat\u00e1logo incluye una treintena de obras, entre las que se encuentran obras para orquesta, diversas piezas de m\u00fasica de c\u00e1mara y melod\u00edas. Una de sus obras, <em>Nahem<\/em>, estrenada en 2008 por el Klangforum Wien, rinde homenaje a las v\u00edctimas del Holocausto, cuya memoria no ha dejado de querer rehabilitar en el \u00e1mbito musical.<\/p>\n\n\n\n<p>Tambi\u00e9n compone m\u00fasica para cine, concretamente para las pel\u00edculas mudas <em>La D\u00e9cima Sinfon\u00eda<\/em>, de Abel Gance, y <em>Michel Strogoff<\/em>, de V. Tourjansky. Su \u00faltima obra, <em>Stolpersteine<\/em>, compuesta en 2021, se publicar\u00e1 en CD en 2023 (Music &amp; Politics, KMI).<\/p>\n\n\n\n<p>Por \u00faltimo, como music\u00f3logo, en 2005 publica <em>Les Voix \u00e9touff\u00e9es du Troisi\u00e8me Reich<\/em> (Las voces silenciadas del Tercer Reich), editado por Actes Sud, que obtiene el Premio al mejor ensayo del Sindicato de Cr\u00edticos Musicales y por el que ser\u00e1 condecorado con la <em>Goldenes Ehrenzeichen<\/em> de la Rep\u00fablica Federal de Austria en 2005 y con la <em>Verdienstkreuz am Bande<\/em> de la Rep\u00fablica Federal de Alemania en 2021. Este compromiso se tradujo en hechos, ese mismo a\u00f1o, con la creaci\u00f3n del <strong><a href=\"https:\/\/www.iemj.org\/es\/forum-voix-etouffees\/\" target=\"_blank\" rel=\"noreferrer noopener\">Forum Voix Etouff\u00e9es<\/a><\/strong>, una estructura dedicada a defender la memoria de los compositores y m\u00fasicos v\u00edctimas de los totalitarismos europeos del siglo XX, y en primer lugar de la barbarie nazi, a escala europea.<\/p>\n\n\n\n<p>El Foro Voces Silenciadas recibi\u00f3 en 2009 el Premio Golden Star de la Comisi\u00f3n Europea por la excelencia de su labor en materia de memoria hist\u00f3rica y sigue siendo, en la actualidad, uno de los principales proyectos del programa CERV (Programa de la Comisi\u00f3n Europea \u00abCiudadanos, igualdad, derechos y valores\u00bb), uno de cuyos pilares es la lucha contra la discriminaci\u00f3n.<\/p>\n\n\n\n<p>Cabe destacar que el compromiso de Amaury du Closel por redescubrir a estos compositores se materializ\u00f3, entre otras cosas, en un concierto celebrado en Auschwitz en abril de 2009, que dio lugar al documental \u00ab\u00c9l\u00e9gies d\u2019Auschwitz\u00bb (Eleg\u00edas de Auschwitz), del director Fr\u00e9d\u00e9ric Cristea.<\/p>\n\n\n\n<p>Amaury du Closel falleci\u00f3 el 7 de octubre de 2024 en Le Puy-en-Velay.<\/p>\n\n\n\n<p>Fuentes:<\/p>\n\n\n\n<ul class=\"wp-block-list\">\n<li><a href=\"https:\/\/www.iemj.org\/es\/forum-voix-etouffees\/\" target=\"_blank\" rel=\"noreferrer noopener\">Forum Voix Etouff\u00e9es<\/a><\/li>\n\n\n\n<li><a href=\"https:\/\/www.radiofrance.fr\/francemusique\/mort-d-amaury-du-closel-passeur-des-compositeurs-persecutes-et-oublies-9239910\" target=\"_blank\" rel=\"noreferrer noopener\">https:\/\/www.radiofrance.fr\/francemusique\/mort-d-amaury-du-closel-passeur-des-compositeurs-persecutes-et-oublies-9239910<\/a><\/li>\n\n\n\n<li><a href=\"https:\/\/symetrie.com\/fr\/auteurs\/amaury.du_closel\" target=\"_blank\" rel=\"noreferrer noopener\">https:\/\/symetrie.com\/fr\/auteurs\/amaury.du_closel<\/a><\/li>\n<\/ul>\n\n\n\n<div class=\"wp-block-buttons is-content-justification-center is-layout-flex wp-container-core-buttons-is-layout-16018d1d wp-block-buttons-is-layout-flex\">\n<div class=\"wp-block-button\"><a class=\"wp-block-button__link has-white-color has-text-color has-background has-link-color has-text-align-center wp-element-button\" href=\"http:\/\/www.rachelnet.net\/F\/?func=find-c&amp;ccl_term=WRD+%3D+du+closel&amp;local_base=iemcg\" style=\"background-color:#3c4b98\" target=\"_blank\" rel=\"noreferrer noopener\"><strong>Consulte todos nuestros contenidos sobre Amaury du Closel en nuestro cat\u00e1logo<\/strong><\/a><\/div>\n<\/div>\n\n\n\n<div class=\"wp-block-buttons is-layout-flex wp-block-buttons-is-layout-flex\"><\/div>\n\n\n\n<p><\/p>\n","protected":false},"excerpt":{"rendered":"<p>El director de orquesta y compositor Amaury du Closel cre\u00f3 el Forum Voix Etouff\u00e9es (Foro Voces Silenciadas) y trabaj\u00f3 sin descanso para resucitar la m\u00fasica de artistas perseguidos por los<\/p>\n","protected":false},"author":5,"featured_media":128687,"comment_status":"closed","ping_status":"closed","sticky":false,"template":"","format":"standard","meta":{"_acf_changed":false,"footnotes":""},"categories":[1417],"tags":[],"technique":[],"squelettes":[],"sujet":[],"formation":[],"genre":[],"fonds":[],"tradition":[],"type-de-contenu":[],"interprete-compositeur":[],"frise":[],"type-devenement":[],"tableaux-liens-externes":[],"class_list":["post-128794","post","type-post","status-publish","format-standard","has-post-thumbnail","hentry","category-biografias-es"],"acf":[],"yoast_head":"<!-- This site is optimized with the Yoast SEO plugin v27.3 - https:\/\/yoast.com\/product\/yoast-seo-wordpress\/ -->\n<title>du Closel, Amaury (1956-2024) - Institut Europ\u00e9en des Musiques Juives<\/title>\n<meta name=\"robots\" content=\"index, follow, max-snippet:-1, max-image-preview:large, max-video-preview:-1\" \/>\n<link rel=\"canonical\" href=\"https:\/\/www.iemj.org\/es\/du-closel-amaury-1956-2024\/\" \/>\n<meta property=\"og:locale\" content=\"es_ES\" \/>\n<meta property=\"og:type\" content=\"article\" \/>\n<meta property=\"og:title\" content=\"du Closel, Amaury (1956-2024) - Institut Europ\u00e9en des Musiques Juives\" \/>\n<meta property=\"og:description\" content=\"El director de orquesta y compositor Amaury du Closel cre\u00f3 el Forum Voix Etouff\u00e9es (Foro Voces Silenciadas) y trabaj\u00f3 sin descanso para resucitar la m\u00fasica de artistas perseguidos por los\" \/>\n<meta property=\"og:url\" content=\"https:\/\/www.iemj.org\/es\/du-closel-amaury-1956-2024\/\" \/>\n<meta property=\"og:site_name\" content=\"Institut Europ\u00e9en des Musiques Juives\" \/>\n<meta property=\"article:publisher\" content=\"https:\/\/www.facebook.com\/MusiquesJuives\/\" \/>\n<meta property=\"article:published_time\" content=\"2026-01-07T17:40:53+00:00\" \/>\n<meta property=\"article:modified_time\" content=\"2026-01-08T15:54:04+00:00\" \/>\n<meta property=\"og:image\" content=\"https:\/\/www.iemj.org\/wp-content\/uploads\/2026\/01\/Logo-Bio-Amaury-du-Closel.jpg\" \/>\n\t<meta property=\"og:image:width\" content=\"162\" \/>\n\t<meta property=\"og:image:height\" content=\"218\" \/>\n\t<meta property=\"og:image:type\" content=\"image\/jpeg\" \/>\n<meta name=\"author\" content=\"Jacqueline ROTEN\" \/>\n<meta name=\"twitter:card\" content=\"summary_large_image\" \/>\n<meta name=\"twitter:label1\" content=\"Escrito por\" \/>\n\t<meta name=\"twitter:data1\" content=\"Jacqueline ROTEN\" \/>\n\t<meta name=\"twitter:label2\" content=\"Tiempo de lectura\" \/>\n\t<meta name=\"twitter:data2\" content=\"4 minutos\" \/>\n<script type=\"application\/ld+json\" class=\"yoast-schema-graph\">{\"@context\":\"https:\\\/\\\/schema.org\",\"@graph\":[{\"@type\":\"Article\",\"@id\":\"https:\\\/\\\/www.iemj.org\\\/es\\\/du-closel-amaury-1956-2024\\\/#article\",\"isPartOf\":{\"@id\":\"https:\\\/\\\/www.iemj.org\\\/es\\\/du-closel-amaury-1956-2024\\\/\"},\"author\":{\"name\":\"Jacqueline ROTEN\",\"@id\":\"https:\\\/\\\/www.iemj.org\\\/es\\\/#\\\/schema\\\/person\\\/358e26c18aca017fcc4cc15437f7279c\"},\"headline\":\"du Closel, Amaury (1956-2024)\",\"datePublished\":\"2026-01-07T17:40:53+00:00\",\"dateModified\":\"2026-01-08T15:54:04+00:00\",\"mainEntityOfPage\":{\"@id\":\"https:\\\/\\\/www.iemj.org\\\/es\\\/du-closel-amaury-1956-2024\\\/\"},\"wordCount\":648,\"publisher\":{\"@id\":\"https:\\\/\\\/www.iemj.org\\\/es\\\/#organization\"},\"image\":{\"@id\":\"https:\\\/\\\/www.iemj.org\\\/es\\\/du-closel-amaury-1956-2024\\\/#primaryimage\"},\"thumbnailUrl\":\"https:\\\/\\\/www.iemj.org\\\/wp-content\\\/uploads\\\/2026\\\/01\\\/Logo-Bio-Amaury-du-Closel.jpg\",\"articleSection\":[\"Biograf\u00edas\"],\"inLanguage\":\"es\"},{\"@type\":\"WebPage\",\"@id\":\"https:\\\/\\\/www.iemj.org\\\/es\\\/du-closel-amaury-1956-2024\\\/\",\"url\":\"https:\\\/\\\/www.iemj.org\\\/es\\\/du-closel-amaury-1956-2024\\\/\",\"name\":\"du Closel, Amaury (1956-2024) - Institut Europ\u00e9en des Musiques Juives\",\"isPartOf\":{\"@id\":\"https:\\\/\\\/www.iemj.org\\\/es\\\/#website\"},\"primaryImageOfPage\":{\"@id\":\"https:\\\/\\\/www.iemj.org\\\/es\\\/du-closel-amaury-1956-2024\\\/#primaryimage\"},\"image\":{\"@id\":\"https:\\\/\\\/www.iemj.org\\\/es\\\/du-closel-amaury-1956-2024\\\/#primaryimage\"},\"thumbnailUrl\":\"https:\\\/\\\/www.iemj.org\\\/wp-content\\\/uploads\\\/2026\\\/01\\\/Logo-Bio-Amaury-du-Closel.jpg\",\"datePublished\":\"2026-01-07T17:40:53+00:00\",\"dateModified\":\"2026-01-08T15:54:04+00:00\",\"breadcrumb\":{\"@id\":\"https:\\\/\\\/www.iemj.org\\\/es\\\/du-closel-amaury-1956-2024\\\/#breadcrumb\"},\"inLanguage\":\"es\",\"potentialAction\":[{\"@type\":\"ReadAction\",\"target\":[\"https:\\\/\\\/www.iemj.org\\\/es\\\/du-closel-amaury-1956-2024\\\/\"]}]},{\"@type\":\"ImageObject\",\"inLanguage\":\"es\",\"@id\":\"https:\\\/\\\/www.iemj.org\\\/es\\\/du-closel-amaury-1956-2024\\\/#primaryimage\",\"url\":\"https:\\\/\\\/www.iemj.org\\\/wp-content\\\/uploads\\\/2026\\\/01\\\/Logo-Bio-Amaury-du-Closel.jpg\",\"contentUrl\":\"https:\\\/\\\/www.iemj.org\\\/wp-content\\\/uploads\\\/2026\\\/01\\\/Logo-Bio-Amaury-du-Closel.jpg\",\"width\":162,\"height\":218},{\"@type\":\"BreadcrumbList\",\"@id\":\"https:\\\/\\\/www.iemj.org\\\/es\\\/du-closel-amaury-1956-2024\\\/#breadcrumb\",\"itemListElement\":[{\"@type\":\"ListItem\",\"position\":1,\"name\":\"Accueil\",\"item\":\"https:\\\/\\\/www.iemj.org\\\/es\\\/\"},{\"@type\":\"ListItem\",\"position\":2,\"name\":\"du Closel, Amaury (1956-2024)\"}]},{\"@type\":\"WebSite\",\"@id\":\"https:\\\/\\\/www.iemj.org\\\/es\\\/#website\",\"url\":\"https:\\\/\\\/www.iemj.org\\\/es\\\/\",\"name\":\"Institut Europ\u00e9en des Musiques Juives\",\"description\":\"Des traditions musicales \u00e0 la port\u00e9e de tous\",\"publisher\":{\"@id\":\"https:\\\/\\\/www.iemj.org\\\/es\\\/#organization\"},\"potentialAction\":[{\"@type\":\"SearchAction\",\"target\":{\"@type\":\"EntryPoint\",\"urlTemplate\":\"https:\\\/\\\/www.iemj.org\\\/es\\\/?s={search_term_string}\"},\"query-input\":{\"@type\":\"PropertyValueSpecification\",\"valueRequired\":true,\"valueName\":\"search_term_string\"}}],\"inLanguage\":\"es\"},{\"@type\":\"Organization\",\"@id\":\"https:\\\/\\\/www.iemj.org\\\/es\\\/#organization\",\"name\":\"Institut Europ\u00e9en des Musiques Juives\",\"url\":\"https:\\\/\\\/www.iemj.org\\\/es\\\/\",\"logo\":{\"@type\":\"ImageObject\",\"inLanguage\":\"es\",\"@id\":\"https:\\\/\\\/www.iemj.org\\\/es\\\/#\\\/schema\\\/logo\\\/image\\\/\",\"url\":\"https:\\\/\\\/www.iemj.org\\\/wp-content\\\/uploads\\\/2021\\\/09\\\/Logo-IEMJ-Paypal.jpg\",\"contentUrl\":\"https:\\\/\\\/www.iemj.org\\\/wp-content\\\/uploads\\\/2021\\\/09\\\/Logo-IEMJ-Paypal.jpg\",\"width\":150,\"height\":50,\"caption\":\"Institut Europ\u00e9en des Musiques Juives\"},\"image\":{\"@id\":\"https:\\\/\\\/www.iemj.org\\\/es\\\/#\\\/schema\\\/logo\\\/image\\\/\"},\"sameAs\":[\"https:\\\/\\\/www.facebook.com\\\/MusiquesJuives\\\/\",\"https:\\\/\\\/www.instagram.com\\\/musiquesjuives\\\/\",\"https:\\\/\\\/www.youtube.com\\\/user\\\/musiquesjuives\"]},{\"@type\":\"Person\",\"@id\":\"https:\\\/\\\/www.iemj.org\\\/es\\\/#\\\/schema\\\/person\\\/358e26c18aca017fcc4cc15437f7279c\",\"name\":\"Jacqueline ROTEN\",\"image\":{\"@type\":\"ImageObject\",\"inLanguage\":\"es\",\"@id\":\"https:\\\/\\\/secure.gravatar.com\\\/avatar\\\/5964256d6c6957de3a3505278957e0fb2a35119ac47ea41827a65301213c810b?s=96&d=mm&r=g\",\"url\":\"https:\\\/\\\/secure.gravatar.com\\\/avatar\\\/5964256d6c6957de3a3505278957e0fb2a35119ac47ea41827a65301213c810b?s=96&d=mm&r=g\",\"contentUrl\":\"https:\\\/\\\/secure.gravatar.com\\\/avatar\\\/5964256d6c6957de3a3505278957e0fb2a35119ac47ea41827a65301213c810b?s=96&d=mm&r=g\",\"caption\":\"Jacqueline ROTEN\"}}]}<\/script>\n<!-- \/ Yoast SEO plugin. -->","yoast_head_json":{"title":"du Closel, Amaury (1956-2024) - Institut Europ\u00e9en des Musiques Juives","robots":{"index":"index","follow":"follow","max-snippet":"max-snippet:-1","max-image-preview":"max-image-preview:large","max-video-preview":"max-video-preview:-1"},"canonical":"https:\/\/www.iemj.org\/es\/du-closel-amaury-1956-2024\/","og_locale":"es_ES","og_type":"article","og_title":"du Closel, Amaury (1956-2024) - Institut Europ\u00e9en des Musiques Juives","og_description":"El director de orquesta y compositor Amaury du Closel cre\u00f3 el Forum Voix Etouff\u00e9es (Foro Voces Silenciadas) y trabaj\u00f3 sin descanso para resucitar la m\u00fasica de artistas perseguidos por los","og_url":"https:\/\/www.iemj.org\/es\/du-closel-amaury-1956-2024\/","og_site_name":"Institut Europ\u00e9en des Musiques Juives","article_publisher":"https:\/\/www.facebook.com\/MusiquesJuives\/","article_published_time":"2026-01-07T17:40:53+00:00","article_modified_time":"2026-01-08T15:54:04+00:00","og_image":[{"width":162,"height":218,"url":"https:\/\/www.iemj.org\/wp-content\/uploads\/2026\/01\/Logo-Bio-Amaury-du-Closel.jpg","type":"image\/jpeg"}],"author":"Jacqueline ROTEN","twitter_card":"summary_large_image","twitter_misc":{"Escrito por":"Jacqueline ROTEN","Tiempo de lectura":"4 minutos"},"schema":{"@context":"https:\/\/schema.org","@graph":[{"@type":"Article","@id":"https:\/\/www.iemj.org\/es\/du-closel-amaury-1956-2024\/#article","isPartOf":{"@id":"https:\/\/www.iemj.org\/es\/du-closel-amaury-1956-2024\/"},"author":{"name":"Jacqueline ROTEN","@id":"https:\/\/www.iemj.org\/es\/#\/schema\/person\/358e26c18aca017fcc4cc15437f7279c"},"headline":"du Closel, Amaury (1956-2024)","datePublished":"2026-01-07T17:40:53+00:00","dateModified":"2026-01-08T15:54:04+00:00","mainEntityOfPage":{"@id":"https:\/\/www.iemj.org\/es\/du-closel-amaury-1956-2024\/"},"wordCount":648,"publisher":{"@id":"https:\/\/www.iemj.org\/es\/#organization"},"image":{"@id":"https:\/\/www.iemj.org\/es\/du-closel-amaury-1956-2024\/#primaryimage"},"thumbnailUrl":"https:\/\/www.iemj.org\/wp-content\/uploads\/2026\/01\/Logo-Bio-Amaury-du-Closel.jpg","articleSection":["Biograf\u00edas"],"inLanguage":"es"},{"@type":"WebPage","@id":"https:\/\/www.iemj.org\/es\/du-closel-amaury-1956-2024\/","url":"https:\/\/www.iemj.org\/es\/du-closel-amaury-1956-2024\/","name":"du Closel, Amaury (1956-2024) - Institut Europ\u00e9en des Musiques Juives","isPartOf":{"@id":"https:\/\/www.iemj.org\/es\/#website"},"primaryImageOfPage":{"@id":"https:\/\/www.iemj.org\/es\/du-closel-amaury-1956-2024\/#primaryimage"},"image":{"@id":"https:\/\/www.iemj.org\/es\/du-closel-amaury-1956-2024\/#primaryimage"},"thumbnailUrl":"https:\/\/www.iemj.org\/wp-content\/uploads\/2026\/01\/Logo-Bio-Amaury-du-Closel.jpg","datePublished":"2026-01-07T17:40:53+00:00","dateModified":"2026-01-08T15:54:04+00:00","breadcrumb":{"@id":"https:\/\/www.iemj.org\/es\/du-closel-amaury-1956-2024\/#breadcrumb"},"inLanguage":"es","potentialAction":[{"@type":"ReadAction","target":["https:\/\/www.iemj.org\/es\/du-closel-amaury-1956-2024\/"]}]},{"@type":"ImageObject","inLanguage":"es","@id":"https:\/\/www.iemj.org\/es\/du-closel-amaury-1956-2024\/#primaryimage","url":"https:\/\/www.iemj.org\/wp-content\/uploads\/2026\/01\/Logo-Bio-Amaury-du-Closel.jpg","contentUrl":"https:\/\/www.iemj.org\/wp-content\/uploads\/2026\/01\/Logo-Bio-Amaury-du-Closel.jpg","width":162,"height":218},{"@type":"BreadcrumbList","@id":"https:\/\/www.iemj.org\/es\/du-closel-amaury-1956-2024\/#breadcrumb","itemListElement":[{"@type":"ListItem","position":1,"name":"Accueil","item":"https:\/\/www.iemj.org\/es\/"},{"@type":"ListItem","position":2,"name":"du Closel, Amaury (1956-2024)"}]},{"@type":"WebSite","@id":"https:\/\/www.iemj.org\/es\/#website","url":"https:\/\/www.iemj.org\/es\/","name":"Institut Europ\u00e9en des Musiques Juives","description":"Des traditions musicales \u00e0 la port\u00e9e de tous","publisher":{"@id":"https:\/\/www.iemj.org\/es\/#organization"},"potentialAction":[{"@type":"SearchAction","target":{"@type":"EntryPoint","urlTemplate":"https:\/\/www.iemj.org\/es\/?s={search_term_string}"},"query-input":{"@type":"PropertyValueSpecification","valueRequired":true,"valueName":"search_term_string"}}],"inLanguage":"es"},{"@type":"Organization","@id":"https:\/\/www.iemj.org\/es\/#organization","name":"Institut Europ\u00e9en des Musiques Juives","url":"https:\/\/www.iemj.org\/es\/","logo":{"@type":"ImageObject","inLanguage":"es","@id":"https:\/\/www.iemj.org\/es\/#\/schema\/logo\/image\/","url":"https:\/\/www.iemj.org\/wp-content\/uploads\/2021\/09\/Logo-IEMJ-Paypal.jpg","contentUrl":"https:\/\/www.iemj.org\/wp-content\/uploads\/2021\/09\/Logo-IEMJ-Paypal.jpg","width":150,"height":50,"caption":"Institut Europ\u00e9en des Musiques Juives"},"image":{"@id":"https:\/\/www.iemj.org\/es\/#\/schema\/logo\/image\/"},"sameAs":["https:\/\/www.facebook.com\/MusiquesJuives\/","https:\/\/www.instagram.com\/musiquesjuives\/","https:\/\/www.youtube.com\/user\/musiquesjuives"]},{"@type":"Person","@id":"https:\/\/www.iemj.org\/es\/#\/schema\/person\/358e26c18aca017fcc4cc15437f7279c","name":"Jacqueline ROTEN","image":{"@type":"ImageObject","inLanguage":"es","@id":"https:\/\/secure.gravatar.com\/avatar\/5964256d6c6957de3a3505278957e0fb2a35119ac47ea41827a65301213c810b?s=96&d=mm&r=g","url":"https:\/\/secure.gravatar.com\/avatar\/5964256d6c6957de3a3505278957e0fb2a35119ac47ea41827a65301213c810b?s=96&d=mm&r=g","contentUrl":"https:\/\/secure.gravatar.com\/avatar\/5964256d6c6957de3a3505278957e0fb2a35119ac47ea41827a65301213c810b?s=96&d=mm&r=g","caption":"Jacqueline ROTEN"}}]}},"_links":{"self":[{"href":"https:\/\/www.iemj.org\/es\/wp-json\/wp\/v2\/posts\/128794","targetHints":{"allow":["GET"]}}],"collection":[{"href":"https:\/\/www.iemj.org\/es\/wp-json\/wp\/v2\/posts"}],"about":[{"href":"https:\/\/www.iemj.org\/es\/wp-json\/wp\/v2\/types\/post"}],"author":[{"embeddable":true,"href":"https:\/\/www.iemj.org\/es\/wp-json\/wp\/v2\/users\/5"}],"replies":[{"embeddable":true,"href":"https:\/\/www.iemj.org\/es\/wp-json\/wp\/v2\/comments?post=128794"}],"version-history":[{"count":2,"href":"https:\/\/www.iemj.org\/es\/wp-json\/wp\/v2\/posts\/128794\/revisions"}],"predecessor-version":[{"id":128808,"href":"https:\/\/www.iemj.org\/es\/wp-json\/wp\/v2\/posts\/128794\/revisions\/128808"}],"wp:featuredmedia":[{"embeddable":true,"href":"https:\/\/www.iemj.org\/es\/wp-json\/wp\/v2\/media\/128687"}],"wp:attachment":[{"href":"https:\/\/www.iemj.org\/es\/wp-json\/wp\/v2\/media?parent=128794"}],"wp:term":[{"taxonomy":"category","embeddable":true,"href":"https:\/\/www.iemj.org\/es\/wp-json\/wp\/v2\/categories?post=128794"},{"taxonomy":"post_tag","embeddable":true,"href":"https:\/\/www.iemj.org\/es\/wp-json\/wp\/v2\/tags?post=128794"},{"taxonomy":"technique","embeddable":true,"href":"https:\/\/www.iemj.org\/es\/wp-json\/wp\/v2\/technique?post=128794"},{"taxonomy":"squelettes","embeddable":true,"href":"https:\/\/www.iemj.org\/es\/wp-json\/wp\/v2\/squelettes?post=128794"},{"taxonomy":"sujet","embeddable":true,"href":"https:\/\/www.iemj.org\/es\/wp-json\/wp\/v2\/sujet?post=128794"},{"taxonomy":"formation","embeddable":true,"href":"https:\/\/www.iemj.org\/es\/wp-json\/wp\/v2\/formation?post=128794"},{"taxonomy":"genre","embeddable":true,"href":"https:\/\/www.iemj.org\/es\/wp-json\/wp\/v2\/genre?post=128794"},{"taxonomy":"fonds","embeddable":true,"href":"https:\/\/www.iemj.org\/es\/wp-json\/wp\/v2\/fonds?post=128794"},{"taxonomy":"tradition","embeddable":true,"href":"https:\/\/www.iemj.org\/es\/wp-json\/wp\/v2\/tradition?post=128794"},{"taxonomy":"type-de-contenu","embeddable":true,"href":"https:\/\/www.iemj.org\/es\/wp-json\/wp\/v2\/type-de-contenu?post=128794"},{"taxonomy":"interprete-compositeur","embeddable":true,"href":"https:\/\/www.iemj.org\/es\/wp-json\/wp\/v2\/interprete-compositeur?post=128794"},{"taxonomy":"frise","embeddable":true,"href":"https:\/\/www.iemj.org\/es\/wp-json\/wp\/v2\/frise?post=128794"},{"taxonomy":"type-devenement","embeddable":true,"href":"https:\/\/www.iemj.org\/es\/wp-json\/wp\/v2\/type-devenement?post=128794"},{"taxonomy":"tableaux-liens-externes","embeddable":true,"href":"https:\/\/www.iemj.org\/es\/wp-json\/wp\/v2\/tableaux-liens-externes?post=128794"}],"curies":[{"name":"wp","href":"https:\/\/api.w.org\/{rel}","templated":true}]}}