{"id":128981,"date":"2026-01-11T12:39:18","date_gmt":"2026-01-11T11:39:18","guid":{"rendered":"https:\/\/www.iemj.org\/arnold-schonberg-henriette-bosmans-joseph-kosma\/"},"modified":"2026-01-20T09:50:54","modified_gmt":"2026-01-20T08:50:54","slug":"arnold-schonberg-henriette-bosmans-joseph-kosma","status":"publish","type":"post","link":"https:\/\/www.iemj.org\/es\/arnold-schonberg-henriette-bosmans-joseph-kosma\/","title":{"rendered":"Arnold Sch\u00f6nberg, Henri\u00ebtte Bosmans, Joseph Kosma"},"content":{"rendered":"\n<!--more-->\n\n\n\n<p>Ediciones Hortus, vol. 1: noviembre de 2024, vol. 2: junio de 2025, vol. 3: diciembre de 2025<\/p>\n\n\n\n<p>Bajo la direcci\u00f3n art\u00edstica de <a href=\"https:\/\/thomastacquet.fr\/\" target=\"_blank\" rel=\"noreferrer noopener\">Thomas Tacquet<\/a> y Dimitri Malignan, <a href=\"https:\/\/voixetouffees.net\/en\/vemv-collection\/\" target=\"_blank\" rel=\"noreferrer noopener\">Voix Etouff\u00e9es \u2013 Missing Voices<\/a> es una colecci\u00f3n dedicada a los compositores v\u00edctimas del totalitarismo, y m\u00e1s concretamente a aquellos perseguidos por el nazismo, ya sean conocidos o desconocidos, condenados al silencio o al exilio, asesinados o muertos en la deportaci\u00f3n.<\/p>\n\n\n\n<p>Las ediciones Hortus, en colaboraci\u00f3n con el Forum Voix \u00c9touff\u00e9es y el proyecto Missing Voices, han previsto la publicaci\u00f3n de ocho CD entre 2024 y 2026, que estar\u00e1n dedicados, entre otros, a las obras de Arnold Sch\u00f6nberg, Henri\u00ebtte Bosmans, Joseph Kosma, Dan Belinfante, Erich Itor Kahn\u2026<\/p>\n\n\n\n<p>A finales de 2025, Thomas Tacquet entreg\u00f3 al Instituto Europeo de las M\u00fasicas Jud\u00edas los tres primeros vol\u00famenes de esta colecci\u00f3n.<\/p>\n\n\n\n<div style=\"height:15px\" aria-hidden=\"true\" class=\"wp-block-spacer\"><\/div>\n\n\n\n<hr class=\"wp-block-separator has-text-color has-alpha-channel-opacity has-background is-style-wide\" style=\"background-color:#000000;color:#000000\"\/>\n\n\n\n<div class=\"wp-block-columns are-vertically-aligned-center is-layout-flex wp-container-core-columns-is-layout-9d6595d7 wp-block-columns-is-layout-flex\">\n<div class=\"wp-block-column is-vertically-aligned-center is-layout-flow wp-block-column-is-layout-flow\" style=\"flex-basis:100%\">\n<h2 class=\"wp-block-heading\"><strong><em>Arnold Sch\u00f6nberg, l&#8217;arrangeur arrang\u00e9<\/em><\/strong><\/h2>\n\n\n<div class=\"wp-block-image\">\n<figure class=\"alignright is-resized\"><img fetchpriority=\"high\" decoding=\"async\" width=\"300\" height=\"269\" src=\"https:\/\/www.iemj.org\/wp-content\/uploads\/2026\/01\/COUV-CD-SCH_JR-300x269.jpg\" alt=\"\" class=\"wp-image-128816\" style=\"aspect-ratio:1.115274743740548;object-fit:cover;width:340px\" srcset=\"https:\/\/www.iemj.org\/wp-content\/uploads\/2026\/01\/COUV-CD-SCH_JR-300x269.jpg 300w, https:\/\/www.iemj.org\/wp-content\/uploads\/2026\/01\/COUV-CD-SCH_JR.jpg 500w\" sizes=\"(max-width: 300px) 100vw, 300px\" \/><\/figure>\n<\/div>\n\n\n<p>\u00daltima grabaci\u00f3n de <a href=\"https:\/\/www.iemj.org\/es\/du-closel-amaury-1956-2024\/\" target=\"_blank\" rel=\"noopener\">Amaury du Closel<\/a> (1956 &#8211; 2024), fundador del Forum Voix Etouff\u00e9es en 2005, esta grabaci\u00f3n presenta tres obras importantes de Arnold Sch\u00f6nberg: <em>Primera sinfon\u00eda de c\u00e1mara, Erste Kammersymphonie op. 9; El libro de los jardines colgantes, Das Buch der h\u00e4ngenden G\u00e4rten op. 15; Cinco piezas para orquesta, F\u00fcnf Orchesterst\u00fccke op. 16<\/em>.<\/p>\n\n\n\n<p><a href=\"https:\/\/www.iemj.org\/es\/schonberg-arnold-1874-1951\/\" target=\"_blank\" rel=\"noopener\">Arnold Sch\u00f6nberg<\/a> (o Schoenberg)&nbsp;(1874-1951) fue un compositor de origen alem\u00e1n que revolucion\u00f3 la m\u00fasica de la primera mitad del siglo XX. Famoso te\u00f3rico, pintor, autor de obras y arreglos, fue una figura excepcional. Convertido al protestantismo en 1898, como muchos jud\u00edos asimilados, sufri\u00f3 el aumento del antisemitismo en la d\u00e9cada de 1920. Tras la llegada al poder de Adolf Hitler en Alemania y la promulgaci\u00f3n de la \u00abLey alemana para la restauraci\u00f3n de la funci\u00f3n p\u00fablica del 7 de abril de 1933\u00bb, Sch\u00f6nberg tuvo que renunciar a sus actividades, en particular a las clases de composici\u00f3n que impart\u00eda en la Academia Prusiana de las Artes.<\/p>\n\n\n\n<p>Considerado \u00abdegenerado\u00bb por el r\u00e9gimen nazi, se vio obligado a abandonar Alemania y pas\u00f3 unos meses en Francia, donde se reincorpor\u00f3 al juda\u00edsmo el 30 de julio de 1933 en la sinagoga de la rue Copernic (Par\u00eds), antes de exiliarse definitivamente en Estados Unidos, donde ense\u00f1\u00f3 composici\u00f3n en Nueva York, Boston y la Universidad de Los \u00c1ngeles hasta su jubilaci\u00f3n en 1944.<\/p>\n\n\n\n<p>Considerado por los nazis como \u00abel m\u00fasico degenerado por excelencia\u00bb, Schoenberg fue una de las v\u00edctimas m\u00e1s famosas de la pol\u00edtica antisemita de la Alemania nazi.<\/p>\n\n\n\n<ul class=\"wp-block-list\">\n<li><a href=\"https:\/\/www.iemj.org\/es\/interprete-compositor\/arnold-schonberg-es\/\" target=\"_blank\" rel=\"noreferrer noopener\">Consulte otros art\u00edculos de nuestro sitio web sobre Sch\u00f6nberg<\/a><\/li>\n\n\n\n<li><a href=\"http:\/\/www.rachelnet.net\/F\/?func=find-c&amp;ccl_term=WRD+%3D+Schoenberg+OU+WRD+%3D+Sch%C3%B6nberg&amp;local_base=iemcg\" target=\"_blank\" rel=\"noreferrer noopener\">Consulte nuestros archivos sobre Sch\u00f6nberg<\/a><\/li>\n<\/ul>\n\n\n<div class=\"wp-block-image\">\n<figure class=\"aligncenter size-full is-resized\"><img decoding=\"async\" width=\"639\" height=\"639\" src=\"https:\/\/www.iemj.org\/wp-content\/uploads\/2026\/01\/Liste-oeuvres-Schoenberg_Site.jpg\" alt=\"\" class=\"wp-image-129015\" style=\"width:500px\" srcset=\"https:\/\/www.iemj.org\/wp-content\/uploads\/2026\/01\/Liste-oeuvres-Schoenberg_Site.jpg 639w, https:\/\/www.iemj.org\/wp-content\/uploads\/2026\/01\/Liste-oeuvres-Schoenberg_Site-300x300.jpg 300w, https:\/\/www.iemj.org\/wp-content\/uploads\/2026\/01\/Liste-oeuvres-Schoenberg_Site-150x150.jpg 150w, https:\/\/www.iemj.org\/wp-content\/uploads\/2026\/01\/Liste-oeuvres-Schoenberg_Site-600x600.jpg 600w, https:\/\/www.iemj.org\/wp-content\/uploads\/2026\/01\/Liste-oeuvres-Schoenberg_Site-100x100.jpg 100w\" sizes=\"(max-width: 639px) 100vw, 639px\" \/><\/figure>\n<\/div><\/div>\n<\/div>\n\n\n\n<div style=\"height:20px\" aria-hidden=\"true\" class=\"wp-block-spacer\"><\/div>\n\n\n\n<hr class=\"wp-block-separator has-text-color has-alpha-channel-opacity has-background is-style-wide\" style=\"background-color:#010101;color:#010101\"\/>\n\n\n\n<div class=\"wp-block-columns are-vertically-aligned-center is-layout-flex wp-container-core-columns-is-layout-9d6595d7 wp-block-columns-is-layout-flex\">\n<div class=\"wp-block-column is-vertically-aligned-center is-layout-flow wp-block-column-is-layout-flow\" style=\"flex-basis:100%\">\n<h2 class=\"wp-block-heading\"><strong><em>Henri\u00ebtte Bosmans, le diable dans la nuit<\/em><\/strong><\/h2>\n\n\n<div class=\"wp-block-image\">\n<figure class=\"alignright is-resized\"><img decoding=\"async\" width=\"300\" height=\"269\" src=\"https:\/\/www.iemj.org\/wp-content\/uploads\/2026\/01\/COUV-CD-BOSMANS_JR-300x269.jpg\" alt=\"\" class=\"wp-image-128834\" style=\"width:340px\" srcset=\"https:\/\/www.iemj.org\/wp-content\/uploads\/2026\/01\/COUV-CD-BOSMANS_JR-300x269.jpg 300w, https:\/\/www.iemj.org\/wp-content\/uploads\/2026\/01\/COUV-CD-BOSMANS_JR.jpg 500w\" sizes=\"(max-width: 300px) 100vw, 300px\" \/><\/figure>\n<\/div>\n\n\n<p>Compositora y pianista concertista de renombre entre las dos guerras mundiales, <a href=\"https:\/\/es.wikipedia.org\/wiki\/Henri%C3%ABtte_Bosmans\" target=\"_blank\" rel=\"noreferrer noopener\">Henri\u00ebtte Bosmans<\/a> cay\u00f3 injustamente en el olvido tras su muerte. Su carrera ya se hab\u00eda visto seriamente interrumpida por la ocupaci\u00f3n nazi de los Pa\u00edses Bajos y las persecuciones antisemitas a las que tuvo que enfrentarse. Este CD, titulado Le Diable dans la nuit (El diablo en la noche), vuelve a poner en primer plano su m\u00fasica instrumental y vocal.<\/p>\n\n\n\n<p>Una obra llena de colores y contrastes, demasiado tiempo olvidada, magn\u00edficamente interpretada por Elizaveta Agrafenina, soprano, Sarah Bayens, viol\u00edn, y Dimitri Malignan, piano y direcci\u00f3n.<\/p>\n\n\n<div class=\"wp-block-image\">\n<figure class=\"aligncenter size-full is-resized\"><img loading=\"lazy\" decoding=\"async\" width=\"622\" height=\"645\" src=\"https:\/\/www.iemj.org\/wp-content\/uploads\/2026\/01\/Liste-oeuvres-Bosmans_Site.jpg\" alt=\"\" class=\"wp-image-129025\" style=\"width:500px\" srcset=\"https:\/\/www.iemj.org\/wp-content\/uploads\/2026\/01\/Liste-oeuvres-Bosmans_Site.jpg 622w, https:\/\/www.iemj.org\/wp-content\/uploads\/2026\/01\/Liste-oeuvres-Bosmans_Site-289x300.jpg 289w, https:\/\/www.iemj.org\/wp-content\/uploads\/2026\/01\/Liste-oeuvres-Bosmans_Site-600x622.jpg 600w\" sizes=\"(max-width: 622px) 100vw, 622px\" \/><\/figure>\n<\/div><\/div>\n<\/div>\n\n\n\n<div style=\"height:20px\" aria-hidden=\"true\" class=\"wp-block-spacer\"><\/div>\n\n\n\n<hr class=\"wp-block-separator has-text-color has-alpha-channel-opacity has-background is-style-wide\" style=\"background-color:#080808;color:#080808\"\/>\n\n\n\n<h2 class=\"wp-block-heading\"><strong><em>Joseph Kosma, \u00e0 la belle \u00e9toile<\/em><\/strong><\/h2>\n\n\n<div class=\"wp-block-image\">\n<figure class=\"alignright is-resized\"><img loading=\"lazy\" decoding=\"async\" width=\"300\" height=\"269\" src=\"https:\/\/www.iemj.org\/wp-content\/uploads\/2026\/01\/COUV-CD-KOSMA_JR-300x269.jpg\" alt=\"\" class=\"wp-image-128845\" style=\"width:340px\" srcset=\"https:\/\/www.iemj.org\/wp-content\/uploads\/2026\/01\/COUV-CD-KOSMA_JR-300x269.jpg 300w, https:\/\/www.iemj.org\/wp-content\/uploads\/2026\/01\/COUV-CD-KOSMA_JR.jpg 500w\" sizes=\"(max-width: 300px) 100vw, 300px\" \/><\/figure>\n<\/div>\n\n\n<p><a href=\"https:\/\/www.iemj.org\/es\/kosma-joseph-1905-1969\/\" target=\"_blank\" rel=\"noreferrer noopener\">Joseph Kosma (1905-1969)<\/a>, jud\u00edo h\u00fangaro, al igual que Brecht, Weil y Eisler, tuvo que huir de Berl\u00edn en 1933. Su obra \u00c0 la Belle \u00e9toile (1935) marca sus comienzos en Par\u00eds: su encuentro con Pr\u00e9vert, sus luchas pol\u00edticas, sus bandas sonoras y sus canciones. Este \u00e1lbum tambi\u00e9n se propone dar a conocer obras poco conocidas, e incluso nunca grabadas, para coro, piano y voz, escritas a lo largo de sus encuentros, en particular con los resistentes Madeleine Riffaud y Henri Bassis, y fieles a un ideal revolucionario (<em>Si nous mourrons<\/em>, escrita sobre la carta de Ethel Rosenberg a sus dos hijos).<\/p>\n\n\n\n<p>Este disco cuenta con la magn\u00edfica interpretaci\u00f3n de la soprano Catherine Trottmann, la mezzosoprano Anne-Lise Polchlopek, el violinista David Moreau y el coro Fiat cantus, dirigido y acompa\u00f1ado al piano por Thomas Tacquet.<\/p>\n\n\n\n<p><a href=\"http:\/\/www.rachelnet.net\/F\/?func=find-c&amp;ccl_term=WRD+%3D+Kosma+SAUF+WRD+%3D+Vladimir&amp;local_base=iemcg\" target=\"_blank\" rel=\"noopener\">Consulte nuestros archivos sobre Joseph Kosma<\/a><\/p>\n\n\n\n<div class=\"wp-block-columns are-vertically-aligned-center is-layout-flex wp-container-core-columns-is-layout-9d6595d7 wp-block-columns-is-layout-flex\">\n<div class=\"wp-block-column is-vertically-aligned-center is-layout-flow wp-block-column-is-layout-flow\">\n<figure class=\"wp-block-image size-full\"><img loading=\"lazy\" decoding=\"async\" width=\"631\" height=\"356\" src=\"https:\/\/www.iemj.org\/wp-content\/uploads\/2026\/01\/Liste-oeuvres-Kosma1_Site.jpg\" alt=\"\" class=\"wp-image-129039\" srcset=\"https:\/\/www.iemj.org\/wp-content\/uploads\/2026\/01\/Liste-oeuvres-Kosma1_Site.jpg 631w, https:\/\/www.iemj.org\/wp-content\/uploads\/2026\/01\/Liste-oeuvres-Kosma1_Site-300x169.jpg 300w, https:\/\/www.iemj.org\/wp-content\/uploads\/2026\/01\/Liste-oeuvres-Kosma1_Site-600x339.jpg 600w\" sizes=\"(max-width: 631px) 100vw, 631px\" \/><\/figure>\n<\/div>\n\n\n\n<div class=\"wp-block-column is-vertically-aligned-center is-layout-flow wp-block-column-is-layout-flow\">\n<figure class=\"wp-block-image size-full\"><img loading=\"lazy\" decoding=\"async\" width=\"616\" height=\"639\" src=\"https:\/\/www.iemj.org\/wp-content\/uploads\/2026\/01\/Liste-oeuvres-Kosma2_Site.jpg\" alt=\"\" class=\"wp-image-129044\" srcset=\"https:\/\/www.iemj.org\/wp-content\/uploads\/2026\/01\/Liste-oeuvres-Kosma2_Site.jpg 616w, https:\/\/www.iemj.org\/wp-content\/uploads\/2026\/01\/Liste-oeuvres-Kosma2_Site-289x300.jpg 289w, https:\/\/www.iemj.org\/wp-content\/uploads\/2026\/01\/Liste-oeuvres-Kosma2_Site-600x622.jpg 600w\" sizes=\"(max-width: 616px) 100vw, 616px\" \/><\/figure>\n<\/div>\n<\/div>\n\n\n\n<div style=\"height:10px\" aria-hidden=\"true\" class=\"wp-block-spacer\"><\/div>\n\n\n\n<hr class=\"wp-block-separator has-text-color has-alpha-channel-opacity has-background is-style-wide\" style=\"background-color:#000000;color:#000000\"\/>\n\n\n\n<div style=\"height:18px\" aria-hidden=\"true\" class=\"wp-block-spacer\"><\/div>\n\n\n\n<p class=\"has-text-align-center\"><a href=\"https:\/\/voixetouffees.net\/en\/vemv-collection\/\" target=\"_blank\" rel=\"noreferrer noopener\"><strong>M\u00e1s informaci\u00f3n sobre la colecci\u00f3n Voix Etouff\u00e9es \u2013 Missing Voices<\/strong><\/a><\/p>\n\n\n\n<p class=\"has-text-align-center\"><a href=\"https:\/\/www.editionshortus.com\/catalogue.php?langue=en\" target=\"_blank\" rel=\"noreferrer noopener\"><strong>Pedir los CD<\/strong><\/a><\/p>\n\n\n\n<p><\/p>\n","protected":false},"excerpt":{"rendered":"","protected":false},"author":5,"featured_media":128815,"comment_status":"closed","ping_status":"closed","sticky":false,"template":"","format":"standard","meta":{"_acf_changed":false,"footnotes":""},"categories":[1568,1565],"tags":[],"technique":[],"squelettes":[],"sujet":[1803],"formation":[],"genre":[1879,1899],"fonds":[],"tradition":[],"type-de-contenu":[],"interprete-compositeur":[3089],"frise":[],"type-devenement":[],"tableaux-liens-externes":[],"class_list":["post-128981","post","type-post","status-publish","format-standard","has-post-thumbnail","hentry","category-cd-es","category-ultimas-adquisiciones-es","sujet-shoah-es","genre-cancion-francesa-es","genre-musica-clasica-es","interprete-compositeur-arnold-schonberg-es"],"acf":[],"yoast_head":"<!-- This site is optimized with the Yoast SEO plugin v27.3 - https:\/\/yoast.com\/product\/yoast-seo-wordpress\/ -->\n<title>Arnold Sch\u00f6nberg, Henri\u00ebtte Bosmans, Joseph Kosma - Institut Europ\u00e9en des Musiques Juives<\/title>\n<meta name=\"robots\" content=\"index, follow, max-snippet:-1, max-image-preview:large, max-video-preview:-1\" \/>\n<link rel=\"canonical\" href=\"https:\/\/www.iemj.org\/es\/arnold-schonberg-henriette-bosmans-joseph-kosma\/\" \/>\n<meta property=\"og:locale\" content=\"es_ES\" \/>\n<meta property=\"og:type\" content=\"article\" \/>\n<meta property=\"og:title\" content=\"Arnold Sch\u00f6nberg, Henri\u00ebtte Bosmans, Joseph Kosma - Institut Europ\u00e9en des Musiques Juives\" \/>\n<meta property=\"og:url\" content=\"https:\/\/www.iemj.org\/es\/arnold-schonberg-henriette-bosmans-joseph-kosma\/\" \/>\n<meta property=\"og:site_name\" content=\"Institut Europ\u00e9en des Musiques Juives\" \/>\n<meta property=\"article:publisher\" content=\"https:\/\/www.facebook.com\/MusiquesJuives\/\" \/>\n<meta property=\"article:published_time\" content=\"2026-01-11T11:39:18+00:00\" \/>\n<meta property=\"article:modified_time\" content=\"2026-01-20T08:50:54+00:00\" \/>\n<meta property=\"og:image\" content=\"https:\/\/www.iemj.org\/wp-content\/uploads\/2026\/01\/Logo-3-CD-Voix-etouffees.jpg\" \/>\n\t<meta property=\"og:image:width\" content=\"500\" \/>\n\t<meta property=\"og:image:height\" content=\"500\" \/>\n\t<meta property=\"og:image:type\" content=\"image\/jpeg\" \/>\n<meta name=\"author\" content=\"Jacqueline ROTEN\" \/>\n<meta name=\"twitter:card\" content=\"summary_large_image\" \/>\n<meta name=\"twitter:label1\" content=\"Escrito por\" \/>\n\t<meta name=\"twitter:data1\" content=\"Jacqueline ROTEN\" \/>\n\t<meta name=\"twitter:label2\" content=\"Tiempo de lectura\" \/>\n\t<meta name=\"twitter:data2\" content=\"5 minutos\" \/>\n<script type=\"application\/ld+json\" class=\"yoast-schema-graph\">{\"@context\":\"https:\\\/\\\/schema.org\",\"@graph\":[{\"@type\":\"Article\",\"@id\":\"https:\\\/\\\/www.iemj.org\\\/es\\\/arnold-schonberg-henriette-bosmans-joseph-kosma\\\/#article\",\"isPartOf\":{\"@id\":\"https:\\\/\\\/www.iemj.org\\\/es\\\/arnold-schonberg-henriette-bosmans-joseph-kosma\\\/\"},\"author\":{\"name\":\"Jacqueline ROTEN\",\"@id\":\"https:\\\/\\\/www.iemj.org\\\/es\\\/#\\\/schema\\\/person\\\/358e26c18aca017fcc4cc15437f7279c\"},\"headline\":\"Arnold Sch\u00f6nberg, Henri\u00ebtte Bosmans, Joseph Kosma\",\"datePublished\":\"2026-01-11T11:39:18+00:00\",\"dateModified\":\"2026-01-20T08:50:54+00:00\",\"mainEntityOfPage\":{\"@id\":\"https:\\\/\\\/www.iemj.org\\\/es\\\/arnold-schonberg-henriette-bosmans-joseph-kosma\\\/\"},\"wordCount\":721,\"publisher\":{\"@id\":\"https:\\\/\\\/www.iemj.org\\\/es\\\/#organization\"},\"image\":{\"@id\":\"https:\\\/\\\/www.iemj.org\\\/es\\\/arnold-schonberg-henriette-bosmans-joseph-kosma\\\/#primaryimage\"},\"thumbnailUrl\":\"https:\\\/\\\/www.iemj.org\\\/wp-content\\\/uploads\\\/2026\\\/01\\\/Logo-3-CD-Voix-etouffees.jpg\",\"articleSection\":[\"CD\",\"\u00daltimas adquisiciones\"],\"inLanguage\":\"es\"},{\"@type\":\"WebPage\",\"@id\":\"https:\\\/\\\/www.iemj.org\\\/es\\\/arnold-schonberg-henriette-bosmans-joseph-kosma\\\/\",\"url\":\"https:\\\/\\\/www.iemj.org\\\/es\\\/arnold-schonberg-henriette-bosmans-joseph-kosma\\\/\",\"name\":\"Arnold Sch\u00f6nberg, Henri\u00ebtte Bosmans, Joseph Kosma - Institut Europ\u00e9en des Musiques Juives\",\"isPartOf\":{\"@id\":\"https:\\\/\\\/www.iemj.org\\\/es\\\/#website\"},\"primaryImageOfPage\":{\"@id\":\"https:\\\/\\\/www.iemj.org\\\/es\\\/arnold-schonberg-henriette-bosmans-joseph-kosma\\\/#primaryimage\"},\"image\":{\"@id\":\"https:\\\/\\\/www.iemj.org\\\/es\\\/arnold-schonberg-henriette-bosmans-joseph-kosma\\\/#primaryimage\"},\"thumbnailUrl\":\"https:\\\/\\\/www.iemj.org\\\/wp-content\\\/uploads\\\/2026\\\/01\\\/Logo-3-CD-Voix-etouffees.jpg\",\"datePublished\":\"2026-01-11T11:39:18+00:00\",\"dateModified\":\"2026-01-20T08:50:54+00:00\",\"breadcrumb\":{\"@id\":\"https:\\\/\\\/www.iemj.org\\\/es\\\/arnold-schonberg-henriette-bosmans-joseph-kosma\\\/#breadcrumb\"},\"inLanguage\":\"es\",\"potentialAction\":[{\"@type\":\"ReadAction\",\"target\":[\"https:\\\/\\\/www.iemj.org\\\/es\\\/arnold-schonberg-henriette-bosmans-joseph-kosma\\\/\"]}]},{\"@type\":\"ImageObject\",\"inLanguage\":\"es\",\"@id\":\"https:\\\/\\\/www.iemj.org\\\/es\\\/arnold-schonberg-henriette-bosmans-joseph-kosma\\\/#primaryimage\",\"url\":\"https:\\\/\\\/www.iemj.org\\\/wp-content\\\/uploads\\\/2026\\\/01\\\/Logo-3-CD-Voix-etouffees.jpg\",\"contentUrl\":\"https:\\\/\\\/www.iemj.org\\\/wp-content\\\/uploads\\\/2026\\\/01\\\/Logo-3-CD-Voix-etouffees.jpg\",\"width\":500,\"height\":500},{\"@type\":\"BreadcrumbList\",\"@id\":\"https:\\\/\\\/www.iemj.org\\\/es\\\/arnold-schonberg-henriette-bosmans-joseph-kosma\\\/#breadcrumb\",\"itemListElement\":[{\"@type\":\"ListItem\",\"position\":1,\"name\":\"Accueil\",\"item\":\"https:\\\/\\\/www.iemj.org\\\/es\\\/\"},{\"@type\":\"ListItem\",\"position\":2,\"name\":\"Arnold Sch\u00f6nberg, Henri\u00ebtte Bosmans, Joseph Kosma\"}]},{\"@type\":\"WebSite\",\"@id\":\"https:\\\/\\\/www.iemj.org\\\/es\\\/#website\",\"url\":\"https:\\\/\\\/www.iemj.org\\\/es\\\/\",\"name\":\"Institut Europ\u00e9en des Musiques Juives\",\"description\":\"Des traditions musicales \u00e0 la port\u00e9e de tous\",\"publisher\":{\"@id\":\"https:\\\/\\\/www.iemj.org\\\/es\\\/#organization\"},\"potentialAction\":[{\"@type\":\"SearchAction\",\"target\":{\"@type\":\"EntryPoint\",\"urlTemplate\":\"https:\\\/\\\/www.iemj.org\\\/es\\\/?s={search_term_string}\"},\"query-input\":{\"@type\":\"PropertyValueSpecification\",\"valueRequired\":true,\"valueName\":\"search_term_string\"}}],\"inLanguage\":\"es\"},{\"@type\":\"Organization\",\"@id\":\"https:\\\/\\\/www.iemj.org\\\/es\\\/#organization\",\"name\":\"Institut Europ\u00e9en des Musiques Juives\",\"url\":\"https:\\\/\\\/www.iemj.org\\\/es\\\/\",\"logo\":{\"@type\":\"ImageObject\",\"inLanguage\":\"es\",\"@id\":\"https:\\\/\\\/www.iemj.org\\\/es\\\/#\\\/schema\\\/logo\\\/image\\\/\",\"url\":\"https:\\\/\\\/www.iemj.org\\\/wp-content\\\/uploads\\\/2021\\\/09\\\/Logo-IEMJ-Paypal.jpg\",\"contentUrl\":\"https:\\\/\\\/www.iemj.org\\\/wp-content\\\/uploads\\\/2021\\\/09\\\/Logo-IEMJ-Paypal.jpg\",\"width\":150,\"height\":50,\"caption\":\"Institut Europ\u00e9en des Musiques Juives\"},\"image\":{\"@id\":\"https:\\\/\\\/www.iemj.org\\\/es\\\/#\\\/schema\\\/logo\\\/image\\\/\"},\"sameAs\":[\"https:\\\/\\\/www.facebook.com\\\/MusiquesJuives\\\/\",\"https:\\\/\\\/www.instagram.com\\\/musiquesjuives\\\/\",\"https:\\\/\\\/www.youtube.com\\\/user\\\/musiquesjuives\"]},{\"@type\":\"Person\",\"@id\":\"https:\\\/\\\/www.iemj.org\\\/es\\\/#\\\/schema\\\/person\\\/358e26c18aca017fcc4cc15437f7279c\",\"name\":\"Jacqueline ROTEN\",\"image\":{\"@type\":\"ImageObject\",\"inLanguage\":\"es\",\"@id\":\"https:\\\/\\\/secure.gravatar.com\\\/avatar\\\/5964256d6c6957de3a3505278957e0fb2a35119ac47ea41827a65301213c810b?s=96&d=mm&r=g\",\"url\":\"https:\\\/\\\/secure.gravatar.com\\\/avatar\\\/5964256d6c6957de3a3505278957e0fb2a35119ac47ea41827a65301213c810b?s=96&d=mm&r=g\",\"contentUrl\":\"https:\\\/\\\/secure.gravatar.com\\\/avatar\\\/5964256d6c6957de3a3505278957e0fb2a35119ac47ea41827a65301213c810b?s=96&d=mm&r=g\",\"caption\":\"Jacqueline ROTEN\"}}]}<\/script>\n<!-- \/ Yoast SEO plugin. -->","yoast_head_json":{"title":"Arnold Sch\u00f6nberg, Henri\u00ebtte Bosmans, Joseph Kosma - Institut Europ\u00e9en des Musiques Juives","robots":{"index":"index","follow":"follow","max-snippet":"max-snippet:-1","max-image-preview":"max-image-preview:large","max-video-preview":"max-video-preview:-1"},"canonical":"https:\/\/www.iemj.org\/es\/arnold-schonberg-henriette-bosmans-joseph-kosma\/","og_locale":"es_ES","og_type":"article","og_title":"Arnold Sch\u00f6nberg, Henri\u00ebtte Bosmans, Joseph Kosma - Institut Europ\u00e9en des Musiques Juives","og_url":"https:\/\/www.iemj.org\/es\/arnold-schonberg-henriette-bosmans-joseph-kosma\/","og_site_name":"Institut Europ\u00e9en des Musiques Juives","article_publisher":"https:\/\/www.facebook.com\/MusiquesJuives\/","article_published_time":"2026-01-11T11:39:18+00:00","article_modified_time":"2026-01-20T08:50:54+00:00","og_image":[{"width":500,"height":500,"url":"https:\/\/www.iemj.org\/wp-content\/uploads\/2026\/01\/Logo-3-CD-Voix-etouffees.jpg","type":"image\/jpeg"}],"author":"Jacqueline ROTEN","twitter_card":"summary_large_image","twitter_misc":{"Escrito por":"Jacqueline ROTEN","Tiempo de lectura":"5 minutos"},"schema":{"@context":"https:\/\/schema.org","@graph":[{"@type":"Article","@id":"https:\/\/www.iemj.org\/es\/arnold-schonberg-henriette-bosmans-joseph-kosma\/#article","isPartOf":{"@id":"https:\/\/www.iemj.org\/es\/arnold-schonberg-henriette-bosmans-joseph-kosma\/"},"author":{"name":"Jacqueline ROTEN","@id":"https:\/\/www.iemj.org\/es\/#\/schema\/person\/358e26c18aca017fcc4cc15437f7279c"},"headline":"Arnold Sch\u00f6nberg, Henri\u00ebtte Bosmans, Joseph Kosma","datePublished":"2026-01-11T11:39:18+00:00","dateModified":"2026-01-20T08:50:54+00:00","mainEntityOfPage":{"@id":"https:\/\/www.iemj.org\/es\/arnold-schonberg-henriette-bosmans-joseph-kosma\/"},"wordCount":721,"publisher":{"@id":"https:\/\/www.iemj.org\/es\/#organization"},"image":{"@id":"https:\/\/www.iemj.org\/es\/arnold-schonberg-henriette-bosmans-joseph-kosma\/#primaryimage"},"thumbnailUrl":"https:\/\/www.iemj.org\/wp-content\/uploads\/2026\/01\/Logo-3-CD-Voix-etouffees.jpg","articleSection":["CD","\u00daltimas adquisiciones"],"inLanguage":"es"},{"@type":"WebPage","@id":"https:\/\/www.iemj.org\/es\/arnold-schonberg-henriette-bosmans-joseph-kosma\/","url":"https:\/\/www.iemj.org\/es\/arnold-schonberg-henriette-bosmans-joseph-kosma\/","name":"Arnold Sch\u00f6nberg, Henri\u00ebtte Bosmans, Joseph Kosma - Institut Europ\u00e9en des Musiques Juives","isPartOf":{"@id":"https:\/\/www.iemj.org\/es\/#website"},"primaryImageOfPage":{"@id":"https:\/\/www.iemj.org\/es\/arnold-schonberg-henriette-bosmans-joseph-kosma\/#primaryimage"},"image":{"@id":"https:\/\/www.iemj.org\/es\/arnold-schonberg-henriette-bosmans-joseph-kosma\/#primaryimage"},"thumbnailUrl":"https:\/\/www.iemj.org\/wp-content\/uploads\/2026\/01\/Logo-3-CD-Voix-etouffees.jpg","datePublished":"2026-01-11T11:39:18+00:00","dateModified":"2026-01-20T08:50:54+00:00","breadcrumb":{"@id":"https:\/\/www.iemj.org\/es\/arnold-schonberg-henriette-bosmans-joseph-kosma\/#breadcrumb"},"inLanguage":"es","potentialAction":[{"@type":"ReadAction","target":["https:\/\/www.iemj.org\/es\/arnold-schonberg-henriette-bosmans-joseph-kosma\/"]}]},{"@type":"ImageObject","inLanguage":"es","@id":"https:\/\/www.iemj.org\/es\/arnold-schonberg-henriette-bosmans-joseph-kosma\/#primaryimage","url":"https:\/\/www.iemj.org\/wp-content\/uploads\/2026\/01\/Logo-3-CD-Voix-etouffees.jpg","contentUrl":"https:\/\/www.iemj.org\/wp-content\/uploads\/2026\/01\/Logo-3-CD-Voix-etouffees.jpg","width":500,"height":500},{"@type":"BreadcrumbList","@id":"https:\/\/www.iemj.org\/es\/arnold-schonberg-henriette-bosmans-joseph-kosma\/#breadcrumb","itemListElement":[{"@type":"ListItem","position":1,"name":"Accueil","item":"https:\/\/www.iemj.org\/es\/"},{"@type":"ListItem","position":2,"name":"Arnold Sch\u00f6nberg, Henri\u00ebtte Bosmans, Joseph Kosma"}]},{"@type":"WebSite","@id":"https:\/\/www.iemj.org\/es\/#website","url":"https:\/\/www.iemj.org\/es\/","name":"Institut Europ\u00e9en des Musiques Juives","description":"Des traditions musicales \u00e0 la port\u00e9e de tous","publisher":{"@id":"https:\/\/www.iemj.org\/es\/#organization"},"potentialAction":[{"@type":"SearchAction","target":{"@type":"EntryPoint","urlTemplate":"https:\/\/www.iemj.org\/es\/?s={search_term_string}"},"query-input":{"@type":"PropertyValueSpecification","valueRequired":true,"valueName":"search_term_string"}}],"inLanguage":"es"},{"@type":"Organization","@id":"https:\/\/www.iemj.org\/es\/#organization","name":"Institut Europ\u00e9en des Musiques Juives","url":"https:\/\/www.iemj.org\/es\/","logo":{"@type":"ImageObject","inLanguage":"es","@id":"https:\/\/www.iemj.org\/es\/#\/schema\/logo\/image\/","url":"https:\/\/www.iemj.org\/wp-content\/uploads\/2021\/09\/Logo-IEMJ-Paypal.jpg","contentUrl":"https:\/\/www.iemj.org\/wp-content\/uploads\/2021\/09\/Logo-IEMJ-Paypal.jpg","width":150,"height":50,"caption":"Institut Europ\u00e9en des Musiques Juives"},"image":{"@id":"https:\/\/www.iemj.org\/es\/#\/schema\/logo\/image\/"},"sameAs":["https:\/\/www.facebook.com\/MusiquesJuives\/","https:\/\/www.instagram.com\/musiquesjuives\/","https:\/\/www.youtube.com\/user\/musiquesjuives"]},{"@type":"Person","@id":"https:\/\/www.iemj.org\/es\/#\/schema\/person\/358e26c18aca017fcc4cc15437f7279c","name":"Jacqueline ROTEN","image":{"@type":"ImageObject","inLanguage":"es","@id":"https:\/\/secure.gravatar.com\/avatar\/5964256d6c6957de3a3505278957e0fb2a35119ac47ea41827a65301213c810b?s=96&d=mm&r=g","url":"https:\/\/secure.gravatar.com\/avatar\/5964256d6c6957de3a3505278957e0fb2a35119ac47ea41827a65301213c810b?s=96&d=mm&r=g","contentUrl":"https:\/\/secure.gravatar.com\/avatar\/5964256d6c6957de3a3505278957e0fb2a35119ac47ea41827a65301213c810b?s=96&d=mm&r=g","caption":"Jacqueline ROTEN"}}]}},"_links":{"self":[{"href":"https:\/\/www.iemj.org\/es\/wp-json\/wp\/v2\/posts\/128981","targetHints":{"allow":["GET"]}}],"collection":[{"href":"https:\/\/www.iemj.org\/es\/wp-json\/wp\/v2\/posts"}],"about":[{"href":"https:\/\/www.iemj.org\/es\/wp-json\/wp\/v2\/types\/post"}],"author":[{"embeddable":true,"href":"https:\/\/www.iemj.org\/es\/wp-json\/wp\/v2\/users\/5"}],"replies":[{"embeddable":true,"href":"https:\/\/www.iemj.org\/es\/wp-json\/wp\/v2\/comments?post=128981"}],"version-history":[{"count":5,"href":"https:\/\/www.iemj.org\/es\/wp-json\/wp\/v2\/posts\/128981\/revisions"}],"predecessor-version":[{"id":129617,"href":"https:\/\/www.iemj.org\/es\/wp-json\/wp\/v2\/posts\/128981\/revisions\/129617"}],"wp:featuredmedia":[{"embeddable":true,"href":"https:\/\/www.iemj.org\/es\/wp-json\/wp\/v2\/media\/128815"}],"wp:attachment":[{"href":"https:\/\/www.iemj.org\/es\/wp-json\/wp\/v2\/media?parent=128981"}],"wp:term":[{"taxonomy":"category","embeddable":true,"href":"https:\/\/www.iemj.org\/es\/wp-json\/wp\/v2\/categories?post=128981"},{"taxonomy":"post_tag","embeddable":true,"href":"https:\/\/www.iemj.org\/es\/wp-json\/wp\/v2\/tags?post=128981"},{"taxonomy":"technique","embeddable":true,"href":"https:\/\/www.iemj.org\/es\/wp-json\/wp\/v2\/technique?post=128981"},{"taxonomy":"squelettes","embeddable":true,"href":"https:\/\/www.iemj.org\/es\/wp-json\/wp\/v2\/squelettes?post=128981"},{"taxonomy":"sujet","embeddable":true,"href":"https:\/\/www.iemj.org\/es\/wp-json\/wp\/v2\/sujet?post=128981"},{"taxonomy":"formation","embeddable":true,"href":"https:\/\/www.iemj.org\/es\/wp-json\/wp\/v2\/formation?post=128981"},{"taxonomy":"genre","embeddable":true,"href":"https:\/\/www.iemj.org\/es\/wp-json\/wp\/v2\/genre?post=128981"},{"taxonomy":"fonds","embeddable":true,"href":"https:\/\/www.iemj.org\/es\/wp-json\/wp\/v2\/fonds?post=128981"},{"taxonomy":"tradition","embeddable":true,"href":"https:\/\/www.iemj.org\/es\/wp-json\/wp\/v2\/tradition?post=128981"},{"taxonomy":"type-de-contenu","embeddable":true,"href":"https:\/\/www.iemj.org\/es\/wp-json\/wp\/v2\/type-de-contenu?post=128981"},{"taxonomy":"interprete-compositeur","embeddable":true,"href":"https:\/\/www.iemj.org\/es\/wp-json\/wp\/v2\/interprete-compositeur?post=128981"},{"taxonomy":"frise","embeddable":true,"href":"https:\/\/www.iemj.org\/es\/wp-json\/wp\/v2\/frise?post=128981"},{"taxonomy":"type-devenement","embeddable":true,"href":"https:\/\/www.iemj.org\/es\/wp-json\/wp\/v2\/type-devenement?post=128981"},{"taxonomy":"tableaux-liens-externes","embeddable":true,"href":"https:\/\/www.iemj.org\/es\/wp-json\/wp\/v2\/tableaux-liens-externes?post=128981"}],"curies":[{"name":"wp","href":"https:\/\/api.w.org\/{rel}","templated":true}]}}