{"id":129612,"date":"2026-01-19T16:41:35","date_gmt":"2026-01-19T15:41:35","guid":{"rendered":"https:\/\/www.iemj.org\/chamber-works-by-dmitri-klebanov-ernest-kanitz\/"},"modified":"2026-01-20T13:08:52","modified_gmt":"2026-01-20T12:08:52","slug":"chamber-works-by-dmitri-klebanov-ernest-kanitz","status":"publish","type":"post","link":"https:\/\/www.iemj.org\/es\/chamber-works-by-dmitri-klebanov-ernest-kanitz\/","title":{"rendered":"Chamber Works by Dmitri Klebanov &amp; Ernest Kanitz"},"content":{"rendered":"\n<p><\/p>\n\n\n\n<h3 class=\"wp-block-heading\"><strong>ARC Ensemble<\/strong><\/h3>\n\n\n\n<h3 class=\"wp-block-heading\"><strong>Chandos Records Ltd &#8211; Collection Music in Exile<\/strong><\/h3>\n\n\n\n<!--more-->\n\n\n\n<p>La quinta y novena entrega de la colecci\u00f3n \u00abMusic in Exile\u00bb, los CD Musiques de chambre de Dmitri Klebanov y Musique de chambre d\u2019Ernest Kanitz, publicados por Chandos en 2021 y 2025, nos descubren las obras injustamente olvidadas de dos compositores jud\u00edos, uno ucraniano y otro austriaco, v\u00edctimas de los totalitarismos del siglo XX.<\/p>\n\n\n\n<p>Al igual que en cada uno de los vol\u00famenes de la colecci\u00f3n \u00ab\u00a0<a href=\"http:\/\/www.rachelnet.net\/F\/func=find-c&amp;ccl_term=WRD+%3D+%22Music+in+Exile%22&amp;local_base=iemcg\" target=\"_blank\" rel=\"noreferrer noopener\">Music in Exile\u00a0<\/a>\u00bb, el destino de estos dos compositores est\u00e1 ampliamente documentado en los libretos por Simon Wynberg, director del <a href=\"https:\/\/www.rcmusic.com\/performance\/arc-ensemble\" target=\"_blank\" rel=\"noreferrer noopener\">ARC Ensemble<\/a> (Artists of The Royal Conservatory), fundado en 2002 y con sede en Canad\u00e1.<\/p>\n\n\n<div class=\"wp-block-image\">\n<figure class=\"alignleft size-full is-resized\"><img fetchpriority=\"high\" decoding=\"async\" width=\"375\" height=\"500\" src=\"https:\/\/www.iemj.org\/wp-content\/uploads\/2026\/01\/4.Dmitri-Klebanov-enfant.jpg\" alt=\"\" class=\"wp-image-129502\" style=\"width:200px\" srcset=\"https:\/\/www.iemj.org\/wp-content\/uploads\/2026\/01\/4.Dmitri-Klebanov-enfant.jpg 375w, https:\/\/www.iemj.org\/wp-content\/uploads\/2026\/01\/4.Dmitri-Klebanov-enfant-225x300.jpg 225w\" sizes=\"(max-width: 375px) 100vw, 375px\" \/><figcaption class=\"wp-element-caption\"><strong>Dmitri Klebanov, ni\u00f1o<\/strong><\/figcaption><\/figure>\n<\/div>\n\n\n<h3 class=\"wp-block-heading\">Dmitri Klebanov (1907-1987)<\/h3>\n\n\n\n<p>Nacido en J\u00e1rkov el 25 de julio de 1907, en una familia poco aficionada a la m\u00fasica, Dimitri comenz\u00f3 a tomar clases de viol\u00edn a los seis a\u00f1os y dio su primer recital un a\u00f1o despu\u00e9s. Adem\u00e1s, desarroll\u00f3 una pasi\u00f3n por el piano, improvisando durante varias horas seguidas. En la Escuela de M\u00fasica de J\u00e1rkov, Klebanov era el m\u00e1s joven de su clase. En 1923, fue admitido en el Instituto de M\u00fasica y Arte Dram\u00e1tico, donde fue alumno del pedagogo y compositor Semion Bogatyrev. Al finalizar sus estudios, en 1926, con apenas 19 a\u00f1os, Klebanov ya hab\u00eda compuesto dos cuartetos de cuerda, un tr\u00edo con piano, varias piezas instrumentales breves y una serie de melod\u00edas, obras que sin duda se perdieron o fueron destruidas durante la Segunda Guerra Mundial. En 1927, fue contratado como violista por la Orquesta de la \u00d3pera de Leningrado.<\/p>\n\n\n\n<p>De vuelta en J\u00e1rkov, Klebanov trabaj\u00f3 con Herman Adler, primer director de la Orquesta Estatal de Ucrania a mediados de la d\u00e9cada de 1930. Posteriormente dirigi\u00f3 la Orquesta de la Radio de J\u00e1rkov, as\u00ed como diversas producciones teatrales. En 1939, el Bolsh\u00f3i produjo el ballet infantil <em>Aistenok <\/em>(La peque\u00f1a cig\u00fce\u00f1a), basado en su \u00f3pera del mismo nombre. A este le sigui\u00f3 un segundo ballet, <em>Svetlana<\/em>, tambi\u00e9n destinado a un p\u00fablico joven, que inclu\u00eda danzas ucranianas, bielorrusas y t\u00e1rtaras. Su Concierto para viol\u00edn n.\u00ba 1 se estren\u00f3 en 1940, el a\u00f1o en que se cas\u00f3 con Nina Diakovskaia, entonces directora del Conservatorio Estatal de J\u00e1rkov.<\/p>\n\n\n\n<p>En junio de 1941, cuando Alemania invadi\u00f3 la Uni\u00f3n Sovi\u00e9tica, Klebanov form\u00f3 parte de los aproximadamente 150 000 refugiados jud\u00edos evacuados a Tashkent, en Uzbekist\u00e1n. Entre ellos se encontraban numerosos artistas, como el joven compositor polaco Mieczys\u0142aw Weinberg, el actor Solomon Mikhoels, la escritora Nadezhda Mandelstam y la poetisa Anna Ajm\u00e1tova. En Tashkent, Klebanov ense\u00f1\u00f3 y compuso m\u00fasica tanto para el teatro como para el cine.<\/p>\n\n\n\n<p>En noviembre de 1943, las fuerzas sovi\u00e9ticas reconquistaron Kiev y la Wehrmacht, que se retiraba, incendi\u00f3 la ciudad, ya gravemente da\u00f1ada. De vuelta en Ucrania, Dimitri, Nina y su reci\u00e9n nacido, Yuri, pasan varios meses en esta ciudad, obligados a vivir en un s\u00f3tano infestado de ratas hasta mayo de 1945, cuando por fin pueden regresar a J\u00e1rkov. En J\u00e1rkov, Klebanov comenz\u00f3 a trabajar en su Primera Sinfon\u00eda, que dedicar\u00eda \u00abA la memoria de los m\u00e1rtires de Babi Yar\u00bb, el tristemente c\u00e9lebre barranco de Kiev donde, durante dos d\u00edas a finales de septiembre de 1941, fueron asesinados cerca de treinta y cuatro mil jud\u00edos. Esta sinfon\u00eda se estren\u00f3 en J\u00e1rkov en 1947, en el marco de un concierto dedicado \u00edntegramente a la m\u00fasica de Klebanov, que inclu\u00eda su Concierto para viol\u00edn n.\u00ba 1 y la <em>Obertura de bienvenida<\/em>.<\/p>\n\n\n<div class=\"wp-block-image\">\n<figure class=\"alignright size-full is-resized\"><img decoding=\"async\" width=\"600\" height=\"450\" src=\"https:\/\/www.iemj.org\/wp-content\/uploads\/2026\/01\/7.Dmitri-Klebanov-annees-40.jpg\" alt=\"\" class=\"wp-image-129536\" style=\"width:300px\" srcset=\"https:\/\/www.iemj.org\/wp-content\/uploads\/2026\/01\/7.Dmitri-Klebanov-annees-40.jpg 600w, https:\/\/www.iemj.org\/wp-content\/uploads\/2026\/01\/7.Dmitri-Klebanov-annees-40-300x225.jpg 300w\" sizes=\"(max-width: 600px) 100vw, 600px\" \/><figcaption class=\"wp-element-caption\"><strong>Dmitri Klebanov, a\u00f1os 40<\/strong><\/figcaption><\/figure>\n<\/div>\n\n\n<p>La entusiasta acogida que recibi\u00f3 esta sinfon\u00eda le vali\u00f3 otras interpretaciones, en J\u00e1rkov y Kiev, pero en 1949 surgieron problemas cuando se present\u00f3 al Premio Stalin. La conmemoraci\u00f3n de las v\u00edctimas jud\u00edas en lugar de las sovi\u00e9ticas, atestiguada en particular por el uso de melod\u00edas tradicionales jud\u00edas y cantilaciones b\u00edblicas, fue condenada como \u00abinsolente\u00bb y antipatri\u00f3tica. Se prohibieron otras interpretaciones y Klebanov fue denunciado como \u00abnacionalista burgu\u00e9s\u00bb y \u00abcosmopolita sin ra\u00edces\u00bb (eufemismo muy utilizado para referirse a los jud\u00edos). Nina viaj\u00f3 inmediatamente a Mosc\u00fa para defender la causa de su marido. Antes de la guerra, hab\u00eda sido directora del Estudio de \u00d3pera del Conservatorio de Mosc\u00fa y entonces era directora del Ministerio de Cultura de Ucrania. Su estatus sin duda dio peso a sus s\u00faplicas y Klebanov no fue ni encarcelado ni deportado. Sin embargo, este episodio lo deja sumido en la ansiedad y la angustia, un estado que conoc\u00edan muchos artistas sovi\u00e9ticos de la \u00e9poca. Entonces entr\u00f3 en un exilio interior, oblig\u00e1ndose a restringir su capacidad creativa y sus ambiciones est\u00e9ticas seg\u00fan las directrices del poder sovi\u00e9tico. Su Quinteto con piano, por ejemplo, compuesto en 1954, fue un encargo para conmemorar el tricentenario del Tratado de Pere\u00efaslav, por el que Rusia tom\u00f3 el control de Ucrania. La Uni\u00f3n Sovi\u00e9tica conmemor\u00f3 esta supuesta \u00abgran alianza ucraniano-rusa\u00bb con extravagantes celebraciones nacionales, que un leal ucraniano como Klebanov debi\u00f3 de encontrar tanto artificiales como inc\u00f3modas. Su contribuci\u00f3n fue un quinteto tan grandilocuente como predecible.<\/p>\n\n\n<div class=\"wp-block-image\">\n<figure class=\"alignleft size-full is-resized\"><img decoding=\"async\" width=\"335\" height=\"500\" src=\"https:\/\/www.iemj.org\/wp-content\/uploads\/2026\/01\/2.Dmitri-Klebanov_Capture-decran-Booklet.jpg\" alt=\"\" class=\"wp-image-129482\" style=\"width:200px\" srcset=\"https:\/\/www.iemj.org\/wp-content\/uploads\/2026\/01\/2.Dmitri-Klebanov_Capture-decran-Booklet.jpg 335w, https:\/\/www.iemj.org\/wp-content\/uploads\/2026\/01\/2.Dmitri-Klebanov_Capture-decran-Booklet-201x300.jpg 201w\" sizes=\"(max-width: 335px) 100vw, 335px\" \/><\/figure>\n<\/div>\n\n\n<p>La rehabilitaci\u00f3n profesional de Klebanov comenz\u00f3 en la era de Jruschov. En 1960, el Instituto de J\u00e1rkov lo nombr\u00f3 profesor asociado. Diez a\u00f1os m\u00e1s tarde, fue ascendido a profesor titular de composici\u00f3n y orquestaci\u00f3n e imparti\u00f3 clases a toda una generaci\u00f3n de compositores ucranianos, entre los que se encontraban Viktor Sousline, Valentin Bibik, Vitali Houbarenko, Marc Karminski, Boris Jarominski y Vladimir Zolotoukhine. En 1966, Klebanov form\u00f3 parte del jurado del Concurso Tchaikovsky, presidido por el violinista David O\u00efstrakh, y al a\u00f1o siguiente fue proclamado \u00abArtista de Honor de Ucrania\u00bb. En 1968, el Comit\u00e9 Central de Ucrania le ofreci\u00f3 la direcci\u00f3n de la Uni\u00f3n de Compositores Ucranianos. Este cargo exig\u00eda que se instalara en Kiev, donde su carrera hab\u00eda comenzado a ir a pique, y la oferta inclu\u00eda una condici\u00f3n inaceptable: Klebanov deb\u00eda afiliarse al Partido Comunista. Se neg\u00f3 rotundamente, con la misma firmeza con la que nunca acept\u00f3 asociar su nombre a las denuncias de disidentes y cr\u00edticos del r\u00e9gimen.<\/p>\n\n\n\n<p>A mediados de la d\u00e9cada de 1980, cuando Klebanov gozaba de un reconocido prestigio como compositor en Ucrania, recibi\u00f3 el encargo de componer un concierto para viola y <em>Silhouettes japonaises<\/em>, una pieza para soprano, viola de amor y orquesta. Estas dos piezas ser\u00e1n las \u00fanicas que se comercializar\u00e1n en Occidente, aunque el sello sovi\u00e9tico Melodiya grabar\u00e1 varias de sus obras y la Radio Ucraniana difundir\u00e1 a menudo su m\u00fasica durante los a\u00f1os sesenta y setenta. En ese mismo periodo, varios directores de orquesta le pidieron permiso para interpretar su Sinfon\u00eda n.\u00ba 1, dedicada a los m\u00e1rtires de Babi Yar, pero Klebanov se mostr\u00f3 categ\u00f3rico en que su siguiente interpretaci\u00f3n deb\u00eda ser p\u00f3stuma. Finalmente, se volvi\u00f3 a interpretar en 1990, unos tres a\u00f1os despu\u00e9s de su muerte, el 6 de junio de 1987.<\/p>\n\n\n<div class=\"wp-block-image\">\n<figure class=\"alignright size-full is-resized\"><img loading=\"lazy\" decoding=\"async\" width=\"600\" height=\"600\" src=\"https:\/\/www.iemj.org\/wp-content\/uploads\/2026\/01\/COUV-Klebanov.jpg\" alt=\"\" class=\"wp-image-129474\" style=\"width:220px\" srcset=\"https:\/\/www.iemj.org\/wp-content\/uploads\/2026\/01\/COUV-Klebanov.jpg 600w, https:\/\/www.iemj.org\/wp-content\/uploads\/2026\/01\/COUV-Klebanov-300x300.jpg 300w, https:\/\/www.iemj.org\/wp-content\/uploads\/2026\/01\/COUV-Klebanov-150x150.jpg 150w, https:\/\/www.iemj.org\/wp-content\/uploads\/2026\/01\/COUV-Klebanov-100x100.jpg 100w\" sizes=\"(max-width: 600px) 100vw, 600px\" \/><\/figure>\n<\/div>\n\n\n<p>El cat\u00e1logo de obras de Klebanov incluye nueve sinfon\u00edas, varias obras de m\u00fasica de c\u00e1mara, dos conciertos para viol\u00edn y dos para violonchelo, diversas piezas para viol\u00edn y piano, \u00f3peras, ballets, un centenar de canciones (la mayor\u00eda de las cuales siguen in\u00e9ditas) y cerca de una veintena de bandas sonoras para pel\u00edculas. Tambi\u00e9n public\u00f3 en Kiev en 1972 dos importantes obras te\u00f3ricas, <em>El arte de la instrumentaci\u00f3n<\/em> y <em>Los fundamentos est\u00e9ticos de la instrumentaci\u00f3n<\/em>.<\/p>\n\n\n\n<p>Fuentes: \u00a9 2021 Simon Wynberg \u2013 Folleto del CD <em>Chamber Works by Dmitri Klebanov<\/em><\/p>\n\n\n\n<div style=\"height:15px\" aria-hidden=\"true\" class=\"wp-block-spacer\"><\/div>\n\n\n\n<div class=\"wp-block-columns is-layout-flex wp-container-core-columns-is-layout-9d6595d7 wp-block-columns-is-layout-flex\">\n<div class=\"wp-block-column is-layout-flow wp-block-column-is-layout-flow\">\n<figure class=\"wp-block-embed is-type-video is-provider-youtube wp-block-embed-youtube wp-embed-aspect-16-9 wp-has-aspect-ratio\"><div class=\"wp-block-embed__wrapper\">\n<iframe title=\"ARC Ensemble Performs Dmitri Klebanov\u2019s String Quartet No. 4 (III Scherzando)\" width=\"640\" height=\"360\" src=\"https:\/\/www.youtube.com\/embed\/7FzMMN3B01A?feature=oembed\" frameborder=\"0\" allow=\"accelerometer; autoplay; clipboard-write; encrypted-media; gyroscope; picture-in-picture; web-share\" referrerpolicy=\"strict-origin-when-cross-origin\" allowfullscreen><\/iframe>\n<\/div><figcaption class=\"wp-element-caption\"><strong>Scherzando<\/strong><\/figcaption><\/figure>\n<\/div>\n\n\n\n<div class=\"wp-block-column is-layout-flow wp-block-column-is-layout-flow\">\n<figure class=\"wp-block-embed is-type-video is-provider-youtube wp-block-embed-youtube wp-embed-aspect-16-9 wp-has-aspect-ratio\"><div class=\"wp-block-embed__wrapper\">\n<iframe title=\"ARC Ensemble Performs Dmitri Klebanov\u2019s Piano Trio No. 2 (II Scherzo)\" width=\"640\" height=\"360\" src=\"https:\/\/www.youtube.com\/embed\/HTxAcipIsXw?feature=oembed\" frameborder=\"0\" allow=\"accelerometer; autoplay; clipboard-write; encrypted-media; gyroscope; picture-in-picture; web-share\" referrerpolicy=\"strict-origin-when-cross-origin\" allowfullscreen><\/iframe>\n<\/div><figcaption class=\"wp-element-caption\"><strong>Scherzo<\/strong><\/figcaption><\/figure>\n<\/div>\n<\/div>\n\n\n\n<div style=\"height:15px\" aria-hidden=\"true\" class=\"wp-block-spacer\"><\/div>\n\n\n<div class=\"wp-block-image\">\n<figure class=\"alignleft size-full is-resized\"><img loading=\"lazy\" decoding=\"async\" width=\"402\" height=\"480\" src=\"https:\/\/www.iemj.org\/wp-content\/uploads\/2026\/01\/3.Ernest-Kanitz-3.jpg\" alt=\"\" class=\"wp-image-129491\" style=\"width:200px\" srcset=\"https:\/\/www.iemj.org\/wp-content\/uploads\/2026\/01\/3.Ernest-Kanitz-3.jpg 402w, https:\/\/www.iemj.org\/wp-content\/uploads\/2026\/01\/3.Ernest-Kanitz-3-251x300.jpg 251w\" sizes=\"(max-width: 402px) 100vw, 402px\" \/><\/figure>\n<\/div>\n\n\n<h3 class=\"wp-block-heading\">Ernest Kanitz (1894-1978)<\/h3>\n\n\n\n<p>En muchos aspectos, la trayectoria de Ernest Kanitz es similar a la de otros compositores de la colecci\u00f3n \u00abMusic in Exile\u00bb. Nacido el 9 de abril de 1894 en el seno de una acomodada familia jud\u00eda vienesa, Ernest Kanitz fue animado por su madre, pianista, a dedicarse a la m\u00fasica. Comenz\u00f3 a tomar clases de piano a los siete a\u00f1os y al a\u00f1o siguiente ya compon\u00eda. Durante su adolescencia, trabaj\u00f3 con Richard Heuberger, famoso cr\u00edtico y compositor, apasionado por la m\u00fasica coral, y m\u00e1s tarde con Franz Schreker, sin duda el compositor y pedagogo m\u00e1s influyente de Europa.<\/p>\n\n\n\n<p>En 1920 se cas\u00f3 con Gertrud Reif, una consumada pianista que hab\u00eda asistido a los seminarios de composici\u00f3n de Arnold Sch\u00f6nberg. En 1922 obtuvo un puesto de profesor de armon\u00eda, contrapunto y composici\u00f3n en el Nuevo Conservatorio de Viena. Durante los a\u00f1os veinte y treinta, las obras de Kanitz se interpretaron en el Festival de Salzburgo, as\u00ed como en Alemania, Rotterdam y Par\u00eds. Tambi\u00e9n se emitieron con frecuencia por radio, especialmente en Radio Wien. Pero Kanitz ser\u00eda sobre todo conocido como director del <em>Wiener Frauen-Kammerchor<\/em> (Coro de C\u00e1mara Femenino de Viena), que fund\u00f3 en 1930. El coro actu\u00f3 en el Musikverein de Viena, as\u00ed como en Budapest, Brno y Par\u00eds, y se gan\u00f3 un p\u00fablico numeroso y entusiasta. Los variados programas del coro inclu\u00edan obras de Kod\u00e1ly, Honegger y Stravinsky, as\u00ed como composiciones y arreglos del propio Kanitz. Su prestigio se vio reconocido en 1933, cuando entr\u00f3 a formar parte de la junta directiva de la Asociaci\u00f3n de Compositores Austriacos.<\/p>\n\n\n<div class=\"wp-block-image\">\n<figure class=\"alignright size-full is-resized\"><img loading=\"lazy\" decoding=\"async\" width=\"327\" height=\"479\" src=\"https:\/\/www.iemj.org\/wp-content\/uploads\/2026\/01\/5.Ernest-Kanitz-avec-ses-parents-et-sa-grande-soeur-Vienne-1895.jpg\" alt=\"\" class=\"wp-image-129508\" style=\"width:200px\" srcset=\"https:\/\/www.iemj.org\/wp-content\/uploads\/2026\/01\/5.Ernest-Kanitz-avec-ses-parents-et-sa-grande-soeur-Vienne-1895.jpg 327w, https:\/\/www.iemj.org\/wp-content\/uploads\/2026\/01\/5.Ernest-Kanitz-avec-ses-parents-et-sa-grande-soeur-Vienne-1895-205x300.jpg 205w\" sizes=\"(max-width: 327px) 100vw, 327px\" \/><figcaption class=\"wp-element-caption\"><strong>Ernest Kanitz, ni\u00f1o a la derecha con sus padres y su hermana &#8211; Viena, 1895.<\/strong><\/figcaption><\/figure>\n<\/div>\n\n\n<p>Aunque se convirti\u00f3 al cristianismo en 1914, sus or\u00edgenes jud\u00edos le obligaron a huir de Viena tras la anexi\u00f3n de Austria por la Alemania nazi. A principios de junio de 1938, la familia Kanitz parti\u00f3 hacia los Pa\u00edses Bajos. Embarcaron en el SS Veendam en R\u00f3terdam y desembarcaron en Hoboken, Nueva Jersey, el 26 de julio, con el apoyo del Comit\u00e9 Americano para los Refugiados Cristianos. Tras una breve estancia en Nueva York, Kanitz y su esposa Gertrude se instalaron en Rock Hill, Carolina del Sur, donde \u00e9l consigui\u00f3 un puesto de profesor. Tras la prematura muerte de Gertrude, v\u00edctima de un c\u00e1ncer, Kanitz se instal\u00f3 en California, donde desarroll\u00f3 una brillante carrera docente en la Universidad del Sur de California (USC). All\u00ed conoci\u00f3 al compositor Ernst Toch, tambi\u00e9n de origen jud\u00edo vien\u00e9s, que se convertir\u00eda en un amigo \u00edntimo.<\/p>\n\n\n<div class=\"wp-block-image\">\n<figure class=\"alignleft size-full is-resized\"><img loading=\"lazy\" decoding=\"async\" width=\"378\" height=\"479\" src=\"https:\/\/www.iemj.org\/wp-content\/uploads\/2026\/01\/6.Ernest-Kanitz_adulte.jpg\" alt=\"\" class=\"wp-image-129513\" style=\"width:200px\" srcset=\"https:\/\/www.iemj.org\/wp-content\/uploads\/2026\/01\/6.Ernest-Kanitz_adulte.jpg 378w, https:\/\/www.iemj.org\/wp-content\/uploads\/2026\/01\/6.Ernest-Kanitz_adulte-237x300.jpg 237w\" sizes=\"(max-width: 378px) 100vw, 378px\" \/><figcaption class=\"wp-element-caption\"><strong>Ernest Kanitz, ca 1970<\/strong><\/figcaption><\/figure>\n<\/div>\n\n\n<p>En 1960, su jubilaci\u00f3n de la USC le dej\u00f3 mucho m\u00e1s tiempo para componer, aunque sigui\u00f3 ense\u00f1ando y dando conferencias. Los a\u00f1os sesenta estuvieron marcados por una serie de \u00e9xitos notables. Su Concierto para fagot (1962), estrenado en abril de 1964 por la Orquesta Sinf\u00f3nica de San Francisco bajo la direcci\u00f3n de Josef Krips, fue posteriormente programado por Eugene Ormandy y la Orquesta de Filadelfia, as\u00ed como por Zubin Mehta y la Orquesta Filarm\u00f3nica de Los \u00c1ngeles. <em>Sinfonia Seria<\/em> (1963), la primera sinfon\u00eda de Kanitz, fue estrenada por la Orquesta Sinf\u00f3nica de San Luis bajo la direcci\u00f3n de Eleazar de Carvalho en octubre de 1964, y su Segunda Sinfon\u00eda (1965) por Josef Krips y la Orquesta Sinf\u00f3nica de San Francisco en diciembre de 1968. En la d\u00e9cada de 1970, su carrera como profesor y compositor se fue ralentizando progresivamente a medida que su salud y su vista se deterioraban. Kanitz falleci\u00f3 en Menlo Park, California, el 7 de abril de 1978, y fue enterrado junto a Gertrud en Due West, Carolina del Sur.<\/p>\n\n\n<div class=\"wp-block-image\">\n<figure class=\"alignright size-full is-resized\"><img loading=\"lazy\" decoding=\"async\" width=\"600\" height=\"600\" src=\"https:\/\/www.iemj.org\/wp-content\/uploads\/2026\/01\/COUV-Kanitz.jpg\" alt=\"\" class=\"wp-image-129469\" style=\"width:220px\" srcset=\"https:\/\/www.iemj.org\/wp-content\/uploads\/2026\/01\/COUV-Kanitz.jpg 600w, https:\/\/www.iemj.org\/wp-content\/uploads\/2026\/01\/COUV-Kanitz-300x300.jpg 300w, https:\/\/www.iemj.org\/wp-content\/uploads\/2026\/01\/COUV-Kanitz-150x150.jpg 150w, https:\/\/www.iemj.org\/wp-content\/uploads\/2026\/01\/COUV-Kanitz-100x100.jpg 100w\" sizes=\"(max-width: 600px) 100vw, 600px\" \/><\/figure>\n<\/div>\n\n\n<p>Tras su muerte, su m\u00fasica \u2014que incluye m\u00e1s de cuarenta obras para conjunto vocal, m\u00fasica de c\u00e1mara, \u00f3pera de c\u00e1mara y diversas formaciones orquestales\u2014 cay\u00f3 en el olvido, como la de tantos otros compositores emigrados.<\/p>\n\n\n\n<p>Fuentes: \u00a9 2025 Simon Wynberg \u2013 Comunicado de prensa y libreto del CD <em>Chamber Works by Ernest Kanitz<\/em><\/p>\n\n\n\n<div style=\"height:15px\" aria-hidden=\"true\" class=\"wp-block-spacer\"><\/div>\n\n\n\n<figure class=\"wp-block-embed is-type-video is-provider-youtube wp-block-embed-youtube wp-embed-aspect-16-9 wp-has-aspect-ratio\"><div class=\"wp-block-embed__wrapper\">\n<iframe title=\"Ernest Kanitz | Violin Sonata, op. 10 | Performed by ARC Ensemble\" width=\"640\" height=\"360\" src=\"https:\/\/www.youtube.com\/embed\/eP2qo9O48R4?feature=oembed\" frameborder=\"0\" allow=\"accelerometer; autoplay; clipboard-write; encrypted-media; gyroscope; picture-in-picture; web-share\" referrerpolicy=\"strict-origin-when-cross-origin\" allowfullscreen><\/iframe>\n<\/div><\/figure>\n\n\n\n<p><a href=\"https:\/\/www.chandos.net\/search?zoom_query=Arc+Ensemble&amp;zoom_per_page=24\" target=\"_blank\" rel=\"noopener\">Pedir los CDs Music in Exile<\/a><br><a href=\"https:\/\/www.rcmusic.com\/performance\/arc-ensemble\" target=\"_blank\" rel=\"noreferrer noopener\">M\u00e1s informaci\u00f3n sobre el ARC Ensemble<\/a><\/p>\n\n\n<div class=\"wp-block-image\">\n<figure class=\"aligncenter size-large\"><img loading=\"lazy\" decoding=\"async\" width=\"1024\" height=\"133\" src=\"https:\/\/www.iemj.org\/wp-content\/uploads\/2024\/03\/AUDIO-PLAYER-1024x133.png\" alt=\"\" class=\"wp-image-110608\" srcset=\"https:\/\/www.iemj.org\/wp-content\/uploads\/2024\/03\/AUDIO-PLAYER-1024x133.png 1024w, https:\/\/www.iemj.org\/wp-content\/uploads\/2024\/03\/AUDIO-PLAYER-300x39.png 300w, https:\/\/www.iemj.org\/wp-content\/uploads\/2024\/03\/AUDIO-PLAYER-768x100.png 768w, https:\/\/www.iemj.org\/wp-content\/uploads\/2024\/03\/AUDIO-PLAYER-600x78.png 600w, https:\/\/www.iemj.org\/wp-content\/uploads\/2024\/03\/AUDIO-PLAYER.png 1210w\" sizes=\"(max-width: 1024px) 100vw, 1024px\" \/><\/figure>\n<\/div>\n\n\n<p><\/p>\n","protected":false},"excerpt":{"rendered":"<p>ARC Ensemble Chandos Records Ltd &#8211; Collection Music in Exile<\/p>\n","protected":false},"author":5,"featured_media":129606,"comment_status":"closed","ping_status":"closed","sticky":false,"template":"","format":"standard","meta":{"_acf_changed":false,"footnotes":""},"categories":[1568,1565],"tags":[],"technique":[],"squelettes":[],"sujet":[1803],"formation":[],"genre":[1899],"fonds":[],"tradition":[],"type-de-contenu":[],"interprete-compositeur":[],"frise":[],"type-devenement":[],"tableaux-liens-externes":[],"class_list":["post-129612","post","type-post","status-publish","format-standard","has-post-thumbnail","hentry","category-cd-es","category-ultimas-adquisiciones-es","sujet-shoah-es","genre-musica-clasica-es"],"acf":[],"yoast_head":"<!-- This site is optimized with the Yoast SEO plugin v27.3 - https:\/\/yoast.com\/product\/yoast-seo-wordpress\/ -->\n<title>Chamber Works by Dmitri Klebanov &amp; Ernest Kanitz - Institut Europ\u00e9en des Musiques Juives<\/title>\n<meta name=\"robots\" content=\"index, follow, max-snippet:-1, max-image-preview:large, max-video-preview:-1\" \/>\n<link rel=\"canonical\" href=\"https:\/\/www.iemj.org\/es\/chamber-works-by-dmitri-klebanov-ernest-kanitz\/\" \/>\n<meta property=\"og:locale\" content=\"es_ES\" \/>\n<meta property=\"og:type\" content=\"article\" \/>\n<meta property=\"og:title\" content=\"Chamber Works by Dmitri Klebanov &amp; Ernest Kanitz - Institut Europ\u00e9en des Musiques Juives\" \/>\n<meta property=\"og:description\" content=\"ARC Ensemble Chandos Records Ltd &#8211; Collection Music in Exile\" \/>\n<meta property=\"og:url\" content=\"https:\/\/www.iemj.org\/es\/chamber-works-by-dmitri-klebanov-ernest-kanitz\/\" \/>\n<meta property=\"og:site_name\" content=\"Institut Europ\u00e9en des Musiques Juives\" \/>\n<meta property=\"article:publisher\" content=\"https:\/\/www.facebook.com\/MusiquesJuives\/\" \/>\n<meta property=\"article:published_time\" content=\"2026-01-19T15:41:35+00:00\" \/>\n<meta property=\"article:modified_time\" content=\"2026-01-20T12:08:52+00:00\" \/>\n<meta property=\"og:image\" content=\"https:\/\/www.iemj.org\/wp-content\/uploads\/2026\/01\/Logo-article-2-CD_Music-in-Exile-1.jpg\" \/>\n\t<meta property=\"og:image:width\" content=\"500\" \/>\n\t<meta property=\"og:image:height\" content=\"500\" \/>\n\t<meta property=\"og:image:type\" content=\"image\/jpeg\" \/>\n<meta name=\"author\" content=\"Jacqueline ROTEN\" \/>\n<meta name=\"twitter:card\" content=\"summary_large_image\" \/>\n<meta name=\"twitter:label1\" content=\"Escrito por\" \/>\n\t<meta name=\"twitter:data1\" content=\"Jacqueline ROTEN\" \/>\n\t<meta name=\"twitter:label2\" content=\"Tiempo de lectura\" \/>\n\t<meta name=\"twitter:data2\" content=\"12 minutos\" \/>\n<script type=\"application\/ld+json\" class=\"yoast-schema-graph\">{\"@context\":\"https:\\\/\\\/schema.org\",\"@graph\":[{\"@type\":\"Article\",\"@id\":\"https:\\\/\\\/www.iemj.org\\\/es\\\/chamber-works-by-dmitri-klebanov-ernest-kanitz\\\/#article\",\"isPartOf\":{\"@id\":\"https:\\\/\\\/www.iemj.org\\\/es\\\/chamber-works-by-dmitri-klebanov-ernest-kanitz\\\/\"},\"author\":{\"name\":\"Jacqueline ROTEN\",\"@id\":\"https:\\\/\\\/www.iemj.org\\\/es\\\/#\\\/schema\\\/person\\\/358e26c18aca017fcc4cc15437f7279c\"},\"headline\":\"Chamber Works by Dmitri Klebanov &amp; Ernest Kanitz\",\"datePublished\":\"2026-01-19T15:41:35+00:00\",\"dateModified\":\"2026-01-20T12:08:52+00:00\",\"mainEntityOfPage\":{\"@id\":\"https:\\\/\\\/www.iemj.org\\\/es\\\/chamber-works-by-dmitri-klebanov-ernest-kanitz\\\/\"},\"wordCount\":2014,\"publisher\":{\"@id\":\"https:\\\/\\\/www.iemj.org\\\/es\\\/#organization\"},\"image\":{\"@id\":\"https:\\\/\\\/www.iemj.org\\\/es\\\/chamber-works-by-dmitri-klebanov-ernest-kanitz\\\/#primaryimage\"},\"thumbnailUrl\":\"https:\\\/\\\/www.iemj.org\\\/wp-content\\\/uploads\\\/2026\\\/01\\\/Logo-article-2-CD_Music-in-Exile-1.jpg\",\"articleSection\":[\"CD\",\"\u00daltimas adquisiciones\"],\"inLanguage\":\"es\"},{\"@type\":\"WebPage\",\"@id\":\"https:\\\/\\\/www.iemj.org\\\/es\\\/chamber-works-by-dmitri-klebanov-ernest-kanitz\\\/\",\"url\":\"https:\\\/\\\/www.iemj.org\\\/es\\\/chamber-works-by-dmitri-klebanov-ernest-kanitz\\\/\",\"name\":\"Chamber Works by Dmitri Klebanov &amp; Ernest Kanitz - Institut Europ\u00e9en des Musiques Juives\",\"isPartOf\":{\"@id\":\"https:\\\/\\\/www.iemj.org\\\/es\\\/#website\"},\"primaryImageOfPage\":{\"@id\":\"https:\\\/\\\/www.iemj.org\\\/es\\\/chamber-works-by-dmitri-klebanov-ernest-kanitz\\\/#primaryimage\"},\"image\":{\"@id\":\"https:\\\/\\\/www.iemj.org\\\/es\\\/chamber-works-by-dmitri-klebanov-ernest-kanitz\\\/#primaryimage\"},\"thumbnailUrl\":\"https:\\\/\\\/www.iemj.org\\\/wp-content\\\/uploads\\\/2026\\\/01\\\/Logo-article-2-CD_Music-in-Exile-1.jpg\",\"datePublished\":\"2026-01-19T15:41:35+00:00\",\"dateModified\":\"2026-01-20T12:08:52+00:00\",\"breadcrumb\":{\"@id\":\"https:\\\/\\\/www.iemj.org\\\/es\\\/chamber-works-by-dmitri-klebanov-ernest-kanitz\\\/#breadcrumb\"},\"inLanguage\":\"es\",\"potentialAction\":[{\"@type\":\"ReadAction\",\"target\":[\"https:\\\/\\\/www.iemj.org\\\/es\\\/chamber-works-by-dmitri-klebanov-ernest-kanitz\\\/\"]}]},{\"@type\":\"ImageObject\",\"inLanguage\":\"es\",\"@id\":\"https:\\\/\\\/www.iemj.org\\\/es\\\/chamber-works-by-dmitri-klebanov-ernest-kanitz\\\/#primaryimage\",\"url\":\"https:\\\/\\\/www.iemj.org\\\/wp-content\\\/uploads\\\/2026\\\/01\\\/Logo-article-2-CD_Music-in-Exile-1.jpg\",\"contentUrl\":\"https:\\\/\\\/www.iemj.org\\\/wp-content\\\/uploads\\\/2026\\\/01\\\/Logo-article-2-CD_Music-in-Exile-1.jpg\",\"width\":500,\"height\":500},{\"@type\":\"BreadcrumbList\",\"@id\":\"https:\\\/\\\/www.iemj.org\\\/es\\\/chamber-works-by-dmitri-klebanov-ernest-kanitz\\\/#breadcrumb\",\"itemListElement\":[{\"@type\":\"ListItem\",\"position\":1,\"name\":\"Accueil\",\"item\":\"https:\\\/\\\/www.iemj.org\\\/es\\\/\"},{\"@type\":\"ListItem\",\"position\":2,\"name\":\"Chamber Works by Dmitri Klebanov &amp; Ernest Kanitz\"}]},{\"@type\":\"WebSite\",\"@id\":\"https:\\\/\\\/www.iemj.org\\\/es\\\/#website\",\"url\":\"https:\\\/\\\/www.iemj.org\\\/es\\\/\",\"name\":\"Institut Europ\u00e9en des Musiques Juives\",\"description\":\"Des traditions musicales \u00e0 la port\u00e9e de tous\",\"publisher\":{\"@id\":\"https:\\\/\\\/www.iemj.org\\\/es\\\/#organization\"},\"potentialAction\":[{\"@type\":\"SearchAction\",\"target\":{\"@type\":\"EntryPoint\",\"urlTemplate\":\"https:\\\/\\\/www.iemj.org\\\/es\\\/?s={search_term_string}\"},\"query-input\":{\"@type\":\"PropertyValueSpecification\",\"valueRequired\":true,\"valueName\":\"search_term_string\"}}],\"inLanguage\":\"es\"},{\"@type\":\"Organization\",\"@id\":\"https:\\\/\\\/www.iemj.org\\\/es\\\/#organization\",\"name\":\"Institut Europ\u00e9en des Musiques Juives\",\"url\":\"https:\\\/\\\/www.iemj.org\\\/es\\\/\",\"logo\":{\"@type\":\"ImageObject\",\"inLanguage\":\"es\",\"@id\":\"https:\\\/\\\/www.iemj.org\\\/es\\\/#\\\/schema\\\/logo\\\/image\\\/\",\"url\":\"https:\\\/\\\/www.iemj.org\\\/wp-content\\\/uploads\\\/2021\\\/09\\\/Logo-IEMJ-Paypal.jpg\",\"contentUrl\":\"https:\\\/\\\/www.iemj.org\\\/wp-content\\\/uploads\\\/2021\\\/09\\\/Logo-IEMJ-Paypal.jpg\",\"width\":150,\"height\":50,\"caption\":\"Institut Europ\u00e9en des Musiques Juives\"},\"image\":{\"@id\":\"https:\\\/\\\/www.iemj.org\\\/es\\\/#\\\/schema\\\/logo\\\/image\\\/\"},\"sameAs\":[\"https:\\\/\\\/www.facebook.com\\\/MusiquesJuives\\\/\",\"https:\\\/\\\/www.instagram.com\\\/musiquesjuives\\\/\",\"https:\\\/\\\/www.youtube.com\\\/user\\\/musiquesjuives\"]},{\"@type\":\"Person\",\"@id\":\"https:\\\/\\\/www.iemj.org\\\/es\\\/#\\\/schema\\\/person\\\/358e26c18aca017fcc4cc15437f7279c\",\"name\":\"Jacqueline ROTEN\",\"image\":{\"@type\":\"ImageObject\",\"inLanguage\":\"es\",\"@id\":\"https:\\\/\\\/secure.gravatar.com\\\/avatar\\\/5964256d6c6957de3a3505278957e0fb2a35119ac47ea41827a65301213c810b?s=96&d=mm&r=g\",\"url\":\"https:\\\/\\\/secure.gravatar.com\\\/avatar\\\/5964256d6c6957de3a3505278957e0fb2a35119ac47ea41827a65301213c810b?s=96&d=mm&r=g\",\"contentUrl\":\"https:\\\/\\\/secure.gravatar.com\\\/avatar\\\/5964256d6c6957de3a3505278957e0fb2a35119ac47ea41827a65301213c810b?s=96&d=mm&r=g\",\"caption\":\"Jacqueline ROTEN\"}}]}<\/script>\n<!-- \/ Yoast SEO plugin. -->","yoast_head_json":{"title":"Chamber Works by Dmitri Klebanov &amp; Ernest Kanitz - Institut Europ\u00e9en des Musiques Juives","robots":{"index":"index","follow":"follow","max-snippet":"max-snippet:-1","max-image-preview":"max-image-preview:large","max-video-preview":"max-video-preview:-1"},"canonical":"https:\/\/www.iemj.org\/es\/chamber-works-by-dmitri-klebanov-ernest-kanitz\/","og_locale":"es_ES","og_type":"article","og_title":"Chamber Works by Dmitri Klebanov &amp; Ernest Kanitz - Institut Europ\u00e9en des Musiques Juives","og_description":"ARC Ensemble Chandos Records Ltd &#8211; Collection Music in Exile","og_url":"https:\/\/www.iemj.org\/es\/chamber-works-by-dmitri-klebanov-ernest-kanitz\/","og_site_name":"Institut Europ\u00e9en des Musiques Juives","article_publisher":"https:\/\/www.facebook.com\/MusiquesJuives\/","article_published_time":"2026-01-19T15:41:35+00:00","article_modified_time":"2026-01-20T12:08:52+00:00","og_image":[{"width":500,"height":500,"url":"https:\/\/www.iemj.org\/wp-content\/uploads\/2026\/01\/Logo-article-2-CD_Music-in-Exile-1.jpg","type":"image\/jpeg"}],"author":"Jacqueline ROTEN","twitter_card":"summary_large_image","twitter_misc":{"Escrito por":"Jacqueline ROTEN","Tiempo de lectura":"12 minutos"},"schema":{"@context":"https:\/\/schema.org","@graph":[{"@type":"Article","@id":"https:\/\/www.iemj.org\/es\/chamber-works-by-dmitri-klebanov-ernest-kanitz\/#article","isPartOf":{"@id":"https:\/\/www.iemj.org\/es\/chamber-works-by-dmitri-klebanov-ernest-kanitz\/"},"author":{"name":"Jacqueline ROTEN","@id":"https:\/\/www.iemj.org\/es\/#\/schema\/person\/358e26c18aca017fcc4cc15437f7279c"},"headline":"Chamber Works by Dmitri Klebanov &amp; Ernest Kanitz","datePublished":"2026-01-19T15:41:35+00:00","dateModified":"2026-01-20T12:08:52+00:00","mainEntityOfPage":{"@id":"https:\/\/www.iemj.org\/es\/chamber-works-by-dmitri-klebanov-ernest-kanitz\/"},"wordCount":2014,"publisher":{"@id":"https:\/\/www.iemj.org\/es\/#organization"},"image":{"@id":"https:\/\/www.iemj.org\/es\/chamber-works-by-dmitri-klebanov-ernest-kanitz\/#primaryimage"},"thumbnailUrl":"https:\/\/www.iemj.org\/wp-content\/uploads\/2026\/01\/Logo-article-2-CD_Music-in-Exile-1.jpg","articleSection":["CD","\u00daltimas adquisiciones"],"inLanguage":"es"},{"@type":"WebPage","@id":"https:\/\/www.iemj.org\/es\/chamber-works-by-dmitri-klebanov-ernest-kanitz\/","url":"https:\/\/www.iemj.org\/es\/chamber-works-by-dmitri-klebanov-ernest-kanitz\/","name":"Chamber Works by Dmitri Klebanov &amp; Ernest Kanitz - Institut Europ\u00e9en des Musiques Juives","isPartOf":{"@id":"https:\/\/www.iemj.org\/es\/#website"},"primaryImageOfPage":{"@id":"https:\/\/www.iemj.org\/es\/chamber-works-by-dmitri-klebanov-ernest-kanitz\/#primaryimage"},"image":{"@id":"https:\/\/www.iemj.org\/es\/chamber-works-by-dmitri-klebanov-ernest-kanitz\/#primaryimage"},"thumbnailUrl":"https:\/\/www.iemj.org\/wp-content\/uploads\/2026\/01\/Logo-article-2-CD_Music-in-Exile-1.jpg","datePublished":"2026-01-19T15:41:35+00:00","dateModified":"2026-01-20T12:08:52+00:00","breadcrumb":{"@id":"https:\/\/www.iemj.org\/es\/chamber-works-by-dmitri-klebanov-ernest-kanitz\/#breadcrumb"},"inLanguage":"es","potentialAction":[{"@type":"ReadAction","target":["https:\/\/www.iemj.org\/es\/chamber-works-by-dmitri-klebanov-ernest-kanitz\/"]}]},{"@type":"ImageObject","inLanguage":"es","@id":"https:\/\/www.iemj.org\/es\/chamber-works-by-dmitri-klebanov-ernest-kanitz\/#primaryimage","url":"https:\/\/www.iemj.org\/wp-content\/uploads\/2026\/01\/Logo-article-2-CD_Music-in-Exile-1.jpg","contentUrl":"https:\/\/www.iemj.org\/wp-content\/uploads\/2026\/01\/Logo-article-2-CD_Music-in-Exile-1.jpg","width":500,"height":500},{"@type":"BreadcrumbList","@id":"https:\/\/www.iemj.org\/es\/chamber-works-by-dmitri-klebanov-ernest-kanitz\/#breadcrumb","itemListElement":[{"@type":"ListItem","position":1,"name":"Accueil","item":"https:\/\/www.iemj.org\/es\/"},{"@type":"ListItem","position":2,"name":"Chamber Works by Dmitri Klebanov &amp; Ernest Kanitz"}]},{"@type":"WebSite","@id":"https:\/\/www.iemj.org\/es\/#website","url":"https:\/\/www.iemj.org\/es\/","name":"Institut Europ\u00e9en des Musiques Juives","description":"Des traditions musicales \u00e0 la port\u00e9e de tous","publisher":{"@id":"https:\/\/www.iemj.org\/es\/#organization"},"potentialAction":[{"@type":"SearchAction","target":{"@type":"EntryPoint","urlTemplate":"https:\/\/www.iemj.org\/es\/?s={search_term_string}"},"query-input":{"@type":"PropertyValueSpecification","valueRequired":true,"valueName":"search_term_string"}}],"inLanguage":"es"},{"@type":"Organization","@id":"https:\/\/www.iemj.org\/es\/#organization","name":"Institut Europ\u00e9en des Musiques Juives","url":"https:\/\/www.iemj.org\/es\/","logo":{"@type":"ImageObject","inLanguage":"es","@id":"https:\/\/www.iemj.org\/es\/#\/schema\/logo\/image\/","url":"https:\/\/www.iemj.org\/wp-content\/uploads\/2021\/09\/Logo-IEMJ-Paypal.jpg","contentUrl":"https:\/\/www.iemj.org\/wp-content\/uploads\/2021\/09\/Logo-IEMJ-Paypal.jpg","width":150,"height":50,"caption":"Institut Europ\u00e9en des Musiques Juives"},"image":{"@id":"https:\/\/www.iemj.org\/es\/#\/schema\/logo\/image\/"},"sameAs":["https:\/\/www.facebook.com\/MusiquesJuives\/","https:\/\/www.instagram.com\/musiquesjuives\/","https:\/\/www.youtube.com\/user\/musiquesjuives"]},{"@type":"Person","@id":"https:\/\/www.iemj.org\/es\/#\/schema\/person\/358e26c18aca017fcc4cc15437f7279c","name":"Jacqueline ROTEN","image":{"@type":"ImageObject","inLanguage":"es","@id":"https:\/\/secure.gravatar.com\/avatar\/5964256d6c6957de3a3505278957e0fb2a35119ac47ea41827a65301213c810b?s=96&d=mm&r=g","url":"https:\/\/secure.gravatar.com\/avatar\/5964256d6c6957de3a3505278957e0fb2a35119ac47ea41827a65301213c810b?s=96&d=mm&r=g","contentUrl":"https:\/\/secure.gravatar.com\/avatar\/5964256d6c6957de3a3505278957e0fb2a35119ac47ea41827a65301213c810b?s=96&d=mm&r=g","caption":"Jacqueline ROTEN"}}]}},"_links":{"self":[{"href":"https:\/\/www.iemj.org\/es\/wp-json\/wp\/v2\/posts\/129612","targetHints":{"allow":["GET"]}}],"collection":[{"href":"https:\/\/www.iemj.org\/es\/wp-json\/wp\/v2\/posts"}],"about":[{"href":"https:\/\/www.iemj.org\/es\/wp-json\/wp\/v2\/types\/post"}],"author":[{"embeddable":true,"href":"https:\/\/www.iemj.org\/es\/wp-json\/wp\/v2\/users\/5"}],"replies":[{"embeddable":true,"href":"https:\/\/www.iemj.org\/es\/wp-json\/wp\/v2\/comments?post=129612"}],"version-history":[{"count":4,"href":"https:\/\/www.iemj.org\/es\/wp-json\/wp\/v2\/posts\/129612\/revisions"}],"predecessor-version":[{"id":129641,"href":"https:\/\/www.iemj.org\/es\/wp-json\/wp\/v2\/posts\/129612\/revisions\/129641"}],"wp:featuredmedia":[{"embeddable":true,"href":"https:\/\/www.iemj.org\/es\/wp-json\/wp\/v2\/media\/129606"}],"wp:attachment":[{"href":"https:\/\/www.iemj.org\/es\/wp-json\/wp\/v2\/media?parent=129612"}],"wp:term":[{"taxonomy":"category","embeddable":true,"href":"https:\/\/www.iemj.org\/es\/wp-json\/wp\/v2\/categories?post=129612"},{"taxonomy":"post_tag","embeddable":true,"href":"https:\/\/www.iemj.org\/es\/wp-json\/wp\/v2\/tags?post=129612"},{"taxonomy":"technique","embeddable":true,"href":"https:\/\/www.iemj.org\/es\/wp-json\/wp\/v2\/technique?post=129612"},{"taxonomy":"squelettes","embeddable":true,"href":"https:\/\/www.iemj.org\/es\/wp-json\/wp\/v2\/squelettes?post=129612"},{"taxonomy":"sujet","embeddable":true,"href":"https:\/\/www.iemj.org\/es\/wp-json\/wp\/v2\/sujet?post=129612"},{"taxonomy":"formation","embeddable":true,"href":"https:\/\/www.iemj.org\/es\/wp-json\/wp\/v2\/formation?post=129612"},{"taxonomy":"genre","embeddable":true,"href":"https:\/\/www.iemj.org\/es\/wp-json\/wp\/v2\/genre?post=129612"},{"taxonomy":"fonds","embeddable":true,"href":"https:\/\/www.iemj.org\/es\/wp-json\/wp\/v2\/fonds?post=129612"},{"taxonomy":"tradition","embeddable":true,"href":"https:\/\/www.iemj.org\/es\/wp-json\/wp\/v2\/tradition?post=129612"},{"taxonomy":"type-de-contenu","embeddable":true,"href":"https:\/\/www.iemj.org\/es\/wp-json\/wp\/v2\/type-de-contenu?post=129612"},{"taxonomy":"interprete-compositeur","embeddable":true,"href":"https:\/\/www.iemj.org\/es\/wp-json\/wp\/v2\/interprete-compositeur?post=129612"},{"taxonomy":"frise","embeddable":true,"href":"https:\/\/www.iemj.org\/es\/wp-json\/wp\/v2\/frise?post=129612"},{"taxonomy":"type-devenement","embeddable":true,"href":"https:\/\/www.iemj.org\/es\/wp-json\/wp\/v2\/type-devenement?post=129612"},{"taxonomy":"tableaux-liens-externes","embeddable":true,"href":"https:\/\/www.iemj.org\/es\/wp-json\/wp\/v2\/tableaux-liens-externes?post=129612"}],"curies":[{"name":"wp","href":"https:\/\/api.w.org\/{rel}","templated":true}]}}