{"id":131952,"date":"2026-04-26T13:17:08","date_gmt":"2026-04-26T11:17:08","guid":{"rendered":"https:\/\/www.iemj.org\/jewish-baroque-music\/"},"modified":"2026-04-27T13:10:37","modified_gmt":"2026-04-27T11:10:37","slug":"jewish-baroque-music","status":"publish","type":"post","link":"https:\/\/www.iemj.org\/es\/jewish-baroque-music\/","title":{"rendered":"Jewish Baroque Music"},"content":{"rendered":"\n<p><strong>Concerto classic, 2008 \/ Music.media, 2009<\/strong><\/p>\n\n\n\n<!--more-->\n\n\n\n<p>Este CD, grabado en 2008 por el Ensemble Salomone Rossi, ofrece una recopilaci\u00f3n de obras emblem\u00e1ticas de la m\u00fasica barroca jud\u00eda que se desarroll\u00f3 en Italia a partir del siglo XVII y continu\u00f3 en \u00c1msterdam durante el siglo XVIII.<\/p>\n\n\n\n<h2 class=\"wp-block-heading\"><strong>La m\u00fasica barroca jud\u00eda: una breve introducci\u00f3n<\/strong><\/h2>\n\n\n\n<p>En el norte de Italia, la corte de los Gonzaga de Mantua acogi\u00f3 en los siglos XVI y XVII a numerosos m\u00fasicos jud\u00edos. <a href=\"https:\/\/www.iemj.org\/es\/rossi-salomone-vers-1570-vers-1630\/\" target=\"_blank\" rel=\"noreferrer noopener\">Salamone Rossi (ca 1570 \u2013 ca 1630)<\/a>, sin duda el m\u00e1s famoso de ellos, trabaj\u00f3 all\u00ed hasta 1612 junto a Claudio Monteverdi (1567-1643). En 1622-23, bajo la influencia del rabino reformista Le\u00f3n de M\u00f3dena, Salamone Rossi public\u00f3 en Venecia una importante recopilaci\u00f3n \u2014titulada <em>Ha-Shirim asher li-Shelomo<\/em> (Los c\u00e1nticos seg\u00fan Salom\u00f3n)\u2014 que conten\u00eda 33 coros de 3 a 8 voces destinada al culto sinagogal y escrita en el estilo italiano de la \u00e9poca. El presente CD recoge tres de estos coros (<em>En Keloh\u00e8nu, Shir hamaalot, Mizmor le Toda<\/em>) intercalados con piezas instrumentales de Rossi. Tambi\u00e9n en Italia, el compositor no jud\u00edo Carlo Grossi (1634-1688) compuso en 1680 (o 1681) una <em>Cantata ebraica in dialogo<\/em> para una cofrad\u00eda jud\u00eda de M\u00f3dena o Venecia.<\/p>\n\n\n\n<p>Este proceso de asimilaci\u00f3n de los jud\u00edos a la m\u00fasica culta de su entorno tambi\u00e9n tuvo lugar en \u00c1msterdam, donde, en el siglo XVIII, ricas familias jud\u00edas portuguesas acog\u00edan en sus salones conciertos de \u00f3pera y cantatas, g\u00e9neros que penetraron incluso en la sinagoga con las obras de Abraham C\u00e1ceres (en particular <em>Hiski Hizki<\/em> y la cantata <em>Le-el Elim<\/em> de 1738) y <a href=\"https:\/\/www.iemj.org\/es\/lidarti-cristiano-giuseppe-1730-apres-1793\/\" target=\"_blank\" rel=\"noreferrer noopener\">Cristiano Giuseppe Lidarti (1730-apr\u00e8s 1793)<\/a>. Este \u00faltimo compuso en 1774 el <a href=\"https:\/\/www.iemj.org\/es\/ester-un-oratorio-de-pourim-du-compositeur-lidarti-1730-ap-1793\/\" target=\"_blank\" rel=\"noreferrer noopener\">oratorio Ester<\/a>, la obra m\u00e1s larga de toda la historia de la m\u00fasica barroca jud\u00eda (m\u00e1s de dos horas). El libreto del oratorio <em>Ester <\/em>es obra del rabino de Mantua y Venecia, Jacob Raphael Saraval (\u00bf1707?-1782), conocido por su inter\u00e9s por la m\u00fasica. En un documento fechado en marzo de 1757, Saraval solicita a las autoridades del gueto de Mantua, unos d\u00edas antes de Purim, permiso para que los alumnos de su <em>yeshiv\u00e1 <\/em>representen \u00abuna especie de \u00f3pera basada en una historia b\u00edblica\u00bb. Obtiene el permiso con la condici\u00f3n de que no se admita a ning\u00fan no jud\u00edo en la representaci\u00f3n, a excepci\u00f3n del instrumentista y del sastre. El libreto de Saraval se basa en el texto de la segunda versi\u00f3n del oratorio <em>Ester <\/em>de H\u00e4ndel (1732), pero con muchos cortes y algunas adiciones. Este deslumbrante CD hace referencia a este oratorio de H\u00e4ndel incluyendo dos piezas extra\u00eddas del mismo.<\/p>\n\n\n<div class=\"wp-block-image\">\n<figure class=\"aligncenter size-full\"><img fetchpriority=\"high\" decoding=\"async\" width=\"800\" height=\"553\" src=\"https:\/\/www.iemj.org\/wp-content\/uploads\/2026\/04\/CD_2114_VIG4_redim.jpg\" alt=\"\" class=\"wp-image-131874\" srcset=\"https:\/\/www.iemj.org\/wp-content\/uploads\/2026\/04\/CD_2114_VIG4_redim.jpg 800w, https:\/\/www.iemj.org\/wp-content\/uploads\/2026\/04\/CD_2114_VIG4_redim-300x207.jpg 300w, https:\/\/www.iemj.org\/wp-content\/uploads\/2026\/04\/CD_2114_VIG4_redim-768x531.jpg 768w, https:\/\/www.iemj.org\/wp-content\/uploads\/2026\/04\/CD_2114_VIG4_redim-600x415.jpg 600w\" sizes=\"(max-width: 800px) 100vw, 800px\" \/><\/figure>\n<\/div>\n\n\n<div style=\"height:17px\" aria-hidden=\"true\" class=\"wp-block-spacer\"><\/div>\n\n\n\n<h2 class=\"wp-block-heading\"><strong>El Ensemble Salomone Rossi<\/strong><\/h2>\n\n\n\n<p>Fundado en 1991 por la violinista <a href=\"https:\/\/www.lydiacevidalli.it\/en\/biography-of-lydia-cevidalli\/\" target=\"_blank\" rel=\"noreferrer noopener\">Lydia Cevidalli<\/a>, el Ensemble Salomone Rossi cuenta en este CD con Caterina Trogu Roehrich, soprano; Renata Stefani, mezzosoprano; Luigi Pagliarini, tenor; Davide Benetti, bajo; Lydia Cevidalli y Elena Marazzi, violines; Fabio Bellofiore y Eugenio Silvestri, violas; Claudio Frigerio, violonchelo, y Simonetta Heger, clavec\u00edn.<\/p>\n\n\n\n<p><a href=\"https:\/\/www.iemj.org\/es\/ensemble-salomone-rossi\/\" target=\"_blank\" rel=\"noreferrer noopener\">M\u00e1s informaci\u00f3n sobre el Ensemble Salomone Rossi<\/a><\/p>\n\n\n\n<p><a href=\"https:\/\/www.lydiacevidalli.it\/en\/ensemble-salomone-rossi-discography\/\" target=\"_blank\" rel=\"noreferrer noopener\">Ver otros CD grabados por el Ensemble Salomone Rossi<\/a><\/p>\n\n\n\n<p><a href=\"https:\/\/www.lydiacevidalli.it\/en\/biography-of-lydia-cevidalli\/\" target=\"_blank\" rel=\"noreferrer noopener\">M\u00e1s informaci\u00f3n sobre Lydia Cevidalli<\/a><\/p>\n\n\n\n<div class=\"wp-block-buttons is-content-justification-center is-layout-flex wp-container-core-buttons-is-layout-16018d1d wp-block-buttons-is-layout-flex\">\n<div class=\"wp-block-button has-custom-width wp-block-button__width-100\"><a class=\"wp-block-button__link has-white-color has-text-color has-background has-link-color wp-element-button\" href=\"https:\/\/www.iemj.org\/es\/genre\/musica-barroca-es\/\" style=\"background-color:#3c4b98\" target=\"_blank\" rel=\"noreferrer noopener\"><strong>Ver otros art\u00edculos sobre la m\u00fasica barroca jud\u00eda<\/strong><\/a><\/div>\n<\/div>\n\n\n\n<div style=\"height:15px\" aria-hidden=\"true\" class=\"wp-block-spacer\"><\/div>\n\n\n<div class=\"wp-block-image\">\n<figure class=\"aligncenter size-large\"><img decoding=\"async\" width=\"1024\" height=\"133\" src=\"https:\/\/www.iemj.org\/wp-content\/uploads\/2024\/03\/AUDIO-PLAYER-1024x133.png\" alt=\"\" class=\"wp-image-110608\" srcset=\"https:\/\/www.iemj.org\/wp-content\/uploads\/2024\/03\/AUDIO-PLAYER-1024x133.png 1024w, https:\/\/www.iemj.org\/wp-content\/uploads\/2024\/03\/AUDIO-PLAYER-300x39.png 300w, https:\/\/www.iemj.org\/wp-content\/uploads\/2024\/03\/AUDIO-PLAYER-768x100.png 768w, https:\/\/www.iemj.org\/wp-content\/uploads\/2024\/03\/AUDIO-PLAYER-600x78.png 600w, https:\/\/www.iemj.org\/wp-content\/uploads\/2024\/03\/AUDIO-PLAYER.png 1210w\" sizes=\"(max-width: 1024px) 100vw, 1024px\" \/><\/figure>\n<\/div>\n\n\n<p><\/p>\n","protected":false},"excerpt":{"rendered":"<p>Concerto classic, 2008 \/ Music.media, 2009<\/p>\n","protected":false},"author":5,"featured_media":131873,"comment_status":"closed","ping_status":"closed","sticky":false,"template":"","format":"standard","meta":{"_acf_changed":false,"footnotes":""},"categories":[1568,1565],"tags":[2092],"technique":[],"squelettes":[],"sujet":[],"formation":[],"genre":[1894],"fonds":[],"tradition":[],"type-de-contenu":[],"interprete-compositeur":[3280],"frise":[],"type-devenement":[],"tableaux-liens-externes":[],"class_list":["post-131952","post","type-post","status-publish","format-standard","has-post-thumbnail","hentry","category-cd-es","category-ultimas-adquisiciones-es","tag-italia-es","genre-musica-barroca-es","interprete-compositeur-salomone-rossi-es"],"acf":[],"yoast_head":"<!-- This site is optimized with the Yoast SEO plugin v27.3 - https:\/\/yoast.com\/product\/yoast-seo-wordpress\/ -->\n<title>Jewish Baroque Music - Institut Europ\u00e9en des Musiques Juives<\/title>\n<meta name=\"robots\" content=\"index, follow, max-snippet:-1, max-image-preview:large, max-video-preview:-1\" \/>\n<link rel=\"canonical\" href=\"https:\/\/www.iemj.org\/es\/jewish-baroque-music\/\" \/>\n<meta property=\"og:locale\" content=\"es_ES\" \/>\n<meta property=\"og:type\" content=\"article\" \/>\n<meta property=\"og:title\" content=\"Jewish Baroque Music - Institut Europ\u00e9en des Musiques Juives\" \/>\n<meta property=\"og:description\" content=\"Concerto classic, 2008 \/ Music.media, 2009\" \/>\n<meta property=\"og:url\" content=\"https:\/\/www.iemj.org\/es\/jewish-baroque-music\/\" \/>\n<meta property=\"og:site_name\" content=\"Institut Europ\u00e9en des Musiques Juives\" \/>\n<meta property=\"article:publisher\" content=\"https:\/\/www.facebook.com\/MusiquesJuives\/\" \/>\n<meta property=\"article:published_time\" content=\"2026-04-26T11:17:08+00:00\" \/>\n<meta property=\"article:modified_time\" content=\"2026-04-27T11:10:37+00:00\" \/>\n<meta property=\"og:image\" content=\"https:\/\/www.iemj.org\/wp-content\/uploads\/2026\/04\/CD-Jewish-Baroque-Music.jpg\" \/>\n\t<meta property=\"og:image:width\" content=\"500\" \/>\n\t<meta property=\"og:image:height\" content=\"452\" \/>\n\t<meta property=\"og:image:type\" content=\"image\/jpeg\" \/>\n<meta name=\"author\" content=\"Jacqueline ROTEN\" \/>\n<meta name=\"twitter:card\" content=\"summary_large_image\" \/>\n<meta name=\"twitter:label1\" content=\"Escrito por\" \/>\n\t<meta name=\"twitter:data1\" content=\"Jacqueline ROTEN\" \/>\n\t<meta name=\"twitter:label2\" content=\"Tiempo de lectura\" \/>\n\t<meta name=\"twitter:data2\" content=\"4 minutos\" \/>\n<script type=\"application\/ld+json\" class=\"yoast-schema-graph\">{\"@context\":\"https:\\\/\\\/schema.org\",\"@graph\":[{\"@type\":\"Article\",\"@id\":\"https:\\\/\\\/www.iemj.org\\\/es\\\/jewish-baroque-music\\\/#article\",\"isPartOf\":{\"@id\":\"https:\\\/\\\/www.iemj.org\\\/es\\\/jewish-baroque-music\\\/\"},\"author\":{\"name\":\"Jacqueline ROTEN\",\"@id\":\"https:\\\/\\\/www.iemj.org\\\/es\\\/#\\\/schema\\\/person\\\/358e26c18aca017fcc4cc15437f7279c\"},\"headline\":\"Jewish Baroque Music\",\"datePublished\":\"2026-04-26T11:17:08+00:00\",\"dateModified\":\"2026-04-27T11:10:37+00:00\",\"mainEntityOfPage\":{\"@id\":\"https:\\\/\\\/www.iemj.org\\\/es\\\/jewish-baroque-music\\\/\"},\"wordCount\":543,\"publisher\":{\"@id\":\"https:\\\/\\\/www.iemj.org\\\/es\\\/#organization\"},\"image\":{\"@id\":\"https:\\\/\\\/www.iemj.org\\\/es\\\/jewish-baroque-music\\\/#primaryimage\"},\"thumbnailUrl\":\"https:\\\/\\\/www.iemj.org\\\/wp-content\\\/uploads\\\/2026\\\/04\\\/CD-Jewish-Baroque-Music.jpg\",\"keywords\":[\"Italia\"],\"articleSection\":[\"CD\",\"\u00daltimas adquisiciones\"],\"inLanguage\":\"es\"},{\"@type\":\"WebPage\",\"@id\":\"https:\\\/\\\/www.iemj.org\\\/es\\\/jewish-baroque-music\\\/\",\"url\":\"https:\\\/\\\/www.iemj.org\\\/es\\\/jewish-baroque-music\\\/\",\"name\":\"Jewish Baroque Music - Institut Europ\u00e9en des Musiques Juives\",\"isPartOf\":{\"@id\":\"https:\\\/\\\/www.iemj.org\\\/es\\\/#website\"},\"primaryImageOfPage\":{\"@id\":\"https:\\\/\\\/www.iemj.org\\\/es\\\/jewish-baroque-music\\\/#primaryimage\"},\"image\":{\"@id\":\"https:\\\/\\\/www.iemj.org\\\/es\\\/jewish-baroque-music\\\/#primaryimage\"},\"thumbnailUrl\":\"https:\\\/\\\/www.iemj.org\\\/wp-content\\\/uploads\\\/2026\\\/04\\\/CD-Jewish-Baroque-Music.jpg\",\"datePublished\":\"2026-04-26T11:17:08+00:00\",\"dateModified\":\"2026-04-27T11:10:37+00:00\",\"breadcrumb\":{\"@id\":\"https:\\\/\\\/www.iemj.org\\\/es\\\/jewish-baroque-music\\\/#breadcrumb\"},\"inLanguage\":\"es\",\"potentialAction\":[{\"@type\":\"ReadAction\",\"target\":[\"https:\\\/\\\/www.iemj.org\\\/es\\\/jewish-baroque-music\\\/\"]}]},{\"@type\":\"ImageObject\",\"inLanguage\":\"es\",\"@id\":\"https:\\\/\\\/www.iemj.org\\\/es\\\/jewish-baroque-music\\\/#primaryimage\",\"url\":\"https:\\\/\\\/www.iemj.org\\\/wp-content\\\/uploads\\\/2026\\\/04\\\/CD-Jewish-Baroque-Music.jpg\",\"contentUrl\":\"https:\\\/\\\/www.iemj.org\\\/wp-content\\\/uploads\\\/2026\\\/04\\\/CD-Jewish-Baroque-Music.jpg\",\"width\":500,\"height\":452},{\"@type\":\"BreadcrumbList\",\"@id\":\"https:\\\/\\\/www.iemj.org\\\/es\\\/jewish-baroque-music\\\/#breadcrumb\",\"itemListElement\":[{\"@type\":\"ListItem\",\"position\":1,\"name\":\"Accueil\",\"item\":\"https:\\\/\\\/www.iemj.org\\\/es\\\/\"},{\"@type\":\"ListItem\",\"position\":2,\"name\":\"Jewish Baroque Music\"}]},{\"@type\":\"WebSite\",\"@id\":\"https:\\\/\\\/www.iemj.org\\\/es\\\/#website\",\"url\":\"https:\\\/\\\/www.iemj.org\\\/es\\\/\",\"name\":\"Institut Europ\u00e9en des Musiques Juives\",\"description\":\"Des traditions musicales \u00e0 la port\u00e9e de tous\",\"publisher\":{\"@id\":\"https:\\\/\\\/www.iemj.org\\\/es\\\/#organization\"},\"potentialAction\":[{\"@type\":\"SearchAction\",\"target\":{\"@type\":\"EntryPoint\",\"urlTemplate\":\"https:\\\/\\\/www.iemj.org\\\/es\\\/?s={search_term_string}\"},\"query-input\":{\"@type\":\"PropertyValueSpecification\",\"valueRequired\":true,\"valueName\":\"search_term_string\"}}],\"inLanguage\":\"es\"},{\"@type\":\"Organization\",\"@id\":\"https:\\\/\\\/www.iemj.org\\\/es\\\/#organization\",\"name\":\"Institut Europ\u00e9en des Musiques Juives\",\"url\":\"https:\\\/\\\/www.iemj.org\\\/es\\\/\",\"logo\":{\"@type\":\"ImageObject\",\"inLanguage\":\"es\",\"@id\":\"https:\\\/\\\/www.iemj.org\\\/es\\\/#\\\/schema\\\/logo\\\/image\\\/\",\"url\":\"https:\\\/\\\/www.iemj.org\\\/wp-content\\\/uploads\\\/2021\\\/09\\\/Logo-IEMJ-Paypal.jpg\",\"contentUrl\":\"https:\\\/\\\/www.iemj.org\\\/wp-content\\\/uploads\\\/2021\\\/09\\\/Logo-IEMJ-Paypal.jpg\",\"width\":150,\"height\":50,\"caption\":\"Institut Europ\u00e9en des Musiques Juives\"},\"image\":{\"@id\":\"https:\\\/\\\/www.iemj.org\\\/es\\\/#\\\/schema\\\/logo\\\/image\\\/\"},\"sameAs\":[\"https:\\\/\\\/www.facebook.com\\\/MusiquesJuives\\\/\",\"https:\\\/\\\/www.instagram.com\\\/musiquesjuives\\\/\",\"https:\\\/\\\/www.youtube.com\\\/user\\\/musiquesjuives\"]},{\"@type\":\"Person\",\"@id\":\"https:\\\/\\\/www.iemj.org\\\/es\\\/#\\\/schema\\\/person\\\/358e26c18aca017fcc4cc15437f7279c\",\"name\":\"Jacqueline ROTEN\",\"image\":{\"@type\":\"ImageObject\",\"inLanguage\":\"es\",\"@id\":\"https:\\\/\\\/secure.gravatar.com\\\/avatar\\\/5964256d6c6957de3a3505278957e0fb2a35119ac47ea41827a65301213c810b?s=96&d=mm&r=g\",\"url\":\"https:\\\/\\\/secure.gravatar.com\\\/avatar\\\/5964256d6c6957de3a3505278957e0fb2a35119ac47ea41827a65301213c810b?s=96&d=mm&r=g\",\"contentUrl\":\"https:\\\/\\\/secure.gravatar.com\\\/avatar\\\/5964256d6c6957de3a3505278957e0fb2a35119ac47ea41827a65301213c810b?s=96&d=mm&r=g\",\"caption\":\"Jacqueline ROTEN\"}}]}<\/script>\n<!-- \/ Yoast SEO plugin. -->","yoast_head_json":{"title":"Jewish Baroque Music - Institut Europ\u00e9en des Musiques Juives","robots":{"index":"index","follow":"follow","max-snippet":"max-snippet:-1","max-image-preview":"max-image-preview:large","max-video-preview":"max-video-preview:-1"},"canonical":"https:\/\/www.iemj.org\/es\/jewish-baroque-music\/","og_locale":"es_ES","og_type":"article","og_title":"Jewish Baroque Music - Institut Europ\u00e9en des Musiques Juives","og_description":"Concerto classic, 2008 \/ Music.media, 2009","og_url":"https:\/\/www.iemj.org\/es\/jewish-baroque-music\/","og_site_name":"Institut Europ\u00e9en des Musiques Juives","article_publisher":"https:\/\/www.facebook.com\/MusiquesJuives\/","article_published_time":"2026-04-26T11:17:08+00:00","article_modified_time":"2026-04-27T11:10:37+00:00","og_image":[{"width":500,"height":452,"url":"https:\/\/www.iemj.org\/wp-content\/uploads\/2026\/04\/CD-Jewish-Baroque-Music.jpg","type":"image\/jpeg"}],"author":"Jacqueline ROTEN","twitter_card":"summary_large_image","twitter_misc":{"Escrito por":"Jacqueline ROTEN","Tiempo de lectura":"4 minutos"},"schema":{"@context":"https:\/\/schema.org","@graph":[{"@type":"Article","@id":"https:\/\/www.iemj.org\/es\/jewish-baroque-music\/#article","isPartOf":{"@id":"https:\/\/www.iemj.org\/es\/jewish-baroque-music\/"},"author":{"name":"Jacqueline ROTEN","@id":"https:\/\/www.iemj.org\/es\/#\/schema\/person\/358e26c18aca017fcc4cc15437f7279c"},"headline":"Jewish Baroque Music","datePublished":"2026-04-26T11:17:08+00:00","dateModified":"2026-04-27T11:10:37+00:00","mainEntityOfPage":{"@id":"https:\/\/www.iemj.org\/es\/jewish-baroque-music\/"},"wordCount":543,"publisher":{"@id":"https:\/\/www.iemj.org\/es\/#organization"},"image":{"@id":"https:\/\/www.iemj.org\/es\/jewish-baroque-music\/#primaryimage"},"thumbnailUrl":"https:\/\/www.iemj.org\/wp-content\/uploads\/2026\/04\/CD-Jewish-Baroque-Music.jpg","keywords":["Italia"],"articleSection":["CD","\u00daltimas adquisiciones"],"inLanguage":"es"},{"@type":"WebPage","@id":"https:\/\/www.iemj.org\/es\/jewish-baroque-music\/","url":"https:\/\/www.iemj.org\/es\/jewish-baroque-music\/","name":"Jewish Baroque Music - Institut Europ\u00e9en des Musiques Juives","isPartOf":{"@id":"https:\/\/www.iemj.org\/es\/#website"},"primaryImageOfPage":{"@id":"https:\/\/www.iemj.org\/es\/jewish-baroque-music\/#primaryimage"},"image":{"@id":"https:\/\/www.iemj.org\/es\/jewish-baroque-music\/#primaryimage"},"thumbnailUrl":"https:\/\/www.iemj.org\/wp-content\/uploads\/2026\/04\/CD-Jewish-Baroque-Music.jpg","datePublished":"2026-04-26T11:17:08+00:00","dateModified":"2026-04-27T11:10:37+00:00","breadcrumb":{"@id":"https:\/\/www.iemj.org\/es\/jewish-baroque-music\/#breadcrumb"},"inLanguage":"es","potentialAction":[{"@type":"ReadAction","target":["https:\/\/www.iemj.org\/es\/jewish-baroque-music\/"]}]},{"@type":"ImageObject","inLanguage":"es","@id":"https:\/\/www.iemj.org\/es\/jewish-baroque-music\/#primaryimage","url":"https:\/\/www.iemj.org\/wp-content\/uploads\/2026\/04\/CD-Jewish-Baroque-Music.jpg","contentUrl":"https:\/\/www.iemj.org\/wp-content\/uploads\/2026\/04\/CD-Jewish-Baroque-Music.jpg","width":500,"height":452},{"@type":"BreadcrumbList","@id":"https:\/\/www.iemj.org\/es\/jewish-baroque-music\/#breadcrumb","itemListElement":[{"@type":"ListItem","position":1,"name":"Accueil","item":"https:\/\/www.iemj.org\/es\/"},{"@type":"ListItem","position":2,"name":"Jewish Baroque Music"}]},{"@type":"WebSite","@id":"https:\/\/www.iemj.org\/es\/#website","url":"https:\/\/www.iemj.org\/es\/","name":"Institut Europ\u00e9en des Musiques Juives","description":"Des traditions musicales \u00e0 la port\u00e9e de tous","publisher":{"@id":"https:\/\/www.iemj.org\/es\/#organization"},"potentialAction":[{"@type":"SearchAction","target":{"@type":"EntryPoint","urlTemplate":"https:\/\/www.iemj.org\/es\/?s={search_term_string}"},"query-input":{"@type":"PropertyValueSpecification","valueRequired":true,"valueName":"search_term_string"}}],"inLanguage":"es"},{"@type":"Organization","@id":"https:\/\/www.iemj.org\/es\/#organization","name":"Institut Europ\u00e9en des Musiques Juives","url":"https:\/\/www.iemj.org\/es\/","logo":{"@type":"ImageObject","inLanguage":"es","@id":"https:\/\/www.iemj.org\/es\/#\/schema\/logo\/image\/","url":"https:\/\/www.iemj.org\/wp-content\/uploads\/2021\/09\/Logo-IEMJ-Paypal.jpg","contentUrl":"https:\/\/www.iemj.org\/wp-content\/uploads\/2021\/09\/Logo-IEMJ-Paypal.jpg","width":150,"height":50,"caption":"Institut Europ\u00e9en des Musiques Juives"},"image":{"@id":"https:\/\/www.iemj.org\/es\/#\/schema\/logo\/image\/"},"sameAs":["https:\/\/www.facebook.com\/MusiquesJuives\/","https:\/\/www.instagram.com\/musiquesjuives\/","https:\/\/www.youtube.com\/user\/musiquesjuives"]},{"@type":"Person","@id":"https:\/\/www.iemj.org\/es\/#\/schema\/person\/358e26c18aca017fcc4cc15437f7279c","name":"Jacqueline ROTEN","image":{"@type":"ImageObject","inLanguage":"es","@id":"https:\/\/secure.gravatar.com\/avatar\/5964256d6c6957de3a3505278957e0fb2a35119ac47ea41827a65301213c810b?s=96&d=mm&r=g","url":"https:\/\/secure.gravatar.com\/avatar\/5964256d6c6957de3a3505278957e0fb2a35119ac47ea41827a65301213c810b?s=96&d=mm&r=g","contentUrl":"https:\/\/secure.gravatar.com\/avatar\/5964256d6c6957de3a3505278957e0fb2a35119ac47ea41827a65301213c810b?s=96&d=mm&r=g","caption":"Jacqueline ROTEN"}}]}},"_links":{"self":[{"href":"https:\/\/www.iemj.org\/es\/wp-json\/wp\/v2\/posts\/131952","targetHints":{"allow":["GET"]}}],"collection":[{"href":"https:\/\/www.iemj.org\/es\/wp-json\/wp\/v2\/posts"}],"about":[{"href":"https:\/\/www.iemj.org\/es\/wp-json\/wp\/v2\/types\/post"}],"author":[{"embeddable":true,"href":"https:\/\/www.iemj.org\/es\/wp-json\/wp\/v2\/users\/5"}],"replies":[{"embeddable":true,"href":"https:\/\/www.iemj.org\/es\/wp-json\/wp\/v2\/comments?post=131952"}],"version-history":[{"count":4,"href":"https:\/\/www.iemj.org\/es\/wp-json\/wp\/v2\/posts\/131952\/revisions"}],"predecessor-version":[{"id":131972,"href":"https:\/\/www.iemj.org\/es\/wp-json\/wp\/v2\/posts\/131952\/revisions\/131972"}],"wp:featuredmedia":[{"embeddable":true,"href":"https:\/\/www.iemj.org\/es\/wp-json\/wp\/v2\/media\/131873"}],"wp:attachment":[{"href":"https:\/\/www.iemj.org\/es\/wp-json\/wp\/v2\/media?parent=131952"}],"wp:term":[{"taxonomy":"category","embeddable":true,"href":"https:\/\/www.iemj.org\/es\/wp-json\/wp\/v2\/categories?post=131952"},{"taxonomy":"post_tag","embeddable":true,"href":"https:\/\/www.iemj.org\/es\/wp-json\/wp\/v2\/tags?post=131952"},{"taxonomy":"technique","embeddable":true,"href":"https:\/\/www.iemj.org\/es\/wp-json\/wp\/v2\/technique?post=131952"},{"taxonomy":"squelettes","embeddable":true,"href":"https:\/\/www.iemj.org\/es\/wp-json\/wp\/v2\/squelettes?post=131952"},{"taxonomy":"sujet","embeddable":true,"href":"https:\/\/www.iemj.org\/es\/wp-json\/wp\/v2\/sujet?post=131952"},{"taxonomy":"formation","embeddable":true,"href":"https:\/\/www.iemj.org\/es\/wp-json\/wp\/v2\/formation?post=131952"},{"taxonomy":"genre","embeddable":true,"href":"https:\/\/www.iemj.org\/es\/wp-json\/wp\/v2\/genre?post=131952"},{"taxonomy":"fonds","embeddable":true,"href":"https:\/\/www.iemj.org\/es\/wp-json\/wp\/v2\/fonds?post=131952"},{"taxonomy":"tradition","embeddable":true,"href":"https:\/\/www.iemj.org\/es\/wp-json\/wp\/v2\/tradition?post=131952"},{"taxonomy":"type-de-contenu","embeddable":true,"href":"https:\/\/www.iemj.org\/es\/wp-json\/wp\/v2\/type-de-contenu?post=131952"},{"taxonomy":"interprete-compositeur","embeddable":true,"href":"https:\/\/www.iemj.org\/es\/wp-json\/wp\/v2\/interprete-compositeur?post=131952"},{"taxonomy":"frise","embeddable":true,"href":"https:\/\/www.iemj.org\/es\/wp-json\/wp\/v2\/frise?post=131952"},{"taxonomy":"type-devenement","embeddable":true,"href":"https:\/\/www.iemj.org\/es\/wp-json\/wp\/v2\/type-devenement?post=131952"},{"taxonomy":"tableaux-liens-externes","embeddable":true,"href":"https:\/\/www.iemj.org\/es\/wp-json\/wp\/v2\/tableaux-liens-externes?post=131952"}],"curies":[{"name":"wp","href":"https:\/\/api.w.org\/{rel}","templated":true}]}}