{"id":41885,"date":"2020-02-26T11:04:35","date_gmt":"2020-02-26T10:04:35","guid":{"rendered":"https:\/\/www.iemj.org\/fonds-leon-algazi\/"},"modified":"2022-01-12T15:14:57","modified_gmt":"2022-01-12T14:14:57","slug":"fonds-leon-algazi","status":"publish","type":"post","link":"https:\/\/www.iemj.org\/es\/fonds-leon-algazi\/","title":{"rendered":"Fondo L\u00e9on Algazi"},"content":{"rendered":"<p><strong>Depositado en la asociaci\u00f3n Yuval en la d\u00e9cada de 1990 y luego en el IEMJ entre 2007 y 2020, la colecci\u00f3n de L\u00e9on Algazi consta de alrededor de 600 documentos (partituras, audios, pel\u00edculas, libros, fotos y varios archivos) principalmente del la familia Algazi y de los archivos de la Gran Sinagoga de la Victoria.<\/strong><\/p>\n<p>\u00a0<\/p>\n<p><!--more--><\/p>\n<p>Nacido en Epuresti (Ruman\u00eda) el 6 de febrero de 1890, <a href=\"https:\/\/www.iemj.org\/es\/algazi-leon-1890-1971\/\" target=\"_blank\" rel=\"noopener\"><strong>L\u00e9on Algazi<\/strong><\/a> mostr\u00f3 muy r\u00e1pidamente una inclinaci\u00f3n por la m\u00fasica. Tras una breve estancia en Jerusal\u00e9n en 1905, curs\u00f3 estudios teol\u00f3gicos en el Seminario Jud\u00edo de Francia en 1908, donde obtuvo su t\u00edtulo de rabino en 1922. Al mismo tiempo, continu\u00f3 su aprendizaje musical con maestros como Arnold Sch\u00f6nberg y Hans Eisler en Viena, as\u00ed como con Andr\u00e9 G\u00e9dalge, Raoul Laparra y Charles Koechlin en Par\u00eds. Apasionado del folclore (est\u00e1 en contacto con su compatriota el etnomusic\u00f3logo rumano Constantin Br\u0103iloiu. Tambi\u00e9n frecuenta a Abraham Zvi Idelsohn, el padre de la musicolog\u00eda jud\u00eda), Algazi <img decoding=\"async\" class=\"wp-image-27180 alignright\" src=\"https:\/\/www.iemj.org\/wp-content\/uploads\/2020\/02\/1._i_179_leon_algazi_a_la_fenetre_du_journal_luptatorul_bucarest_1920_recadree_lumiere_300px_larg.jpg\" alt=\"1._i_179_leon_algazi_a_la_fenetre_du_journal_luptatorul_bucarest_1920_recadree_lumiere_300px_larg.jpg\" width=\"254\" height=\"169\" align=\"right\" \/>publica en 1925 <em>Tres canciones populares jud\u00edas<\/em> con letras francesas de Edmond Fleg (Max Eschig et Cie, Par\u00eds). En 1929, cre\u00f3 el programa de radio semanal <em>La Voz de Israel<\/em>. A principios de la d\u00e9cada de 1930 cofund\u00f3 con Vladimir Dyck la colecci\u00f3n de m\u00fasica hebrea <em>Mizmor<\/em> en las ediciones Salabert. En 1936 o 1937, se convirti\u00f3 en director de coro de la Gran Sinagoga de la Victoria. Y entre 1936 y 1940 ense\u00f1\u00f3 canto hebreo en la Schola Cantorum.<\/p>\n<p>Presidente de la Uni\u00f3n Nacional de Directores de M\u00fasica Religiosa, profesor y director de la Escuela Israelita de Pedagog\u00eda y Liturgia del Seminario Israelita de Francia, director de m\u00fasica para templos consistoriales, L\u00e9on Algazi es tambi\u00e9n uno de los cofundadores del Coloquio de Intelectuales Jud\u00edos de Francia creado en 1957.<\/p>\n<p><img fetchpriority=\"high\" decoding=\"async\" class=\" alignleft  wp-image-27182\" src=\"https:\/\/www.iemj.org\/wp-content\/uploads\/2020\/02\/2._i_137_leon_algazi_1933_300px_vertic.jpg\" alt=\"2._i_137_leon_algazi_1933_300px_vertic.jpg\" width=\"218\" height=\"323\" align=\"left\" \/>Los aproximadamente 600 archivos de la colecci\u00f3n Algazi nos permiten vislumbrar al hombre y su obra injustamente olvidados. Contiene 255 documentos familiares, incluidos m\u00e1s de 70 libros raros de su biblioteca (Gerson-Levy, <em>Orgue et pioutim<\/em>, 1859; Br\u0103iloiu Constantin, <em>Sketch of a method of musical folklore<\/em>, dedicado por el autor a L\u00e9on Algazi, 1935; Ausubel Nathan, <em>A Treasury of Jewish Folklore<\/em>, 1948, etc.), 50 partituras impresas y escritas a mano, 24 casetes y cintas (<em>Canciones de Israel en honor al d\u00e9cimo aniversario del Estado de Israel, Concierto de m\u00fasica jud\u00eda, canciones en hebreo y judeoespa\u00f1ol,<\/em> Coro de la Gran Sinagoga de Par\u00eds, emisiones de radio <em>La Voz de Israel, <\/em>etc.), 4 pel\u00edculas familiares (formato 8 y s\u00faper8) grabadas en DVD, 57 fotograf\u00edas y 73 archivos varios (correspondencia, programas de conciertos, etc.).<\/p>\n<p>La colecci\u00f3n de la Gran Sinagoga de la Victoria tambi\u00e9n contiene cerca de 200 documentos, principalmente partituras escritas o arregladas por L\u00e9on Algazi.<\/p>\n<p>\u00a0<\/p>\n<p><img decoding=\"async\" class=\"  alignleft wp-image-27184\" src=\"https:\/\/www.iemj.org\/wp-content\/uploads\/2020\/02\/3._l_336_music_of_the_ghetto_and_the_bible_de_saminsky_dedicace_a_algazi_450px_vertic.jpg\" alt=\"3._l_336_music_of_the_ghetto_and_the_bible_de_saminsky_dedicace_a_algazi_450px_vertic.jpg\" width=\"209\" height=\"310\" align=\"left\" srcset=\"https:\/\/www.iemj.org\/wp-content\/uploads\/2020\/02\/3._l_336_music_of_the_ghetto_and_the_bible_de_saminsky_dedicace_a_algazi_450px_vertic.jpg 304w, https:\/\/www.iemj.org\/wp-content\/uploads\/2020\/02\/3._l_336_music_of_the_ghetto_and_the_bible_de_saminsky_dedicace_a_algazi_450px_vertic-203x300.jpg 203w\" sizes=\"(max-width: 209px) 100vw, 209px\" \/> <img loading=\"lazy\" decoding=\"async\" class=\"alignleft wp-image-27186\" src=\"https:\/\/www.iemj.org\/wp-content\/uploads\/2020\/02\/4._p_1527_partition_de_algazi_chants_juifs_du_film_david_golder_vdef_450px_veric.jpg\" alt=\"4._p_1527_partition_de_algazi_chants_juifs_du_film_david_golder_vdef_450px_veric.jpg\" width=\"186\" height=\"310\" align=\"right\" srcset=\"https:\/\/www.iemj.org\/wp-content\/uploads\/2020\/02\/4._p_1527_partition_de_algazi_chants_juifs_du_film_david_golder_vdef_450px_veric.jpg 270w, https:\/\/www.iemj.org\/wp-content\/uploads\/2020\/02\/4._p_1527_partition_de_algazi_chants_juifs_du_film_david_golder_vdef_450px_veric-180x300.jpg 180w\" sizes=\"(max-width: 186px) 100vw, 186px\" \/><\/p>\n<p>\u00a0<\/p>\n<p><a href=\"http:\/\/www.rachelnet.net\/F\/?func=find-c&amp;ccl_term=WHOL+%3D+LEON+ALGAZI&amp;local_base=iemcg\">Consultar los fondos de la familia Algazi<\/a><\/p>\n<p><a href=\"http:\/\/www.rachelnet.net\/F\/?func=find-c&amp;ccl_term=WRD+%3D+Algazi+ET+WRD+%3D+L%C3%A9on+SAUF+WRD+%3D+Isaac&amp;local_base=iemcg\">Consultar todos los archivos sobre L\u00e9on Algazi<\/a><\/p>\n<p><a href=\"https:\/\/www.iemj.org\/es\/algazi-leon-1890-1971\/\" target=\"_blank\" rel=\"noopener\">Lea la biograf\u00eda de Leon Algazi<\/a><\/p>\n<p><a href=\"https:\/\/www.iemj.org\/es\/leon-algazi-1890-1971\/\" target=\"_blank\" rel=\"noopener\">Escuchar la lista de reproducci\u00f3n : La m\u00fasica de L\u00e9on Algazi<\/a><\/p>\n<p>\u00a0<\/p>\n\n\n<p><\/p>\n\n\n\n<figure class=\"wp-block-video\"><video controls src=\"https:\/\/www.iemj.org\/wp-content\/uploads\/2020\/02\/2_chants_de_pourim_par_la_chorale_mizmor_dirigee_par_leon_algazi.mp4\"><\/video><figcaption><strong>Vea la pel\u00edcula del Coro Mizmor interpretando dos canciones de Purim bajo la direcci\u00f3n de Leon Algazi<\/strong><\/figcaption><\/figure>\n\n\n\n<p><\/p>\n","protected":false},"excerpt":{"rendered":"<p>Depositado en la asociaci\u00f3n Yuval en la d\u00e9cada de 1990 y luego en el IEMJ entre 2007 y 2020, la colecci\u00f3n de L\u00e9on Algazi consta de alrededor de 600 documentos<\/p>\n","protected":false},"author":1048,"featured_media":41886,"comment_status":"closed","ping_status":"closed","sticky":false,"template":"","format":"standard","meta":{"_acf_changed":false,"footnotes":""},"categories":[1587],"tags":[],"technique":[],"squelettes":[],"sujet":[],"formation":[],"genre":[],"fonds":[],"tradition":[],"type-de-contenu":[],"interprete-compositeur":[3250],"frise":[],"type-devenement":[],"tableaux-liens-externes":[],"class_list":["post-41885","post","type-post","status-publish","format-standard","has-post-thumbnail","hentry","category-fondos-principales-es","interprete-compositeur-leon-algazi-es"],"acf":[],"yoast_head":"<!-- This site is optimized with the Yoast SEO plugin v27.3 - https:\/\/yoast.com\/product\/yoast-seo-wordpress\/ -->\n<title>Fondo L\u00e9on Algazi - Institut Europ\u00e9en des Musiques Juives<\/title>\n<meta name=\"robots\" content=\"index, follow, max-snippet:-1, max-image-preview:large, max-video-preview:-1\" \/>\n<link rel=\"canonical\" href=\"https:\/\/www.iemj.org\/es\/fonds-leon-algazi\/\" \/>\n<meta property=\"og:locale\" content=\"es_ES\" \/>\n<meta property=\"og:type\" content=\"article\" \/>\n<meta property=\"og:title\" content=\"Fondo L\u00e9on Algazi - Institut Europ\u00e9en des Musiques Juives\" \/>\n<meta property=\"og:description\" content=\"Depositado en la asociaci\u00f3n Yuval en la d\u00e9cada de 1990 y luego en el IEMJ entre 2007 y 2020, la colecci\u00f3n de L\u00e9on Algazi consta de alrededor de 600 documentos\" \/>\n<meta property=\"og:url\" content=\"https:\/\/www.iemj.org\/es\/fonds-leon-algazi\/\" \/>\n<meta property=\"og:site_name\" content=\"Institut Europ\u00e9en des Musiques Juives\" \/>\n<meta property=\"article:publisher\" content=\"https:\/\/www.facebook.com\/MusiquesJuives\/\" \/>\n<meta property=\"article:published_time\" content=\"2020-02-26T10:04:35+00:00\" \/>\n<meta property=\"article:modified_time\" content=\"2022-01-12T14:14:57+00:00\" \/>\n<meta property=\"og:image\" content=\"https:\/\/www.iemj.org\/wp-content\/uploads\/2020\/02\/arton4557-e1618410455801.jpg\" \/>\n\t<meta property=\"og:image:width\" content=\"350\" \/>\n\t<meta property=\"og:image:height\" content=\"361\" \/>\n\t<meta property=\"og:image:type\" content=\"image\/jpeg\" \/>\n<meta name=\"author\" content=\"Jean-Gabriel Davis\" \/>\n<meta name=\"twitter:card\" content=\"summary_large_image\" \/>\n<meta name=\"twitter:label1\" content=\"Escrito por\" \/>\n\t<meta name=\"twitter:data1\" content=\"Jean-Gabriel Davis\" \/>\n\t<meta name=\"twitter:label2\" content=\"Tiempo de lectura\" \/>\n\t<meta name=\"twitter:data2\" content=\"3 minutos\" \/>\n<script type=\"application\/ld+json\" class=\"yoast-schema-graph\">{\"@context\":\"https:\\\/\\\/schema.org\",\"@graph\":[{\"@type\":\"Article\",\"@id\":\"https:\\\/\\\/www.iemj.org\\\/es\\\/fonds-leon-algazi\\\/#article\",\"isPartOf\":{\"@id\":\"https:\\\/\\\/www.iemj.org\\\/es\\\/fonds-leon-algazi\\\/\"},\"author\":{\"name\":\"Jean-Gabriel Davis\",\"@id\":\"https:\\\/\\\/www.iemj.org\\\/es\\\/#\\\/schema\\\/person\\\/c9bc1c386a3749579a2d675e72a18666\"},\"headline\":\"Fondo L\u00e9on Algazi\",\"datePublished\":\"2020-02-26T10:04:35+00:00\",\"dateModified\":\"2022-01-12T14:14:57+00:00\",\"mainEntityOfPage\":{\"@id\":\"https:\\\/\\\/www.iemj.org\\\/es\\\/fonds-leon-algazi\\\/\"},\"wordCount\":517,\"publisher\":{\"@id\":\"https:\\\/\\\/www.iemj.org\\\/es\\\/#organization\"},\"image\":{\"@id\":\"https:\\\/\\\/www.iemj.org\\\/es\\\/fonds-leon-algazi\\\/#primaryimage\"},\"thumbnailUrl\":\"https:\\\/\\\/www.iemj.org\\\/wp-content\\\/uploads\\\/2020\\\/02\\\/arton4557-e1618410455801.jpg\",\"articleSection\":[\"Fondos principales\"],\"inLanguage\":\"es\"},{\"@type\":\"WebPage\",\"@id\":\"https:\\\/\\\/www.iemj.org\\\/es\\\/fonds-leon-algazi\\\/\",\"url\":\"https:\\\/\\\/www.iemj.org\\\/es\\\/fonds-leon-algazi\\\/\",\"name\":\"Fondo L\u00e9on Algazi - Institut Europ\u00e9en des Musiques Juives\",\"isPartOf\":{\"@id\":\"https:\\\/\\\/www.iemj.org\\\/es\\\/#website\"},\"primaryImageOfPage\":{\"@id\":\"https:\\\/\\\/www.iemj.org\\\/es\\\/fonds-leon-algazi\\\/#primaryimage\"},\"image\":{\"@id\":\"https:\\\/\\\/www.iemj.org\\\/es\\\/fonds-leon-algazi\\\/#primaryimage\"},\"thumbnailUrl\":\"https:\\\/\\\/www.iemj.org\\\/wp-content\\\/uploads\\\/2020\\\/02\\\/arton4557-e1618410455801.jpg\",\"datePublished\":\"2020-02-26T10:04:35+00:00\",\"dateModified\":\"2022-01-12T14:14:57+00:00\",\"breadcrumb\":{\"@id\":\"https:\\\/\\\/www.iemj.org\\\/es\\\/fonds-leon-algazi\\\/#breadcrumb\"},\"inLanguage\":\"es\",\"potentialAction\":[{\"@type\":\"ReadAction\",\"target\":[\"https:\\\/\\\/www.iemj.org\\\/es\\\/fonds-leon-algazi\\\/\"]}]},{\"@type\":\"ImageObject\",\"inLanguage\":\"es\",\"@id\":\"https:\\\/\\\/www.iemj.org\\\/es\\\/fonds-leon-algazi\\\/#primaryimage\",\"url\":\"https:\\\/\\\/www.iemj.org\\\/wp-content\\\/uploads\\\/2020\\\/02\\\/arton4557-e1618410455801.jpg\",\"contentUrl\":\"https:\\\/\\\/www.iemj.org\\\/wp-content\\\/uploads\\\/2020\\\/02\\\/arton4557-e1618410455801.jpg\",\"width\":350,\"height\":361},{\"@type\":\"BreadcrumbList\",\"@id\":\"https:\\\/\\\/www.iemj.org\\\/es\\\/fonds-leon-algazi\\\/#breadcrumb\",\"itemListElement\":[{\"@type\":\"ListItem\",\"position\":1,\"name\":\"Accueil\",\"item\":\"https:\\\/\\\/www.iemj.org\\\/es\\\/\"},{\"@type\":\"ListItem\",\"position\":2,\"name\":\"Fondo L\u00e9on Algazi\"}]},{\"@type\":\"WebSite\",\"@id\":\"https:\\\/\\\/www.iemj.org\\\/es\\\/#website\",\"url\":\"https:\\\/\\\/www.iemj.org\\\/es\\\/\",\"name\":\"Institut Europ\u00e9en des Musiques Juives\",\"description\":\"Des traditions musicales \u00e0 la port\u00e9e de tous\",\"publisher\":{\"@id\":\"https:\\\/\\\/www.iemj.org\\\/es\\\/#organization\"},\"potentialAction\":[{\"@type\":\"SearchAction\",\"target\":{\"@type\":\"EntryPoint\",\"urlTemplate\":\"https:\\\/\\\/www.iemj.org\\\/es\\\/?s={search_term_string}\"},\"query-input\":{\"@type\":\"PropertyValueSpecification\",\"valueRequired\":true,\"valueName\":\"search_term_string\"}}],\"inLanguage\":\"es\"},{\"@type\":\"Organization\",\"@id\":\"https:\\\/\\\/www.iemj.org\\\/es\\\/#organization\",\"name\":\"Institut Europ\u00e9en des Musiques Juives\",\"url\":\"https:\\\/\\\/www.iemj.org\\\/es\\\/\",\"logo\":{\"@type\":\"ImageObject\",\"inLanguage\":\"es\",\"@id\":\"https:\\\/\\\/www.iemj.org\\\/es\\\/#\\\/schema\\\/logo\\\/image\\\/\",\"url\":\"https:\\\/\\\/www.iemj.org\\\/wp-content\\\/uploads\\\/2021\\\/09\\\/Logo-IEMJ-Paypal.jpg\",\"contentUrl\":\"https:\\\/\\\/www.iemj.org\\\/wp-content\\\/uploads\\\/2021\\\/09\\\/Logo-IEMJ-Paypal.jpg\",\"width\":150,\"height\":50,\"caption\":\"Institut Europ\u00e9en des Musiques Juives\"},\"image\":{\"@id\":\"https:\\\/\\\/www.iemj.org\\\/es\\\/#\\\/schema\\\/logo\\\/image\\\/\"},\"sameAs\":[\"https:\\\/\\\/www.facebook.com\\\/MusiquesJuives\\\/\",\"https:\\\/\\\/www.instagram.com\\\/musiquesjuives\\\/\",\"https:\\\/\\\/www.youtube.com\\\/user\\\/musiquesjuives\"]},{\"@type\":\"Person\",\"@id\":\"https:\\\/\\\/www.iemj.org\\\/es\\\/#\\\/schema\\\/person\\\/c9bc1c386a3749579a2d675e72a18666\",\"name\":\"Jean-Gabriel Davis\",\"image\":{\"@type\":\"ImageObject\",\"inLanguage\":\"es\",\"@id\":\"https:\\\/\\\/secure.gravatar.com\\\/avatar\\\/2b90d67bdf392c9b3a21fab87c0fa7edaf1fb3a058172a1ffd61033fcec7aec1?s=96&d=mm&r=g\",\"url\":\"https:\\\/\\\/secure.gravatar.com\\\/avatar\\\/2b90d67bdf392c9b3a21fab87c0fa7edaf1fb3a058172a1ffd61033fcec7aec1?s=96&d=mm&r=g\",\"contentUrl\":\"https:\\\/\\\/secure.gravatar.com\\\/avatar\\\/2b90d67bdf392c9b3a21fab87c0fa7edaf1fb3a058172a1ffd61033fcec7aec1?s=96&d=mm&r=g\",\"caption\":\"Jean-Gabriel Davis\"}}]}<\/script>\n<!-- \/ Yoast SEO plugin. -->","yoast_head_json":{"title":"Fondo L\u00e9on Algazi - Institut Europ\u00e9en des Musiques Juives","robots":{"index":"index","follow":"follow","max-snippet":"max-snippet:-1","max-image-preview":"max-image-preview:large","max-video-preview":"max-video-preview:-1"},"canonical":"https:\/\/www.iemj.org\/es\/fonds-leon-algazi\/","og_locale":"es_ES","og_type":"article","og_title":"Fondo L\u00e9on Algazi - Institut Europ\u00e9en des Musiques Juives","og_description":"Depositado en la asociaci\u00f3n Yuval en la d\u00e9cada de 1990 y luego en el IEMJ entre 2007 y 2020, la colecci\u00f3n de L\u00e9on Algazi consta de alrededor de 600 documentos","og_url":"https:\/\/www.iemj.org\/es\/fonds-leon-algazi\/","og_site_name":"Institut Europ\u00e9en des Musiques Juives","article_publisher":"https:\/\/www.facebook.com\/MusiquesJuives\/","article_published_time":"2020-02-26T10:04:35+00:00","article_modified_time":"2022-01-12T14:14:57+00:00","og_image":[{"width":350,"height":361,"url":"https:\/\/www.iemj.org\/wp-content\/uploads\/2020\/02\/arton4557-e1618410455801.jpg","type":"image\/jpeg"}],"author":"Jean-Gabriel Davis","twitter_card":"summary_large_image","twitter_misc":{"Escrito por":"Jean-Gabriel Davis","Tiempo de lectura":"3 minutos"},"schema":{"@context":"https:\/\/schema.org","@graph":[{"@type":"Article","@id":"https:\/\/www.iemj.org\/es\/fonds-leon-algazi\/#article","isPartOf":{"@id":"https:\/\/www.iemj.org\/es\/fonds-leon-algazi\/"},"author":{"name":"Jean-Gabriel Davis","@id":"https:\/\/www.iemj.org\/es\/#\/schema\/person\/c9bc1c386a3749579a2d675e72a18666"},"headline":"Fondo L\u00e9on Algazi","datePublished":"2020-02-26T10:04:35+00:00","dateModified":"2022-01-12T14:14:57+00:00","mainEntityOfPage":{"@id":"https:\/\/www.iemj.org\/es\/fonds-leon-algazi\/"},"wordCount":517,"publisher":{"@id":"https:\/\/www.iemj.org\/es\/#organization"},"image":{"@id":"https:\/\/www.iemj.org\/es\/fonds-leon-algazi\/#primaryimage"},"thumbnailUrl":"https:\/\/www.iemj.org\/wp-content\/uploads\/2020\/02\/arton4557-e1618410455801.jpg","articleSection":["Fondos principales"],"inLanguage":"es"},{"@type":"WebPage","@id":"https:\/\/www.iemj.org\/es\/fonds-leon-algazi\/","url":"https:\/\/www.iemj.org\/es\/fonds-leon-algazi\/","name":"Fondo L\u00e9on Algazi - Institut Europ\u00e9en des Musiques Juives","isPartOf":{"@id":"https:\/\/www.iemj.org\/es\/#website"},"primaryImageOfPage":{"@id":"https:\/\/www.iemj.org\/es\/fonds-leon-algazi\/#primaryimage"},"image":{"@id":"https:\/\/www.iemj.org\/es\/fonds-leon-algazi\/#primaryimage"},"thumbnailUrl":"https:\/\/www.iemj.org\/wp-content\/uploads\/2020\/02\/arton4557-e1618410455801.jpg","datePublished":"2020-02-26T10:04:35+00:00","dateModified":"2022-01-12T14:14:57+00:00","breadcrumb":{"@id":"https:\/\/www.iemj.org\/es\/fonds-leon-algazi\/#breadcrumb"},"inLanguage":"es","potentialAction":[{"@type":"ReadAction","target":["https:\/\/www.iemj.org\/es\/fonds-leon-algazi\/"]}]},{"@type":"ImageObject","inLanguage":"es","@id":"https:\/\/www.iemj.org\/es\/fonds-leon-algazi\/#primaryimage","url":"https:\/\/www.iemj.org\/wp-content\/uploads\/2020\/02\/arton4557-e1618410455801.jpg","contentUrl":"https:\/\/www.iemj.org\/wp-content\/uploads\/2020\/02\/arton4557-e1618410455801.jpg","width":350,"height":361},{"@type":"BreadcrumbList","@id":"https:\/\/www.iemj.org\/es\/fonds-leon-algazi\/#breadcrumb","itemListElement":[{"@type":"ListItem","position":1,"name":"Accueil","item":"https:\/\/www.iemj.org\/es\/"},{"@type":"ListItem","position":2,"name":"Fondo L\u00e9on Algazi"}]},{"@type":"WebSite","@id":"https:\/\/www.iemj.org\/es\/#website","url":"https:\/\/www.iemj.org\/es\/","name":"Institut Europ\u00e9en des Musiques Juives","description":"Des traditions musicales \u00e0 la port\u00e9e de tous","publisher":{"@id":"https:\/\/www.iemj.org\/es\/#organization"},"potentialAction":[{"@type":"SearchAction","target":{"@type":"EntryPoint","urlTemplate":"https:\/\/www.iemj.org\/es\/?s={search_term_string}"},"query-input":{"@type":"PropertyValueSpecification","valueRequired":true,"valueName":"search_term_string"}}],"inLanguage":"es"},{"@type":"Organization","@id":"https:\/\/www.iemj.org\/es\/#organization","name":"Institut Europ\u00e9en des Musiques Juives","url":"https:\/\/www.iemj.org\/es\/","logo":{"@type":"ImageObject","inLanguage":"es","@id":"https:\/\/www.iemj.org\/es\/#\/schema\/logo\/image\/","url":"https:\/\/www.iemj.org\/wp-content\/uploads\/2021\/09\/Logo-IEMJ-Paypal.jpg","contentUrl":"https:\/\/www.iemj.org\/wp-content\/uploads\/2021\/09\/Logo-IEMJ-Paypal.jpg","width":150,"height":50,"caption":"Institut Europ\u00e9en des Musiques Juives"},"image":{"@id":"https:\/\/www.iemj.org\/es\/#\/schema\/logo\/image\/"},"sameAs":["https:\/\/www.facebook.com\/MusiquesJuives\/","https:\/\/www.instagram.com\/musiquesjuives\/","https:\/\/www.youtube.com\/user\/musiquesjuives"]},{"@type":"Person","@id":"https:\/\/www.iemj.org\/es\/#\/schema\/person\/c9bc1c386a3749579a2d675e72a18666","name":"Jean-Gabriel Davis","image":{"@type":"ImageObject","inLanguage":"es","@id":"https:\/\/secure.gravatar.com\/avatar\/2b90d67bdf392c9b3a21fab87c0fa7edaf1fb3a058172a1ffd61033fcec7aec1?s=96&d=mm&r=g","url":"https:\/\/secure.gravatar.com\/avatar\/2b90d67bdf392c9b3a21fab87c0fa7edaf1fb3a058172a1ffd61033fcec7aec1?s=96&d=mm&r=g","contentUrl":"https:\/\/secure.gravatar.com\/avatar\/2b90d67bdf392c9b3a21fab87c0fa7edaf1fb3a058172a1ffd61033fcec7aec1?s=96&d=mm&r=g","caption":"Jean-Gabriel Davis"}}]}},"_links":{"self":[{"href":"https:\/\/www.iemj.org\/es\/wp-json\/wp\/v2\/posts\/41885","targetHints":{"allow":["GET"]}}],"collection":[{"href":"https:\/\/www.iemj.org\/es\/wp-json\/wp\/v2\/posts"}],"about":[{"href":"https:\/\/www.iemj.org\/es\/wp-json\/wp\/v2\/types\/post"}],"author":[{"embeddable":true,"href":"https:\/\/www.iemj.org\/es\/wp-json\/wp\/v2\/users\/1048"}],"replies":[{"embeddable":true,"href":"https:\/\/www.iemj.org\/es\/wp-json\/wp\/v2\/comments?post=41885"}],"version-history":[{"count":0,"href":"https:\/\/www.iemj.org\/es\/wp-json\/wp\/v2\/posts\/41885\/revisions"}],"wp:featuredmedia":[{"embeddable":true,"href":"https:\/\/www.iemj.org\/es\/wp-json\/wp\/v2\/media\/41886"}],"wp:attachment":[{"href":"https:\/\/www.iemj.org\/es\/wp-json\/wp\/v2\/media?parent=41885"}],"wp:term":[{"taxonomy":"category","embeddable":true,"href":"https:\/\/www.iemj.org\/es\/wp-json\/wp\/v2\/categories?post=41885"},{"taxonomy":"post_tag","embeddable":true,"href":"https:\/\/www.iemj.org\/es\/wp-json\/wp\/v2\/tags?post=41885"},{"taxonomy":"technique","embeddable":true,"href":"https:\/\/www.iemj.org\/es\/wp-json\/wp\/v2\/technique?post=41885"},{"taxonomy":"squelettes","embeddable":true,"href":"https:\/\/www.iemj.org\/es\/wp-json\/wp\/v2\/squelettes?post=41885"},{"taxonomy":"sujet","embeddable":true,"href":"https:\/\/www.iemj.org\/es\/wp-json\/wp\/v2\/sujet?post=41885"},{"taxonomy":"formation","embeddable":true,"href":"https:\/\/www.iemj.org\/es\/wp-json\/wp\/v2\/formation?post=41885"},{"taxonomy":"genre","embeddable":true,"href":"https:\/\/www.iemj.org\/es\/wp-json\/wp\/v2\/genre?post=41885"},{"taxonomy":"fonds","embeddable":true,"href":"https:\/\/www.iemj.org\/es\/wp-json\/wp\/v2\/fonds?post=41885"},{"taxonomy":"tradition","embeddable":true,"href":"https:\/\/www.iemj.org\/es\/wp-json\/wp\/v2\/tradition?post=41885"},{"taxonomy":"type-de-contenu","embeddable":true,"href":"https:\/\/www.iemj.org\/es\/wp-json\/wp\/v2\/type-de-contenu?post=41885"},{"taxonomy":"interprete-compositeur","embeddable":true,"href":"https:\/\/www.iemj.org\/es\/wp-json\/wp\/v2\/interprete-compositeur?post=41885"},{"taxonomy":"frise","embeddable":true,"href":"https:\/\/www.iemj.org\/es\/wp-json\/wp\/v2\/frise?post=41885"},{"taxonomy":"type-devenement","embeddable":true,"href":"https:\/\/www.iemj.org\/es\/wp-json\/wp\/v2\/type-devenement?post=41885"},{"taxonomy":"tableaux-liens-externes","embeddable":true,"href":"https:\/\/www.iemj.org\/es\/wp-json\/wp\/v2\/tableaux-liens-externes?post=41885"}],"curies":[{"name":"wp","href":"https:\/\/api.w.org\/{rel}","templated":true}]}}