{"id":41933,"date":"2020-02-12T12:49:57","date_gmt":"2020-02-12T11:49:57","guid":{"rendered":"https:\/\/www.iemj.org\/fonds-paul-fenton\/"},"modified":"2021-06-03T10:09:10","modified_gmt":"2021-06-03T08:09:10","slug":"fonds-paul-fenton","status":"publish","type":"post","link":"https:\/\/www.iemj.org\/es\/fonds-paul-fenton\/","title":{"rendered":"Fondo Paul Fenton"},"content":{"rendered":"<p><strong>Depositado en enero de 2019, la colecci\u00f3n de Fenton (Shahak) contiene casi 250 documentos: libros raros, partituras antiguas, cancioneros, recortes de prensa, casetes de audio, discos de 78 rpm, vinilos y CDs. <\/strong><\/p>\n<p><!--more--><\/p>\n<p>Profesor del Departamento de Estudios \u00c1rabes y Hebreos de la Universidad de Par\u00eds-Sorbona, investigador del Instituto de Investigaci\u00f3n para el Estudio de las Religiones (Par\u00eds IV) y miembro del comit\u00e9 cient\u00edfico de la Sociedad de Estudios Jud\u00edos, <a href=\"https:\/\/fr.wikipedia.org\/wiki\/Paul_Fenton\">Paul Fenton<\/a> ha organizado regularmente conciertos de m\u00fasica lit\u00fargica jud\u00eda en el marco de la Asociaci\u00f3n para la Promoci\u00f3n del Arte Cantorial (APAC). Coleccionista apasionado, durante su larga carrera ha acumulado documentaci\u00f3n de primer nivel sobre la m\u00fasica jud\u00eda, particularmente en el mundo ashkenaz\u00ed.<\/p>\n<figure id=\"attachment_26751\" aria-describedby=\"caption-attachment-26751\" style=\"width: 156px\" class=\"wp-caption alignright\"><img decoding=\"async\" class=\"wp-image-26751\" src=\"https:\/\/www.iemj.org\/wp-content\/uploads\/2020\/02\/paul_fenton_site_redim_160.jpg\" alt=\"paul_fenton_site_redim_160.jpg\" width=\"156\" height=\"157\" align=\"right\" srcset=\"https:\/\/www.iemj.org\/wp-content\/uploads\/2020\/02\/paul_fenton_site_redim_160.jpg 160w, https:\/\/www.iemj.org\/wp-content\/uploads\/2020\/02\/paul_fenton_site_redim_160-150x150.jpg 150w, https:\/\/www.iemj.org\/wp-content\/uploads\/2020\/02\/paul_fenton_site_redim_160-100x100.jpg 100w\" sizes=\"(max-width: 156px) 100vw, 156px\" \/><figcaption id=\"caption-attachment-26751\" class=\"wp-caption-text\">Paul Fenton<\/figcaption><\/figure>\n<p>Su colecci\u00f3n completamente digitalizada, catalogada y accesible sobre Rachel incluye algunos documentos raros, como partituras de canciones en idish (vendidas individualmente) publicadas en Londres (R. Mazin &amp; Co. Ltd.) y Nueva York (Jos. P. Katz, Hebrew Publishing Company), as\u00ed como colecciones lit\u00fargicas para \u00f3rgano y coro de finales del siglo XIX, o una veintena de <em>M\u00e9lodies tunisiennes: hispano-arabe &#8211; arabo-berber &#8211; juive &#8211; n\u00e8gre<\/em> (1937) recogidas por el bar\u00f3n Rodolphe d&#8217; Erlanger.<\/p>\n<p>\u00a0<\/p>\n<p><img fetchpriority=\"high\" decoding=\"async\" class=\"wp-image-26753 alignleft\" src=\"https:\/\/www.iemj.org\/wp-content\/uploads\/2020\/02\/a_1854_a_rubinstein_300px_vertic.jpg\" alt=\"a_1854_a_rubinstein_300px_vertic.jpg\" width=\"224\" height=\"288\" align=\"left\" \/>N\u00f3tese tambi\u00e9n la presencia de dos grandes libros (336 y 384 p\u00e1ginas) de la Asociaci\u00f3n de Cantores de Ministros Jud\u00edos de Am\u00e9rica, publicados en 1937 y 1947, con motivo de los 40\u00ba y 50\u00ba aniversarios de la asociaci\u00f3n, que contienen decenas de art\u00edculos de colecci\u00f3n y biograf\u00edas de cantores, en ingl\u00e9s e \u00eddish, ilustradas con fotograf\u00edas.<\/p>\n<p>Finalmente, en esta colecci\u00f3n variada y extremadamente rica, notaremos la presencia de varios recortes de prensa y grabados de finales del siglo XIX, que representan en particular a artistas de la m\u00fasica jud\u00eda (Salomon Sulzer, Giacomo Meyerbeer, Arthur Rubinstein, etc.)<\/p>\n<p>\u00a0<\/p>\n<h2 style=\"text-align: center;\"><strong><a href=\"http:\/\/www.rachelnet.net\/F\/?func=find-c&amp;ccl_term=WHOL+%3D+Fenton&amp;local_base=iemcg\" target=\"_blank\" rel=\"noopener\">Consulte el fondo Paul Fenton<\/a><\/strong><\/h2>\n<p>\u00a0<\/p>\n<p>\u00a0<\/p>\n<center><img decoding=\"async\" class=\"  alignleft wp-image-26755\" src=\"https:\/\/www.iemj.org\/wp-content\/uploads\/2020\/02\/p_5232_couv_recueil_brun_redim_425px_vertic.jpg\" alt=\"p_5232_couv_recueil_brun_redim_425px_vertic.jpg\" width=\"219\" height=\"310\" align=\"left\" srcset=\"https:\/\/www.iemj.org\/wp-content\/uploads\/2020\/02\/p_5232_couv_recueil_brun_redim_425px_vertic.jpg 300w, https:\/\/www.iemj.org\/wp-content\/uploads\/2020\/02\/p_5232_couv_recueil_brun_redim_425px_vertic-212x300.jpg 212w\" sizes=\"(max-width: 219px) 100vw, 219px\" \/> <img loading=\"lazy\" decoding=\"async\" class=\"wp-image-26757  alignright\" src=\"https:\/\/www.iemj.org\/wp-content\/uploads\/2020\/02\/p_5275_001_partition_chantshe_redim_425_vertic.jpg\" alt=\"p_5275_001_partition_chantshe_redim_425_vertic.jpg\" width=\"236\" height=\"310\" align=\"right\" srcset=\"https:\/\/www.iemj.org\/wp-content\/uploads\/2020\/02\/p_5275_001_partition_chantshe_redim_425_vertic.jpg 324w, https:\/\/www.iemj.org\/wp-content\/uploads\/2020\/02\/p_5275_001_partition_chantshe_redim_425_vertic-229x300.jpg 229w\" sizes=\"(max-width: 236px) 100vw, 236px\" \/><\/center>\n<p>\u00a0<\/p>\n\n\n<p><\/p>\n","protected":false},"excerpt":{"rendered":"<p>Depositado en enero de 2019, la colecci\u00f3n de Fenton (Shahak) contiene casi 250 documentos: libros raros, partituras antiguas, cancioneros, recortes de prensa, casetes de audio, discos de 78 rpm, vinilos<\/p>\n","protected":false},"author":1048,"featured_media":41934,"comment_status":"closed","ping_status":"closed","sticky":false,"template":"","format":"standard","meta":{"_acf_changed":false,"footnotes":""},"categories":[1587],"tags":[],"technique":[],"squelettes":[],"sujet":[],"formation":[],"genre":[],"fonds":[],"tradition":[],"type-de-contenu":[],"interprete-compositeur":[],"frise":[],"type-devenement":[],"tableaux-liens-externes":[],"class_list":["post-41933","post","type-post","status-publish","format-standard","has-post-thumbnail","hentry","category-fondos-principales-es"],"acf":[],"yoast_head":"<!-- This site is optimized with the Yoast SEO plugin v27.3 - https:\/\/yoast.com\/product\/yoast-seo-wordpress\/ -->\n<title>Fondo Paul Fenton - Institut Europ\u00e9en des Musiques Juives<\/title>\n<meta name=\"robots\" content=\"index, follow, max-snippet:-1, max-image-preview:large, max-video-preview:-1\" \/>\n<link rel=\"canonical\" href=\"https:\/\/www.iemj.org\/es\/fonds-paul-fenton\/\" \/>\n<meta property=\"og:locale\" content=\"es_ES\" \/>\n<meta property=\"og:type\" content=\"article\" \/>\n<meta property=\"og:title\" content=\"Fondo Paul Fenton - Institut Europ\u00e9en des Musiques Juives\" \/>\n<meta property=\"og:description\" content=\"Depositado en enero de 2019, la colecci\u00f3n de Fenton (Shahak) contiene casi 250 documentos: libros raros, partituras antiguas, cancioneros, recortes de prensa, casetes de audio, discos de 78 rpm, vinilos\" \/>\n<meta property=\"og:url\" content=\"https:\/\/www.iemj.org\/es\/fonds-paul-fenton\/\" \/>\n<meta property=\"og:site_name\" content=\"Institut Europ\u00e9en des Musiques Juives\" \/>\n<meta property=\"article:publisher\" content=\"https:\/\/www.facebook.com\/MusiquesJuives\/\" \/>\n<meta property=\"article:published_time\" content=\"2020-02-12T11:49:57+00:00\" \/>\n<meta property=\"article:modified_time\" content=\"2021-06-03T08:09:10+00:00\" \/>\n<meta property=\"og:image\" content=\"https:\/\/www.iemj.org\/wp-content\/uploads\/2020\/02\/arton4492-e1617288430916.jpg\" \/>\n\t<meta property=\"og:image:width\" content=\"229\" \/>\n\t<meta property=\"og:image:height\" content=\"300\" \/>\n\t<meta property=\"og:image:type\" content=\"image\/jpeg\" \/>\n<meta name=\"author\" content=\"Jean-Gabriel Davis\" \/>\n<meta name=\"twitter:card\" content=\"summary_large_image\" \/>\n<meta name=\"twitter:label1\" content=\"Escrito por\" \/>\n\t<meta name=\"twitter:data1\" content=\"Jean-Gabriel Davis\" \/>\n\t<meta name=\"twitter:label2\" content=\"Tiempo de lectura\" \/>\n\t<meta name=\"twitter:data2\" content=\"2 minutos\" \/>\n<script type=\"application\/ld+json\" class=\"yoast-schema-graph\">{\"@context\":\"https:\\\/\\\/schema.org\",\"@graph\":[{\"@type\":\"Article\",\"@id\":\"https:\\\/\\\/www.iemj.org\\\/es\\\/fonds-paul-fenton\\\/#article\",\"isPartOf\":{\"@id\":\"https:\\\/\\\/www.iemj.org\\\/es\\\/fonds-paul-fenton\\\/\"},\"author\":{\"name\":\"Jean-Gabriel Davis\",\"@id\":\"https:\\\/\\\/www.iemj.org\\\/es\\\/#\\\/schema\\\/person\\\/c9bc1c386a3749579a2d675e72a18666\"},\"headline\":\"Fondo Paul Fenton\",\"datePublished\":\"2020-02-12T11:49:57+00:00\",\"dateModified\":\"2021-06-03T08:09:10+00:00\",\"mainEntityOfPage\":{\"@id\":\"https:\\\/\\\/www.iemj.org\\\/es\\\/fonds-paul-fenton\\\/\"},\"wordCount\":322,\"publisher\":{\"@id\":\"https:\\\/\\\/www.iemj.org\\\/es\\\/#organization\"},\"image\":{\"@id\":\"https:\\\/\\\/www.iemj.org\\\/es\\\/fonds-paul-fenton\\\/#primaryimage\"},\"thumbnailUrl\":\"https:\\\/\\\/www.iemj.org\\\/wp-content\\\/uploads\\\/2020\\\/02\\\/arton4492-e1617288430916.jpg\",\"articleSection\":[\"Fondos principales\"],\"inLanguage\":\"es\"},{\"@type\":\"WebPage\",\"@id\":\"https:\\\/\\\/www.iemj.org\\\/es\\\/fonds-paul-fenton\\\/\",\"url\":\"https:\\\/\\\/www.iemj.org\\\/es\\\/fonds-paul-fenton\\\/\",\"name\":\"Fondo Paul Fenton - Institut Europ\u00e9en des Musiques Juives\",\"isPartOf\":{\"@id\":\"https:\\\/\\\/www.iemj.org\\\/es\\\/#website\"},\"primaryImageOfPage\":{\"@id\":\"https:\\\/\\\/www.iemj.org\\\/es\\\/fonds-paul-fenton\\\/#primaryimage\"},\"image\":{\"@id\":\"https:\\\/\\\/www.iemj.org\\\/es\\\/fonds-paul-fenton\\\/#primaryimage\"},\"thumbnailUrl\":\"https:\\\/\\\/www.iemj.org\\\/wp-content\\\/uploads\\\/2020\\\/02\\\/arton4492-e1617288430916.jpg\",\"datePublished\":\"2020-02-12T11:49:57+00:00\",\"dateModified\":\"2021-06-03T08:09:10+00:00\",\"breadcrumb\":{\"@id\":\"https:\\\/\\\/www.iemj.org\\\/es\\\/fonds-paul-fenton\\\/#breadcrumb\"},\"inLanguage\":\"es\",\"potentialAction\":[{\"@type\":\"ReadAction\",\"target\":[\"https:\\\/\\\/www.iemj.org\\\/es\\\/fonds-paul-fenton\\\/\"]}]},{\"@type\":\"ImageObject\",\"inLanguage\":\"es\",\"@id\":\"https:\\\/\\\/www.iemj.org\\\/es\\\/fonds-paul-fenton\\\/#primaryimage\",\"url\":\"https:\\\/\\\/www.iemj.org\\\/wp-content\\\/uploads\\\/2020\\\/02\\\/arton4492-e1617288430916.jpg\",\"contentUrl\":\"https:\\\/\\\/www.iemj.org\\\/wp-content\\\/uploads\\\/2020\\\/02\\\/arton4492-e1617288430916.jpg\",\"width\":229,\"height\":300},{\"@type\":\"BreadcrumbList\",\"@id\":\"https:\\\/\\\/www.iemj.org\\\/es\\\/fonds-paul-fenton\\\/#breadcrumb\",\"itemListElement\":[{\"@type\":\"ListItem\",\"position\":1,\"name\":\"Accueil\",\"item\":\"https:\\\/\\\/www.iemj.org\\\/es\\\/\"},{\"@type\":\"ListItem\",\"position\":2,\"name\":\"Fondo Paul Fenton\"}]},{\"@type\":\"WebSite\",\"@id\":\"https:\\\/\\\/www.iemj.org\\\/es\\\/#website\",\"url\":\"https:\\\/\\\/www.iemj.org\\\/es\\\/\",\"name\":\"Institut Europ\u00e9en des Musiques Juives\",\"description\":\"Des traditions musicales \u00e0 la port\u00e9e de tous\",\"publisher\":{\"@id\":\"https:\\\/\\\/www.iemj.org\\\/es\\\/#organization\"},\"potentialAction\":[{\"@type\":\"SearchAction\",\"target\":{\"@type\":\"EntryPoint\",\"urlTemplate\":\"https:\\\/\\\/www.iemj.org\\\/es\\\/?s={search_term_string}\"},\"query-input\":{\"@type\":\"PropertyValueSpecification\",\"valueRequired\":true,\"valueName\":\"search_term_string\"}}],\"inLanguage\":\"es\"},{\"@type\":\"Organization\",\"@id\":\"https:\\\/\\\/www.iemj.org\\\/es\\\/#organization\",\"name\":\"Institut Europ\u00e9en des Musiques Juives\",\"url\":\"https:\\\/\\\/www.iemj.org\\\/es\\\/\",\"logo\":{\"@type\":\"ImageObject\",\"inLanguage\":\"es\",\"@id\":\"https:\\\/\\\/www.iemj.org\\\/es\\\/#\\\/schema\\\/logo\\\/image\\\/\",\"url\":\"https:\\\/\\\/www.iemj.org\\\/wp-content\\\/uploads\\\/2021\\\/09\\\/Logo-IEMJ-Paypal.jpg\",\"contentUrl\":\"https:\\\/\\\/www.iemj.org\\\/wp-content\\\/uploads\\\/2021\\\/09\\\/Logo-IEMJ-Paypal.jpg\",\"width\":150,\"height\":50,\"caption\":\"Institut Europ\u00e9en des Musiques Juives\"},\"image\":{\"@id\":\"https:\\\/\\\/www.iemj.org\\\/es\\\/#\\\/schema\\\/logo\\\/image\\\/\"},\"sameAs\":[\"https:\\\/\\\/www.facebook.com\\\/MusiquesJuives\\\/\",\"https:\\\/\\\/www.instagram.com\\\/musiquesjuives\\\/\",\"https:\\\/\\\/www.youtube.com\\\/user\\\/musiquesjuives\"]},{\"@type\":\"Person\",\"@id\":\"https:\\\/\\\/www.iemj.org\\\/es\\\/#\\\/schema\\\/person\\\/c9bc1c386a3749579a2d675e72a18666\",\"name\":\"Jean-Gabriel Davis\",\"image\":{\"@type\":\"ImageObject\",\"inLanguage\":\"es\",\"@id\":\"https:\\\/\\\/secure.gravatar.com\\\/avatar\\\/2b90d67bdf392c9b3a21fab87c0fa7edaf1fb3a058172a1ffd61033fcec7aec1?s=96&d=mm&r=g\",\"url\":\"https:\\\/\\\/secure.gravatar.com\\\/avatar\\\/2b90d67bdf392c9b3a21fab87c0fa7edaf1fb3a058172a1ffd61033fcec7aec1?s=96&d=mm&r=g\",\"contentUrl\":\"https:\\\/\\\/secure.gravatar.com\\\/avatar\\\/2b90d67bdf392c9b3a21fab87c0fa7edaf1fb3a058172a1ffd61033fcec7aec1?s=96&d=mm&r=g\",\"caption\":\"Jean-Gabriel Davis\"}}]}<\/script>\n<!-- \/ Yoast SEO plugin. -->","yoast_head_json":{"title":"Fondo Paul Fenton - Institut Europ\u00e9en des Musiques Juives","robots":{"index":"index","follow":"follow","max-snippet":"max-snippet:-1","max-image-preview":"max-image-preview:large","max-video-preview":"max-video-preview:-1"},"canonical":"https:\/\/www.iemj.org\/es\/fonds-paul-fenton\/","og_locale":"es_ES","og_type":"article","og_title":"Fondo Paul Fenton - Institut Europ\u00e9en des Musiques Juives","og_description":"Depositado en enero de 2019, la colecci\u00f3n de Fenton (Shahak) contiene casi 250 documentos: libros raros, partituras antiguas, cancioneros, recortes de prensa, casetes de audio, discos de 78 rpm, vinilos","og_url":"https:\/\/www.iemj.org\/es\/fonds-paul-fenton\/","og_site_name":"Institut Europ\u00e9en des Musiques Juives","article_publisher":"https:\/\/www.facebook.com\/MusiquesJuives\/","article_published_time":"2020-02-12T11:49:57+00:00","article_modified_time":"2021-06-03T08:09:10+00:00","og_image":[{"width":229,"height":300,"url":"https:\/\/www.iemj.org\/wp-content\/uploads\/2020\/02\/arton4492-e1617288430916.jpg","type":"image\/jpeg"}],"author":"Jean-Gabriel Davis","twitter_card":"summary_large_image","twitter_misc":{"Escrito por":"Jean-Gabriel Davis","Tiempo de lectura":"2 minutos"},"schema":{"@context":"https:\/\/schema.org","@graph":[{"@type":"Article","@id":"https:\/\/www.iemj.org\/es\/fonds-paul-fenton\/#article","isPartOf":{"@id":"https:\/\/www.iemj.org\/es\/fonds-paul-fenton\/"},"author":{"name":"Jean-Gabriel Davis","@id":"https:\/\/www.iemj.org\/es\/#\/schema\/person\/c9bc1c386a3749579a2d675e72a18666"},"headline":"Fondo Paul Fenton","datePublished":"2020-02-12T11:49:57+00:00","dateModified":"2021-06-03T08:09:10+00:00","mainEntityOfPage":{"@id":"https:\/\/www.iemj.org\/es\/fonds-paul-fenton\/"},"wordCount":322,"publisher":{"@id":"https:\/\/www.iemj.org\/es\/#organization"},"image":{"@id":"https:\/\/www.iemj.org\/es\/fonds-paul-fenton\/#primaryimage"},"thumbnailUrl":"https:\/\/www.iemj.org\/wp-content\/uploads\/2020\/02\/arton4492-e1617288430916.jpg","articleSection":["Fondos principales"],"inLanguage":"es"},{"@type":"WebPage","@id":"https:\/\/www.iemj.org\/es\/fonds-paul-fenton\/","url":"https:\/\/www.iemj.org\/es\/fonds-paul-fenton\/","name":"Fondo Paul Fenton - Institut Europ\u00e9en des Musiques Juives","isPartOf":{"@id":"https:\/\/www.iemj.org\/es\/#website"},"primaryImageOfPage":{"@id":"https:\/\/www.iemj.org\/es\/fonds-paul-fenton\/#primaryimage"},"image":{"@id":"https:\/\/www.iemj.org\/es\/fonds-paul-fenton\/#primaryimage"},"thumbnailUrl":"https:\/\/www.iemj.org\/wp-content\/uploads\/2020\/02\/arton4492-e1617288430916.jpg","datePublished":"2020-02-12T11:49:57+00:00","dateModified":"2021-06-03T08:09:10+00:00","breadcrumb":{"@id":"https:\/\/www.iemj.org\/es\/fonds-paul-fenton\/#breadcrumb"},"inLanguage":"es","potentialAction":[{"@type":"ReadAction","target":["https:\/\/www.iemj.org\/es\/fonds-paul-fenton\/"]}]},{"@type":"ImageObject","inLanguage":"es","@id":"https:\/\/www.iemj.org\/es\/fonds-paul-fenton\/#primaryimage","url":"https:\/\/www.iemj.org\/wp-content\/uploads\/2020\/02\/arton4492-e1617288430916.jpg","contentUrl":"https:\/\/www.iemj.org\/wp-content\/uploads\/2020\/02\/arton4492-e1617288430916.jpg","width":229,"height":300},{"@type":"BreadcrumbList","@id":"https:\/\/www.iemj.org\/es\/fonds-paul-fenton\/#breadcrumb","itemListElement":[{"@type":"ListItem","position":1,"name":"Accueil","item":"https:\/\/www.iemj.org\/es\/"},{"@type":"ListItem","position":2,"name":"Fondo Paul Fenton"}]},{"@type":"WebSite","@id":"https:\/\/www.iemj.org\/es\/#website","url":"https:\/\/www.iemj.org\/es\/","name":"Institut Europ\u00e9en des Musiques Juives","description":"Des traditions musicales \u00e0 la port\u00e9e de tous","publisher":{"@id":"https:\/\/www.iemj.org\/es\/#organization"},"potentialAction":[{"@type":"SearchAction","target":{"@type":"EntryPoint","urlTemplate":"https:\/\/www.iemj.org\/es\/?s={search_term_string}"},"query-input":{"@type":"PropertyValueSpecification","valueRequired":true,"valueName":"search_term_string"}}],"inLanguage":"es"},{"@type":"Organization","@id":"https:\/\/www.iemj.org\/es\/#organization","name":"Institut Europ\u00e9en des Musiques Juives","url":"https:\/\/www.iemj.org\/es\/","logo":{"@type":"ImageObject","inLanguage":"es","@id":"https:\/\/www.iemj.org\/es\/#\/schema\/logo\/image\/","url":"https:\/\/www.iemj.org\/wp-content\/uploads\/2021\/09\/Logo-IEMJ-Paypal.jpg","contentUrl":"https:\/\/www.iemj.org\/wp-content\/uploads\/2021\/09\/Logo-IEMJ-Paypal.jpg","width":150,"height":50,"caption":"Institut Europ\u00e9en des Musiques Juives"},"image":{"@id":"https:\/\/www.iemj.org\/es\/#\/schema\/logo\/image\/"},"sameAs":["https:\/\/www.facebook.com\/MusiquesJuives\/","https:\/\/www.instagram.com\/musiquesjuives\/","https:\/\/www.youtube.com\/user\/musiquesjuives"]},{"@type":"Person","@id":"https:\/\/www.iemj.org\/es\/#\/schema\/person\/c9bc1c386a3749579a2d675e72a18666","name":"Jean-Gabriel Davis","image":{"@type":"ImageObject","inLanguage":"es","@id":"https:\/\/secure.gravatar.com\/avatar\/2b90d67bdf392c9b3a21fab87c0fa7edaf1fb3a058172a1ffd61033fcec7aec1?s=96&d=mm&r=g","url":"https:\/\/secure.gravatar.com\/avatar\/2b90d67bdf392c9b3a21fab87c0fa7edaf1fb3a058172a1ffd61033fcec7aec1?s=96&d=mm&r=g","contentUrl":"https:\/\/secure.gravatar.com\/avatar\/2b90d67bdf392c9b3a21fab87c0fa7edaf1fb3a058172a1ffd61033fcec7aec1?s=96&d=mm&r=g","caption":"Jean-Gabriel Davis"}}]}},"_links":{"self":[{"href":"https:\/\/www.iemj.org\/es\/wp-json\/wp\/v2\/posts\/41933","targetHints":{"allow":["GET"]}}],"collection":[{"href":"https:\/\/www.iemj.org\/es\/wp-json\/wp\/v2\/posts"}],"about":[{"href":"https:\/\/www.iemj.org\/es\/wp-json\/wp\/v2\/types\/post"}],"author":[{"embeddable":true,"href":"https:\/\/www.iemj.org\/es\/wp-json\/wp\/v2\/users\/1048"}],"replies":[{"embeddable":true,"href":"https:\/\/www.iemj.org\/es\/wp-json\/wp\/v2\/comments?post=41933"}],"version-history":[{"count":0,"href":"https:\/\/www.iemj.org\/es\/wp-json\/wp\/v2\/posts\/41933\/revisions"}],"wp:featuredmedia":[{"embeddable":true,"href":"https:\/\/www.iemj.org\/es\/wp-json\/wp\/v2\/media\/41934"}],"wp:attachment":[{"href":"https:\/\/www.iemj.org\/es\/wp-json\/wp\/v2\/media?parent=41933"}],"wp:term":[{"taxonomy":"category","embeddable":true,"href":"https:\/\/www.iemj.org\/es\/wp-json\/wp\/v2\/categories?post=41933"},{"taxonomy":"post_tag","embeddable":true,"href":"https:\/\/www.iemj.org\/es\/wp-json\/wp\/v2\/tags?post=41933"},{"taxonomy":"technique","embeddable":true,"href":"https:\/\/www.iemj.org\/es\/wp-json\/wp\/v2\/technique?post=41933"},{"taxonomy":"squelettes","embeddable":true,"href":"https:\/\/www.iemj.org\/es\/wp-json\/wp\/v2\/squelettes?post=41933"},{"taxonomy":"sujet","embeddable":true,"href":"https:\/\/www.iemj.org\/es\/wp-json\/wp\/v2\/sujet?post=41933"},{"taxonomy":"formation","embeddable":true,"href":"https:\/\/www.iemj.org\/es\/wp-json\/wp\/v2\/formation?post=41933"},{"taxonomy":"genre","embeddable":true,"href":"https:\/\/www.iemj.org\/es\/wp-json\/wp\/v2\/genre?post=41933"},{"taxonomy":"fonds","embeddable":true,"href":"https:\/\/www.iemj.org\/es\/wp-json\/wp\/v2\/fonds?post=41933"},{"taxonomy":"tradition","embeddable":true,"href":"https:\/\/www.iemj.org\/es\/wp-json\/wp\/v2\/tradition?post=41933"},{"taxonomy":"type-de-contenu","embeddable":true,"href":"https:\/\/www.iemj.org\/es\/wp-json\/wp\/v2\/type-de-contenu?post=41933"},{"taxonomy":"interprete-compositeur","embeddable":true,"href":"https:\/\/www.iemj.org\/es\/wp-json\/wp\/v2\/interprete-compositeur?post=41933"},{"taxonomy":"frise","embeddable":true,"href":"https:\/\/www.iemj.org\/es\/wp-json\/wp\/v2\/frise?post=41933"},{"taxonomy":"type-devenement","embeddable":true,"href":"https:\/\/www.iemj.org\/es\/wp-json\/wp\/v2\/type-devenement?post=41933"},{"taxonomy":"tableaux-liens-externes","embeddable":true,"href":"https:\/\/www.iemj.org\/es\/wp-json\/wp\/v2\/tableaux-liens-externes?post=41933"}],"curies":[{"name":"wp","href":"https:\/\/api.w.org\/{rel}","templated":true}]}}