{"id":42395,"date":"2018-10-03T16:16:21","date_gmt":"2018-10-03T14:16:21","guid":{"rendered":"https:\/\/www.iemj.org\/fonds-halphen\/"},"modified":"2021-06-17T19:08:16","modified_gmt":"2021-06-17T17:08:16","slug":"fonds-halphen","status":"publish","type":"post","link":"https:\/\/www.iemj.org\/es\/fonds-halphen\/","title":{"rendered":"Fondo Alice y Fernand Halphen"},"content":{"rendered":"<p><span style=\"font-size: inherit;\">Nacido en 1872 y muerto por Francia en 1917, <\/span><a style=\"font-size: inherit;\" href=\"https:\/\/www.iemj.org\/halphen-fernand-1872-1917\/\">Fernand Halphen<\/a><span style=\"font-size: inherit;\">, alumno de Gabriel Faur\u00e9 y de Jules Massenet, ha obtenido el segundo precio de Rome en 1896 et ha compuesto durante su corta vida un buen centenar de obras. <\/span><\/p>\n<figure style=\"width: 182px\" class=\"wp-caption alignright\"><img decoding=\"async\" class=\"\" src=\"https:\/\/www.iemj.org\/wp-content\/uploads\/2018\/10\/i_25_vig_alice_halphen.jpg\" alt=\"i_25_vig_alice_halphen.jpg\" width=\"182\" height=\"271\" align=\"right\" data-description=\"&quot;<strong\"><figcaption class=\"wp-caption-text\">Alice Halphen<\/figcaption><\/figure>\n<p><span style=\"font-size: inherit;\">En cuanto a su mujer, <\/span><a style=\"font-size: inherit;\" href=\"https:\/\/www.iemj.org\/halphen-alice-1878-1963\/\">Alice Halphen<\/a><span style=\"font-size: inherit;\">, <\/span>cuyo apellido de nacimiento es Koenigswarter (1878-1963), era aficionada a arte aclarada, dirigiendo durante varias d\u00e9cadas en su mansi\u00f3n de la rue Dumont-d&#8217;Urville un sal\u00f3n de m\u00fasica visitado por numerosos artistas que ha ayudado a menudo : entre otros Daniel-Lesur, Ania Dorfman, Enesco, Faur\u00e9, Gedalge, Monique Haas, Honegger, Jolivet, Mihailovitz, Milhaud, Messiaen y Poulenc. Marcada en su juventud por el caso Dreyfus, Alice Halphen se ha interesada tambi\u00e9n toda su vida por la cuesti\u00f3n del juda\u00edsmo y ha jugado un gran papel en la comunidad israelita de Francia.<\/p>\n<p><img fetchpriority=\"high\" decoding=\"async\" class=\" alignleft size-full wp-image-21062\" src=\"https:\/\/www.iemj.org\/wp-content\/uploads\/2018\/10\/hagoseida_p_426_002.jpg\" alt=\"hagoseida_p_426_002.jpg\" width=\"216\" height=\"300\" align=\"left\"><\/p>\n<p>El Instituto Europeo de las M\u00fasicas Jud\u00edas concentra en sus colecciones m\u00e1s de 1.000 documentos de una valor patrimonial inestimable habiendo pertenecido a Alice y Fernand Halphen : correspondencias con los m\u00fasicos m\u00e1s importantes de la \u00e9poca (Faur\u00e9, Massenet, Hahn, B\u00fcsser, Cortot, Koechlin, Risler\u2026), manuscritos musicales, cuyos algunos aut\u00f3grafos, partituras imprimidas, fotograf\u00edas, recortes de prensa&#8230;<\/p>\n<p>Una parte de este fondo &#8211; en particular las partituras &#8211; ha sido dado por los bisnietos de Alice y Fernand Halphen, Se\u00f1oras Isabelle Friedman, Odile Haye, y Nathalie Bardon en 2005. A continuaci\u00f3n, <a href=\"https:\/\/www.fondationjudaisme.org\/\">la&nbsp;Fondation du Juda\u00efsme Fran\u00e7ais<\/a>, la asociaci\u00f3n <a href=\"https:\/\/www.iemj.org\/association-yuval\/\">Yuval<\/a> y el Instituto Europeo de las M\u00fasicas Jud\u00edas han contribuidos a fortalecer la importancia de este fondo constituy\u00e9ndose en compradores de numerosos otros documentos &#8211; especialmente las correspondencias &#8211; durante subastas (2006, 2009, 2011, 2013, y 2016).<\/p>\n<figure style=\"width: 200px\" class=\"wp-caption alignright\"><img decoding=\"async\" src=\"https:\/\/www.iemj.org\/wp-content\/uploads\/2018\/10\/i_320_vig_photo_chateau_la_chapelle_en_s.jpg\" alt=\"i_320_vig_photo_chateau_la_chapelle_en_s.jpg\" width=\"200\" height=\"134\" align=\"right\" data-description=\"&quot;<strong\"><figcaption class=\"wp-caption-text\">Castillo de la Chapelle-en-Serval<\/figcaption><\/figure>\n<p>Como tal, se\u00f1alemos que durante la segunda guerra mundial, los nazis hab\u00edan tomado posesi\u00f3n de la biblioteca musical de Fernand Halphen y que el castillo familiar de La Chapelle-en-Serval fue pillado varias veces. Despu\u00e9s de la guerra, Alice Halphen ha recuperado desafortunadamente sola una parte de lo que fue expoliado.<\/p>\n<p><a href=\"https:\/\/www.iemj.org\/fernand-halphen\/\"><img loading=\"lazy\" decoding=\"async\" class=\" alignleft size-full wp-image-21066\" src=\"https:\/\/www.iemj.org\/wp-content\/uploads\/2018\/10\/cp_pmjf_5.jpg\" alt=\"cp_pmjf_5.jpg\" width=\"198\" height=\"170\" align=\"left\"><\/a><\/p>\n<p>Desde la publicaci\u00f3n del doble \u00e1lbum <a href=\"https:\/\/www.iemj.org\/fernand-halphen\/\">Fernand Halphen. M\u00e9lodies, pi\u00e8ces pour piano et musique de chambre<\/a> (Melod\u00edas, piezas para piano y m\u00fasica de c\u00e1mara) (2006) y del CD <a href=\"https:\/\/www.iemj.org\/musique-francaise-avant-et-apres-la-grande-guerre\/\">Musique fran\u00e7aise avant et apr\u00e8s la Grande Guerre<\/a> (M\u00fasica francesa antes y despu\u00e9s de la Gran Guerra) (2017) d\u00f3nde ha sido creado de nuevo su 1\u00aa sinfon\u00eda, el p\u00fablico en general ha descubierto de nuevo la obra de Fernand Halphen, un compositor cuya a la m\u00fasica de factura est\u00e1ndar no le falta encanto. El centenario de la guerra del 14-18 ha sido tambi\u00e9n la ocasi\u00f3n de exponer documentos habiendo pertenecido a Fernand Halphen, muerto por Francia en 1917, y de hacer tocar sus obras en el mundo entero.<\/p>\n<p>Desde 2015, las ediciones del IEMJ han empezado publicar las partituras de Fernand Halphen. Se trata de un trabajo interminable, Halphen siendo el autor de un cat\u00e1logo de 166 obras, entre los cuales 76 melod\u00edas para voces y piano.<\/p>\n<p><a href=\"https:\/\/www.iemj.org\/du-salon-au-front-fernand-halphen-1872-1917-compositeur-mecene-et-chef-de-musique-militaire\/\"><img loading=\"lazy\" decoding=\"async\" class=\" alignright  wp-image-21068\" src=\"https:\/\/www.iemj.org\/wp-content\/uploads\/2018\/10\/vignette_livre_du_salon.jpg\" alt=\"vignette_livre_du_salon.jpg\" width=\"168\" height=\"256\" align=\"right\"><\/a>Por fin, se\u00f1alemos la publicaci\u00f3n de una obra colectiva <a href=\"https:\/\/www.iemj.org\/du-salon-au-front-fernand-halphen-1872-1917-compositeur-mecene-et-chef-de-musique-militaire\/\">Du salon au front : Fernand Halphen (1872-1917), compositeur, m\u00e9c\u00e8ne et chef de musique militaire<\/a> (Del sal\u00f3n al frente: Fernand Halphen (1872-1917), compositor, mecenas y jefe de m\u00fasica militar) publicado en abril de 2017, bajo la direcci\u00f3n de Laure Schnapper, con la colaboraci\u00f3n de Pierre-Andr\u00e9 Meyer &#8211; Prefacio de Herv\u00e9 Roten, publicado en las ediciones Hermann, a la ocasi\u00f3n del centenario del fallecimiento del compositor.<\/p>\n<p>A partir de ahora los archivos est\u00e1n consultables en el cat\u00e1logo de nuestras colecciones (<strong><a href=\" http:\/\/www.rachelnet.net\/F\/?func=find-c&amp;ccl_term=WHOC%3Dhalphen&amp;local_base=iemcg&amp;x=19&amp;y=16\">acceder al fondo de archivo Halphen<\/a><\/strong>) o con cita previa con del Instituto Europeo de las M\u00fasicas Jud\u00edas (<a href=\"mailto:contact@iemj.org\">contact@iemj.org<\/a>)<\/p>\n","protected":false},"excerpt":{"rendered":"<p>Nacido en 1872 y muerto por Francia en 1917, Fernand Halphen, alumno de Gabriel Faur\u00e9 y de Jules Massenet, ha obtenido el segundo precio de Rome en 1896 et ha<\/p>\n","protected":false},"author":1045,"featured_media":42396,"comment_status":"closed","ping_status":"closed","sticky":false,"template":"","format":"standard","meta":{"_acf_changed":false,"footnotes":""},"categories":[1587],"tags":[],"technique":[],"squelettes":[],"sujet":[],"formation":[],"genre":[],"fonds":[],"tradition":[],"type-de-contenu":[],"interprete-compositeur":[3166],"frise":[],"type-devenement":[],"tableaux-liens-externes":[],"class_list":["post-42395","post","type-post","status-publish","format-standard","has-post-thumbnail","hentry","category-fondos-principales-es","interprete-compositeur-fernand-halphen-es"],"acf":[],"yoast_head":"<!-- This site is optimized with the Yoast SEO plugin v27.3 - https:\/\/yoast.com\/product\/yoast-seo-wordpress\/ -->\n<title>Fondo Alice y Fernand Halphen - Institut Europ\u00e9en des Musiques Juives<\/title>\n<meta name=\"robots\" content=\"index, follow, max-snippet:-1, max-image-preview:large, max-video-preview:-1\" \/>\n<link rel=\"canonical\" href=\"https:\/\/www.iemj.org\/es\/fonds-halphen\/\" \/>\n<meta property=\"og:locale\" content=\"es_ES\" \/>\n<meta property=\"og:type\" content=\"article\" \/>\n<meta property=\"og:title\" content=\"Fondo Alice y Fernand Halphen - Institut Europ\u00e9en des Musiques Juives\" \/>\n<meta property=\"og:description\" content=\"Nacido en 1872 y muerto por Francia en 1917, Fernand Halphen, alumno de Gabriel Faur\u00e9 y de Jules Massenet, ha obtenido el segundo precio de Rome en 1896 et ha\" \/>\n<meta property=\"og:url\" content=\"https:\/\/www.iemj.org\/es\/fonds-halphen\/\" \/>\n<meta property=\"og:site_name\" content=\"Institut Europ\u00e9en des Musiques Juives\" \/>\n<meta property=\"article:publisher\" content=\"https:\/\/www.facebook.com\/MusiquesJuives\/\" \/>\n<meta property=\"article:published_time\" content=\"2018-10-03T14:16:21+00:00\" \/>\n<meta property=\"article:modified_time\" content=\"2021-06-17T17:08:16+00:00\" \/>\n<meta property=\"og:image\" content=\"https:\/\/www.iemj.org\/wp-content\/uploads\/2018\/10\/arton3647-e1618415357261.jpg\" \/>\n\t<meta property=\"og:image:width\" content=\"350\" \/>\n\t<meta property=\"og:image:height\" content=\"326\" \/>\n\t<meta property=\"og:image:type\" content=\"image\/jpeg\" \/>\n<meta name=\"author\" content=\"Herv\u00e9 Roten\" \/>\n<meta name=\"twitter:card\" content=\"summary_large_image\" \/>\n<meta name=\"twitter:label1\" content=\"Escrito por\" \/>\n\t<meta name=\"twitter:data1\" content=\"Herv\u00e9 Roten\" \/>\n\t<meta name=\"twitter:label2\" content=\"Tiempo de lectura\" \/>\n\t<meta name=\"twitter:data2\" content=\"4 minutos\" \/>\n<script type=\"application\/ld+json\" class=\"yoast-schema-graph\">{\"@context\":\"https:\\\/\\\/schema.org\",\"@graph\":[{\"@type\":\"Article\",\"@id\":\"https:\\\/\\\/www.iemj.org\\\/es\\\/fonds-halphen\\\/#article\",\"isPartOf\":{\"@id\":\"https:\\\/\\\/www.iemj.org\\\/es\\\/fonds-halphen\\\/\"},\"author\":{\"name\":\"Herv\u00e9 Roten\",\"@id\":\"https:\\\/\\\/www.iemj.org\\\/es\\\/#\\\/schema\\\/person\\\/906134402c29d5c76e7b726261dd4bbd\"},\"headline\":\"Fondo Alice y Fernand Halphen\",\"datePublished\":\"2018-10-03T14:16:21+00:00\",\"dateModified\":\"2021-06-17T17:08:16+00:00\",\"mainEntityOfPage\":{\"@id\":\"https:\\\/\\\/www.iemj.org\\\/es\\\/fonds-halphen\\\/\"},\"wordCount\":646,\"publisher\":{\"@id\":\"https:\\\/\\\/www.iemj.org\\\/es\\\/#organization\"},\"image\":{\"@id\":\"https:\\\/\\\/www.iemj.org\\\/es\\\/fonds-halphen\\\/#primaryimage\"},\"thumbnailUrl\":\"https:\\\/\\\/www.iemj.org\\\/wp-content\\\/uploads\\\/2018\\\/10\\\/arton3647-e1618415357261.jpg\",\"articleSection\":[\"Fondos principales\"],\"inLanguage\":\"es\"},{\"@type\":\"WebPage\",\"@id\":\"https:\\\/\\\/www.iemj.org\\\/es\\\/fonds-halphen\\\/\",\"url\":\"https:\\\/\\\/www.iemj.org\\\/es\\\/fonds-halphen\\\/\",\"name\":\"Fondo Alice y Fernand Halphen - Institut Europ\u00e9en des Musiques Juives\",\"isPartOf\":{\"@id\":\"https:\\\/\\\/www.iemj.org\\\/es\\\/#website\"},\"primaryImageOfPage\":{\"@id\":\"https:\\\/\\\/www.iemj.org\\\/es\\\/fonds-halphen\\\/#primaryimage\"},\"image\":{\"@id\":\"https:\\\/\\\/www.iemj.org\\\/es\\\/fonds-halphen\\\/#primaryimage\"},\"thumbnailUrl\":\"https:\\\/\\\/www.iemj.org\\\/wp-content\\\/uploads\\\/2018\\\/10\\\/arton3647-e1618415357261.jpg\",\"datePublished\":\"2018-10-03T14:16:21+00:00\",\"dateModified\":\"2021-06-17T17:08:16+00:00\",\"breadcrumb\":{\"@id\":\"https:\\\/\\\/www.iemj.org\\\/es\\\/fonds-halphen\\\/#breadcrumb\"},\"inLanguage\":\"es\",\"potentialAction\":[{\"@type\":\"ReadAction\",\"target\":[\"https:\\\/\\\/www.iemj.org\\\/es\\\/fonds-halphen\\\/\"]}]},{\"@type\":\"ImageObject\",\"inLanguage\":\"es\",\"@id\":\"https:\\\/\\\/www.iemj.org\\\/es\\\/fonds-halphen\\\/#primaryimage\",\"url\":\"https:\\\/\\\/www.iemj.org\\\/wp-content\\\/uploads\\\/2018\\\/10\\\/arton3647-e1618415357261.jpg\",\"contentUrl\":\"https:\\\/\\\/www.iemj.org\\\/wp-content\\\/uploads\\\/2018\\\/10\\\/arton3647-e1618415357261.jpg\",\"width\":350,\"height\":326},{\"@type\":\"BreadcrumbList\",\"@id\":\"https:\\\/\\\/www.iemj.org\\\/es\\\/fonds-halphen\\\/#breadcrumb\",\"itemListElement\":[{\"@type\":\"ListItem\",\"position\":1,\"name\":\"Accueil\",\"item\":\"https:\\\/\\\/www.iemj.org\\\/es\\\/\"},{\"@type\":\"ListItem\",\"position\":2,\"name\":\"Fondo Alice y Fernand Halphen\"}]},{\"@type\":\"WebSite\",\"@id\":\"https:\\\/\\\/www.iemj.org\\\/es\\\/#website\",\"url\":\"https:\\\/\\\/www.iemj.org\\\/es\\\/\",\"name\":\"Institut Europ\u00e9en des Musiques Juives\",\"description\":\"Des traditions musicales \u00e0 la port\u00e9e de tous\",\"publisher\":{\"@id\":\"https:\\\/\\\/www.iemj.org\\\/es\\\/#organization\"},\"potentialAction\":[{\"@type\":\"SearchAction\",\"target\":{\"@type\":\"EntryPoint\",\"urlTemplate\":\"https:\\\/\\\/www.iemj.org\\\/es\\\/?s={search_term_string}\"},\"query-input\":{\"@type\":\"PropertyValueSpecification\",\"valueRequired\":true,\"valueName\":\"search_term_string\"}}],\"inLanguage\":\"es\"},{\"@type\":\"Organization\",\"@id\":\"https:\\\/\\\/www.iemj.org\\\/es\\\/#organization\",\"name\":\"Institut Europ\u00e9en des Musiques Juives\",\"url\":\"https:\\\/\\\/www.iemj.org\\\/es\\\/\",\"logo\":{\"@type\":\"ImageObject\",\"inLanguage\":\"es\",\"@id\":\"https:\\\/\\\/www.iemj.org\\\/es\\\/#\\\/schema\\\/logo\\\/image\\\/\",\"url\":\"https:\\\/\\\/www.iemj.org\\\/wp-content\\\/uploads\\\/2021\\\/09\\\/Logo-IEMJ-Paypal.jpg\",\"contentUrl\":\"https:\\\/\\\/www.iemj.org\\\/wp-content\\\/uploads\\\/2021\\\/09\\\/Logo-IEMJ-Paypal.jpg\",\"width\":150,\"height\":50,\"caption\":\"Institut Europ\u00e9en des Musiques Juives\"},\"image\":{\"@id\":\"https:\\\/\\\/www.iemj.org\\\/es\\\/#\\\/schema\\\/logo\\\/image\\\/\"},\"sameAs\":[\"https:\\\/\\\/www.facebook.com\\\/MusiquesJuives\\\/\",\"https:\\\/\\\/www.instagram.com\\\/musiquesjuives\\\/\",\"https:\\\/\\\/www.youtube.com\\\/user\\\/musiquesjuives\"]},{\"@type\":\"Person\",\"@id\":\"https:\\\/\\\/www.iemj.org\\\/es\\\/#\\\/schema\\\/person\\\/906134402c29d5c76e7b726261dd4bbd\",\"name\":\"Herv\u00e9 Roten\",\"image\":{\"@type\":\"ImageObject\",\"inLanguage\":\"es\",\"@id\":\"https:\\\/\\\/secure.gravatar.com\\\/avatar\\\/f96ad2db538a26481f18384936b5cd0610c92d390c4dc382209216d455f685ff?s=96&d=mm&r=g\",\"url\":\"https:\\\/\\\/secure.gravatar.com\\\/avatar\\\/f96ad2db538a26481f18384936b5cd0610c92d390c4dc382209216d455f685ff?s=96&d=mm&r=g\",\"contentUrl\":\"https:\\\/\\\/secure.gravatar.com\\\/avatar\\\/f96ad2db538a26481f18384936b5cd0610c92d390c4dc382209216d455f685ff?s=96&d=mm&r=g\",\"caption\":\"Herv\u00e9 Roten\"}}]}<\/script>\n<!-- \/ Yoast SEO plugin. -->","yoast_head_json":{"title":"Fondo Alice y Fernand Halphen - Institut Europ\u00e9en des Musiques Juives","robots":{"index":"index","follow":"follow","max-snippet":"max-snippet:-1","max-image-preview":"max-image-preview:large","max-video-preview":"max-video-preview:-1"},"canonical":"https:\/\/www.iemj.org\/es\/fonds-halphen\/","og_locale":"es_ES","og_type":"article","og_title":"Fondo Alice y Fernand Halphen - Institut Europ\u00e9en des Musiques Juives","og_description":"Nacido en 1872 y muerto por Francia en 1917, Fernand Halphen, alumno de Gabriel Faur\u00e9 y de Jules Massenet, ha obtenido el segundo precio de Rome en 1896 et ha","og_url":"https:\/\/www.iemj.org\/es\/fonds-halphen\/","og_site_name":"Institut Europ\u00e9en des Musiques Juives","article_publisher":"https:\/\/www.facebook.com\/MusiquesJuives\/","article_published_time":"2018-10-03T14:16:21+00:00","article_modified_time":"2021-06-17T17:08:16+00:00","og_image":[{"width":350,"height":326,"url":"https:\/\/www.iemj.org\/wp-content\/uploads\/2018\/10\/arton3647-e1618415357261.jpg","type":"image\/jpeg"}],"author":"Herv\u00e9 Roten","twitter_card":"summary_large_image","twitter_misc":{"Escrito por":"Herv\u00e9 Roten","Tiempo de lectura":"4 minutos"},"schema":{"@context":"https:\/\/schema.org","@graph":[{"@type":"Article","@id":"https:\/\/www.iemj.org\/es\/fonds-halphen\/#article","isPartOf":{"@id":"https:\/\/www.iemj.org\/es\/fonds-halphen\/"},"author":{"name":"Herv\u00e9 Roten","@id":"https:\/\/www.iemj.org\/es\/#\/schema\/person\/906134402c29d5c76e7b726261dd4bbd"},"headline":"Fondo Alice y Fernand Halphen","datePublished":"2018-10-03T14:16:21+00:00","dateModified":"2021-06-17T17:08:16+00:00","mainEntityOfPage":{"@id":"https:\/\/www.iemj.org\/es\/fonds-halphen\/"},"wordCount":646,"publisher":{"@id":"https:\/\/www.iemj.org\/es\/#organization"},"image":{"@id":"https:\/\/www.iemj.org\/es\/fonds-halphen\/#primaryimage"},"thumbnailUrl":"https:\/\/www.iemj.org\/wp-content\/uploads\/2018\/10\/arton3647-e1618415357261.jpg","articleSection":["Fondos principales"],"inLanguage":"es"},{"@type":"WebPage","@id":"https:\/\/www.iemj.org\/es\/fonds-halphen\/","url":"https:\/\/www.iemj.org\/es\/fonds-halphen\/","name":"Fondo Alice y Fernand Halphen - Institut Europ\u00e9en des Musiques Juives","isPartOf":{"@id":"https:\/\/www.iemj.org\/es\/#website"},"primaryImageOfPage":{"@id":"https:\/\/www.iemj.org\/es\/fonds-halphen\/#primaryimage"},"image":{"@id":"https:\/\/www.iemj.org\/es\/fonds-halphen\/#primaryimage"},"thumbnailUrl":"https:\/\/www.iemj.org\/wp-content\/uploads\/2018\/10\/arton3647-e1618415357261.jpg","datePublished":"2018-10-03T14:16:21+00:00","dateModified":"2021-06-17T17:08:16+00:00","breadcrumb":{"@id":"https:\/\/www.iemj.org\/es\/fonds-halphen\/#breadcrumb"},"inLanguage":"es","potentialAction":[{"@type":"ReadAction","target":["https:\/\/www.iemj.org\/es\/fonds-halphen\/"]}]},{"@type":"ImageObject","inLanguage":"es","@id":"https:\/\/www.iemj.org\/es\/fonds-halphen\/#primaryimage","url":"https:\/\/www.iemj.org\/wp-content\/uploads\/2018\/10\/arton3647-e1618415357261.jpg","contentUrl":"https:\/\/www.iemj.org\/wp-content\/uploads\/2018\/10\/arton3647-e1618415357261.jpg","width":350,"height":326},{"@type":"BreadcrumbList","@id":"https:\/\/www.iemj.org\/es\/fonds-halphen\/#breadcrumb","itemListElement":[{"@type":"ListItem","position":1,"name":"Accueil","item":"https:\/\/www.iemj.org\/es\/"},{"@type":"ListItem","position":2,"name":"Fondo Alice y Fernand Halphen"}]},{"@type":"WebSite","@id":"https:\/\/www.iemj.org\/es\/#website","url":"https:\/\/www.iemj.org\/es\/","name":"Institut Europ\u00e9en des Musiques Juives","description":"Des traditions musicales \u00e0 la port\u00e9e de tous","publisher":{"@id":"https:\/\/www.iemj.org\/es\/#organization"},"potentialAction":[{"@type":"SearchAction","target":{"@type":"EntryPoint","urlTemplate":"https:\/\/www.iemj.org\/es\/?s={search_term_string}"},"query-input":{"@type":"PropertyValueSpecification","valueRequired":true,"valueName":"search_term_string"}}],"inLanguage":"es"},{"@type":"Organization","@id":"https:\/\/www.iemj.org\/es\/#organization","name":"Institut Europ\u00e9en des Musiques Juives","url":"https:\/\/www.iemj.org\/es\/","logo":{"@type":"ImageObject","inLanguage":"es","@id":"https:\/\/www.iemj.org\/es\/#\/schema\/logo\/image\/","url":"https:\/\/www.iemj.org\/wp-content\/uploads\/2021\/09\/Logo-IEMJ-Paypal.jpg","contentUrl":"https:\/\/www.iemj.org\/wp-content\/uploads\/2021\/09\/Logo-IEMJ-Paypal.jpg","width":150,"height":50,"caption":"Institut Europ\u00e9en des Musiques Juives"},"image":{"@id":"https:\/\/www.iemj.org\/es\/#\/schema\/logo\/image\/"},"sameAs":["https:\/\/www.facebook.com\/MusiquesJuives\/","https:\/\/www.instagram.com\/musiquesjuives\/","https:\/\/www.youtube.com\/user\/musiquesjuives"]},{"@type":"Person","@id":"https:\/\/www.iemj.org\/es\/#\/schema\/person\/906134402c29d5c76e7b726261dd4bbd","name":"Herv\u00e9 Roten","image":{"@type":"ImageObject","inLanguage":"es","@id":"https:\/\/secure.gravatar.com\/avatar\/f96ad2db538a26481f18384936b5cd0610c92d390c4dc382209216d455f685ff?s=96&d=mm&r=g","url":"https:\/\/secure.gravatar.com\/avatar\/f96ad2db538a26481f18384936b5cd0610c92d390c4dc382209216d455f685ff?s=96&d=mm&r=g","contentUrl":"https:\/\/secure.gravatar.com\/avatar\/f96ad2db538a26481f18384936b5cd0610c92d390c4dc382209216d455f685ff?s=96&d=mm&r=g","caption":"Herv\u00e9 Roten"}}]}},"_links":{"self":[{"href":"https:\/\/www.iemj.org\/es\/wp-json\/wp\/v2\/posts\/42395","targetHints":{"allow":["GET"]}}],"collection":[{"href":"https:\/\/www.iemj.org\/es\/wp-json\/wp\/v2\/posts"}],"about":[{"href":"https:\/\/www.iemj.org\/es\/wp-json\/wp\/v2\/types\/post"}],"author":[{"embeddable":true,"href":"https:\/\/www.iemj.org\/es\/wp-json\/wp\/v2\/users\/1045"}],"replies":[{"embeddable":true,"href":"https:\/\/www.iemj.org\/es\/wp-json\/wp\/v2\/comments?post=42395"}],"version-history":[{"count":0,"href":"https:\/\/www.iemj.org\/es\/wp-json\/wp\/v2\/posts\/42395\/revisions"}],"wp:featuredmedia":[{"embeddable":true,"href":"https:\/\/www.iemj.org\/es\/wp-json\/wp\/v2\/media\/42396"}],"wp:attachment":[{"href":"https:\/\/www.iemj.org\/es\/wp-json\/wp\/v2\/media?parent=42395"}],"wp:term":[{"taxonomy":"category","embeddable":true,"href":"https:\/\/www.iemj.org\/es\/wp-json\/wp\/v2\/categories?post=42395"},{"taxonomy":"post_tag","embeddable":true,"href":"https:\/\/www.iemj.org\/es\/wp-json\/wp\/v2\/tags?post=42395"},{"taxonomy":"technique","embeddable":true,"href":"https:\/\/www.iemj.org\/es\/wp-json\/wp\/v2\/technique?post=42395"},{"taxonomy":"squelettes","embeddable":true,"href":"https:\/\/www.iemj.org\/es\/wp-json\/wp\/v2\/squelettes?post=42395"},{"taxonomy":"sujet","embeddable":true,"href":"https:\/\/www.iemj.org\/es\/wp-json\/wp\/v2\/sujet?post=42395"},{"taxonomy":"formation","embeddable":true,"href":"https:\/\/www.iemj.org\/es\/wp-json\/wp\/v2\/formation?post=42395"},{"taxonomy":"genre","embeddable":true,"href":"https:\/\/www.iemj.org\/es\/wp-json\/wp\/v2\/genre?post=42395"},{"taxonomy":"fonds","embeddable":true,"href":"https:\/\/www.iemj.org\/es\/wp-json\/wp\/v2\/fonds?post=42395"},{"taxonomy":"tradition","embeddable":true,"href":"https:\/\/www.iemj.org\/es\/wp-json\/wp\/v2\/tradition?post=42395"},{"taxonomy":"type-de-contenu","embeddable":true,"href":"https:\/\/www.iemj.org\/es\/wp-json\/wp\/v2\/type-de-contenu?post=42395"},{"taxonomy":"interprete-compositeur","embeddable":true,"href":"https:\/\/www.iemj.org\/es\/wp-json\/wp\/v2\/interprete-compositeur?post=42395"},{"taxonomy":"frise","embeddable":true,"href":"https:\/\/www.iemj.org\/es\/wp-json\/wp\/v2\/frise?post=42395"},{"taxonomy":"type-devenement","embeddable":true,"href":"https:\/\/www.iemj.org\/es\/wp-json\/wp\/v2\/type-devenement?post=42395"},{"taxonomy":"tableaux-liens-externes","embeddable":true,"href":"https:\/\/www.iemj.org\/es\/wp-json\/wp\/v2\/tableaux-liens-externes?post=42395"}],"curies":[{"name":"wp","href":"https:\/\/api.w.org\/{rel}","templated":true}]}}