{"id":42557,"date":"2018-05-23T17:32:13","date_gmt":"2018-05-23T15:32:13","guid":{"rendered":"https:\/\/www.iemj.org\/fonds-ulif-copernic\/"},"modified":"2024-09-02T16:40:14","modified_gmt":"2024-09-02T14:40:14","slug":"fonds-ulif-copernic","status":"publish","type":"post","link":"https:\/\/www.iemj.org\/es\/fonds-ulif-copernic\/","title":{"rendered":"Fondo Copernic"},"content":{"rendered":"<p><a href=\"https:\/\/judaismeenmouvement.org\/lieux\/copernic\/\" target=\"_blank\" rel=\"noopener\"><strong>La sinagoga Copernic<\/strong><\/a> concede un lugar y una atenci\u00f3n particulares a la m\u00fasica. Adem\u00e1s de ofrecer m\u00fasica lit\u00fargica de alta calidad en cada uno de sus servicios, acompa\u00f1ada de un \u00f3rgano, un coro mixto profesional y un jaz\u00e1n, tambi\u00e9n organiza una temporada de conciertos prestigiosos.<\/p>\n<p>Desde hace 10 a\u00f1os, la sinagogaCopernic presenta cada a\u00f1o, bajo la responsabilidad de <strong>Bruno Fraitag<\/strong>, vicepresidente, una temporada de conciertos de gran calidad: \u00abMusique \u00e0 Copernic\u00bb [\u00abM\u00fasica en Copernic\u00bb] Todos los conciertos est\u00e1n directa o indirectamente relacionados con el juda\u00edsmo, ya sea porque se trata de m\u00fasica lit\u00fargica, porque los compositores o int\u00e9rpretes son jud\u00edos o porque las obras se inspiran en la Tor\u00e1\/el Antiguo Testamento.<\/p>\n<p>La casi totalidad de estos conciertos fueron filmados y grabados en un DVD, del que Bruno Fraitag se encarg\u00f3 de entregar una copia al IEMJ sobre la marcha.<\/p>\n<p>Los programas presentados no son s\u00f3lo de m\u00fasica lit\u00fargica, sino tambi\u00e9n de m\u00fasica de c\u00e1mara y jazz. As\u00ed, la sinagoga Copernic\u00a0ha contado con la participaci\u00f3n de <strong>una gran variedad de artistas<\/strong> e <strong>int\u00e9rpretes<\/strong> (el jaz\u00e1n Armand Benhamou, la organista Nicole Wiener y el coro profesional adscrito a los servicios lit\u00fargicos de Copernic, as\u00ed como los 2 coros de aficionados de la comunidad (\u00abEnsemble Choral Copernic\u00bb y \u00abVoci Copernic\u00bb), los pianistas Jean-Fr\u00e9d\u00e9ric Neuburger, Pascal Amoyel, Jean-Fran\u00e7ois Zygel, David Greilsammer, Laurent Cabasso, Edna Stern, Laure Favre-Kahn, David Kadouch y Adam Laloum, Jonathan B\u00e9nichou, la violoncelista Emmanuelle Bertrand, el clarinetista Philippe Berrod, as\u00ed como los primeros solistas de la Orquesta Nacional de Francia, la Orquesta de Par\u00eds y la Orquesta de la \u00d3pera de Par\u00eds y, entre los jazzistas : El quinteto de Omer Avital, el tr\u00edo de Shai Maestro, el saxofonista Eli Degibri, los pianistas Yaron Herman y Yonathan Avishay, el clarinetista Yom, el guitarrista Yotam Silberstein, etc.).<\/p>\n<p>As\u00ed, le hace honor a numerosos <strong>compositores<\/strong>: Haendel, Alkan, Verdi, Rossi, Rossini o Graciane Finzi, Serge Kaufmann, Ita\u00ef Daniel, Jean-Fran\u00e7ois Zygel, Nicolas Bacri, John Zorn, Fran\u00e7ois Me\u00efmoun, Beno\u00eet Menut, Charles Bornstein y Alexandre Tansman, algunas de cuyas obras se estrenaron mundialmente en la sinagoga Copernic.<\/p>\n<p>Estos archivos son disponibles ya en el cat\u00e1logo de nuestras colecciones (<a href=\" http:\/\/www.rachelnet.net\/F\/?func=find-c&amp;ccl_term=WHOC%3DULIF+Copernic+&amp;local_base=iemcg&amp;x=20&amp;y=18\"><strong>acceder<\/strong><\/a><strong><a href=\"http:\/\/www.rachelnet.net\/F\/?func=find-c&amp;ccl_term=WHOC%3DULIF+Copernic+&amp;local_base=iemcg&amp;x=20&amp;y=18\"> al fondo de archivos de la <\/a><a href=\"http:\/\/www.rachelnet.net\/F\/?func=find-c&amp;ccl_term=WHOC%3DULIF+Copernic+&amp;local_base=iemcg&amp;x=20&amp;y=18\">sinagoga<\/a><a href=\"http:\/\/www.rachelnet.net\/F\/?func=find-c&amp;ccl_term=WHOC%3DULIF+Copernic+&amp;local_base=iemcg&amp;x=20&amp;y=18\" target=\"_blank\" rel=\"noopener\"> Copernic<\/a><\/strong>) o con cita previa con el Instituto Europeo de las M\u00fasicas Jud\u00edas (<a href=\"mailto:contact@iemj.org\">contact@iemj.org<\/a>).<\/p>\n<h2><\/h2>\n<h2>Ver extractos de 2 conciertos en Copernic m\u00e1s abajo<\/h2>\n<p><a href=\"https:\/\/www.iemj.org\/concert-l-ame-slave-a-copernic\/\"><img fetchpriority=\"high\" decoding=\"async\" class=\"alignleft wp-image-19756 size-full\" src=\"https:\/\/www.iemj.org\/wp-content\/uploads\/2018\/05\/concert_l_ame_slave_a_copernic500px_60.jpg\" alt=\"concert_l_ame_slave_a_copernic500px_60.jpg\" width=\"300\" height=\"221\" align=\"left\" \/><\/a><\/p>\n<p><a href=\"https:\/\/www.iemj.org\/concert-autour-de-rossi-et-rossini\/\"><img decoding=\"async\" class=\" alignright size-full wp-image-19758\" src=\"https:\/\/www.iemj.org\/wp-content\/uploads\/2018\/05\/concert_rossi_rossini_500px_60.jpg\" alt=\"concert_rossi_rossini_500px_60.jpg\" width=\"300\" height=\"221\" align=\"right\" \/><\/a><\/p>\n","protected":false},"excerpt":{"rendered":"<p>La sinagoga Copernic concede un lugar y una atenci\u00f3n particulares a la m\u00fasica. Adem\u00e1s de ofrecer m\u00fasica lit\u00fargica de alta calidad en cada uno de sus servicios, acompa\u00f1ada de un<\/p>\n","protected":false},"author":5,"featured_media":113143,"comment_status":"closed","ping_status":"open","sticky":false,"template":"","format":"standard","meta":{"_acf_changed":false,"footnotes":""},"categories":[1587],"tags":[],"technique":[],"squelettes":[],"sujet":[],"formation":[],"genre":[],"fonds":[1942],"tradition":[],"type-de-contenu":[],"interprete-compositeur":[],"frise":[],"type-devenement":[],"tableaux-liens-externes":[],"class_list":["post-42557","post","type-post","status-publish","format-standard","has-post-thumbnail","hentry","category-fondos-principales-es","fonds-fondo-copernic-es"],"acf":[],"yoast_head":"<!-- This site is optimized with the Yoast SEO plugin v27.3 - https:\/\/yoast.com\/product\/yoast-seo-wordpress\/ -->\n<title>Fondo Copernic - Institut Europ\u00e9en des Musiques Juives<\/title>\n<meta name=\"robots\" content=\"index, follow, max-snippet:-1, max-image-preview:large, max-video-preview:-1\" \/>\n<link rel=\"canonical\" href=\"https:\/\/www.iemj.org\/es\/fonds-ulif-copernic\/\" \/>\n<meta property=\"og:locale\" content=\"es_ES\" \/>\n<meta property=\"og:type\" content=\"article\" \/>\n<meta property=\"og:title\" content=\"Fondo Copernic - Institut Europ\u00e9en des Musiques Juives\" \/>\n<meta property=\"og:description\" content=\"La sinagoga Copernic concede un lugar y una atenci\u00f3n particulares a la m\u00fasica. Adem\u00e1s de ofrecer m\u00fasica lit\u00fargica de alta calidad en cada uno de sus servicios, acompa\u00f1ada de un\" \/>\n<meta property=\"og:url\" content=\"https:\/\/www.iemj.org\/es\/fonds-ulif-copernic\/\" \/>\n<meta property=\"og:site_name\" content=\"Institut Europ\u00e9en des Musiques Juives\" \/>\n<meta property=\"article:publisher\" content=\"https:\/\/www.facebook.com\/MusiquesJuives\/\" \/>\n<meta property=\"article:published_time\" content=\"2018-05-23T15:32:13+00:00\" \/>\n<meta property=\"article:modified_time\" content=\"2024-09-02T14:40:14+00:00\" \/>\n<meta property=\"og:image\" content=\"https:\/\/www.iemj.org\/wp-content\/uploads\/2018\/05\/logo-3.jpg\" \/>\n\t<meta property=\"og:image:width\" content=\"500\" \/>\n\t<meta property=\"og:image:height\" content=\"500\" \/>\n\t<meta property=\"og:image:type\" content=\"image\/jpeg\" \/>\n<meta name=\"author\" content=\"Jacqueline ROTEN\" \/>\n<meta name=\"twitter:card\" content=\"summary_large_image\" \/>\n<meta name=\"twitter:label1\" content=\"Escrito por\" \/>\n\t<meta name=\"twitter:data1\" content=\"Jacqueline ROTEN\" \/>\n\t<meta name=\"twitter:label2\" content=\"Tiempo de lectura\" \/>\n\t<meta name=\"twitter:data2\" content=\"3 minutos\" \/>\n<script type=\"application\/ld+json\" class=\"yoast-schema-graph\">{\"@context\":\"https:\\\/\\\/schema.org\",\"@graph\":[{\"@type\":\"Article\",\"@id\":\"https:\\\/\\\/www.iemj.org\\\/es\\\/fonds-ulif-copernic\\\/#article\",\"isPartOf\":{\"@id\":\"https:\\\/\\\/www.iemj.org\\\/es\\\/fonds-ulif-copernic\\\/\"},\"author\":{\"name\":\"Jacqueline ROTEN\",\"@id\":\"https:\\\/\\\/www.iemj.org\\\/es\\\/#\\\/schema\\\/person\\\/358e26c18aca017fcc4cc15437f7279c\"},\"headline\":\"Fondo Copernic\",\"datePublished\":\"2018-05-23T15:32:13+00:00\",\"dateModified\":\"2024-09-02T14:40:14+00:00\",\"mainEntityOfPage\":{\"@id\":\"https:\\\/\\\/www.iemj.org\\\/es\\\/fonds-ulif-copernic\\\/\"},\"wordCount\":425,\"publisher\":{\"@id\":\"https:\\\/\\\/www.iemj.org\\\/es\\\/#organization\"},\"image\":{\"@id\":\"https:\\\/\\\/www.iemj.org\\\/es\\\/fonds-ulif-copernic\\\/#primaryimage\"},\"thumbnailUrl\":\"https:\\\/\\\/www.iemj.org\\\/wp-content\\\/uploads\\\/2018\\\/05\\\/logo-3.jpg\",\"articleSection\":[\"Fondos principales\"],\"inLanguage\":\"es\"},{\"@type\":\"WebPage\",\"@id\":\"https:\\\/\\\/www.iemj.org\\\/es\\\/fonds-ulif-copernic\\\/\",\"url\":\"https:\\\/\\\/www.iemj.org\\\/es\\\/fonds-ulif-copernic\\\/\",\"name\":\"Fondo Copernic - Institut Europ\u00e9en des Musiques Juives\",\"isPartOf\":{\"@id\":\"https:\\\/\\\/www.iemj.org\\\/es\\\/#website\"},\"primaryImageOfPage\":{\"@id\":\"https:\\\/\\\/www.iemj.org\\\/es\\\/fonds-ulif-copernic\\\/#primaryimage\"},\"image\":{\"@id\":\"https:\\\/\\\/www.iemj.org\\\/es\\\/fonds-ulif-copernic\\\/#primaryimage\"},\"thumbnailUrl\":\"https:\\\/\\\/www.iemj.org\\\/wp-content\\\/uploads\\\/2018\\\/05\\\/logo-3.jpg\",\"datePublished\":\"2018-05-23T15:32:13+00:00\",\"dateModified\":\"2024-09-02T14:40:14+00:00\",\"breadcrumb\":{\"@id\":\"https:\\\/\\\/www.iemj.org\\\/es\\\/fonds-ulif-copernic\\\/#breadcrumb\"},\"inLanguage\":\"es\",\"potentialAction\":[{\"@type\":\"ReadAction\",\"target\":[\"https:\\\/\\\/www.iemj.org\\\/es\\\/fonds-ulif-copernic\\\/\"]}]},{\"@type\":\"ImageObject\",\"inLanguage\":\"es\",\"@id\":\"https:\\\/\\\/www.iemj.org\\\/es\\\/fonds-ulif-copernic\\\/#primaryimage\",\"url\":\"https:\\\/\\\/www.iemj.org\\\/wp-content\\\/uploads\\\/2018\\\/05\\\/logo-3.jpg\",\"contentUrl\":\"https:\\\/\\\/www.iemj.org\\\/wp-content\\\/uploads\\\/2018\\\/05\\\/logo-3.jpg\",\"width\":500,\"height\":500},{\"@type\":\"BreadcrumbList\",\"@id\":\"https:\\\/\\\/www.iemj.org\\\/es\\\/fonds-ulif-copernic\\\/#breadcrumb\",\"itemListElement\":[{\"@type\":\"ListItem\",\"position\":1,\"name\":\"Accueil\",\"item\":\"https:\\\/\\\/www.iemj.org\\\/es\\\/\"},{\"@type\":\"ListItem\",\"position\":2,\"name\":\"Fondo Copernic\"}]},{\"@type\":\"WebSite\",\"@id\":\"https:\\\/\\\/www.iemj.org\\\/es\\\/#website\",\"url\":\"https:\\\/\\\/www.iemj.org\\\/es\\\/\",\"name\":\"Institut Europ\u00e9en des Musiques Juives\",\"description\":\"Des traditions musicales \u00e0 la port\u00e9e de tous\",\"publisher\":{\"@id\":\"https:\\\/\\\/www.iemj.org\\\/es\\\/#organization\"},\"potentialAction\":[{\"@type\":\"SearchAction\",\"target\":{\"@type\":\"EntryPoint\",\"urlTemplate\":\"https:\\\/\\\/www.iemj.org\\\/es\\\/?s={search_term_string}\"},\"query-input\":{\"@type\":\"PropertyValueSpecification\",\"valueRequired\":true,\"valueName\":\"search_term_string\"}}],\"inLanguage\":\"es\"},{\"@type\":\"Organization\",\"@id\":\"https:\\\/\\\/www.iemj.org\\\/es\\\/#organization\",\"name\":\"Institut Europ\u00e9en des Musiques Juives\",\"url\":\"https:\\\/\\\/www.iemj.org\\\/es\\\/\",\"logo\":{\"@type\":\"ImageObject\",\"inLanguage\":\"es\",\"@id\":\"https:\\\/\\\/www.iemj.org\\\/es\\\/#\\\/schema\\\/logo\\\/image\\\/\",\"url\":\"https:\\\/\\\/www.iemj.org\\\/wp-content\\\/uploads\\\/2021\\\/09\\\/Logo-IEMJ-Paypal.jpg\",\"contentUrl\":\"https:\\\/\\\/www.iemj.org\\\/wp-content\\\/uploads\\\/2021\\\/09\\\/Logo-IEMJ-Paypal.jpg\",\"width\":150,\"height\":50,\"caption\":\"Institut Europ\u00e9en des Musiques Juives\"},\"image\":{\"@id\":\"https:\\\/\\\/www.iemj.org\\\/es\\\/#\\\/schema\\\/logo\\\/image\\\/\"},\"sameAs\":[\"https:\\\/\\\/www.facebook.com\\\/MusiquesJuives\\\/\",\"https:\\\/\\\/www.instagram.com\\\/musiquesjuives\\\/\",\"https:\\\/\\\/www.youtube.com\\\/user\\\/musiquesjuives\"]},{\"@type\":\"Person\",\"@id\":\"https:\\\/\\\/www.iemj.org\\\/es\\\/#\\\/schema\\\/person\\\/358e26c18aca017fcc4cc15437f7279c\",\"name\":\"Jacqueline ROTEN\",\"image\":{\"@type\":\"ImageObject\",\"inLanguage\":\"es\",\"@id\":\"https:\\\/\\\/secure.gravatar.com\\\/avatar\\\/5964256d6c6957de3a3505278957e0fb2a35119ac47ea41827a65301213c810b?s=96&d=mm&r=g\",\"url\":\"https:\\\/\\\/secure.gravatar.com\\\/avatar\\\/5964256d6c6957de3a3505278957e0fb2a35119ac47ea41827a65301213c810b?s=96&d=mm&r=g\",\"contentUrl\":\"https:\\\/\\\/secure.gravatar.com\\\/avatar\\\/5964256d6c6957de3a3505278957e0fb2a35119ac47ea41827a65301213c810b?s=96&d=mm&r=g\",\"caption\":\"Jacqueline ROTEN\"}}]}<\/script>\n<!-- \/ Yoast SEO plugin. -->","yoast_head_json":{"title":"Fondo Copernic - Institut Europ\u00e9en des Musiques Juives","robots":{"index":"index","follow":"follow","max-snippet":"max-snippet:-1","max-image-preview":"max-image-preview:large","max-video-preview":"max-video-preview:-1"},"canonical":"https:\/\/www.iemj.org\/es\/fonds-ulif-copernic\/","og_locale":"es_ES","og_type":"article","og_title":"Fondo Copernic - Institut Europ\u00e9en des Musiques Juives","og_description":"La sinagoga Copernic concede un lugar y una atenci\u00f3n particulares a la m\u00fasica. Adem\u00e1s de ofrecer m\u00fasica lit\u00fargica de alta calidad en cada uno de sus servicios, acompa\u00f1ada de un","og_url":"https:\/\/www.iemj.org\/es\/fonds-ulif-copernic\/","og_site_name":"Institut Europ\u00e9en des Musiques Juives","article_publisher":"https:\/\/www.facebook.com\/MusiquesJuives\/","article_published_time":"2018-05-23T15:32:13+00:00","article_modified_time":"2024-09-02T14:40:14+00:00","og_image":[{"width":500,"height":500,"url":"https:\/\/www.iemj.org\/wp-content\/uploads\/2018\/05\/logo-3.jpg","type":"image\/jpeg"}],"author":"Jacqueline ROTEN","twitter_card":"summary_large_image","twitter_misc":{"Escrito por":"Jacqueline ROTEN","Tiempo de lectura":"3 minutos"},"schema":{"@context":"https:\/\/schema.org","@graph":[{"@type":"Article","@id":"https:\/\/www.iemj.org\/es\/fonds-ulif-copernic\/#article","isPartOf":{"@id":"https:\/\/www.iemj.org\/es\/fonds-ulif-copernic\/"},"author":{"name":"Jacqueline ROTEN","@id":"https:\/\/www.iemj.org\/es\/#\/schema\/person\/358e26c18aca017fcc4cc15437f7279c"},"headline":"Fondo Copernic","datePublished":"2018-05-23T15:32:13+00:00","dateModified":"2024-09-02T14:40:14+00:00","mainEntityOfPage":{"@id":"https:\/\/www.iemj.org\/es\/fonds-ulif-copernic\/"},"wordCount":425,"publisher":{"@id":"https:\/\/www.iemj.org\/es\/#organization"},"image":{"@id":"https:\/\/www.iemj.org\/es\/fonds-ulif-copernic\/#primaryimage"},"thumbnailUrl":"https:\/\/www.iemj.org\/wp-content\/uploads\/2018\/05\/logo-3.jpg","articleSection":["Fondos principales"],"inLanguage":"es"},{"@type":"WebPage","@id":"https:\/\/www.iemj.org\/es\/fonds-ulif-copernic\/","url":"https:\/\/www.iemj.org\/es\/fonds-ulif-copernic\/","name":"Fondo Copernic - Institut Europ\u00e9en des Musiques Juives","isPartOf":{"@id":"https:\/\/www.iemj.org\/es\/#website"},"primaryImageOfPage":{"@id":"https:\/\/www.iemj.org\/es\/fonds-ulif-copernic\/#primaryimage"},"image":{"@id":"https:\/\/www.iemj.org\/es\/fonds-ulif-copernic\/#primaryimage"},"thumbnailUrl":"https:\/\/www.iemj.org\/wp-content\/uploads\/2018\/05\/logo-3.jpg","datePublished":"2018-05-23T15:32:13+00:00","dateModified":"2024-09-02T14:40:14+00:00","breadcrumb":{"@id":"https:\/\/www.iemj.org\/es\/fonds-ulif-copernic\/#breadcrumb"},"inLanguage":"es","potentialAction":[{"@type":"ReadAction","target":["https:\/\/www.iemj.org\/es\/fonds-ulif-copernic\/"]}]},{"@type":"ImageObject","inLanguage":"es","@id":"https:\/\/www.iemj.org\/es\/fonds-ulif-copernic\/#primaryimage","url":"https:\/\/www.iemj.org\/wp-content\/uploads\/2018\/05\/logo-3.jpg","contentUrl":"https:\/\/www.iemj.org\/wp-content\/uploads\/2018\/05\/logo-3.jpg","width":500,"height":500},{"@type":"BreadcrumbList","@id":"https:\/\/www.iemj.org\/es\/fonds-ulif-copernic\/#breadcrumb","itemListElement":[{"@type":"ListItem","position":1,"name":"Accueil","item":"https:\/\/www.iemj.org\/es\/"},{"@type":"ListItem","position":2,"name":"Fondo Copernic"}]},{"@type":"WebSite","@id":"https:\/\/www.iemj.org\/es\/#website","url":"https:\/\/www.iemj.org\/es\/","name":"Institut Europ\u00e9en des Musiques Juives","description":"Des traditions musicales \u00e0 la port\u00e9e de tous","publisher":{"@id":"https:\/\/www.iemj.org\/es\/#organization"},"potentialAction":[{"@type":"SearchAction","target":{"@type":"EntryPoint","urlTemplate":"https:\/\/www.iemj.org\/es\/?s={search_term_string}"},"query-input":{"@type":"PropertyValueSpecification","valueRequired":true,"valueName":"search_term_string"}}],"inLanguage":"es"},{"@type":"Organization","@id":"https:\/\/www.iemj.org\/es\/#organization","name":"Institut Europ\u00e9en des Musiques Juives","url":"https:\/\/www.iemj.org\/es\/","logo":{"@type":"ImageObject","inLanguage":"es","@id":"https:\/\/www.iemj.org\/es\/#\/schema\/logo\/image\/","url":"https:\/\/www.iemj.org\/wp-content\/uploads\/2021\/09\/Logo-IEMJ-Paypal.jpg","contentUrl":"https:\/\/www.iemj.org\/wp-content\/uploads\/2021\/09\/Logo-IEMJ-Paypal.jpg","width":150,"height":50,"caption":"Institut Europ\u00e9en des Musiques Juives"},"image":{"@id":"https:\/\/www.iemj.org\/es\/#\/schema\/logo\/image\/"},"sameAs":["https:\/\/www.facebook.com\/MusiquesJuives\/","https:\/\/www.instagram.com\/musiquesjuives\/","https:\/\/www.youtube.com\/user\/musiquesjuives"]},{"@type":"Person","@id":"https:\/\/www.iemj.org\/es\/#\/schema\/person\/358e26c18aca017fcc4cc15437f7279c","name":"Jacqueline ROTEN","image":{"@type":"ImageObject","inLanguage":"es","@id":"https:\/\/secure.gravatar.com\/avatar\/5964256d6c6957de3a3505278957e0fb2a35119ac47ea41827a65301213c810b?s=96&d=mm&r=g","url":"https:\/\/secure.gravatar.com\/avatar\/5964256d6c6957de3a3505278957e0fb2a35119ac47ea41827a65301213c810b?s=96&d=mm&r=g","contentUrl":"https:\/\/secure.gravatar.com\/avatar\/5964256d6c6957de3a3505278957e0fb2a35119ac47ea41827a65301213c810b?s=96&d=mm&r=g","caption":"Jacqueline ROTEN"}}]}},"_links":{"self":[{"href":"https:\/\/www.iemj.org\/es\/wp-json\/wp\/v2\/posts\/42557","targetHints":{"allow":["GET"]}}],"collection":[{"href":"https:\/\/www.iemj.org\/es\/wp-json\/wp\/v2\/posts"}],"about":[{"href":"https:\/\/www.iemj.org\/es\/wp-json\/wp\/v2\/types\/post"}],"author":[{"embeddable":true,"href":"https:\/\/www.iemj.org\/es\/wp-json\/wp\/v2\/users\/5"}],"replies":[{"embeddable":true,"href":"https:\/\/www.iemj.org\/es\/wp-json\/wp\/v2\/comments?post=42557"}],"version-history":[{"count":0,"href":"https:\/\/www.iemj.org\/es\/wp-json\/wp\/v2\/posts\/42557\/revisions"}],"wp:featuredmedia":[{"embeddable":true,"href":"https:\/\/www.iemj.org\/es\/wp-json\/wp\/v2\/media\/113143"}],"wp:attachment":[{"href":"https:\/\/www.iemj.org\/es\/wp-json\/wp\/v2\/media?parent=42557"}],"wp:term":[{"taxonomy":"category","embeddable":true,"href":"https:\/\/www.iemj.org\/es\/wp-json\/wp\/v2\/categories?post=42557"},{"taxonomy":"post_tag","embeddable":true,"href":"https:\/\/www.iemj.org\/es\/wp-json\/wp\/v2\/tags?post=42557"},{"taxonomy":"technique","embeddable":true,"href":"https:\/\/www.iemj.org\/es\/wp-json\/wp\/v2\/technique?post=42557"},{"taxonomy":"squelettes","embeddable":true,"href":"https:\/\/www.iemj.org\/es\/wp-json\/wp\/v2\/squelettes?post=42557"},{"taxonomy":"sujet","embeddable":true,"href":"https:\/\/www.iemj.org\/es\/wp-json\/wp\/v2\/sujet?post=42557"},{"taxonomy":"formation","embeddable":true,"href":"https:\/\/www.iemj.org\/es\/wp-json\/wp\/v2\/formation?post=42557"},{"taxonomy":"genre","embeddable":true,"href":"https:\/\/www.iemj.org\/es\/wp-json\/wp\/v2\/genre?post=42557"},{"taxonomy":"fonds","embeddable":true,"href":"https:\/\/www.iemj.org\/es\/wp-json\/wp\/v2\/fonds?post=42557"},{"taxonomy":"tradition","embeddable":true,"href":"https:\/\/www.iemj.org\/es\/wp-json\/wp\/v2\/tradition?post=42557"},{"taxonomy":"type-de-contenu","embeddable":true,"href":"https:\/\/www.iemj.org\/es\/wp-json\/wp\/v2\/type-de-contenu?post=42557"},{"taxonomy":"interprete-compositeur","embeddable":true,"href":"https:\/\/www.iemj.org\/es\/wp-json\/wp\/v2\/interprete-compositeur?post=42557"},{"taxonomy":"frise","embeddable":true,"href":"https:\/\/www.iemj.org\/es\/wp-json\/wp\/v2\/frise?post=42557"},{"taxonomy":"type-devenement","embeddable":true,"href":"https:\/\/www.iemj.org\/es\/wp-json\/wp\/v2\/type-devenement?post=42557"},{"taxonomy":"tableaux-liens-externes","embeddable":true,"href":"https:\/\/www.iemj.org\/es\/wp-json\/wp\/v2\/tableaux-liens-externes?post=42557"}],"curies":[{"name":"wp","href":"https:\/\/api.w.org\/{rel}","templated":true}]}}