{"id":42718,"date":"2020-09-23T12:38:33","date_gmt":"2020-09-23T10:38:33","guid":{"rendered":"https:\/\/www.iemj.org\/les-selihot-dans-le-rite-algerien\/"},"modified":"2024-02-16T17:07:10","modified_gmt":"2024-02-16T16:07:10","slug":"les-selihot-dans-le-rite-algerien","status":"publish","type":"post","link":"https:\/\/www.iemj.org\/es\/les-selihot-dans-le-rite-algerien\/","title":{"rendered":"Las selijot en el rito argelino"},"content":{"rendered":"<p><strong>Una selecci\u00f3n de <em>selijot <\/em>interpretadas por Israel Dadoun, Abraham Dahan, Philippe Darmon, Amir Eliahou, Georges E. Haik, Haim Harboun y Andr\u00e9 Ta\u00efeb<\/strong><\/p>\n<p><!--more-->Las <em>selijot<\/em> son oraciones de arrepentimiento durante las cuales el devoto implora el perd\u00f3n de Dios por los pecados cometidos. Esta costumbre se basa en <a href=\"https:\/\/en.wikipedia.org\/wiki\/Thirteen_Attributes_of_Mercy\" target=\"_blank\" rel=\"noopener\">los trece atributos de la misericordia<\/a> que, seg\u00fan la tradici\u00f3n, fueron transmitidos por Dios a Mois\u00e9s (<em>\u00c9xodo<\/em> 34, 6-7).<\/p>\n<p>Originalmente, las selijot se le\u00edan durante el servicio y el ayuno de Yom Kipur. Luego, esta costumbre se extendi\u00f3 a 10 d\u00edas (<em>yamim nora\u00edm<\/em>) entre Rosh Hashan\u00e1 y Kipur. Las comunidades ashkenaz\u00ed y jas\u00eddica recitan las selijot del s\u00e1bado por la noche anterior (al menos cuatro d\u00edas) de la fiesta de Rosh Hashan\u00e1. Las comunidades sefard\u00edes las leen al amanecer antes de las oraciones matutinas durante cuarenta d\u00edas, a partir del 1 de Elul<\/p>\n<p>La siguiente lista de reproducci\u00f3n presenta una selecci\u00f3n de selijot en diferentes ritos argelinos. Las tradiciones de Argel, Or\u00e1n y Constantina tienen sus ra\u00edces en el juda\u00edsmo espa\u00f1ol. En los siglos VI y VII, y especialmente del siglo XIV al XVI, muchos jud\u00edos de la Pen\u00ednsula Ib\u00e9rica se mezclaron con la poblaci\u00f3n jud\u00eda local, influyendo en sus tradiciones. En el siglo XVIII, los jud\u00edos sefard\u00edes italianos de Livorno, los Granas, se establecieron en Argelia y sirvieron como intermediarios comerciales entre Europa y el Imperio Otomano. El siglo XIX marca la llegada de jud\u00edos de Tetu\u00e1n (Marruecos). Finalmente, la colonizaci\u00f3n de Argelia por Francia en 1830, el modelo consistorial franc\u00e9s y la Alianza Israelita Universal fomentaron la introducci\u00f3n de aires sefard\u00edes portugueses, incluso ashkenaz\u00edes, en el culto de las principales metr\u00f3polis argelinas. \u00a1La gran sinagoga de Or\u00e1n incluso estaba equipada con grandes \u00f3rganos que inclu\u00edan 18 registros y 900 tubos!<\/p>\n<ul>\n<li><a href=\"https:\/\/www.iemj.org\/es\/les-selihot-%d7%a1%d7%9c%d7%99%d7%97%d7%95%d7%aa\/\" target=\"_blank\" rel=\"noopener\">Leer el art\u00edculo de fondo sobre las selijot<\/a><\/li>\n<li><a href=\"https:\/\/www.iemj.org\/es\/chants-des-juifs-dalgerie-1\/\" target=\"_blank\" rel=\"noopener\">Escuchar la lista de reproducci\u00f3n Canci\u00f3n de los jud\u00edos de Argelia 1<\/a><\/li>\n<li><a href=\"https:\/\/www.iemj.org\/es\/chants-des-juifs-dalgerie-2\/\" target=\"_blank\" rel=\"noopener\">Escuchar la lista de reproducci\u00f3n Canci\u00f3n de los jud\u00edos de Argelia 2<\/a><\/li>\n<\/ul>\n\n\n<figure class=\"wp-block-image size-large\"><img fetchpriority=\"high\" decoding=\"async\" width=\"1024\" height=\"146\" src=\"https:\/\/www.iemj.org\/wp-content\/uploads\/2023\/01\/Bandeau-Playlist_ES2-1024x146.jpg\" alt=\"\" class=\"wp-image-93117\" srcset=\"https:\/\/www.iemj.org\/wp-content\/uploads\/2023\/01\/Bandeau-Playlist_ES2-1024x146.jpg 1024w, https:\/\/www.iemj.org\/wp-content\/uploads\/2023\/01\/Bandeau-Playlist_ES2-300x43.jpg 300w, https:\/\/www.iemj.org\/wp-content\/uploads\/2023\/01\/Bandeau-Playlist_ES2-768x110.jpg 768w, https:\/\/www.iemj.org\/wp-content\/uploads\/2023\/01\/Bandeau-Playlist_ES2-1536x220.jpg 1536w, https:\/\/www.iemj.org\/wp-content\/uploads\/2023\/01\/Bandeau-Playlist_ES2-600x86.jpg 600w, https:\/\/www.iemj.org\/wp-content\/uploads\/2023\/01\/Bandeau-Playlist_ES2.jpg 1608w\" sizes=\"(max-width: 1024px) 100vw, 1024px\" \/><\/figure>\n\n\n\n<div class=\"wp-block-file\"><a id=\"wp-block-file--media-bb655980-113c-47a1-89d4-44c2bbada260\" href=\"https:\/\/www.iemj.org\/wp-content\/uploads\/2020\/09\/01_ben_adam__grand_rabbin_georges_e._haik.mp3\">Ben Adam &#8211; Grand Rabbin Georges E Haik<\/a><\/div>\n\n\n\n<div class=\"wp-block-file\"><a id=\"wp-block-file--media-98fa0774-8ddc-4622-ab72-72ca3f2ba626\" href=\"https:\/\/www.iemj.org\/wp-content\/uploads\/2020\/09\/02_hamelekh_adonay_hazan_andr_ta_eb_rite_constantinois_.mp3\">Hamelekh Adonay &#8211; Hazan Andr\u00e9 Ta\u00efeb (rite constantinois)<\/a><\/div>\n\n\n\n<div class=\"wp-block-file\"><a id=\"wp-block-file--media-fc8646c1-9f4d-4db6-a226-bc3c50c2b411\" href=\"https:\/\/www.iemj.org\/wp-content\/uploads\/2020\/09\/03_rakhamana_rabbin_abraham_dahan.mp3\">Rakhamana &#8211; Rabbin Abraham Dahan<\/a><\/div>\n\n\n\n<div class=\"wp-block-file\"><a id=\"wp-block-file--media-d8c1df50-299b-4710-9fa9-b9767d58261c\" href=\"https:\/\/www.iemj.org\/wp-content\/uploads\/2020\/09\/04_et_chaare_ratson_philippe_darmon_rite_alg_rois_.mp3\">Et Chaare Ratson &#8211; Philippe Darmon (rite alg\u00e9rois)<\/a><\/div>\n\n\n\n<div class=\"wp-block-file\"><a id=\"wp-block-file--media-d008860f-bb98-4415-bf41-26b08fd8331e\" href=\"https:\/\/www.iemj.org\/wp-content\/uploads\/2020\/09\/05_selihot_diverses_rite_algerois_.mp3\">Selihot diverses (rite alg\u00e9rois)<\/a><\/div>\n\n\n\n<div class=\"wp-block-file\"><a id=\"wp-block-file--media-36ee9548-ec4d-43e1-9cfd-6e396e8cadb3\" href=\"https:\/\/www.iemj.org\/wp-content\/uploads\/2020\/09\/06_selihot_diverses_rite_constantinois_.mp3\">Selihot diverses (rite constantinois)<\/a><\/div>\n\n\n\n<div class=\"wp-block-file\"><a id=\"wp-block-file--media-f751ef0c-77ac-4700-8001-b8023a8bc34d\" href=\"https:\/\/www.iemj.org\/wp-content\/uploads\/2020\/09\/07_elekha_hadoshem_amir_eliahou_rite_constantinois_.mp3\">Elekha Hadoshem Amir Eliahou (rite constantinois)<\/a><\/div>\n\n\n\n<div class=\"wp-block-file\"><a id=\"wp-block-file--media-67943cbc-e411-4a8c-9157-afc5b836cdc6\" href=\"https:\/\/www.iemj.org\/wp-content\/uploads\/2020\/09\/08_instrumental_oranais_sur_l_air_des_selihot_israel_dadoun.mp3\">Instrumental oranais sur l&#8217;air des selihot &#8211; Israel Dadoun<\/a><\/div>\n\n\n\n<div class=\"wp-block-file\"><a id=\"wp-block-file--media-df3781d9-cecd-4f76-a75f-7b9522e4ebc1\" href=\"https:\/\/www.iemj.org\/wp-content\/uploads\/2020\/09\/09_elekha_hadoshem_harboun_haim_rite_oranais_.mp3\">Elekha Hadoshem &#8211; Harboun Haim (rite oranais)<\/a><\/div>\n","protected":false},"excerpt":{"rendered":"<p>Una selecci\u00f3n de selijot interpretadas por Israel Dadoun, Abraham Dahan, Philippe Darmon, Amir Eliahou, Georges E. Haik, Haim Harboun y Andr\u00e9 Ta\u00efeb<\/p>\n","protected":false},"author":1045,"featured_media":42719,"comment_status":"closed","ping_status":"closed","sticky":false,"template":"","format":"standard","meta":{"_acf_changed":false,"footnotes":""},"categories":[1535],"tags":[],"technique":[],"squelettes":[],"sujet":[],"formation":[],"genre":[1890],"fonds":[],"tradition":[1987],"type-de-contenu":[],"interprete-compositeur":[],"frise":[],"type-devenement":[],"tableaux-liens-externes":[],"class_list":["post-42718","post","type-post","status-publish","format-standard","has-post-thumbnail","hentry","category-listas-de-reproduccion-es","genre-liturgia-es","tradition-rito-argelino-es"],"acf":[],"yoast_head":"<!-- This site is optimized with the Yoast SEO plugin v27.3 - https:\/\/yoast.com\/product\/yoast-seo-wordpress\/ -->\n<title>Las selijot en el rito argelino - Institut Europ\u00e9en des Musiques Juives<\/title>\n<meta name=\"robots\" content=\"index, follow, max-snippet:-1, max-image-preview:large, max-video-preview:-1\" \/>\n<link rel=\"canonical\" href=\"https:\/\/www.iemj.org\/es\/les-selihot-dans-le-rite-algerien\/\" \/>\n<meta property=\"og:locale\" content=\"es_ES\" \/>\n<meta property=\"og:type\" content=\"article\" \/>\n<meta property=\"og:title\" content=\"Las selijot en el rito argelino - Institut Europ\u00e9en des Musiques Juives\" \/>\n<meta property=\"og:description\" content=\"Una selecci\u00f3n de selijot interpretadas por Israel Dadoun, Abraham Dahan, Philippe Darmon, Amir Eliahou, Georges E. Haik, Haim Harboun y Andr\u00e9 Ta\u00efeb\" \/>\n<meta property=\"og:url\" content=\"https:\/\/www.iemj.org\/es\/les-selihot-dans-le-rite-algerien\/\" \/>\n<meta property=\"og:site_name\" content=\"Institut Europ\u00e9en des Musiques Juives\" \/>\n<meta property=\"article:publisher\" content=\"https:\/\/www.facebook.com\/MusiquesJuives\/\" \/>\n<meta property=\"article:published_time\" content=\"2020-09-23T10:38:33+00:00\" \/>\n<meta property=\"article:modified_time\" content=\"2024-02-16T16:07:10+00:00\" \/>\n<meta property=\"og:image\" content=\"https:\/\/www.iemj.org\/wp-content\/uploads\/2020\/09\/arton4840.jpg\" \/>\n\t<meta property=\"og:image:width\" content=\"336\" \/>\n\t<meta property=\"og:image:height\" content=\"336\" \/>\n\t<meta property=\"og:image:type\" content=\"image\/jpeg\" \/>\n<meta name=\"author\" content=\"Herv\u00e9 Roten\" \/>\n<meta name=\"twitter:card\" content=\"summary_large_image\" \/>\n<meta name=\"twitter:label1\" content=\"Escrito por\" \/>\n\t<meta name=\"twitter:data1\" content=\"Herv\u00e9 Roten\" \/>\n\t<meta name=\"twitter:label2\" content=\"Tiempo de lectura\" \/>\n\t<meta name=\"twitter:data2\" content=\"3 minutos\" \/>\n<script type=\"application\/ld+json\" class=\"yoast-schema-graph\">{\"@context\":\"https:\\\/\\\/schema.org\",\"@graph\":[{\"@type\":\"Article\",\"@id\":\"https:\\\/\\\/www.iemj.org\\\/es\\\/les-selihot-dans-le-rite-algerien\\\/#article\",\"isPartOf\":{\"@id\":\"https:\\\/\\\/www.iemj.org\\\/es\\\/les-selihot-dans-le-rite-algerien\\\/\"},\"author\":{\"name\":\"Herv\u00e9 Roten\",\"@id\":\"https:\\\/\\\/www.iemj.org\\\/es\\\/#\\\/schema\\\/person\\\/906134402c29d5c76e7b726261dd4bbd\"},\"headline\":\"Las selijot en el rito argelino\",\"datePublished\":\"2020-09-23T10:38:33+00:00\",\"dateModified\":\"2024-02-16T16:07:10+00:00\",\"mainEntityOfPage\":{\"@id\":\"https:\\\/\\\/www.iemj.org\\\/es\\\/les-selihot-dans-le-rite-algerien\\\/\"},\"wordCount\":426,\"publisher\":{\"@id\":\"https:\\\/\\\/www.iemj.org\\\/es\\\/#organization\"},\"image\":{\"@id\":\"https:\\\/\\\/www.iemj.org\\\/es\\\/les-selihot-dans-le-rite-algerien\\\/#primaryimage\"},\"thumbnailUrl\":\"https:\\\/\\\/www.iemj.org\\\/wp-content\\\/uploads\\\/2020\\\/09\\\/arton4840.jpg\",\"articleSection\":[\"Listas de reproducci\u00f3n\"],\"inLanguage\":\"es\"},{\"@type\":\"WebPage\",\"@id\":\"https:\\\/\\\/www.iemj.org\\\/es\\\/les-selihot-dans-le-rite-algerien\\\/\",\"url\":\"https:\\\/\\\/www.iemj.org\\\/es\\\/les-selihot-dans-le-rite-algerien\\\/\",\"name\":\"Las selijot en el rito argelino - Institut Europ\u00e9en des Musiques Juives\",\"isPartOf\":{\"@id\":\"https:\\\/\\\/www.iemj.org\\\/es\\\/#website\"},\"primaryImageOfPage\":{\"@id\":\"https:\\\/\\\/www.iemj.org\\\/es\\\/les-selihot-dans-le-rite-algerien\\\/#primaryimage\"},\"image\":{\"@id\":\"https:\\\/\\\/www.iemj.org\\\/es\\\/les-selihot-dans-le-rite-algerien\\\/#primaryimage\"},\"thumbnailUrl\":\"https:\\\/\\\/www.iemj.org\\\/wp-content\\\/uploads\\\/2020\\\/09\\\/arton4840.jpg\",\"datePublished\":\"2020-09-23T10:38:33+00:00\",\"dateModified\":\"2024-02-16T16:07:10+00:00\",\"breadcrumb\":{\"@id\":\"https:\\\/\\\/www.iemj.org\\\/es\\\/les-selihot-dans-le-rite-algerien\\\/#breadcrumb\"},\"inLanguage\":\"es\",\"potentialAction\":[{\"@type\":\"ReadAction\",\"target\":[\"https:\\\/\\\/www.iemj.org\\\/es\\\/les-selihot-dans-le-rite-algerien\\\/\"]}]},{\"@type\":\"ImageObject\",\"inLanguage\":\"es\",\"@id\":\"https:\\\/\\\/www.iemj.org\\\/es\\\/les-selihot-dans-le-rite-algerien\\\/#primaryimage\",\"url\":\"https:\\\/\\\/www.iemj.org\\\/wp-content\\\/uploads\\\/2020\\\/09\\\/arton4840.jpg\",\"contentUrl\":\"https:\\\/\\\/www.iemj.org\\\/wp-content\\\/uploads\\\/2020\\\/09\\\/arton4840.jpg\",\"width\":336,\"height\":336},{\"@type\":\"BreadcrumbList\",\"@id\":\"https:\\\/\\\/www.iemj.org\\\/es\\\/les-selihot-dans-le-rite-algerien\\\/#breadcrumb\",\"itemListElement\":[{\"@type\":\"ListItem\",\"position\":1,\"name\":\"Accueil\",\"item\":\"https:\\\/\\\/www.iemj.org\\\/es\\\/\"},{\"@type\":\"ListItem\",\"position\":2,\"name\":\"Las selijot en el rito argelino\"}]},{\"@type\":\"WebSite\",\"@id\":\"https:\\\/\\\/www.iemj.org\\\/es\\\/#website\",\"url\":\"https:\\\/\\\/www.iemj.org\\\/es\\\/\",\"name\":\"Institut Europ\u00e9en des Musiques Juives\",\"description\":\"Des traditions musicales \u00e0 la port\u00e9e de tous\",\"publisher\":{\"@id\":\"https:\\\/\\\/www.iemj.org\\\/es\\\/#organization\"},\"potentialAction\":[{\"@type\":\"SearchAction\",\"target\":{\"@type\":\"EntryPoint\",\"urlTemplate\":\"https:\\\/\\\/www.iemj.org\\\/es\\\/?s={search_term_string}\"},\"query-input\":{\"@type\":\"PropertyValueSpecification\",\"valueRequired\":true,\"valueName\":\"search_term_string\"}}],\"inLanguage\":\"es\"},{\"@type\":\"Organization\",\"@id\":\"https:\\\/\\\/www.iemj.org\\\/es\\\/#organization\",\"name\":\"Institut Europ\u00e9en des Musiques Juives\",\"url\":\"https:\\\/\\\/www.iemj.org\\\/es\\\/\",\"logo\":{\"@type\":\"ImageObject\",\"inLanguage\":\"es\",\"@id\":\"https:\\\/\\\/www.iemj.org\\\/es\\\/#\\\/schema\\\/logo\\\/image\\\/\",\"url\":\"https:\\\/\\\/www.iemj.org\\\/wp-content\\\/uploads\\\/2021\\\/09\\\/Logo-IEMJ-Paypal.jpg\",\"contentUrl\":\"https:\\\/\\\/www.iemj.org\\\/wp-content\\\/uploads\\\/2021\\\/09\\\/Logo-IEMJ-Paypal.jpg\",\"width\":150,\"height\":50,\"caption\":\"Institut Europ\u00e9en des Musiques Juives\"},\"image\":{\"@id\":\"https:\\\/\\\/www.iemj.org\\\/es\\\/#\\\/schema\\\/logo\\\/image\\\/\"},\"sameAs\":[\"https:\\\/\\\/www.facebook.com\\\/MusiquesJuives\\\/\",\"https:\\\/\\\/www.instagram.com\\\/musiquesjuives\\\/\",\"https:\\\/\\\/www.youtube.com\\\/user\\\/musiquesjuives\"]},{\"@type\":\"Person\",\"@id\":\"https:\\\/\\\/www.iemj.org\\\/es\\\/#\\\/schema\\\/person\\\/906134402c29d5c76e7b726261dd4bbd\",\"name\":\"Herv\u00e9 Roten\",\"image\":{\"@type\":\"ImageObject\",\"inLanguage\":\"es\",\"@id\":\"https:\\\/\\\/secure.gravatar.com\\\/avatar\\\/f96ad2db538a26481f18384936b5cd0610c92d390c4dc382209216d455f685ff?s=96&d=mm&r=g\",\"url\":\"https:\\\/\\\/secure.gravatar.com\\\/avatar\\\/f96ad2db538a26481f18384936b5cd0610c92d390c4dc382209216d455f685ff?s=96&d=mm&r=g\",\"contentUrl\":\"https:\\\/\\\/secure.gravatar.com\\\/avatar\\\/f96ad2db538a26481f18384936b5cd0610c92d390c4dc382209216d455f685ff?s=96&d=mm&r=g\",\"caption\":\"Herv\u00e9 Roten\"}}]}<\/script>\n<!-- \/ Yoast SEO plugin. -->","yoast_head_json":{"title":"Las selijot en el rito argelino - Institut Europ\u00e9en des Musiques Juives","robots":{"index":"index","follow":"follow","max-snippet":"max-snippet:-1","max-image-preview":"max-image-preview:large","max-video-preview":"max-video-preview:-1"},"canonical":"https:\/\/www.iemj.org\/es\/les-selihot-dans-le-rite-algerien\/","og_locale":"es_ES","og_type":"article","og_title":"Las selijot en el rito argelino - Institut Europ\u00e9en des Musiques Juives","og_description":"Una selecci\u00f3n de selijot interpretadas por Israel Dadoun, Abraham Dahan, Philippe Darmon, Amir Eliahou, Georges E. Haik, Haim Harboun y Andr\u00e9 Ta\u00efeb","og_url":"https:\/\/www.iemj.org\/es\/les-selihot-dans-le-rite-algerien\/","og_site_name":"Institut Europ\u00e9en des Musiques Juives","article_publisher":"https:\/\/www.facebook.com\/MusiquesJuives\/","article_published_time":"2020-09-23T10:38:33+00:00","article_modified_time":"2024-02-16T16:07:10+00:00","og_image":[{"width":336,"height":336,"url":"https:\/\/www.iemj.org\/wp-content\/uploads\/2020\/09\/arton4840.jpg","type":"image\/jpeg"}],"author":"Herv\u00e9 Roten","twitter_card":"summary_large_image","twitter_misc":{"Escrito por":"Herv\u00e9 Roten","Tiempo de lectura":"3 minutos"},"schema":{"@context":"https:\/\/schema.org","@graph":[{"@type":"Article","@id":"https:\/\/www.iemj.org\/es\/les-selihot-dans-le-rite-algerien\/#article","isPartOf":{"@id":"https:\/\/www.iemj.org\/es\/les-selihot-dans-le-rite-algerien\/"},"author":{"name":"Herv\u00e9 Roten","@id":"https:\/\/www.iemj.org\/es\/#\/schema\/person\/906134402c29d5c76e7b726261dd4bbd"},"headline":"Las selijot en el rito argelino","datePublished":"2020-09-23T10:38:33+00:00","dateModified":"2024-02-16T16:07:10+00:00","mainEntityOfPage":{"@id":"https:\/\/www.iemj.org\/es\/les-selihot-dans-le-rite-algerien\/"},"wordCount":426,"publisher":{"@id":"https:\/\/www.iemj.org\/es\/#organization"},"image":{"@id":"https:\/\/www.iemj.org\/es\/les-selihot-dans-le-rite-algerien\/#primaryimage"},"thumbnailUrl":"https:\/\/www.iemj.org\/wp-content\/uploads\/2020\/09\/arton4840.jpg","articleSection":["Listas de reproducci\u00f3n"],"inLanguage":"es"},{"@type":"WebPage","@id":"https:\/\/www.iemj.org\/es\/les-selihot-dans-le-rite-algerien\/","url":"https:\/\/www.iemj.org\/es\/les-selihot-dans-le-rite-algerien\/","name":"Las selijot en el rito argelino - Institut Europ\u00e9en des Musiques Juives","isPartOf":{"@id":"https:\/\/www.iemj.org\/es\/#website"},"primaryImageOfPage":{"@id":"https:\/\/www.iemj.org\/es\/les-selihot-dans-le-rite-algerien\/#primaryimage"},"image":{"@id":"https:\/\/www.iemj.org\/es\/les-selihot-dans-le-rite-algerien\/#primaryimage"},"thumbnailUrl":"https:\/\/www.iemj.org\/wp-content\/uploads\/2020\/09\/arton4840.jpg","datePublished":"2020-09-23T10:38:33+00:00","dateModified":"2024-02-16T16:07:10+00:00","breadcrumb":{"@id":"https:\/\/www.iemj.org\/es\/les-selihot-dans-le-rite-algerien\/#breadcrumb"},"inLanguage":"es","potentialAction":[{"@type":"ReadAction","target":["https:\/\/www.iemj.org\/es\/les-selihot-dans-le-rite-algerien\/"]}]},{"@type":"ImageObject","inLanguage":"es","@id":"https:\/\/www.iemj.org\/es\/les-selihot-dans-le-rite-algerien\/#primaryimage","url":"https:\/\/www.iemj.org\/wp-content\/uploads\/2020\/09\/arton4840.jpg","contentUrl":"https:\/\/www.iemj.org\/wp-content\/uploads\/2020\/09\/arton4840.jpg","width":336,"height":336},{"@type":"BreadcrumbList","@id":"https:\/\/www.iemj.org\/es\/les-selihot-dans-le-rite-algerien\/#breadcrumb","itemListElement":[{"@type":"ListItem","position":1,"name":"Accueil","item":"https:\/\/www.iemj.org\/es\/"},{"@type":"ListItem","position":2,"name":"Las selijot en el rito argelino"}]},{"@type":"WebSite","@id":"https:\/\/www.iemj.org\/es\/#website","url":"https:\/\/www.iemj.org\/es\/","name":"Institut Europ\u00e9en des Musiques Juives","description":"Des traditions musicales \u00e0 la port\u00e9e de tous","publisher":{"@id":"https:\/\/www.iemj.org\/es\/#organization"},"potentialAction":[{"@type":"SearchAction","target":{"@type":"EntryPoint","urlTemplate":"https:\/\/www.iemj.org\/es\/?s={search_term_string}"},"query-input":{"@type":"PropertyValueSpecification","valueRequired":true,"valueName":"search_term_string"}}],"inLanguage":"es"},{"@type":"Organization","@id":"https:\/\/www.iemj.org\/es\/#organization","name":"Institut Europ\u00e9en des Musiques Juives","url":"https:\/\/www.iemj.org\/es\/","logo":{"@type":"ImageObject","inLanguage":"es","@id":"https:\/\/www.iemj.org\/es\/#\/schema\/logo\/image\/","url":"https:\/\/www.iemj.org\/wp-content\/uploads\/2021\/09\/Logo-IEMJ-Paypal.jpg","contentUrl":"https:\/\/www.iemj.org\/wp-content\/uploads\/2021\/09\/Logo-IEMJ-Paypal.jpg","width":150,"height":50,"caption":"Institut Europ\u00e9en des Musiques Juives"},"image":{"@id":"https:\/\/www.iemj.org\/es\/#\/schema\/logo\/image\/"},"sameAs":["https:\/\/www.facebook.com\/MusiquesJuives\/","https:\/\/www.instagram.com\/musiquesjuives\/","https:\/\/www.youtube.com\/user\/musiquesjuives"]},{"@type":"Person","@id":"https:\/\/www.iemj.org\/es\/#\/schema\/person\/906134402c29d5c76e7b726261dd4bbd","name":"Herv\u00e9 Roten","image":{"@type":"ImageObject","inLanguage":"es","@id":"https:\/\/secure.gravatar.com\/avatar\/f96ad2db538a26481f18384936b5cd0610c92d390c4dc382209216d455f685ff?s=96&d=mm&r=g","url":"https:\/\/secure.gravatar.com\/avatar\/f96ad2db538a26481f18384936b5cd0610c92d390c4dc382209216d455f685ff?s=96&d=mm&r=g","contentUrl":"https:\/\/secure.gravatar.com\/avatar\/f96ad2db538a26481f18384936b5cd0610c92d390c4dc382209216d455f685ff?s=96&d=mm&r=g","caption":"Herv\u00e9 Roten"}}]}},"_links":{"self":[{"href":"https:\/\/www.iemj.org\/es\/wp-json\/wp\/v2\/posts\/42718","targetHints":{"allow":["GET"]}}],"collection":[{"href":"https:\/\/www.iemj.org\/es\/wp-json\/wp\/v2\/posts"}],"about":[{"href":"https:\/\/www.iemj.org\/es\/wp-json\/wp\/v2\/types\/post"}],"author":[{"embeddable":true,"href":"https:\/\/www.iemj.org\/es\/wp-json\/wp\/v2\/users\/1045"}],"replies":[{"embeddable":true,"href":"https:\/\/www.iemj.org\/es\/wp-json\/wp\/v2\/comments?post=42718"}],"version-history":[{"count":0,"href":"https:\/\/www.iemj.org\/es\/wp-json\/wp\/v2\/posts\/42718\/revisions"}],"wp:featuredmedia":[{"embeddable":true,"href":"https:\/\/www.iemj.org\/es\/wp-json\/wp\/v2\/media\/42719"}],"wp:attachment":[{"href":"https:\/\/www.iemj.org\/es\/wp-json\/wp\/v2\/media?parent=42718"}],"wp:term":[{"taxonomy":"category","embeddable":true,"href":"https:\/\/www.iemj.org\/es\/wp-json\/wp\/v2\/categories?post=42718"},{"taxonomy":"post_tag","embeddable":true,"href":"https:\/\/www.iemj.org\/es\/wp-json\/wp\/v2\/tags?post=42718"},{"taxonomy":"technique","embeddable":true,"href":"https:\/\/www.iemj.org\/es\/wp-json\/wp\/v2\/technique?post=42718"},{"taxonomy":"squelettes","embeddable":true,"href":"https:\/\/www.iemj.org\/es\/wp-json\/wp\/v2\/squelettes?post=42718"},{"taxonomy":"sujet","embeddable":true,"href":"https:\/\/www.iemj.org\/es\/wp-json\/wp\/v2\/sujet?post=42718"},{"taxonomy":"formation","embeddable":true,"href":"https:\/\/www.iemj.org\/es\/wp-json\/wp\/v2\/formation?post=42718"},{"taxonomy":"genre","embeddable":true,"href":"https:\/\/www.iemj.org\/es\/wp-json\/wp\/v2\/genre?post=42718"},{"taxonomy":"fonds","embeddable":true,"href":"https:\/\/www.iemj.org\/es\/wp-json\/wp\/v2\/fonds?post=42718"},{"taxonomy":"tradition","embeddable":true,"href":"https:\/\/www.iemj.org\/es\/wp-json\/wp\/v2\/tradition?post=42718"},{"taxonomy":"type-de-contenu","embeddable":true,"href":"https:\/\/www.iemj.org\/es\/wp-json\/wp\/v2\/type-de-contenu?post=42718"},{"taxonomy":"interprete-compositeur","embeddable":true,"href":"https:\/\/www.iemj.org\/es\/wp-json\/wp\/v2\/interprete-compositeur?post=42718"},{"taxonomy":"frise","embeddable":true,"href":"https:\/\/www.iemj.org\/es\/wp-json\/wp\/v2\/frise?post=42718"},{"taxonomy":"type-devenement","embeddable":true,"href":"https:\/\/www.iemj.org\/es\/wp-json\/wp\/v2\/type-devenement?post=42718"},{"taxonomy":"tableaux-liens-externes","embeddable":true,"href":"https:\/\/www.iemj.org\/es\/wp-json\/wp\/v2\/tableaux-liens-externes?post=42718"}],"curies":[{"name":"wp","href":"https:\/\/api.w.org\/{rel}","templated":true}]}}