{"id":42749,"date":"2020-09-17T12:11:46","date_gmt":"2020-09-17T10:11:46","guid":{"rendered":"https:\/\/www.iemj.org\/les-selihot-dans-les-rites-italiens\/"},"modified":"2024-02-16T17:14:15","modified_gmt":"2024-02-16T16:14:15","slug":"les-selihot-dans-les-rites-italiens","status":"publish","type":"post","link":"https:\/\/www.iemj.org\/es\/les-selihot-dans-les-rites-italiens\/","title":{"rendered":"Las selijot en ritos italianos"},"content":{"rendered":"<p><strong>Una selecci\u00f3n de <em>selijot<\/em> interpretadas por Alberto Funaro, Bruno Polacco, Aldo P\u00e9rez, Fernando Belgrado y los cantores y fieles de los templos Maggiore y Spagnolo de Roma<\/strong><\/p>\n<p><!--more-->Las selijot son oraciones de arrepentimiento durante las cuales el devoto implora el perd\u00f3n de Dios por los pecados cometidos. Esta costumbre se basa en <a href=\"https:\/\/en.wikipedia.org\/wiki\/Thirteen_Attributes_of_Mercy\" target=\"_blank\" rel=\"noopener\">los trece atributos de la misericordia<\/a> que, seg\u00fan la tradici\u00f3n, fueron transmitidos por Dios a Mois\u00e9s (<em>\u00c9xodo<\/em> 34, 6-7).<\/p>\n<p>Originalmente, las selijot se le\u00edan durante el servicio y el ayuno de Yom Kipur. Luego, esta costumbre se extendi\u00f3 a 10 d\u00edas (<em>yamim nora\u00edm<\/em>) entre Rosh Hashan\u00e1 y Kipur. Las comunidades ashkenaz\u00ed y jas\u00eddica recitan las selijot del s\u00e1bado por la noche anterior (al menos cuatro d\u00edas) de la fiesta de Rosh Hashan\u00e1. Las comunidades sefard\u00edes las leen al amanecer antes de las oraciones matutinas durante cuarenta d\u00edas, a partir del 1 de Elul.<\/p>\n<p>La siguiente lista de reproducci\u00f3n presenta una selecci\u00f3n de selijot realizadas en diferentes ritos italianos. Italia es la comunidad jud\u00eda m\u00e1s antigua de Europa. El asentamiento de jud\u00edos en la pen\u00ednsula se remonta a la revuelta macabea (175-140 a. e. c.). Su presencia se vuelve significativa en el Imperio Romano en -63, especialmente en Roma donde perpet\u00faan su rito (llamado <em>italk\u00ed<\/em>) que no es ni el mundo ashkenaz\u00ed ni el mundo sefard\u00ed. En el siglo XI, jud\u00edos romaniotas y ashkenaz\u00edes se establecieron en Venecia y Padua. Al mismo tiempo, las comunidades jud\u00edas del sur de Italia prosperaron hasta el siglo XIII, bajo el control del Imperio Bizantino. Despu\u00e9s de la expulsi\u00f3n definitiva de los jud\u00edos de Francia en 1394, las comunidades de rito franc\u00e9s se reunieron en las ciudades piamontesas de Asti, Fossano y Moncalvo, donde mantuvieron su propio rito, llamado as\u00ed por las iniciales de estas ciudades <em>minhag apam<\/em> o <em>afam<\/em>. Al mismo tiempo, los jud\u00edos provenzales se asentaron en Cerde\u00f1a, entonces posesi\u00f3n aragonesa. Desde finales del siglo XIV, Italia, y en particular Livorno y Venecia, se convirtieron en tierra de bienvenida para muchos jud\u00edos espa\u00f1oles que hu\u00edan de conversiones forzadas.<\/p>\n<p>Con la inmigraci\u00f3n sefard\u00ed, la comunidad jud\u00eda italiana toma su composici\u00f3n final original, con la convivencia de tres comunidades que mantienen sus caracteres distintivos: los llamados jud\u00edos italianos o <em>italk\u00edm<\/em>, de la comunidad ya establecida bajo el Imperio Romano, los jud\u00edos ashkenaz\u00edes de Alemania y Francia, y los jud\u00edos sefard\u00edes de Espa\u00f1a, a los que se suman los jud\u00edos roman\u00edes, de los Balcanes. Debido al establecimiento de guetos, viven y construyen sus sinagogas una al lado de la otra. Su n\u00famero lleg\u00f3 a unas 50.000 personas.<\/p>\n<p>Despu\u00e9s de la Segunda Guerra Mundial, muchos jud\u00edos de Libia, Ir\u00e1n y, en menor medida, Europa del Este, se establecieron en Roma, Mil\u00e1n y Livorno, donde continuaron llevando a cabo sus ritos.<\/p>\n<p><a href=\"https:\/\/www.iemj.org\/es\/les-selihot-%d7%a1%d7%9c%d7%99%d7%97%d7%95%d7%aa\/\" target=\"_blank\" rel=\"noopener\">Leer el art\u00edculo de fondo sobre la selijot<\/a><\/p>\n\n\n<figure class=\"wp-block-image size-large\"><img fetchpriority=\"high\" decoding=\"async\" width=\"1024\" height=\"146\" src=\"https:\/\/www.iemj.org\/wp-content\/uploads\/2023\/01\/Bandeau-Playlist_ES2-1024x146.jpg\" alt=\"\" class=\"wp-image-93117\" srcset=\"https:\/\/www.iemj.org\/wp-content\/uploads\/2023\/01\/Bandeau-Playlist_ES2-1024x146.jpg 1024w, https:\/\/www.iemj.org\/wp-content\/uploads\/2023\/01\/Bandeau-Playlist_ES2-300x43.jpg 300w, https:\/\/www.iemj.org\/wp-content\/uploads\/2023\/01\/Bandeau-Playlist_ES2-768x110.jpg 768w, https:\/\/www.iemj.org\/wp-content\/uploads\/2023\/01\/Bandeau-Playlist_ES2-1536x220.jpg 1536w, https:\/\/www.iemj.org\/wp-content\/uploads\/2023\/01\/Bandeau-Playlist_ES2-600x86.jpg 600w, https:\/\/www.iemj.org\/wp-content\/uploads\/2023\/01\/Bandeau-Playlist_ES2.jpg 1608w\" sizes=\"(max-width: 1024px) 100vw, 1024px\" \/><\/figure>\n\n\n\n<div class=\"wp-block-file\"><a id=\"wp-block-file--media-28717a59-3f67-4884-a114-24c27e5f657c\" href=\"https:\/\/www.iemj.org\/wp-content\/uploads\/2020\/09\/1_el_melech_yochev__alberto_funaro_d33-30_2479_17.mp3\">El melech yochev &#8211; Alberto Funaro<\/a><\/div>\n\n\n\n<div class=\"wp-block-file\"><a id=\"wp-block-file--media-97d671f9-826f-48b6-8cf2-c8bfe4bb2cf7\" href=\"https:\/\/www.iemj.org\/wp-content\/uploads\/2020\/09\/2_rahum_vehanun_tempio_maggiore_di_roma_rite_italki_.mp3\">Rahum vehanun &#8211; Tempio Maggiore di Roma (Rite italki)<\/a><\/div>\n\n\n\n<div class=\"wp-block-file\"><a id=\"wp-block-file--media-7699e292-10f3-4adf-8f6a-456d3a12fb1c\" href=\"https:\/\/www.iemj.org\/wp-content\/uploads\/2020\/09\/3_anenu_tempio_spagnolo_di_roma.mp3\">Anenu &#8211; Tempio Spagnolo di Roma<\/a><\/div>\n\n\n\n<div class=\"wp-block-file\"><a id=\"wp-block-file--media-e25e69e6-435b-438b-a319-3de8cb2ec21b\" href=\"https:\/\/www.iemj.org\/wp-content\/uploads\/2020\/09\/4_atanu_bruno_polacco_rite_ashkenaze_italien__cd_1177_49.mp3\">Atanu &#8211; Bruno Polacco (Rite ashkenaze italien)<\/a><\/div>\n\n\n\n<div class=\"wp-block-file\"><a id=\"wp-block-file--media-3bbe85a2-f78a-4fab-9e80-1a3852108ee8\" href=\"https:\/\/www.iemj.org\/wp-content\/uploads\/2020\/09\/5_sheviyah_anyah_aldo_perez_turin_.mp3\">Sheviyah anyah &#8211; Aldo Perez (Turin)<\/a><\/div>\n\n\n\n<div class=\"wp-block-file\"><a id=\"wp-block-file--media-ced90aa1-2dad-4957-932c-c26a357a1e15\" href=\"https:\/\/www.iemj.org\/wp-content\/uploads\/2020\/09\/6_atanu_alberto_funaro_d33-30_2479_29.mp3\">Atanu &#8211; Alberto Funaro<\/a><\/div>\n\n\n\n<div class=\"wp-block-file\"><a id=\"wp-block-file--media-7a813ed3-49e7-447d-b9e1-1ba5439f3e61\" href=\"https:\/\/www.iemj.org\/wp-content\/uploads\/2020\/09\/7_atanu_fernando_belgrado_florence__cd_1137_02.mp3\">Atanu &#8211; Fernando Belgrado (Florence)<\/a><\/div>\n","protected":false},"excerpt":{"rendered":"<p>Una selecci\u00f3n de selijot interpretadas por Alberto Funaro, Bruno Polacco, Aldo P\u00e9rez, Fernando Belgrado y los cantores y fieles de los templos Maggiore y Spagnolo de Roma<\/p>\n","protected":false},"author":1045,"featured_media":42750,"comment_status":"closed","ping_status":"closed","sticky":false,"template":"","format":"standard","meta":{"_acf_changed":false,"footnotes":""},"categories":[1535],"tags":[2092],"technique":[],"squelettes":[],"sujet":[],"formation":[],"genre":[1890],"fonds":[],"tradition":[1976],"type-de-contenu":[],"interprete-compositeur":[],"frise":[],"type-devenement":[],"tableaux-liens-externes":[],"class_list":["post-42749","post","type-post","status-publish","format-standard","has-post-thumbnail","hentry","category-listas-de-reproduccion-es","tag-italia-es","genre-liturgia-es","tradition-rito-italiano-es"],"acf":[],"yoast_head":"<!-- This site is optimized with the Yoast SEO plugin v27.3 - https:\/\/yoast.com\/product\/yoast-seo-wordpress\/ -->\n<title>Las selijot en ritos italianos - Institut Europ\u00e9en des Musiques Juives<\/title>\n<meta name=\"robots\" content=\"index, follow, max-snippet:-1, max-image-preview:large, max-video-preview:-1\" \/>\n<link rel=\"canonical\" href=\"https:\/\/www.iemj.org\/es\/les-selihot-dans-les-rites-italiens\/\" \/>\n<meta property=\"og:locale\" content=\"es_ES\" \/>\n<meta property=\"og:type\" content=\"article\" \/>\n<meta property=\"og:title\" content=\"Las selijot en ritos italianos - Institut Europ\u00e9en des Musiques Juives\" \/>\n<meta property=\"og:description\" content=\"Una selecci\u00f3n de selijot interpretadas por Alberto Funaro, Bruno Polacco, Aldo P\u00e9rez, Fernando Belgrado y los cantores y fieles de los templos Maggiore y Spagnolo de Roma\" \/>\n<meta property=\"og:url\" content=\"https:\/\/www.iemj.org\/es\/les-selihot-dans-les-rites-italiens\/\" \/>\n<meta property=\"og:site_name\" content=\"Institut Europ\u00e9en des Musiques Juives\" \/>\n<meta property=\"article:publisher\" content=\"https:\/\/www.facebook.com\/MusiquesJuives\/\" \/>\n<meta property=\"article:published_time\" content=\"2020-09-17T10:11:46+00:00\" \/>\n<meta property=\"article:modified_time\" content=\"2024-02-16T16:14:15+00:00\" \/>\n<meta property=\"og:image\" content=\"https:\/\/www.iemj.org\/wp-content\/uploads\/2020\/09\/arton4835.jpg\" \/>\n\t<meta property=\"og:image:width\" content=\"336\" \/>\n\t<meta property=\"og:image:height\" content=\"336\" \/>\n\t<meta property=\"og:image:type\" content=\"image\/jpeg\" \/>\n<meta name=\"author\" content=\"Herv\u00e9 Roten\" \/>\n<meta name=\"twitter:card\" content=\"summary_large_image\" \/>\n<meta name=\"twitter:label1\" content=\"Escrito por\" \/>\n\t<meta name=\"twitter:data1\" content=\"Herv\u00e9 Roten\" \/>\n\t<meta name=\"twitter:label2\" content=\"Tiempo de lectura\" \/>\n\t<meta name=\"twitter:data2\" content=\"3 minutos\" \/>\n<script type=\"application\/ld+json\" class=\"yoast-schema-graph\">{\"@context\":\"https:\\\/\\\/schema.org\",\"@graph\":[{\"@type\":\"Article\",\"@id\":\"https:\\\/\\\/www.iemj.org\\\/es\\\/les-selihot-dans-les-rites-italiens\\\/#article\",\"isPartOf\":{\"@id\":\"https:\\\/\\\/www.iemj.org\\\/es\\\/les-selihot-dans-les-rites-italiens\\\/\"},\"author\":{\"name\":\"Herv\u00e9 Roten\",\"@id\":\"https:\\\/\\\/www.iemj.org\\\/es\\\/#\\\/schema\\\/person\\\/906134402c29d5c76e7b726261dd4bbd\"},\"headline\":\"Las selijot en ritos italianos\",\"datePublished\":\"2020-09-17T10:11:46+00:00\",\"dateModified\":\"2024-02-16T16:14:15+00:00\",\"mainEntityOfPage\":{\"@id\":\"https:\\\/\\\/www.iemj.org\\\/es\\\/les-selihot-dans-les-rites-italiens\\\/\"},\"wordCount\":558,\"publisher\":{\"@id\":\"https:\\\/\\\/www.iemj.org\\\/es\\\/#organization\"},\"image\":{\"@id\":\"https:\\\/\\\/www.iemj.org\\\/es\\\/les-selihot-dans-les-rites-italiens\\\/#primaryimage\"},\"thumbnailUrl\":\"https:\\\/\\\/www.iemj.org\\\/wp-content\\\/uploads\\\/2020\\\/09\\\/arton4835.jpg\",\"keywords\":[\"Italia\"],\"articleSection\":[\"Listas de reproducci\u00f3n\"],\"inLanguage\":\"es\"},{\"@type\":\"WebPage\",\"@id\":\"https:\\\/\\\/www.iemj.org\\\/es\\\/les-selihot-dans-les-rites-italiens\\\/\",\"url\":\"https:\\\/\\\/www.iemj.org\\\/es\\\/les-selihot-dans-les-rites-italiens\\\/\",\"name\":\"Las selijot en ritos italianos - Institut Europ\u00e9en des Musiques Juives\",\"isPartOf\":{\"@id\":\"https:\\\/\\\/www.iemj.org\\\/es\\\/#website\"},\"primaryImageOfPage\":{\"@id\":\"https:\\\/\\\/www.iemj.org\\\/es\\\/les-selihot-dans-les-rites-italiens\\\/#primaryimage\"},\"image\":{\"@id\":\"https:\\\/\\\/www.iemj.org\\\/es\\\/les-selihot-dans-les-rites-italiens\\\/#primaryimage\"},\"thumbnailUrl\":\"https:\\\/\\\/www.iemj.org\\\/wp-content\\\/uploads\\\/2020\\\/09\\\/arton4835.jpg\",\"datePublished\":\"2020-09-17T10:11:46+00:00\",\"dateModified\":\"2024-02-16T16:14:15+00:00\",\"breadcrumb\":{\"@id\":\"https:\\\/\\\/www.iemj.org\\\/es\\\/les-selihot-dans-les-rites-italiens\\\/#breadcrumb\"},\"inLanguage\":\"es\",\"potentialAction\":[{\"@type\":\"ReadAction\",\"target\":[\"https:\\\/\\\/www.iemj.org\\\/es\\\/les-selihot-dans-les-rites-italiens\\\/\"]}]},{\"@type\":\"ImageObject\",\"inLanguage\":\"es\",\"@id\":\"https:\\\/\\\/www.iemj.org\\\/es\\\/les-selihot-dans-les-rites-italiens\\\/#primaryimage\",\"url\":\"https:\\\/\\\/www.iemj.org\\\/wp-content\\\/uploads\\\/2020\\\/09\\\/arton4835.jpg\",\"contentUrl\":\"https:\\\/\\\/www.iemj.org\\\/wp-content\\\/uploads\\\/2020\\\/09\\\/arton4835.jpg\",\"width\":336,\"height\":336},{\"@type\":\"BreadcrumbList\",\"@id\":\"https:\\\/\\\/www.iemj.org\\\/es\\\/les-selihot-dans-les-rites-italiens\\\/#breadcrumb\",\"itemListElement\":[{\"@type\":\"ListItem\",\"position\":1,\"name\":\"Accueil\",\"item\":\"https:\\\/\\\/www.iemj.org\\\/es\\\/\"},{\"@type\":\"ListItem\",\"position\":2,\"name\":\"Las selijot en ritos italianos\"}]},{\"@type\":\"WebSite\",\"@id\":\"https:\\\/\\\/www.iemj.org\\\/es\\\/#website\",\"url\":\"https:\\\/\\\/www.iemj.org\\\/es\\\/\",\"name\":\"Institut Europ\u00e9en des Musiques Juives\",\"description\":\"Des traditions musicales \u00e0 la port\u00e9e de tous\",\"publisher\":{\"@id\":\"https:\\\/\\\/www.iemj.org\\\/es\\\/#organization\"},\"potentialAction\":[{\"@type\":\"SearchAction\",\"target\":{\"@type\":\"EntryPoint\",\"urlTemplate\":\"https:\\\/\\\/www.iemj.org\\\/es\\\/?s={search_term_string}\"},\"query-input\":{\"@type\":\"PropertyValueSpecification\",\"valueRequired\":true,\"valueName\":\"search_term_string\"}}],\"inLanguage\":\"es\"},{\"@type\":\"Organization\",\"@id\":\"https:\\\/\\\/www.iemj.org\\\/es\\\/#organization\",\"name\":\"Institut Europ\u00e9en des Musiques Juives\",\"url\":\"https:\\\/\\\/www.iemj.org\\\/es\\\/\",\"logo\":{\"@type\":\"ImageObject\",\"inLanguage\":\"es\",\"@id\":\"https:\\\/\\\/www.iemj.org\\\/es\\\/#\\\/schema\\\/logo\\\/image\\\/\",\"url\":\"https:\\\/\\\/www.iemj.org\\\/wp-content\\\/uploads\\\/2021\\\/09\\\/Logo-IEMJ-Paypal.jpg\",\"contentUrl\":\"https:\\\/\\\/www.iemj.org\\\/wp-content\\\/uploads\\\/2021\\\/09\\\/Logo-IEMJ-Paypal.jpg\",\"width\":150,\"height\":50,\"caption\":\"Institut Europ\u00e9en des Musiques Juives\"},\"image\":{\"@id\":\"https:\\\/\\\/www.iemj.org\\\/es\\\/#\\\/schema\\\/logo\\\/image\\\/\"},\"sameAs\":[\"https:\\\/\\\/www.facebook.com\\\/MusiquesJuives\\\/\",\"https:\\\/\\\/www.instagram.com\\\/musiquesjuives\\\/\",\"https:\\\/\\\/www.youtube.com\\\/user\\\/musiquesjuives\"]},{\"@type\":\"Person\",\"@id\":\"https:\\\/\\\/www.iemj.org\\\/es\\\/#\\\/schema\\\/person\\\/906134402c29d5c76e7b726261dd4bbd\",\"name\":\"Herv\u00e9 Roten\",\"image\":{\"@type\":\"ImageObject\",\"inLanguage\":\"es\",\"@id\":\"https:\\\/\\\/secure.gravatar.com\\\/avatar\\\/f96ad2db538a26481f18384936b5cd0610c92d390c4dc382209216d455f685ff?s=96&d=mm&r=g\",\"url\":\"https:\\\/\\\/secure.gravatar.com\\\/avatar\\\/f96ad2db538a26481f18384936b5cd0610c92d390c4dc382209216d455f685ff?s=96&d=mm&r=g\",\"contentUrl\":\"https:\\\/\\\/secure.gravatar.com\\\/avatar\\\/f96ad2db538a26481f18384936b5cd0610c92d390c4dc382209216d455f685ff?s=96&d=mm&r=g\",\"caption\":\"Herv\u00e9 Roten\"}}]}<\/script>\n<!-- \/ Yoast SEO plugin. -->","yoast_head_json":{"title":"Las selijot en ritos italianos - Institut Europ\u00e9en des Musiques Juives","robots":{"index":"index","follow":"follow","max-snippet":"max-snippet:-1","max-image-preview":"max-image-preview:large","max-video-preview":"max-video-preview:-1"},"canonical":"https:\/\/www.iemj.org\/es\/les-selihot-dans-les-rites-italiens\/","og_locale":"es_ES","og_type":"article","og_title":"Las selijot en ritos italianos - Institut Europ\u00e9en des Musiques Juives","og_description":"Una selecci\u00f3n de selijot interpretadas por Alberto Funaro, Bruno Polacco, Aldo P\u00e9rez, Fernando Belgrado y los cantores y fieles de los templos Maggiore y Spagnolo de Roma","og_url":"https:\/\/www.iemj.org\/es\/les-selihot-dans-les-rites-italiens\/","og_site_name":"Institut Europ\u00e9en des Musiques Juives","article_publisher":"https:\/\/www.facebook.com\/MusiquesJuives\/","article_published_time":"2020-09-17T10:11:46+00:00","article_modified_time":"2024-02-16T16:14:15+00:00","og_image":[{"width":336,"height":336,"url":"https:\/\/www.iemj.org\/wp-content\/uploads\/2020\/09\/arton4835.jpg","type":"image\/jpeg"}],"author":"Herv\u00e9 Roten","twitter_card":"summary_large_image","twitter_misc":{"Escrito por":"Herv\u00e9 Roten","Tiempo de lectura":"3 minutos"},"schema":{"@context":"https:\/\/schema.org","@graph":[{"@type":"Article","@id":"https:\/\/www.iemj.org\/es\/les-selihot-dans-les-rites-italiens\/#article","isPartOf":{"@id":"https:\/\/www.iemj.org\/es\/les-selihot-dans-les-rites-italiens\/"},"author":{"name":"Herv\u00e9 Roten","@id":"https:\/\/www.iemj.org\/es\/#\/schema\/person\/906134402c29d5c76e7b726261dd4bbd"},"headline":"Las selijot en ritos italianos","datePublished":"2020-09-17T10:11:46+00:00","dateModified":"2024-02-16T16:14:15+00:00","mainEntityOfPage":{"@id":"https:\/\/www.iemj.org\/es\/les-selihot-dans-les-rites-italiens\/"},"wordCount":558,"publisher":{"@id":"https:\/\/www.iemj.org\/es\/#organization"},"image":{"@id":"https:\/\/www.iemj.org\/es\/les-selihot-dans-les-rites-italiens\/#primaryimage"},"thumbnailUrl":"https:\/\/www.iemj.org\/wp-content\/uploads\/2020\/09\/arton4835.jpg","keywords":["Italia"],"articleSection":["Listas de reproducci\u00f3n"],"inLanguage":"es"},{"@type":"WebPage","@id":"https:\/\/www.iemj.org\/es\/les-selihot-dans-les-rites-italiens\/","url":"https:\/\/www.iemj.org\/es\/les-selihot-dans-les-rites-italiens\/","name":"Las selijot en ritos italianos - Institut Europ\u00e9en des Musiques Juives","isPartOf":{"@id":"https:\/\/www.iemj.org\/es\/#website"},"primaryImageOfPage":{"@id":"https:\/\/www.iemj.org\/es\/les-selihot-dans-les-rites-italiens\/#primaryimage"},"image":{"@id":"https:\/\/www.iemj.org\/es\/les-selihot-dans-les-rites-italiens\/#primaryimage"},"thumbnailUrl":"https:\/\/www.iemj.org\/wp-content\/uploads\/2020\/09\/arton4835.jpg","datePublished":"2020-09-17T10:11:46+00:00","dateModified":"2024-02-16T16:14:15+00:00","breadcrumb":{"@id":"https:\/\/www.iemj.org\/es\/les-selihot-dans-les-rites-italiens\/#breadcrumb"},"inLanguage":"es","potentialAction":[{"@type":"ReadAction","target":["https:\/\/www.iemj.org\/es\/les-selihot-dans-les-rites-italiens\/"]}]},{"@type":"ImageObject","inLanguage":"es","@id":"https:\/\/www.iemj.org\/es\/les-selihot-dans-les-rites-italiens\/#primaryimage","url":"https:\/\/www.iemj.org\/wp-content\/uploads\/2020\/09\/arton4835.jpg","contentUrl":"https:\/\/www.iemj.org\/wp-content\/uploads\/2020\/09\/arton4835.jpg","width":336,"height":336},{"@type":"BreadcrumbList","@id":"https:\/\/www.iemj.org\/es\/les-selihot-dans-les-rites-italiens\/#breadcrumb","itemListElement":[{"@type":"ListItem","position":1,"name":"Accueil","item":"https:\/\/www.iemj.org\/es\/"},{"@type":"ListItem","position":2,"name":"Las selijot en ritos italianos"}]},{"@type":"WebSite","@id":"https:\/\/www.iemj.org\/es\/#website","url":"https:\/\/www.iemj.org\/es\/","name":"Institut Europ\u00e9en des Musiques Juives","description":"Des traditions musicales \u00e0 la port\u00e9e de tous","publisher":{"@id":"https:\/\/www.iemj.org\/es\/#organization"},"potentialAction":[{"@type":"SearchAction","target":{"@type":"EntryPoint","urlTemplate":"https:\/\/www.iemj.org\/es\/?s={search_term_string}"},"query-input":{"@type":"PropertyValueSpecification","valueRequired":true,"valueName":"search_term_string"}}],"inLanguage":"es"},{"@type":"Organization","@id":"https:\/\/www.iemj.org\/es\/#organization","name":"Institut Europ\u00e9en des Musiques Juives","url":"https:\/\/www.iemj.org\/es\/","logo":{"@type":"ImageObject","inLanguage":"es","@id":"https:\/\/www.iemj.org\/es\/#\/schema\/logo\/image\/","url":"https:\/\/www.iemj.org\/wp-content\/uploads\/2021\/09\/Logo-IEMJ-Paypal.jpg","contentUrl":"https:\/\/www.iemj.org\/wp-content\/uploads\/2021\/09\/Logo-IEMJ-Paypal.jpg","width":150,"height":50,"caption":"Institut Europ\u00e9en des Musiques Juives"},"image":{"@id":"https:\/\/www.iemj.org\/es\/#\/schema\/logo\/image\/"},"sameAs":["https:\/\/www.facebook.com\/MusiquesJuives\/","https:\/\/www.instagram.com\/musiquesjuives\/","https:\/\/www.youtube.com\/user\/musiquesjuives"]},{"@type":"Person","@id":"https:\/\/www.iemj.org\/es\/#\/schema\/person\/906134402c29d5c76e7b726261dd4bbd","name":"Herv\u00e9 Roten","image":{"@type":"ImageObject","inLanguage":"es","@id":"https:\/\/secure.gravatar.com\/avatar\/f96ad2db538a26481f18384936b5cd0610c92d390c4dc382209216d455f685ff?s=96&d=mm&r=g","url":"https:\/\/secure.gravatar.com\/avatar\/f96ad2db538a26481f18384936b5cd0610c92d390c4dc382209216d455f685ff?s=96&d=mm&r=g","contentUrl":"https:\/\/secure.gravatar.com\/avatar\/f96ad2db538a26481f18384936b5cd0610c92d390c4dc382209216d455f685ff?s=96&d=mm&r=g","caption":"Herv\u00e9 Roten"}}]}},"_links":{"self":[{"href":"https:\/\/www.iemj.org\/es\/wp-json\/wp\/v2\/posts\/42749","targetHints":{"allow":["GET"]}}],"collection":[{"href":"https:\/\/www.iemj.org\/es\/wp-json\/wp\/v2\/posts"}],"about":[{"href":"https:\/\/www.iemj.org\/es\/wp-json\/wp\/v2\/types\/post"}],"author":[{"embeddable":true,"href":"https:\/\/www.iemj.org\/es\/wp-json\/wp\/v2\/users\/1045"}],"replies":[{"embeddable":true,"href":"https:\/\/www.iemj.org\/es\/wp-json\/wp\/v2\/comments?post=42749"}],"version-history":[{"count":0,"href":"https:\/\/www.iemj.org\/es\/wp-json\/wp\/v2\/posts\/42749\/revisions"}],"wp:featuredmedia":[{"embeddable":true,"href":"https:\/\/www.iemj.org\/es\/wp-json\/wp\/v2\/media\/42750"}],"wp:attachment":[{"href":"https:\/\/www.iemj.org\/es\/wp-json\/wp\/v2\/media?parent=42749"}],"wp:term":[{"taxonomy":"category","embeddable":true,"href":"https:\/\/www.iemj.org\/es\/wp-json\/wp\/v2\/categories?post=42749"},{"taxonomy":"post_tag","embeddable":true,"href":"https:\/\/www.iemj.org\/es\/wp-json\/wp\/v2\/tags?post=42749"},{"taxonomy":"technique","embeddable":true,"href":"https:\/\/www.iemj.org\/es\/wp-json\/wp\/v2\/technique?post=42749"},{"taxonomy":"squelettes","embeddable":true,"href":"https:\/\/www.iemj.org\/es\/wp-json\/wp\/v2\/squelettes?post=42749"},{"taxonomy":"sujet","embeddable":true,"href":"https:\/\/www.iemj.org\/es\/wp-json\/wp\/v2\/sujet?post=42749"},{"taxonomy":"formation","embeddable":true,"href":"https:\/\/www.iemj.org\/es\/wp-json\/wp\/v2\/formation?post=42749"},{"taxonomy":"genre","embeddable":true,"href":"https:\/\/www.iemj.org\/es\/wp-json\/wp\/v2\/genre?post=42749"},{"taxonomy":"fonds","embeddable":true,"href":"https:\/\/www.iemj.org\/es\/wp-json\/wp\/v2\/fonds?post=42749"},{"taxonomy":"tradition","embeddable":true,"href":"https:\/\/www.iemj.org\/es\/wp-json\/wp\/v2\/tradition?post=42749"},{"taxonomy":"type-de-contenu","embeddable":true,"href":"https:\/\/www.iemj.org\/es\/wp-json\/wp\/v2\/type-de-contenu?post=42749"},{"taxonomy":"interprete-compositeur","embeddable":true,"href":"https:\/\/www.iemj.org\/es\/wp-json\/wp\/v2\/interprete-compositeur?post=42749"},{"taxonomy":"frise","embeddable":true,"href":"https:\/\/www.iemj.org\/es\/wp-json\/wp\/v2\/frise?post=42749"},{"taxonomy":"type-devenement","embeddable":true,"href":"https:\/\/www.iemj.org\/es\/wp-json\/wp\/v2\/type-devenement?post=42749"},{"taxonomy":"tableaux-liens-externes","embeddable":true,"href":"https:\/\/www.iemj.org\/es\/wp-json\/wp\/v2\/tableaux-liens-externes?post=42749"}],"curies":[{"name":"wp","href":"https:\/\/api.w.org\/{rel}","templated":true}]}}