{"id":42815,"date":"2020-09-17T12:07:10","date_gmt":"2020-09-17T10:07:10","guid":{"rendered":"https:\/\/www.iemj.org\/les-selihot-dans-le-rite-ashkenaze-de-lest\/"},"modified":"2024-02-16T17:28:23","modified_gmt":"2024-02-16T16:28:23","slug":"les-selihot-dans-le-rite-ashkenaze-de-lest","status":"publish","type":"post","link":"https:\/\/www.iemj.org\/es\/les-selihot-dans-le-rite-ashkenaze-de-lest\/","title":{"rendered":"Las selijot en el rito ashkenaz\u00ed oriental"},"content":{"rendered":"<p><strong>Una selecci\u00f3n de <em>selijot<\/em> interpretadas por Benzion Miller, Kwartin Zawel, Moshe Stern, Moshe Koussevitzky, Binyamin Unger y Avi Toledano<\/strong><\/p>\n<p><!--more--><\/p>\n<p>Las selijot son oraciones de arrepentimiento durante las cuales el devoto implora el perd\u00f3n de Dios por los pecados cometidos. Esta costumbre se basa en\u00a0<a href=\"https:\/\/en.wikipedia.org\/wiki\/Thirteen_Attributes_of_Mercy\" target=\"_blank\" rel=\"noopener\">los trece atributos de la misericordia<\/a>\u00a0que, seg\u00fan la tradici\u00f3n, fueron transmitidos por Dios a Mois\u00e9s (<em>\u00c9xodo<\/em>\u00a034, 6-7).<\/p>\n<p>Originalmente, las\u00a0<em>selijot<\/em>\u00a0se le\u00edan durante el servicio y el ayuno de Yom Kipur. Luego, esta costumbre se extendi\u00f3 a 10 d\u00edas (<em>yamim nora\u00edm<\/em>) entre Rosh Hashan\u00e1 y Kipur. Las comunidades ashkenaz\u00ed y jas\u00eddica recitan las\u00a0<em>selijot<\/em>\u00a0del s\u00e1bado por la noche anterior (al menos cuatro d\u00edas) de la fiesta de Rosh Hashan\u00e1. Las comunidades sefard\u00edes las leen al amanecer antes de las oraciones matutinas durante cuarenta d\u00edas, a partir del 1 de Elul.<\/p>\n<p>La siguiente lista de reproducci\u00f3n presenta una selecci\u00f3n de <em>selijot<\/em> en diferentes ritos de Europa del Este. El arte de la <em>jazanut<\/em>, ejemplificado en las voces de cantores m\u00edticos como Moshe Koussevitzky, Kwartin Zawel, Benzion Miller, Moshe Stern, etc., roza la interpretaci\u00f3n m\u00edstica, o m\u00e1s moderna, de las <em>selijot<\/em> en el esp\u00edritu jas\u00eddico.<\/p>\n<p><a href=\"https:\/\/www.iemj.org\/es\/les-selihot-%d7%a1%d7%9c%d7%99%d7%97%d7%95%d7%aa\/\" target=\"_blank\" rel=\"noopener\">Leer el art\u00edculo de fondo sobre las selijot<\/a><\/p>\n\n\n<figure class=\"wp-block-image size-large\"><img fetchpriority=\"high\" decoding=\"async\" width=\"1024\" height=\"146\" src=\"https:\/\/www.iemj.org\/wp-content\/uploads\/2023\/01\/Bandeau-Playlist_ES2-1024x146.jpg\" alt=\"\" class=\"wp-image-93117\" srcset=\"https:\/\/www.iemj.org\/wp-content\/uploads\/2023\/01\/Bandeau-Playlist_ES2-1024x146.jpg 1024w, https:\/\/www.iemj.org\/wp-content\/uploads\/2023\/01\/Bandeau-Playlist_ES2-300x43.jpg 300w, https:\/\/www.iemj.org\/wp-content\/uploads\/2023\/01\/Bandeau-Playlist_ES2-768x110.jpg 768w, https:\/\/www.iemj.org\/wp-content\/uploads\/2023\/01\/Bandeau-Playlist_ES2-1536x220.jpg 1536w, https:\/\/www.iemj.org\/wp-content\/uploads\/2023\/01\/Bandeau-Playlist_ES2-600x86.jpg 600w, https:\/\/www.iemj.org\/wp-content\/uploads\/2023\/01\/Bandeau-Playlist_ES2.jpg 1608w\" sizes=\"(max-width: 1024px) 100vw, 1024px\" \/><\/figure>\n\n\n\n<div class=\"wp-block-file\"><a id=\"wp-block-file--media-03ffe124-b571-45e0-8fa2-71deff070a7a\" href=\"https:\/\/www.iemj.org\/wp-content\/uploads\/2020\/09\/1_yotzer_ata_-_el_melekh_-_benzion_miller.mp3\">Yotzer ata &#8211; El melekh &#8211; Benzion Miller<\/a><\/div>\n\n\n\n<div class=\"wp-block-file\"><a id=\"wp-block-file--media-06af7c95-e6d8-40a4-94a1-c09c4af32378\" href=\"https:\/\/www.iemj.org\/wp-content\/uploads\/2020\/09\/2_anenu_-_zavel_kwartin.mp3\">Anenu &#8211; Zavel Kwartin<\/a><\/div>\n\n\n\n<div class=\"wp-block-file\"><a id=\"wp-block-file--media-52e81815-5566-45fd-8bf5-dda1796f4e9a\" href=\"https:\/\/www.iemj.org\/wp-content\/uploads\/2020\/09\/3_rachmono_donei_laniyei_aneino_-_moshe_koussevitzky.mp3\">Rachmono d&#8217;onei l&#8217;aniyei aneino &#8211; Moshe Koussevitzky<\/a><\/div>\n\n\n\n<div class=\"wp-block-file\"><a id=\"wp-block-file--media-a76d89a3-b6d3-477d-869b-8e59bce8c8f5\" href=\"https:\/\/www.iemj.org\/wp-content\/uploads\/2020\/09\/4_shma_koleinu_-_moshe_stern_extrait_.mp3\">Sh&#8217;ma koleinu &#8211; Moshe Stern EXTRAIT <\/a><\/div>\n\n\n\n<div class=\"wp-block-file\"><a id=\"wp-block-file--media-fbc1f505-0edd-4edb-9bb3-f48a6d8e58fe\" href=\"https:\/\/www.iemj.org\/wp-content\/uploads\/2020\/09\/5_aneinu_-_moshe_koussevitzky_extrait_.mp3\">Aneinu &#8211; Moshe Koussevitzky (EXTRAIT)<\/a><\/div>\n\n\n\n<div class=\"wp-block-file\"><a id=\"wp-block-file--media-c5acb31b-297e-4078-b5db-da5b49b18839\" href=\"https:\/\/www.iemj.org\/wp-content\/uploads\/2020\/09\/6_selah_lanou_mehol_lanou_extrait_.mp3\">Selah Lanou Mehol Lanou (EXTRAIT) <\/a><\/div>\n\n\n\n<div class=\"wp-block-file\"><a id=\"wp-block-file--media-4d454ccd-669d-48df-8c9b-1ee2f8d4f629\" href=\"https:\/\/www.iemj.org\/wp-content\/uploads\/2020\/09\/7_shomer_israel_-_binyamin_unger_extrait_.mp3\">Shomer Israel &#8211; Binyamin Unger (EXTRAIT)<\/a><\/div>\n\n\n\n<div class=\"wp-block-file\"><a id=\"wp-block-file--media-d488ad22-ac69-4643-992d-3f45e2be773b\" href=\"https:\/\/www.iemj.org\/wp-content\/uploads\/2020\/09\/8_shomer_israel_-_avi_toledano.mp3\">Shomer Israel &#8211; Avi Toledano<\/a><\/div>\n","protected":false},"excerpt":{"rendered":"<p>Una selecci\u00f3n de selijot interpretadas por Benzion Miller, Kwartin Zawel, Moshe Stern, Moshe Koussevitzky, Binyamin Unger y Avi Toledano<\/p>\n","protected":false},"author":1045,"featured_media":42816,"comment_status":"closed","ping_status":"closed","sticky":false,"template":"","format":"standard","meta":{"_acf_changed":false,"footnotes":""},"categories":[1535],"tags":[],"technique":[],"squelettes":[],"sujet":[],"formation":[],"genre":[1890],"fonds":[],"tradition":[1982],"type-de-contenu":[],"interprete-compositeur":[],"frise":[],"type-devenement":[],"tableaux-liens-externes":[],"class_list":["post-42815","post","type-post","status-publish","format-standard","has-post-thumbnail","hentry","category-listas-de-reproduccion-es","genre-liturgia-es","tradition-rito-ashkenazi-es"],"acf":[],"yoast_head":"<!-- This site is optimized with the Yoast SEO plugin v27.3 - https:\/\/yoast.com\/product\/yoast-seo-wordpress\/ -->\n<title>Las selijot en el rito ashkenaz\u00ed oriental - Institut Europ\u00e9en des Musiques Juives<\/title>\n<meta name=\"robots\" content=\"index, follow, max-snippet:-1, max-image-preview:large, max-video-preview:-1\" \/>\n<link rel=\"canonical\" href=\"https:\/\/www.iemj.org\/es\/les-selihot-dans-le-rite-ashkenaze-de-lest\/\" \/>\n<meta property=\"og:locale\" content=\"es_ES\" \/>\n<meta property=\"og:type\" content=\"article\" \/>\n<meta property=\"og:title\" content=\"Las selijot en el rito ashkenaz\u00ed oriental - Institut Europ\u00e9en des Musiques Juives\" \/>\n<meta property=\"og:description\" content=\"Una selecci\u00f3n de selijot interpretadas por Benzion Miller, Kwartin Zawel, Moshe Stern, Moshe Koussevitzky, Binyamin Unger y Avi Toledano\" \/>\n<meta property=\"og:url\" content=\"https:\/\/www.iemj.org\/es\/les-selihot-dans-le-rite-ashkenaze-de-lest\/\" \/>\n<meta property=\"og:site_name\" content=\"Institut Europ\u00e9en des Musiques Juives\" \/>\n<meta property=\"article:publisher\" content=\"https:\/\/www.facebook.com\/MusiquesJuives\/\" \/>\n<meta property=\"article:published_time\" content=\"2020-09-17T10:07:10+00:00\" \/>\n<meta property=\"article:modified_time\" content=\"2024-02-16T16:28:23+00:00\" \/>\n<meta property=\"og:image\" content=\"https:\/\/www.iemj.org\/wp-content\/uploads\/2020\/09\/arton4836.jpg\" \/>\n\t<meta property=\"og:image:width\" content=\"336\" \/>\n\t<meta property=\"og:image:height\" content=\"336\" \/>\n\t<meta property=\"og:image:type\" content=\"image\/jpeg\" \/>\n<meta name=\"author\" content=\"Herv\u00e9 Roten\" \/>\n<meta name=\"twitter:card\" content=\"summary_large_image\" \/>\n<meta name=\"twitter:label1\" content=\"Escrito por\" \/>\n\t<meta name=\"twitter:data1\" content=\"Herv\u00e9 Roten\" \/>\n\t<meta name=\"twitter:label2\" content=\"Tiempo de lectura\" \/>\n\t<meta name=\"twitter:data2\" content=\"2 minutos\" \/>\n<script type=\"application\/ld+json\" class=\"yoast-schema-graph\">{\"@context\":\"https:\\\/\\\/schema.org\",\"@graph\":[{\"@type\":\"Article\",\"@id\":\"https:\\\/\\\/www.iemj.org\\\/es\\\/les-selihot-dans-le-rite-ashkenaze-de-lest\\\/#article\",\"isPartOf\":{\"@id\":\"https:\\\/\\\/www.iemj.org\\\/es\\\/les-selihot-dans-le-rite-ashkenaze-de-lest\\\/\"},\"author\":{\"name\":\"Herv\u00e9 Roten\",\"@id\":\"https:\\\/\\\/www.iemj.org\\\/es\\\/#\\\/schema\\\/person\\\/906134402c29d5c76e7b726261dd4bbd\"},\"headline\":\"Las selijot en el rito ashkenaz\u00ed oriental\",\"datePublished\":\"2020-09-17T10:07:10+00:00\",\"dateModified\":\"2024-02-16T16:28:23+00:00\",\"mainEntityOfPage\":{\"@id\":\"https:\\\/\\\/www.iemj.org\\\/es\\\/les-selihot-dans-le-rite-ashkenaze-de-lest\\\/\"},\"wordCount\":273,\"publisher\":{\"@id\":\"https:\\\/\\\/www.iemj.org\\\/es\\\/#organization\"},\"image\":{\"@id\":\"https:\\\/\\\/www.iemj.org\\\/es\\\/les-selihot-dans-le-rite-ashkenaze-de-lest\\\/#primaryimage\"},\"thumbnailUrl\":\"https:\\\/\\\/www.iemj.org\\\/wp-content\\\/uploads\\\/2020\\\/09\\\/arton4836.jpg\",\"articleSection\":[\"Listas de reproducci\u00f3n\"],\"inLanguage\":\"es\"},{\"@type\":\"WebPage\",\"@id\":\"https:\\\/\\\/www.iemj.org\\\/es\\\/les-selihot-dans-le-rite-ashkenaze-de-lest\\\/\",\"url\":\"https:\\\/\\\/www.iemj.org\\\/es\\\/les-selihot-dans-le-rite-ashkenaze-de-lest\\\/\",\"name\":\"Las selijot en el rito ashkenaz\u00ed oriental - Institut Europ\u00e9en des Musiques Juives\",\"isPartOf\":{\"@id\":\"https:\\\/\\\/www.iemj.org\\\/es\\\/#website\"},\"primaryImageOfPage\":{\"@id\":\"https:\\\/\\\/www.iemj.org\\\/es\\\/les-selihot-dans-le-rite-ashkenaze-de-lest\\\/#primaryimage\"},\"image\":{\"@id\":\"https:\\\/\\\/www.iemj.org\\\/es\\\/les-selihot-dans-le-rite-ashkenaze-de-lest\\\/#primaryimage\"},\"thumbnailUrl\":\"https:\\\/\\\/www.iemj.org\\\/wp-content\\\/uploads\\\/2020\\\/09\\\/arton4836.jpg\",\"datePublished\":\"2020-09-17T10:07:10+00:00\",\"dateModified\":\"2024-02-16T16:28:23+00:00\",\"breadcrumb\":{\"@id\":\"https:\\\/\\\/www.iemj.org\\\/es\\\/les-selihot-dans-le-rite-ashkenaze-de-lest\\\/#breadcrumb\"},\"inLanguage\":\"es\",\"potentialAction\":[{\"@type\":\"ReadAction\",\"target\":[\"https:\\\/\\\/www.iemj.org\\\/es\\\/les-selihot-dans-le-rite-ashkenaze-de-lest\\\/\"]}]},{\"@type\":\"ImageObject\",\"inLanguage\":\"es\",\"@id\":\"https:\\\/\\\/www.iemj.org\\\/es\\\/les-selihot-dans-le-rite-ashkenaze-de-lest\\\/#primaryimage\",\"url\":\"https:\\\/\\\/www.iemj.org\\\/wp-content\\\/uploads\\\/2020\\\/09\\\/arton4836.jpg\",\"contentUrl\":\"https:\\\/\\\/www.iemj.org\\\/wp-content\\\/uploads\\\/2020\\\/09\\\/arton4836.jpg\",\"width\":336,\"height\":336},{\"@type\":\"BreadcrumbList\",\"@id\":\"https:\\\/\\\/www.iemj.org\\\/es\\\/les-selihot-dans-le-rite-ashkenaze-de-lest\\\/#breadcrumb\",\"itemListElement\":[{\"@type\":\"ListItem\",\"position\":1,\"name\":\"Accueil\",\"item\":\"https:\\\/\\\/www.iemj.org\\\/es\\\/\"},{\"@type\":\"ListItem\",\"position\":2,\"name\":\"Las selijot en el rito ashkenaz\u00ed oriental\"}]},{\"@type\":\"WebSite\",\"@id\":\"https:\\\/\\\/www.iemj.org\\\/es\\\/#website\",\"url\":\"https:\\\/\\\/www.iemj.org\\\/es\\\/\",\"name\":\"Institut Europ\u00e9en des Musiques Juives\",\"description\":\"Des traditions musicales \u00e0 la port\u00e9e de tous\",\"publisher\":{\"@id\":\"https:\\\/\\\/www.iemj.org\\\/es\\\/#organization\"},\"potentialAction\":[{\"@type\":\"SearchAction\",\"target\":{\"@type\":\"EntryPoint\",\"urlTemplate\":\"https:\\\/\\\/www.iemj.org\\\/es\\\/?s={search_term_string}\"},\"query-input\":{\"@type\":\"PropertyValueSpecification\",\"valueRequired\":true,\"valueName\":\"search_term_string\"}}],\"inLanguage\":\"es\"},{\"@type\":\"Organization\",\"@id\":\"https:\\\/\\\/www.iemj.org\\\/es\\\/#organization\",\"name\":\"Institut Europ\u00e9en des Musiques Juives\",\"url\":\"https:\\\/\\\/www.iemj.org\\\/es\\\/\",\"logo\":{\"@type\":\"ImageObject\",\"inLanguage\":\"es\",\"@id\":\"https:\\\/\\\/www.iemj.org\\\/es\\\/#\\\/schema\\\/logo\\\/image\\\/\",\"url\":\"https:\\\/\\\/www.iemj.org\\\/wp-content\\\/uploads\\\/2021\\\/09\\\/Logo-IEMJ-Paypal.jpg\",\"contentUrl\":\"https:\\\/\\\/www.iemj.org\\\/wp-content\\\/uploads\\\/2021\\\/09\\\/Logo-IEMJ-Paypal.jpg\",\"width\":150,\"height\":50,\"caption\":\"Institut Europ\u00e9en des Musiques Juives\"},\"image\":{\"@id\":\"https:\\\/\\\/www.iemj.org\\\/es\\\/#\\\/schema\\\/logo\\\/image\\\/\"},\"sameAs\":[\"https:\\\/\\\/www.facebook.com\\\/MusiquesJuives\\\/\",\"https:\\\/\\\/www.instagram.com\\\/musiquesjuives\\\/\",\"https:\\\/\\\/www.youtube.com\\\/user\\\/musiquesjuives\"]},{\"@type\":\"Person\",\"@id\":\"https:\\\/\\\/www.iemj.org\\\/es\\\/#\\\/schema\\\/person\\\/906134402c29d5c76e7b726261dd4bbd\",\"name\":\"Herv\u00e9 Roten\",\"image\":{\"@type\":\"ImageObject\",\"inLanguage\":\"es\",\"@id\":\"https:\\\/\\\/secure.gravatar.com\\\/avatar\\\/f96ad2db538a26481f18384936b5cd0610c92d390c4dc382209216d455f685ff?s=96&d=mm&r=g\",\"url\":\"https:\\\/\\\/secure.gravatar.com\\\/avatar\\\/f96ad2db538a26481f18384936b5cd0610c92d390c4dc382209216d455f685ff?s=96&d=mm&r=g\",\"contentUrl\":\"https:\\\/\\\/secure.gravatar.com\\\/avatar\\\/f96ad2db538a26481f18384936b5cd0610c92d390c4dc382209216d455f685ff?s=96&d=mm&r=g\",\"caption\":\"Herv\u00e9 Roten\"}}]}<\/script>\n<!-- \/ Yoast SEO plugin. -->","yoast_head_json":{"title":"Las selijot en el rito ashkenaz\u00ed oriental - Institut Europ\u00e9en des Musiques Juives","robots":{"index":"index","follow":"follow","max-snippet":"max-snippet:-1","max-image-preview":"max-image-preview:large","max-video-preview":"max-video-preview:-1"},"canonical":"https:\/\/www.iemj.org\/es\/les-selihot-dans-le-rite-ashkenaze-de-lest\/","og_locale":"es_ES","og_type":"article","og_title":"Las selijot en el rito ashkenaz\u00ed oriental - Institut Europ\u00e9en des Musiques Juives","og_description":"Una selecci\u00f3n de selijot interpretadas por Benzion Miller, Kwartin Zawel, Moshe Stern, Moshe Koussevitzky, Binyamin Unger y Avi Toledano","og_url":"https:\/\/www.iemj.org\/es\/les-selihot-dans-le-rite-ashkenaze-de-lest\/","og_site_name":"Institut Europ\u00e9en des Musiques Juives","article_publisher":"https:\/\/www.facebook.com\/MusiquesJuives\/","article_published_time":"2020-09-17T10:07:10+00:00","article_modified_time":"2024-02-16T16:28:23+00:00","og_image":[{"width":336,"height":336,"url":"https:\/\/www.iemj.org\/wp-content\/uploads\/2020\/09\/arton4836.jpg","type":"image\/jpeg"}],"author":"Herv\u00e9 Roten","twitter_card":"summary_large_image","twitter_misc":{"Escrito por":"Herv\u00e9 Roten","Tiempo de lectura":"2 minutos"},"schema":{"@context":"https:\/\/schema.org","@graph":[{"@type":"Article","@id":"https:\/\/www.iemj.org\/es\/les-selihot-dans-le-rite-ashkenaze-de-lest\/#article","isPartOf":{"@id":"https:\/\/www.iemj.org\/es\/les-selihot-dans-le-rite-ashkenaze-de-lest\/"},"author":{"name":"Herv\u00e9 Roten","@id":"https:\/\/www.iemj.org\/es\/#\/schema\/person\/906134402c29d5c76e7b726261dd4bbd"},"headline":"Las selijot en el rito ashkenaz\u00ed oriental","datePublished":"2020-09-17T10:07:10+00:00","dateModified":"2024-02-16T16:28:23+00:00","mainEntityOfPage":{"@id":"https:\/\/www.iemj.org\/es\/les-selihot-dans-le-rite-ashkenaze-de-lest\/"},"wordCount":273,"publisher":{"@id":"https:\/\/www.iemj.org\/es\/#organization"},"image":{"@id":"https:\/\/www.iemj.org\/es\/les-selihot-dans-le-rite-ashkenaze-de-lest\/#primaryimage"},"thumbnailUrl":"https:\/\/www.iemj.org\/wp-content\/uploads\/2020\/09\/arton4836.jpg","articleSection":["Listas de reproducci\u00f3n"],"inLanguage":"es"},{"@type":"WebPage","@id":"https:\/\/www.iemj.org\/es\/les-selihot-dans-le-rite-ashkenaze-de-lest\/","url":"https:\/\/www.iemj.org\/es\/les-selihot-dans-le-rite-ashkenaze-de-lest\/","name":"Las selijot en el rito ashkenaz\u00ed oriental - Institut Europ\u00e9en des Musiques Juives","isPartOf":{"@id":"https:\/\/www.iemj.org\/es\/#website"},"primaryImageOfPage":{"@id":"https:\/\/www.iemj.org\/es\/les-selihot-dans-le-rite-ashkenaze-de-lest\/#primaryimage"},"image":{"@id":"https:\/\/www.iemj.org\/es\/les-selihot-dans-le-rite-ashkenaze-de-lest\/#primaryimage"},"thumbnailUrl":"https:\/\/www.iemj.org\/wp-content\/uploads\/2020\/09\/arton4836.jpg","datePublished":"2020-09-17T10:07:10+00:00","dateModified":"2024-02-16T16:28:23+00:00","breadcrumb":{"@id":"https:\/\/www.iemj.org\/es\/les-selihot-dans-le-rite-ashkenaze-de-lest\/#breadcrumb"},"inLanguage":"es","potentialAction":[{"@type":"ReadAction","target":["https:\/\/www.iemj.org\/es\/les-selihot-dans-le-rite-ashkenaze-de-lest\/"]}]},{"@type":"ImageObject","inLanguage":"es","@id":"https:\/\/www.iemj.org\/es\/les-selihot-dans-le-rite-ashkenaze-de-lest\/#primaryimage","url":"https:\/\/www.iemj.org\/wp-content\/uploads\/2020\/09\/arton4836.jpg","contentUrl":"https:\/\/www.iemj.org\/wp-content\/uploads\/2020\/09\/arton4836.jpg","width":336,"height":336},{"@type":"BreadcrumbList","@id":"https:\/\/www.iemj.org\/es\/les-selihot-dans-le-rite-ashkenaze-de-lest\/#breadcrumb","itemListElement":[{"@type":"ListItem","position":1,"name":"Accueil","item":"https:\/\/www.iemj.org\/es\/"},{"@type":"ListItem","position":2,"name":"Las selijot en el rito ashkenaz\u00ed oriental"}]},{"@type":"WebSite","@id":"https:\/\/www.iemj.org\/es\/#website","url":"https:\/\/www.iemj.org\/es\/","name":"Institut Europ\u00e9en des Musiques Juives","description":"Des traditions musicales \u00e0 la port\u00e9e de tous","publisher":{"@id":"https:\/\/www.iemj.org\/es\/#organization"},"potentialAction":[{"@type":"SearchAction","target":{"@type":"EntryPoint","urlTemplate":"https:\/\/www.iemj.org\/es\/?s={search_term_string}"},"query-input":{"@type":"PropertyValueSpecification","valueRequired":true,"valueName":"search_term_string"}}],"inLanguage":"es"},{"@type":"Organization","@id":"https:\/\/www.iemj.org\/es\/#organization","name":"Institut Europ\u00e9en des Musiques Juives","url":"https:\/\/www.iemj.org\/es\/","logo":{"@type":"ImageObject","inLanguage":"es","@id":"https:\/\/www.iemj.org\/es\/#\/schema\/logo\/image\/","url":"https:\/\/www.iemj.org\/wp-content\/uploads\/2021\/09\/Logo-IEMJ-Paypal.jpg","contentUrl":"https:\/\/www.iemj.org\/wp-content\/uploads\/2021\/09\/Logo-IEMJ-Paypal.jpg","width":150,"height":50,"caption":"Institut Europ\u00e9en des Musiques Juives"},"image":{"@id":"https:\/\/www.iemj.org\/es\/#\/schema\/logo\/image\/"},"sameAs":["https:\/\/www.facebook.com\/MusiquesJuives\/","https:\/\/www.instagram.com\/musiquesjuives\/","https:\/\/www.youtube.com\/user\/musiquesjuives"]},{"@type":"Person","@id":"https:\/\/www.iemj.org\/es\/#\/schema\/person\/906134402c29d5c76e7b726261dd4bbd","name":"Herv\u00e9 Roten","image":{"@type":"ImageObject","inLanguage":"es","@id":"https:\/\/secure.gravatar.com\/avatar\/f96ad2db538a26481f18384936b5cd0610c92d390c4dc382209216d455f685ff?s=96&d=mm&r=g","url":"https:\/\/secure.gravatar.com\/avatar\/f96ad2db538a26481f18384936b5cd0610c92d390c4dc382209216d455f685ff?s=96&d=mm&r=g","contentUrl":"https:\/\/secure.gravatar.com\/avatar\/f96ad2db538a26481f18384936b5cd0610c92d390c4dc382209216d455f685ff?s=96&d=mm&r=g","caption":"Herv\u00e9 Roten"}}]}},"_links":{"self":[{"href":"https:\/\/www.iemj.org\/es\/wp-json\/wp\/v2\/posts\/42815","targetHints":{"allow":["GET"]}}],"collection":[{"href":"https:\/\/www.iemj.org\/es\/wp-json\/wp\/v2\/posts"}],"about":[{"href":"https:\/\/www.iemj.org\/es\/wp-json\/wp\/v2\/types\/post"}],"author":[{"embeddable":true,"href":"https:\/\/www.iemj.org\/es\/wp-json\/wp\/v2\/users\/1045"}],"replies":[{"embeddable":true,"href":"https:\/\/www.iemj.org\/es\/wp-json\/wp\/v2\/comments?post=42815"}],"version-history":[{"count":0,"href":"https:\/\/www.iemj.org\/es\/wp-json\/wp\/v2\/posts\/42815\/revisions"}],"wp:featuredmedia":[{"embeddable":true,"href":"https:\/\/www.iemj.org\/es\/wp-json\/wp\/v2\/media\/42816"}],"wp:attachment":[{"href":"https:\/\/www.iemj.org\/es\/wp-json\/wp\/v2\/media?parent=42815"}],"wp:term":[{"taxonomy":"category","embeddable":true,"href":"https:\/\/www.iemj.org\/es\/wp-json\/wp\/v2\/categories?post=42815"},{"taxonomy":"post_tag","embeddable":true,"href":"https:\/\/www.iemj.org\/es\/wp-json\/wp\/v2\/tags?post=42815"},{"taxonomy":"technique","embeddable":true,"href":"https:\/\/www.iemj.org\/es\/wp-json\/wp\/v2\/technique?post=42815"},{"taxonomy":"squelettes","embeddable":true,"href":"https:\/\/www.iemj.org\/es\/wp-json\/wp\/v2\/squelettes?post=42815"},{"taxonomy":"sujet","embeddable":true,"href":"https:\/\/www.iemj.org\/es\/wp-json\/wp\/v2\/sujet?post=42815"},{"taxonomy":"formation","embeddable":true,"href":"https:\/\/www.iemj.org\/es\/wp-json\/wp\/v2\/formation?post=42815"},{"taxonomy":"genre","embeddable":true,"href":"https:\/\/www.iemj.org\/es\/wp-json\/wp\/v2\/genre?post=42815"},{"taxonomy":"fonds","embeddable":true,"href":"https:\/\/www.iemj.org\/es\/wp-json\/wp\/v2\/fonds?post=42815"},{"taxonomy":"tradition","embeddable":true,"href":"https:\/\/www.iemj.org\/es\/wp-json\/wp\/v2\/tradition?post=42815"},{"taxonomy":"type-de-contenu","embeddable":true,"href":"https:\/\/www.iemj.org\/es\/wp-json\/wp\/v2\/type-de-contenu?post=42815"},{"taxonomy":"interprete-compositeur","embeddable":true,"href":"https:\/\/www.iemj.org\/es\/wp-json\/wp\/v2\/interprete-compositeur?post=42815"},{"taxonomy":"frise","embeddable":true,"href":"https:\/\/www.iemj.org\/es\/wp-json\/wp\/v2\/frise?post=42815"},{"taxonomy":"type-devenement","embeddable":true,"href":"https:\/\/www.iemj.org\/es\/wp-json\/wp\/v2\/type-devenement?post=42815"},{"taxonomy":"tableaux-liens-externes","embeddable":true,"href":"https:\/\/www.iemj.org\/es\/wp-json\/wp\/v2\/tableaux-liens-externes?post=42815"}],"curies":[{"name":"wp","href":"https:\/\/api.w.org\/{rel}","templated":true}]}}