{"id":42888,"date":"2020-09-09T15:01:22","date_gmt":"2020-09-09T13:01:22","guid":{"rendered":"https:\/\/www.iemj.org\/les-selihot-dans-le-rite-ashkenaze-de-louest\/"},"modified":"2025-04-17T11:54:46","modified_gmt":"2025-04-17T09:54:46","slug":"les-selihot-dans-le-rite-ashkenaze-de-louest","status":"publish","type":"post","link":"https:\/\/www.iemj.org\/es\/les-selihot-dans-le-rite-ashkenaze-de-louest\/","title":{"rendered":"Las selijot en el rito ashkenaz\u00ed de Occidente"},"content":{"rendered":"<p><strong>Una selecci\u00f3n de <em>selijot<\/em> interpretadas por Adolphe Attia, Joseph Borin, Michel Heymann, Emile Ka\u00e7mann y Max Warchawski<\/strong><\/p>\n<p><!--more--><\/p>\n<p>Las <em>selijot<\/em> son oraciones de arrepentimiento durante las cuales el devoto implora el perd\u00f3n de Dios por los pecados cometidos. Esta costumbre se basa en\u00a0<a href=\"https:\/\/en.wikipedia.org\/wiki\/Thirteen_Attributes_of_Mercy\" target=\"_blank\" rel=\"noopener\">los trece atributos de la misericordia<\/a>\u00a0que, seg\u00fan la tradici\u00f3n, fueron transmitidos por Dios a Mois\u00e9s (<em>\u00c9xodo<\/em>\u00a034, 6-7).<\/p>\n<p>Originalmente, las\u00a0<em>selijot<\/em>\u00a0se le\u00edan durante el servicio y el ayuno de Yom Kipur. Luego, esta costumbre se extendi\u00f3 a 10 d\u00edas (<em>yamim nora\u00edm<\/em>) entre Rosh Hashan\u00e1 y Kipur. Las comunidades ashkenaz\u00ed y jas\u00eddica recitan las\u00a0<em>selijot<\/em>\u00a0del s\u00e1bado por la noche anterior (al menos cuatro d\u00edas) de la fiesta de Rosh Hashan\u00e1. Las comunidades sefard\u00edes las leen al amanecer antes de las oraciones matutinas durante cuarenta d\u00edas, a partir del 1 de Elul.<\/p>\n<p>La siguiente lista de reproducci\u00f3n presenta una selecci\u00f3n de <em>selijot<\/em> cantadas principalmente en las comunidades ashkenaz\u00edes de Alsacia-Lorena (<a href=\"http:\/\/www.judaisme-alsalor.fr\/histoire\/rabbins\/hazanim\/borin.htm\" target=\"_blank\" rel=\"noopener\">Joseph Borin<\/a>, <a href=\"https:\/\/www.iemj.org\/es\/heymann-michel-1952\/\" target=\"_blank\" rel=\"noopener\">Michel Heymann<\/a>, Max Warchawski) y de Par\u00eds (<a href=\"https:\/\/www.iemj.org\/es\/attia-adolphe-1937\/\" target=\"_blank\" rel=\"noopener\">Adolphe Attia<\/a>, <a href=\"https:\/\/fr.wikipedia.org\/wiki\/%C3%89mile_Ka%C3%A7mann\">Emile Ka\u00e7mann<\/a>). Hay grabaciones de campo, de estudio de canto lit\u00fargico y conciertos. En la \u00faltima categor\u00eda, los cantantes se benefician del acompa\u00f1amiento instrumental que generalmente est\u00e1 ausente de las ceremonias religiosas en las sinagogas ortodoxas.<\/p>\n<ul>\n<li><a href=\"https:\/\/www.iemj.org\/es\/les-selihot-%d7%a1%d7%9c%d7%99%d7%97%d7%95%d7%aa\/\" target=\"_blank\" rel=\"noopener\">Leer el art\u00edculo de fondo sobre las selijot<\/a><\/li>\n<\/ul>\n\n\n<figure class=\"wp-block-image size-large\"><img fetchpriority=\"high\" decoding=\"async\" width=\"1024\" height=\"146\" src=\"https:\/\/www.iemj.org\/wp-content\/uploads\/2023\/01\/Bandeau-Playlist_ES2-1024x146.jpg\" alt=\"\" class=\"wp-image-93117\" srcset=\"https:\/\/www.iemj.org\/wp-content\/uploads\/2023\/01\/Bandeau-Playlist_ES2-1024x146.jpg 1024w, https:\/\/www.iemj.org\/wp-content\/uploads\/2023\/01\/Bandeau-Playlist_ES2-300x43.jpg 300w, https:\/\/www.iemj.org\/wp-content\/uploads\/2023\/01\/Bandeau-Playlist_ES2-768x110.jpg 768w, https:\/\/www.iemj.org\/wp-content\/uploads\/2023\/01\/Bandeau-Playlist_ES2-1536x220.jpg 1536w, https:\/\/www.iemj.org\/wp-content\/uploads\/2023\/01\/Bandeau-Playlist_ES2-600x86.jpg 600w, https:\/\/www.iemj.org\/wp-content\/uploads\/2023\/01\/Bandeau-Playlist_ES2.jpg 1608w\" sizes=\"(max-width: 1024px) 100vw, 1024px\" \/><\/figure>\n\n\n\n<div class=\"wp-block-file\"><a id=\"wp-block-file--media-afe8349a-1e2b-4b97-98da-e1343cc8ef3c\" href=\"https:\/\/www.iemj.org\/wp-content\/uploads\/2020\/09\/02_anenou_max_warchawski_strasbourg_.mp3\">Anenou &#8211; Max Warchawski (Strasbourg)<\/a><\/div>\n\n\n\n<div class=\"wp-block-file\"><a id=\"wp-block-file--media-e6fbd8a9-0f84-434c-b8b5-b84817490c5a\" href=\"https:\/\/www.iemj.org\/wp-content\/uploads\/2020\/09\/03_ben_adam_emile_kacmann_paris_.mp3\">Ben Adam &#8211; Emile Kacmann (Paris)<\/a><\/div>\n\n\n\n<div class=\"wp-block-file\"><a id=\"wp-block-file--media-97e7f0fd-11ff-4ac6-8730-3ca6030d8c7b\" href=\"https:\/\/www.iemj.org\/wp-content\/uploads\/2025\/04\/04_shomer_israel_metz__extrait.mp3\">Shomer Israel (Metz) (EXTRAIT)<\/a><\/div>\n\n\n\n<div class=\"wp-block-file\"><a id=\"wp-block-file--media-0ddcdfa5-ae91-40a1-8273-fe44c03c3bf1\" href=\"https:\/\/www.iemj.org\/wp-content\/uploads\/2020\/09\/05_kel_melekh_yochev_al_kisse_rahamim_michel_heymann_strasbourg_.mp3\">Kel melekh yochev al kisse rahamimv &#8211; Michel Heymann (Strasbourg)<\/a><\/div>\n\n\n\n<div class=\"wp-block-file\"><a id=\"wp-block-file--media-c53d419d-4af2-4827-abdc-bcd7bccf6181\" href=\"https:\/\/www.iemj.org\/wp-content\/uploads\/2020\/09\/06_selihot_shlishya-shnya-akeda-shofet_kol_haarets-adolphe_attia_paris_.mp3\">Selihot Shlishya &#8211; Shnya &#8211; Akeda &#8211; Shofet kol haarets &#8211; Adolphe Attia (Paris)<\/a><\/div>\n\n\n\n<div class=\"wp-block-file\"><a id=\"wp-block-file--media-09d6b301-7f8f-4456-9827-d1c990c0f8f6\" href=\"https:\/\/www.iemj.org\/wp-content\/uploads\/2020\/09\/07_al_tachli_henou_joseph_borin_strasbourg_.mp3\">Al tachli&#8217;henou &#8211; Joseph Borin (Strasbourg)<\/a><\/div>\n","protected":false},"excerpt":{"rendered":"<p>Una selecci\u00f3n de selijot interpretadas por Adolphe Attia, Joseph Borin, Michel Heymann, Emile Ka\u00e7mann y Max Warchawski<\/p>\n","protected":false},"author":1045,"featured_media":42889,"comment_status":"closed","ping_status":"closed","sticky":false,"template":"","format":"standard","meta":{"_acf_changed":false,"footnotes":""},"categories":[1535],"tags":[],"technique":[],"squelettes":[],"sujet":[2101,1758],"formation":[],"genre":[1890],"fonds":[],"tradition":[1982],"type-de-contenu":[],"interprete-compositeur":[],"frise":[],"type-devenement":[],"tableaux-liens-externes":[],"class_list":["post-42888","post","type-post","status-publish","format-standard","has-post-thumbnail","hentry","category-listas-de-reproduccion-es","sujet-alsacia-lorena-es","sujet-yom-kippur-es","genre-liturgia-es","tradition-rito-ashkenazi-es"],"acf":[],"yoast_head":"<!-- This site is optimized with the Yoast SEO plugin v27.3 - https:\/\/yoast.com\/product\/yoast-seo-wordpress\/ -->\n<title>Las selijot en el rito ashkenaz\u00ed de Occidente - Institut Europ\u00e9en des Musiques Juives<\/title>\n<meta name=\"robots\" content=\"index, follow, max-snippet:-1, max-image-preview:large, max-video-preview:-1\" \/>\n<link rel=\"canonical\" href=\"https:\/\/www.iemj.org\/es\/les-selihot-dans-le-rite-ashkenaze-de-louest\/\" \/>\n<meta property=\"og:locale\" content=\"es_ES\" \/>\n<meta property=\"og:type\" content=\"article\" \/>\n<meta property=\"og:title\" content=\"Las selijot en el rito ashkenaz\u00ed de Occidente - Institut Europ\u00e9en des Musiques Juives\" \/>\n<meta property=\"og:description\" content=\"Una selecci\u00f3n de selijot interpretadas por Adolphe Attia, Joseph Borin, Michel Heymann, Emile Ka\u00e7mann y Max Warchawski\" \/>\n<meta property=\"og:url\" content=\"https:\/\/www.iemj.org\/es\/les-selihot-dans-le-rite-ashkenaze-de-louest\/\" \/>\n<meta property=\"og:site_name\" content=\"Institut Europ\u00e9en des Musiques Juives\" \/>\n<meta property=\"article:publisher\" content=\"https:\/\/www.facebook.com\/MusiquesJuives\/\" \/>\n<meta property=\"article:published_time\" content=\"2020-09-09T13:01:22+00:00\" \/>\n<meta property=\"article:modified_time\" content=\"2025-04-17T09:54:46+00:00\" \/>\n<meta property=\"og:image\" content=\"https:\/\/www.iemj.org\/wp-content\/uploads\/2020\/09\/arton4825.jpg\" \/>\n\t<meta property=\"og:image:width\" content=\"336\" \/>\n\t<meta property=\"og:image:height\" content=\"336\" \/>\n\t<meta property=\"og:image:type\" content=\"image\/jpeg\" \/>\n<meta name=\"author\" content=\"Herv\u00e9 Roten\" \/>\n<meta name=\"twitter:card\" content=\"summary_large_image\" \/>\n<meta name=\"twitter:label1\" content=\"Escrito por\" \/>\n\t<meta name=\"twitter:data1\" content=\"Herv\u00e9 Roten\" \/>\n\t<meta name=\"twitter:label2\" content=\"Tiempo de lectura\" \/>\n\t<meta name=\"twitter:data2\" content=\"2 minutos\" \/>\n<script type=\"application\/ld+json\" class=\"yoast-schema-graph\">{\"@context\":\"https:\\\/\\\/schema.org\",\"@graph\":[{\"@type\":\"Article\",\"@id\":\"https:\\\/\\\/www.iemj.org\\\/es\\\/les-selihot-dans-le-rite-ashkenaze-de-louest\\\/#article\",\"isPartOf\":{\"@id\":\"https:\\\/\\\/www.iemj.org\\\/es\\\/les-selihot-dans-le-rite-ashkenaze-de-louest\\\/\"},\"author\":{\"name\":\"Herv\u00e9 Roten\",\"@id\":\"https:\\\/\\\/www.iemj.org\\\/es\\\/#\\\/schema\\\/person\\\/906134402c29d5c76e7b726261dd4bbd\"},\"headline\":\"Las selijot en el rito ashkenaz\u00ed de Occidente\",\"datePublished\":\"2020-09-09T13:01:22+00:00\",\"dateModified\":\"2025-04-17T09:54:46+00:00\",\"mainEntityOfPage\":{\"@id\":\"https:\\\/\\\/www.iemj.org\\\/es\\\/les-selihot-dans-le-rite-ashkenaze-de-louest\\\/\"},\"wordCount\":282,\"publisher\":{\"@id\":\"https:\\\/\\\/www.iemj.org\\\/es\\\/#organization\"},\"image\":{\"@id\":\"https:\\\/\\\/www.iemj.org\\\/es\\\/les-selihot-dans-le-rite-ashkenaze-de-louest\\\/#primaryimage\"},\"thumbnailUrl\":\"https:\\\/\\\/www.iemj.org\\\/wp-content\\\/uploads\\\/2020\\\/09\\\/arton4825.jpg\",\"articleSection\":[\"Listas de reproducci\u00f3n\"],\"inLanguage\":\"es\"},{\"@type\":\"WebPage\",\"@id\":\"https:\\\/\\\/www.iemj.org\\\/es\\\/les-selihot-dans-le-rite-ashkenaze-de-louest\\\/\",\"url\":\"https:\\\/\\\/www.iemj.org\\\/es\\\/les-selihot-dans-le-rite-ashkenaze-de-louest\\\/\",\"name\":\"Las selijot en el rito ashkenaz\u00ed de Occidente - Institut Europ\u00e9en des Musiques Juives\",\"isPartOf\":{\"@id\":\"https:\\\/\\\/www.iemj.org\\\/es\\\/#website\"},\"primaryImageOfPage\":{\"@id\":\"https:\\\/\\\/www.iemj.org\\\/es\\\/les-selihot-dans-le-rite-ashkenaze-de-louest\\\/#primaryimage\"},\"image\":{\"@id\":\"https:\\\/\\\/www.iemj.org\\\/es\\\/les-selihot-dans-le-rite-ashkenaze-de-louest\\\/#primaryimage\"},\"thumbnailUrl\":\"https:\\\/\\\/www.iemj.org\\\/wp-content\\\/uploads\\\/2020\\\/09\\\/arton4825.jpg\",\"datePublished\":\"2020-09-09T13:01:22+00:00\",\"dateModified\":\"2025-04-17T09:54:46+00:00\",\"breadcrumb\":{\"@id\":\"https:\\\/\\\/www.iemj.org\\\/es\\\/les-selihot-dans-le-rite-ashkenaze-de-louest\\\/#breadcrumb\"},\"inLanguage\":\"es\",\"potentialAction\":[{\"@type\":\"ReadAction\",\"target\":[\"https:\\\/\\\/www.iemj.org\\\/es\\\/les-selihot-dans-le-rite-ashkenaze-de-louest\\\/\"]}]},{\"@type\":\"ImageObject\",\"inLanguage\":\"es\",\"@id\":\"https:\\\/\\\/www.iemj.org\\\/es\\\/les-selihot-dans-le-rite-ashkenaze-de-louest\\\/#primaryimage\",\"url\":\"https:\\\/\\\/www.iemj.org\\\/wp-content\\\/uploads\\\/2020\\\/09\\\/arton4825.jpg\",\"contentUrl\":\"https:\\\/\\\/www.iemj.org\\\/wp-content\\\/uploads\\\/2020\\\/09\\\/arton4825.jpg\",\"width\":336,\"height\":336},{\"@type\":\"BreadcrumbList\",\"@id\":\"https:\\\/\\\/www.iemj.org\\\/es\\\/les-selihot-dans-le-rite-ashkenaze-de-louest\\\/#breadcrumb\",\"itemListElement\":[{\"@type\":\"ListItem\",\"position\":1,\"name\":\"Accueil\",\"item\":\"https:\\\/\\\/www.iemj.org\\\/es\\\/\"},{\"@type\":\"ListItem\",\"position\":2,\"name\":\"Las selijot en el rito ashkenaz\u00ed de Occidente\"}]},{\"@type\":\"WebSite\",\"@id\":\"https:\\\/\\\/www.iemj.org\\\/es\\\/#website\",\"url\":\"https:\\\/\\\/www.iemj.org\\\/es\\\/\",\"name\":\"Institut Europ\u00e9en des Musiques Juives\",\"description\":\"Des traditions musicales \u00e0 la port\u00e9e de tous\",\"publisher\":{\"@id\":\"https:\\\/\\\/www.iemj.org\\\/es\\\/#organization\"},\"potentialAction\":[{\"@type\":\"SearchAction\",\"target\":{\"@type\":\"EntryPoint\",\"urlTemplate\":\"https:\\\/\\\/www.iemj.org\\\/es\\\/?s={search_term_string}\"},\"query-input\":{\"@type\":\"PropertyValueSpecification\",\"valueRequired\":true,\"valueName\":\"search_term_string\"}}],\"inLanguage\":\"es\"},{\"@type\":\"Organization\",\"@id\":\"https:\\\/\\\/www.iemj.org\\\/es\\\/#organization\",\"name\":\"Institut Europ\u00e9en des Musiques Juives\",\"url\":\"https:\\\/\\\/www.iemj.org\\\/es\\\/\",\"logo\":{\"@type\":\"ImageObject\",\"inLanguage\":\"es\",\"@id\":\"https:\\\/\\\/www.iemj.org\\\/es\\\/#\\\/schema\\\/logo\\\/image\\\/\",\"url\":\"https:\\\/\\\/www.iemj.org\\\/wp-content\\\/uploads\\\/2021\\\/09\\\/Logo-IEMJ-Paypal.jpg\",\"contentUrl\":\"https:\\\/\\\/www.iemj.org\\\/wp-content\\\/uploads\\\/2021\\\/09\\\/Logo-IEMJ-Paypal.jpg\",\"width\":150,\"height\":50,\"caption\":\"Institut Europ\u00e9en des Musiques Juives\"},\"image\":{\"@id\":\"https:\\\/\\\/www.iemj.org\\\/es\\\/#\\\/schema\\\/logo\\\/image\\\/\"},\"sameAs\":[\"https:\\\/\\\/www.facebook.com\\\/MusiquesJuives\\\/\",\"https:\\\/\\\/www.instagram.com\\\/musiquesjuives\\\/\",\"https:\\\/\\\/www.youtube.com\\\/user\\\/musiquesjuives\"]},{\"@type\":\"Person\",\"@id\":\"https:\\\/\\\/www.iemj.org\\\/es\\\/#\\\/schema\\\/person\\\/906134402c29d5c76e7b726261dd4bbd\",\"name\":\"Herv\u00e9 Roten\",\"image\":{\"@type\":\"ImageObject\",\"inLanguage\":\"es\",\"@id\":\"https:\\\/\\\/secure.gravatar.com\\\/avatar\\\/f96ad2db538a26481f18384936b5cd0610c92d390c4dc382209216d455f685ff?s=96&d=mm&r=g\",\"url\":\"https:\\\/\\\/secure.gravatar.com\\\/avatar\\\/f96ad2db538a26481f18384936b5cd0610c92d390c4dc382209216d455f685ff?s=96&d=mm&r=g\",\"contentUrl\":\"https:\\\/\\\/secure.gravatar.com\\\/avatar\\\/f96ad2db538a26481f18384936b5cd0610c92d390c4dc382209216d455f685ff?s=96&d=mm&r=g\",\"caption\":\"Herv\u00e9 Roten\"}}]}<\/script>\n<!-- \/ Yoast SEO plugin. -->","yoast_head_json":{"title":"Las selijot en el rito ashkenaz\u00ed de Occidente - Institut Europ\u00e9en des Musiques Juives","robots":{"index":"index","follow":"follow","max-snippet":"max-snippet:-1","max-image-preview":"max-image-preview:large","max-video-preview":"max-video-preview:-1"},"canonical":"https:\/\/www.iemj.org\/es\/les-selihot-dans-le-rite-ashkenaze-de-louest\/","og_locale":"es_ES","og_type":"article","og_title":"Las selijot en el rito ashkenaz\u00ed de Occidente - Institut Europ\u00e9en des Musiques Juives","og_description":"Una selecci\u00f3n de selijot interpretadas por Adolphe Attia, Joseph Borin, Michel Heymann, Emile Ka\u00e7mann y Max Warchawski","og_url":"https:\/\/www.iemj.org\/es\/les-selihot-dans-le-rite-ashkenaze-de-louest\/","og_site_name":"Institut Europ\u00e9en des Musiques Juives","article_publisher":"https:\/\/www.facebook.com\/MusiquesJuives\/","article_published_time":"2020-09-09T13:01:22+00:00","article_modified_time":"2025-04-17T09:54:46+00:00","og_image":[{"width":336,"height":336,"url":"https:\/\/www.iemj.org\/wp-content\/uploads\/2020\/09\/arton4825.jpg","type":"image\/jpeg"}],"author":"Herv\u00e9 Roten","twitter_card":"summary_large_image","twitter_misc":{"Escrito por":"Herv\u00e9 Roten","Tiempo de lectura":"2 minutos"},"schema":{"@context":"https:\/\/schema.org","@graph":[{"@type":"Article","@id":"https:\/\/www.iemj.org\/es\/les-selihot-dans-le-rite-ashkenaze-de-louest\/#article","isPartOf":{"@id":"https:\/\/www.iemj.org\/es\/les-selihot-dans-le-rite-ashkenaze-de-louest\/"},"author":{"name":"Herv\u00e9 Roten","@id":"https:\/\/www.iemj.org\/es\/#\/schema\/person\/906134402c29d5c76e7b726261dd4bbd"},"headline":"Las selijot en el rito ashkenaz\u00ed de Occidente","datePublished":"2020-09-09T13:01:22+00:00","dateModified":"2025-04-17T09:54:46+00:00","mainEntityOfPage":{"@id":"https:\/\/www.iemj.org\/es\/les-selihot-dans-le-rite-ashkenaze-de-louest\/"},"wordCount":282,"publisher":{"@id":"https:\/\/www.iemj.org\/es\/#organization"},"image":{"@id":"https:\/\/www.iemj.org\/es\/les-selihot-dans-le-rite-ashkenaze-de-louest\/#primaryimage"},"thumbnailUrl":"https:\/\/www.iemj.org\/wp-content\/uploads\/2020\/09\/arton4825.jpg","articleSection":["Listas de reproducci\u00f3n"],"inLanguage":"es"},{"@type":"WebPage","@id":"https:\/\/www.iemj.org\/es\/les-selihot-dans-le-rite-ashkenaze-de-louest\/","url":"https:\/\/www.iemj.org\/es\/les-selihot-dans-le-rite-ashkenaze-de-louest\/","name":"Las selijot en el rito ashkenaz\u00ed de Occidente - Institut Europ\u00e9en des Musiques Juives","isPartOf":{"@id":"https:\/\/www.iemj.org\/es\/#website"},"primaryImageOfPage":{"@id":"https:\/\/www.iemj.org\/es\/les-selihot-dans-le-rite-ashkenaze-de-louest\/#primaryimage"},"image":{"@id":"https:\/\/www.iemj.org\/es\/les-selihot-dans-le-rite-ashkenaze-de-louest\/#primaryimage"},"thumbnailUrl":"https:\/\/www.iemj.org\/wp-content\/uploads\/2020\/09\/arton4825.jpg","datePublished":"2020-09-09T13:01:22+00:00","dateModified":"2025-04-17T09:54:46+00:00","breadcrumb":{"@id":"https:\/\/www.iemj.org\/es\/les-selihot-dans-le-rite-ashkenaze-de-louest\/#breadcrumb"},"inLanguage":"es","potentialAction":[{"@type":"ReadAction","target":["https:\/\/www.iemj.org\/es\/les-selihot-dans-le-rite-ashkenaze-de-louest\/"]}]},{"@type":"ImageObject","inLanguage":"es","@id":"https:\/\/www.iemj.org\/es\/les-selihot-dans-le-rite-ashkenaze-de-louest\/#primaryimage","url":"https:\/\/www.iemj.org\/wp-content\/uploads\/2020\/09\/arton4825.jpg","contentUrl":"https:\/\/www.iemj.org\/wp-content\/uploads\/2020\/09\/arton4825.jpg","width":336,"height":336},{"@type":"BreadcrumbList","@id":"https:\/\/www.iemj.org\/es\/les-selihot-dans-le-rite-ashkenaze-de-louest\/#breadcrumb","itemListElement":[{"@type":"ListItem","position":1,"name":"Accueil","item":"https:\/\/www.iemj.org\/es\/"},{"@type":"ListItem","position":2,"name":"Las selijot en el rito ashkenaz\u00ed de Occidente"}]},{"@type":"WebSite","@id":"https:\/\/www.iemj.org\/es\/#website","url":"https:\/\/www.iemj.org\/es\/","name":"Institut Europ\u00e9en des Musiques Juives","description":"Des traditions musicales \u00e0 la port\u00e9e de tous","publisher":{"@id":"https:\/\/www.iemj.org\/es\/#organization"},"potentialAction":[{"@type":"SearchAction","target":{"@type":"EntryPoint","urlTemplate":"https:\/\/www.iemj.org\/es\/?s={search_term_string}"},"query-input":{"@type":"PropertyValueSpecification","valueRequired":true,"valueName":"search_term_string"}}],"inLanguage":"es"},{"@type":"Organization","@id":"https:\/\/www.iemj.org\/es\/#organization","name":"Institut Europ\u00e9en des Musiques Juives","url":"https:\/\/www.iemj.org\/es\/","logo":{"@type":"ImageObject","inLanguage":"es","@id":"https:\/\/www.iemj.org\/es\/#\/schema\/logo\/image\/","url":"https:\/\/www.iemj.org\/wp-content\/uploads\/2021\/09\/Logo-IEMJ-Paypal.jpg","contentUrl":"https:\/\/www.iemj.org\/wp-content\/uploads\/2021\/09\/Logo-IEMJ-Paypal.jpg","width":150,"height":50,"caption":"Institut Europ\u00e9en des Musiques Juives"},"image":{"@id":"https:\/\/www.iemj.org\/es\/#\/schema\/logo\/image\/"},"sameAs":["https:\/\/www.facebook.com\/MusiquesJuives\/","https:\/\/www.instagram.com\/musiquesjuives\/","https:\/\/www.youtube.com\/user\/musiquesjuives"]},{"@type":"Person","@id":"https:\/\/www.iemj.org\/es\/#\/schema\/person\/906134402c29d5c76e7b726261dd4bbd","name":"Herv\u00e9 Roten","image":{"@type":"ImageObject","inLanguage":"es","@id":"https:\/\/secure.gravatar.com\/avatar\/f96ad2db538a26481f18384936b5cd0610c92d390c4dc382209216d455f685ff?s=96&d=mm&r=g","url":"https:\/\/secure.gravatar.com\/avatar\/f96ad2db538a26481f18384936b5cd0610c92d390c4dc382209216d455f685ff?s=96&d=mm&r=g","contentUrl":"https:\/\/secure.gravatar.com\/avatar\/f96ad2db538a26481f18384936b5cd0610c92d390c4dc382209216d455f685ff?s=96&d=mm&r=g","caption":"Herv\u00e9 Roten"}}]}},"_links":{"self":[{"href":"https:\/\/www.iemj.org\/es\/wp-json\/wp\/v2\/posts\/42888","targetHints":{"allow":["GET"]}}],"collection":[{"href":"https:\/\/www.iemj.org\/es\/wp-json\/wp\/v2\/posts"}],"about":[{"href":"https:\/\/www.iemj.org\/es\/wp-json\/wp\/v2\/types\/post"}],"author":[{"embeddable":true,"href":"https:\/\/www.iemj.org\/es\/wp-json\/wp\/v2\/users\/1045"}],"replies":[{"embeddable":true,"href":"https:\/\/www.iemj.org\/es\/wp-json\/wp\/v2\/comments?post=42888"}],"version-history":[{"count":0,"href":"https:\/\/www.iemj.org\/es\/wp-json\/wp\/v2\/posts\/42888\/revisions"}],"wp:featuredmedia":[{"embeddable":true,"href":"https:\/\/www.iemj.org\/es\/wp-json\/wp\/v2\/media\/42889"}],"wp:attachment":[{"href":"https:\/\/www.iemj.org\/es\/wp-json\/wp\/v2\/media?parent=42888"}],"wp:term":[{"taxonomy":"category","embeddable":true,"href":"https:\/\/www.iemj.org\/es\/wp-json\/wp\/v2\/categories?post=42888"},{"taxonomy":"post_tag","embeddable":true,"href":"https:\/\/www.iemj.org\/es\/wp-json\/wp\/v2\/tags?post=42888"},{"taxonomy":"technique","embeddable":true,"href":"https:\/\/www.iemj.org\/es\/wp-json\/wp\/v2\/technique?post=42888"},{"taxonomy":"squelettes","embeddable":true,"href":"https:\/\/www.iemj.org\/es\/wp-json\/wp\/v2\/squelettes?post=42888"},{"taxonomy":"sujet","embeddable":true,"href":"https:\/\/www.iemj.org\/es\/wp-json\/wp\/v2\/sujet?post=42888"},{"taxonomy":"formation","embeddable":true,"href":"https:\/\/www.iemj.org\/es\/wp-json\/wp\/v2\/formation?post=42888"},{"taxonomy":"genre","embeddable":true,"href":"https:\/\/www.iemj.org\/es\/wp-json\/wp\/v2\/genre?post=42888"},{"taxonomy":"fonds","embeddable":true,"href":"https:\/\/www.iemj.org\/es\/wp-json\/wp\/v2\/fonds?post=42888"},{"taxonomy":"tradition","embeddable":true,"href":"https:\/\/www.iemj.org\/es\/wp-json\/wp\/v2\/tradition?post=42888"},{"taxonomy":"type-de-contenu","embeddable":true,"href":"https:\/\/www.iemj.org\/es\/wp-json\/wp\/v2\/type-de-contenu?post=42888"},{"taxonomy":"interprete-compositeur","embeddable":true,"href":"https:\/\/www.iemj.org\/es\/wp-json\/wp\/v2\/interprete-compositeur?post=42888"},{"taxonomy":"frise","embeddable":true,"href":"https:\/\/www.iemj.org\/es\/wp-json\/wp\/v2\/frise?post=42888"},{"taxonomy":"type-devenement","embeddable":true,"href":"https:\/\/www.iemj.org\/es\/wp-json\/wp\/v2\/type-devenement?post=42888"},{"taxonomy":"tableaux-liens-externes","embeddable":true,"href":"https:\/\/www.iemj.org\/es\/wp-json\/wp\/v2\/tableaux-liens-externes?post=42888"}],"curies":[{"name":"wp","href":"https:\/\/api.w.org\/{rel}","templated":true}]}}