{"id":42907,"date":"2020-06-24T14:32:59","date_gmt":"2020-06-24T12:32:59","guid":{"rendered":"https:\/\/www.iemj.org\/les-78-tours-du-label-odeon\/"},"modified":"2025-10-07T17:23:13","modified_gmt":"2025-10-07T15:23:13","slug":"les-78-tours-du-label-odeon","status":"publish","type":"post","link":"https:\/\/www.iemj.org\/es\/les-78-tours-du-label-odeon\/","title":{"rendered":"Las 78 revoluciones del sello ODEON"},"content":{"rendered":"<p>Ya en 1909, el sello Odeon grab\u00f3 varios discos de m\u00fasica jud\u00eda: canciones en \u00eddish, liturgia o m\u00fasica erudita con compositores como Lazare Saminsky (1882-1959) y Joseph Achron (1886-1943), ambos pertenecientes a la Sociedad de M\u00fasica Popular Jud\u00eda creada por Joel Engel en 1908 en San Petersburgo.<\/p>\n<p>Tras una breve evocaci\u00f3n de la historia del sello Odeon, le proponemos escuchar en la siguiente lista de reproducci\u00f3n una selecci\u00f3n de 9 piezas de m\u00fasica jud\u00eda, incluidas en nuestros archivos, grabadas entre 1909 y 1934.<\/p>\n<p><!--more-->La compa\u00f1\u00eda fonogr\u00e1fica Odeon fue fundada en 1903 en Berl\u00edn (Alemania) por Max Straus y Heinrich Zuntz, con el apoyo financiero de Frederick M. Prescott. Toma su nombre del teatro parisino Odeon, cuya c\u00fapula adorna el logo de la etiqueta.<\/p>\n<p><img fetchpriority=\"high\" decoding=\"async\" class=\" aligncenter size-full wp-image-29067\" src=\"https:\/\/www.iemj.org\/wp-content\/uploads\/2020\/06\/doc_1_odeon_500px.jpg\" alt=\"doc_1_odeon_500px.jpg\" width=\"700\" height=\"230\" align=\"center\" srcset=\"https:\/\/www.iemj.org\/wp-content\/uploads\/2020\/06\/doc_1_odeon_500px.jpg 700w, https:\/\/www.iemj.org\/wp-content\/uploads\/2020\/06\/doc_1_odeon_500px-300x99.jpg 300w, https:\/\/www.iemj.org\/wp-content\/uploads\/2020\/06\/doc_1_odeon_500px-600x197.jpg 600w\" sizes=\"(max-width: 700px) 100vw, 700px\" \/><\/p>\n<p>El sello se convertir\u00e1 en una subsidiaria de la empresa Carl Lindstrom, que tambi\u00e9n es propietaria de Beka, Parlophone y Fonotipia. En 1926, Lindstrom fue comprada por la sucursal inglesa de Columbia Graphophone.<\/p>\n<p><img decoding=\"async\" class=\" alignright size-full wp-image-29069\" src=\"https:\/\/www.iemj.org\/wp-content\/uploads\/2020\/06\/doc_2_odeon.jpg\" alt=\"doc_2_odeon.jpg\" width=\"225\" height=\"210\" align=\"right\" \/><\/p>\n<p>En 1931, Columbia se fusion\u00f3 con Electrola, HMV y otras marcas para formar EMI.<\/p>\n<p>En 1936, los nazis tomaron el control de Odeon al colocar un director y un administrador afiliado al partido. La f\u00e1brica de Odeon fue destruida en gran parte por el ej\u00e9rcito sovi\u00e9tico en 1945 durante la batalla final en Berl\u00edn.<\/p>\n<p><img decoding=\"async\" class=\" alignleft size-full wp-image-29071\" src=\"https:\/\/www.iemj.org\/wp-content\/uploads\/2020\/06\/doc_3_odeon.jpg\" alt=\"doc_3_odeon.jpg\" width=\"225\" height=\"225\" align=\"left\" srcset=\"https:\/\/www.iemj.org\/wp-content\/uploads\/2020\/06\/doc_3_odeon.jpg 225w, https:\/\/www.iemj.org\/wp-content\/uploads\/2020\/06\/doc_3_odeon-150x150.jpg 150w, https:\/\/www.iemj.org\/wp-content\/uploads\/2020\/06\/doc_3_odeon-100x100.jpg 100w\" sizes=\"(max-width: 225px) 100vw, 225px\" \/><\/p>\n<p>Despu\u00e9s de la Segunda Guerra Mundial, la etiqueta Odeon sobrevivi\u00f3 como subsidiaria de EMI en muchos mercados de habla no inglesa, como Alemania Occidental, Jap\u00f3n, Espa\u00f1a, Escandinavia, Am\u00e9rica Latina y Francia.<\/p>\n<p>Su cat\u00e1logo, recopilado antes de la d\u00e9cada de 1960, ha pasado a ser de dominio p\u00fablico.<\/p>\n<figure id=\"attachment_84127\" aria-describedby=\"caption-attachment-84127\" style=\"width: 735px\" class=\"wp-caption aligncenter\"><img loading=\"lazy\" decoding=\"async\" class=\"wp-image-84127\" src=\"https:\/\/www.iemj.org\/wp-content\/uploads\/2020\/06\/I_200-300x198.jpg\" alt=\"\" width=\"735\" height=\"485\" srcset=\"https:\/\/www.iemj.org\/wp-content\/uploads\/2020\/06\/I_200-300x198.jpg 300w, https:\/\/www.iemj.org\/wp-content\/uploads\/2020\/06\/I_200-600x396.jpg 600w, https:\/\/www.iemj.org\/wp-content\/uploads\/2020\/06\/I_200.jpg 757w\" sizes=\"(max-width: 735px) 100vw, 735px\" \/><figcaption id=\"caption-attachment-84127\" class=\"wp-caption-text\"><strong>Foto de la Orquesta Armand, m\u00e1s conocida como Orquesta Schmilovitz<\/strong><\/figcaption><\/figure>\n<p><em><strong>Fuentes: <\/strong><a href=\"https:\/\/fr.wikipedia.org\/wiki\/Disques_Od%C3%A9on\">Wikipedia<\/a>, <a href=\"http:\/\/www.cvinyl.com\/labelguides\/odeon.php\">CVYNIL.COM<\/a><\/em><\/p>\n\n<div class=\"wp-block-image\">\n<figure class=\"aligncenter size-large\"><img loading=\"lazy\" decoding=\"async\" width=\"1024\" height=\"133\" src=\"https:\/\/www.iemj.org\/wp-content\/uploads\/2024\/03\/AUDIO-PLAYER-1024x133.png\" alt=\"\" class=\"wp-image-110610\" srcset=\"https:\/\/www.iemj.org\/wp-content\/uploads\/2024\/03\/AUDIO-PLAYER-1024x133.png 1024w, https:\/\/www.iemj.org\/wp-content\/uploads\/2024\/03\/AUDIO-PLAYER-300x39.png 300w, https:\/\/www.iemj.org\/wp-content\/uploads\/2024\/03\/AUDIO-PLAYER-768x100.png 768w, https:\/\/www.iemj.org\/wp-content\/uploads\/2024\/03\/AUDIO-PLAYER-600x78.png 600w, https:\/\/www.iemj.org\/wp-content\/uploads\/2024\/03\/AUDIO-PLAYER.png 1210w\" sizes=\"(max-width: 1024px) 100vw, 1024px\" \/><\/figure>\n<\/div>\n\n\n<div class=\"wp-block-file\"><a id=\"wp-block-file--media-60c60ac9-001f-403c-bfd1-8bc3726a5b52\" href=\"https:\/\/www.iemj.org\/wp-content\/uploads\/2020\/06\/1_hajom_teamzenu_1909_-_yossele_rosenblatt.mp3\">Hajom Teamzenu &#8211; Yossele Rosenblatt [Rec.1909]<\/a><\/div>\n\n\n\n<div class=\"wp-block-file\"><a id=\"wp-block-file--media-265a41c9-bd61-4e6b-b5cb-0063dbb4e57e\" href=\"https:\/\/www.iemj.org\/wp-content\/uploads\/2020\/06\/2_der_mesader_kedischen_1928_-_max_bruen.mp3\">Der mesader kedischen &#8211; Max Bruen (Rec.1928) <\/a><\/div>\n\n\n\n<div class=\"wp-block-file\"><a id=\"wp-block-file--media-0d24ce7a-c0d8-47d3-ad01-fdfd7bae17bb\" href=\"https:\/\/www.iemj.org\/wp-content\/uploads\/2020\/06\/3_dus_butcherl_1928_-_max_bruen.mp3\">Dus butcherl &#8211; Max Bruen (Rec.1928)<\/a><\/div>\n\n\n\n<div class=\"wp-block-file\"><a id=\"wp-block-file--media-8975b382-14b1-441c-8743-5723c5ceb9c8\" href=\"https:\/\/www.iemj.org\/wp-content\/uploads\/2020\/06\/6_adon_olom_1928_-_louis_lewandowski.mp3\">Louis Lewandowski &#8211; Adon Olom &#8211; Verstarkter Synagogen Chor (Rec. 1929)<\/a><\/div>\n\n\n\n<div class=\"wp-block-file\"><a id=\"wp-block-file--media-194a228b-6517-483a-a17b-b5efa6b28264\" href=\"https:\/\/www.iemj.org\/wp-content\/uploads\/2020\/06\/7_mah_towu_1928_-_louis_lewandowski.mp3\">Louis Lewandowski &#8211; Mah Towu &#8211; Verstarkter Synagogen Chor (Rec.1928)<\/a><\/div>\n\n\n\n<div class=\"wp-block-file\"><a id=\"wp-block-file--media-e53bd2b5-e842-4485-9f62-498049ab58d8\" href=\"https:\/\/www.iemj.org\/wp-content\/uploads\/2020\/06\/8_kol_nidrei_1930_-_andre_levy.mp3\">Max Bruch &#8211; Kol nidrei &#8211; Andre\u0301 Levy (Rec.1930)<\/a><\/div>\n\n\n\n<div class=\"wp-block-file\"><a id=\"wp-block-file--media-9b171f7f-3d20-4ca2-b55e-f702095f7e7b\" href=\"https:\/\/www.iemj.org\/wp-content\/uploads\/2020\/06\/9_be_ne_diction_1930_-_andre_levy.mp3\">L\u00e9on Algazi &#8211; Be\u0301ne\u0301diction &#8211; Andre\u0301 Levy (Rec.1930)<\/a><\/div>\n\n\n\n<div class=\"wp-block-file\"><a id=\"wp-block-file--media-e9dd63e5-5f6b-4b7b-83d1-a3718751cf22\" href=\"https:\/\/www.iemj.org\/wp-content\/uploads\/2020\/06\/10_danse_he_brai_que_1930_-_andre_levy.mp3\">Joseph Achron &#8211; Danse He\u0301brai\u0308que &#8211; Andre\u0301 Levy (Rec.1930) <\/a><\/div>\n\n\n\n<div class=\"wp-block-file\"><a id=\"wp-block-file--media-aceeb379-6599-464b-8f58-e1bf6b95e331\" href=\"https:\/\/www.iemj.org\/wp-content\/uploads\/2020\/06\/11_leiwi-izchok_s_dudele_1934_-_joseph_blumberg.mp3\">Lazare Saminsky &#8211; Leiwi-Izchok\u2019s Dudele &#8211; Joseph Blumberg (Rec.1934)<\/a><\/div>\n\n\n\n<p><\/p>\n","protected":false},"excerpt":{"rendered":"<p>Ya en 1909, el sello Odeon grab\u00f3 varios discos de m\u00fasica jud\u00eda: canciones en \u00eddish, liturgia o m\u00fasica erudita con compositores como Lazare Saminsky (1882-1959) y Joseph Achron (1886-1943), ambos<\/p>\n","protected":false},"author":1052,"featured_media":42908,"comment_status":"closed","ping_status":"closed","sticky":false,"template":"","format":"standard","meta":{"_acf_changed":false,"footnotes":""},"categories":[1566],"tags":[],"technique":[],"squelettes":[],"sujet":[],"formation":[],"genre":[],"fonds":[],"tradition":[],"type-de-contenu":[],"interprete-compositeur":[],"frise":[],"type-devenement":[],"tableaux-liens-externes":[],"class_list":["post-42907","post","type-post","status-publish","format-standard","has-post-thumbnail","hentry","category-imprescindibles-es"],"acf":[],"yoast_head":"<!-- This site is optimized with the Yoast SEO plugin v27.3 - https:\/\/yoast.com\/product\/yoast-seo-wordpress\/ -->\n<title>Las 78 revoluciones del sello ODEON - Institut Europ\u00e9en des Musiques Juives<\/title>\n<meta name=\"robots\" content=\"index, follow, max-snippet:-1, max-image-preview:large, max-video-preview:-1\" \/>\n<link rel=\"canonical\" href=\"https:\/\/www.iemj.org\/es\/les-78-tours-du-label-odeon\/\" \/>\n<meta property=\"og:locale\" content=\"es_ES\" \/>\n<meta property=\"og:type\" content=\"article\" \/>\n<meta property=\"og:title\" content=\"Las 78 revoluciones del sello ODEON - Institut Europ\u00e9en des Musiques Juives\" \/>\n<meta property=\"og:description\" content=\"Ya en 1909, el sello Odeon grab\u00f3 varios discos de m\u00fasica jud\u00eda: canciones en \u00eddish, liturgia o m\u00fasica erudita con compositores como Lazare Saminsky (1882-1959) y Joseph Achron (1886-1943), ambos\" \/>\n<meta property=\"og:url\" content=\"https:\/\/www.iemj.org\/es\/les-78-tours-du-label-odeon\/\" \/>\n<meta property=\"og:site_name\" content=\"Institut Europ\u00e9en des Musiques Juives\" \/>\n<meta property=\"article:publisher\" content=\"https:\/\/www.facebook.com\/MusiquesJuives\/\" \/>\n<meta property=\"article:published_time\" content=\"2020-06-24T12:32:59+00:00\" \/>\n<meta property=\"article:modified_time\" content=\"2025-10-07T15:23:13+00:00\" \/>\n<meta property=\"og:image\" content=\"https:\/\/www.iemj.org\/wp-content\/uploads\/2020\/06\/arton4784-e1618563547395.jpg\" \/>\n\t<meta property=\"og:image:width\" content=\"350\" \/>\n\t<meta property=\"og:image:height\" content=\"350\" \/>\n\t<meta property=\"og:image:type\" content=\"image\/jpeg\" \/>\n<meta name=\"author\" content=\"Lea Couderc\" \/>\n<meta name=\"twitter:card\" content=\"summary_large_image\" \/>\n<meta name=\"twitter:label1\" content=\"Escrito por\" \/>\n\t<meta name=\"twitter:data1\" content=\"Lea Couderc\" \/>\n\t<meta name=\"twitter:label2\" content=\"Tiempo de lectura\" \/>\n\t<meta name=\"twitter:data2\" content=\"3 minutos\" \/>\n<script type=\"application\/ld+json\" class=\"yoast-schema-graph\">{\"@context\":\"https:\\\/\\\/schema.org\",\"@graph\":[{\"@type\":\"Article\",\"@id\":\"https:\\\/\\\/www.iemj.org\\\/es\\\/les-78-tours-du-label-odeon\\\/#article\",\"isPartOf\":{\"@id\":\"https:\\\/\\\/www.iemj.org\\\/es\\\/les-78-tours-du-label-odeon\\\/\"},\"author\":{\"name\":\"Lea Couderc\",\"@id\":\"https:\\\/\\\/www.iemj.org\\\/es\\\/#\\\/schema\\\/person\\\/e2ad57f2c4be119c7ed8ab79036807a9\"},\"headline\":\"Las 78 revoluciones del sello ODEON\",\"datePublished\":\"2020-06-24T12:32:59+00:00\",\"dateModified\":\"2025-10-07T15:23:13+00:00\",\"mainEntityOfPage\":{\"@id\":\"https:\\\/\\\/www.iemj.org\\\/es\\\/les-78-tours-du-label-odeon\\\/\"},\"wordCount\":379,\"publisher\":{\"@id\":\"https:\\\/\\\/www.iemj.org\\\/es\\\/#organization\"},\"image\":{\"@id\":\"https:\\\/\\\/www.iemj.org\\\/es\\\/les-78-tours-du-label-odeon\\\/#primaryimage\"},\"thumbnailUrl\":\"https:\\\/\\\/www.iemj.org\\\/wp-content\\\/uploads\\\/2020\\\/06\\\/arton4784-e1618563547395.jpg\",\"articleSection\":[\"Imprescindibles\"],\"inLanguage\":\"es\"},{\"@type\":\"WebPage\",\"@id\":\"https:\\\/\\\/www.iemj.org\\\/es\\\/les-78-tours-du-label-odeon\\\/\",\"url\":\"https:\\\/\\\/www.iemj.org\\\/es\\\/les-78-tours-du-label-odeon\\\/\",\"name\":\"Las 78 revoluciones del sello ODEON - Institut Europ\u00e9en des Musiques Juives\",\"isPartOf\":{\"@id\":\"https:\\\/\\\/www.iemj.org\\\/es\\\/#website\"},\"primaryImageOfPage\":{\"@id\":\"https:\\\/\\\/www.iemj.org\\\/es\\\/les-78-tours-du-label-odeon\\\/#primaryimage\"},\"image\":{\"@id\":\"https:\\\/\\\/www.iemj.org\\\/es\\\/les-78-tours-du-label-odeon\\\/#primaryimage\"},\"thumbnailUrl\":\"https:\\\/\\\/www.iemj.org\\\/wp-content\\\/uploads\\\/2020\\\/06\\\/arton4784-e1618563547395.jpg\",\"datePublished\":\"2020-06-24T12:32:59+00:00\",\"dateModified\":\"2025-10-07T15:23:13+00:00\",\"breadcrumb\":{\"@id\":\"https:\\\/\\\/www.iemj.org\\\/es\\\/les-78-tours-du-label-odeon\\\/#breadcrumb\"},\"inLanguage\":\"es\",\"potentialAction\":[{\"@type\":\"ReadAction\",\"target\":[\"https:\\\/\\\/www.iemj.org\\\/es\\\/les-78-tours-du-label-odeon\\\/\"]}]},{\"@type\":\"ImageObject\",\"inLanguage\":\"es\",\"@id\":\"https:\\\/\\\/www.iemj.org\\\/es\\\/les-78-tours-du-label-odeon\\\/#primaryimage\",\"url\":\"https:\\\/\\\/www.iemj.org\\\/wp-content\\\/uploads\\\/2020\\\/06\\\/arton4784-e1618563547395.jpg\",\"contentUrl\":\"https:\\\/\\\/www.iemj.org\\\/wp-content\\\/uploads\\\/2020\\\/06\\\/arton4784-e1618563547395.jpg\",\"width\":350,\"height\":350},{\"@type\":\"BreadcrumbList\",\"@id\":\"https:\\\/\\\/www.iemj.org\\\/es\\\/les-78-tours-du-label-odeon\\\/#breadcrumb\",\"itemListElement\":[{\"@type\":\"ListItem\",\"position\":1,\"name\":\"Accueil\",\"item\":\"https:\\\/\\\/www.iemj.org\\\/es\\\/\"},{\"@type\":\"ListItem\",\"position\":2,\"name\":\"Las 78 revoluciones del sello ODEON\"}]},{\"@type\":\"WebSite\",\"@id\":\"https:\\\/\\\/www.iemj.org\\\/es\\\/#website\",\"url\":\"https:\\\/\\\/www.iemj.org\\\/es\\\/\",\"name\":\"Institut Europ\u00e9en des Musiques Juives\",\"description\":\"Des traditions musicales \u00e0 la port\u00e9e de tous\",\"publisher\":{\"@id\":\"https:\\\/\\\/www.iemj.org\\\/es\\\/#organization\"},\"potentialAction\":[{\"@type\":\"SearchAction\",\"target\":{\"@type\":\"EntryPoint\",\"urlTemplate\":\"https:\\\/\\\/www.iemj.org\\\/es\\\/?s={search_term_string}\"},\"query-input\":{\"@type\":\"PropertyValueSpecification\",\"valueRequired\":true,\"valueName\":\"search_term_string\"}}],\"inLanguage\":\"es\"},{\"@type\":\"Organization\",\"@id\":\"https:\\\/\\\/www.iemj.org\\\/es\\\/#organization\",\"name\":\"Institut Europ\u00e9en des Musiques Juives\",\"url\":\"https:\\\/\\\/www.iemj.org\\\/es\\\/\",\"logo\":{\"@type\":\"ImageObject\",\"inLanguage\":\"es\",\"@id\":\"https:\\\/\\\/www.iemj.org\\\/es\\\/#\\\/schema\\\/logo\\\/image\\\/\",\"url\":\"https:\\\/\\\/www.iemj.org\\\/wp-content\\\/uploads\\\/2021\\\/09\\\/Logo-IEMJ-Paypal.jpg\",\"contentUrl\":\"https:\\\/\\\/www.iemj.org\\\/wp-content\\\/uploads\\\/2021\\\/09\\\/Logo-IEMJ-Paypal.jpg\",\"width\":150,\"height\":50,\"caption\":\"Institut Europ\u00e9en des Musiques Juives\"},\"image\":{\"@id\":\"https:\\\/\\\/www.iemj.org\\\/es\\\/#\\\/schema\\\/logo\\\/image\\\/\"},\"sameAs\":[\"https:\\\/\\\/www.facebook.com\\\/MusiquesJuives\\\/\",\"https:\\\/\\\/www.instagram.com\\\/musiquesjuives\\\/\",\"https:\\\/\\\/www.youtube.com\\\/user\\\/musiquesjuives\"]},{\"@type\":\"Person\",\"@id\":\"https:\\\/\\\/www.iemj.org\\\/es\\\/#\\\/schema\\\/person\\\/e2ad57f2c4be119c7ed8ab79036807a9\",\"name\":\"Lea Couderc\",\"image\":{\"@type\":\"ImageObject\",\"inLanguage\":\"es\",\"@id\":\"https:\\\/\\\/secure.gravatar.com\\\/avatar\\\/46ee021475d60aeff17a7e490b79dea5a5684bb392ab7fd1494027411df8ba23?s=96&d=mm&r=g\",\"url\":\"https:\\\/\\\/secure.gravatar.com\\\/avatar\\\/46ee021475d60aeff17a7e490b79dea5a5684bb392ab7fd1494027411df8ba23?s=96&d=mm&r=g\",\"contentUrl\":\"https:\\\/\\\/secure.gravatar.com\\\/avatar\\\/46ee021475d60aeff17a7e490b79dea5a5684bb392ab7fd1494027411df8ba23?s=96&d=mm&r=g\",\"caption\":\"Lea Couderc\"}}]}<\/script>\n<!-- \/ Yoast SEO plugin. -->","yoast_head_json":{"title":"Las 78 revoluciones del sello ODEON - Institut Europ\u00e9en des Musiques Juives","robots":{"index":"index","follow":"follow","max-snippet":"max-snippet:-1","max-image-preview":"max-image-preview:large","max-video-preview":"max-video-preview:-1"},"canonical":"https:\/\/www.iemj.org\/es\/les-78-tours-du-label-odeon\/","og_locale":"es_ES","og_type":"article","og_title":"Las 78 revoluciones del sello ODEON - Institut Europ\u00e9en des Musiques Juives","og_description":"Ya en 1909, el sello Odeon grab\u00f3 varios discos de m\u00fasica jud\u00eda: canciones en \u00eddish, liturgia o m\u00fasica erudita con compositores como Lazare Saminsky (1882-1959) y Joseph Achron (1886-1943), ambos","og_url":"https:\/\/www.iemj.org\/es\/les-78-tours-du-label-odeon\/","og_site_name":"Institut Europ\u00e9en des Musiques Juives","article_publisher":"https:\/\/www.facebook.com\/MusiquesJuives\/","article_published_time":"2020-06-24T12:32:59+00:00","article_modified_time":"2025-10-07T15:23:13+00:00","og_image":[{"width":350,"height":350,"url":"https:\/\/www.iemj.org\/wp-content\/uploads\/2020\/06\/arton4784-e1618563547395.jpg","type":"image\/jpeg"}],"author":"Lea Couderc","twitter_card":"summary_large_image","twitter_misc":{"Escrito por":"Lea Couderc","Tiempo de lectura":"3 minutos"},"schema":{"@context":"https:\/\/schema.org","@graph":[{"@type":"Article","@id":"https:\/\/www.iemj.org\/es\/les-78-tours-du-label-odeon\/#article","isPartOf":{"@id":"https:\/\/www.iemj.org\/es\/les-78-tours-du-label-odeon\/"},"author":{"name":"Lea Couderc","@id":"https:\/\/www.iemj.org\/es\/#\/schema\/person\/e2ad57f2c4be119c7ed8ab79036807a9"},"headline":"Las 78 revoluciones del sello ODEON","datePublished":"2020-06-24T12:32:59+00:00","dateModified":"2025-10-07T15:23:13+00:00","mainEntityOfPage":{"@id":"https:\/\/www.iemj.org\/es\/les-78-tours-du-label-odeon\/"},"wordCount":379,"publisher":{"@id":"https:\/\/www.iemj.org\/es\/#organization"},"image":{"@id":"https:\/\/www.iemj.org\/es\/les-78-tours-du-label-odeon\/#primaryimage"},"thumbnailUrl":"https:\/\/www.iemj.org\/wp-content\/uploads\/2020\/06\/arton4784-e1618563547395.jpg","articleSection":["Imprescindibles"],"inLanguage":"es"},{"@type":"WebPage","@id":"https:\/\/www.iemj.org\/es\/les-78-tours-du-label-odeon\/","url":"https:\/\/www.iemj.org\/es\/les-78-tours-du-label-odeon\/","name":"Las 78 revoluciones del sello ODEON - Institut Europ\u00e9en des Musiques Juives","isPartOf":{"@id":"https:\/\/www.iemj.org\/es\/#website"},"primaryImageOfPage":{"@id":"https:\/\/www.iemj.org\/es\/les-78-tours-du-label-odeon\/#primaryimage"},"image":{"@id":"https:\/\/www.iemj.org\/es\/les-78-tours-du-label-odeon\/#primaryimage"},"thumbnailUrl":"https:\/\/www.iemj.org\/wp-content\/uploads\/2020\/06\/arton4784-e1618563547395.jpg","datePublished":"2020-06-24T12:32:59+00:00","dateModified":"2025-10-07T15:23:13+00:00","breadcrumb":{"@id":"https:\/\/www.iemj.org\/es\/les-78-tours-du-label-odeon\/#breadcrumb"},"inLanguage":"es","potentialAction":[{"@type":"ReadAction","target":["https:\/\/www.iemj.org\/es\/les-78-tours-du-label-odeon\/"]}]},{"@type":"ImageObject","inLanguage":"es","@id":"https:\/\/www.iemj.org\/es\/les-78-tours-du-label-odeon\/#primaryimage","url":"https:\/\/www.iemj.org\/wp-content\/uploads\/2020\/06\/arton4784-e1618563547395.jpg","contentUrl":"https:\/\/www.iemj.org\/wp-content\/uploads\/2020\/06\/arton4784-e1618563547395.jpg","width":350,"height":350},{"@type":"BreadcrumbList","@id":"https:\/\/www.iemj.org\/es\/les-78-tours-du-label-odeon\/#breadcrumb","itemListElement":[{"@type":"ListItem","position":1,"name":"Accueil","item":"https:\/\/www.iemj.org\/es\/"},{"@type":"ListItem","position":2,"name":"Las 78 revoluciones del sello ODEON"}]},{"@type":"WebSite","@id":"https:\/\/www.iemj.org\/es\/#website","url":"https:\/\/www.iemj.org\/es\/","name":"Institut Europ\u00e9en des Musiques Juives","description":"Des traditions musicales \u00e0 la port\u00e9e de tous","publisher":{"@id":"https:\/\/www.iemj.org\/es\/#organization"},"potentialAction":[{"@type":"SearchAction","target":{"@type":"EntryPoint","urlTemplate":"https:\/\/www.iemj.org\/es\/?s={search_term_string}"},"query-input":{"@type":"PropertyValueSpecification","valueRequired":true,"valueName":"search_term_string"}}],"inLanguage":"es"},{"@type":"Organization","@id":"https:\/\/www.iemj.org\/es\/#organization","name":"Institut Europ\u00e9en des Musiques Juives","url":"https:\/\/www.iemj.org\/es\/","logo":{"@type":"ImageObject","inLanguage":"es","@id":"https:\/\/www.iemj.org\/es\/#\/schema\/logo\/image\/","url":"https:\/\/www.iemj.org\/wp-content\/uploads\/2021\/09\/Logo-IEMJ-Paypal.jpg","contentUrl":"https:\/\/www.iemj.org\/wp-content\/uploads\/2021\/09\/Logo-IEMJ-Paypal.jpg","width":150,"height":50,"caption":"Institut Europ\u00e9en des Musiques Juives"},"image":{"@id":"https:\/\/www.iemj.org\/es\/#\/schema\/logo\/image\/"},"sameAs":["https:\/\/www.facebook.com\/MusiquesJuives\/","https:\/\/www.instagram.com\/musiquesjuives\/","https:\/\/www.youtube.com\/user\/musiquesjuives"]},{"@type":"Person","@id":"https:\/\/www.iemj.org\/es\/#\/schema\/person\/e2ad57f2c4be119c7ed8ab79036807a9","name":"Lea Couderc","image":{"@type":"ImageObject","inLanguage":"es","@id":"https:\/\/secure.gravatar.com\/avatar\/46ee021475d60aeff17a7e490b79dea5a5684bb392ab7fd1494027411df8ba23?s=96&d=mm&r=g","url":"https:\/\/secure.gravatar.com\/avatar\/46ee021475d60aeff17a7e490b79dea5a5684bb392ab7fd1494027411df8ba23?s=96&d=mm&r=g","contentUrl":"https:\/\/secure.gravatar.com\/avatar\/46ee021475d60aeff17a7e490b79dea5a5684bb392ab7fd1494027411df8ba23?s=96&d=mm&r=g","caption":"Lea Couderc"}}]}},"_links":{"self":[{"href":"https:\/\/www.iemj.org\/es\/wp-json\/wp\/v2\/posts\/42907","targetHints":{"allow":["GET"]}}],"collection":[{"href":"https:\/\/www.iemj.org\/es\/wp-json\/wp\/v2\/posts"}],"about":[{"href":"https:\/\/www.iemj.org\/es\/wp-json\/wp\/v2\/types\/post"}],"author":[{"embeddable":true,"href":"https:\/\/www.iemj.org\/es\/wp-json\/wp\/v2\/users\/1052"}],"replies":[{"embeddable":true,"href":"https:\/\/www.iemj.org\/es\/wp-json\/wp\/v2\/comments?post=42907"}],"version-history":[{"count":1,"href":"https:\/\/www.iemj.org\/es\/wp-json\/wp\/v2\/posts\/42907\/revisions"}],"predecessor-version":[{"id":126486,"href":"https:\/\/www.iemj.org\/es\/wp-json\/wp\/v2\/posts\/42907\/revisions\/126486"}],"wp:featuredmedia":[{"embeddable":true,"href":"https:\/\/www.iemj.org\/es\/wp-json\/wp\/v2\/media\/42908"}],"wp:attachment":[{"href":"https:\/\/www.iemj.org\/es\/wp-json\/wp\/v2\/media?parent=42907"}],"wp:term":[{"taxonomy":"category","embeddable":true,"href":"https:\/\/www.iemj.org\/es\/wp-json\/wp\/v2\/categories?post=42907"},{"taxonomy":"post_tag","embeddable":true,"href":"https:\/\/www.iemj.org\/es\/wp-json\/wp\/v2\/tags?post=42907"},{"taxonomy":"technique","embeddable":true,"href":"https:\/\/www.iemj.org\/es\/wp-json\/wp\/v2\/technique?post=42907"},{"taxonomy":"squelettes","embeddable":true,"href":"https:\/\/www.iemj.org\/es\/wp-json\/wp\/v2\/squelettes?post=42907"},{"taxonomy":"sujet","embeddable":true,"href":"https:\/\/www.iemj.org\/es\/wp-json\/wp\/v2\/sujet?post=42907"},{"taxonomy":"formation","embeddable":true,"href":"https:\/\/www.iemj.org\/es\/wp-json\/wp\/v2\/formation?post=42907"},{"taxonomy":"genre","embeddable":true,"href":"https:\/\/www.iemj.org\/es\/wp-json\/wp\/v2\/genre?post=42907"},{"taxonomy":"fonds","embeddable":true,"href":"https:\/\/www.iemj.org\/es\/wp-json\/wp\/v2\/fonds?post=42907"},{"taxonomy":"tradition","embeddable":true,"href":"https:\/\/www.iemj.org\/es\/wp-json\/wp\/v2\/tradition?post=42907"},{"taxonomy":"type-de-contenu","embeddable":true,"href":"https:\/\/www.iemj.org\/es\/wp-json\/wp\/v2\/type-de-contenu?post=42907"},{"taxonomy":"interprete-compositeur","embeddable":true,"href":"https:\/\/www.iemj.org\/es\/wp-json\/wp\/v2\/interprete-compositeur?post=42907"},{"taxonomy":"frise","embeddable":true,"href":"https:\/\/www.iemj.org\/es\/wp-json\/wp\/v2\/frise?post=42907"},{"taxonomy":"type-devenement","embeddable":true,"href":"https:\/\/www.iemj.org\/es\/wp-json\/wp\/v2\/type-devenement?post=42907"},{"taxonomy":"tableaux-liens-externes","embeddable":true,"href":"https:\/\/www.iemj.org\/es\/wp-json\/wp\/v2\/tableaux-liens-externes?post=42907"}],"curies":[{"name":"wp","href":"https:\/\/api.w.org\/{rel}","templated":true}]}}