{"id":42956,"date":"2020-09-09T14:56:25","date_gmt":"2020-09-09T12:56:25","guid":{"rendered":"https:\/\/www.iemj.org\/les-selihot-dans-le-rite-marocain\/"},"modified":"2024-02-16T17:47:21","modified_gmt":"2024-02-16T16:47:21","slug":"les-selihot-dans-le-rite-marocain","status":"publish","type":"post","link":"https:\/\/www.iemj.org\/es\/les-selihot-dans-le-rite-marocain\/","title":{"rendered":"Las selijot en el rito marroqu\u00ed"},"content":{"rendered":"<p><strong>Una selecci\u00f3n de <em>selihot<\/em> interpretadas por Jo Amar, Ouriel Amar, Ouria Bensoussan, Ouriel Elbilia, Lior Elmaliah&#8217;, Haim Louk y Avraham Toledano<\/strong><\/p>\n<p><!--more--><\/p>\n<p>Las selijot son oraciones de arrepentimiento durante las cuales el devoto implora el perd\u00f3n de Dios por los pecados cometidos. Esta costumbre se basa en\u00a0<a href=\"https:\/\/en.wikipedia.org\/wiki\/Thirteen_Attributes_of_Mercy\" target=\"_blank\" rel=\"noopener\">los trece atributos de la misericordia<\/a>\u00a0que, seg\u00fan la tradici\u00f3n, fueron transmitidos por Dios a Mois\u00e9s (<em>\u00c9xodo<\/em>\u00a034, 6-7).<\/p>\n<p>Originalmente, las\u00a0<em>selijot<\/em>\u00a0se le\u00edan durante el servicio y el ayuno de Yom Kipur. Luego, esta costumbre se extendi\u00f3 a 10 d\u00edas (<em>yamim nora\u00edm<\/em>) entre Rosh Hashan\u00e1 y Kipur. Las comunidades ashkenaz\u00ed y jas\u00eddica recitan las\u00a0<em>selijot<\/em>\u00a0del s\u00e1bado por la noche anterior (al menos cuatro d\u00edas) de la fiesta de Rosh Hashan\u00e1. Las comunidades sefard\u00edes las leen al amanecer antes de las oraciones matutinas durante cuarenta d\u00edas, a partir del 1 de Elul.<\/p>\n<p>La siguiente lista de reproducci\u00f3n presenta una selecci\u00f3n de <em>selijot<\/em> en diferentes ritos marroqu\u00edes (Casablanca, Meknes, Marrakech, etc.). La primera de estas <em>selijot<\/em>, \u00abAn\u00e9nou\u00bb (Cont\u00e9stame), entonada por el jaz\u00e1n israel\u00ed Avraham Toledano, se canta con la melod\u00eda t\u00edpica de la ciudad de Meknes. Reconocemos el rito <em>meknas\u00ed<\/em> por una inteligente mezcla de melod\u00edas andalus\u00edes y ritmos entrecortados del folklore bereber de las monta\u00f1as que rodean la ciudad de Meknes.<\/p>\n<p>La sexta <em>selij\u00e1<\/em>, \u00abJatanu Llefaneja\u00bb, interpretada por Lior Elmaliah, usa una melod\u00eda de la ciudad de Marrakech. La s\u00e9ptima selij\u00e1, \u00abEleja hashem\u00bb, interpretada por el cantor de fama mundial, Haim Louk, se basa en una melod\u00eda de Casablanca, la ciudad blanca.<\/p>\n<ul>\n<li><a href=\"https:\/\/www.iemj.org\/es\/les-selihot-%d7%a1%d7%9c%d7%99%d7%97%d7%95%d7%aa\/\" target=\"_blank\" rel=\"noopener\">Leer el art\u00edculo de fondo sobre las selijot<\/a><\/li>\n<li><a href=\"https:\/\/www.iemj.org\/es\/chants-des-juifs-du-maroc-1\/\" target=\"_blank\" rel=\"noopener\">Escuchar la lista de reproducci\u00f3n Cantos de los jud\u00edos de Marruecos 1<\/a><\/li>\n<li><a href=\"https:\/\/www.iemj.org\/es\/chants-des-juifs-du-maroc-2\/\" target=\"_blank\" rel=\"noopener\">Escuchar la lista de reproducci\u00f3n Canci\u00f3n de los jud\u00edos de Marruecos 2<\/a><\/li>\n<\/ul>\n\n\n<figure class=\"wp-block-image size-large\"><img fetchpriority=\"high\" decoding=\"async\" width=\"1024\" height=\"146\" src=\"https:\/\/www.iemj.org\/wp-content\/uploads\/2023\/01\/Bandeau-Playlist_ES2-1024x146.jpg\" alt=\"\" class=\"wp-image-93117\" srcset=\"https:\/\/www.iemj.org\/wp-content\/uploads\/2023\/01\/Bandeau-Playlist_ES2-1024x146.jpg 1024w, https:\/\/www.iemj.org\/wp-content\/uploads\/2023\/01\/Bandeau-Playlist_ES2-300x43.jpg 300w, https:\/\/www.iemj.org\/wp-content\/uploads\/2023\/01\/Bandeau-Playlist_ES2-768x110.jpg 768w, https:\/\/www.iemj.org\/wp-content\/uploads\/2023\/01\/Bandeau-Playlist_ES2-1536x220.jpg 1536w, https:\/\/www.iemj.org\/wp-content\/uploads\/2023\/01\/Bandeau-Playlist_ES2-600x86.jpg 600w, https:\/\/www.iemj.org\/wp-content\/uploads\/2023\/01\/Bandeau-Playlist_ES2.jpg 1608w\" sizes=\"(max-width: 1024px) 100vw, 1024px\" \/><\/figure>\n\n\n\n<div class=\"wp-block-file\"><a id=\"wp-block-file--media-9b942f8c-e7ab-47c8-91d7-0da5f42d5d55\" href=\"https:\/\/www.iemj.org\/wp-content\/uploads\/2020\/09\/01_anenou_avraham_toledano_rite_meknassi_k7_1303_08__1.mp3\">Anenou &#8211; Avraham Toledano (rite Meknassi)<\/a><\/div>\n\n\n\n<div class=\"wp-block-file\"><a id=\"wp-block-file--media-e6b4a42c-37ba-415c-847c-a36395e5ce10\" href=\"https:\/\/www.iemj.org\/wp-content\/uploads\/2020\/09\/02_el_melekh_yoshev__ouriel_amar_k7_369_14__1.mp3\">El melekh yoshev &#8211; Ouriel Amar<\/a><\/div>\n\n\n\n<div class=\"wp-block-file\"><a id=\"wp-block-file--media-9ebbba1e-1cfe-4edd-983f-3e137c747d42\" href=\"https:\/\/www.iemj.org\/wp-content\/uploads\/2020\/09\/03_ya_shema_evionekha_ouriel_elbilia_k7_992_13__1.mp3\">Ya Shema Evionekha &#8211; Ouriel Elbilia<\/a><\/div>\n\n\n\n<div class=\"wp-block-file\"><a id=\"wp-block-file--media-a138cef7-2060-47cd-9427-5bd1641747a3\" href=\"https:\/\/www.iemj.org\/wp-content\/uploads\/2020\/09\/04_atanu_lehalot_paneikha_jo_amar_d33-30_1971b_05__1.mp3\">Atanu Lehalot Paneikha &#8211; Jo Amar<\/a><\/div>\n\n\n\n<div class=\"wp-block-file\"><a id=\"wp-block-file--media-e44e9b8f-e23c-42d4-8f49-b1feea362691\" href=\"https:\/\/www.iemj.org\/wp-content\/uploads\/2020\/09\/05_medley_seli_hot_ouria_bensoussan_1.mp3\">Medley Selihot &#8211; Ouria Bensoussan<\/a><\/div>\n\n\n\n<div class=\"wp-block-file\"><a id=\"wp-block-file--media-de0eb911-0556-4f31-85db-a9d7d0e38677\" href=\"https:\/\/www.iemj.org\/wp-content\/uploads\/2020\/09\/06_hatanou-lefanekha-lior-elmaliah_rite_marakchi__1.mp3\">Hatanou lefanekha &#8211; Lior Elmaliah (rite Marakchi)<\/a><\/div>\n\n\n\n<div class=\"wp-block-file\"><a id=\"wp-block-file--media-c5d601b9-23cd-4cc1-83ba-5dc494c924a1\" href=\"https:\/\/www.iemj.org\/wp-content\/uploads\/2020\/09\/07_eleha_hachem-rabbin-haim-louk_rite_casablancais__1.mp3\">Elekha Hachem &#8211; Rabbin Haim Louk (rite Casablancais)<\/a><\/div>\n","protected":false},"excerpt":{"rendered":"<p>Una selecci\u00f3n de selihot interpretadas por Jo Amar, Ouriel Amar, Ouria Bensoussan, Ouriel Elbilia, Lior Elmaliah&#8217;, Haim Louk y Avraham Toledano<\/p>\n","protected":false},"author":1045,"featured_media":42957,"comment_status":"closed","ping_status":"closed","sticky":false,"template":"","format":"standard","meta":{"_acf_changed":false,"footnotes":""},"categories":[1535],"tags":[],"technique":[],"squelettes":[],"sujet":[],"formation":[],"genre":[1890],"fonds":[],"tradition":[1972],"type-de-contenu":[],"interprete-compositeur":[],"frise":[],"type-devenement":[],"tableaux-liens-externes":[],"class_list":["post-42956","post","type-post","status-publish","format-standard","has-post-thumbnail","hentry","category-listas-de-reproduccion-es","genre-liturgia-es","tradition-rito-marroqui-es"],"acf":[],"yoast_head":"<!-- This site is optimized with the Yoast SEO plugin v27.3 - https:\/\/yoast.com\/product\/yoast-seo-wordpress\/ -->\n<title>Las selijot en el rito marroqu\u00ed - Institut Europ\u00e9en des Musiques Juives<\/title>\n<meta name=\"robots\" content=\"index, follow, max-snippet:-1, max-image-preview:large, max-video-preview:-1\" \/>\n<link rel=\"canonical\" href=\"https:\/\/www.iemj.org\/es\/les-selihot-dans-le-rite-marocain\/\" \/>\n<meta property=\"og:locale\" content=\"es_ES\" \/>\n<meta property=\"og:type\" content=\"article\" \/>\n<meta property=\"og:title\" content=\"Las selijot en el rito marroqu\u00ed - Institut Europ\u00e9en des Musiques Juives\" \/>\n<meta property=\"og:description\" content=\"Una selecci\u00f3n de selihot interpretadas por Jo Amar, Ouriel Amar, Ouria Bensoussan, Ouriel Elbilia, Lior Elmaliah&#8217;, Haim Louk y Avraham Toledano\" \/>\n<meta property=\"og:url\" content=\"https:\/\/www.iemj.org\/es\/les-selihot-dans-le-rite-marocain\/\" \/>\n<meta property=\"og:site_name\" content=\"Institut Europ\u00e9en des Musiques Juives\" \/>\n<meta property=\"article:publisher\" content=\"https:\/\/www.facebook.com\/MusiquesJuives\/\" \/>\n<meta property=\"article:published_time\" content=\"2020-09-09T12:56:25+00:00\" \/>\n<meta property=\"article:modified_time\" content=\"2024-02-16T16:47:21+00:00\" \/>\n<meta property=\"og:image\" content=\"https:\/\/www.iemj.org\/wp-content\/uploads\/2020\/09\/arton4827.jpg\" \/>\n\t<meta property=\"og:image:width\" content=\"336\" \/>\n\t<meta property=\"og:image:height\" content=\"336\" \/>\n\t<meta property=\"og:image:type\" content=\"image\/jpeg\" \/>\n<meta name=\"author\" content=\"Herv\u00e9 Roten\" \/>\n<meta name=\"twitter:card\" content=\"summary_large_image\" \/>\n<meta name=\"twitter:label1\" content=\"Escrito por\" \/>\n\t<meta name=\"twitter:data1\" content=\"Herv\u00e9 Roten\" \/>\n\t<meta name=\"twitter:label2\" content=\"Tiempo de lectura\" \/>\n\t<meta name=\"twitter:data2\" content=\"3 minutos\" \/>\n<script type=\"application\/ld+json\" class=\"yoast-schema-graph\">{\"@context\":\"https:\\\/\\\/schema.org\",\"@graph\":[{\"@type\":\"Article\",\"@id\":\"https:\\\/\\\/www.iemj.org\\\/es\\\/les-selihot-dans-le-rite-marocain\\\/#article\",\"isPartOf\":{\"@id\":\"https:\\\/\\\/www.iemj.org\\\/es\\\/les-selihot-dans-le-rite-marocain\\\/\"},\"author\":{\"name\":\"Herv\u00e9 Roten\",\"@id\":\"https:\\\/\\\/www.iemj.org\\\/es\\\/#\\\/schema\\\/person\\\/906134402c29d5c76e7b726261dd4bbd\"},\"headline\":\"Las selijot en el rito marroqu\u00ed\",\"datePublished\":\"2020-09-09T12:56:25+00:00\",\"dateModified\":\"2024-02-16T16:47:21+00:00\",\"mainEntityOfPage\":{\"@id\":\"https:\\\/\\\/www.iemj.org\\\/es\\\/les-selihot-dans-le-rite-marocain\\\/\"},\"wordCount\":359,\"publisher\":{\"@id\":\"https:\\\/\\\/www.iemj.org\\\/es\\\/#organization\"},\"image\":{\"@id\":\"https:\\\/\\\/www.iemj.org\\\/es\\\/les-selihot-dans-le-rite-marocain\\\/#primaryimage\"},\"thumbnailUrl\":\"https:\\\/\\\/www.iemj.org\\\/wp-content\\\/uploads\\\/2020\\\/09\\\/arton4827.jpg\",\"articleSection\":[\"Listas de reproducci\u00f3n\"],\"inLanguage\":\"es\"},{\"@type\":\"WebPage\",\"@id\":\"https:\\\/\\\/www.iemj.org\\\/es\\\/les-selihot-dans-le-rite-marocain\\\/\",\"url\":\"https:\\\/\\\/www.iemj.org\\\/es\\\/les-selihot-dans-le-rite-marocain\\\/\",\"name\":\"Las selijot en el rito marroqu\u00ed - Institut Europ\u00e9en des Musiques Juives\",\"isPartOf\":{\"@id\":\"https:\\\/\\\/www.iemj.org\\\/es\\\/#website\"},\"primaryImageOfPage\":{\"@id\":\"https:\\\/\\\/www.iemj.org\\\/es\\\/les-selihot-dans-le-rite-marocain\\\/#primaryimage\"},\"image\":{\"@id\":\"https:\\\/\\\/www.iemj.org\\\/es\\\/les-selihot-dans-le-rite-marocain\\\/#primaryimage\"},\"thumbnailUrl\":\"https:\\\/\\\/www.iemj.org\\\/wp-content\\\/uploads\\\/2020\\\/09\\\/arton4827.jpg\",\"datePublished\":\"2020-09-09T12:56:25+00:00\",\"dateModified\":\"2024-02-16T16:47:21+00:00\",\"breadcrumb\":{\"@id\":\"https:\\\/\\\/www.iemj.org\\\/es\\\/les-selihot-dans-le-rite-marocain\\\/#breadcrumb\"},\"inLanguage\":\"es\",\"potentialAction\":[{\"@type\":\"ReadAction\",\"target\":[\"https:\\\/\\\/www.iemj.org\\\/es\\\/les-selihot-dans-le-rite-marocain\\\/\"]}]},{\"@type\":\"ImageObject\",\"inLanguage\":\"es\",\"@id\":\"https:\\\/\\\/www.iemj.org\\\/es\\\/les-selihot-dans-le-rite-marocain\\\/#primaryimage\",\"url\":\"https:\\\/\\\/www.iemj.org\\\/wp-content\\\/uploads\\\/2020\\\/09\\\/arton4827.jpg\",\"contentUrl\":\"https:\\\/\\\/www.iemj.org\\\/wp-content\\\/uploads\\\/2020\\\/09\\\/arton4827.jpg\",\"width\":336,\"height\":336},{\"@type\":\"BreadcrumbList\",\"@id\":\"https:\\\/\\\/www.iemj.org\\\/es\\\/les-selihot-dans-le-rite-marocain\\\/#breadcrumb\",\"itemListElement\":[{\"@type\":\"ListItem\",\"position\":1,\"name\":\"Accueil\",\"item\":\"https:\\\/\\\/www.iemj.org\\\/es\\\/\"},{\"@type\":\"ListItem\",\"position\":2,\"name\":\"Las selijot en el rito marroqu\u00ed\"}]},{\"@type\":\"WebSite\",\"@id\":\"https:\\\/\\\/www.iemj.org\\\/es\\\/#website\",\"url\":\"https:\\\/\\\/www.iemj.org\\\/es\\\/\",\"name\":\"Institut Europ\u00e9en des Musiques Juives\",\"description\":\"Des traditions musicales \u00e0 la port\u00e9e de tous\",\"publisher\":{\"@id\":\"https:\\\/\\\/www.iemj.org\\\/es\\\/#organization\"},\"potentialAction\":[{\"@type\":\"SearchAction\",\"target\":{\"@type\":\"EntryPoint\",\"urlTemplate\":\"https:\\\/\\\/www.iemj.org\\\/es\\\/?s={search_term_string}\"},\"query-input\":{\"@type\":\"PropertyValueSpecification\",\"valueRequired\":true,\"valueName\":\"search_term_string\"}}],\"inLanguage\":\"es\"},{\"@type\":\"Organization\",\"@id\":\"https:\\\/\\\/www.iemj.org\\\/es\\\/#organization\",\"name\":\"Institut Europ\u00e9en des Musiques Juives\",\"url\":\"https:\\\/\\\/www.iemj.org\\\/es\\\/\",\"logo\":{\"@type\":\"ImageObject\",\"inLanguage\":\"es\",\"@id\":\"https:\\\/\\\/www.iemj.org\\\/es\\\/#\\\/schema\\\/logo\\\/image\\\/\",\"url\":\"https:\\\/\\\/www.iemj.org\\\/wp-content\\\/uploads\\\/2021\\\/09\\\/Logo-IEMJ-Paypal.jpg\",\"contentUrl\":\"https:\\\/\\\/www.iemj.org\\\/wp-content\\\/uploads\\\/2021\\\/09\\\/Logo-IEMJ-Paypal.jpg\",\"width\":150,\"height\":50,\"caption\":\"Institut Europ\u00e9en des Musiques Juives\"},\"image\":{\"@id\":\"https:\\\/\\\/www.iemj.org\\\/es\\\/#\\\/schema\\\/logo\\\/image\\\/\"},\"sameAs\":[\"https:\\\/\\\/www.facebook.com\\\/MusiquesJuives\\\/\",\"https:\\\/\\\/www.instagram.com\\\/musiquesjuives\\\/\",\"https:\\\/\\\/www.youtube.com\\\/user\\\/musiquesjuives\"]},{\"@type\":\"Person\",\"@id\":\"https:\\\/\\\/www.iemj.org\\\/es\\\/#\\\/schema\\\/person\\\/906134402c29d5c76e7b726261dd4bbd\",\"name\":\"Herv\u00e9 Roten\",\"image\":{\"@type\":\"ImageObject\",\"inLanguage\":\"es\",\"@id\":\"https:\\\/\\\/secure.gravatar.com\\\/avatar\\\/f96ad2db538a26481f18384936b5cd0610c92d390c4dc382209216d455f685ff?s=96&d=mm&r=g\",\"url\":\"https:\\\/\\\/secure.gravatar.com\\\/avatar\\\/f96ad2db538a26481f18384936b5cd0610c92d390c4dc382209216d455f685ff?s=96&d=mm&r=g\",\"contentUrl\":\"https:\\\/\\\/secure.gravatar.com\\\/avatar\\\/f96ad2db538a26481f18384936b5cd0610c92d390c4dc382209216d455f685ff?s=96&d=mm&r=g\",\"caption\":\"Herv\u00e9 Roten\"}}]}<\/script>\n<!-- \/ Yoast SEO plugin. -->","yoast_head_json":{"title":"Las selijot en el rito marroqu\u00ed - Institut Europ\u00e9en des Musiques Juives","robots":{"index":"index","follow":"follow","max-snippet":"max-snippet:-1","max-image-preview":"max-image-preview:large","max-video-preview":"max-video-preview:-1"},"canonical":"https:\/\/www.iemj.org\/es\/les-selihot-dans-le-rite-marocain\/","og_locale":"es_ES","og_type":"article","og_title":"Las selijot en el rito marroqu\u00ed - Institut Europ\u00e9en des Musiques Juives","og_description":"Una selecci\u00f3n de selihot interpretadas por Jo Amar, Ouriel Amar, Ouria Bensoussan, Ouriel Elbilia, Lior Elmaliah&#8217;, Haim Louk y Avraham Toledano","og_url":"https:\/\/www.iemj.org\/es\/les-selihot-dans-le-rite-marocain\/","og_site_name":"Institut Europ\u00e9en des Musiques Juives","article_publisher":"https:\/\/www.facebook.com\/MusiquesJuives\/","article_published_time":"2020-09-09T12:56:25+00:00","article_modified_time":"2024-02-16T16:47:21+00:00","og_image":[{"width":336,"height":336,"url":"https:\/\/www.iemj.org\/wp-content\/uploads\/2020\/09\/arton4827.jpg","type":"image\/jpeg"}],"author":"Herv\u00e9 Roten","twitter_card":"summary_large_image","twitter_misc":{"Escrito por":"Herv\u00e9 Roten","Tiempo de lectura":"3 minutos"},"schema":{"@context":"https:\/\/schema.org","@graph":[{"@type":"Article","@id":"https:\/\/www.iemj.org\/es\/les-selihot-dans-le-rite-marocain\/#article","isPartOf":{"@id":"https:\/\/www.iemj.org\/es\/les-selihot-dans-le-rite-marocain\/"},"author":{"name":"Herv\u00e9 Roten","@id":"https:\/\/www.iemj.org\/es\/#\/schema\/person\/906134402c29d5c76e7b726261dd4bbd"},"headline":"Las selijot en el rito marroqu\u00ed","datePublished":"2020-09-09T12:56:25+00:00","dateModified":"2024-02-16T16:47:21+00:00","mainEntityOfPage":{"@id":"https:\/\/www.iemj.org\/es\/les-selihot-dans-le-rite-marocain\/"},"wordCount":359,"publisher":{"@id":"https:\/\/www.iemj.org\/es\/#organization"},"image":{"@id":"https:\/\/www.iemj.org\/es\/les-selihot-dans-le-rite-marocain\/#primaryimage"},"thumbnailUrl":"https:\/\/www.iemj.org\/wp-content\/uploads\/2020\/09\/arton4827.jpg","articleSection":["Listas de reproducci\u00f3n"],"inLanguage":"es"},{"@type":"WebPage","@id":"https:\/\/www.iemj.org\/es\/les-selihot-dans-le-rite-marocain\/","url":"https:\/\/www.iemj.org\/es\/les-selihot-dans-le-rite-marocain\/","name":"Las selijot en el rito marroqu\u00ed - Institut Europ\u00e9en des Musiques Juives","isPartOf":{"@id":"https:\/\/www.iemj.org\/es\/#website"},"primaryImageOfPage":{"@id":"https:\/\/www.iemj.org\/es\/les-selihot-dans-le-rite-marocain\/#primaryimage"},"image":{"@id":"https:\/\/www.iemj.org\/es\/les-selihot-dans-le-rite-marocain\/#primaryimage"},"thumbnailUrl":"https:\/\/www.iemj.org\/wp-content\/uploads\/2020\/09\/arton4827.jpg","datePublished":"2020-09-09T12:56:25+00:00","dateModified":"2024-02-16T16:47:21+00:00","breadcrumb":{"@id":"https:\/\/www.iemj.org\/es\/les-selihot-dans-le-rite-marocain\/#breadcrumb"},"inLanguage":"es","potentialAction":[{"@type":"ReadAction","target":["https:\/\/www.iemj.org\/es\/les-selihot-dans-le-rite-marocain\/"]}]},{"@type":"ImageObject","inLanguage":"es","@id":"https:\/\/www.iemj.org\/es\/les-selihot-dans-le-rite-marocain\/#primaryimage","url":"https:\/\/www.iemj.org\/wp-content\/uploads\/2020\/09\/arton4827.jpg","contentUrl":"https:\/\/www.iemj.org\/wp-content\/uploads\/2020\/09\/arton4827.jpg","width":336,"height":336},{"@type":"BreadcrumbList","@id":"https:\/\/www.iemj.org\/es\/les-selihot-dans-le-rite-marocain\/#breadcrumb","itemListElement":[{"@type":"ListItem","position":1,"name":"Accueil","item":"https:\/\/www.iemj.org\/es\/"},{"@type":"ListItem","position":2,"name":"Las selijot en el rito marroqu\u00ed"}]},{"@type":"WebSite","@id":"https:\/\/www.iemj.org\/es\/#website","url":"https:\/\/www.iemj.org\/es\/","name":"Institut Europ\u00e9en des Musiques Juives","description":"Des traditions musicales \u00e0 la port\u00e9e de tous","publisher":{"@id":"https:\/\/www.iemj.org\/es\/#organization"},"potentialAction":[{"@type":"SearchAction","target":{"@type":"EntryPoint","urlTemplate":"https:\/\/www.iemj.org\/es\/?s={search_term_string}"},"query-input":{"@type":"PropertyValueSpecification","valueRequired":true,"valueName":"search_term_string"}}],"inLanguage":"es"},{"@type":"Organization","@id":"https:\/\/www.iemj.org\/es\/#organization","name":"Institut Europ\u00e9en des Musiques Juives","url":"https:\/\/www.iemj.org\/es\/","logo":{"@type":"ImageObject","inLanguage":"es","@id":"https:\/\/www.iemj.org\/es\/#\/schema\/logo\/image\/","url":"https:\/\/www.iemj.org\/wp-content\/uploads\/2021\/09\/Logo-IEMJ-Paypal.jpg","contentUrl":"https:\/\/www.iemj.org\/wp-content\/uploads\/2021\/09\/Logo-IEMJ-Paypal.jpg","width":150,"height":50,"caption":"Institut Europ\u00e9en des Musiques Juives"},"image":{"@id":"https:\/\/www.iemj.org\/es\/#\/schema\/logo\/image\/"},"sameAs":["https:\/\/www.facebook.com\/MusiquesJuives\/","https:\/\/www.instagram.com\/musiquesjuives\/","https:\/\/www.youtube.com\/user\/musiquesjuives"]},{"@type":"Person","@id":"https:\/\/www.iemj.org\/es\/#\/schema\/person\/906134402c29d5c76e7b726261dd4bbd","name":"Herv\u00e9 Roten","image":{"@type":"ImageObject","inLanguage":"es","@id":"https:\/\/secure.gravatar.com\/avatar\/f96ad2db538a26481f18384936b5cd0610c92d390c4dc382209216d455f685ff?s=96&d=mm&r=g","url":"https:\/\/secure.gravatar.com\/avatar\/f96ad2db538a26481f18384936b5cd0610c92d390c4dc382209216d455f685ff?s=96&d=mm&r=g","contentUrl":"https:\/\/secure.gravatar.com\/avatar\/f96ad2db538a26481f18384936b5cd0610c92d390c4dc382209216d455f685ff?s=96&d=mm&r=g","caption":"Herv\u00e9 Roten"}}]}},"_links":{"self":[{"href":"https:\/\/www.iemj.org\/es\/wp-json\/wp\/v2\/posts\/42956","targetHints":{"allow":["GET"]}}],"collection":[{"href":"https:\/\/www.iemj.org\/es\/wp-json\/wp\/v2\/posts"}],"about":[{"href":"https:\/\/www.iemj.org\/es\/wp-json\/wp\/v2\/types\/post"}],"author":[{"embeddable":true,"href":"https:\/\/www.iemj.org\/es\/wp-json\/wp\/v2\/users\/1045"}],"replies":[{"embeddable":true,"href":"https:\/\/www.iemj.org\/es\/wp-json\/wp\/v2\/comments?post=42956"}],"version-history":[{"count":0,"href":"https:\/\/www.iemj.org\/es\/wp-json\/wp\/v2\/posts\/42956\/revisions"}],"wp:featuredmedia":[{"embeddable":true,"href":"https:\/\/www.iemj.org\/es\/wp-json\/wp\/v2\/media\/42957"}],"wp:attachment":[{"href":"https:\/\/www.iemj.org\/es\/wp-json\/wp\/v2\/media?parent=42956"}],"wp:term":[{"taxonomy":"category","embeddable":true,"href":"https:\/\/www.iemj.org\/es\/wp-json\/wp\/v2\/categories?post=42956"},{"taxonomy":"post_tag","embeddable":true,"href":"https:\/\/www.iemj.org\/es\/wp-json\/wp\/v2\/tags?post=42956"},{"taxonomy":"technique","embeddable":true,"href":"https:\/\/www.iemj.org\/es\/wp-json\/wp\/v2\/technique?post=42956"},{"taxonomy":"squelettes","embeddable":true,"href":"https:\/\/www.iemj.org\/es\/wp-json\/wp\/v2\/squelettes?post=42956"},{"taxonomy":"sujet","embeddable":true,"href":"https:\/\/www.iemj.org\/es\/wp-json\/wp\/v2\/sujet?post=42956"},{"taxonomy":"formation","embeddable":true,"href":"https:\/\/www.iemj.org\/es\/wp-json\/wp\/v2\/formation?post=42956"},{"taxonomy":"genre","embeddable":true,"href":"https:\/\/www.iemj.org\/es\/wp-json\/wp\/v2\/genre?post=42956"},{"taxonomy":"fonds","embeddable":true,"href":"https:\/\/www.iemj.org\/es\/wp-json\/wp\/v2\/fonds?post=42956"},{"taxonomy":"tradition","embeddable":true,"href":"https:\/\/www.iemj.org\/es\/wp-json\/wp\/v2\/tradition?post=42956"},{"taxonomy":"type-de-contenu","embeddable":true,"href":"https:\/\/www.iemj.org\/es\/wp-json\/wp\/v2\/type-de-contenu?post=42956"},{"taxonomy":"interprete-compositeur","embeddable":true,"href":"https:\/\/www.iemj.org\/es\/wp-json\/wp\/v2\/interprete-compositeur?post=42956"},{"taxonomy":"frise","embeddable":true,"href":"https:\/\/www.iemj.org\/es\/wp-json\/wp\/v2\/frise?post=42956"},{"taxonomy":"type-devenement","embeddable":true,"href":"https:\/\/www.iemj.org\/es\/wp-json\/wp\/v2\/type-devenement?post=42956"},{"taxonomy":"tableaux-liens-externes","embeddable":true,"href":"https:\/\/www.iemj.org\/es\/wp-json\/wp\/v2\/tableaux-liens-externes?post=42956"}],"curies":[{"name":"wp","href":"https:\/\/api.w.org\/{rel}","templated":true}]}}