{"id":45090,"date":"2014-10-07T15:05:39","date_gmt":"2014-10-07T13:05:39","guid":{"rendered":"https:\/\/www.iemj.org\/rossi-salomone-vers-1570-vers-1630\/"},"modified":"2021-07-19T14:32:09","modified_gmt":"2021-07-19T12:32:09","slug":"rossi-salomone-vers-1570-vers-1630","status":"publish","type":"post","link":"https:\/\/www.iemj.org\/es\/rossi-salomone-vers-1570-vers-1630\/","title":{"rendered":"Rossi, Salomone (sobre 1570-sobre 1630)"},"content":{"rendered":"<p>Salomone Rossi, o Shlomo Mi-ha-Adum\u00edm en hebreo, proviene de una antigua familia jud\u00eda en Mantua, donde naci\u00f3 alrededor de 1570. Benefici\u00e1ndose de la tolerancia otorgada a los jud\u00edos por los duques de Mantua, creci\u00f3 en relativa paz. La comunidad jud\u00eda de la ciudad, alrededor de 2.300 miembros, ten\u00eda nueve sinagogas y veinticuatro rabinos. Es en este contexto particularmente favorable que el joven Rossi se familiarizar\u00e1 con la m\u00fasica culta.<\/p>\n<p>En ese momento, el esp\u00edritu abierto del Renacimiento alent\u00f3 a una audiencia ilustrada de aficionados jud\u00edos a abrazar las pr\u00e1cticas musicales de su tiempo. La existencia de escuelas de m\u00fasica y danza est\u00e1 atestiguada en Venecia desde la primera mitad del siglo XV. A finales del mismo siglo, surgieron compositores y m\u00fasicos jud\u00edos, como Giuseppe Ebreo y Guglielmo Ebreo. N\u00f3tese que el t\u00e9rmino \u00abEbreo\u00bb agregado al nombre del compositor &#8211; probablemente por orden del censor &#8211; permite identificar formalmente el origen jud\u00edo de estos dos m\u00fasicos; esta designaci\u00f3n se aplicar\u00e1 a todos los compositores jud\u00edos italianos de este per\u00edodo.<\/p>\n<p>Durante el siglo XVI y hasta principios del siglo XVII, la Corte de los Gonzagas en Mantua acoger\u00eda a numerosos m\u00fasicos jud\u00edos. Llamado \u00abil Ebreo del Mantova\u00bb (el jud\u00edo de Mantua), Salomone Rossi apareci\u00f3 por primera vez en los registros de la corte de Mantua en 1587, primero como corista, luego como violista y finalmente como compositor. Sus primeras composiciones, un libro de <em>Canzonette<\/em> <em>a tres voces<\/em> (1589) y un libro de madrigales a 5 voces (1600) est\u00e1n dedicadas al duque Vicenzo Gonzague. A cambio, este \u00faltimo lo eximi\u00f3 en 1606 de llevar se\u00f1ales en sus vestimentas que lo se\u00f1alaran como jud\u00edo. A pesar de esta relativa integraci\u00f3n, Rossi nunca negar\u00e1 su pertenencia al juda\u00edsmo.<\/p>\n<p>Durante m\u00e1s de cuarenta a\u00f1os, Salomone Rossi permanecer\u00e1 al servicio de los duques Vicenzo y Fernando Gonzague. De 1590 a 1612 trabaj\u00f3 junto a Claudio Monteverdi (1567-1643), el genial creador de <em>Orfeo<\/em>. Sin embargo, sus madrigales no acusan la influencia de \u00e9ste. En 1630, Mantua fue sitiada y luego saqueada por tropas austriacas. La mayor\u00eda de los jud\u00edos se vieron obligados a huir de la ciudad. En este punto perdemos todo rastro de Rossi; se supone que muri\u00f3 poco despu\u00e9s, posiblemente a ra\u00edz de la peste.<\/p>\n<p>Durante su vida, sus composiciones fueron objeto de veinticinco ediciones. Su obra es imponente: cerca de trescientas piezas, principalmente vocales (<em>canzonettas<\/em>, duetos, tr\u00edos y madrigales sobre poemas de autores italianos de la \u00e9poca) pero tambi\u00e9n instrumentales, en las que contribuye al desarrollo del estilo del viol\u00edn y a la elaboraci\u00f3n de la sonata barroca.<\/p>\n<p>Las obras jud\u00edas de Rossi se publicaron en una colecci\u00f3n de dos vol\u00famenes, impresa en Venecia en 1622-23 bajo el t\u00edtulo <em>Hashirim asher lish&#8217;lomo<\/em> (C\u00e1nticos de Salom\u00f3n), y que conten\u00eda treinta y tres cantos religiosos en hebreo para coros de tres a ocho voces. El t\u00edtulo de esta colecci\u00f3n ha sido a menudo confuso: ning\u00fan texto proviene del <em>Cantar de los Cantares<\/em> atribuido al rey Salom\u00f3n, ya que la colecci\u00f3n se compone de unos veinte salmos y diez himnos o canciones. El Salom\u00f3n del t\u00edtulo se refiere por tanto al propio Salomone Rossi.<\/p>\n<p>El inter\u00e9s de estos coros, adem\u00e1s de su innegable belleza, radica en el hecho de que constituyen uno de los primeros intentos de introducir la m\u00fasica polif\u00f3nica culta la liturgia de la sinagoga. Tambi\u00e9n dan testimonio de las ideas reformadoras que luego agitaron a las comunidades italianas. Estas ideas est\u00e1n apoyadas principalmente por una figura curiosa, el rabino Le\u00f3n de M\u00f3dena (1571-1648).<\/p>\n<p>Este \u00faltimo, un verdadero \u00abmaestro de todos los oficios\u00bb (\u00a1afirma haber ejercido nada menos que veintis\u00e9is profesiones diferentes a lo largo de su carrera!), introdujo en la sinagoga de la comunidad de Ferrara desde 1605 y con ocasi\u00f3n de shabat y otras fiestas, algunas pr\u00e1cticas corales. A lo largo de su vida defender\u00e1 la idea de la necesaria renovaci\u00f3n de la m\u00fasica de la sinagoga, que le parece anticuada. As\u00ed es como, naturalmente, prolog\u00f3 la primera edici\u00f3n del <em>Cantar de los Cantares de Salom\u00f3n<\/em> en 1622-23 para reclamar la entrada en la sinagoga del lenguaje musical de sus contempor\u00e1neos.<\/p>\n<p>Sin embargo, este movimiento reformista no logr\u00f3 conquistar a todas las sinagogas italianas, y los <em>Cantos de Salom\u00f3n<\/em> probablemente s\u00f3lo se interpretaron all\u00ed un n\u00famero limitado de veces. Hay que decir que el lenguaje musical utilizado por Rossi desconoce totalmente las tradiciones de la m\u00fasica de sinagoga y sus cantilaciones. Rossi aplica a los textos hebreos el lenguaje mel\u00f3dico desarrollado durante medio siglo en Venecia. Por lo tanto, generalmente no llega a las innovaciones de Monteverdi y m\u00e1s bien recuerda a sus contempor\u00e1neos Lassus o Viadana.<\/p>\n<p>No fue hasta el siglo XIX, y el trabajo musicol\u00f3gico del cantor <a href=\"https:\/\/www.iemj.org\/naumbourg-samuel-1817-1880\/\">Samuel Naumbourg<\/a> (1817-1880) en colaboraci\u00f3n con Vincent d&#8217;Indy (1851-1931), entonces de veinticinco a\u00f1os, para que entrara la obra sinagogal de Salomone Rossi finalmente en el repertorio de sinagogas francesas y extranjeras.<\/p>\n<p><a href=\"http:\/\/www.rachelnet.net\/F\/?func=find-c&amp;ccl_term=WRD+%3D+Rossi+AND+WRD+%3D+Salomone&amp;local_base=iemcg\">Consulta nuestros archivos sobre Salomone Rossi<\/a><\/p>\n","protected":false},"excerpt":{"rendered":"<p>Salomone Rossi, o Shlomo Mi-ha-Adum\u00edm en hebreo, proviene de una antigua familia jud\u00eda en Mantua, donde naci\u00f3 alrededor de 1570. Benefici\u00e1ndose de la tolerancia otorgada a los jud\u00edos por los<\/p>\n","protected":false},"author":1046,"featured_media":45092,"comment_status":"closed","ping_status":"open","sticky":false,"template":"","format":"standard","meta":{"_acf_changed":false,"footnotes":""},"categories":[1417],"tags":[2092],"technique":[],"squelettes":[],"sujet":[2110],"formation":[],"genre":[],"fonds":[],"tradition":[],"type-de-contenu":[],"interprete-compositeur":[3280],"frise":[],"type-devenement":[],"tableaux-liens-externes":[],"class_list":["post-45090","post","type-post","status-publish","format-standard","has-post-thumbnail","hentry","category-biografias-es","tag-italia-es","sujet-musica-de-la-sinagoga-es","interprete-compositeur-salomone-rossi-es"],"acf":[],"yoast_head":"<!-- This site is optimized with the Yoast SEO plugin v27.3 - https:\/\/yoast.com\/product\/yoast-seo-wordpress\/ -->\n<title>Rossi, Salomone (sobre 1570-sobre 1630) - Institut Europ\u00e9en des Musiques Juives<\/title>\n<meta name=\"robots\" content=\"index, follow, max-snippet:-1, max-image-preview:large, max-video-preview:-1\" \/>\n<link rel=\"canonical\" href=\"https:\/\/www.iemj.org\/es\/rossi-salomone-vers-1570-vers-1630\/\" \/>\n<meta property=\"og:locale\" content=\"es_ES\" \/>\n<meta property=\"og:type\" content=\"article\" \/>\n<meta property=\"og:title\" content=\"Rossi, Salomone (sobre 1570-sobre 1630) - Institut Europ\u00e9en des Musiques Juives\" \/>\n<meta property=\"og:description\" content=\"Salomone Rossi, o Shlomo Mi-ha-Adum\u00edm en hebreo, proviene de una antigua familia jud\u00eda en Mantua, donde naci\u00f3 alrededor de 1570. Benefici\u00e1ndose de la tolerancia otorgada a los jud\u00edos por los\" \/>\n<meta property=\"og:url\" content=\"https:\/\/www.iemj.org\/es\/rossi-salomone-vers-1570-vers-1630\/\" \/>\n<meta property=\"og:site_name\" content=\"Institut Europ\u00e9en des Musiques Juives\" \/>\n<meta property=\"article:publisher\" content=\"https:\/\/www.facebook.com\/MusiquesJuives\/\" \/>\n<meta property=\"article:published_time\" content=\"2014-10-07T13:05:39+00:00\" \/>\n<meta property=\"article:modified_time\" content=\"2021-07-19T12:32:09+00:00\" \/>\n<meta property=\"og:image\" content=\"https:\/\/www.iemj.org\/wp-content\/uploads\/2014\/10\/P_970_COUV-scaled-e1618414986330.jpg\" \/>\n\t<meta property=\"og:image:width\" content=\"168\" \/>\n\t<meta property=\"og:image:height\" content=\"218\" \/>\n\t<meta property=\"og:image:type\" content=\"image\/jpeg\" \/>\n<meta name=\"author\" content=\"Isabelle Jouve\" \/>\n<meta name=\"twitter:card\" content=\"summary_large_image\" \/>\n<meta name=\"twitter:label1\" content=\"Escrito por\" \/>\n\t<meta name=\"twitter:data1\" content=\"Isabelle Jouve\" \/>\n\t<meta name=\"twitter:label2\" content=\"Tiempo de lectura\" \/>\n\t<meta name=\"twitter:data2\" content=\"4 minutos\" \/>\n<script type=\"application\/ld+json\" class=\"yoast-schema-graph\">{\"@context\":\"https:\\\/\\\/schema.org\",\"@graph\":[{\"@type\":\"Article\",\"@id\":\"https:\\\/\\\/www.iemj.org\\\/es\\\/rossi-salomone-vers-1570-vers-1630\\\/#article\",\"isPartOf\":{\"@id\":\"https:\\\/\\\/www.iemj.org\\\/es\\\/rossi-salomone-vers-1570-vers-1630\\\/\"},\"author\":{\"name\":\"Isabelle Jouve\",\"@id\":\"https:\\\/\\\/www.iemj.org\\\/es\\\/#\\\/schema\\\/person\\\/94283a7f5a8b28a85fdab0ae54777472\"},\"headline\":\"Rossi, Salomone (sobre 1570-sobre 1630)\",\"datePublished\":\"2014-10-07T13:05:39+00:00\",\"dateModified\":\"2021-07-19T12:32:09+00:00\",\"mainEntityOfPage\":{\"@id\":\"https:\\\/\\\/www.iemj.org\\\/es\\\/rossi-salomone-vers-1570-vers-1630\\\/\"},\"wordCount\":887,\"publisher\":{\"@id\":\"https:\\\/\\\/www.iemj.org\\\/es\\\/#organization\"},\"image\":{\"@id\":\"https:\\\/\\\/www.iemj.org\\\/es\\\/rossi-salomone-vers-1570-vers-1630\\\/#primaryimage\"},\"thumbnailUrl\":\"https:\\\/\\\/www.iemj.org\\\/wp-content\\\/uploads\\\/2014\\\/10\\\/P_970_COUV-scaled-e1618414986330.jpg\",\"keywords\":[\"Italia\"],\"articleSection\":[\"Biograf\u00edas\"],\"inLanguage\":\"es\"},{\"@type\":\"WebPage\",\"@id\":\"https:\\\/\\\/www.iemj.org\\\/es\\\/rossi-salomone-vers-1570-vers-1630\\\/\",\"url\":\"https:\\\/\\\/www.iemj.org\\\/es\\\/rossi-salomone-vers-1570-vers-1630\\\/\",\"name\":\"Rossi, Salomone (sobre 1570-sobre 1630) - Institut Europ\u00e9en des Musiques Juives\",\"isPartOf\":{\"@id\":\"https:\\\/\\\/www.iemj.org\\\/es\\\/#website\"},\"primaryImageOfPage\":{\"@id\":\"https:\\\/\\\/www.iemj.org\\\/es\\\/rossi-salomone-vers-1570-vers-1630\\\/#primaryimage\"},\"image\":{\"@id\":\"https:\\\/\\\/www.iemj.org\\\/es\\\/rossi-salomone-vers-1570-vers-1630\\\/#primaryimage\"},\"thumbnailUrl\":\"https:\\\/\\\/www.iemj.org\\\/wp-content\\\/uploads\\\/2014\\\/10\\\/P_970_COUV-scaled-e1618414986330.jpg\",\"datePublished\":\"2014-10-07T13:05:39+00:00\",\"dateModified\":\"2021-07-19T12:32:09+00:00\",\"breadcrumb\":{\"@id\":\"https:\\\/\\\/www.iemj.org\\\/es\\\/rossi-salomone-vers-1570-vers-1630\\\/#breadcrumb\"},\"inLanguage\":\"es\",\"potentialAction\":[{\"@type\":\"ReadAction\",\"target\":[\"https:\\\/\\\/www.iemj.org\\\/es\\\/rossi-salomone-vers-1570-vers-1630\\\/\"]}]},{\"@type\":\"ImageObject\",\"inLanguage\":\"es\",\"@id\":\"https:\\\/\\\/www.iemj.org\\\/es\\\/rossi-salomone-vers-1570-vers-1630\\\/#primaryimage\",\"url\":\"https:\\\/\\\/www.iemj.org\\\/wp-content\\\/uploads\\\/2014\\\/10\\\/P_970_COUV-scaled-e1618414986330.jpg\",\"contentUrl\":\"https:\\\/\\\/www.iemj.org\\\/wp-content\\\/uploads\\\/2014\\\/10\\\/P_970_COUV-scaled-e1618414986330.jpg\",\"width\":168,\"height\":218},{\"@type\":\"BreadcrumbList\",\"@id\":\"https:\\\/\\\/www.iemj.org\\\/es\\\/rossi-salomone-vers-1570-vers-1630\\\/#breadcrumb\",\"itemListElement\":[{\"@type\":\"ListItem\",\"position\":1,\"name\":\"Accueil\",\"item\":\"https:\\\/\\\/www.iemj.org\\\/es\\\/\"},{\"@type\":\"ListItem\",\"position\":2,\"name\":\"Rossi, Salomone (sobre 1570-sobre 1630)\"}]},{\"@type\":\"WebSite\",\"@id\":\"https:\\\/\\\/www.iemj.org\\\/es\\\/#website\",\"url\":\"https:\\\/\\\/www.iemj.org\\\/es\\\/\",\"name\":\"Institut Europ\u00e9en des Musiques Juives\",\"description\":\"Des traditions musicales \u00e0 la port\u00e9e de tous\",\"publisher\":{\"@id\":\"https:\\\/\\\/www.iemj.org\\\/es\\\/#organization\"},\"potentialAction\":[{\"@type\":\"SearchAction\",\"target\":{\"@type\":\"EntryPoint\",\"urlTemplate\":\"https:\\\/\\\/www.iemj.org\\\/es\\\/?s={search_term_string}\"},\"query-input\":{\"@type\":\"PropertyValueSpecification\",\"valueRequired\":true,\"valueName\":\"search_term_string\"}}],\"inLanguage\":\"es\"},{\"@type\":\"Organization\",\"@id\":\"https:\\\/\\\/www.iemj.org\\\/es\\\/#organization\",\"name\":\"Institut Europ\u00e9en des Musiques Juives\",\"url\":\"https:\\\/\\\/www.iemj.org\\\/es\\\/\",\"logo\":{\"@type\":\"ImageObject\",\"inLanguage\":\"es\",\"@id\":\"https:\\\/\\\/www.iemj.org\\\/es\\\/#\\\/schema\\\/logo\\\/image\\\/\",\"url\":\"https:\\\/\\\/www.iemj.org\\\/wp-content\\\/uploads\\\/2021\\\/09\\\/Logo-IEMJ-Paypal.jpg\",\"contentUrl\":\"https:\\\/\\\/www.iemj.org\\\/wp-content\\\/uploads\\\/2021\\\/09\\\/Logo-IEMJ-Paypal.jpg\",\"width\":150,\"height\":50,\"caption\":\"Institut Europ\u00e9en des Musiques Juives\"},\"image\":{\"@id\":\"https:\\\/\\\/www.iemj.org\\\/es\\\/#\\\/schema\\\/logo\\\/image\\\/\"},\"sameAs\":[\"https:\\\/\\\/www.facebook.com\\\/MusiquesJuives\\\/\",\"https:\\\/\\\/www.instagram.com\\\/musiquesjuives\\\/\",\"https:\\\/\\\/www.youtube.com\\\/user\\\/musiquesjuives\"]},{\"@type\":\"Person\",\"@id\":\"https:\\\/\\\/www.iemj.org\\\/es\\\/#\\\/schema\\\/person\\\/94283a7f5a8b28a85fdab0ae54777472\",\"name\":\"Isabelle Jouve\",\"image\":{\"@type\":\"ImageObject\",\"inLanguage\":\"es\",\"@id\":\"https:\\\/\\\/secure.gravatar.com\\\/avatar\\\/bc547a31cb8a12b3ffc0f7fcf1f2dbd4fc06e95ad13a451095d8316a6d5a59a6?s=96&d=mm&r=g\",\"url\":\"https:\\\/\\\/secure.gravatar.com\\\/avatar\\\/bc547a31cb8a12b3ffc0f7fcf1f2dbd4fc06e95ad13a451095d8316a6d5a59a6?s=96&d=mm&r=g\",\"contentUrl\":\"https:\\\/\\\/secure.gravatar.com\\\/avatar\\\/bc547a31cb8a12b3ffc0f7fcf1f2dbd4fc06e95ad13a451095d8316a6d5a59a6?s=96&d=mm&r=g\",\"caption\":\"Isabelle Jouve\"}}]}<\/script>\n<!-- \/ Yoast SEO plugin. -->","yoast_head_json":{"title":"Rossi, Salomone (sobre 1570-sobre 1630) - Institut Europ\u00e9en des Musiques Juives","robots":{"index":"index","follow":"follow","max-snippet":"max-snippet:-1","max-image-preview":"max-image-preview:large","max-video-preview":"max-video-preview:-1"},"canonical":"https:\/\/www.iemj.org\/es\/rossi-salomone-vers-1570-vers-1630\/","og_locale":"es_ES","og_type":"article","og_title":"Rossi, Salomone (sobre 1570-sobre 1630) - Institut Europ\u00e9en des Musiques Juives","og_description":"Salomone Rossi, o Shlomo Mi-ha-Adum\u00edm en hebreo, proviene de una antigua familia jud\u00eda en Mantua, donde naci\u00f3 alrededor de 1570. Benefici\u00e1ndose de la tolerancia otorgada a los jud\u00edos por los","og_url":"https:\/\/www.iemj.org\/es\/rossi-salomone-vers-1570-vers-1630\/","og_site_name":"Institut Europ\u00e9en des Musiques Juives","article_publisher":"https:\/\/www.facebook.com\/MusiquesJuives\/","article_published_time":"2014-10-07T13:05:39+00:00","article_modified_time":"2021-07-19T12:32:09+00:00","og_image":[{"width":168,"height":218,"url":"https:\/\/www.iemj.org\/wp-content\/uploads\/2014\/10\/P_970_COUV-scaled-e1618414986330.jpg","type":"image\/jpeg"}],"author":"Isabelle Jouve","twitter_card":"summary_large_image","twitter_misc":{"Escrito por":"Isabelle Jouve","Tiempo de lectura":"4 minutos"},"schema":{"@context":"https:\/\/schema.org","@graph":[{"@type":"Article","@id":"https:\/\/www.iemj.org\/es\/rossi-salomone-vers-1570-vers-1630\/#article","isPartOf":{"@id":"https:\/\/www.iemj.org\/es\/rossi-salomone-vers-1570-vers-1630\/"},"author":{"name":"Isabelle Jouve","@id":"https:\/\/www.iemj.org\/es\/#\/schema\/person\/94283a7f5a8b28a85fdab0ae54777472"},"headline":"Rossi, Salomone (sobre 1570-sobre 1630)","datePublished":"2014-10-07T13:05:39+00:00","dateModified":"2021-07-19T12:32:09+00:00","mainEntityOfPage":{"@id":"https:\/\/www.iemj.org\/es\/rossi-salomone-vers-1570-vers-1630\/"},"wordCount":887,"publisher":{"@id":"https:\/\/www.iemj.org\/es\/#organization"},"image":{"@id":"https:\/\/www.iemj.org\/es\/rossi-salomone-vers-1570-vers-1630\/#primaryimage"},"thumbnailUrl":"https:\/\/www.iemj.org\/wp-content\/uploads\/2014\/10\/P_970_COUV-scaled-e1618414986330.jpg","keywords":["Italia"],"articleSection":["Biograf\u00edas"],"inLanguage":"es"},{"@type":"WebPage","@id":"https:\/\/www.iemj.org\/es\/rossi-salomone-vers-1570-vers-1630\/","url":"https:\/\/www.iemj.org\/es\/rossi-salomone-vers-1570-vers-1630\/","name":"Rossi, Salomone (sobre 1570-sobre 1630) - Institut Europ\u00e9en des Musiques Juives","isPartOf":{"@id":"https:\/\/www.iemj.org\/es\/#website"},"primaryImageOfPage":{"@id":"https:\/\/www.iemj.org\/es\/rossi-salomone-vers-1570-vers-1630\/#primaryimage"},"image":{"@id":"https:\/\/www.iemj.org\/es\/rossi-salomone-vers-1570-vers-1630\/#primaryimage"},"thumbnailUrl":"https:\/\/www.iemj.org\/wp-content\/uploads\/2014\/10\/P_970_COUV-scaled-e1618414986330.jpg","datePublished":"2014-10-07T13:05:39+00:00","dateModified":"2021-07-19T12:32:09+00:00","breadcrumb":{"@id":"https:\/\/www.iemj.org\/es\/rossi-salomone-vers-1570-vers-1630\/#breadcrumb"},"inLanguage":"es","potentialAction":[{"@type":"ReadAction","target":["https:\/\/www.iemj.org\/es\/rossi-salomone-vers-1570-vers-1630\/"]}]},{"@type":"ImageObject","inLanguage":"es","@id":"https:\/\/www.iemj.org\/es\/rossi-salomone-vers-1570-vers-1630\/#primaryimage","url":"https:\/\/www.iemj.org\/wp-content\/uploads\/2014\/10\/P_970_COUV-scaled-e1618414986330.jpg","contentUrl":"https:\/\/www.iemj.org\/wp-content\/uploads\/2014\/10\/P_970_COUV-scaled-e1618414986330.jpg","width":168,"height":218},{"@type":"BreadcrumbList","@id":"https:\/\/www.iemj.org\/es\/rossi-salomone-vers-1570-vers-1630\/#breadcrumb","itemListElement":[{"@type":"ListItem","position":1,"name":"Accueil","item":"https:\/\/www.iemj.org\/es\/"},{"@type":"ListItem","position":2,"name":"Rossi, Salomone (sobre 1570-sobre 1630)"}]},{"@type":"WebSite","@id":"https:\/\/www.iemj.org\/es\/#website","url":"https:\/\/www.iemj.org\/es\/","name":"Institut Europ\u00e9en des Musiques Juives","description":"Des traditions musicales \u00e0 la port\u00e9e de tous","publisher":{"@id":"https:\/\/www.iemj.org\/es\/#organization"},"potentialAction":[{"@type":"SearchAction","target":{"@type":"EntryPoint","urlTemplate":"https:\/\/www.iemj.org\/es\/?s={search_term_string}"},"query-input":{"@type":"PropertyValueSpecification","valueRequired":true,"valueName":"search_term_string"}}],"inLanguage":"es"},{"@type":"Organization","@id":"https:\/\/www.iemj.org\/es\/#organization","name":"Institut Europ\u00e9en des Musiques Juives","url":"https:\/\/www.iemj.org\/es\/","logo":{"@type":"ImageObject","inLanguage":"es","@id":"https:\/\/www.iemj.org\/es\/#\/schema\/logo\/image\/","url":"https:\/\/www.iemj.org\/wp-content\/uploads\/2021\/09\/Logo-IEMJ-Paypal.jpg","contentUrl":"https:\/\/www.iemj.org\/wp-content\/uploads\/2021\/09\/Logo-IEMJ-Paypal.jpg","width":150,"height":50,"caption":"Institut Europ\u00e9en des Musiques Juives"},"image":{"@id":"https:\/\/www.iemj.org\/es\/#\/schema\/logo\/image\/"},"sameAs":["https:\/\/www.facebook.com\/MusiquesJuives\/","https:\/\/www.instagram.com\/musiquesjuives\/","https:\/\/www.youtube.com\/user\/musiquesjuives"]},{"@type":"Person","@id":"https:\/\/www.iemj.org\/es\/#\/schema\/person\/94283a7f5a8b28a85fdab0ae54777472","name":"Isabelle Jouve","image":{"@type":"ImageObject","inLanguage":"es","@id":"https:\/\/secure.gravatar.com\/avatar\/bc547a31cb8a12b3ffc0f7fcf1f2dbd4fc06e95ad13a451095d8316a6d5a59a6?s=96&d=mm&r=g","url":"https:\/\/secure.gravatar.com\/avatar\/bc547a31cb8a12b3ffc0f7fcf1f2dbd4fc06e95ad13a451095d8316a6d5a59a6?s=96&d=mm&r=g","contentUrl":"https:\/\/secure.gravatar.com\/avatar\/bc547a31cb8a12b3ffc0f7fcf1f2dbd4fc06e95ad13a451095d8316a6d5a59a6?s=96&d=mm&r=g","caption":"Isabelle Jouve"}}]}},"_links":{"self":[{"href":"https:\/\/www.iemj.org\/es\/wp-json\/wp\/v2\/posts\/45090","targetHints":{"allow":["GET"]}}],"collection":[{"href":"https:\/\/www.iemj.org\/es\/wp-json\/wp\/v2\/posts"}],"about":[{"href":"https:\/\/www.iemj.org\/es\/wp-json\/wp\/v2\/types\/post"}],"author":[{"embeddable":true,"href":"https:\/\/www.iemj.org\/es\/wp-json\/wp\/v2\/users\/1046"}],"replies":[{"embeddable":true,"href":"https:\/\/www.iemj.org\/es\/wp-json\/wp\/v2\/comments?post=45090"}],"version-history":[{"count":0,"href":"https:\/\/www.iemj.org\/es\/wp-json\/wp\/v2\/posts\/45090\/revisions"}],"wp:featuredmedia":[{"embeddable":true,"href":"https:\/\/www.iemj.org\/es\/wp-json\/wp\/v2\/media\/45092"}],"wp:attachment":[{"href":"https:\/\/www.iemj.org\/es\/wp-json\/wp\/v2\/media?parent=45090"}],"wp:term":[{"taxonomy":"category","embeddable":true,"href":"https:\/\/www.iemj.org\/es\/wp-json\/wp\/v2\/categories?post=45090"},{"taxonomy":"post_tag","embeddable":true,"href":"https:\/\/www.iemj.org\/es\/wp-json\/wp\/v2\/tags?post=45090"},{"taxonomy":"technique","embeddable":true,"href":"https:\/\/www.iemj.org\/es\/wp-json\/wp\/v2\/technique?post=45090"},{"taxonomy":"squelettes","embeddable":true,"href":"https:\/\/www.iemj.org\/es\/wp-json\/wp\/v2\/squelettes?post=45090"},{"taxonomy":"sujet","embeddable":true,"href":"https:\/\/www.iemj.org\/es\/wp-json\/wp\/v2\/sujet?post=45090"},{"taxonomy":"formation","embeddable":true,"href":"https:\/\/www.iemj.org\/es\/wp-json\/wp\/v2\/formation?post=45090"},{"taxonomy":"genre","embeddable":true,"href":"https:\/\/www.iemj.org\/es\/wp-json\/wp\/v2\/genre?post=45090"},{"taxonomy":"fonds","embeddable":true,"href":"https:\/\/www.iemj.org\/es\/wp-json\/wp\/v2\/fonds?post=45090"},{"taxonomy":"tradition","embeddable":true,"href":"https:\/\/www.iemj.org\/es\/wp-json\/wp\/v2\/tradition?post=45090"},{"taxonomy":"type-de-contenu","embeddable":true,"href":"https:\/\/www.iemj.org\/es\/wp-json\/wp\/v2\/type-de-contenu?post=45090"},{"taxonomy":"interprete-compositeur","embeddable":true,"href":"https:\/\/www.iemj.org\/es\/wp-json\/wp\/v2\/interprete-compositeur?post=45090"},{"taxonomy":"frise","embeddable":true,"href":"https:\/\/www.iemj.org\/es\/wp-json\/wp\/v2\/frise?post=45090"},{"taxonomy":"type-devenement","embeddable":true,"href":"https:\/\/www.iemj.org\/es\/wp-json\/wp\/v2\/type-devenement?post=45090"},{"taxonomy":"tableaux-liens-externes","embeddable":true,"href":"https:\/\/www.iemj.org\/es\/wp-json\/wp\/v2\/tableaux-liens-externes?post=45090"}],"curies":[{"name":"wp","href":"https:\/\/api.w.org\/{rel}","templated":true}]}}