{"id":46394,"date":"2020-01-29T10:46:33","date_gmt":"2020-01-29T09:46:33","guid":{"rendered":"https:\/\/www.iemj.org\/videos-du-concert-de-gala-de-linstitut-europeen-des-musiques-juives-edition-2019\/"},"modified":"2025-10-01T13:38:31","modified_gmt":"2025-10-01T11:38:31","slug":"videos-du-concert-de-gala-de-linstitut-europeen-des-musiques-juives-edition-2019","status":"publish","type":"post","link":"https:\/\/www.iemj.org\/es\/videos-du-concert-de-gala-de-linstitut-europeen-des-musiques-juives-edition-2019\/","title":{"rendered":"Jacques Offenbach y sus familiares &#8211; Concierto de Gala del Instituto Europeo de M\u00fasica Jud\u00eda &#8211; Edici\u00f3n 2019"},"content":{"rendered":"<p>Vea videoclips de la quinta edici\u00f3n del concierto de gala del Instituto Europeo de M\u00fasica Jud\u00eda que tuvo lugar el domingo 17 de noviembre de 2019, en la Sala Cortot (Par\u00eds 17), con el apoyo de la Fundaci\u00f3n Henriette Halphen, bajo los auspicios de la Fondation du Juda\u00efsme Fran\u00e7ais.<\/p>\n<p><span style=\"font-size: revert; color: var(--bs-body-color); font-family: var(--bs-body-font-family); font-weight: var(--bs-body-font-weight); text-align: var(--bs-body-text-align); background-color: var(--bs-body-bg);\">En el programa: <\/span><strong style=\"font-size: revert; color: var(--bs-body-color); font-family: var(--bs-body-font-family); text-align: var(--bs-body-text-align); background-color: var(--bs-body-bg);\">Jacques Offenbach y sus familiares &#8211; De la sinagoga a la \u00f3pera<\/strong><span style=\"font-size: revert; color: var(--bs-body-color); font-family: var(--bs-body-font-family); font-weight: var(--bs-body-font-weight); text-align: var(--bs-body-text-align); background-color: var(--bs-body-bg);\">, presentado por el Ensemble La Truite Lyrique, dirigido por H\u00e9ctor Sabo.<\/span><\/p>\n<p>Sopranos: Rebecca-Joy Lohnes y Ga\u00eblle Fran\u00e7ois<br \/>Mezzosopranos: Magdalena Lucovic y Florence Felz<br \/>Tenores: Nicolas Kuhn y Alvaro Valles<br \/>Bar\u00edtono: Laurent Koehler<\/p>\n<p>Pocos amantes de la m\u00fasica saben que Jacques Offenbach (1819-1880) extrajo parte de su inspiraci\u00f3n musical de los cantos de sinagoga, aprendidos en su infancia de su padre Isaac Offenbach (1779-1850), m\u00fasico, cantor lit\u00fatrgico y compositor de m\u00fasica sacra en la sinagoga de Colonia. A su llegada a Par\u00eds en 1833, y a lo largo de su carrera, Jacques Offenbach colaborar\u00e1 con otros compositores que, como \u00e9l, se han trasladado del escenario de la sinagoga al escenario de la Op\u00e9ra Comique en el esplendor del Par\u00eds del siglo XIX.<\/p>\n<p><a href=\"https:\/\/www.iemj.org\/wp-content\/uploads\/2020\/01\/programme_gala_iemj_2019_05-11-2019_v_def.pdf\" target=\"_blank\" rel=\"noopener\">Descarga el programa del concierto Gala IEMJ 2019<\/a><\/p>\n\n\n<figure class=\"wp-block-embed is-type-video is-provider-youtube wp-block-embed-youtube wp-embed-aspect-16-9 wp-has-aspect-ratio\"><div class=\"wp-block-embed__wrapper\">\n<iframe title=\"Gala IEMJ 2019 - De la synagogue \u00e0 l\u2019op\u00e9ra - Jacques Offenbach et ses proches\" width=\"640\" height=\"360\" src=\"https:\/\/www.youtube.com\/embed\/q3t-7qfbVng?feature=oembed\" frameborder=\"0\" allow=\"accelerometer; autoplay; clipboard-write; encrypted-media; gyroscope; picture-in-picture; web-share\" referrerpolicy=\"strict-origin-when-cross-origin\" allowfullscreen><\/iframe>\n<\/div><figcaption class=\"wp-element-caption\"><strong>Extractos:<\/strong><br><strong>00:00<\/strong> Ochamnou &#8211; Jacques Offenbach<br><strong>01:52<\/strong> Hal\u00e9lou advei Adonay (Ps. 113) &#8211; Isaac Offenbach<br><strong>03:46<\/strong> Cantate de mariage &#8211; Emile Jonas<br><strong>06:44<\/strong> Ouvnou&#8217;ho yomar &#8211; Giacomo Meyerbeer<br><strong>08:15<\/strong> Kedoucha &#8211; Jules Erlanger<br><strong>09:53<\/strong> Mimaamakim (Ps. 130) \u00abDe profundis en h\u00e9breu\u00bb &#8211; Fromental Hal\u00e9vy<br><strong>13:17<\/strong> Ki&#8217;hlot yeini (Pourim Lied) &#8211; Isaac Offenbach<br><strong>15:35<\/strong> BIS (arrangement : Hector Sabo)<\/figcaption><\/figure>\n\n\n\n<div class=\"wp-block-file\"><\/div>\n\n\n<div class=\"wp-block-image\">\n<figure class=\"aligncenter size-large\"><img fetchpriority=\"high\" decoding=\"async\" width=\"1024\" height=\"133\" src=\"https:\/\/www.iemj.org\/wp-content\/uploads\/2024\/03\/AUDIO-PLAYER-1024x133.png\" alt=\"\" class=\"wp-image-110610\" srcset=\"https:\/\/www.iemj.org\/wp-content\/uploads\/2024\/03\/AUDIO-PLAYER-1024x133.png 1024w, https:\/\/www.iemj.org\/wp-content\/uploads\/2024\/03\/AUDIO-PLAYER-300x39.png 300w, https:\/\/www.iemj.org\/wp-content\/uploads\/2024\/03\/AUDIO-PLAYER-768x100.png 768w, https:\/\/www.iemj.org\/wp-content\/uploads\/2024\/03\/AUDIO-PLAYER-600x78.png 600w, https:\/\/www.iemj.org\/wp-content\/uploads\/2024\/03\/AUDIO-PLAYER.png 1210w\" sizes=\"(max-width: 1024px) 100vw, 1024px\" \/><\/figure>\n<\/div>\n\n\n<div class=\"wp-block-file\"><a id=\"wp-block-file--media-68c75704-e171-4352-a59e-7f35f877f452\" href=\"https:\/\/www.iemj.org\/wp-content\/uploads\/2020\/01\/1_ochamnou_-_jacques_offenbach.mp3\">1) Ochamnou &#8211; Jacques Offenbach<\/a><\/div>\n\n\n\n<div class=\"wp-block-file\"><a id=\"wp-block-file--media-26d6ad22-06ea-40ba-8669-5e2ac2b9cd1e\" href=\"https:\/\/www.iemj.org\/wp-content\/uploads\/2020\/01\/2_halelou_advei_adonay_ps._113_-_isaac_offenbach.mp3\">2) Hal\u00e9lou advei Adonay (Ps. 113) &#8211; Isaac Offenbach<\/a><\/div>\n\n\n\n<div class=\"wp-block-file\"><a id=\"wp-block-file--media-a45620e2-e601-4b50-8662-4389ae565f55\" href=\"https:\/\/www.iemj.org\/wp-content\/uploads\/2020\/01\/3_cantate_de_mariage_-_emile_jonas.mp3\">3) Cantate de mariage &#8211; Emile Jonas<\/a><\/div>\n\n\n\n<div class=\"wp-block-file\"><a id=\"wp-block-file--media-5af0fadf-4a78-423b-bc91-43b4ce719854\" href=\"https:\/\/www.iemj.org\/wp-content\/uploads\/2020\/01\/4_ouvnou_ho_yomar_-_giacomo_meyerbeer.mp3\">4) Ouvnou\u2019ho yomar &#8211; Giacomo Meyerbeer<\/a><\/div>\n\n\n\n<div class=\"wp-block-file\"><a id=\"wp-block-file--media-784ca648-c4ff-4152-a17a-4b2eb55c49e9\" href=\"https:\/\/www.iemj.org\/wp-content\/uploads\/2020\/01\/5_kedoucha_-_jules_erlanger.mp3\">5) Kedoucha &#8211; Jules Erlanger<\/a><\/div>\n\n\n\n<div class=\"wp-block-file\"><a id=\"wp-block-file--media-3d1ede78-5b7e-43f9-88ee-6086023aed1d\" href=\"https:\/\/www.iemj.org\/wp-content\/uploads\/2020\/01\/6_mimaamakim_ps._130_de_profundis_en_hebreu_-_fromntal_halevy.mp3\">6) Mimaamakim (Ps. 130) De profundis en h\u00e9breu &#8211; Fromntal Hal\u00e9vy<\/a><\/div>\n\n\n\n<div class=\"wp-block-file\"><a id=\"wp-block-file--media-061a8519-b990-4c28-b7bb-bea2f7e8d72e\" href=\"https:\/\/www.iemj.org\/wp-content\/uploads\/2020\/01\/7_ki_hlot_yeini_pourim_lied_-_isaac_offenbach.mp3\">7) Ki\u2019hlot yeini (Pourim Lied) &#8211; Isaac Offenbach<\/a><\/div>\n\n\n\n<div class=\"wp-block-file\"><a id=\"wp-block-file--media-48167cb7-5d7a-47f3-8345-023bf06ba746\" href=\"https:\/\/www.iemj.org\/wp-content\/uploads\/2020\/01\/8_bis_arrangement_hector_sabo_.mp3\">8) BIS (arrangement  Hector Sabo)<\/a><\/div>\n","protected":false},"excerpt":{"rendered":"<p>Vea videoclips de la quinta edici\u00f3n del concierto de gala del Instituto Europeo de M\u00fasica Jud\u00eda que tuvo lugar el domingo 17 de noviembre de 2019, en la Sala Cortot<\/p>\n","protected":false},"author":1052,"featured_media":106063,"comment_status":"closed","ping_status":"closed","sticky":false,"template":"","format":"standard","meta":{"_acf_changed":false,"footnotes":""},"categories":[1517],"tags":[],"technique":[],"squelettes":[],"sujet":[],"formation":[],"genre":[1898],"fonds":[],"tradition":[],"type-de-contenu":[],"interprete-compositeur":[3200],"frise":[],"type-devenement":[],"tableaux-liens-externes":[],"class_list":["post-46394","post","type-post","status-publish","format-standard","has-post-thumbnail","hentry","category-conciertos-film-es","genre-musica-coral-es","interprete-compositeur-jacques-offenbach-es-2"],"acf":[],"yoast_head":"<!-- This site is optimized with the Yoast SEO plugin v27.3 - https:\/\/yoast.com\/product\/yoast-seo-wordpress\/ -->\n<title>Jacques Offenbach y sus familiares - Concierto de Gala del Instituto Europeo de M\u00fasica Jud\u00eda - Edici\u00f3n 2019 - Institut Europ\u00e9en des Musiques Juives<\/title>\n<meta name=\"robots\" content=\"index, follow, max-snippet:-1, max-image-preview:large, max-video-preview:-1\" \/>\n<link rel=\"canonical\" href=\"https:\/\/www.iemj.org\/es\/videos-du-concert-de-gala-de-linstitut-europeen-des-musiques-juives-edition-2019\/\" \/>\n<meta property=\"og:locale\" content=\"es_ES\" \/>\n<meta property=\"og:type\" content=\"article\" \/>\n<meta property=\"og:title\" content=\"Jacques Offenbach y sus familiares - Concierto de Gala del Instituto Europeo de M\u00fasica Jud\u00eda - Edici\u00f3n 2019 - Institut Europ\u00e9en des Musiques Juives\" \/>\n<meta property=\"og:description\" content=\"Vea videoclips de la quinta edici\u00f3n del concierto de gala del Instituto Europeo de M\u00fasica Jud\u00eda que tuvo lugar el domingo 17 de noviembre de 2019, en la Sala Cortot\" \/>\n<meta property=\"og:url\" content=\"https:\/\/www.iemj.org\/es\/videos-du-concert-de-gala-de-linstitut-europeen-des-musiques-juives-edition-2019\/\" \/>\n<meta property=\"og:site_name\" content=\"Institut Europ\u00e9en des Musiques Juives\" \/>\n<meta property=\"article:publisher\" content=\"https:\/\/www.facebook.com\/MusiquesJuives\/\" \/>\n<meta property=\"article:published_time\" content=\"2020-01-29T09:46:33+00:00\" \/>\n<meta property=\"article:modified_time\" content=\"2025-10-01T11:38:31+00:00\" \/>\n<meta property=\"og:image\" content=\"https:\/\/www.iemj.org\/wp-content\/uploads\/2020\/01\/Logo-Concert-Offenbach.jpg\" \/>\n\t<meta property=\"og:image:width\" content=\"500\" \/>\n\t<meta property=\"og:image:height\" content=\"500\" \/>\n\t<meta property=\"og:image:type\" content=\"image\/jpeg\" \/>\n<meta name=\"author\" content=\"Lea Couderc\" \/>\n<meta name=\"twitter:card\" content=\"summary_large_image\" \/>\n<meta name=\"twitter:label1\" content=\"Escrito por\" \/>\n\t<meta name=\"twitter:data1\" content=\"Lea Couderc\" \/>\n\t<meta name=\"twitter:label2\" content=\"Tiempo de lectura\" \/>\n\t<meta name=\"twitter:data2\" content=\"2 minutos\" \/>\n<script type=\"application\/ld+json\" class=\"yoast-schema-graph\">{\"@context\":\"https:\\\/\\\/schema.org\",\"@graph\":[{\"@type\":\"Article\",\"@id\":\"https:\\\/\\\/www.iemj.org\\\/es\\\/videos-du-concert-de-gala-de-linstitut-europeen-des-musiques-juives-edition-2019\\\/#article\",\"isPartOf\":{\"@id\":\"https:\\\/\\\/www.iemj.org\\\/es\\\/videos-du-concert-de-gala-de-linstitut-europeen-des-musiques-juives-edition-2019\\\/\"},\"author\":{\"name\":\"Lea Couderc\",\"@id\":\"https:\\\/\\\/www.iemj.org\\\/es\\\/#\\\/schema\\\/person\\\/e2ad57f2c4be119c7ed8ab79036807a9\"},\"headline\":\"Jacques Offenbach y sus familiares &#8211; Concierto de Gala del Instituto Europeo de M\u00fasica Jud\u00eda &#8211; Edici\u00f3n 2019\",\"datePublished\":\"2020-01-29T09:46:33+00:00\",\"dateModified\":\"2025-10-01T11:38:31+00:00\",\"mainEntityOfPage\":{\"@id\":\"https:\\\/\\\/www.iemj.org\\\/es\\\/videos-du-concert-de-gala-de-linstitut-europeen-des-musiques-juives-edition-2019\\\/\"},\"wordCount\":333,\"publisher\":{\"@id\":\"https:\\\/\\\/www.iemj.org\\\/es\\\/#organization\"},\"image\":{\"@id\":\"https:\\\/\\\/www.iemj.org\\\/es\\\/videos-du-concert-de-gala-de-linstitut-europeen-des-musiques-juives-edition-2019\\\/#primaryimage\"},\"thumbnailUrl\":\"https:\\\/\\\/www.iemj.org\\\/wp-content\\\/uploads\\\/2020\\\/01\\\/Logo-Concert-Offenbach.jpg\",\"articleSection\":[\"Conciertos\"],\"inLanguage\":\"es\"},{\"@type\":\"WebPage\",\"@id\":\"https:\\\/\\\/www.iemj.org\\\/es\\\/videos-du-concert-de-gala-de-linstitut-europeen-des-musiques-juives-edition-2019\\\/\",\"url\":\"https:\\\/\\\/www.iemj.org\\\/es\\\/videos-du-concert-de-gala-de-linstitut-europeen-des-musiques-juives-edition-2019\\\/\",\"name\":\"Jacques Offenbach y sus familiares - Concierto de Gala del Instituto Europeo de M\u00fasica Jud\u00eda - Edici\u00f3n 2019 - Institut Europ\u00e9en des Musiques Juives\",\"isPartOf\":{\"@id\":\"https:\\\/\\\/www.iemj.org\\\/es\\\/#website\"},\"primaryImageOfPage\":{\"@id\":\"https:\\\/\\\/www.iemj.org\\\/es\\\/videos-du-concert-de-gala-de-linstitut-europeen-des-musiques-juives-edition-2019\\\/#primaryimage\"},\"image\":{\"@id\":\"https:\\\/\\\/www.iemj.org\\\/es\\\/videos-du-concert-de-gala-de-linstitut-europeen-des-musiques-juives-edition-2019\\\/#primaryimage\"},\"thumbnailUrl\":\"https:\\\/\\\/www.iemj.org\\\/wp-content\\\/uploads\\\/2020\\\/01\\\/Logo-Concert-Offenbach.jpg\",\"datePublished\":\"2020-01-29T09:46:33+00:00\",\"dateModified\":\"2025-10-01T11:38:31+00:00\",\"breadcrumb\":{\"@id\":\"https:\\\/\\\/www.iemj.org\\\/es\\\/videos-du-concert-de-gala-de-linstitut-europeen-des-musiques-juives-edition-2019\\\/#breadcrumb\"},\"inLanguage\":\"es\",\"potentialAction\":[{\"@type\":\"ReadAction\",\"target\":[\"https:\\\/\\\/www.iemj.org\\\/es\\\/videos-du-concert-de-gala-de-linstitut-europeen-des-musiques-juives-edition-2019\\\/\"]}]},{\"@type\":\"ImageObject\",\"inLanguage\":\"es\",\"@id\":\"https:\\\/\\\/www.iemj.org\\\/es\\\/videos-du-concert-de-gala-de-linstitut-europeen-des-musiques-juives-edition-2019\\\/#primaryimage\",\"url\":\"https:\\\/\\\/www.iemj.org\\\/wp-content\\\/uploads\\\/2020\\\/01\\\/Logo-Concert-Offenbach.jpg\",\"contentUrl\":\"https:\\\/\\\/www.iemj.org\\\/wp-content\\\/uploads\\\/2020\\\/01\\\/Logo-Concert-Offenbach.jpg\",\"width\":500,\"height\":500},{\"@type\":\"BreadcrumbList\",\"@id\":\"https:\\\/\\\/www.iemj.org\\\/es\\\/videos-du-concert-de-gala-de-linstitut-europeen-des-musiques-juives-edition-2019\\\/#breadcrumb\",\"itemListElement\":[{\"@type\":\"ListItem\",\"position\":1,\"name\":\"Accueil\",\"item\":\"https:\\\/\\\/www.iemj.org\\\/es\\\/\"},{\"@type\":\"ListItem\",\"position\":2,\"name\":\"Jacques Offenbach y sus familiares &#8211; Concierto de Gala del Instituto Europeo de M\u00fasica Jud\u00eda &#8211; Edici\u00f3n 2019\"}]},{\"@type\":\"WebSite\",\"@id\":\"https:\\\/\\\/www.iemj.org\\\/es\\\/#website\",\"url\":\"https:\\\/\\\/www.iemj.org\\\/es\\\/\",\"name\":\"Institut Europ\u00e9en des Musiques Juives\",\"description\":\"Des traditions musicales \u00e0 la port\u00e9e de tous\",\"publisher\":{\"@id\":\"https:\\\/\\\/www.iemj.org\\\/es\\\/#organization\"},\"potentialAction\":[{\"@type\":\"SearchAction\",\"target\":{\"@type\":\"EntryPoint\",\"urlTemplate\":\"https:\\\/\\\/www.iemj.org\\\/es\\\/?s={search_term_string}\"},\"query-input\":{\"@type\":\"PropertyValueSpecification\",\"valueRequired\":true,\"valueName\":\"search_term_string\"}}],\"inLanguage\":\"es\"},{\"@type\":\"Organization\",\"@id\":\"https:\\\/\\\/www.iemj.org\\\/es\\\/#organization\",\"name\":\"Institut Europ\u00e9en des Musiques Juives\",\"url\":\"https:\\\/\\\/www.iemj.org\\\/es\\\/\",\"logo\":{\"@type\":\"ImageObject\",\"inLanguage\":\"es\",\"@id\":\"https:\\\/\\\/www.iemj.org\\\/es\\\/#\\\/schema\\\/logo\\\/image\\\/\",\"url\":\"https:\\\/\\\/www.iemj.org\\\/wp-content\\\/uploads\\\/2021\\\/09\\\/Logo-IEMJ-Paypal.jpg\",\"contentUrl\":\"https:\\\/\\\/www.iemj.org\\\/wp-content\\\/uploads\\\/2021\\\/09\\\/Logo-IEMJ-Paypal.jpg\",\"width\":150,\"height\":50,\"caption\":\"Institut Europ\u00e9en des Musiques Juives\"},\"image\":{\"@id\":\"https:\\\/\\\/www.iemj.org\\\/es\\\/#\\\/schema\\\/logo\\\/image\\\/\"},\"sameAs\":[\"https:\\\/\\\/www.facebook.com\\\/MusiquesJuives\\\/\",\"https:\\\/\\\/www.instagram.com\\\/musiquesjuives\\\/\",\"https:\\\/\\\/www.youtube.com\\\/user\\\/musiquesjuives\"]},{\"@type\":\"Person\",\"@id\":\"https:\\\/\\\/www.iemj.org\\\/es\\\/#\\\/schema\\\/person\\\/e2ad57f2c4be119c7ed8ab79036807a9\",\"name\":\"Lea Couderc\",\"image\":{\"@type\":\"ImageObject\",\"inLanguage\":\"es\",\"@id\":\"https:\\\/\\\/secure.gravatar.com\\\/avatar\\\/46ee021475d60aeff17a7e490b79dea5a5684bb392ab7fd1494027411df8ba23?s=96&d=mm&r=g\",\"url\":\"https:\\\/\\\/secure.gravatar.com\\\/avatar\\\/46ee021475d60aeff17a7e490b79dea5a5684bb392ab7fd1494027411df8ba23?s=96&d=mm&r=g\",\"contentUrl\":\"https:\\\/\\\/secure.gravatar.com\\\/avatar\\\/46ee021475d60aeff17a7e490b79dea5a5684bb392ab7fd1494027411df8ba23?s=96&d=mm&r=g\",\"caption\":\"Lea Couderc\"}}]}<\/script>\n<!-- \/ Yoast SEO plugin. -->","yoast_head_json":{"title":"Jacques Offenbach y sus familiares - Concierto de Gala del Instituto Europeo de M\u00fasica Jud\u00eda - Edici\u00f3n 2019 - Institut Europ\u00e9en des Musiques Juives","robots":{"index":"index","follow":"follow","max-snippet":"max-snippet:-1","max-image-preview":"max-image-preview:large","max-video-preview":"max-video-preview:-1"},"canonical":"https:\/\/www.iemj.org\/es\/videos-du-concert-de-gala-de-linstitut-europeen-des-musiques-juives-edition-2019\/","og_locale":"es_ES","og_type":"article","og_title":"Jacques Offenbach y sus familiares - Concierto de Gala del Instituto Europeo de M\u00fasica Jud\u00eda - Edici\u00f3n 2019 - Institut Europ\u00e9en des Musiques Juives","og_description":"Vea videoclips de la quinta edici\u00f3n del concierto de gala del Instituto Europeo de M\u00fasica Jud\u00eda que tuvo lugar el domingo 17 de noviembre de 2019, en la Sala Cortot","og_url":"https:\/\/www.iemj.org\/es\/videos-du-concert-de-gala-de-linstitut-europeen-des-musiques-juives-edition-2019\/","og_site_name":"Institut Europ\u00e9en des Musiques Juives","article_publisher":"https:\/\/www.facebook.com\/MusiquesJuives\/","article_published_time":"2020-01-29T09:46:33+00:00","article_modified_time":"2025-10-01T11:38:31+00:00","og_image":[{"width":500,"height":500,"url":"https:\/\/www.iemj.org\/wp-content\/uploads\/2020\/01\/Logo-Concert-Offenbach.jpg","type":"image\/jpeg"}],"author":"Lea Couderc","twitter_card":"summary_large_image","twitter_misc":{"Escrito por":"Lea Couderc","Tiempo de lectura":"2 minutos"},"schema":{"@context":"https:\/\/schema.org","@graph":[{"@type":"Article","@id":"https:\/\/www.iemj.org\/es\/videos-du-concert-de-gala-de-linstitut-europeen-des-musiques-juives-edition-2019\/#article","isPartOf":{"@id":"https:\/\/www.iemj.org\/es\/videos-du-concert-de-gala-de-linstitut-europeen-des-musiques-juives-edition-2019\/"},"author":{"name":"Lea Couderc","@id":"https:\/\/www.iemj.org\/es\/#\/schema\/person\/e2ad57f2c4be119c7ed8ab79036807a9"},"headline":"Jacques Offenbach y sus familiares &#8211; Concierto de Gala del Instituto Europeo de M\u00fasica Jud\u00eda &#8211; Edici\u00f3n 2019","datePublished":"2020-01-29T09:46:33+00:00","dateModified":"2025-10-01T11:38:31+00:00","mainEntityOfPage":{"@id":"https:\/\/www.iemj.org\/es\/videos-du-concert-de-gala-de-linstitut-europeen-des-musiques-juives-edition-2019\/"},"wordCount":333,"publisher":{"@id":"https:\/\/www.iemj.org\/es\/#organization"},"image":{"@id":"https:\/\/www.iemj.org\/es\/videos-du-concert-de-gala-de-linstitut-europeen-des-musiques-juives-edition-2019\/#primaryimage"},"thumbnailUrl":"https:\/\/www.iemj.org\/wp-content\/uploads\/2020\/01\/Logo-Concert-Offenbach.jpg","articleSection":["Conciertos"],"inLanguage":"es"},{"@type":"WebPage","@id":"https:\/\/www.iemj.org\/es\/videos-du-concert-de-gala-de-linstitut-europeen-des-musiques-juives-edition-2019\/","url":"https:\/\/www.iemj.org\/es\/videos-du-concert-de-gala-de-linstitut-europeen-des-musiques-juives-edition-2019\/","name":"Jacques Offenbach y sus familiares - Concierto de Gala del Instituto Europeo de M\u00fasica Jud\u00eda - Edici\u00f3n 2019 - Institut Europ\u00e9en des Musiques Juives","isPartOf":{"@id":"https:\/\/www.iemj.org\/es\/#website"},"primaryImageOfPage":{"@id":"https:\/\/www.iemj.org\/es\/videos-du-concert-de-gala-de-linstitut-europeen-des-musiques-juives-edition-2019\/#primaryimage"},"image":{"@id":"https:\/\/www.iemj.org\/es\/videos-du-concert-de-gala-de-linstitut-europeen-des-musiques-juives-edition-2019\/#primaryimage"},"thumbnailUrl":"https:\/\/www.iemj.org\/wp-content\/uploads\/2020\/01\/Logo-Concert-Offenbach.jpg","datePublished":"2020-01-29T09:46:33+00:00","dateModified":"2025-10-01T11:38:31+00:00","breadcrumb":{"@id":"https:\/\/www.iemj.org\/es\/videos-du-concert-de-gala-de-linstitut-europeen-des-musiques-juives-edition-2019\/#breadcrumb"},"inLanguage":"es","potentialAction":[{"@type":"ReadAction","target":["https:\/\/www.iemj.org\/es\/videos-du-concert-de-gala-de-linstitut-europeen-des-musiques-juives-edition-2019\/"]}]},{"@type":"ImageObject","inLanguage":"es","@id":"https:\/\/www.iemj.org\/es\/videos-du-concert-de-gala-de-linstitut-europeen-des-musiques-juives-edition-2019\/#primaryimage","url":"https:\/\/www.iemj.org\/wp-content\/uploads\/2020\/01\/Logo-Concert-Offenbach.jpg","contentUrl":"https:\/\/www.iemj.org\/wp-content\/uploads\/2020\/01\/Logo-Concert-Offenbach.jpg","width":500,"height":500},{"@type":"BreadcrumbList","@id":"https:\/\/www.iemj.org\/es\/videos-du-concert-de-gala-de-linstitut-europeen-des-musiques-juives-edition-2019\/#breadcrumb","itemListElement":[{"@type":"ListItem","position":1,"name":"Accueil","item":"https:\/\/www.iemj.org\/es\/"},{"@type":"ListItem","position":2,"name":"Jacques Offenbach y sus familiares &#8211; Concierto de Gala del Instituto Europeo de M\u00fasica Jud\u00eda &#8211; Edici\u00f3n 2019"}]},{"@type":"WebSite","@id":"https:\/\/www.iemj.org\/es\/#website","url":"https:\/\/www.iemj.org\/es\/","name":"Institut Europ\u00e9en des Musiques Juives","description":"Des traditions musicales \u00e0 la port\u00e9e de tous","publisher":{"@id":"https:\/\/www.iemj.org\/es\/#organization"},"potentialAction":[{"@type":"SearchAction","target":{"@type":"EntryPoint","urlTemplate":"https:\/\/www.iemj.org\/es\/?s={search_term_string}"},"query-input":{"@type":"PropertyValueSpecification","valueRequired":true,"valueName":"search_term_string"}}],"inLanguage":"es"},{"@type":"Organization","@id":"https:\/\/www.iemj.org\/es\/#organization","name":"Institut Europ\u00e9en des Musiques Juives","url":"https:\/\/www.iemj.org\/es\/","logo":{"@type":"ImageObject","inLanguage":"es","@id":"https:\/\/www.iemj.org\/es\/#\/schema\/logo\/image\/","url":"https:\/\/www.iemj.org\/wp-content\/uploads\/2021\/09\/Logo-IEMJ-Paypal.jpg","contentUrl":"https:\/\/www.iemj.org\/wp-content\/uploads\/2021\/09\/Logo-IEMJ-Paypal.jpg","width":150,"height":50,"caption":"Institut Europ\u00e9en des Musiques Juives"},"image":{"@id":"https:\/\/www.iemj.org\/es\/#\/schema\/logo\/image\/"},"sameAs":["https:\/\/www.facebook.com\/MusiquesJuives\/","https:\/\/www.instagram.com\/musiquesjuives\/","https:\/\/www.youtube.com\/user\/musiquesjuives"]},{"@type":"Person","@id":"https:\/\/www.iemj.org\/es\/#\/schema\/person\/e2ad57f2c4be119c7ed8ab79036807a9","name":"Lea Couderc","image":{"@type":"ImageObject","inLanguage":"es","@id":"https:\/\/secure.gravatar.com\/avatar\/46ee021475d60aeff17a7e490b79dea5a5684bb392ab7fd1494027411df8ba23?s=96&d=mm&r=g","url":"https:\/\/secure.gravatar.com\/avatar\/46ee021475d60aeff17a7e490b79dea5a5684bb392ab7fd1494027411df8ba23?s=96&d=mm&r=g","contentUrl":"https:\/\/secure.gravatar.com\/avatar\/46ee021475d60aeff17a7e490b79dea5a5684bb392ab7fd1494027411df8ba23?s=96&d=mm&r=g","caption":"Lea Couderc"}}]}},"_links":{"self":[{"href":"https:\/\/www.iemj.org\/es\/wp-json\/wp\/v2\/posts\/46394","targetHints":{"allow":["GET"]}}],"collection":[{"href":"https:\/\/www.iemj.org\/es\/wp-json\/wp\/v2\/posts"}],"about":[{"href":"https:\/\/www.iemj.org\/es\/wp-json\/wp\/v2\/types\/post"}],"author":[{"embeddable":true,"href":"https:\/\/www.iemj.org\/es\/wp-json\/wp\/v2\/users\/1052"}],"replies":[{"embeddable":true,"href":"https:\/\/www.iemj.org\/es\/wp-json\/wp\/v2\/comments?post=46394"}],"version-history":[{"count":1,"href":"https:\/\/www.iemj.org\/es\/wp-json\/wp\/v2\/posts\/46394\/revisions"}],"predecessor-version":[{"id":126259,"href":"https:\/\/www.iemj.org\/es\/wp-json\/wp\/v2\/posts\/46394\/revisions\/126259"}],"wp:featuredmedia":[{"embeddable":true,"href":"https:\/\/www.iemj.org\/es\/wp-json\/wp\/v2\/media\/106063"}],"wp:attachment":[{"href":"https:\/\/www.iemj.org\/es\/wp-json\/wp\/v2\/media?parent=46394"}],"wp:term":[{"taxonomy":"category","embeddable":true,"href":"https:\/\/www.iemj.org\/es\/wp-json\/wp\/v2\/categories?post=46394"},{"taxonomy":"post_tag","embeddable":true,"href":"https:\/\/www.iemj.org\/es\/wp-json\/wp\/v2\/tags?post=46394"},{"taxonomy":"technique","embeddable":true,"href":"https:\/\/www.iemj.org\/es\/wp-json\/wp\/v2\/technique?post=46394"},{"taxonomy":"squelettes","embeddable":true,"href":"https:\/\/www.iemj.org\/es\/wp-json\/wp\/v2\/squelettes?post=46394"},{"taxonomy":"sujet","embeddable":true,"href":"https:\/\/www.iemj.org\/es\/wp-json\/wp\/v2\/sujet?post=46394"},{"taxonomy":"formation","embeddable":true,"href":"https:\/\/www.iemj.org\/es\/wp-json\/wp\/v2\/formation?post=46394"},{"taxonomy":"genre","embeddable":true,"href":"https:\/\/www.iemj.org\/es\/wp-json\/wp\/v2\/genre?post=46394"},{"taxonomy":"fonds","embeddable":true,"href":"https:\/\/www.iemj.org\/es\/wp-json\/wp\/v2\/fonds?post=46394"},{"taxonomy":"tradition","embeddable":true,"href":"https:\/\/www.iemj.org\/es\/wp-json\/wp\/v2\/tradition?post=46394"},{"taxonomy":"type-de-contenu","embeddable":true,"href":"https:\/\/www.iemj.org\/es\/wp-json\/wp\/v2\/type-de-contenu?post=46394"},{"taxonomy":"interprete-compositeur","embeddable":true,"href":"https:\/\/www.iemj.org\/es\/wp-json\/wp\/v2\/interprete-compositeur?post=46394"},{"taxonomy":"frise","embeddable":true,"href":"https:\/\/www.iemj.org\/es\/wp-json\/wp\/v2\/frise?post=46394"},{"taxonomy":"type-devenement","embeddable":true,"href":"https:\/\/www.iemj.org\/es\/wp-json\/wp\/v2\/type-devenement?post=46394"},{"taxonomy":"tableaux-liens-externes","embeddable":true,"href":"https:\/\/www.iemj.org\/es\/wp-json\/wp\/v2\/tableaux-liens-externes?post=46394"}],"curies":[{"name":"wp","href":"https:\/\/api.w.org\/{rel}","templated":true}]}}