{"id":46733,"date":"2019-10-02T15:34:50","date_gmt":"2019-10-02T13:34:50","guid":{"rendered":"https:\/\/www.iemj.org\/jacques-offenbach-et-ses-proches-de-la-synagogue-a-lopera\/"},"modified":"2025-08-27T11:42:02","modified_gmt":"2025-08-27T09:42:02","slug":"jacques-offenbach-et-ses-proches-de-la-synagogue-a-lopera","status":"publish","type":"post","link":"https:\/\/www.iemj.org\/es\/jacques-offenbach-et-ses-proches-de-la-synagogue-a-lopera\/","title":{"rendered":"Jacques Offenbach y sus parientes: de la sinagoga a la \u00f3pera"},"content":{"rendered":"\n<div class=\"wp-block-group\"><div class=\"wp-block-group__inner-container is-layout-flow wp-block-group-is-layout-flow\">\n<p><!--more--><\/p>\n<p>Pocos amantes de la m\u00fasica saben que Jacques Offenbach (1819-1880), llamado \u00abel Mozart de los Campos El\u00edseos\u00bb por Rossini, extrajo parte de su inspiraci\u00f3n musical de las canciones sinagogales, aprendidas en su infancia de su padre Isaac Offenbach, m\u00fasico, compositor y cantor de la sinagoga de Colonia, Alemania.<\/p>\n<p>A su llegada a Par\u00eds en 1833, y a lo largo de su carrera, Jacques Offenbach colaborar\u00e1 con otros compositores de origen jud\u00edo que, como \u00e9l, pasar\u00e1n con desconcertante facilidad de la sinagoga al escenario de la \u00f3pera, y de la m\u00fasica ligera a las canciones de las sinagogas, aboliendo as\u00ed las fronteras entre g\u00e9neros, en el esplendor del Par\u00eds del siglo XIX.<\/p>\n<p>Publicado con motivo del bicentenario del nacimiento de Jacques Offenbach, este disco nos presenta <strong>obras hebreas in\u00e9ditas de Isaac y Jacques Offenbach, Giacomo Meyerbeer, Jules Erlanger, Emile Jonas o incluso Fromental Hal\u00e9vy<\/strong>, autor del salmo 130 Mimaamakim [De profundis] encargado por Luis XVIII en 1820 al Consistorio del Sena, en conmemoraci\u00f3n de la muerte del duque de Berry.<\/p>\n<p>Una grabaci\u00f3n excepcional, acompa\u00f1ada de un suntuoso folleto de 32 p\u00e1ginas, interpretado por el conjunto vocal La Truite Lyrique y Les Polyphonies H\u00e9bra\u00efques de Strasbourg bajo la direcci\u00f3n de H\u00e9ctor Sabo.<\/p>\n<p>Este CD fue producido con el apoyo de la <a class=\"spip_out\" href=\"https:\/\/www.fondationjudaisme.org\/\" target=\"_blank\" rel=\"external noopener\">Fondation du Juda\u00efsme Fran\u00e7ais<\/a>, de la <a href=\"http:\/\/www.fondationshoah.org\/\" target=\"_blank\" rel=\"noopener\">Fundaci\u00f3n para la Memoria de la Shoah<\/a>, las Fundaciones <a href=\"https:\/\/www.iemj.org\/es\/produit\/jacques-offenbach-and-friends-from-the-synagogue-to-the-opera\/\" target=\"_blank\" rel=\"noopener\">Henriette Halphen<\/a> e Irene y Jacques Darmon, bajo los auspicios de la FJF, y la <a href=\"https:\/\/www.aiu.org\/fr\/alliance-israelite-universelle\" target=\"_blank\" rel=\"noopener\">Alliance Isra\u00e9lite Universelle<\/a>.<\/p>\n<h2><a href=\"https:\/\/www.iemj.org\/es\/produit\/jacques-offenbach-and-friends-from-the-synagogue-to-the-opera\/\" target=\"_blank\" rel=\"noopener\">Solicite el CD en nuestra tienda online<\/a><\/h2>\n<\/div><\/div>\n\n\n\n<div class=\"wp-block-group\"><div class=\"wp-block-group__inner-container is-layout-flow wp-block-group-is-layout-flow\">\n<figure class=\"wp-block-embed is-type-video is-provider-youtube wp-block-embed-youtube wp-embed-aspect-16-9 wp-has-aspect-ratio\"><div class=\"wp-block-embed__wrapper\">\n<iframe title=\"Offenbach et ses proches #14 INVITE DE LA MATINALE LISE GUTMANN\" width=\"640\" height=\"360\" src=\"https:\/\/www.youtube.com\/embed\/k2rgdBQ4yZE?feature=oembed\" frameborder=\"0\" allow=\"accelerometer; autoplay; clipboard-write; encrypted-media; gyroscope; picture-in-picture; web-share\" referrerpolicy=\"strict-origin-when-cross-origin\" allowfullscreen><\/iframe>\n<\/div><figcaption class=\"wp-element-caption\"><strong>Vea la entrevista a Herv\u00e9 Roten, invitado en \u201cLa Matinale\u201d por Lise Gutmann en Juda\u00efques FM el 29 de octubre de 2019 para el lanzamiento del \u00e1lbum y la gala del IEMJ sobre \u00abOffenbach y sus parientes\u00bb<\/strong><\/figcaption><\/figure>\n<\/div><\/div>\n\n\n<div class=\"wp-block-image\">\n<figure class=\"aligncenter size-large\"><img fetchpriority=\"high\" decoding=\"async\" width=\"1024\" height=\"133\" src=\"https:\/\/www.iemj.org\/wp-content\/uploads\/2024\/03\/AUDIO-PLAYER-1024x133.png\" alt=\"\" class=\"wp-image-110610\" srcset=\"https:\/\/www.iemj.org\/wp-content\/uploads\/2024\/03\/AUDIO-PLAYER-1024x133.png 1024w, https:\/\/www.iemj.org\/wp-content\/uploads\/2024\/03\/AUDIO-PLAYER-300x39.png 300w, https:\/\/www.iemj.org\/wp-content\/uploads\/2024\/03\/AUDIO-PLAYER-768x100.png 768w, https:\/\/www.iemj.org\/wp-content\/uploads\/2024\/03\/AUDIO-PLAYER-600x78.png 600w, https:\/\/www.iemj.org\/wp-content\/uploads\/2024\/03\/AUDIO-PLAYER.png 1210w\" sizes=\"(max-width: 1024px) 100vw, 1024px\" \/><\/figure>\n<\/div>","protected":false},"excerpt":{"rendered":"","protected":false},"author":5,"featured_media":46734,"comment_status":"closed","ping_status":"closed","sticky":false,"template":"","format":"standard","meta":{"_acf_changed":false,"footnotes":""},"categories":[1394,2201,1391],"tags":[],"technique":[],"squelettes":[],"sujet":[],"formation":[],"genre":[1890,1899],"fonds":[],"tradition":[],"type-de-contenu":[],"interprete-compositeur":[3200],"frise":[],"type-devenement":[],"tableaux-liens-externes":[],"class_list":["post-46733","post","type-post","status-publish","format-standard","has-post-thumbnail","hentry","category-cd-iemj-es","category-coleccion-clasica-es","category-publicaciones-es","genre-liturgia-es","genre-musica-clasica-es","interprete-compositeur-jacques-offenbach-es-2"],"acf":[],"yoast_head":"<!-- This site is optimized with the Yoast SEO plugin v27.3 - https:\/\/yoast.com\/product\/yoast-seo-wordpress\/ -->\n<title>Jacques Offenbach y sus parientes: de la sinagoga a la \u00f3pera - Institut Europ\u00e9en des Musiques Juives<\/title>\n<meta name=\"robots\" content=\"index, follow, max-snippet:-1, max-image-preview:large, max-video-preview:-1\" \/>\n<link rel=\"canonical\" href=\"https:\/\/www.iemj.org\/es\/jacques-offenbach-et-ses-proches-de-la-synagogue-a-lopera\/\" \/>\n<meta property=\"og:locale\" content=\"es_ES\" \/>\n<meta property=\"og:type\" content=\"article\" \/>\n<meta property=\"og:title\" content=\"Jacques Offenbach y sus parientes: de la sinagoga a la \u00f3pera - Institut Europ\u00e9en des Musiques Juives\" \/>\n<meta property=\"og:url\" content=\"https:\/\/www.iemj.org\/es\/jacques-offenbach-et-ses-proches-de-la-synagogue-a-lopera\/\" \/>\n<meta property=\"og:site_name\" content=\"Institut Europ\u00e9en des Musiques Juives\" \/>\n<meta property=\"article:publisher\" content=\"https:\/\/www.facebook.com\/MusiquesJuives\/\" \/>\n<meta property=\"article:published_time\" content=\"2019-10-02T13:34:50+00:00\" \/>\n<meta property=\"article:modified_time\" content=\"2025-08-27T09:42:02+00:00\" \/>\n<meta property=\"og:image\" content=\"https:\/\/www.iemj.org\/wp-content\/uploads\/2019\/10\/arton4330.jpg\" \/>\n\t<meta property=\"og:image:width\" content=\"526\" \/>\n\t<meta property=\"og:image:height\" content=\"515\" \/>\n\t<meta property=\"og:image:type\" content=\"image\/jpeg\" \/>\n<meta name=\"author\" content=\"Jacqueline ROTEN\" \/>\n<meta name=\"twitter:card\" content=\"summary_large_image\" \/>\n<meta name=\"twitter:label1\" content=\"Escrito por\" \/>\n\t<meta name=\"twitter:data1\" content=\"Jacqueline ROTEN\" \/>\n\t<meta name=\"twitter:label2\" content=\"Tiempo de lectura\" \/>\n\t<meta name=\"twitter:data2\" content=\"2 minutos\" \/>\n<script type=\"application\/ld+json\" class=\"yoast-schema-graph\">{\"@context\":\"https:\\\/\\\/schema.org\",\"@graph\":[{\"@type\":\"Article\",\"@id\":\"https:\\\/\\\/www.iemj.org\\\/es\\\/jacques-offenbach-et-ses-proches-de-la-synagogue-a-lopera\\\/#article\",\"isPartOf\":{\"@id\":\"https:\\\/\\\/www.iemj.org\\\/es\\\/jacques-offenbach-et-ses-proches-de-la-synagogue-a-lopera\\\/\"},\"author\":{\"name\":\"Jacqueline ROTEN\",\"@id\":\"https:\\\/\\\/www.iemj.org\\\/es\\\/#\\\/schema\\\/person\\\/358e26c18aca017fcc4cc15437f7279c\"},\"headline\":\"Jacques Offenbach y sus parientes: de la sinagoga a la \u00f3pera\",\"datePublished\":\"2019-10-02T13:34:50+00:00\",\"dateModified\":\"2025-08-27T09:42:02+00:00\",\"mainEntityOfPage\":{\"@id\":\"https:\\\/\\\/www.iemj.org\\\/es\\\/jacques-offenbach-et-ses-proches-de-la-synagogue-a-lopera\\\/\"},\"wordCount\":322,\"publisher\":{\"@id\":\"https:\\\/\\\/www.iemj.org\\\/es\\\/#organization\"},\"image\":{\"@id\":\"https:\\\/\\\/www.iemj.org\\\/es\\\/jacques-offenbach-et-ses-proches-de-la-synagogue-a-lopera\\\/#primaryimage\"},\"thumbnailUrl\":\"https:\\\/\\\/www.iemj.org\\\/wp-content\\\/uploads\\\/2019\\\/10\\\/arton4330.jpg\",\"articleSection\":[\"CD IEMJ\",\"Coleccion Clasica\",\"Publicaciones\"],\"inLanguage\":\"es\"},{\"@type\":\"WebPage\",\"@id\":\"https:\\\/\\\/www.iemj.org\\\/es\\\/jacques-offenbach-et-ses-proches-de-la-synagogue-a-lopera\\\/\",\"url\":\"https:\\\/\\\/www.iemj.org\\\/es\\\/jacques-offenbach-et-ses-proches-de-la-synagogue-a-lopera\\\/\",\"name\":\"Jacques Offenbach y sus parientes: de la sinagoga a la \u00f3pera - Institut Europ\u00e9en des Musiques Juives\",\"isPartOf\":{\"@id\":\"https:\\\/\\\/www.iemj.org\\\/es\\\/#website\"},\"primaryImageOfPage\":{\"@id\":\"https:\\\/\\\/www.iemj.org\\\/es\\\/jacques-offenbach-et-ses-proches-de-la-synagogue-a-lopera\\\/#primaryimage\"},\"image\":{\"@id\":\"https:\\\/\\\/www.iemj.org\\\/es\\\/jacques-offenbach-et-ses-proches-de-la-synagogue-a-lopera\\\/#primaryimage\"},\"thumbnailUrl\":\"https:\\\/\\\/www.iemj.org\\\/wp-content\\\/uploads\\\/2019\\\/10\\\/arton4330.jpg\",\"datePublished\":\"2019-10-02T13:34:50+00:00\",\"dateModified\":\"2025-08-27T09:42:02+00:00\",\"breadcrumb\":{\"@id\":\"https:\\\/\\\/www.iemj.org\\\/es\\\/jacques-offenbach-et-ses-proches-de-la-synagogue-a-lopera\\\/#breadcrumb\"},\"inLanguage\":\"es\",\"potentialAction\":[{\"@type\":\"ReadAction\",\"target\":[\"https:\\\/\\\/www.iemj.org\\\/es\\\/jacques-offenbach-et-ses-proches-de-la-synagogue-a-lopera\\\/\"]}]},{\"@type\":\"ImageObject\",\"inLanguage\":\"es\",\"@id\":\"https:\\\/\\\/www.iemj.org\\\/es\\\/jacques-offenbach-et-ses-proches-de-la-synagogue-a-lopera\\\/#primaryimage\",\"url\":\"https:\\\/\\\/www.iemj.org\\\/wp-content\\\/uploads\\\/2019\\\/10\\\/arton4330.jpg\",\"contentUrl\":\"https:\\\/\\\/www.iemj.org\\\/wp-content\\\/uploads\\\/2019\\\/10\\\/arton4330.jpg\",\"width\":526,\"height\":515},{\"@type\":\"BreadcrumbList\",\"@id\":\"https:\\\/\\\/www.iemj.org\\\/es\\\/jacques-offenbach-et-ses-proches-de-la-synagogue-a-lopera\\\/#breadcrumb\",\"itemListElement\":[{\"@type\":\"ListItem\",\"position\":1,\"name\":\"Accueil\",\"item\":\"https:\\\/\\\/www.iemj.org\\\/es\\\/\"},{\"@type\":\"ListItem\",\"position\":2,\"name\":\"Jacques Offenbach y sus parientes: de la sinagoga a la \u00f3pera\"}]},{\"@type\":\"WebSite\",\"@id\":\"https:\\\/\\\/www.iemj.org\\\/es\\\/#website\",\"url\":\"https:\\\/\\\/www.iemj.org\\\/es\\\/\",\"name\":\"Institut Europ\u00e9en des Musiques Juives\",\"description\":\"Des traditions musicales \u00e0 la port\u00e9e de tous\",\"publisher\":{\"@id\":\"https:\\\/\\\/www.iemj.org\\\/es\\\/#organization\"},\"potentialAction\":[{\"@type\":\"SearchAction\",\"target\":{\"@type\":\"EntryPoint\",\"urlTemplate\":\"https:\\\/\\\/www.iemj.org\\\/es\\\/?s={search_term_string}\"},\"query-input\":{\"@type\":\"PropertyValueSpecification\",\"valueRequired\":true,\"valueName\":\"search_term_string\"}}],\"inLanguage\":\"es\"},{\"@type\":\"Organization\",\"@id\":\"https:\\\/\\\/www.iemj.org\\\/es\\\/#organization\",\"name\":\"Institut Europ\u00e9en des Musiques Juives\",\"url\":\"https:\\\/\\\/www.iemj.org\\\/es\\\/\",\"logo\":{\"@type\":\"ImageObject\",\"inLanguage\":\"es\",\"@id\":\"https:\\\/\\\/www.iemj.org\\\/es\\\/#\\\/schema\\\/logo\\\/image\\\/\",\"url\":\"https:\\\/\\\/www.iemj.org\\\/wp-content\\\/uploads\\\/2021\\\/09\\\/Logo-IEMJ-Paypal.jpg\",\"contentUrl\":\"https:\\\/\\\/www.iemj.org\\\/wp-content\\\/uploads\\\/2021\\\/09\\\/Logo-IEMJ-Paypal.jpg\",\"width\":150,\"height\":50,\"caption\":\"Institut Europ\u00e9en des Musiques Juives\"},\"image\":{\"@id\":\"https:\\\/\\\/www.iemj.org\\\/es\\\/#\\\/schema\\\/logo\\\/image\\\/\"},\"sameAs\":[\"https:\\\/\\\/www.facebook.com\\\/MusiquesJuives\\\/\",\"https:\\\/\\\/www.instagram.com\\\/musiquesjuives\\\/\",\"https:\\\/\\\/www.youtube.com\\\/user\\\/musiquesjuives\"]},{\"@type\":\"Person\",\"@id\":\"https:\\\/\\\/www.iemj.org\\\/es\\\/#\\\/schema\\\/person\\\/358e26c18aca017fcc4cc15437f7279c\",\"name\":\"Jacqueline ROTEN\",\"image\":{\"@type\":\"ImageObject\",\"inLanguage\":\"es\",\"@id\":\"https:\\\/\\\/secure.gravatar.com\\\/avatar\\\/5964256d6c6957de3a3505278957e0fb2a35119ac47ea41827a65301213c810b?s=96&d=mm&r=g\",\"url\":\"https:\\\/\\\/secure.gravatar.com\\\/avatar\\\/5964256d6c6957de3a3505278957e0fb2a35119ac47ea41827a65301213c810b?s=96&d=mm&r=g\",\"contentUrl\":\"https:\\\/\\\/secure.gravatar.com\\\/avatar\\\/5964256d6c6957de3a3505278957e0fb2a35119ac47ea41827a65301213c810b?s=96&d=mm&r=g\",\"caption\":\"Jacqueline ROTEN\"}}]}<\/script>\n<!-- \/ Yoast SEO plugin. -->","yoast_head_json":{"title":"Jacques Offenbach y sus parientes: de la sinagoga a la \u00f3pera - Institut Europ\u00e9en des Musiques Juives","robots":{"index":"index","follow":"follow","max-snippet":"max-snippet:-1","max-image-preview":"max-image-preview:large","max-video-preview":"max-video-preview:-1"},"canonical":"https:\/\/www.iemj.org\/es\/jacques-offenbach-et-ses-proches-de-la-synagogue-a-lopera\/","og_locale":"es_ES","og_type":"article","og_title":"Jacques Offenbach y sus parientes: de la sinagoga a la \u00f3pera - Institut Europ\u00e9en des Musiques Juives","og_url":"https:\/\/www.iemj.org\/es\/jacques-offenbach-et-ses-proches-de-la-synagogue-a-lopera\/","og_site_name":"Institut Europ\u00e9en des Musiques Juives","article_publisher":"https:\/\/www.facebook.com\/MusiquesJuives\/","article_published_time":"2019-10-02T13:34:50+00:00","article_modified_time":"2025-08-27T09:42:02+00:00","og_image":[{"width":526,"height":515,"url":"https:\/\/www.iemj.org\/wp-content\/uploads\/2019\/10\/arton4330.jpg","type":"image\/jpeg"}],"author":"Jacqueline ROTEN","twitter_card":"summary_large_image","twitter_misc":{"Escrito por":"Jacqueline ROTEN","Tiempo de lectura":"2 minutos"},"schema":{"@context":"https:\/\/schema.org","@graph":[{"@type":"Article","@id":"https:\/\/www.iemj.org\/es\/jacques-offenbach-et-ses-proches-de-la-synagogue-a-lopera\/#article","isPartOf":{"@id":"https:\/\/www.iemj.org\/es\/jacques-offenbach-et-ses-proches-de-la-synagogue-a-lopera\/"},"author":{"name":"Jacqueline ROTEN","@id":"https:\/\/www.iemj.org\/es\/#\/schema\/person\/358e26c18aca017fcc4cc15437f7279c"},"headline":"Jacques Offenbach y sus parientes: de la sinagoga a la \u00f3pera","datePublished":"2019-10-02T13:34:50+00:00","dateModified":"2025-08-27T09:42:02+00:00","mainEntityOfPage":{"@id":"https:\/\/www.iemj.org\/es\/jacques-offenbach-et-ses-proches-de-la-synagogue-a-lopera\/"},"wordCount":322,"publisher":{"@id":"https:\/\/www.iemj.org\/es\/#organization"},"image":{"@id":"https:\/\/www.iemj.org\/es\/jacques-offenbach-et-ses-proches-de-la-synagogue-a-lopera\/#primaryimage"},"thumbnailUrl":"https:\/\/www.iemj.org\/wp-content\/uploads\/2019\/10\/arton4330.jpg","articleSection":["CD IEMJ","Coleccion Clasica","Publicaciones"],"inLanguage":"es"},{"@type":"WebPage","@id":"https:\/\/www.iemj.org\/es\/jacques-offenbach-et-ses-proches-de-la-synagogue-a-lopera\/","url":"https:\/\/www.iemj.org\/es\/jacques-offenbach-et-ses-proches-de-la-synagogue-a-lopera\/","name":"Jacques Offenbach y sus parientes: de la sinagoga a la \u00f3pera - Institut Europ\u00e9en des Musiques Juives","isPartOf":{"@id":"https:\/\/www.iemj.org\/es\/#website"},"primaryImageOfPage":{"@id":"https:\/\/www.iemj.org\/es\/jacques-offenbach-et-ses-proches-de-la-synagogue-a-lopera\/#primaryimage"},"image":{"@id":"https:\/\/www.iemj.org\/es\/jacques-offenbach-et-ses-proches-de-la-synagogue-a-lopera\/#primaryimage"},"thumbnailUrl":"https:\/\/www.iemj.org\/wp-content\/uploads\/2019\/10\/arton4330.jpg","datePublished":"2019-10-02T13:34:50+00:00","dateModified":"2025-08-27T09:42:02+00:00","breadcrumb":{"@id":"https:\/\/www.iemj.org\/es\/jacques-offenbach-et-ses-proches-de-la-synagogue-a-lopera\/#breadcrumb"},"inLanguage":"es","potentialAction":[{"@type":"ReadAction","target":["https:\/\/www.iemj.org\/es\/jacques-offenbach-et-ses-proches-de-la-synagogue-a-lopera\/"]}]},{"@type":"ImageObject","inLanguage":"es","@id":"https:\/\/www.iemj.org\/es\/jacques-offenbach-et-ses-proches-de-la-synagogue-a-lopera\/#primaryimage","url":"https:\/\/www.iemj.org\/wp-content\/uploads\/2019\/10\/arton4330.jpg","contentUrl":"https:\/\/www.iemj.org\/wp-content\/uploads\/2019\/10\/arton4330.jpg","width":526,"height":515},{"@type":"BreadcrumbList","@id":"https:\/\/www.iemj.org\/es\/jacques-offenbach-et-ses-proches-de-la-synagogue-a-lopera\/#breadcrumb","itemListElement":[{"@type":"ListItem","position":1,"name":"Accueil","item":"https:\/\/www.iemj.org\/es\/"},{"@type":"ListItem","position":2,"name":"Jacques Offenbach y sus parientes: de la sinagoga a la \u00f3pera"}]},{"@type":"WebSite","@id":"https:\/\/www.iemj.org\/es\/#website","url":"https:\/\/www.iemj.org\/es\/","name":"Institut Europ\u00e9en des Musiques Juives","description":"Des traditions musicales \u00e0 la port\u00e9e de tous","publisher":{"@id":"https:\/\/www.iemj.org\/es\/#organization"},"potentialAction":[{"@type":"SearchAction","target":{"@type":"EntryPoint","urlTemplate":"https:\/\/www.iemj.org\/es\/?s={search_term_string}"},"query-input":{"@type":"PropertyValueSpecification","valueRequired":true,"valueName":"search_term_string"}}],"inLanguage":"es"},{"@type":"Organization","@id":"https:\/\/www.iemj.org\/es\/#organization","name":"Institut Europ\u00e9en des Musiques Juives","url":"https:\/\/www.iemj.org\/es\/","logo":{"@type":"ImageObject","inLanguage":"es","@id":"https:\/\/www.iemj.org\/es\/#\/schema\/logo\/image\/","url":"https:\/\/www.iemj.org\/wp-content\/uploads\/2021\/09\/Logo-IEMJ-Paypal.jpg","contentUrl":"https:\/\/www.iemj.org\/wp-content\/uploads\/2021\/09\/Logo-IEMJ-Paypal.jpg","width":150,"height":50,"caption":"Institut Europ\u00e9en des Musiques Juives"},"image":{"@id":"https:\/\/www.iemj.org\/es\/#\/schema\/logo\/image\/"},"sameAs":["https:\/\/www.facebook.com\/MusiquesJuives\/","https:\/\/www.instagram.com\/musiquesjuives\/","https:\/\/www.youtube.com\/user\/musiquesjuives"]},{"@type":"Person","@id":"https:\/\/www.iemj.org\/es\/#\/schema\/person\/358e26c18aca017fcc4cc15437f7279c","name":"Jacqueline ROTEN","image":{"@type":"ImageObject","inLanguage":"es","@id":"https:\/\/secure.gravatar.com\/avatar\/5964256d6c6957de3a3505278957e0fb2a35119ac47ea41827a65301213c810b?s=96&d=mm&r=g","url":"https:\/\/secure.gravatar.com\/avatar\/5964256d6c6957de3a3505278957e0fb2a35119ac47ea41827a65301213c810b?s=96&d=mm&r=g","contentUrl":"https:\/\/secure.gravatar.com\/avatar\/5964256d6c6957de3a3505278957e0fb2a35119ac47ea41827a65301213c810b?s=96&d=mm&r=g","caption":"Jacqueline ROTEN"}}]}},"_links":{"self":[{"href":"https:\/\/www.iemj.org\/es\/wp-json\/wp\/v2\/posts\/46733","targetHints":{"allow":["GET"]}}],"collection":[{"href":"https:\/\/www.iemj.org\/es\/wp-json\/wp\/v2\/posts"}],"about":[{"href":"https:\/\/www.iemj.org\/es\/wp-json\/wp\/v2\/types\/post"}],"author":[{"embeddable":true,"href":"https:\/\/www.iemj.org\/es\/wp-json\/wp\/v2\/users\/5"}],"replies":[{"embeddable":true,"href":"https:\/\/www.iemj.org\/es\/wp-json\/wp\/v2\/comments?post=46733"}],"version-history":[{"count":0,"href":"https:\/\/www.iemj.org\/es\/wp-json\/wp\/v2\/posts\/46733\/revisions"}],"wp:featuredmedia":[{"embeddable":true,"href":"https:\/\/www.iemj.org\/es\/wp-json\/wp\/v2\/media\/46734"}],"wp:attachment":[{"href":"https:\/\/www.iemj.org\/es\/wp-json\/wp\/v2\/media?parent=46733"}],"wp:term":[{"taxonomy":"category","embeddable":true,"href":"https:\/\/www.iemj.org\/es\/wp-json\/wp\/v2\/categories?post=46733"},{"taxonomy":"post_tag","embeddable":true,"href":"https:\/\/www.iemj.org\/es\/wp-json\/wp\/v2\/tags?post=46733"},{"taxonomy":"technique","embeddable":true,"href":"https:\/\/www.iemj.org\/es\/wp-json\/wp\/v2\/technique?post=46733"},{"taxonomy":"squelettes","embeddable":true,"href":"https:\/\/www.iemj.org\/es\/wp-json\/wp\/v2\/squelettes?post=46733"},{"taxonomy":"sujet","embeddable":true,"href":"https:\/\/www.iemj.org\/es\/wp-json\/wp\/v2\/sujet?post=46733"},{"taxonomy":"formation","embeddable":true,"href":"https:\/\/www.iemj.org\/es\/wp-json\/wp\/v2\/formation?post=46733"},{"taxonomy":"genre","embeddable":true,"href":"https:\/\/www.iemj.org\/es\/wp-json\/wp\/v2\/genre?post=46733"},{"taxonomy":"fonds","embeddable":true,"href":"https:\/\/www.iemj.org\/es\/wp-json\/wp\/v2\/fonds?post=46733"},{"taxonomy":"tradition","embeddable":true,"href":"https:\/\/www.iemj.org\/es\/wp-json\/wp\/v2\/tradition?post=46733"},{"taxonomy":"type-de-contenu","embeddable":true,"href":"https:\/\/www.iemj.org\/es\/wp-json\/wp\/v2\/type-de-contenu?post=46733"},{"taxonomy":"interprete-compositeur","embeddable":true,"href":"https:\/\/www.iemj.org\/es\/wp-json\/wp\/v2\/interprete-compositeur?post=46733"},{"taxonomy":"frise","embeddable":true,"href":"https:\/\/www.iemj.org\/es\/wp-json\/wp\/v2\/frise?post=46733"},{"taxonomy":"type-devenement","embeddable":true,"href":"https:\/\/www.iemj.org\/es\/wp-json\/wp\/v2\/type-devenement?post=46733"},{"taxonomy":"tableaux-liens-externes","embeddable":true,"href":"https:\/\/www.iemj.org\/es\/wp-json\/wp\/v2\/tableaux-liens-externes?post=46733"}],"curies":[{"name":"wp","href":"https:\/\/api.w.org\/{rel}","templated":true}]}}