{"id":46740,"date":"2021-02-18T16:14:35","date_gmt":"2021-02-18T15:14:35","guid":{"rendered":"https:\/\/www.iemj.org\/klezmer-attitude-le-groupe-klezmorim\/"},"modified":"2025-09-02T11:35:16","modified_gmt":"2025-09-02T09:35:16","slug":"klezmer-attitude-le-groupe-klezmorim","status":"publish","type":"post","link":"https:\/\/www.iemj.org\/es\/klezmer-attitude-le-groupe-klezmorim\/","title":{"rendered":"Klezmer Attitude : el grupo \u00abKlezmorim\u00bb"},"content":{"rendered":"<p class=\"postexcerpt\"><strong>KLEZMER ATTITUDE &#8211; 3 DE MARZO DE 2008 &#8211;\u00a0RADIO JUDAICA LYON (RJL) (94.5)<\/strong><\/p>\n<p><!--more-->Desde 2005, Edmond Ghrenassia presenta el programa <em>Klezmer Attitude<\/em> todos los lunes en Radio Juda\u00efca de Lyon. 30 minutos de m\u00fasica klezmer, canciones en yiddish y, a veces, m\u00fasica sefard\u00ed, oriental, israel\u00ed, religiosa o profana.<\/p>\n<p>Edmond Ghrenassia dedica este programa al grupo americano <strong>The Klezmorim<\/strong>, el primer grupo que particip\u00f3 en el renacimiento de la m\u00fasica klezmer en Estados Unidos.<\/p>\n<p><strong>M\u00fasica reproducida<\/strong><\/p>\n<ul>\n<li>The Klezmorim &#8211; <em>Heyser Bulgar<\/em><\/li>\n<li>The Klezmorim &#8211; <em>Moldovanke<\/em><\/li>\n<li>The Klezmorim &#8211; <em>Minnie the Moocher<\/em><\/li>\n<li>The Klezmorim &#8211; <em>Fidl Volach<\/em><\/li>\n<li>The Klezmorim &#8211; <em>Thalassa<\/em><\/li>\n<li>The Klezmorim &#8211; <em>Heyser Bulgar<\/em><\/li>\n<\/ul>\n<p><img decoding=\"async\" class=\" alignleft size-full wp-image-46751\" src=\"https:\/\/www.iemj.org\/wp-content\/uploads\/2020\/01\/edmond_casque_ok_petit-2.jpg\" alt=\"edmond_casque_ok_petit-2.jpg\" width=\"180\" height=\"154\" align=\"left\" \/><em>Ingeniero de formaci\u00f3n y profesor universitario, Edmond Ghrenassia conduce desde 2005 el programa <\/em>Klezmer Attitude<em> en Radio Juda\u00efca Lyon, un programa que cre\u00f3 para promover la difusi\u00f3n de la m\u00fasica jud\u00eda. En 2009, fund\u00f3 el <\/em>Festival Internacional de M\u00fasica Jud\u00eda de Lyon<em> en el Espacio Hillel, donde ha producido m\u00e1s de 50 conciertos. Como m\u00fasico aficionado, ha sido miembro de varios grupos de m\u00fasica klezmer desde 2003 y ha grabado varios CDs.<\/em><\/p>\n\n\n<figure class=\"wp-block-image alignwide size-large\"><img fetchpriority=\"high\" decoding=\"async\" width=\"1024\" height=\"133\" src=\"https:\/\/www.iemj.org\/wp-content\/uploads\/2024\/03\/AUDIO-PLAYER-1024x133.png\" alt=\"\" class=\"wp-image-110610\" srcset=\"https:\/\/www.iemj.org\/wp-content\/uploads\/2024\/03\/AUDIO-PLAYER-1024x133.png 1024w, https:\/\/www.iemj.org\/wp-content\/uploads\/2024\/03\/AUDIO-PLAYER-300x39.png 300w, https:\/\/www.iemj.org\/wp-content\/uploads\/2024\/03\/AUDIO-PLAYER-768x100.png 768w, https:\/\/www.iemj.org\/wp-content\/uploads\/2024\/03\/AUDIO-PLAYER-600x78.png 600w, https:\/\/www.iemj.org\/wp-content\/uploads\/2024\/03\/AUDIO-PLAYER.png 1210w\" sizes=\"(max-width: 1024px) 100vw, 1024px\" \/><\/figure>\n\n\n\n<div class=\"wp-block-file\"><a href=\"https:\/\/www.iemj.org\/wp-content\/uploads\/2021\/02\/ka_080303.mp3\"> Klezmer Attitude : The Klezmorim<\/a><\/div>\n","protected":false},"excerpt":{"rendered":"<p>KLEZMER ATTITUDE &#8211; 3 DE MARZO DE 2008 &#8211;\u00a0RADIO JUDAICA LYON (RJL) (94.5)<\/p>\n","protected":false},"author":1048,"featured_media":46741,"comment_status":"closed","ping_status":"closed","sticky":false,"template":"","format":"standard","meta":{"_acf_changed":false,"footnotes":""},"categories":[1537,2181],"tags":[],"technique":[],"squelettes":[],"sujet":[],"formation":[],"genre":[1876],"fonds":[],"tradition":[],"type-de-contenu":[],"interprete-compositeur":[],"frise":[],"type-devenement":[],"tableaux-liens-externes":[],"class_list":["post-46740","post","type-post","status-publish","format-standard","has-post-thumbnail","hentry","category-programas-de-radio-es","category-programas-edmond-ghrenassia-es","genre-klezmer-es"],"acf":[],"yoast_head":"<!-- This site is optimized with the Yoast SEO plugin v27.3 - https:\/\/yoast.com\/product\/yoast-seo-wordpress\/ -->\n<title>Klezmer Attitude : el grupo &quot;Klezmorim&quot; - Institut Europ\u00e9en des Musiques Juives<\/title>\n<meta name=\"robots\" content=\"index, follow, max-snippet:-1, max-image-preview:large, max-video-preview:-1\" \/>\n<link rel=\"canonical\" href=\"https:\/\/www.iemj.org\/es\/klezmer-attitude-le-groupe-klezmorim\/\" \/>\n<meta property=\"og:locale\" content=\"es_ES\" \/>\n<meta property=\"og:type\" content=\"article\" \/>\n<meta property=\"og:title\" content=\"Klezmer Attitude : el grupo &quot;Klezmorim&quot; - Institut Europ\u00e9en des Musiques Juives\" \/>\n<meta property=\"og:description\" content=\"KLEZMER ATTITUDE &#8211; 3 DE MARZO DE 2008 &#8211;\u00a0RADIO JUDAICA LYON (RJL) (94.5)\" \/>\n<meta property=\"og:url\" content=\"https:\/\/www.iemj.org\/es\/klezmer-attitude-le-groupe-klezmorim\/\" \/>\n<meta property=\"og:site_name\" content=\"Institut Europ\u00e9en des Musiques Juives\" \/>\n<meta property=\"article:publisher\" content=\"https:\/\/www.facebook.com\/MusiquesJuives\/\" \/>\n<meta property=\"article:published_time\" content=\"2021-02-18T15:14:35+00:00\" \/>\n<meta property=\"article:modified_time\" content=\"2025-09-02T09:35:16+00:00\" \/>\n<meta property=\"og:image\" content=\"https:\/\/www.iemj.org\/wp-content\/uploads\/2021\/02\/arton5032.jpg\" \/>\n\t<meta property=\"og:image:width\" content=\"200\" \/>\n\t<meta property=\"og:image:height\" content=\"200\" \/>\n\t<meta property=\"og:image:type\" content=\"image\/jpeg\" \/>\n<meta name=\"author\" content=\"Jean-Gabriel Davis\" \/>\n<meta name=\"twitter:card\" content=\"summary_large_image\" \/>\n<meta name=\"twitter:label1\" content=\"Escrito por\" \/>\n\t<meta name=\"twitter:data1\" content=\"Jean-Gabriel Davis\" \/>\n\t<meta name=\"twitter:label2\" content=\"Tiempo de lectura\" \/>\n\t<meta name=\"twitter:data2\" content=\"2 minutos\" \/>\n<script type=\"application\/ld+json\" class=\"yoast-schema-graph\">{\"@context\":\"https:\\\/\\\/schema.org\",\"@graph\":[{\"@type\":\"Article\",\"@id\":\"https:\\\/\\\/www.iemj.org\\\/es\\\/klezmer-attitude-le-groupe-klezmorim\\\/#article\",\"isPartOf\":{\"@id\":\"https:\\\/\\\/www.iemj.org\\\/es\\\/klezmer-attitude-le-groupe-klezmorim\\\/\"},\"author\":{\"name\":\"Jean-Gabriel Davis\",\"@id\":\"https:\\\/\\\/www.iemj.org\\\/es\\\/#\\\/schema\\\/person\\\/c9bc1c386a3749579a2d675e72a18666\"},\"headline\":\"Klezmer Attitude : el grupo \u00abKlezmorim\u00bb\",\"datePublished\":\"2021-02-18T15:14:35+00:00\",\"dateModified\":\"2025-09-02T09:35:16+00:00\",\"mainEntityOfPage\":{\"@id\":\"https:\\\/\\\/www.iemj.org\\\/es\\\/klezmer-attitude-le-groupe-klezmorim\\\/\"},\"wordCount\":192,\"publisher\":{\"@id\":\"https:\\\/\\\/www.iemj.org\\\/es\\\/#organization\"},\"image\":{\"@id\":\"https:\\\/\\\/www.iemj.org\\\/es\\\/klezmer-attitude-le-groupe-klezmorim\\\/#primaryimage\"},\"thumbnailUrl\":\"https:\\\/\\\/www.iemj.org\\\/wp-content\\\/uploads\\\/2021\\\/02\\\/arton5032.jpg\",\"articleSection\":[\"Programas de radio\",\"Programas Edmond Ghrenassia\"],\"inLanguage\":\"es\"},{\"@type\":\"WebPage\",\"@id\":\"https:\\\/\\\/www.iemj.org\\\/es\\\/klezmer-attitude-le-groupe-klezmorim\\\/\",\"url\":\"https:\\\/\\\/www.iemj.org\\\/es\\\/klezmer-attitude-le-groupe-klezmorim\\\/\",\"name\":\"Klezmer Attitude : el grupo \\\"Klezmorim\\\" - Institut Europ\u00e9en des Musiques Juives\",\"isPartOf\":{\"@id\":\"https:\\\/\\\/www.iemj.org\\\/es\\\/#website\"},\"primaryImageOfPage\":{\"@id\":\"https:\\\/\\\/www.iemj.org\\\/es\\\/klezmer-attitude-le-groupe-klezmorim\\\/#primaryimage\"},\"image\":{\"@id\":\"https:\\\/\\\/www.iemj.org\\\/es\\\/klezmer-attitude-le-groupe-klezmorim\\\/#primaryimage\"},\"thumbnailUrl\":\"https:\\\/\\\/www.iemj.org\\\/wp-content\\\/uploads\\\/2021\\\/02\\\/arton5032.jpg\",\"datePublished\":\"2021-02-18T15:14:35+00:00\",\"dateModified\":\"2025-09-02T09:35:16+00:00\",\"breadcrumb\":{\"@id\":\"https:\\\/\\\/www.iemj.org\\\/es\\\/klezmer-attitude-le-groupe-klezmorim\\\/#breadcrumb\"},\"inLanguage\":\"es\",\"potentialAction\":[{\"@type\":\"ReadAction\",\"target\":[\"https:\\\/\\\/www.iemj.org\\\/es\\\/klezmer-attitude-le-groupe-klezmorim\\\/\"]}]},{\"@type\":\"ImageObject\",\"inLanguage\":\"es\",\"@id\":\"https:\\\/\\\/www.iemj.org\\\/es\\\/klezmer-attitude-le-groupe-klezmorim\\\/#primaryimage\",\"url\":\"https:\\\/\\\/www.iemj.org\\\/wp-content\\\/uploads\\\/2021\\\/02\\\/arton5032.jpg\",\"contentUrl\":\"https:\\\/\\\/www.iemj.org\\\/wp-content\\\/uploads\\\/2021\\\/02\\\/arton5032.jpg\",\"width\":200,\"height\":200},{\"@type\":\"BreadcrumbList\",\"@id\":\"https:\\\/\\\/www.iemj.org\\\/es\\\/klezmer-attitude-le-groupe-klezmorim\\\/#breadcrumb\",\"itemListElement\":[{\"@type\":\"ListItem\",\"position\":1,\"name\":\"Accueil\",\"item\":\"https:\\\/\\\/www.iemj.org\\\/es\\\/\"},{\"@type\":\"ListItem\",\"position\":2,\"name\":\"Klezmer Attitude : el grupo \u00abKlezmorim\u00bb\"}]},{\"@type\":\"WebSite\",\"@id\":\"https:\\\/\\\/www.iemj.org\\\/es\\\/#website\",\"url\":\"https:\\\/\\\/www.iemj.org\\\/es\\\/\",\"name\":\"Institut Europ\u00e9en des Musiques Juives\",\"description\":\"Des traditions musicales \u00e0 la port\u00e9e de tous\",\"publisher\":{\"@id\":\"https:\\\/\\\/www.iemj.org\\\/es\\\/#organization\"},\"potentialAction\":[{\"@type\":\"SearchAction\",\"target\":{\"@type\":\"EntryPoint\",\"urlTemplate\":\"https:\\\/\\\/www.iemj.org\\\/es\\\/?s={search_term_string}\"},\"query-input\":{\"@type\":\"PropertyValueSpecification\",\"valueRequired\":true,\"valueName\":\"search_term_string\"}}],\"inLanguage\":\"es\"},{\"@type\":\"Organization\",\"@id\":\"https:\\\/\\\/www.iemj.org\\\/es\\\/#organization\",\"name\":\"Institut Europ\u00e9en des Musiques Juives\",\"url\":\"https:\\\/\\\/www.iemj.org\\\/es\\\/\",\"logo\":{\"@type\":\"ImageObject\",\"inLanguage\":\"es\",\"@id\":\"https:\\\/\\\/www.iemj.org\\\/es\\\/#\\\/schema\\\/logo\\\/image\\\/\",\"url\":\"https:\\\/\\\/www.iemj.org\\\/wp-content\\\/uploads\\\/2021\\\/09\\\/Logo-IEMJ-Paypal.jpg\",\"contentUrl\":\"https:\\\/\\\/www.iemj.org\\\/wp-content\\\/uploads\\\/2021\\\/09\\\/Logo-IEMJ-Paypal.jpg\",\"width\":150,\"height\":50,\"caption\":\"Institut Europ\u00e9en des Musiques Juives\"},\"image\":{\"@id\":\"https:\\\/\\\/www.iemj.org\\\/es\\\/#\\\/schema\\\/logo\\\/image\\\/\"},\"sameAs\":[\"https:\\\/\\\/www.facebook.com\\\/MusiquesJuives\\\/\",\"https:\\\/\\\/www.instagram.com\\\/musiquesjuives\\\/\",\"https:\\\/\\\/www.youtube.com\\\/user\\\/musiquesjuives\"]},{\"@type\":\"Person\",\"@id\":\"https:\\\/\\\/www.iemj.org\\\/es\\\/#\\\/schema\\\/person\\\/c9bc1c386a3749579a2d675e72a18666\",\"name\":\"Jean-Gabriel Davis\",\"image\":{\"@type\":\"ImageObject\",\"inLanguage\":\"es\",\"@id\":\"https:\\\/\\\/secure.gravatar.com\\\/avatar\\\/2b90d67bdf392c9b3a21fab87c0fa7edaf1fb3a058172a1ffd61033fcec7aec1?s=96&d=mm&r=g\",\"url\":\"https:\\\/\\\/secure.gravatar.com\\\/avatar\\\/2b90d67bdf392c9b3a21fab87c0fa7edaf1fb3a058172a1ffd61033fcec7aec1?s=96&d=mm&r=g\",\"contentUrl\":\"https:\\\/\\\/secure.gravatar.com\\\/avatar\\\/2b90d67bdf392c9b3a21fab87c0fa7edaf1fb3a058172a1ffd61033fcec7aec1?s=96&d=mm&r=g\",\"caption\":\"Jean-Gabriel Davis\"}}]}<\/script>\n<!-- \/ Yoast SEO plugin. -->","yoast_head_json":{"title":"Klezmer Attitude : el grupo \"Klezmorim\" - Institut Europ\u00e9en des Musiques Juives","robots":{"index":"index","follow":"follow","max-snippet":"max-snippet:-1","max-image-preview":"max-image-preview:large","max-video-preview":"max-video-preview:-1"},"canonical":"https:\/\/www.iemj.org\/es\/klezmer-attitude-le-groupe-klezmorim\/","og_locale":"es_ES","og_type":"article","og_title":"Klezmer Attitude : el grupo \"Klezmorim\" - Institut Europ\u00e9en des Musiques Juives","og_description":"KLEZMER ATTITUDE &#8211; 3 DE MARZO DE 2008 &#8211;\u00a0RADIO JUDAICA LYON (RJL) (94.5)","og_url":"https:\/\/www.iemj.org\/es\/klezmer-attitude-le-groupe-klezmorim\/","og_site_name":"Institut Europ\u00e9en des Musiques Juives","article_publisher":"https:\/\/www.facebook.com\/MusiquesJuives\/","article_published_time":"2021-02-18T15:14:35+00:00","article_modified_time":"2025-09-02T09:35:16+00:00","og_image":[{"width":200,"height":200,"url":"https:\/\/www.iemj.org\/wp-content\/uploads\/2021\/02\/arton5032.jpg","type":"image\/jpeg"}],"author":"Jean-Gabriel Davis","twitter_card":"summary_large_image","twitter_misc":{"Escrito por":"Jean-Gabriel Davis","Tiempo de lectura":"2 minutos"},"schema":{"@context":"https:\/\/schema.org","@graph":[{"@type":"Article","@id":"https:\/\/www.iemj.org\/es\/klezmer-attitude-le-groupe-klezmorim\/#article","isPartOf":{"@id":"https:\/\/www.iemj.org\/es\/klezmer-attitude-le-groupe-klezmorim\/"},"author":{"name":"Jean-Gabriel Davis","@id":"https:\/\/www.iemj.org\/es\/#\/schema\/person\/c9bc1c386a3749579a2d675e72a18666"},"headline":"Klezmer Attitude : el grupo \u00abKlezmorim\u00bb","datePublished":"2021-02-18T15:14:35+00:00","dateModified":"2025-09-02T09:35:16+00:00","mainEntityOfPage":{"@id":"https:\/\/www.iemj.org\/es\/klezmer-attitude-le-groupe-klezmorim\/"},"wordCount":192,"publisher":{"@id":"https:\/\/www.iemj.org\/es\/#organization"},"image":{"@id":"https:\/\/www.iemj.org\/es\/klezmer-attitude-le-groupe-klezmorim\/#primaryimage"},"thumbnailUrl":"https:\/\/www.iemj.org\/wp-content\/uploads\/2021\/02\/arton5032.jpg","articleSection":["Programas de radio","Programas Edmond Ghrenassia"],"inLanguage":"es"},{"@type":"WebPage","@id":"https:\/\/www.iemj.org\/es\/klezmer-attitude-le-groupe-klezmorim\/","url":"https:\/\/www.iemj.org\/es\/klezmer-attitude-le-groupe-klezmorim\/","name":"Klezmer Attitude : el grupo \"Klezmorim\" - Institut Europ\u00e9en des Musiques Juives","isPartOf":{"@id":"https:\/\/www.iemj.org\/es\/#website"},"primaryImageOfPage":{"@id":"https:\/\/www.iemj.org\/es\/klezmer-attitude-le-groupe-klezmorim\/#primaryimage"},"image":{"@id":"https:\/\/www.iemj.org\/es\/klezmer-attitude-le-groupe-klezmorim\/#primaryimage"},"thumbnailUrl":"https:\/\/www.iemj.org\/wp-content\/uploads\/2021\/02\/arton5032.jpg","datePublished":"2021-02-18T15:14:35+00:00","dateModified":"2025-09-02T09:35:16+00:00","breadcrumb":{"@id":"https:\/\/www.iemj.org\/es\/klezmer-attitude-le-groupe-klezmorim\/#breadcrumb"},"inLanguage":"es","potentialAction":[{"@type":"ReadAction","target":["https:\/\/www.iemj.org\/es\/klezmer-attitude-le-groupe-klezmorim\/"]}]},{"@type":"ImageObject","inLanguage":"es","@id":"https:\/\/www.iemj.org\/es\/klezmer-attitude-le-groupe-klezmorim\/#primaryimage","url":"https:\/\/www.iemj.org\/wp-content\/uploads\/2021\/02\/arton5032.jpg","contentUrl":"https:\/\/www.iemj.org\/wp-content\/uploads\/2021\/02\/arton5032.jpg","width":200,"height":200},{"@type":"BreadcrumbList","@id":"https:\/\/www.iemj.org\/es\/klezmer-attitude-le-groupe-klezmorim\/#breadcrumb","itemListElement":[{"@type":"ListItem","position":1,"name":"Accueil","item":"https:\/\/www.iemj.org\/es\/"},{"@type":"ListItem","position":2,"name":"Klezmer Attitude : el grupo \u00abKlezmorim\u00bb"}]},{"@type":"WebSite","@id":"https:\/\/www.iemj.org\/es\/#website","url":"https:\/\/www.iemj.org\/es\/","name":"Institut Europ\u00e9en des Musiques Juives","description":"Des traditions musicales \u00e0 la port\u00e9e de tous","publisher":{"@id":"https:\/\/www.iemj.org\/es\/#organization"},"potentialAction":[{"@type":"SearchAction","target":{"@type":"EntryPoint","urlTemplate":"https:\/\/www.iemj.org\/es\/?s={search_term_string}"},"query-input":{"@type":"PropertyValueSpecification","valueRequired":true,"valueName":"search_term_string"}}],"inLanguage":"es"},{"@type":"Organization","@id":"https:\/\/www.iemj.org\/es\/#organization","name":"Institut Europ\u00e9en des Musiques Juives","url":"https:\/\/www.iemj.org\/es\/","logo":{"@type":"ImageObject","inLanguage":"es","@id":"https:\/\/www.iemj.org\/es\/#\/schema\/logo\/image\/","url":"https:\/\/www.iemj.org\/wp-content\/uploads\/2021\/09\/Logo-IEMJ-Paypal.jpg","contentUrl":"https:\/\/www.iemj.org\/wp-content\/uploads\/2021\/09\/Logo-IEMJ-Paypal.jpg","width":150,"height":50,"caption":"Institut Europ\u00e9en des Musiques Juives"},"image":{"@id":"https:\/\/www.iemj.org\/es\/#\/schema\/logo\/image\/"},"sameAs":["https:\/\/www.facebook.com\/MusiquesJuives\/","https:\/\/www.instagram.com\/musiquesjuives\/","https:\/\/www.youtube.com\/user\/musiquesjuives"]},{"@type":"Person","@id":"https:\/\/www.iemj.org\/es\/#\/schema\/person\/c9bc1c386a3749579a2d675e72a18666","name":"Jean-Gabriel Davis","image":{"@type":"ImageObject","inLanguage":"es","@id":"https:\/\/secure.gravatar.com\/avatar\/2b90d67bdf392c9b3a21fab87c0fa7edaf1fb3a058172a1ffd61033fcec7aec1?s=96&d=mm&r=g","url":"https:\/\/secure.gravatar.com\/avatar\/2b90d67bdf392c9b3a21fab87c0fa7edaf1fb3a058172a1ffd61033fcec7aec1?s=96&d=mm&r=g","contentUrl":"https:\/\/secure.gravatar.com\/avatar\/2b90d67bdf392c9b3a21fab87c0fa7edaf1fb3a058172a1ffd61033fcec7aec1?s=96&d=mm&r=g","caption":"Jean-Gabriel Davis"}}]}},"_links":{"self":[{"href":"https:\/\/www.iemj.org\/es\/wp-json\/wp\/v2\/posts\/46740","targetHints":{"allow":["GET"]}}],"collection":[{"href":"https:\/\/www.iemj.org\/es\/wp-json\/wp\/v2\/posts"}],"about":[{"href":"https:\/\/www.iemj.org\/es\/wp-json\/wp\/v2\/types\/post"}],"author":[{"embeddable":true,"href":"https:\/\/www.iemj.org\/es\/wp-json\/wp\/v2\/users\/1048"}],"replies":[{"embeddable":true,"href":"https:\/\/www.iemj.org\/es\/wp-json\/wp\/v2\/comments?post=46740"}],"version-history":[{"count":0,"href":"https:\/\/www.iemj.org\/es\/wp-json\/wp\/v2\/posts\/46740\/revisions"}],"wp:featuredmedia":[{"embeddable":true,"href":"https:\/\/www.iemj.org\/es\/wp-json\/wp\/v2\/media\/46741"}],"wp:attachment":[{"href":"https:\/\/www.iemj.org\/es\/wp-json\/wp\/v2\/media?parent=46740"}],"wp:term":[{"taxonomy":"category","embeddable":true,"href":"https:\/\/www.iemj.org\/es\/wp-json\/wp\/v2\/categories?post=46740"},{"taxonomy":"post_tag","embeddable":true,"href":"https:\/\/www.iemj.org\/es\/wp-json\/wp\/v2\/tags?post=46740"},{"taxonomy":"technique","embeddable":true,"href":"https:\/\/www.iemj.org\/es\/wp-json\/wp\/v2\/technique?post=46740"},{"taxonomy":"squelettes","embeddable":true,"href":"https:\/\/www.iemj.org\/es\/wp-json\/wp\/v2\/squelettes?post=46740"},{"taxonomy":"sujet","embeddable":true,"href":"https:\/\/www.iemj.org\/es\/wp-json\/wp\/v2\/sujet?post=46740"},{"taxonomy":"formation","embeddable":true,"href":"https:\/\/www.iemj.org\/es\/wp-json\/wp\/v2\/formation?post=46740"},{"taxonomy":"genre","embeddable":true,"href":"https:\/\/www.iemj.org\/es\/wp-json\/wp\/v2\/genre?post=46740"},{"taxonomy":"fonds","embeddable":true,"href":"https:\/\/www.iemj.org\/es\/wp-json\/wp\/v2\/fonds?post=46740"},{"taxonomy":"tradition","embeddable":true,"href":"https:\/\/www.iemj.org\/es\/wp-json\/wp\/v2\/tradition?post=46740"},{"taxonomy":"type-de-contenu","embeddable":true,"href":"https:\/\/www.iemj.org\/es\/wp-json\/wp\/v2\/type-de-contenu?post=46740"},{"taxonomy":"interprete-compositeur","embeddable":true,"href":"https:\/\/www.iemj.org\/es\/wp-json\/wp\/v2\/interprete-compositeur?post=46740"},{"taxonomy":"frise","embeddable":true,"href":"https:\/\/www.iemj.org\/es\/wp-json\/wp\/v2\/frise?post=46740"},{"taxonomy":"type-devenement","embeddable":true,"href":"https:\/\/www.iemj.org\/es\/wp-json\/wp\/v2\/type-devenement?post=46740"},{"taxonomy":"tableaux-liens-externes","embeddable":true,"href":"https:\/\/www.iemj.org\/es\/wp-json\/wp\/v2\/tableaux-liens-externes?post=46740"}],"curies":[{"name":"wp","href":"https:\/\/api.w.org\/{rel}","templated":true}]}}