{"id":46807,"date":"2019-06-11T09:57:55","date_gmt":"2019-06-11T07:57:55","guid":{"rendered":"https:\/\/www.iemj.org\/concert-de-gala-de-liemj-5e-edition-de-la-synagogue-a-lopera-jacques-offenbach-et-ses-proches\/"},"modified":"2021-06-07T12:39:10","modified_gmt":"2021-06-07T10:39:10","slug":"concert-de-gala-de-liemj-5e-edition-de-la-synagogue-a-lopera-jacques-offenbach-et-ses-proches","status":"publish","type":"post","link":"https:\/\/www.iemj.org\/es\/concert-de-gala-de-liemj-5e-edition-de-la-synagogue-a-lopera-jacques-offenbach-et-ses-proches\/","title":{"rendered":"Concierto de Gala de la IEMJ &#8211; 5\u00aa edici\u00f3n &#8211; De la sinagoga a la \u00f3pera: Jacques Offenbach y sus familiares"},"content":{"rendered":"<p>\u00a0<\/p>\n<h2 style=\"text-align: center;\">DOMINGO 17 DE NOVIEMBRE DE 2019, 17:30<\/h2>\n<h2 style=\"text-align: center;\">Sala Cortot &#8211; 78 rue Cardinet, 75017 Par\u00eds<\/h2>\n<p>\u00a0<\/p>\n<h2 style=\"text-align: center;\">De la sinagoga a la \u00f3pera: Jacques Offenbach y sus familiares<\/h2>\n<p>\u00a0<\/p>\n<h2 style=\"text-align: center;\">Obras originales en hebreo de Isaac y Jacques Offenbach, Jacques Fromental Hal\u00e9vy, Giacomo Meyerbeer, Jules Erlanger y Emile Jonas<\/h2>\n<p>\u00a0<\/p>\n<h2 style=\"text-align: center;\">Por el conjunto Truite Lyrique dirigido por Hector Sabo<\/h2>\n<p>\u00a0<\/p>\n<p><!--more--><\/p>\n<p>Pocos mel\u00f3manos saben que <a href=\"https:\/\/www.iemj.org\/offenbach-jacques-1819-1880\/\">Jacques Offenbach<\/a>, llamado por Rossini \u00abel Mozart de los Campos El\u00edseos\u00bb, se inspir\u00f3 en parte en los cantos de la sinagoga que aprendi\u00f3 de ni\u00f1o de su padre Isaac Offenbach (1779-1850), m\u00fasico, cantor y compositor de m\u00fasica religiosa en la sinagoga de Colonia, en Alemania. A su llegada a Par\u00eds en 1833, y a lo largo de su carrera, Jacques Offenbach (1819-1880) colabor\u00f3 con otros compositores que, como \u00e9l, evolucionaron desde la m\u00fasica sacra de sinagoga hasta el arte l\u00edrico de alto nivel, que invadi\u00f3 la escena parisina del siglo XIX.<\/p>\n<p>Con motivo del bicentenario del nacimiento de Jacques Offenbach, la 5\u00aa edici\u00f3n del Concierto de Gala del Instituto Europeo de M\u00fasica Jud\u00eda, que tendr\u00e1 lugar en la sala Cortot (Par\u00eds), el 17 de noviembre de 2019 a las 17:30 horas, presentar\u00e1 un programa original titulado: \u00abDe la sinagoga a la \u00f3pera: Jacques Offenbach y sus amigos\u00bb. Se escuchar\u00e1n varios corales sinagogales de Jacques e Isaac Offenbach, as\u00ed como obras hebreas originales o desconocidas de compositores amigos suyos, como <a href=\"https:\/\/www.iemj.org\/halevy-jacques-francois-fromental-elie-1799-1862\/\">Jacques Fromental Hal\u00e9vy<\/a> (creaci\u00f3n parisina de De profundis \/ Mimaamakim encargada en 1820 por Luis XVIII para la muerte de su sobrino el duque de Berry), Giacomo Meyerbeer, Jules Erlanger o <a href=\"https:\/\/www.iemj.org\/jonas-emile-1827-1905\/\">\u00c9mile Jonas<\/a>.<\/p>\n<p>Del podio de la sinagoga al escenario de la \u00f3pera o de la opereta, de los cantos sinagogales a la m\u00fasica l\u00edrica y ligera&#8230;<\/p>\n<p>Concierto seguido de una copa de amistad con los artistas (s\u00f3lo para las entradas de plata y oro).<\/p>\n<p>Tarifas : 15 \u20ac* &#8211; 25 \u20ac &#8211; 50 \u20ac** &#8211; 100 \u20ac** &#8211; 200 \u20ac**<br \/>* Cuota para los miembros de la EIJM con su afiliaci\u00f3n actualizada (n\u00famero limitado de entradas) &#8211; Adquirible s\u00f3lo por cheque bancario ordenado al IEMJ, 29 rue Marcel Duchamp &#8211; 75013 Par\u00eds<br \/>** con recibo Cerfa en la parte de la donaci\u00f3n, que representa el precio de la entrada menos 15 euros<br \/>(Ejemplo: por una entrada de 100 euros, se entregar\u00e1 un recibo Cerfa de 85 euros)<\/p>\n<p><span style=\"font-size: x-large;\"><strong>Compre sus entradas<\/strong> en la <strong><a href=\"https:\/\/www.iemj.org\/en\/?post_type=product&amp;p=1411\">tienda online<\/a><\/strong><\/span><\/p>\n<p>Informaci\u00f3n pr\u00e1ctica:<br \/>SALLE CORTOT, Escuela Normal de M\u00fasica de Par\u00eds, 78 rue Cardinet, 75017 Par\u00eds<br \/>T\u00e9l : (0)1 47 63 47 48<br \/><a href=\"http:\/\/www.sallecortot.com\/\" target=\"_blank\" rel=\"noopener\">http:\/\/www.sallecortot.com\/<\/a><br \/><a href=\"http:\/\/www.sallecortot.com\/infos_pratiques.htm\" target=\"_blank\" rel=\"noopener\">http:\/\/www.sallecortot.com\/infos_pratiques.htm<\/a><\/p>\n<p><strong>Acceso:<\/strong><br \/>Metro : l\u00ednea 3, estaci\u00f3n Malesherbes | l\u00ednea 2, estaci\u00f3n Monceau<br \/>Autob\u00fas : l\u00edneas 31, 94 | Veh\u00edculo : parking Villiers, 14 avenue de Villiers | Taxi : estaci\u00f3n au 155 bd Malesherbes<br \/>V\u00e9lib&#8217; : 64 rue de Tocqueville o 20 rue de Phalsbourg<\/p>\n<p><a href=\"https:\/\/www.iemj.org\/wp-content\/uploads\/2019\/06\/communique_de_presse_gala_iemj_2019.pdf\" target=\"_blank\" rel=\"noopener\">Descargue el programa del concierto previo (en franc\u00e9s)<\/a><\/p>\n<p><a href=\"https:\/\/www.iemj.org\/wp-content\/uploads\/2019\/10\/flyer_gala_iemj_2019_pdf_v_light.pdf\" target=\"_blank\" rel=\"noopener\">Descargar el folleto<\/a><\/p>\n<p><a href=\"https:\/\/www.iemj.org\/es\/hacer-una-donacion\/\" target=\"_blank\" rel=\"noopener\"><img decoding=\"async\" class=\"alignleft wp-image-14687 size-full\" src=\"https:\/\/www.iemj.org\/wp-content\/uploads\/2017\/07\/logo_faire_un_don-2.jpg\" alt=\"logo_faire_un_don-2.jpg\" width=\"132\" height=\"62\" align=\"left\" \/><\/a><br \/>Tambi\u00e9n puede apoyar al <a href=\"https:\/\/www.iemj.org\/es\/hacer-una-donacion\/\">Instituto Europeo de M\u00fasica Jud\u00eda con una donaci\u00f3n en l\u00ednea<\/a> (Se entregar\u00e1 un recibo Cerfa).<\/p>\n<h2>\u00a0<\/h2>\n<h2><a href=\"https:\/\/www.iemj.org\/es\/videos-du-concert-de-gala-de-linstitut-europeen-des-musiques-juives-edition-2019\/\" target=\"_blank\" rel=\"noopener\"><strong>Ver extractos de v\u00eddeo del concierto<\/strong><\/a><\/h2>\n\n\n<p><\/p>\n","protected":false},"excerpt":{"rendered":"<p>\u00a0 DOMINGO 17 DE NOVIEMBRE DE 2019, 17:30 Sala Cortot &#8211; 78 rue Cardinet, 75017 Par\u00eds \u00a0 De la sinagoga a la \u00f3pera: Jacques Offenbach y sus familiares \u00a0 Obras<\/p>\n","protected":false},"author":5,"featured_media":46787,"comment_status":"closed","ping_status":"open","sticky":false,"template":"","format":"standard","meta":{"_acf_changed":false,"footnotes":""},"categories":[1380,1372],"tags":[2223],"technique":[],"squelettes":[],"sujet":[],"formation":[],"genre":[],"fonds":[],"tradition":[],"type-de-contenu":[],"interprete-compositeur":[],"frise":[],"type-devenement":[],"tableaux-liens-externes":[],"class_list":["post-46807","post","type-post","status-publish","format-standard","has-post-thumbnail","hentry","category-conciertos-manifestaciones-es","category-manifestaciones-es","tag-eventos-iemj-es"],"acf":[],"yoast_head":"<!-- This site is optimized with the Yoast SEO plugin v27.3 - https:\/\/yoast.com\/product\/yoast-seo-wordpress\/ -->\n<title>Concierto de Gala de la IEMJ - 5\u00aa edici\u00f3n - De la sinagoga a la \u00f3pera: Jacques Offenbach y sus familiares - Institut Europ\u00e9en des Musiques Juives<\/title>\n<meta name=\"robots\" content=\"index, follow, max-snippet:-1, max-image-preview:large, max-video-preview:-1\" \/>\n<link rel=\"canonical\" href=\"https:\/\/www.iemj.org\/es\/concert-de-gala-de-liemj-5e-edition-de-la-synagogue-a-lopera-jacques-offenbach-et-ses-proches\/\" \/>\n<meta property=\"og:locale\" content=\"es_ES\" \/>\n<meta property=\"og:type\" content=\"article\" \/>\n<meta property=\"og:title\" content=\"Concierto de Gala de la IEMJ - 5\u00aa edici\u00f3n - De la sinagoga a la \u00f3pera: Jacques Offenbach y sus familiares - Institut Europ\u00e9en des Musiques Juives\" \/>\n<meta property=\"og:description\" content=\"\u00a0 DOMINGO 17 DE NOVIEMBRE DE 2019, 17:30 Sala Cortot &#8211; 78 rue Cardinet, 75017 Par\u00eds \u00a0 De la sinagoga a la \u00f3pera: Jacques Offenbach y sus familiares \u00a0 Obras\" \/>\n<meta property=\"og:url\" content=\"https:\/\/www.iemj.org\/es\/concert-de-gala-de-liemj-5e-edition-de-la-synagogue-a-lopera-jacques-offenbach-et-ses-proches\/\" \/>\n<meta property=\"og:site_name\" content=\"Institut Europ\u00e9en des Musiques Juives\" \/>\n<meta property=\"article:publisher\" content=\"https:\/\/www.facebook.com\/MusiquesJuives\/\" \/>\n<meta property=\"article:published_time\" content=\"2019-06-11T07:57:55+00:00\" \/>\n<meta property=\"article:modified_time\" content=\"2021-06-07T10:39:10+00:00\" \/>\n<meta property=\"og:image\" content=\"https:\/\/www.iemj.org\/wp-content\/uploads\/2019\/06\/arton4205-e1622973269763.jpg\" \/>\n\t<meta property=\"og:image:width\" content=\"350\" \/>\n\t<meta property=\"og:image:height\" content=\"493\" \/>\n\t<meta property=\"og:image:type\" content=\"image\/jpeg\" \/>\n<meta name=\"author\" content=\"Jacqueline ROTEN\" \/>\n<meta name=\"twitter:card\" content=\"summary_large_image\" \/>\n<meta name=\"twitter:label1\" content=\"Escrito por\" \/>\n\t<meta name=\"twitter:data1\" content=\"Jacqueline ROTEN\" \/>\n\t<meta name=\"twitter:label2\" content=\"Tiempo de lectura\" \/>\n\t<meta name=\"twitter:data2\" content=\"3 minutos\" \/>\n<script type=\"application\/ld+json\" class=\"yoast-schema-graph\">{\"@context\":\"https:\\\/\\\/schema.org\",\"@graph\":[{\"@type\":\"Article\",\"@id\":\"https:\\\/\\\/www.iemj.org\\\/es\\\/concert-de-gala-de-liemj-5e-edition-de-la-synagogue-a-lopera-jacques-offenbach-et-ses-proches\\\/#article\",\"isPartOf\":{\"@id\":\"https:\\\/\\\/www.iemj.org\\\/es\\\/concert-de-gala-de-liemj-5e-edition-de-la-synagogue-a-lopera-jacques-offenbach-et-ses-proches\\\/\"},\"author\":{\"name\":\"Jacqueline ROTEN\",\"@id\":\"https:\\\/\\\/www.iemj.org\\\/es\\\/#\\\/schema\\\/person\\\/358e26c18aca017fcc4cc15437f7279c\"},\"headline\":\"Concierto de Gala de la IEMJ &#8211; 5\u00aa edici\u00f3n &#8211; De la sinagoga a la \u00f3pera: Jacques Offenbach y sus familiares\",\"datePublished\":\"2019-06-11T07:57:55+00:00\",\"dateModified\":\"2021-06-07T10:39:10+00:00\",\"mainEntityOfPage\":{\"@id\":\"https:\\\/\\\/www.iemj.org\\\/es\\\/concert-de-gala-de-liemj-5e-edition-de-la-synagogue-a-lopera-jacques-offenbach-et-ses-proches\\\/\"},\"wordCount\":517,\"publisher\":{\"@id\":\"https:\\\/\\\/www.iemj.org\\\/es\\\/#organization\"},\"image\":{\"@id\":\"https:\\\/\\\/www.iemj.org\\\/es\\\/concert-de-gala-de-liemj-5e-edition-de-la-synagogue-a-lopera-jacques-offenbach-et-ses-proches\\\/#primaryimage\"},\"thumbnailUrl\":\"https:\\\/\\\/www.iemj.org\\\/wp-content\\\/uploads\\\/2019\\\/06\\\/arton4205-e1622973269763.jpg\",\"keywords\":[\"Eventos IEMJ\"],\"articleSection\":[\"Conciertos\",\"Manifestaciones\"],\"inLanguage\":\"es\"},{\"@type\":\"WebPage\",\"@id\":\"https:\\\/\\\/www.iemj.org\\\/es\\\/concert-de-gala-de-liemj-5e-edition-de-la-synagogue-a-lopera-jacques-offenbach-et-ses-proches\\\/\",\"url\":\"https:\\\/\\\/www.iemj.org\\\/es\\\/concert-de-gala-de-liemj-5e-edition-de-la-synagogue-a-lopera-jacques-offenbach-et-ses-proches\\\/\",\"name\":\"Concierto de Gala de la IEMJ - 5\u00aa edici\u00f3n - De la sinagoga a la \u00f3pera: Jacques Offenbach y sus familiares - Institut Europ\u00e9en des Musiques Juives\",\"isPartOf\":{\"@id\":\"https:\\\/\\\/www.iemj.org\\\/es\\\/#website\"},\"primaryImageOfPage\":{\"@id\":\"https:\\\/\\\/www.iemj.org\\\/es\\\/concert-de-gala-de-liemj-5e-edition-de-la-synagogue-a-lopera-jacques-offenbach-et-ses-proches\\\/#primaryimage\"},\"image\":{\"@id\":\"https:\\\/\\\/www.iemj.org\\\/es\\\/concert-de-gala-de-liemj-5e-edition-de-la-synagogue-a-lopera-jacques-offenbach-et-ses-proches\\\/#primaryimage\"},\"thumbnailUrl\":\"https:\\\/\\\/www.iemj.org\\\/wp-content\\\/uploads\\\/2019\\\/06\\\/arton4205-e1622973269763.jpg\",\"datePublished\":\"2019-06-11T07:57:55+00:00\",\"dateModified\":\"2021-06-07T10:39:10+00:00\",\"breadcrumb\":{\"@id\":\"https:\\\/\\\/www.iemj.org\\\/es\\\/concert-de-gala-de-liemj-5e-edition-de-la-synagogue-a-lopera-jacques-offenbach-et-ses-proches\\\/#breadcrumb\"},\"inLanguage\":\"es\",\"potentialAction\":[{\"@type\":\"ReadAction\",\"target\":[\"https:\\\/\\\/www.iemj.org\\\/es\\\/concert-de-gala-de-liemj-5e-edition-de-la-synagogue-a-lopera-jacques-offenbach-et-ses-proches\\\/\"]}]},{\"@type\":\"ImageObject\",\"inLanguage\":\"es\",\"@id\":\"https:\\\/\\\/www.iemj.org\\\/es\\\/concert-de-gala-de-liemj-5e-edition-de-la-synagogue-a-lopera-jacques-offenbach-et-ses-proches\\\/#primaryimage\",\"url\":\"https:\\\/\\\/www.iemj.org\\\/wp-content\\\/uploads\\\/2019\\\/06\\\/arton4205-e1622973269763.jpg\",\"contentUrl\":\"https:\\\/\\\/www.iemj.org\\\/wp-content\\\/uploads\\\/2019\\\/06\\\/arton4205-e1622973269763.jpg\",\"width\":350,\"height\":493,\"caption\":\"Affiche concert gala IEMJ 2019\"},{\"@type\":\"BreadcrumbList\",\"@id\":\"https:\\\/\\\/www.iemj.org\\\/es\\\/concert-de-gala-de-liemj-5e-edition-de-la-synagogue-a-lopera-jacques-offenbach-et-ses-proches\\\/#breadcrumb\",\"itemListElement\":[{\"@type\":\"ListItem\",\"position\":1,\"name\":\"Accueil\",\"item\":\"https:\\\/\\\/www.iemj.org\\\/es\\\/\"},{\"@type\":\"ListItem\",\"position\":2,\"name\":\"Concierto de Gala de la IEMJ &#8211; 5\u00aa edici\u00f3n &#8211; De la sinagoga a la \u00f3pera: Jacques Offenbach y sus familiares\"}]},{\"@type\":\"WebSite\",\"@id\":\"https:\\\/\\\/www.iemj.org\\\/es\\\/#website\",\"url\":\"https:\\\/\\\/www.iemj.org\\\/es\\\/\",\"name\":\"Institut Europ\u00e9en des Musiques Juives\",\"description\":\"Des traditions musicales \u00e0 la port\u00e9e de tous\",\"publisher\":{\"@id\":\"https:\\\/\\\/www.iemj.org\\\/es\\\/#organization\"},\"potentialAction\":[{\"@type\":\"SearchAction\",\"target\":{\"@type\":\"EntryPoint\",\"urlTemplate\":\"https:\\\/\\\/www.iemj.org\\\/es\\\/?s={search_term_string}\"},\"query-input\":{\"@type\":\"PropertyValueSpecification\",\"valueRequired\":true,\"valueName\":\"search_term_string\"}}],\"inLanguage\":\"es\"},{\"@type\":\"Organization\",\"@id\":\"https:\\\/\\\/www.iemj.org\\\/es\\\/#organization\",\"name\":\"Institut Europ\u00e9en des Musiques Juives\",\"url\":\"https:\\\/\\\/www.iemj.org\\\/es\\\/\",\"logo\":{\"@type\":\"ImageObject\",\"inLanguage\":\"es\",\"@id\":\"https:\\\/\\\/www.iemj.org\\\/es\\\/#\\\/schema\\\/logo\\\/image\\\/\",\"url\":\"https:\\\/\\\/www.iemj.org\\\/wp-content\\\/uploads\\\/2021\\\/09\\\/Logo-IEMJ-Paypal.jpg\",\"contentUrl\":\"https:\\\/\\\/www.iemj.org\\\/wp-content\\\/uploads\\\/2021\\\/09\\\/Logo-IEMJ-Paypal.jpg\",\"width\":150,\"height\":50,\"caption\":\"Institut Europ\u00e9en des Musiques Juives\"},\"image\":{\"@id\":\"https:\\\/\\\/www.iemj.org\\\/es\\\/#\\\/schema\\\/logo\\\/image\\\/\"},\"sameAs\":[\"https:\\\/\\\/www.facebook.com\\\/MusiquesJuives\\\/\",\"https:\\\/\\\/www.instagram.com\\\/musiquesjuives\\\/\",\"https:\\\/\\\/www.youtube.com\\\/user\\\/musiquesjuives\"]},{\"@type\":\"Person\",\"@id\":\"https:\\\/\\\/www.iemj.org\\\/es\\\/#\\\/schema\\\/person\\\/358e26c18aca017fcc4cc15437f7279c\",\"name\":\"Jacqueline ROTEN\",\"image\":{\"@type\":\"ImageObject\",\"inLanguage\":\"es\",\"@id\":\"https:\\\/\\\/secure.gravatar.com\\\/avatar\\\/5964256d6c6957de3a3505278957e0fb2a35119ac47ea41827a65301213c810b?s=96&d=mm&r=g\",\"url\":\"https:\\\/\\\/secure.gravatar.com\\\/avatar\\\/5964256d6c6957de3a3505278957e0fb2a35119ac47ea41827a65301213c810b?s=96&d=mm&r=g\",\"contentUrl\":\"https:\\\/\\\/secure.gravatar.com\\\/avatar\\\/5964256d6c6957de3a3505278957e0fb2a35119ac47ea41827a65301213c810b?s=96&d=mm&r=g\",\"caption\":\"Jacqueline ROTEN\"}}]}<\/script>\n<!-- \/ Yoast SEO plugin. -->","yoast_head_json":{"title":"Concierto de Gala de la IEMJ - 5\u00aa edici\u00f3n - De la sinagoga a la \u00f3pera: Jacques Offenbach y sus familiares - Institut Europ\u00e9en des Musiques Juives","robots":{"index":"index","follow":"follow","max-snippet":"max-snippet:-1","max-image-preview":"max-image-preview:large","max-video-preview":"max-video-preview:-1"},"canonical":"https:\/\/www.iemj.org\/es\/concert-de-gala-de-liemj-5e-edition-de-la-synagogue-a-lopera-jacques-offenbach-et-ses-proches\/","og_locale":"es_ES","og_type":"article","og_title":"Concierto de Gala de la IEMJ - 5\u00aa edici\u00f3n - De la sinagoga a la \u00f3pera: Jacques Offenbach y sus familiares - Institut Europ\u00e9en des Musiques Juives","og_description":"\u00a0 DOMINGO 17 DE NOVIEMBRE DE 2019, 17:30 Sala Cortot &#8211; 78 rue Cardinet, 75017 Par\u00eds \u00a0 De la sinagoga a la \u00f3pera: Jacques Offenbach y sus familiares \u00a0 Obras","og_url":"https:\/\/www.iemj.org\/es\/concert-de-gala-de-liemj-5e-edition-de-la-synagogue-a-lopera-jacques-offenbach-et-ses-proches\/","og_site_name":"Institut Europ\u00e9en des Musiques Juives","article_publisher":"https:\/\/www.facebook.com\/MusiquesJuives\/","article_published_time":"2019-06-11T07:57:55+00:00","article_modified_time":"2021-06-07T10:39:10+00:00","og_image":[{"width":350,"height":493,"url":"https:\/\/www.iemj.org\/wp-content\/uploads\/2019\/06\/arton4205-e1622973269763.jpg","type":"image\/jpeg"}],"author":"Jacqueline ROTEN","twitter_card":"summary_large_image","twitter_misc":{"Escrito por":"Jacqueline ROTEN","Tiempo de lectura":"3 minutos"},"schema":{"@context":"https:\/\/schema.org","@graph":[{"@type":"Article","@id":"https:\/\/www.iemj.org\/es\/concert-de-gala-de-liemj-5e-edition-de-la-synagogue-a-lopera-jacques-offenbach-et-ses-proches\/#article","isPartOf":{"@id":"https:\/\/www.iemj.org\/es\/concert-de-gala-de-liemj-5e-edition-de-la-synagogue-a-lopera-jacques-offenbach-et-ses-proches\/"},"author":{"name":"Jacqueline ROTEN","@id":"https:\/\/www.iemj.org\/es\/#\/schema\/person\/358e26c18aca017fcc4cc15437f7279c"},"headline":"Concierto de Gala de la IEMJ &#8211; 5\u00aa edici\u00f3n &#8211; De la sinagoga a la \u00f3pera: Jacques Offenbach y sus familiares","datePublished":"2019-06-11T07:57:55+00:00","dateModified":"2021-06-07T10:39:10+00:00","mainEntityOfPage":{"@id":"https:\/\/www.iemj.org\/es\/concert-de-gala-de-liemj-5e-edition-de-la-synagogue-a-lopera-jacques-offenbach-et-ses-proches\/"},"wordCount":517,"publisher":{"@id":"https:\/\/www.iemj.org\/es\/#organization"},"image":{"@id":"https:\/\/www.iemj.org\/es\/concert-de-gala-de-liemj-5e-edition-de-la-synagogue-a-lopera-jacques-offenbach-et-ses-proches\/#primaryimage"},"thumbnailUrl":"https:\/\/www.iemj.org\/wp-content\/uploads\/2019\/06\/arton4205-e1622973269763.jpg","keywords":["Eventos IEMJ"],"articleSection":["Conciertos","Manifestaciones"],"inLanguage":"es"},{"@type":"WebPage","@id":"https:\/\/www.iemj.org\/es\/concert-de-gala-de-liemj-5e-edition-de-la-synagogue-a-lopera-jacques-offenbach-et-ses-proches\/","url":"https:\/\/www.iemj.org\/es\/concert-de-gala-de-liemj-5e-edition-de-la-synagogue-a-lopera-jacques-offenbach-et-ses-proches\/","name":"Concierto de Gala de la IEMJ - 5\u00aa edici\u00f3n - De la sinagoga a la \u00f3pera: Jacques Offenbach y sus familiares - Institut Europ\u00e9en des Musiques Juives","isPartOf":{"@id":"https:\/\/www.iemj.org\/es\/#website"},"primaryImageOfPage":{"@id":"https:\/\/www.iemj.org\/es\/concert-de-gala-de-liemj-5e-edition-de-la-synagogue-a-lopera-jacques-offenbach-et-ses-proches\/#primaryimage"},"image":{"@id":"https:\/\/www.iemj.org\/es\/concert-de-gala-de-liemj-5e-edition-de-la-synagogue-a-lopera-jacques-offenbach-et-ses-proches\/#primaryimage"},"thumbnailUrl":"https:\/\/www.iemj.org\/wp-content\/uploads\/2019\/06\/arton4205-e1622973269763.jpg","datePublished":"2019-06-11T07:57:55+00:00","dateModified":"2021-06-07T10:39:10+00:00","breadcrumb":{"@id":"https:\/\/www.iemj.org\/es\/concert-de-gala-de-liemj-5e-edition-de-la-synagogue-a-lopera-jacques-offenbach-et-ses-proches\/#breadcrumb"},"inLanguage":"es","potentialAction":[{"@type":"ReadAction","target":["https:\/\/www.iemj.org\/es\/concert-de-gala-de-liemj-5e-edition-de-la-synagogue-a-lopera-jacques-offenbach-et-ses-proches\/"]}]},{"@type":"ImageObject","inLanguage":"es","@id":"https:\/\/www.iemj.org\/es\/concert-de-gala-de-liemj-5e-edition-de-la-synagogue-a-lopera-jacques-offenbach-et-ses-proches\/#primaryimage","url":"https:\/\/www.iemj.org\/wp-content\/uploads\/2019\/06\/arton4205-e1622973269763.jpg","contentUrl":"https:\/\/www.iemj.org\/wp-content\/uploads\/2019\/06\/arton4205-e1622973269763.jpg","width":350,"height":493,"caption":"Affiche concert gala IEMJ 2019"},{"@type":"BreadcrumbList","@id":"https:\/\/www.iemj.org\/es\/concert-de-gala-de-liemj-5e-edition-de-la-synagogue-a-lopera-jacques-offenbach-et-ses-proches\/#breadcrumb","itemListElement":[{"@type":"ListItem","position":1,"name":"Accueil","item":"https:\/\/www.iemj.org\/es\/"},{"@type":"ListItem","position":2,"name":"Concierto de Gala de la IEMJ &#8211; 5\u00aa edici\u00f3n &#8211; De la sinagoga a la \u00f3pera: Jacques Offenbach y sus familiares"}]},{"@type":"WebSite","@id":"https:\/\/www.iemj.org\/es\/#website","url":"https:\/\/www.iemj.org\/es\/","name":"Institut Europ\u00e9en des Musiques Juives","description":"Des traditions musicales \u00e0 la port\u00e9e de tous","publisher":{"@id":"https:\/\/www.iemj.org\/es\/#organization"},"potentialAction":[{"@type":"SearchAction","target":{"@type":"EntryPoint","urlTemplate":"https:\/\/www.iemj.org\/es\/?s={search_term_string}"},"query-input":{"@type":"PropertyValueSpecification","valueRequired":true,"valueName":"search_term_string"}}],"inLanguage":"es"},{"@type":"Organization","@id":"https:\/\/www.iemj.org\/es\/#organization","name":"Institut Europ\u00e9en des Musiques Juives","url":"https:\/\/www.iemj.org\/es\/","logo":{"@type":"ImageObject","inLanguage":"es","@id":"https:\/\/www.iemj.org\/es\/#\/schema\/logo\/image\/","url":"https:\/\/www.iemj.org\/wp-content\/uploads\/2021\/09\/Logo-IEMJ-Paypal.jpg","contentUrl":"https:\/\/www.iemj.org\/wp-content\/uploads\/2021\/09\/Logo-IEMJ-Paypal.jpg","width":150,"height":50,"caption":"Institut Europ\u00e9en des Musiques Juives"},"image":{"@id":"https:\/\/www.iemj.org\/es\/#\/schema\/logo\/image\/"},"sameAs":["https:\/\/www.facebook.com\/MusiquesJuives\/","https:\/\/www.instagram.com\/musiquesjuives\/","https:\/\/www.youtube.com\/user\/musiquesjuives"]},{"@type":"Person","@id":"https:\/\/www.iemj.org\/es\/#\/schema\/person\/358e26c18aca017fcc4cc15437f7279c","name":"Jacqueline ROTEN","image":{"@type":"ImageObject","inLanguage":"es","@id":"https:\/\/secure.gravatar.com\/avatar\/5964256d6c6957de3a3505278957e0fb2a35119ac47ea41827a65301213c810b?s=96&d=mm&r=g","url":"https:\/\/secure.gravatar.com\/avatar\/5964256d6c6957de3a3505278957e0fb2a35119ac47ea41827a65301213c810b?s=96&d=mm&r=g","contentUrl":"https:\/\/secure.gravatar.com\/avatar\/5964256d6c6957de3a3505278957e0fb2a35119ac47ea41827a65301213c810b?s=96&d=mm&r=g","caption":"Jacqueline ROTEN"}}]}},"_links":{"self":[{"href":"https:\/\/www.iemj.org\/es\/wp-json\/wp\/v2\/posts\/46807","targetHints":{"allow":["GET"]}}],"collection":[{"href":"https:\/\/www.iemj.org\/es\/wp-json\/wp\/v2\/posts"}],"about":[{"href":"https:\/\/www.iemj.org\/es\/wp-json\/wp\/v2\/types\/post"}],"author":[{"embeddable":true,"href":"https:\/\/www.iemj.org\/es\/wp-json\/wp\/v2\/users\/5"}],"replies":[{"embeddable":true,"href":"https:\/\/www.iemj.org\/es\/wp-json\/wp\/v2\/comments?post=46807"}],"version-history":[{"count":0,"href":"https:\/\/www.iemj.org\/es\/wp-json\/wp\/v2\/posts\/46807\/revisions"}],"wp:featuredmedia":[{"embeddable":true,"href":"https:\/\/www.iemj.org\/es\/wp-json\/wp\/v2\/media\/46787"}],"wp:attachment":[{"href":"https:\/\/www.iemj.org\/es\/wp-json\/wp\/v2\/media?parent=46807"}],"wp:term":[{"taxonomy":"category","embeddable":true,"href":"https:\/\/www.iemj.org\/es\/wp-json\/wp\/v2\/categories?post=46807"},{"taxonomy":"post_tag","embeddable":true,"href":"https:\/\/www.iemj.org\/es\/wp-json\/wp\/v2\/tags?post=46807"},{"taxonomy":"technique","embeddable":true,"href":"https:\/\/www.iemj.org\/es\/wp-json\/wp\/v2\/technique?post=46807"},{"taxonomy":"squelettes","embeddable":true,"href":"https:\/\/www.iemj.org\/es\/wp-json\/wp\/v2\/squelettes?post=46807"},{"taxonomy":"sujet","embeddable":true,"href":"https:\/\/www.iemj.org\/es\/wp-json\/wp\/v2\/sujet?post=46807"},{"taxonomy":"formation","embeddable":true,"href":"https:\/\/www.iemj.org\/es\/wp-json\/wp\/v2\/formation?post=46807"},{"taxonomy":"genre","embeddable":true,"href":"https:\/\/www.iemj.org\/es\/wp-json\/wp\/v2\/genre?post=46807"},{"taxonomy":"fonds","embeddable":true,"href":"https:\/\/www.iemj.org\/es\/wp-json\/wp\/v2\/fonds?post=46807"},{"taxonomy":"tradition","embeddable":true,"href":"https:\/\/www.iemj.org\/es\/wp-json\/wp\/v2\/tradition?post=46807"},{"taxonomy":"type-de-contenu","embeddable":true,"href":"https:\/\/www.iemj.org\/es\/wp-json\/wp\/v2\/type-de-contenu?post=46807"},{"taxonomy":"interprete-compositeur","embeddable":true,"href":"https:\/\/www.iemj.org\/es\/wp-json\/wp\/v2\/interprete-compositeur?post=46807"},{"taxonomy":"frise","embeddable":true,"href":"https:\/\/www.iemj.org\/es\/wp-json\/wp\/v2\/frise?post=46807"},{"taxonomy":"type-devenement","embeddable":true,"href":"https:\/\/www.iemj.org\/es\/wp-json\/wp\/v2\/type-devenement?post=46807"},{"taxonomy":"tableaux-liens-externes","embeddable":true,"href":"https:\/\/www.iemj.org\/es\/wp-json\/wp\/v2\/tableaux-liens-externes?post=46807"}],"curies":[{"name":"wp","href":"https:\/\/api.w.org\/{rel}","templated":true}]}}