{"id":48752,"date":"2016-05-25T15:02:22","date_gmt":"2016-05-25T13:02:22","guid":{"rendered":"https:\/\/www.iemj.org\/devenir-mecene\/"},"modified":"2021-07-12T17:29:30","modified_gmt":"2021-07-12T15:29:30","slug":"devenir-mecene","status":"publish","type":"post","link":"https:\/\/www.iemj.org\/es\/devenir-mecene\/","title":{"rendered":"HACERSE MECENAS"},"content":{"rendered":"<p>El Instituto Europeo de las M\u00fasicas Jud\u00edas tiene como objetivo salvaguardar, promover y difundir el patrimonio musical jud\u00edo. Puede apoyar la labor del Instituto convirti\u00e9ndose en patrocinador.<\/p>\n<h3><strong>Convertirse en donante a partir de 50\u20ac<\/strong><\/h3>\n<p>Como tal, se beneficia de un acceso gratuito a la biblioteca multimedia, de un folleto informativo gratuito publicado trimestralmente y de descuentos en diferentes actividades organizadas por nuestro Instituto o sus socios.<\/p>\n<h3>Convertirse en benefactor a partir de 1 000\u20ac*<\/h3>\n<p>Adem\u00e1s de las ventajas que se mencionan a continuaci\u00f3n, este estatus le permite estar exento del pago de la cuota de afiliaci\u00f3n y asistir a las Asambleas Generales en calidad de asesor.<\/p>\n<h3>Convertirse en mecenas de honor a partir de 10.000 euros*.<\/h3>\n<p>Adem\u00e1s de las ventajas mencionadas a continuaci\u00f3n, este estatus le permite recibir una copia de todas nuestras producciones con su nombre o el de uno de sus familiares.<\/p>\n<p><strong>*Se enviar\u00e1 un recibo al recibir su donaci\u00f3n.<\/strong><\/p>\n<h3>Patrocinio en especie y patrocinio de competencias<\/h3>\n<p>Una forma original de mecenazgo, el mecenazgo en especie y el mecenazgo de competencias le permite desempe\u00f1ar un papel central en el desarrollo y la influencia del patrimonio musical jud\u00edo, al tiempo que pone de relieve su actividad principal, su saber hacer, dentro del IEMJ (contribuci\u00f3n en la industria, la inform\u00e1tica, la construcci\u00f3n, etc.).<\/p>\n<ul>\n<li>P\u00e1gina web<\/li>\n<li>Renovaci\u00f3n del mobiliario de la Mediateca<\/li>\n<li>Renovaci\u00f3n de los equipos inform\u00e1ticos de la Mediateca<\/li>\n<li>Creaci\u00f3n de una plataforma para poner en l\u00ednea recursos y documentos multimedia<\/li>\n<\/ul>\n<h4>Visibilidad<\/h4>\n<p>El apoyo del mundo empresarial suele ser crucial para el \u00e9xito y la sostenibilidad de los proyectos culturales. Al convertirse en patrocinador del IEMJ, su empresa refuerza su imagen de marca y se beneficia de una importante visibilidad gracias a la presencia de su nombre y logotipo en todas las herramientas de comunicaci\u00f3n del IEMJ (soportes institucionales o vinculados a los eventos culturales organizados por el IEMJ).<\/p>\n<p>\u00a0Puede <a href=\"https:\/\/www.iemj.org\/es\/produit\/dons\/\" target=\"_blank\" rel=\"noopener\">hacer una donaci\u00f3n segura en l\u00ednea<\/a> <strong>o pagar por cheque<\/strong> <a href=\"https:\/\/www.iemj.org\/wp-content\/uploads\/2021\/04\/Bulletin-don_2020_VF.pdf\">descargando el formulario de donaci\u00f3n<\/a>.<\/p>\n<h4>Privilegios<\/h4>\n<p>Los mecenas se beneficiar\u00e1n de un acceso prioritario a los diferentes eventos culturales organizados por el Instituto.<\/p>\n<p>Nota: una donaci\u00f3n a una asociaci\u00f3n es diferente a la afiliaci\u00f3n. Puede, independientemente de ser donante, actuar como miembro de la asociaci\u00f3n y participar en su organizaci\u00f3n y sus acciones.<\/p>\n<h4>Apoyar un proyecto<\/h4>\n<p>El Instituto Europeo de las M\u00fasicas Jud\u00edas es una asociaci\u00f3n p\u00fablica seg\u00fan la ley del 1 de julio de 1901, y s\u00f3lo sobrevive gracias a las donaciones y subvenciones. Para cumplir sus misiones, el Instituto Europeo de las M\u00fasicas Jud\u00edas debe modernizarse, enriquecer sus colecciones y proponer incesantemente nuevos proyectos culturales. Para preservar la diversidad de sus actividades, el IEMJ necesita su ayuda para:<\/p>\n<ul>\n<li>Proyectos culturales: contribuya a la organizaci\u00f3n de nuestro programa cultural.<\/li>\n<li>Adquisiciones: participe en la ampliaci\u00f3n de nuestras bases de datos, enriqueciendo nuestras colecciones permanentes que son testigo de la diversidad dentro del patrimonio musical jud\u00edo, creado por artistas y comunidades jud\u00edas a lo largo de los siglos en Francia y en otros lugares.<\/li>\n<li>Digitalizaci\u00f3n y catalogaci\u00f3n: Dice el refr\u00e1n que proteger es saber antes que nada. La identificaci\u00f3n, la catalogaci\u00f3n y la digitalizaci\u00f3n de nuestros archivos patrimoniales son la base de lo que hacen nuestros voluntarios. La digitalizaci\u00f3n se emplea como m\u00e9todo tanto de conservaci\u00f3n como de difusi\u00f3n. El Instituto Europeo de las M\u00fasicas Jud\u00edas ha hecho posible que, a partir de ahora, este patrimonio est\u00e9 disponible para un gran p\u00fablico.<\/li>\n<\/ul>\n<h2>Documentos adjuntos<\/h2>\n<p><a href=\"https:\/\/www.iemj.org\/wp-content\/uploads\/2015\/11\/don_iemj_formulaire_anglais.pdf\">Descargar el formulario de donaci\u00f3n<\/a><\/p>\n<p>\u00a0<\/p>\n\n\n<p><\/p>\n","protected":false},"excerpt":{"rendered":"<p>El Instituto Europeo de las M\u00fasicas Jud\u00edas tiene como objetivo salvaguardar, promover y difundir el patrimonio musical jud\u00edo. Puede apoyar la labor del Instituto convirti\u00e9ndose en patrocinador. Convertirse en donante<\/p>\n","protected":false},"author":5,"featured_media":48753,"comment_status":"closed","ping_status":"open","sticky":false,"template":"","format":"standard","meta":{"_acf_changed":false,"footnotes":""},"categories":[1625],"tags":[],"technique":[],"squelettes":[],"sujet":[],"formation":[],"genre":[],"fonds":[],"tradition":[],"type-de-contenu":[],"interprete-compositeur":[],"frise":[],"type-devenement":[],"tableaux-liens-externes":[],"class_list":["post-48752","post","type-post","status-publish","format-standard","has-post-thumbnail","hentry","category-apoyarnos-es"],"acf":[],"yoast_head":"<!-- This site is optimized with the Yoast SEO plugin v27.3 - https:\/\/yoast.com\/product\/yoast-seo-wordpress\/ -->\n<title>HACERSE MECENAS - Institut Europ\u00e9en des Musiques Juives<\/title>\n<meta name=\"robots\" content=\"index, follow, max-snippet:-1, max-image-preview:large, max-video-preview:-1\" \/>\n<link rel=\"canonical\" href=\"https:\/\/www.iemj.org\/es\/devenir-mecene\/\" \/>\n<meta property=\"og:locale\" content=\"es_ES\" \/>\n<meta property=\"og:type\" content=\"article\" \/>\n<meta property=\"og:title\" content=\"HACERSE MECENAS - Institut Europ\u00e9en des Musiques Juives\" \/>\n<meta property=\"og:description\" content=\"El Instituto Europeo de las M\u00fasicas Jud\u00edas tiene como objetivo salvaguardar, promover y difundir el patrimonio musical jud\u00edo. Puede apoyar la labor del Instituto convirti\u00e9ndose en patrocinador. Convertirse en donante\" \/>\n<meta property=\"og:url\" content=\"https:\/\/www.iemj.org\/es\/devenir-mecene\/\" \/>\n<meta property=\"og:site_name\" content=\"Institut Europ\u00e9en des Musiques Juives\" \/>\n<meta property=\"article:publisher\" content=\"https:\/\/www.facebook.com\/MusiquesJuives\/\" \/>\n<meta property=\"article:published_time\" content=\"2016-05-25T13:02:22+00:00\" \/>\n<meta property=\"article:modified_time\" content=\"2021-07-12T15:29:30+00:00\" \/>\n<meta property=\"og:image\" content=\"https:\/\/www.iemj.org\/wp-content\/uploads\/2016\/05\/arton1731.jpg\" \/>\n\t<meta property=\"og:image:width\" content=\"220\" \/>\n\t<meta property=\"og:image:height\" content=\"146\" \/>\n\t<meta property=\"og:image:type\" content=\"image\/jpeg\" \/>\n<meta name=\"author\" content=\"Jacqueline ROTEN\" \/>\n<meta name=\"twitter:card\" content=\"summary_large_image\" \/>\n<meta name=\"twitter:label1\" content=\"Escrito por\" \/>\n\t<meta name=\"twitter:data1\" content=\"Jacqueline ROTEN\" \/>\n\t<meta name=\"twitter:label2\" content=\"Tiempo de lectura\" \/>\n\t<meta name=\"twitter:data2\" content=\"3 minutos\" \/>\n<script type=\"application\/ld+json\" class=\"yoast-schema-graph\">{\"@context\":\"https:\\\/\\\/schema.org\",\"@graph\":[{\"@type\":\"Article\",\"@id\":\"https:\\\/\\\/www.iemj.org\\\/es\\\/devenir-mecene\\\/#article\",\"isPartOf\":{\"@id\":\"https:\\\/\\\/www.iemj.org\\\/es\\\/devenir-mecene\\\/\"},\"author\":{\"name\":\"Jacqueline ROTEN\",\"@id\":\"https:\\\/\\\/www.iemj.org\\\/es\\\/#\\\/schema\\\/person\\\/358e26c18aca017fcc4cc15437f7279c\"},\"headline\":\"HACERSE MECENAS\",\"datePublished\":\"2016-05-25T13:02:22+00:00\",\"dateModified\":\"2021-07-12T15:29:30+00:00\",\"mainEntityOfPage\":{\"@id\":\"https:\\\/\\\/www.iemj.org\\\/es\\\/devenir-mecene\\\/\"},\"wordCount\":621,\"publisher\":{\"@id\":\"https:\\\/\\\/www.iemj.org\\\/es\\\/#organization\"},\"image\":{\"@id\":\"https:\\\/\\\/www.iemj.org\\\/es\\\/devenir-mecene\\\/#primaryimage\"},\"thumbnailUrl\":\"https:\\\/\\\/www.iemj.org\\\/wp-content\\\/uploads\\\/2016\\\/05\\\/arton1731.jpg\",\"articleSection\":[\"Apoyarnos\"],\"inLanguage\":\"es\"},{\"@type\":\"WebPage\",\"@id\":\"https:\\\/\\\/www.iemj.org\\\/es\\\/devenir-mecene\\\/\",\"url\":\"https:\\\/\\\/www.iemj.org\\\/es\\\/devenir-mecene\\\/\",\"name\":\"HACERSE MECENAS - Institut Europ\u00e9en des Musiques Juives\",\"isPartOf\":{\"@id\":\"https:\\\/\\\/www.iemj.org\\\/es\\\/#website\"},\"primaryImageOfPage\":{\"@id\":\"https:\\\/\\\/www.iemj.org\\\/es\\\/devenir-mecene\\\/#primaryimage\"},\"image\":{\"@id\":\"https:\\\/\\\/www.iemj.org\\\/es\\\/devenir-mecene\\\/#primaryimage\"},\"thumbnailUrl\":\"https:\\\/\\\/www.iemj.org\\\/wp-content\\\/uploads\\\/2016\\\/05\\\/arton1731.jpg\",\"datePublished\":\"2016-05-25T13:02:22+00:00\",\"dateModified\":\"2021-07-12T15:29:30+00:00\",\"breadcrumb\":{\"@id\":\"https:\\\/\\\/www.iemj.org\\\/es\\\/devenir-mecene\\\/#breadcrumb\"},\"inLanguage\":\"es\",\"potentialAction\":[{\"@type\":\"ReadAction\",\"target\":[\"https:\\\/\\\/www.iemj.org\\\/es\\\/devenir-mecene\\\/\"]}]},{\"@type\":\"ImageObject\",\"inLanguage\":\"es\",\"@id\":\"https:\\\/\\\/www.iemj.org\\\/es\\\/devenir-mecene\\\/#primaryimage\",\"url\":\"https:\\\/\\\/www.iemj.org\\\/wp-content\\\/uploads\\\/2016\\\/05\\\/arton1731.jpg\",\"contentUrl\":\"https:\\\/\\\/www.iemj.org\\\/wp-content\\\/uploads\\\/2016\\\/05\\\/arton1731.jpg\",\"width\":220,\"height\":146},{\"@type\":\"BreadcrumbList\",\"@id\":\"https:\\\/\\\/www.iemj.org\\\/es\\\/devenir-mecene\\\/#breadcrumb\",\"itemListElement\":[{\"@type\":\"ListItem\",\"position\":1,\"name\":\"Accueil\",\"item\":\"https:\\\/\\\/www.iemj.org\\\/es\\\/\"},{\"@type\":\"ListItem\",\"position\":2,\"name\":\"HACERSE MECENAS\"}]},{\"@type\":\"WebSite\",\"@id\":\"https:\\\/\\\/www.iemj.org\\\/es\\\/#website\",\"url\":\"https:\\\/\\\/www.iemj.org\\\/es\\\/\",\"name\":\"Institut Europ\u00e9en des Musiques Juives\",\"description\":\"Des traditions musicales \u00e0 la port\u00e9e de tous\",\"publisher\":{\"@id\":\"https:\\\/\\\/www.iemj.org\\\/es\\\/#organization\"},\"potentialAction\":[{\"@type\":\"SearchAction\",\"target\":{\"@type\":\"EntryPoint\",\"urlTemplate\":\"https:\\\/\\\/www.iemj.org\\\/es\\\/?s={search_term_string}\"},\"query-input\":{\"@type\":\"PropertyValueSpecification\",\"valueRequired\":true,\"valueName\":\"search_term_string\"}}],\"inLanguage\":\"es\"},{\"@type\":\"Organization\",\"@id\":\"https:\\\/\\\/www.iemj.org\\\/es\\\/#organization\",\"name\":\"Institut Europ\u00e9en des Musiques Juives\",\"url\":\"https:\\\/\\\/www.iemj.org\\\/es\\\/\",\"logo\":{\"@type\":\"ImageObject\",\"inLanguage\":\"es\",\"@id\":\"https:\\\/\\\/www.iemj.org\\\/es\\\/#\\\/schema\\\/logo\\\/image\\\/\",\"url\":\"https:\\\/\\\/www.iemj.org\\\/wp-content\\\/uploads\\\/2021\\\/09\\\/Logo-IEMJ-Paypal.jpg\",\"contentUrl\":\"https:\\\/\\\/www.iemj.org\\\/wp-content\\\/uploads\\\/2021\\\/09\\\/Logo-IEMJ-Paypal.jpg\",\"width\":150,\"height\":50,\"caption\":\"Institut Europ\u00e9en des Musiques Juives\"},\"image\":{\"@id\":\"https:\\\/\\\/www.iemj.org\\\/es\\\/#\\\/schema\\\/logo\\\/image\\\/\"},\"sameAs\":[\"https:\\\/\\\/www.facebook.com\\\/MusiquesJuives\\\/\",\"https:\\\/\\\/www.instagram.com\\\/musiquesjuives\\\/\",\"https:\\\/\\\/www.youtube.com\\\/user\\\/musiquesjuives\"]},{\"@type\":\"Person\",\"@id\":\"https:\\\/\\\/www.iemj.org\\\/es\\\/#\\\/schema\\\/person\\\/358e26c18aca017fcc4cc15437f7279c\",\"name\":\"Jacqueline ROTEN\",\"image\":{\"@type\":\"ImageObject\",\"inLanguage\":\"es\",\"@id\":\"https:\\\/\\\/secure.gravatar.com\\\/avatar\\\/5964256d6c6957de3a3505278957e0fb2a35119ac47ea41827a65301213c810b?s=96&d=mm&r=g\",\"url\":\"https:\\\/\\\/secure.gravatar.com\\\/avatar\\\/5964256d6c6957de3a3505278957e0fb2a35119ac47ea41827a65301213c810b?s=96&d=mm&r=g\",\"contentUrl\":\"https:\\\/\\\/secure.gravatar.com\\\/avatar\\\/5964256d6c6957de3a3505278957e0fb2a35119ac47ea41827a65301213c810b?s=96&d=mm&r=g\",\"caption\":\"Jacqueline ROTEN\"}}]}<\/script>\n<!-- \/ Yoast SEO plugin. -->","yoast_head_json":{"title":"HACERSE MECENAS - Institut Europ\u00e9en des Musiques Juives","robots":{"index":"index","follow":"follow","max-snippet":"max-snippet:-1","max-image-preview":"max-image-preview:large","max-video-preview":"max-video-preview:-1"},"canonical":"https:\/\/www.iemj.org\/es\/devenir-mecene\/","og_locale":"es_ES","og_type":"article","og_title":"HACERSE MECENAS - Institut Europ\u00e9en des Musiques Juives","og_description":"El Instituto Europeo de las M\u00fasicas Jud\u00edas tiene como objetivo salvaguardar, promover y difundir el patrimonio musical jud\u00edo. Puede apoyar la labor del Instituto convirti\u00e9ndose en patrocinador. Convertirse en donante","og_url":"https:\/\/www.iemj.org\/es\/devenir-mecene\/","og_site_name":"Institut Europ\u00e9en des Musiques Juives","article_publisher":"https:\/\/www.facebook.com\/MusiquesJuives\/","article_published_time":"2016-05-25T13:02:22+00:00","article_modified_time":"2021-07-12T15:29:30+00:00","og_image":[{"width":220,"height":146,"url":"https:\/\/www.iemj.org\/wp-content\/uploads\/2016\/05\/arton1731.jpg","type":"image\/jpeg"}],"author":"Jacqueline ROTEN","twitter_card":"summary_large_image","twitter_misc":{"Escrito por":"Jacqueline ROTEN","Tiempo de lectura":"3 minutos"},"schema":{"@context":"https:\/\/schema.org","@graph":[{"@type":"Article","@id":"https:\/\/www.iemj.org\/es\/devenir-mecene\/#article","isPartOf":{"@id":"https:\/\/www.iemj.org\/es\/devenir-mecene\/"},"author":{"name":"Jacqueline ROTEN","@id":"https:\/\/www.iemj.org\/es\/#\/schema\/person\/358e26c18aca017fcc4cc15437f7279c"},"headline":"HACERSE MECENAS","datePublished":"2016-05-25T13:02:22+00:00","dateModified":"2021-07-12T15:29:30+00:00","mainEntityOfPage":{"@id":"https:\/\/www.iemj.org\/es\/devenir-mecene\/"},"wordCount":621,"publisher":{"@id":"https:\/\/www.iemj.org\/es\/#organization"},"image":{"@id":"https:\/\/www.iemj.org\/es\/devenir-mecene\/#primaryimage"},"thumbnailUrl":"https:\/\/www.iemj.org\/wp-content\/uploads\/2016\/05\/arton1731.jpg","articleSection":["Apoyarnos"],"inLanguage":"es"},{"@type":"WebPage","@id":"https:\/\/www.iemj.org\/es\/devenir-mecene\/","url":"https:\/\/www.iemj.org\/es\/devenir-mecene\/","name":"HACERSE MECENAS - Institut Europ\u00e9en des Musiques Juives","isPartOf":{"@id":"https:\/\/www.iemj.org\/es\/#website"},"primaryImageOfPage":{"@id":"https:\/\/www.iemj.org\/es\/devenir-mecene\/#primaryimage"},"image":{"@id":"https:\/\/www.iemj.org\/es\/devenir-mecene\/#primaryimage"},"thumbnailUrl":"https:\/\/www.iemj.org\/wp-content\/uploads\/2016\/05\/arton1731.jpg","datePublished":"2016-05-25T13:02:22+00:00","dateModified":"2021-07-12T15:29:30+00:00","breadcrumb":{"@id":"https:\/\/www.iemj.org\/es\/devenir-mecene\/#breadcrumb"},"inLanguage":"es","potentialAction":[{"@type":"ReadAction","target":["https:\/\/www.iemj.org\/es\/devenir-mecene\/"]}]},{"@type":"ImageObject","inLanguage":"es","@id":"https:\/\/www.iemj.org\/es\/devenir-mecene\/#primaryimage","url":"https:\/\/www.iemj.org\/wp-content\/uploads\/2016\/05\/arton1731.jpg","contentUrl":"https:\/\/www.iemj.org\/wp-content\/uploads\/2016\/05\/arton1731.jpg","width":220,"height":146},{"@type":"BreadcrumbList","@id":"https:\/\/www.iemj.org\/es\/devenir-mecene\/#breadcrumb","itemListElement":[{"@type":"ListItem","position":1,"name":"Accueil","item":"https:\/\/www.iemj.org\/es\/"},{"@type":"ListItem","position":2,"name":"HACERSE MECENAS"}]},{"@type":"WebSite","@id":"https:\/\/www.iemj.org\/es\/#website","url":"https:\/\/www.iemj.org\/es\/","name":"Institut Europ\u00e9en des Musiques Juives","description":"Des traditions musicales \u00e0 la port\u00e9e de tous","publisher":{"@id":"https:\/\/www.iemj.org\/es\/#organization"},"potentialAction":[{"@type":"SearchAction","target":{"@type":"EntryPoint","urlTemplate":"https:\/\/www.iemj.org\/es\/?s={search_term_string}"},"query-input":{"@type":"PropertyValueSpecification","valueRequired":true,"valueName":"search_term_string"}}],"inLanguage":"es"},{"@type":"Organization","@id":"https:\/\/www.iemj.org\/es\/#organization","name":"Institut Europ\u00e9en des Musiques Juives","url":"https:\/\/www.iemj.org\/es\/","logo":{"@type":"ImageObject","inLanguage":"es","@id":"https:\/\/www.iemj.org\/es\/#\/schema\/logo\/image\/","url":"https:\/\/www.iemj.org\/wp-content\/uploads\/2021\/09\/Logo-IEMJ-Paypal.jpg","contentUrl":"https:\/\/www.iemj.org\/wp-content\/uploads\/2021\/09\/Logo-IEMJ-Paypal.jpg","width":150,"height":50,"caption":"Institut Europ\u00e9en des Musiques Juives"},"image":{"@id":"https:\/\/www.iemj.org\/es\/#\/schema\/logo\/image\/"},"sameAs":["https:\/\/www.facebook.com\/MusiquesJuives\/","https:\/\/www.instagram.com\/musiquesjuives\/","https:\/\/www.youtube.com\/user\/musiquesjuives"]},{"@type":"Person","@id":"https:\/\/www.iemj.org\/es\/#\/schema\/person\/358e26c18aca017fcc4cc15437f7279c","name":"Jacqueline ROTEN","image":{"@type":"ImageObject","inLanguage":"es","@id":"https:\/\/secure.gravatar.com\/avatar\/5964256d6c6957de3a3505278957e0fb2a35119ac47ea41827a65301213c810b?s=96&d=mm&r=g","url":"https:\/\/secure.gravatar.com\/avatar\/5964256d6c6957de3a3505278957e0fb2a35119ac47ea41827a65301213c810b?s=96&d=mm&r=g","contentUrl":"https:\/\/secure.gravatar.com\/avatar\/5964256d6c6957de3a3505278957e0fb2a35119ac47ea41827a65301213c810b?s=96&d=mm&r=g","caption":"Jacqueline ROTEN"}}]}},"_links":{"self":[{"href":"https:\/\/www.iemj.org\/es\/wp-json\/wp\/v2\/posts\/48752","targetHints":{"allow":["GET"]}}],"collection":[{"href":"https:\/\/www.iemj.org\/es\/wp-json\/wp\/v2\/posts"}],"about":[{"href":"https:\/\/www.iemj.org\/es\/wp-json\/wp\/v2\/types\/post"}],"author":[{"embeddable":true,"href":"https:\/\/www.iemj.org\/es\/wp-json\/wp\/v2\/users\/5"}],"replies":[{"embeddable":true,"href":"https:\/\/www.iemj.org\/es\/wp-json\/wp\/v2\/comments?post=48752"}],"version-history":[{"count":0,"href":"https:\/\/www.iemj.org\/es\/wp-json\/wp\/v2\/posts\/48752\/revisions"}],"wp:featuredmedia":[{"embeddable":true,"href":"https:\/\/www.iemj.org\/es\/wp-json\/wp\/v2\/media\/48753"}],"wp:attachment":[{"href":"https:\/\/www.iemj.org\/es\/wp-json\/wp\/v2\/media?parent=48752"}],"wp:term":[{"taxonomy":"category","embeddable":true,"href":"https:\/\/www.iemj.org\/es\/wp-json\/wp\/v2\/categories?post=48752"},{"taxonomy":"post_tag","embeddable":true,"href":"https:\/\/www.iemj.org\/es\/wp-json\/wp\/v2\/tags?post=48752"},{"taxonomy":"technique","embeddable":true,"href":"https:\/\/www.iemj.org\/es\/wp-json\/wp\/v2\/technique?post=48752"},{"taxonomy":"squelettes","embeddable":true,"href":"https:\/\/www.iemj.org\/es\/wp-json\/wp\/v2\/squelettes?post=48752"},{"taxonomy":"sujet","embeddable":true,"href":"https:\/\/www.iemj.org\/es\/wp-json\/wp\/v2\/sujet?post=48752"},{"taxonomy":"formation","embeddable":true,"href":"https:\/\/www.iemj.org\/es\/wp-json\/wp\/v2\/formation?post=48752"},{"taxonomy":"genre","embeddable":true,"href":"https:\/\/www.iemj.org\/es\/wp-json\/wp\/v2\/genre?post=48752"},{"taxonomy":"fonds","embeddable":true,"href":"https:\/\/www.iemj.org\/es\/wp-json\/wp\/v2\/fonds?post=48752"},{"taxonomy":"tradition","embeddable":true,"href":"https:\/\/www.iemj.org\/es\/wp-json\/wp\/v2\/tradition?post=48752"},{"taxonomy":"type-de-contenu","embeddable":true,"href":"https:\/\/www.iemj.org\/es\/wp-json\/wp\/v2\/type-de-contenu?post=48752"},{"taxonomy":"interprete-compositeur","embeddable":true,"href":"https:\/\/www.iemj.org\/es\/wp-json\/wp\/v2\/interprete-compositeur?post=48752"},{"taxonomy":"frise","embeddable":true,"href":"https:\/\/www.iemj.org\/es\/wp-json\/wp\/v2\/frise?post=48752"},{"taxonomy":"type-devenement","embeddable":true,"href":"https:\/\/www.iemj.org\/es\/wp-json\/wp\/v2\/type-devenement?post=48752"},{"taxonomy":"tableaux-liens-externes","embeddable":true,"href":"https:\/\/www.iemj.org\/es\/wp-json\/wp\/v2\/tableaux-liens-externes?post=48752"}],"curies":[{"name":"wp","href":"https:\/\/api.w.org\/{rel}","templated":true}]}}