{"id":49145,"date":"2019-12-04T18:23:17","date_gmt":"2019-12-04T17:23:17","guid":{"rendered":"https:\/\/www.iemj.org\/chansons-hebraiques-et-chants-de-shabbat-pour-enfants\/"},"modified":"2025-09-10T11:01:48","modified_gmt":"2025-09-10T09:01:48","slug":"chansons-hebraiques-et-chants-de-shabbat-pour-enfants","status":"publish","type":"post","link":"https:\/\/www.iemj.org\/es\/chansons-hebraiques-et-chants-de-shabbat-pour-enfants\/","title":{"rendered":"Canciones hebreas y cantos de sabbat para ni\u00f1os"},"content":{"rendered":"<p>Publicados en New-York al inicio de los a\u00f1os 1950, los estuches, dise\u00f1ados por Hannah Harris, presentaban canciones para ni\u00f1os, cantadas en hebreo, y acompa\u00f1adas en el piano por Seymour Silbermintz.<\/p>\n<p><!--more--><\/p>\n<p>Magn\u00edficamente ilustradas por Doug Anderson y David Cohen, los estuches de 78 rpm <em>Hebrew songs for children <\/em>et <em>Sabbath Songs for children <\/em>han sido producidos por el Mizrachi National Education Committee, y publicados por el sello musical americano Minedco Records.\u00a0\u00a0<\/p>\n<p><img fetchpriority=\"high\" decoding=\"async\" class=\" alignleft size-full wp-image-26221\" src=\"https:\/\/www.iemj.org\/wp-content\/uploads\/2019\/12\/photo_2_disques_230px_vertic.jpg\" alt=\"photo_2_disques_230px_vertic.jpg\" width=\"484\" height=\"230\" align=\"left\" srcset=\"https:\/\/www.iemj.org\/wp-content\/uploads\/2019\/12\/photo_2_disques_230px_vertic.jpg 484w, https:\/\/www.iemj.org\/wp-content\/uploads\/2019\/12\/photo_2_disques_230px_vertic-300x143.jpg 300w\" sizes=\"(max-width: 484px) 100vw, 484px\" \/> <img decoding=\"async\" class=\" alignright size-full wp-image-26223\" src=\"https:\/\/www.iemj.org\/wp-content\/uploads\/2019\/12\/img_20191202_150729392_1__recentre_230px_vertic.jpg\" alt=\"img_20191202_150729392_1__recentre_230px_vertic.jpg\" width=\"186\" height=\"230\" align=\"right\" \/><\/p>\n<p><img decoding=\"async\" class=\"wp-image-26225 alignleft\" src=\"https:\/\/www.iemj.org\/wp-content\/uploads\/2019\/12\/rond_de_disque_250px_vertic.jpg\" alt=\"rond_de_disque_250px_vertic.jpg\" width=\"215\" height=\"219\" align=\"left\" \/><\/p>\n<p>El primer estuche alternan cortas narraciones y canciones infantiles en temas diversos: animales, trenes, bailes en un c\u00edrculo, o simplemente la lluvia. La dimensi\u00f3n educativa nunca se olvida: gracias al texto reformulado en hebreo y transliterado, lo ni\u00f1os pueden apropiarse lo que oyen.<\/p>\n<p>El segundo estuche contiene canciones de sabbat. Seymour Silbermintz, al cante y al piano, est\u00e1 acompa\u00f1ado por la cantante soprano Shirley Cohen y de Maurice Levine qui\u00e9n asegura, en cuanto a el, la narraci\u00f3n en ingl\u00e9s.<\/p>\n<p>Una maravilla para los ojos, tanto como para las orejas!<\/p>\n<p><img loading=\"lazy\" decoding=\"async\" class=\" alignleft  wp-image-26227\" src=\"https:\/\/www.iemj.org\/wp-content\/uploads\/2019\/12\/seymour_silbermintz.jpg\" alt=\"seymour_silbermintz.jpg\" width=\"212\" height=\"303\" align=\"left\" \/><strong>Seymour [Shlomo] Silbermintz<\/strong> (1917-2000) es el autor de una <a href=\"http:\/\/worldcat.org\/identities\/lccn-nr93032195\/\">obra abundante<\/a>. Cantor, director de coro, compositor y profesor, Silbermintz ha dictado clases en la Juilliard School de Nueva York y al Brooklyn College.<\/p>\n<p>Consultor en m\u00fasica al Comit\u00e9 de Educaci\u00f3n Jud\u00eda de Nueva York, ha dirigido tambi\u00e9n numerosos coros jud\u00edas en Nueva York, entre ellos la Choral Society, creado en 1924 por Zaevil Zilberts, el coro jud\u00eda y el coro de la juventud sionista qu\u00e9 ha fundado.<\/p>\n<p>Silbermintz falleci\u00f3 en Nueva York el 18 de junio de 2000.<\/p>\n\n\n<h2 class=\"wp-block-heading\"><\/h2>\n\n\n\n<figure class=\"wp-block-image size-large\"><img loading=\"lazy\" decoding=\"async\" width=\"1024\" height=\"133\" src=\"https:\/\/www.iemj.org\/wp-content\/uploads\/2024\/03\/AUDIO-PLAYER-1024x133.png\" alt=\"\" class=\"wp-image-110610\" srcset=\"https:\/\/www.iemj.org\/wp-content\/uploads\/2024\/03\/AUDIO-PLAYER-1024x133.png 1024w, https:\/\/www.iemj.org\/wp-content\/uploads\/2024\/03\/AUDIO-PLAYER-300x39.png 300w, https:\/\/www.iemj.org\/wp-content\/uploads\/2024\/03\/AUDIO-PLAYER-768x100.png 768w, https:\/\/www.iemj.org\/wp-content\/uploads\/2024\/03\/AUDIO-PLAYER-600x78.png 600w, https:\/\/www.iemj.org\/wp-content\/uploads\/2024\/03\/AUDIO-PLAYER.png 1210w\" sizes=\"(max-width: 1024px) 100vw, 1024px\" \/><\/figure>\n\n\n\n<div class=\"wp-block-file\"><a id=\"wp-block-file--media-786ae05a-81b2-476e-96a0-dee01f110a11\" href=\"https:\/\/www.iemj.org\/wp-content\/uploads\/2019\/12\/extrait_1.mp3\">Hebrew songs for children &#8211; Disque 1 (Extrait)<\/a><\/div>\n\n\n\n<div class=\"wp-block-file\"><a id=\"wp-block-file--media-725ed8bb-3dbe-4517-88e4-38d641566860\" href=\"https:\/\/www.iemj.org\/wp-content\/uploads\/2019\/12\/extrait_3.mp3\">Sabbath songs for children &#8211; Disque 1 (Extrait)<\/a><\/div>\n\n\n\n<div class=\"wp-block-file\"><a id=\"wp-block-file--media-8b4ebe8a-8636-4d43-9cc2-1ff77ebaff3c\" href=\"https:\/\/www.iemj.org\/wp-content\/uploads\/2019\/12\/extrait_4.mp3\">Sabbath songs for children &#8211; Disque 2 (Extrait)<\/a><\/div>\n\n\n\n<div class=\"wp-block-file\"><a id=\"wp-block-file--media-91b13eb2-25d2-44df-b81c-222d260c6961\" href=\"https:\/\/www.iemj.org\/wp-content\/uploads\/2019\/12\/extrait_2.mp3\">Hebrew songs for children &#8211; Disque 2 (Extrait)<\/a><\/div>\n","protected":false},"excerpt":{"rendered":"<p>Publicados en New-York al inicio de los a\u00f1os 1950, los estuches, dise\u00f1ados por Hannah Harris, presentaban canciones para ni\u00f1os, cantadas en hebreo, y acompa\u00f1adas en el piano por Seymour Silbermintz.<\/p>\n","protected":false},"author":1048,"featured_media":49146,"comment_status":"closed","ping_status":"closed","sticky":false,"template":"","format":"standard","meta":{"_acf_changed":false,"footnotes":""},"categories":[1566],"tags":[],"technique":[],"squelettes":[],"sujet":[],"formation":[],"genre":[],"fonds":[],"tradition":[],"type-de-contenu":[],"interprete-compositeur":[],"frise":[],"type-devenement":[],"tableaux-liens-externes":[],"class_list":["post-49145","post","type-post","status-publish","format-standard","has-post-thumbnail","hentry","category-imprescindibles-es"],"acf":[],"yoast_head":"<!-- This site is optimized with the Yoast SEO plugin v27.3 - https:\/\/yoast.com\/product\/yoast-seo-wordpress\/ -->\n<title>Canciones hebreas y cantos de sabbat para ni\u00f1os - Institut Europ\u00e9en des Musiques Juives<\/title>\n<meta name=\"robots\" content=\"index, follow, max-snippet:-1, max-image-preview:large, max-video-preview:-1\" \/>\n<link rel=\"canonical\" href=\"https:\/\/www.iemj.org\/es\/chansons-hebraiques-et-chants-de-shabbat-pour-enfants\/\" \/>\n<meta property=\"og:locale\" content=\"es_ES\" \/>\n<meta property=\"og:type\" content=\"article\" \/>\n<meta property=\"og:title\" content=\"Canciones hebreas y cantos de sabbat para ni\u00f1os - Institut Europ\u00e9en des Musiques Juives\" \/>\n<meta property=\"og:description\" content=\"Publicados en New-York al inicio de los a\u00f1os 1950, los estuches, dise\u00f1ados por Hannah Harris, presentaban canciones para ni\u00f1os, cantadas en hebreo, y acompa\u00f1adas en el piano por Seymour Silbermintz.\" \/>\n<meta property=\"og:url\" content=\"https:\/\/www.iemj.org\/es\/chansons-hebraiques-et-chants-de-shabbat-pour-enfants\/\" \/>\n<meta property=\"og:site_name\" content=\"Institut Europ\u00e9en des Musiques Juives\" \/>\n<meta property=\"article:publisher\" content=\"https:\/\/www.facebook.com\/MusiquesJuives\/\" \/>\n<meta property=\"article:published_time\" content=\"2019-12-04T17:23:17+00:00\" \/>\n<meta property=\"article:modified_time\" content=\"2025-09-10T09:01:48+00:00\" \/>\n<meta property=\"og:image\" content=\"https:\/\/www.iemj.org\/wp-content\/uploads\/2019\/12\/arton4410-e1618589113930.jpg\" \/>\n\t<meta property=\"og:image:width\" content=\"350\" \/>\n\t<meta property=\"og:image:height\" content=\"339\" \/>\n\t<meta property=\"og:image:type\" content=\"image\/jpeg\" \/>\n<meta name=\"author\" content=\"Jean-Gabriel Davis\" \/>\n<meta name=\"twitter:card\" content=\"summary_large_image\" \/>\n<meta name=\"twitter:label1\" content=\"Escrito por\" \/>\n\t<meta name=\"twitter:data1\" content=\"Jean-Gabriel Davis\" \/>\n\t<meta name=\"twitter:label2\" content=\"Tiempo de lectura\" \/>\n\t<meta name=\"twitter:data2\" content=\"3 minutos\" \/>\n<script type=\"application\/ld+json\" class=\"yoast-schema-graph\">{\"@context\":\"https:\\\/\\\/schema.org\",\"@graph\":[{\"@type\":\"Article\",\"@id\":\"https:\\\/\\\/www.iemj.org\\\/es\\\/chansons-hebraiques-et-chants-de-shabbat-pour-enfants\\\/#article\",\"isPartOf\":{\"@id\":\"https:\\\/\\\/www.iemj.org\\\/es\\\/chansons-hebraiques-et-chants-de-shabbat-pour-enfants\\\/\"},\"author\":{\"name\":\"Jean-Gabriel Davis\",\"@id\":\"https:\\\/\\\/www.iemj.org\\\/es\\\/#\\\/schema\\\/person\\\/c9bc1c386a3749579a2d675e72a18666\"},\"headline\":\"Canciones hebreas y cantos de sabbat para ni\u00f1os\",\"datePublished\":\"2019-12-04T17:23:17+00:00\",\"dateModified\":\"2025-09-10T09:01:48+00:00\",\"mainEntityOfPage\":{\"@id\":\"https:\\\/\\\/www.iemj.org\\\/es\\\/chansons-hebraiques-et-chants-de-shabbat-pour-enfants\\\/\"},\"wordCount\":297,\"publisher\":{\"@id\":\"https:\\\/\\\/www.iemj.org\\\/es\\\/#organization\"},\"image\":{\"@id\":\"https:\\\/\\\/www.iemj.org\\\/es\\\/chansons-hebraiques-et-chants-de-shabbat-pour-enfants\\\/#primaryimage\"},\"thumbnailUrl\":\"https:\\\/\\\/www.iemj.org\\\/wp-content\\\/uploads\\\/2019\\\/12\\\/arton4410-e1618589113930.jpg\",\"articleSection\":[\"Imprescindibles\"],\"inLanguage\":\"es\"},{\"@type\":\"WebPage\",\"@id\":\"https:\\\/\\\/www.iemj.org\\\/es\\\/chansons-hebraiques-et-chants-de-shabbat-pour-enfants\\\/\",\"url\":\"https:\\\/\\\/www.iemj.org\\\/es\\\/chansons-hebraiques-et-chants-de-shabbat-pour-enfants\\\/\",\"name\":\"Canciones hebreas y cantos de sabbat para ni\u00f1os - Institut Europ\u00e9en des Musiques Juives\",\"isPartOf\":{\"@id\":\"https:\\\/\\\/www.iemj.org\\\/es\\\/#website\"},\"primaryImageOfPage\":{\"@id\":\"https:\\\/\\\/www.iemj.org\\\/es\\\/chansons-hebraiques-et-chants-de-shabbat-pour-enfants\\\/#primaryimage\"},\"image\":{\"@id\":\"https:\\\/\\\/www.iemj.org\\\/es\\\/chansons-hebraiques-et-chants-de-shabbat-pour-enfants\\\/#primaryimage\"},\"thumbnailUrl\":\"https:\\\/\\\/www.iemj.org\\\/wp-content\\\/uploads\\\/2019\\\/12\\\/arton4410-e1618589113930.jpg\",\"datePublished\":\"2019-12-04T17:23:17+00:00\",\"dateModified\":\"2025-09-10T09:01:48+00:00\",\"breadcrumb\":{\"@id\":\"https:\\\/\\\/www.iemj.org\\\/es\\\/chansons-hebraiques-et-chants-de-shabbat-pour-enfants\\\/#breadcrumb\"},\"inLanguage\":\"es\",\"potentialAction\":[{\"@type\":\"ReadAction\",\"target\":[\"https:\\\/\\\/www.iemj.org\\\/es\\\/chansons-hebraiques-et-chants-de-shabbat-pour-enfants\\\/\"]}]},{\"@type\":\"ImageObject\",\"inLanguage\":\"es\",\"@id\":\"https:\\\/\\\/www.iemj.org\\\/es\\\/chansons-hebraiques-et-chants-de-shabbat-pour-enfants\\\/#primaryimage\",\"url\":\"https:\\\/\\\/www.iemj.org\\\/wp-content\\\/uploads\\\/2019\\\/12\\\/arton4410-e1618589113930.jpg\",\"contentUrl\":\"https:\\\/\\\/www.iemj.org\\\/wp-content\\\/uploads\\\/2019\\\/12\\\/arton4410-e1618589113930.jpg\",\"width\":350,\"height\":339},{\"@type\":\"BreadcrumbList\",\"@id\":\"https:\\\/\\\/www.iemj.org\\\/es\\\/chansons-hebraiques-et-chants-de-shabbat-pour-enfants\\\/#breadcrumb\",\"itemListElement\":[{\"@type\":\"ListItem\",\"position\":1,\"name\":\"Accueil\",\"item\":\"https:\\\/\\\/www.iemj.org\\\/es\\\/\"},{\"@type\":\"ListItem\",\"position\":2,\"name\":\"Canciones hebreas y cantos de sabbat para ni\u00f1os\"}]},{\"@type\":\"WebSite\",\"@id\":\"https:\\\/\\\/www.iemj.org\\\/es\\\/#website\",\"url\":\"https:\\\/\\\/www.iemj.org\\\/es\\\/\",\"name\":\"Institut Europ\u00e9en des Musiques Juives\",\"description\":\"Des traditions musicales \u00e0 la port\u00e9e de tous\",\"publisher\":{\"@id\":\"https:\\\/\\\/www.iemj.org\\\/es\\\/#organization\"},\"potentialAction\":[{\"@type\":\"SearchAction\",\"target\":{\"@type\":\"EntryPoint\",\"urlTemplate\":\"https:\\\/\\\/www.iemj.org\\\/es\\\/?s={search_term_string}\"},\"query-input\":{\"@type\":\"PropertyValueSpecification\",\"valueRequired\":true,\"valueName\":\"search_term_string\"}}],\"inLanguage\":\"es\"},{\"@type\":\"Organization\",\"@id\":\"https:\\\/\\\/www.iemj.org\\\/es\\\/#organization\",\"name\":\"Institut Europ\u00e9en des Musiques Juives\",\"url\":\"https:\\\/\\\/www.iemj.org\\\/es\\\/\",\"logo\":{\"@type\":\"ImageObject\",\"inLanguage\":\"es\",\"@id\":\"https:\\\/\\\/www.iemj.org\\\/es\\\/#\\\/schema\\\/logo\\\/image\\\/\",\"url\":\"https:\\\/\\\/www.iemj.org\\\/wp-content\\\/uploads\\\/2021\\\/09\\\/Logo-IEMJ-Paypal.jpg\",\"contentUrl\":\"https:\\\/\\\/www.iemj.org\\\/wp-content\\\/uploads\\\/2021\\\/09\\\/Logo-IEMJ-Paypal.jpg\",\"width\":150,\"height\":50,\"caption\":\"Institut Europ\u00e9en des Musiques Juives\"},\"image\":{\"@id\":\"https:\\\/\\\/www.iemj.org\\\/es\\\/#\\\/schema\\\/logo\\\/image\\\/\"},\"sameAs\":[\"https:\\\/\\\/www.facebook.com\\\/MusiquesJuives\\\/\",\"https:\\\/\\\/www.instagram.com\\\/musiquesjuives\\\/\",\"https:\\\/\\\/www.youtube.com\\\/user\\\/musiquesjuives\"]},{\"@type\":\"Person\",\"@id\":\"https:\\\/\\\/www.iemj.org\\\/es\\\/#\\\/schema\\\/person\\\/c9bc1c386a3749579a2d675e72a18666\",\"name\":\"Jean-Gabriel Davis\",\"image\":{\"@type\":\"ImageObject\",\"inLanguage\":\"es\",\"@id\":\"https:\\\/\\\/secure.gravatar.com\\\/avatar\\\/2b90d67bdf392c9b3a21fab87c0fa7edaf1fb3a058172a1ffd61033fcec7aec1?s=96&d=mm&r=g\",\"url\":\"https:\\\/\\\/secure.gravatar.com\\\/avatar\\\/2b90d67bdf392c9b3a21fab87c0fa7edaf1fb3a058172a1ffd61033fcec7aec1?s=96&d=mm&r=g\",\"contentUrl\":\"https:\\\/\\\/secure.gravatar.com\\\/avatar\\\/2b90d67bdf392c9b3a21fab87c0fa7edaf1fb3a058172a1ffd61033fcec7aec1?s=96&d=mm&r=g\",\"caption\":\"Jean-Gabriel Davis\"}}]}<\/script>\n<!-- \/ Yoast SEO plugin. -->","yoast_head_json":{"title":"Canciones hebreas y cantos de sabbat para ni\u00f1os - Institut Europ\u00e9en des Musiques Juives","robots":{"index":"index","follow":"follow","max-snippet":"max-snippet:-1","max-image-preview":"max-image-preview:large","max-video-preview":"max-video-preview:-1"},"canonical":"https:\/\/www.iemj.org\/es\/chansons-hebraiques-et-chants-de-shabbat-pour-enfants\/","og_locale":"es_ES","og_type":"article","og_title":"Canciones hebreas y cantos de sabbat para ni\u00f1os - Institut Europ\u00e9en des Musiques Juives","og_description":"Publicados en New-York al inicio de los a\u00f1os 1950, los estuches, dise\u00f1ados por Hannah Harris, presentaban canciones para ni\u00f1os, cantadas en hebreo, y acompa\u00f1adas en el piano por Seymour Silbermintz.","og_url":"https:\/\/www.iemj.org\/es\/chansons-hebraiques-et-chants-de-shabbat-pour-enfants\/","og_site_name":"Institut Europ\u00e9en des Musiques Juives","article_publisher":"https:\/\/www.facebook.com\/MusiquesJuives\/","article_published_time":"2019-12-04T17:23:17+00:00","article_modified_time":"2025-09-10T09:01:48+00:00","og_image":[{"width":350,"height":339,"url":"https:\/\/www.iemj.org\/wp-content\/uploads\/2019\/12\/arton4410-e1618589113930.jpg","type":"image\/jpeg"}],"author":"Jean-Gabriel Davis","twitter_card":"summary_large_image","twitter_misc":{"Escrito por":"Jean-Gabriel Davis","Tiempo de lectura":"3 minutos"},"schema":{"@context":"https:\/\/schema.org","@graph":[{"@type":"Article","@id":"https:\/\/www.iemj.org\/es\/chansons-hebraiques-et-chants-de-shabbat-pour-enfants\/#article","isPartOf":{"@id":"https:\/\/www.iemj.org\/es\/chansons-hebraiques-et-chants-de-shabbat-pour-enfants\/"},"author":{"name":"Jean-Gabriel Davis","@id":"https:\/\/www.iemj.org\/es\/#\/schema\/person\/c9bc1c386a3749579a2d675e72a18666"},"headline":"Canciones hebreas y cantos de sabbat para ni\u00f1os","datePublished":"2019-12-04T17:23:17+00:00","dateModified":"2025-09-10T09:01:48+00:00","mainEntityOfPage":{"@id":"https:\/\/www.iemj.org\/es\/chansons-hebraiques-et-chants-de-shabbat-pour-enfants\/"},"wordCount":297,"publisher":{"@id":"https:\/\/www.iemj.org\/es\/#organization"},"image":{"@id":"https:\/\/www.iemj.org\/es\/chansons-hebraiques-et-chants-de-shabbat-pour-enfants\/#primaryimage"},"thumbnailUrl":"https:\/\/www.iemj.org\/wp-content\/uploads\/2019\/12\/arton4410-e1618589113930.jpg","articleSection":["Imprescindibles"],"inLanguage":"es"},{"@type":"WebPage","@id":"https:\/\/www.iemj.org\/es\/chansons-hebraiques-et-chants-de-shabbat-pour-enfants\/","url":"https:\/\/www.iemj.org\/es\/chansons-hebraiques-et-chants-de-shabbat-pour-enfants\/","name":"Canciones hebreas y cantos de sabbat para ni\u00f1os - Institut Europ\u00e9en des Musiques Juives","isPartOf":{"@id":"https:\/\/www.iemj.org\/es\/#website"},"primaryImageOfPage":{"@id":"https:\/\/www.iemj.org\/es\/chansons-hebraiques-et-chants-de-shabbat-pour-enfants\/#primaryimage"},"image":{"@id":"https:\/\/www.iemj.org\/es\/chansons-hebraiques-et-chants-de-shabbat-pour-enfants\/#primaryimage"},"thumbnailUrl":"https:\/\/www.iemj.org\/wp-content\/uploads\/2019\/12\/arton4410-e1618589113930.jpg","datePublished":"2019-12-04T17:23:17+00:00","dateModified":"2025-09-10T09:01:48+00:00","breadcrumb":{"@id":"https:\/\/www.iemj.org\/es\/chansons-hebraiques-et-chants-de-shabbat-pour-enfants\/#breadcrumb"},"inLanguage":"es","potentialAction":[{"@type":"ReadAction","target":["https:\/\/www.iemj.org\/es\/chansons-hebraiques-et-chants-de-shabbat-pour-enfants\/"]}]},{"@type":"ImageObject","inLanguage":"es","@id":"https:\/\/www.iemj.org\/es\/chansons-hebraiques-et-chants-de-shabbat-pour-enfants\/#primaryimage","url":"https:\/\/www.iemj.org\/wp-content\/uploads\/2019\/12\/arton4410-e1618589113930.jpg","contentUrl":"https:\/\/www.iemj.org\/wp-content\/uploads\/2019\/12\/arton4410-e1618589113930.jpg","width":350,"height":339},{"@type":"BreadcrumbList","@id":"https:\/\/www.iemj.org\/es\/chansons-hebraiques-et-chants-de-shabbat-pour-enfants\/#breadcrumb","itemListElement":[{"@type":"ListItem","position":1,"name":"Accueil","item":"https:\/\/www.iemj.org\/es\/"},{"@type":"ListItem","position":2,"name":"Canciones hebreas y cantos de sabbat para ni\u00f1os"}]},{"@type":"WebSite","@id":"https:\/\/www.iemj.org\/es\/#website","url":"https:\/\/www.iemj.org\/es\/","name":"Institut Europ\u00e9en des Musiques Juives","description":"Des traditions musicales \u00e0 la port\u00e9e de tous","publisher":{"@id":"https:\/\/www.iemj.org\/es\/#organization"},"potentialAction":[{"@type":"SearchAction","target":{"@type":"EntryPoint","urlTemplate":"https:\/\/www.iemj.org\/es\/?s={search_term_string}"},"query-input":{"@type":"PropertyValueSpecification","valueRequired":true,"valueName":"search_term_string"}}],"inLanguage":"es"},{"@type":"Organization","@id":"https:\/\/www.iemj.org\/es\/#organization","name":"Institut Europ\u00e9en des Musiques Juives","url":"https:\/\/www.iemj.org\/es\/","logo":{"@type":"ImageObject","inLanguage":"es","@id":"https:\/\/www.iemj.org\/es\/#\/schema\/logo\/image\/","url":"https:\/\/www.iemj.org\/wp-content\/uploads\/2021\/09\/Logo-IEMJ-Paypal.jpg","contentUrl":"https:\/\/www.iemj.org\/wp-content\/uploads\/2021\/09\/Logo-IEMJ-Paypal.jpg","width":150,"height":50,"caption":"Institut Europ\u00e9en des Musiques Juives"},"image":{"@id":"https:\/\/www.iemj.org\/es\/#\/schema\/logo\/image\/"},"sameAs":["https:\/\/www.facebook.com\/MusiquesJuives\/","https:\/\/www.instagram.com\/musiquesjuives\/","https:\/\/www.youtube.com\/user\/musiquesjuives"]},{"@type":"Person","@id":"https:\/\/www.iemj.org\/es\/#\/schema\/person\/c9bc1c386a3749579a2d675e72a18666","name":"Jean-Gabriel Davis","image":{"@type":"ImageObject","inLanguage":"es","@id":"https:\/\/secure.gravatar.com\/avatar\/2b90d67bdf392c9b3a21fab87c0fa7edaf1fb3a058172a1ffd61033fcec7aec1?s=96&d=mm&r=g","url":"https:\/\/secure.gravatar.com\/avatar\/2b90d67bdf392c9b3a21fab87c0fa7edaf1fb3a058172a1ffd61033fcec7aec1?s=96&d=mm&r=g","contentUrl":"https:\/\/secure.gravatar.com\/avatar\/2b90d67bdf392c9b3a21fab87c0fa7edaf1fb3a058172a1ffd61033fcec7aec1?s=96&d=mm&r=g","caption":"Jean-Gabriel Davis"}}]}},"_links":{"self":[{"href":"https:\/\/www.iemj.org\/es\/wp-json\/wp\/v2\/posts\/49145","targetHints":{"allow":["GET"]}}],"collection":[{"href":"https:\/\/www.iemj.org\/es\/wp-json\/wp\/v2\/posts"}],"about":[{"href":"https:\/\/www.iemj.org\/es\/wp-json\/wp\/v2\/types\/post"}],"author":[{"embeddable":true,"href":"https:\/\/www.iemj.org\/es\/wp-json\/wp\/v2\/users\/1048"}],"replies":[{"embeddable":true,"href":"https:\/\/www.iemj.org\/es\/wp-json\/wp\/v2\/comments?post=49145"}],"version-history":[{"count":0,"href":"https:\/\/www.iemj.org\/es\/wp-json\/wp\/v2\/posts\/49145\/revisions"}],"wp:featuredmedia":[{"embeddable":true,"href":"https:\/\/www.iemj.org\/es\/wp-json\/wp\/v2\/media\/49146"}],"wp:attachment":[{"href":"https:\/\/www.iemj.org\/es\/wp-json\/wp\/v2\/media?parent=49145"}],"wp:term":[{"taxonomy":"category","embeddable":true,"href":"https:\/\/www.iemj.org\/es\/wp-json\/wp\/v2\/categories?post=49145"},{"taxonomy":"post_tag","embeddable":true,"href":"https:\/\/www.iemj.org\/es\/wp-json\/wp\/v2\/tags?post=49145"},{"taxonomy":"technique","embeddable":true,"href":"https:\/\/www.iemj.org\/es\/wp-json\/wp\/v2\/technique?post=49145"},{"taxonomy":"squelettes","embeddable":true,"href":"https:\/\/www.iemj.org\/es\/wp-json\/wp\/v2\/squelettes?post=49145"},{"taxonomy":"sujet","embeddable":true,"href":"https:\/\/www.iemj.org\/es\/wp-json\/wp\/v2\/sujet?post=49145"},{"taxonomy":"formation","embeddable":true,"href":"https:\/\/www.iemj.org\/es\/wp-json\/wp\/v2\/formation?post=49145"},{"taxonomy":"genre","embeddable":true,"href":"https:\/\/www.iemj.org\/es\/wp-json\/wp\/v2\/genre?post=49145"},{"taxonomy":"fonds","embeddable":true,"href":"https:\/\/www.iemj.org\/es\/wp-json\/wp\/v2\/fonds?post=49145"},{"taxonomy":"tradition","embeddable":true,"href":"https:\/\/www.iemj.org\/es\/wp-json\/wp\/v2\/tradition?post=49145"},{"taxonomy":"type-de-contenu","embeddable":true,"href":"https:\/\/www.iemj.org\/es\/wp-json\/wp\/v2\/type-de-contenu?post=49145"},{"taxonomy":"interprete-compositeur","embeddable":true,"href":"https:\/\/www.iemj.org\/es\/wp-json\/wp\/v2\/interprete-compositeur?post=49145"},{"taxonomy":"frise","embeddable":true,"href":"https:\/\/www.iemj.org\/es\/wp-json\/wp\/v2\/frise?post=49145"},{"taxonomy":"type-devenement","embeddable":true,"href":"https:\/\/www.iemj.org\/es\/wp-json\/wp\/v2\/type-devenement?post=49145"},{"taxonomy":"tableaux-liens-externes","embeddable":true,"href":"https:\/\/www.iemj.org\/es\/wp-json\/wp\/v2\/tableaux-liens-externes?post=49145"}],"curies":[{"name":"wp","href":"https:\/\/api.w.org\/{rel}","templated":true}]}}