{"id":49346,"date":"2018-01-31T10:33:29","date_gmt":"2018-01-31T09:33:29","guid":{"rendered":"https:\/\/www.iemj.org\/la-phonocarte-hora-bilu\/"},"modified":"2023-12-19T15:14:51","modified_gmt":"2023-12-19T14:14:51","slug":"la-phonocarte-hora-bilu","status":"publish","type":"post","link":"https:\/\/www.iemj.org\/es\/la-phonocarte-hora-bilu\/","title":{"rendered":"La tarjeta fonogr\u00e1fica Hora Bilu"},"content":{"rendered":"<p>A primera vista, parece una postal, pero en una inspecci\u00f3n m\u00e1s cercana, \u00a1hay un LP alrededor de un agujero central!<br \/>Se trata, en realidad, de un disco de 33 rpm impreso sobre un soporte de cart\u00f3n que se llama <em>fonocard<\/em>.<br \/>El sistema de sonido de la tarjeta fonogr\u00e1fica no es m\u00e1s que una postal inventada aparentemente en Inglaterra, a principios del siglo XX, en la que el remitente de la tarjeta pod\u00eda grabar un breve mensaje de voz en el fino LP integrado en la tarjeta, legible por el destinatario mediante un dispositivo especial llamado <em>Phonopostal<\/em>.<br \/>Fue m\u00e1s bien en la d\u00e9cada de 1960 cuando estas tarjetas de sonido, publicadas principalmente por los sellos Phonoscope y Editions du Belv\u00e9d\u00e8re, aparecieron en Francia. Si se usan con relativa poca frecuencia, lamentablemente se olvidar\u00e1n r\u00e1pidamente.<\/p>\n<p><img fetchpriority=\"high\" decoding=\"async\" class=\" aligncenter size-full wp-image-18059\" src=\"https:\/\/www.iemj.org\/wp-content\/uploads\/2018\/01\/doc_1_hora_bilu_500px.jpg\" alt=\"doc_1_hora_bilu_500px.jpg\" width=\"600\" height=\"334\" align=\"center\" srcset=\"https:\/\/www.iemj.org\/wp-content\/uploads\/2018\/01\/doc_1_hora_bilu_500px.jpg 600w, https:\/\/www.iemj.org\/wp-content\/uploads\/2018\/01\/doc_1_hora_bilu_500px-300x167.jpg 300w\" sizes=\"(max-width: 600px) 100vw, 600px\" \/><\/p>\n<p>En este medio se han publicado algunos grandes \u00e9xitos como: <em>A Paris<\/em> de Francis Lemarque, <em>Only You<\/em> de Buck Ram, as\u00ed como muchas canciones infantiles de pel\u00edculas o cl\u00e1sicos de Walt Disney (<em>Au clair de la lune, <\/em>etc.).<\/p>\n<p>Presentamos aqu\u00ed, de los archivos del IEMJ, una rara tarjeta fonogr\u00e1fica de 17 cm editada por Shirli Ldt. que contiene la canci\u00f3n <em>Hora Bilu<\/em> interpretada por Shlishiyat Guesher Hayarkon y compuesta por Alexandre Argov.<\/p>\n<p><img decoding=\"async\" class=\"alignleft wp-image-18061\" src=\"https:\/\/www.iemj.org\/wp-content\/uploads\/2018\/01\/doc2_hora_bilu.jpg\" alt=\"doc2_hora_bilu.jpg\" width=\"217\" height=\"621\" align=\"left\" srcset=\"https:\/\/www.iemj.org\/wp-content\/uploads\/2018\/01\/doc2_hora_bilu.jpg 169w, https:\/\/www.iemj.org\/wp-content\/uploads\/2018\/01\/doc2_hora_bilu-105x300.jpg 105w\" sizes=\"(max-width: 217px) 100vw, 217px\" \/><\/p>\n<p>Las gaviotas lloran<\/p>\n<p>cielos azules azules<\/p>\n<p>prep\u00e1rate para navegar, prep\u00e1rate.<\/p>\n<p>Bailemos con las olas, la hora<\/p>\n<p>la hora de Bilu al mar<\/p>\n<p>Bilu, naveguemos hacia horizontes lejanos<\/p>\n<p>hasta que el suave canto de las olas<\/p>\n<p>con mil flautas tocando &#8211; Bilu<\/p>\n<p>bajo cielos azules<\/p>\n<p>en tus puentes blancos blancos<\/p>\n<p>canta y r\u00ede<\/p>\n<p>naveguemos.<\/p>\n<p>\u00a0<\/p>\n<h4>\u00a0<\/h4>\n<h3>Escuchar la tarjeta fonogr\u00e1fica Hora Bilu<\/h3>\n\n\n<figure class=\"wp-block-embed is-type-video is-provider-youtube wp-block-embed-youtube wp-embed-aspect-4-3 wp-has-aspect-ratio\"><div class=\"wp-block-embed__wrapper\">\n<iframe title=\"La phonocarte Hora Bilu\" width=\"640\" height=\"480\" src=\"https:\/\/www.youtube.com\/embed\/Fapx0cMVpJE?feature=oembed\" frameborder=\"0\" allow=\"accelerometer; autoplay; clipboard-write; encrypted-media; gyroscope; picture-in-picture; web-share\" referrerpolicy=\"strict-origin-when-cross-origin\" allowfullscreen><\/iframe>\n<\/div><\/figure>\n\n\n\n<p><\/p>\n","protected":false},"excerpt":{"rendered":"<p>A primera vista, parece una postal, pero en una inspecci\u00f3n m\u00e1s cercana, \u00a1hay un LP alrededor de un agujero central!Se trata, en realidad, de un disco de 33 rpm impreso<\/p>\n","protected":false},"author":1052,"featured_media":49347,"comment_status":"closed","ping_status":"open","sticky":false,"template":"","format":"standard","meta":{"_acf_changed":false,"footnotes":""},"categories":[1566],"tags":[],"technique":[],"squelettes":[],"sujet":[],"formation":[],"genre":[],"fonds":[],"tradition":[],"type-de-contenu":[],"interprete-compositeur":[],"frise":[],"type-devenement":[],"tableaux-liens-externes":[],"class_list":["post-49346","post","type-post","status-publish","format-standard","has-post-thumbnail","hentry","category-imprescindibles-es"],"acf":[],"yoast_head":"<!-- This site is optimized with the Yoast SEO plugin v27.3 - https:\/\/yoast.com\/product\/yoast-seo-wordpress\/ -->\n<title>La tarjeta fonogr\u00e1fica Hora Bilu - Institut Europ\u00e9en des Musiques Juives<\/title>\n<meta name=\"robots\" content=\"index, follow, max-snippet:-1, max-image-preview:large, max-video-preview:-1\" \/>\n<link rel=\"canonical\" href=\"https:\/\/www.iemj.org\/es\/la-phonocarte-hora-bilu\/\" \/>\n<meta property=\"og:locale\" content=\"es_ES\" \/>\n<meta property=\"og:type\" content=\"article\" \/>\n<meta property=\"og:title\" content=\"La tarjeta fonogr\u00e1fica Hora Bilu - Institut Europ\u00e9en des Musiques Juives\" \/>\n<meta property=\"og:description\" content=\"A primera vista, parece una postal, pero en una inspecci\u00f3n m\u00e1s cercana, \u00a1hay un LP alrededor de un agujero central!Se trata, en realidad, de un disco de 33 rpm impreso\" \/>\n<meta property=\"og:url\" content=\"https:\/\/www.iemj.org\/es\/la-phonocarte-hora-bilu\/\" \/>\n<meta property=\"og:site_name\" content=\"Institut Europ\u00e9en des Musiques Juives\" \/>\n<meta property=\"article:publisher\" content=\"https:\/\/www.facebook.com\/MusiquesJuives\/\" \/>\n<meta property=\"article:published_time\" content=\"2018-01-31T09:33:29+00:00\" \/>\n<meta property=\"article:modified_time\" content=\"2023-12-19T14:14:51+00:00\" \/>\n<meta property=\"og:image\" content=\"https:\/\/www.iemj.org\/wp-content\/uploads\/2018\/01\/arton3096-e1618738899231.jpg\" \/>\n\t<meta property=\"og:image:width\" content=\"350\" \/>\n\t<meta property=\"og:image:height\" content=\"349\" \/>\n\t<meta property=\"og:image:type\" content=\"image\/jpeg\" \/>\n<meta name=\"author\" content=\"Lea Couderc\" \/>\n<meta name=\"twitter:card\" content=\"summary_large_image\" \/>\n<meta name=\"twitter:label1\" content=\"Escrito por\" \/>\n\t<meta name=\"twitter:data1\" content=\"Lea Couderc\" \/>\n\t<meta name=\"twitter:label2\" content=\"Tiempo de lectura\" \/>\n\t<meta name=\"twitter:data2\" content=\"2 minutos\" \/>\n<script type=\"application\/ld+json\" class=\"yoast-schema-graph\">{\"@context\":\"https:\\\/\\\/schema.org\",\"@graph\":[{\"@type\":\"Article\",\"@id\":\"https:\\\/\\\/www.iemj.org\\\/es\\\/la-phonocarte-hora-bilu\\\/#article\",\"isPartOf\":{\"@id\":\"https:\\\/\\\/www.iemj.org\\\/es\\\/la-phonocarte-hora-bilu\\\/\"},\"author\":{\"name\":\"Lea Couderc\",\"@id\":\"https:\\\/\\\/www.iemj.org\\\/es\\\/#\\\/schema\\\/person\\\/e2ad57f2c4be119c7ed8ab79036807a9\"},\"headline\":\"La tarjeta fonogr\u00e1fica Hora Bilu\",\"datePublished\":\"2018-01-31T09:33:29+00:00\",\"dateModified\":\"2023-12-19T14:14:51+00:00\",\"mainEntityOfPage\":{\"@id\":\"https:\\\/\\\/www.iemj.org\\\/es\\\/la-phonocarte-hora-bilu\\\/\"},\"wordCount\":292,\"publisher\":{\"@id\":\"https:\\\/\\\/www.iemj.org\\\/es\\\/#organization\"},\"image\":{\"@id\":\"https:\\\/\\\/www.iemj.org\\\/es\\\/la-phonocarte-hora-bilu\\\/#primaryimage\"},\"thumbnailUrl\":\"https:\\\/\\\/www.iemj.org\\\/wp-content\\\/uploads\\\/2018\\\/01\\\/arton3096-e1618738899231.jpg\",\"articleSection\":[\"Imprescindibles\"],\"inLanguage\":\"es\"},{\"@type\":\"WebPage\",\"@id\":\"https:\\\/\\\/www.iemj.org\\\/es\\\/la-phonocarte-hora-bilu\\\/\",\"url\":\"https:\\\/\\\/www.iemj.org\\\/es\\\/la-phonocarte-hora-bilu\\\/\",\"name\":\"La tarjeta fonogr\u00e1fica Hora Bilu - Institut Europ\u00e9en des Musiques Juives\",\"isPartOf\":{\"@id\":\"https:\\\/\\\/www.iemj.org\\\/es\\\/#website\"},\"primaryImageOfPage\":{\"@id\":\"https:\\\/\\\/www.iemj.org\\\/es\\\/la-phonocarte-hora-bilu\\\/#primaryimage\"},\"image\":{\"@id\":\"https:\\\/\\\/www.iemj.org\\\/es\\\/la-phonocarte-hora-bilu\\\/#primaryimage\"},\"thumbnailUrl\":\"https:\\\/\\\/www.iemj.org\\\/wp-content\\\/uploads\\\/2018\\\/01\\\/arton3096-e1618738899231.jpg\",\"datePublished\":\"2018-01-31T09:33:29+00:00\",\"dateModified\":\"2023-12-19T14:14:51+00:00\",\"breadcrumb\":{\"@id\":\"https:\\\/\\\/www.iemj.org\\\/es\\\/la-phonocarte-hora-bilu\\\/#breadcrumb\"},\"inLanguage\":\"es\",\"potentialAction\":[{\"@type\":\"ReadAction\",\"target\":[\"https:\\\/\\\/www.iemj.org\\\/es\\\/la-phonocarte-hora-bilu\\\/\"]}]},{\"@type\":\"ImageObject\",\"inLanguage\":\"es\",\"@id\":\"https:\\\/\\\/www.iemj.org\\\/es\\\/la-phonocarte-hora-bilu\\\/#primaryimage\",\"url\":\"https:\\\/\\\/www.iemj.org\\\/wp-content\\\/uploads\\\/2018\\\/01\\\/arton3096-e1618738899231.jpg\",\"contentUrl\":\"https:\\\/\\\/www.iemj.org\\\/wp-content\\\/uploads\\\/2018\\\/01\\\/arton3096-e1618738899231.jpg\",\"width\":350,\"height\":349},{\"@type\":\"BreadcrumbList\",\"@id\":\"https:\\\/\\\/www.iemj.org\\\/es\\\/la-phonocarte-hora-bilu\\\/#breadcrumb\",\"itemListElement\":[{\"@type\":\"ListItem\",\"position\":1,\"name\":\"Accueil\",\"item\":\"https:\\\/\\\/www.iemj.org\\\/es\\\/\"},{\"@type\":\"ListItem\",\"position\":2,\"name\":\"La tarjeta fonogr\u00e1fica Hora Bilu\"}]},{\"@type\":\"WebSite\",\"@id\":\"https:\\\/\\\/www.iemj.org\\\/es\\\/#website\",\"url\":\"https:\\\/\\\/www.iemj.org\\\/es\\\/\",\"name\":\"Institut Europ\u00e9en des Musiques Juives\",\"description\":\"Des traditions musicales \u00e0 la port\u00e9e de tous\",\"publisher\":{\"@id\":\"https:\\\/\\\/www.iemj.org\\\/es\\\/#organization\"},\"potentialAction\":[{\"@type\":\"SearchAction\",\"target\":{\"@type\":\"EntryPoint\",\"urlTemplate\":\"https:\\\/\\\/www.iemj.org\\\/es\\\/?s={search_term_string}\"},\"query-input\":{\"@type\":\"PropertyValueSpecification\",\"valueRequired\":true,\"valueName\":\"search_term_string\"}}],\"inLanguage\":\"es\"},{\"@type\":\"Organization\",\"@id\":\"https:\\\/\\\/www.iemj.org\\\/es\\\/#organization\",\"name\":\"Institut Europ\u00e9en des Musiques Juives\",\"url\":\"https:\\\/\\\/www.iemj.org\\\/es\\\/\",\"logo\":{\"@type\":\"ImageObject\",\"inLanguage\":\"es\",\"@id\":\"https:\\\/\\\/www.iemj.org\\\/es\\\/#\\\/schema\\\/logo\\\/image\\\/\",\"url\":\"https:\\\/\\\/www.iemj.org\\\/wp-content\\\/uploads\\\/2021\\\/09\\\/Logo-IEMJ-Paypal.jpg\",\"contentUrl\":\"https:\\\/\\\/www.iemj.org\\\/wp-content\\\/uploads\\\/2021\\\/09\\\/Logo-IEMJ-Paypal.jpg\",\"width\":150,\"height\":50,\"caption\":\"Institut Europ\u00e9en des Musiques Juives\"},\"image\":{\"@id\":\"https:\\\/\\\/www.iemj.org\\\/es\\\/#\\\/schema\\\/logo\\\/image\\\/\"},\"sameAs\":[\"https:\\\/\\\/www.facebook.com\\\/MusiquesJuives\\\/\",\"https:\\\/\\\/www.instagram.com\\\/musiquesjuives\\\/\",\"https:\\\/\\\/www.youtube.com\\\/user\\\/musiquesjuives\"]},{\"@type\":\"Person\",\"@id\":\"https:\\\/\\\/www.iemj.org\\\/es\\\/#\\\/schema\\\/person\\\/e2ad57f2c4be119c7ed8ab79036807a9\",\"name\":\"Lea Couderc\",\"image\":{\"@type\":\"ImageObject\",\"inLanguage\":\"es\",\"@id\":\"https:\\\/\\\/secure.gravatar.com\\\/avatar\\\/46ee021475d60aeff17a7e490b79dea5a5684bb392ab7fd1494027411df8ba23?s=96&d=mm&r=g\",\"url\":\"https:\\\/\\\/secure.gravatar.com\\\/avatar\\\/46ee021475d60aeff17a7e490b79dea5a5684bb392ab7fd1494027411df8ba23?s=96&d=mm&r=g\",\"contentUrl\":\"https:\\\/\\\/secure.gravatar.com\\\/avatar\\\/46ee021475d60aeff17a7e490b79dea5a5684bb392ab7fd1494027411df8ba23?s=96&d=mm&r=g\",\"caption\":\"Lea Couderc\"}}]}<\/script>\n<!-- \/ Yoast SEO plugin. -->","yoast_head_json":{"title":"La tarjeta fonogr\u00e1fica Hora Bilu - Institut Europ\u00e9en des Musiques Juives","robots":{"index":"index","follow":"follow","max-snippet":"max-snippet:-1","max-image-preview":"max-image-preview:large","max-video-preview":"max-video-preview:-1"},"canonical":"https:\/\/www.iemj.org\/es\/la-phonocarte-hora-bilu\/","og_locale":"es_ES","og_type":"article","og_title":"La tarjeta fonogr\u00e1fica Hora Bilu - Institut Europ\u00e9en des Musiques Juives","og_description":"A primera vista, parece una postal, pero en una inspecci\u00f3n m\u00e1s cercana, \u00a1hay un LP alrededor de un agujero central!Se trata, en realidad, de un disco de 33 rpm impreso","og_url":"https:\/\/www.iemj.org\/es\/la-phonocarte-hora-bilu\/","og_site_name":"Institut Europ\u00e9en des Musiques Juives","article_publisher":"https:\/\/www.facebook.com\/MusiquesJuives\/","article_published_time":"2018-01-31T09:33:29+00:00","article_modified_time":"2023-12-19T14:14:51+00:00","og_image":[{"width":350,"height":349,"url":"https:\/\/www.iemj.org\/wp-content\/uploads\/2018\/01\/arton3096-e1618738899231.jpg","type":"image\/jpeg"}],"author":"Lea Couderc","twitter_card":"summary_large_image","twitter_misc":{"Escrito por":"Lea Couderc","Tiempo de lectura":"2 minutos"},"schema":{"@context":"https:\/\/schema.org","@graph":[{"@type":"Article","@id":"https:\/\/www.iemj.org\/es\/la-phonocarte-hora-bilu\/#article","isPartOf":{"@id":"https:\/\/www.iemj.org\/es\/la-phonocarte-hora-bilu\/"},"author":{"name":"Lea Couderc","@id":"https:\/\/www.iemj.org\/es\/#\/schema\/person\/e2ad57f2c4be119c7ed8ab79036807a9"},"headline":"La tarjeta fonogr\u00e1fica Hora Bilu","datePublished":"2018-01-31T09:33:29+00:00","dateModified":"2023-12-19T14:14:51+00:00","mainEntityOfPage":{"@id":"https:\/\/www.iemj.org\/es\/la-phonocarte-hora-bilu\/"},"wordCount":292,"publisher":{"@id":"https:\/\/www.iemj.org\/es\/#organization"},"image":{"@id":"https:\/\/www.iemj.org\/es\/la-phonocarte-hora-bilu\/#primaryimage"},"thumbnailUrl":"https:\/\/www.iemj.org\/wp-content\/uploads\/2018\/01\/arton3096-e1618738899231.jpg","articleSection":["Imprescindibles"],"inLanguage":"es"},{"@type":"WebPage","@id":"https:\/\/www.iemj.org\/es\/la-phonocarte-hora-bilu\/","url":"https:\/\/www.iemj.org\/es\/la-phonocarte-hora-bilu\/","name":"La tarjeta fonogr\u00e1fica Hora Bilu - Institut Europ\u00e9en des Musiques Juives","isPartOf":{"@id":"https:\/\/www.iemj.org\/es\/#website"},"primaryImageOfPage":{"@id":"https:\/\/www.iemj.org\/es\/la-phonocarte-hora-bilu\/#primaryimage"},"image":{"@id":"https:\/\/www.iemj.org\/es\/la-phonocarte-hora-bilu\/#primaryimage"},"thumbnailUrl":"https:\/\/www.iemj.org\/wp-content\/uploads\/2018\/01\/arton3096-e1618738899231.jpg","datePublished":"2018-01-31T09:33:29+00:00","dateModified":"2023-12-19T14:14:51+00:00","breadcrumb":{"@id":"https:\/\/www.iemj.org\/es\/la-phonocarte-hora-bilu\/#breadcrumb"},"inLanguage":"es","potentialAction":[{"@type":"ReadAction","target":["https:\/\/www.iemj.org\/es\/la-phonocarte-hora-bilu\/"]}]},{"@type":"ImageObject","inLanguage":"es","@id":"https:\/\/www.iemj.org\/es\/la-phonocarte-hora-bilu\/#primaryimage","url":"https:\/\/www.iemj.org\/wp-content\/uploads\/2018\/01\/arton3096-e1618738899231.jpg","contentUrl":"https:\/\/www.iemj.org\/wp-content\/uploads\/2018\/01\/arton3096-e1618738899231.jpg","width":350,"height":349},{"@type":"BreadcrumbList","@id":"https:\/\/www.iemj.org\/es\/la-phonocarte-hora-bilu\/#breadcrumb","itemListElement":[{"@type":"ListItem","position":1,"name":"Accueil","item":"https:\/\/www.iemj.org\/es\/"},{"@type":"ListItem","position":2,"name":"La tarjeta fonogr\u00e1fica Hora Bilu"}]},{"@type":"WebSite","@id":"https:\/\/www.iemj.org\/es\/#website","url":"https:\/\/www.iemj.org\/es\/","name":"Institut Europ\u00e9en des Musiques Juives","description":"Des traditions musicales \u00e0 la port\u00e9e de tous","publisher":{"@id":"https:\/\/www.iemj.org\/es\/#organization"},"potentialAction":[{"@type":"SearchAction","target":{"@type":"EntryPoint","urlTemplate":"https:\/\/www.iemj.org\/es\/?s={search_term_string}"},"query-input":{"@type":"PropertyValueSpecification","valueRequired":true,"valueName":"search_term_string"}}],"inLanguage":"es"},{"@type":"Organization","@id":"https:\/\/www.iemj.org\/es\/#organization","name":"Institut Europ\u00e9en des Musiques Juives","url":"https:\/\/www.iemj.org\/es\/","logo":{"@type":"ImageObject","inLanguage":"es","@id":"https:\/\/www.iemj.org\/es\/#\/schema\/logo\/image\/","url":"https:\/\/www.iemj.org\/wp-content\/uploads\/2021\/09\/Logo-IEMJ-Paypal.jpg","contentUrl":"https:\/\/www.iemj.org\/wp-content\/uploads\/2021\/09\/Logo-IEMJ-Paypal.jpg","width":150,"height":50,"caption":"Institut Europ\u00e9en des Musiques Juives"},"image":{"@id":"https:\/\/www.iemj.org\/es\/#\/schema\/logo\/image\/"},"sameAs":["https:\/\/www.facebook.com\/MusiquesJuives\/","https:\/\/www.instagram.com\/musiquesjuives\/","https:\/\/www.youtube.com\/user\/musiquesjuives"]},{"@type":"Person","@id":"https:\/\/www.iemj.org\/es\/#\/schema\/person\/e2ad57f2c4be119c7ed8ab79036807a9","name":"Lea Couderc","image":{"@type":"ImageObject","inLanguage":"es","@id":"https:\/\/secure.gravatar.com\/avatar\/46ee021475d60aeff17a7e490b79dea5a5684bb392ab7fd1494027411df8ba23?s=96&d=mm&r=g","url":"https:\/\/secure.gravatar.com\/avatar\/46ee021475d60aeff17a7e490b79dea5a5684bb392ab7fd1494027411df8ba23?s=96&d=mm&r=g","contentUrl":"https:\/\/secure.gravatar.com\/avatar\/46ee021475d60aeff17a7e490b79dea5a5684bb392ab7fd1494027411df8ba23?s=96&d=mm&r=g","caption":"Lea Couderc"}}]}},"_links":{"self":[{"href":"https:\/\/www.iemj.org\/es\/wp-json\/wp\/v2\/posts\/49346","targetHints":{"allow":["GET"]}}],"collection":[{"href":"https:\/\/www.iemj.org\/es\/wp-json\/wp\/v2\/posts"}],"about":[{"href":"https:\/\/www.iemj.org\/es\/wp-json\/wp\/v2\/types\/post"}],"author":[{"embeddable":true,"href":"https:\/\/www.iemj.org\/es\/wp-json\/wp\/v2\/users\/1052"}],"replies":[{"embeddable":true,"href":"https:\/\/www.iemj.org\/es\/wp-json\/wp\/v2\/comments?post=49346"}],"version-history":[{"count":0,"href":"https:\/\/www.iemj.org\/es\/wp-json\/wp\/v2\/posts\/49346\/revisions"}],"wp:featuredmedia":[{"embeddable":true,"href":"https:\/\/www.iemj.org\/es\/wp-json\/wp\/v2\/media\/49347"}],"wp:attachment":[{"href":"https:\/\/www.iemj.org\/es\/wp-json\/wp\/v2\/media?parent=49346"}],"wp:term":[{"taxonomy":"category","embeddable":true,"href":"https:\/\/www.iemj.org\/es\/wp-json\/wp\/v2\/categories?post=49346"},{"taxonomy":"post_tag","embeddable":true,"href":"https:\/\/www.iemj.org\/es\/wp-json\/wp\/v2\/tags?post=49346"},{"taxonomy":"technique","embeddable":true,"href":"https:\/\/www.iemj.org\/es\/wp-json\/wp\/v2\/technique?post=49346"},{"taxonomy":"squelettes","embeddable":true,"href":"https:\/\/www.iemj.org\/es\/wp-json\/wp\/v2\/squelettes?post=49346"},{"taxonomy":"sujet","embeddable":true,"href":"https:\/\/www.iemj.org\/es\/wp-json\/wp\/v2\/sujet?post=49346"},{"taxonomy":"formation","embeddable":true,"href":"https:\/\/www.iemj.org\/es\/wp-json\/wp\/v2\/formation?post=49346"},{"taxonomy":"genre","embeddable":true,"href":"https:\/\/www.iemj.org\/es\/wp-json\/wp\/v2\/genre?post=49346"},{"taxonomy":"fonds","embeddable":true,"href":"https:\/\/www.iemj.org\/es\/wp-json\/wp\/v2\/fonds?post=49346"},{"taxonomy":"tradition","embeddable":true,"href":"https:\/\/www.iemj.org\/es\/wp-json\/wp\/v2\/tradition?post=49346"},{"taxonomy":"type-de-contenu","embeddable":true,"href":"https:\/\/www.iemj.org\/es\/wp-json\/wp\/v2\/type-de-contenu?post=49346"},{"taxonomy":"interprete-compositeur","embeddable":true,"href":"https:\/\/www.iemj.org\/es\/wp-json\/wp\/v2\/interprete-compositeur?post=49346"},{"taxonomy":"frise","embeddable":true,"href":"https:\/\/www.iemj.org\/es\/wp-json\/wp\/v2\/frise?post=49346"},{"taxonomy":"type-devenement","embeddable":true,"href":"https:\/\/www.iemj.org\/es\/wp-json\/wp\/v2\/type-devenement?post=49346"},{"taxonomy":"tableaux-liens-externes","embeddable":true,"href":"https:\/\/www.iemj.org\/es\/wp-json\/wp\/v2\/tableaux-liens-externes?post=49346"}],"curies":[{"name":"wp","href":"https:\/\/api.w.org\/{rel}","templated":true}]}}