{"id":49661,"date":"2018-11-27T14:33:35","date_gmt":"2018-11-27T13:33:35","guid":{"rendered":"https:\/\/www.iemj.org\/videos-du-concert-de-gala-de-linstitut-europeen-des-musiques-juives-edition-2018\/"},"modified":"2025-10-01T13:28:01","modified_gmt":"2025-10-01T11:28:01","slug":"videos-du-concert-de-gala-de-linstitut-europeen-des-musiques-juives-edition-2018","status":"publish","type":"post","link":"https:\/\/www.iemj.org\/es\/videos-du-concert-de-gala-de-linstitut-europeen-des-musiques-juives-edition-2018\/","title":{"rendered":"Concierto de Gala del Instituto Europeo de M\u00fasica Jud\u00eda &#8211; Edici\u00f3n 2018"},"content":{"rendered":"<p>Vea videoclips de la cuarta edici\u00f3n del concierto de gala del Instituto Europeo de M\u00fasica Jud\u00eda que tuvo lugar el domingo 11 de noviembre de 2018, en la Sala Cortot (Par\u00eds 17), con el apoyo de la Fundaci\u00f3n Henriette Halphen, bajo los auspicios de la Fondation du Juda\u00efsme Fran\u00e7ais.<\/p>\n<p class=\"post_excerpt\"><!--more--><\/p>\n<p>En el programa: <strong>El Esp\u00edritu de Granada<\/strong>, presentado por Fran\u00e7oise Atlan y <strong>Coros lit\u00fargicos y Canciones en Yiddish<\/strong> del Conjunto Coral Copernic dirigido por Ita\u00ef Daniel y acompa\u00f1ado al piano por Yun-Yang Lee.<\/p>\n<p>En la primera parte, <strong>Fran\u00e7oise Atlan<\/strong> al canto, <strong>Fouad Didi<\/strong> al oud y viol\u00edn, <strong>Nidhal Jaoua<\/strong> al qan\u00fan y <strong>Pierre Rigopoulos<\/strong> a las percusiones tejen un bordado po\u00e9tico y musical que mezcla las culturas \u00e1rabe, hebrea, castellana y judeoespa\u00f1ola a trav\u00e9s de canciones de boda, de cuna, de amor m\u00edsticas y profanas, decididamente mediterr\u00e1neas. Este repertorio andalus\u00ed se hace eco de canciones judeo-marroqu\u00edes, argelinas y tunecinas, incluida una canci\u00f3n muy hermosa de la famosa int\u00e9rprete tunecina Habiba Msika.<\/p>\n<p>En la segunda parte del concierto, mezclando canciones \u00eddish y aires lit\u00fargicos de los siglos XIX y XX, el <strong>Conjunto Coral Cop\u00e9rnico<\/strong>, dirigido por <strong>Itai Daniel<\/strong> y acompa\u00f1ado al piano por <strong>Yun-Yang Lee<\/strong>, nos ofrece obras del gran repertorio de la m\u00fasica jud\u00eda lit\u00fargica o laica, manteniendo as\u00ed la elevada tradici\u00f3n musical de la que se nutre la liturgia del Conjunto Cop\u00e9rnico.<\/p>\n<p><a href=\"https:\/\/www.iemj.org\/wp-content\/uploads\/2018\/11\/programme_gala_2018-v02-11-2018_vdef_avec_couv_couv4.pdf\" target=\"_blank\" rel=\"noopener\">Descarga el programa del concierto Gala IEMJ 2018<\/a><\/p>\n\n\n<figure class=\"wp-block-embed is-type-video is-provider-youtube wp-block-embed-youtube wp-embed-aspect-4-3 wp-has-aspect-ratio\"><div class=\"wp-block-embed__wrapper\">\n<iframe title=\"Gala IEMJ 2018 - L&#039;esprit de Grenade (1\u00e8re partie)\" width=\"640\" height=\"480\" src=\"https:\/\/www.youtube.com\/embed\/d0PpIyL6A7o?feature=oembed\" frameborder=\"0\" allow=\"accelerometer; autoplay; clipboard-write; encrypted-media; gyroscope; picture-in-picture; web-share\" referrerpolicy=\"strict-origin-when-cross-origin\" allowfullscreen><\/iframe>\n<\/div><figcaption class=\"wp-element-caption\"><strong>Parte 1: El Esp\u00edritu de Granada<\/strong><br>Deror Ykera &#8211; Shalom Alekhem &#8211; Bahada Habiti &#8211; Hamadvil &#8211; Avinou Malkenou<\/figcaption><\/figure>\n\n\n\n<figure class=\"wp-block-embed is-type-video is-provider-youtube wp-block-embed-youtube wp-embed-aspect-4-3 wp-has-aspect-ratio\"><div class=\"wp-block-embed__wrapper\">\n<iframe title=\"Gala IEMJ 2018 - Ch\u0153urs Liturgiques et Chansons Yiddish (2\u00e8me partie)\" width=\"640\" height=\"480\" src=\"https:\/\/www.youtube.com\/embed\/yCw3kacPcw8?feature=oembed\" frameborder=\"0\" allow=\"accelerometer; autoplay; clipboard-write; encrypted-media; gyroscope; picture-in-picture; web-share\" referrerpolicy=\"strict-origin-when-cross-origin\" allowfullscreen><\/iframe>\n<\/div><figcaption class=\"wp-element-caption\"><strong>Parte 2: El Conjunto Coral Copernic<\/strong><br>Sim Shalom &#8211; Kiddoush l&#8217;Shabbat &#8211; Adon Olam &#8211; Unter Di Grininke Boimelech &#8211; Shir Eretz &#8211; Cantate Mahzor Hayim (Kedousha)<\/figcaption><\/figure>\n\n\n<div class=\"wp-block-image\">\n<figure class=\"aligncenter size-large\"><img fetchpriority=\"high\" decoding=\"async\" width=\"1024\" height=\"133\" src=\"https:\/\/www.iemj.org\/wp-content\/uploads\/2024\/03\/AUDIO-PLAYER-1024x133.png\" alt=\"\" class=\"wp-image-110610\" srcset=\"https:\/\/www.iemj.org\/wp-content\/uploads\/2024\/03\/AUDIO-PLAYER-1024x133.png 1024w, https:\/\/www.iemj.org\/wp-content\/uploads\/2024\/03\/AUDIO-PLAYER-300x39.png 300w, https:\/\/www.iemj.org\/wp-content\/uploads\/2024\/03\/AUDIO-PLAYER-768x100.png 768w, https:\/\/www.iemj.org\/wp-content\/uploads\/2024\/03\/AUDIO-PLAYER-600x78.png 600w, https:\/\/www.iemj.org\/wp-content\/uploads\/2024\/03\/AUDIO-PLAYER.png 1210w\" sizes=\"(max-width: 1024px) 100vw, 1024px\" \/><\/figure>\n<\/div>\n\n\n<div class=\"wp-block-file\"><a href=\"https:\/\/www.iemj.org\/wp-content\/uploads\/2018\/11\/deror_ykera.mp3\">Deror Ykera &#8211; Fran\u00e7oise Atlan<\/a><\/div>\n\n\n\n<div class=\"wp-block-file\"><a href=\"https:\/\/www.iemj.org\/wp-content\/uploads\/2018\/11\/shalom_alekhem.mp3\">Shalom Alekhem &#8211; Fran\u00e7oise Atlan<\/a><\/div>\n\n\n\n<div class=\"wp-block-file\"><a href=\"https:\/\/www.iemj.org\/wp-content\/uploads\/2018\/11\/bahada_habiti.mp3\">Bahada Habiti &#8211; Fran\u00e7oise Atlan<\/a><\/div>\n\n\n\n<div class=\"wp-block-file\"><a href=\"https:\/\/www.iemj.org\/wp-content\/uploads\/2018\/11\/hamadvil_.mp3\">Hamadvil &#8211; Fran\u00e7oise Atlan<\/a><\/div>\n\n\n\n<div class=\"wp-block-file\"><a href=\"https:\/\/www.iemj.org\/wp-content\/uploads\/2018\/11\/avinou_malkenou.mp3\">Avinou Malkenou &#8211; Fran\u00e7oise Atlan<\/a><\/div>\n\n\n\n<div class=\"wp-block-file\"><a href=\"https:\/\/www.iemj.org\/wp-content\/uploads\/2018\/11\/sim_shalom.mp3\">Sim Shalom &#8211; Ensemble Chorale Copernic<\/a><\/div>\n\n\n\n<div class=\"wp-block-file\"><a href=\"https:\/\/www.iemj.org\/wp-content\/uploads\/2018\/11\/kiddoush_l_shabbat.mp3\">Kiddoush l&#8217;Shabbat &#8211; Ensemble Chorale Copernic<\/a><\/div>\n\n\n\n<div class=\"wp-block-file\"><a href=\"https:\/\/www.iemj.org\/wp-content\/uploads\/2018\/11\/adon_olam.mp3\">Adon Olam &#8211; Ensemble Chorale Copernic<\/a><\/div>\n\n\n\n<div class=\"wp-block-file\"><a href=\"https:\/\/www.iemj.org\/wp-content\/uploads\/2018\/11\/unter_di_grininke_boimelech.mp3\">Unter Di Grininke Boimelech &#8211; Ensemble Chorale Copernic<\/a><\/div>\n\n\n\n<div class=\"wp-block-file\"><a href=\"https:\/\/www.iemj.org\/wp-content\/uploads\/2018\/11\/shir_eretz.mp3\">Shir Eretz &#8211; Ensemble Chorale Copernic<\/a><\/div>\n\n\n\n<div class=\"wp-block-file\"><a href=\"https:\/\/www.iemj.org\/wp-content\/uploads\/2018\/11\/cantate_mahzor_hayim_kedousha_-_ensemble_chorale_copernic.mp3\">Cantate Mahzor Hayim kedousha &#8211; Ensemble Chorale Copernic<\/a><\/div>\n\n\n\n<p><\/p>\n","protected":false},"excerpt":{"rendered":"<p>Vea videoclips de la cuarta edici\u00f3n del concierto de gala del Instituto Europeo de M\u00fasica Jud\u00eda que tuvo lugar el domingo 11 de noviembre de 2018, en la Sala Cortot<\/p>\n","protected":false},"author":1052,"featured_media":49662,"comment_status":"closed","ping_status":"closed","sticky":false,"template":"","format":"standard","meta":{"_acf_changed":false,"footnotes":""},"categories":[1517],"tags":[],"technique":[],"squelettes":[],"sujet":[],"formation":[],"genre":[1898,1915],"fonds":[],"tradition":[],"type-de-contenu":[],"interprete-compositeur":[],"frise":[],"type-devenement":[],"tableaux-liens-externes":[],"class_list":["post-49661","post","type-post","status-publish","format-standard","has-post-thumbnail","hentry","category-conciertos-film-es","genre-musica-coral-es","genre-oriental-es"],"acf":[],"yoast_head":"<!-- This site is optimized with the Yoast SEO plugin v27.3 - https:\/\/yoast.com\/product\/yoast-seo-wordpress\/ -->\n<title>Concierto de Gala del Instituto Europeo de M\u00fasica Jud\u00eda - Edici\u00f3n 2018 - Institut Europ\u00e9en des Musiques Juives<\/title>\n<meta name=\"robots\" content=\"index, follow, max-snippet:-1, max-image-preview:large, max-video-preview:-1\" \/>\n<link rel=\"canonical\" href=\"https:\/\/www.iemj.org\/es\/videos-du-concert-de-gala-de-linstitut-europeen-des-musiques-juives-edition-2018\/\" \/>\n<meta property=\"og:locale\" content=\"es_ES\" \/>\n<meta property=\"og:type\" content=\"article\" \/>\n<meta property=\"og:title\" content=\"Concierto de Gala del Instituto Europeo de M\u00fasica Jud\u00eda - Edici\u00f3n 2018 - Institut Europ\u00e9en des Musiques Juives\" \/>\n<meta property=\"og:description\" content=\"Vea videoclips de la cuarta edici\u00f3n del concierto de gala del Instituto Europeo de M\u00fasica Jud\u00eda que tuvo lugar el domingo 11 de noviembre de 2018, en la Sala Cortot\" \/>\n<meta property=\"og:url\" content=\"https:\/\/www.iemj.org\/es\/videos-du-concert-de-gala-de-linstitut-europeen-des-musiques-juives-edition-2018\/\" \/>\n<meta property=\"og:site_name\" content=\"Institut Europ\u00e9en des Musiques Juives\" \/>\n<meta property=\"article:publisher\" content=\"https:\/\/www.facebook.com\/MusiquesJuives\/\" \/>\n<meta property=\"article:published_time\" content=\"2018-11-27T13:33:35+00:00\" \/>\n<meta property=\"article:modified_time\" content=\"2025-10-01T11:28:01+00:00\" \/>\n<meta property=\"og:image\" content=\"https:\/\/www.iemj.org\/wp-content\/uploads\/2018\/11\/arton3785-e1618048566765.jpg\" \/>\n\t<meta property=\"og:image:width\" content=\"350\" \/>\n\t<meta property=\"og:image:height\" content=\"424\" \/>\n\t<meta property=\"og:image:type\" content=\"image\/jpeg\" \/>\n<meta name=\"author\" content=\"Lea Couderc\" \/>\n<meta name=\"twitter:card\" content=\"summary_large_image\" \/>\n<meta name=\"twitter:label1\" content=\"Escrito por\" \/>\n\t<meta name=\"twitter:data1\" content=\"Lea Couderc\" \/>\n\t<meta name=\"twitter:label2\" content=\"Tiempo de lectura\" \/>\n\t<meta name=\"twitter:data2\" content=\"3 minutos\" \/>\n<script type=\"application\/ld+json\" class=\"yoast-schema-graph\">{\"@context\":\"https:\\\/\\\/schema.org\",\"@graph\":[{\"@type\":\"Article\",\"@id\":\"https:\\\/\\\/www.iemj.org\\\/es\\\/videos-du-concert-de-gala-de-linstitut-europeen-des-musiques-juives-edition-2018\\\/#article\",\"isPartOf\":{\"@id\":\"https:\\\/\\\/www.iemj.org\\\/es\\\/videos-du-concert-de-gala-de-linstitut-europeen-des-musiques-juives-edition-2018\\\/\"},\"author\":{\"name\":\"Lea Couderc\",\"@id\":\"https:\\\/\\\/www.iemj.org\\\/es\\\/#\\\/schema\\\/person\\\/e2ad57f2c4be119c7ed8ab79036807a9\"},\"headline\":\"Concierto de Gala del Instituto Europeo de M\u00fasica Jud\u00eda &#8211; Edici\u00f3n 2018\",\"datePublished\":\"2018-11-27T13:33:35+00:00\",\"dateModified\":\"2025-10-01T11:28:01+00:00\",\"mainEntityOfPage\":{\"@id\":\"https:\\\/\\\/www.iemj.org\\\/es\\\/videos-du-concert-de-gala-de-linstitut-europeen-des-musiques-juives-edition-2018\\\/\"},\"wordCount\":398,\"publisher\":{\"@id\":\"https:\\\/\\\/www.iemj.org\\\/es\\\/#organization\"},\"image\":{\"@id\":\"https:\\\/\\\/www.iemj.org\\\/es\\\/videos-du-concert-de-gala-de-linstitut-europeen-des-musiques-juives-edition-2018\\\/#primaryimage\"},\"thumbnailUrl\":\"https:\\\/\\\/www.iemj.org\\\/wp-content\\\/uploads\\\/2018\\\/11\\\/arton3785-e1618048566765.jpg\",\"articleSection\":[\"Conciertos\"],\"inLanguage\":\"es\"},{\"@type\":\"WebPage\",\"@id\":\"https:\\\/\\\/www.iemj.org\\\/es\\\/videos-du-concert-de-gala-de-linstitut-europeen-des-musiques-juives-edition-2018\\\/\",\"url\":\"https:\\\/\\\/www.iemj.org\\\/es\\\/videos-du-concert-de-gala-de-linstitut-europeen-des-musiques-juives-edition-2018\\\/\",\"name\":\"Concierto de Gala del Instituto Europeo de M\u00fasica Jud\u00eda - Edici\u00f3n 2018 - Institut Europ\u00e9en des Musiques Juives\",\"isPartOf\":{\"@id\":\"https:\\\/\\\/www.iemj.org\\\/es\\\/#website\"},\"primaryImageOfPage\":{\"@id\":\"https:\\\/\\\/www.iemj.org\\\/es\\\/videos-du-concert-de-gala-de-linstitut-europeen-des-musiques-juives-edition-2018\\\/#primaryimage\"},\"image\":{\"@id\":\"https:\\\/\\\/www.iemj.org\\\/es\\\/videos-du-concert-de-gala-de-linstitut-europeen-des-musiques-juives-edition-2018\\\/#primaryimage\"},\"thumbnailUrl\":\"https:\\\/\\\/www.iemj.org\\\/wp-content\\\/uploads\\\/2018\\\/11\\\/arton3785-e1618048566765.jpg\",\"datePublished\":\"2018-11-27T13:33:35+00:00\",\"dateModified\":\"2025-10-01T11:28:01+00:00\",\"breadcrumb\":{\"@id\":\"https:\\\/\\\/www.iemj.org\\\/es\\\/videos-du-concert-de-gala-de-linstitut-europeen-des-musiques-juives-edition-2018\\\/#breadcrumb\"},\"inLanguage\":\"es\",\"potentialAction\":[{\"@type\":\"ReadAction\",\"target\":[\"https:\\\/\\\/www.iemj.org\\\/es\\\/videos-du-concert-de-gala-de-linstitut-europeen-des-musiques-juives-edition-2018\\\/\"]}]},{\"@type\":\"ImageObject\",\"inLanguage\":\"es\",\"@id\":\"https:\\\/\\\/www.iemj.org\\\/es\\\/videos-du-concert-de-gala-de-linstitut-europeen-des-musiques-juives-edition-2018\\\/#primaryimage\",\"url\":\"https:\\\/\\\/www.iemj.org\\\/wp-content\\\/uploads\\\/2018\\\/11\\\/arton3785-e1618048566765.jpg\",\"contentUrl\":\"https:\\\/\\\/www.iemj.org\\\/wp-content\\\/uploads\\\/2018\\\/11\\\/arton3785-e1618048566765.jpg\",\"width\":350,\"height\":424},{\"@type\":\"BreadcrumbList\",\"@id\":\"https:\\\/\\\/www.iemj.org\\\/es\\\/videos-du-concert-de-gala-de-linstitut-europeen-des-musiques-juives-edition-2018\\\/#breadcrumb\",\"itemListElement\":[{\"@type\":\"ListItem\",\"position\":1,\"name\":\"Accueil\",\"item\":\"https:\\\/\\\/www.iemj.org\\\/es\\\/\"},{\"@type\":\"ListItem\",\"position\":2,\"name\":\"Concierto de Gala del Instituto Europeo de M\u00fasica Jud\u00eda &#8211; Edici\u00f3n 2018\"}]},{\"@type\":\"WebSite\",\"@id\":\"https:\\\/\\\/www.iemj.org\\\/es\\\/#website\",\"url\":\"https:\\\/\\\/www.iemj.org\\\/es\\\/\",\"name\":\"Institut Europ\u00e9en des Musiques Juives\",\"description\":\"Des traditions musicales \u00e0 la port\u00e9e de tous\",\"publisher\":{\"@id\":\"https:\\\/\\\/www.iemj.org\\\/es\\\/#organization\"},\"potentialAction\":[{\"@type\":\"SearchAction\",\"target\":{\"@type\":\"EntryPoint\",\"urlTemplate\":\"https:\\\/\\\/www.iemj.org\\\/es\\\/?s={search_term_string}\"},\"query-input\":{\"@type\":\"PropertyValueSpecification\",\"valueRequired\":true,\"valueName\":\"search_term_string\"}}],\"inLanguage\":\"es\"},{\"@type\":\"Organization\",\"@id\":\"https:\\\/\\\/www.iemj.org\\\/es\\\/#organization\",\"name\":\"Institut Europ\u00e9en des Musiques Juives\",\"url\":\"https:\\\/\\\/www.iemj.org\\\/es\\\/\",\"logo\":{\"@type\":\"ImageObject\",\"inLanguage\":\"es\",\"@id\":\"https:\\\/\\\/www.iemj.org\\\/es\\\/#\\\/schema\\\/logo\\\/image\\\/\",\"url\":\"https:\\\/\\\/www.iemj.org\\\/wp-content\\\/uploads\\\/2021\\\/09\\\/Logo-IEMJ-Paypal.jpg\",\"contentUrl\":\"https:\\\/\\\/www.iemj.org\\\/wp-content\\\/uploads\\\/2021\\\/09\\\/Logo-IEMJ-Paypal.jpg\",\"width\":150,\"height\":50,\"caption\":\"Institut Europ\u00e9en des Musiques Juives\"},\"image\":{\"@id\":\"https:\\\/\\\/www.iemj.org\\\/es\\\/#\\\/schema\\\/logo\\\/image\\\/\"},\"sameAs\":[\"https:\\\/\\\/www.facebook.com\\\/MusiquesJuives\\\/\",\"https:\\\/\\\/www.instagram.com\\\/musiquesjuives\\\/\",\"https:\\\/\\\/www.youtube.com\\\/user\\\/musiquesjuives\"]},{\"@type\":\"Person\",\"@id\":\"https:\\\/\\\/www.iemj.org\\\/es\\\/#\\\/schema\\\/person\\\/e2ad57f2c4be119c7ed8ab79036807a9\",\"name\":\"Lea Couderc\",\"image\":{\"@type\":\"ImageObject\",\"inLanguage\":\"es\",\"@id\":\"https:\\\/\\\/secure.gravatar.com\\\/avatar\\\/46ee021475d60aeff17a7e490b79dea5a5684bb392ab7fd1494027411df8ba23?s=96&d=mm&r=g\",\"url\":\"https:\\\/\\\/secure.gravatar.com\\\/avatar\\\/46ee021475d60aeff17a7e490b79dea5a5684bb392ab7fd1494027411df8ba23?s=96&d=mm&r=g\",\"contentUrl\":\"https:\\\/\\\/secure.gravatar.com\\\/avatar\\\/46ee021475d60aeff17a7e490b79dea5a5684bb392ab7fd1494027411df8ba23?s=96&d=mm&r=g\",\"caption\":\"Lea Couderc\"}}]}<\/script>\n<!-- \/ Yoast SEO plugin. -->","yoast_head_json":{"title":"Concierto de Gala del Instituto Europeo de M\u00fasica Jud\u00eda - Edici\u00f3n 2018 - Institut Europ\u00e9en des Musiques Juives","robots":{"index":"index","follow":"follow","max-snippet":"max-snippet:-1","max-image-preview":"max-image-preview:large","max-video-preview":"max-video-preview:-1"},"canonical":"https:\/\/www.iemj.org\/es\/videos-du-concert-de-gala-de-linstitut-europeen-des-musiques-juives-edition-2018\/","og_locale":"es_ES","og_type":"article","og_title":"Concierto de Gala del Instituto Europeo de M\u00fasica Jud\u00eda - Edici\u00f3n 2018 - Institut Europ\u00e9en des Musiques Juives","og_description":"Vea videoclips de la cuarta edici\u00f3n del concierto de gala del Instituto Europeo de M\u00fasica Jud\u00eda que tuvo lugar el domingo 11 de noviembre de 2018, en la Sala Cortot","og_url":"https:\/\/www.iemj.org\/es\/videos-du-concert-de-gala-de-linstitut-europeen-des-musiques-juives-edition-2018\/","og_site_name":"Institut Europ\u00e9en des Musiques Juives","article_publisher":"https:\/\/www.facebook.com\/MusiquesJuives\/","article_published_time":"2018-11-27T13:33:35+00:00","article_modified_time":"2025-10-01T11:28:01+00:00","og_image":[{"width":350,"height":424,"url":"https:\/\/www.iemj.org\/wp-content\/uploads\/2018\/11\/arton3785-e1618048566765.jpg","type":"image\/jpeg"}],"author":"Lea Couderc","twitter_card":"summary_large_image","twitter_misc":{"Escrito por":"Lea Couderc","Tiempo de lectura":"3 minutos"},"schema":{"@context":"https:\/\/schema.org","@graph":[{"@type":"Article","@id":"https:\/\/www.iemj.org\/es\/videos-du-concert-de-gala-de-linstitut-europeen-des-musiques-juives-edition-2018\/#article","isPartOf":{"@id":"https:\/\/www.iemj.org\/es\/videos-du-concert-de-gala-de-linstitut-europeen-des-musiques-juives-edition-2018\/"},"author":{"name":"Lea Couderc","@id":"https:\/\/www.iemj.org\/es\/#\/schema\/person\/e2ad57f2c4be119c7ed8ab79036807a9"},"headline":"Concierto de Gala del Instituto Europeo de M\u00fasica Jud\u00eda &#8211; Edici\u00f3n 2018","datePublished":"2018-11-27T13:33:35+00:00","dateModified":"2025-10-01T11:28:01+00:00","mainEntityOfPage":{"@id":"https:\/\/www.iemj.org\/es\/videos-du-concert-de-gala-de-linstitut-europeen-des-musiques-juives-edition-2018\/"},"wordCount":398,"publisher":{"@id":"https:\/\/www.iemj.org\/es\/#organization"},"image":{"@id":"https:\/\/www.iemj.org\/es\/videos-du-concert-de-gala-de-linstitut-europeen-des-musiques-juives-edition-2018\/#primaryimage"},"thumbnailUrl":"https:\/\/www.iemj.org\/wp-content\/uploads\/2018\/11\/arton3785-e1618048566765.jpg","articleSection":["Conciertos"],"inLanguage":"es"},{"@type":"WebPage","@id":"https:\/\/www.iemj.org\/es\/videos-du-concert-de-gala-de-linstitut-europeen-des-musiques-juives-edition-2018\/","url":"https:\/\/www.iemj.org\/es\/videos-du-concert-de-gala-de-linstitut-europeen-des-musiques-juives-edition-2018\/","name":"Concierto de Gala del Instituto Europeo de M\u00fasica Jud\u00eda - Edici\u00f3n 2018 - Institut Europ\u00e9en des Musiques Juives","isPartOf":{"@id":"https:\/\/www.iemj.org\/es\/#website"},"primaryImageOfPage":{"@id":"https:\/\/www.iemj.org\/es\/videos-du-concert-de-gala-de-linstitut-europeen-des-musiques-juives-edition-2018\/#primaryimage"},"image":{"@id":"https:\/\/www.iemj.org\/es\/videos-du-concert-de-gala-de-linstitut-europeen-des-musiques-juives-edition-2018\/#primaryimage"},"thumbnailUrl":"https:\/\/www.iemj.org\/wp-content\/uploads\/2018\/11\/arton3785-e1618048566765.jpg","datePublished":"2018-11-27T13:33:35+00:00","dateModified":"2025-10-01T11:28:01+00:00","breadcrumb":{"@id":"https:\/\/www.iemj.org\/es\/videos-du-concert-de-gala-de-linstitut-europeen-des-musiques-juives-edition-2018\/#breadcrumb"},"inLanguage":"es","potentialAction":[{"@type":"ReadAction","target":["https:\/\/www.iemj.org\/es\/videos-du-concert-de-gala-de-linstitut-europeen-des-musiques-juives-edition-2018\/"]}]},{"@type":"ImageObject","inLanguage":"es","@id":"https:\/\/www.iemj.org\/es\/videos-du-concert-de-gala-de-linstitut-europeen-des-musiques-juives-edition-2018\/#primaryimage","url":"https:\/\/www.iemj.org\/wp-content\/uploads\/2018\/11\/arton3785-e1618048566765.jpg","contentUrl":"https:\/\/www.iemj.org\/wp-content\/uploads\/2018\/11\/arton3785-e1618048566765.jpg","width":350,"height":424},{"@type":"BreadcrumbList","@id":"https:\/\/www.iemj.org\/es\/videos-du-concert-de-gala-de-linstitut-europeen-des-musiques-juives-edition-2018\/#breadcrumb","itemListElement":[{"@type":"ListItem","position":1,"name":"Accueil","item":"https:\/\/www.iemj.org\/es\/"},{"@type":"ListItem","position":2,"name":"Concierto de Gala del Instituto Europeo de M\u00fasica Jud\u00eda &#8211; Edici\u00f3n 2018"}]},{"@type":"WebSite","@id":"https:\/\/www.iemj.org\/es\/#website","url":"https:\/\/www.iemj.org\/es\/","name":"Institut Europ\u00e9en des Musiques Juives","description":"Des traditions musicales \u00e0 la port\u00e9e de tous","publisher":{"@id":"https:\/\/www.iemj.org\/es\/#organization"},"potentialAction":[{"@type":"SearchAction","target":{"@type":"EntryPoint","urlTemplate":"https:\/\/www.iemj.org\/es\/?s={search_term_string}"},"query-input":{"@type":"PropertyValueSpecification","valueRequired":true,"valueName":"search_term_string"}}],"inLanguage":"es"},{"@type":"Organization","@id":"https:\/\/www.iemj.org\/es\/#organization","name":"Institut Europ\u00e9en des Musiques Juives","url":"https:\/\/www.iemj.org\/es\/","logo":{"@type":"ImageObject","inLanguage":"es","@id":"https:\/\/www.iemj.org\/es\/#\/schema\/logo\/image\/","url":"https:\/\/www.iemj.org\/wp-content\/uploads\/2021\/09\/Logo-IEMJ-Paypal.jpg","contentUrl":"https:\/\/www.iemj.org\/wp-content\/uploads\/2021\/09\/Logo-IEMJ-Paypal.jpg","width":150,"height":50,"caption":"Institut Europ\u00e9en des Musiques Juives"},"image":{"@id":"https:\/\/www.iemj.org\/es\/#\/schema\/logo\/image\/"},"sameAs":["https:\/\/www.facebook.com\/MusiquesJuives\/","https:\/\/www.instagram.com\/musiquesjuives\/","https:\/\/www.youtube.com\/user\/musiquesjuives"]},{"@type":"Person","@id":"https:\/\/www.iemj.org\/es\/#\/schema\/person\/e2ad57f2c4be119c7ed8ab79036807a9","name":"Lea Couderc","image":{"@type":"ImageObject","inLanguage":"es","@id":"https:\/\/secure.gravatar.com\/avatar\/46ee021475d60aeff17a7e490b79dea5a5684bb392ab7fd1494027411df8ba23?s=96&d=mm&r=g","url":"https:\/\/secure.gravatar.com\/avatar\/46ee021475d60aeff17a7e490b79dea5a5684bb392ab7fd1494027411df8ba23?s=96&d=mm&r=g","contentUrl":"https:\/\/secure.gravatar.com\/avatar\/46ee021475d60aeff17a7e490b79dea5a5684bb392ab7fd1494027411df8ba23?s=96&d=mm&r=g","caption":"Lea Couderc"}}]}},"_links":{"self":[{"href":"https:\/\/www.iemj.org\/es\/wp-json\/wp\/v2\/posts\/49661","targetHints":{"allow":["GET"]}}],"collection":[{"href":"https:\/\/www.iemj.org\/es\/wp-json\/wp\/v2\/posts"}],"about":[{"href":"https:\/\/www.iemj.org\/es\/wp-json\/wp\/v2\/types\/post"}],"author":[{"embeddable":true,"href":"https:\/\/www.iemj.org\/es\/wp-json\/wp\/v2\/users\/1052"}],"replies":[{"embeddable":true,"href":"https:\/\/www.iemj.org\/es\/wp-json\/wp\/v2\/comments?post=49661"}],"version-history":[{"count":1,"href":"https:\/\/www.iemj.org\/es\/wp-json\/wp\/v2\/posts\/49661\/revisions"}],"predecessor-version":[{"id":126254,"href":"https:\/\/www.iemj.org\/es\/wp-json\/wp\/v2\/posts\/49661\/revisions\/126254"}],"wp:featuredmedia":[{"embeddable":true,"href":"https:\/\/www.iemj.org\/es\/wp-json\/wp\/v2\/media\/49662"}],"wp:attachment":[{"href":"https:\/\/www.iemj.org\/es\/wp-json\/wp\/v2\/media?parent=49661"}],"wp:term":[{"taxonomy":"category","embeddable":true,"href":"https:\/\/www.iemj.org\/es\/wp-json\/wp\/v2\/categories?post=49661"},{"taxonomy":"post_tag","embeddable":true,"href":"https:\/\/www.iemj.org\/es\/wp-json\/wp\/v2\/tags?post=49661"},{"taxonomy":"technique","embeddable":true,"href":"https:\/\/www.iemj.org\/es\/wp-json\/wp\/v2\/technique?post=49661"},{"taxonomy":"squelettes","embeddable":true,"href":"https:\/\/www.iemj.org\/es\/wp-json\/wp\/v2\/squelettes?post=49661"},{"taxonomy":"sujet","embeddable":true,"href":"https:\/\/www.iemj.org\/es\/wp-json\/wp\/v2\/sujet?post=49661"},{"taxonomy":"formation","embeddable":true,"href":"https:\/\/www.iemj.org\/es\/wp-json\/wp\/v2\/formation?post=49661"},{"taxonomy":"genre","embeddable":true,"href":"https:\/\/www.iemj.org\/es\/wp-json\/wp\/v2\/genre?post=49661"},{"taxonomy":"fonds","embeddable":true,"href":"https:\/\/www.iemj.org\/es\/wp-json\/wp\/v2\/fonds?post=49661"},{"taxonomy":"tradition","embeddable":true,"href":"https:\/\/www.iemj.org\/es\/wp-json\/wp\/v2\/tradition?post=49661"},{"taxonomy":"type-de-contenu","embeddable":true,"href":"https:\/\/www.iemj.org\/es\/wp-json\/wp\/v2\/type-de-contenu?post=49661"},{"taxonomy":"interprete-compositeur","embeddable":true,"href":"https:\/\/www.iemj.org\/es\/wp-json\/wp\/v2\/interprete-compositeur?post=49661"},{"taxonomy":"frise","embeddable":true,"href":"https:\/\/www.iemj.org\/es\/wp-json\/wp\/v2\/frise?post=49661"},{"taxonomy":"type-devenement","embeddable":true,"href":"https:\/\/www.iemj.org\/es\/wp-json\/wp\/v2\/type-devenement?post=49661"},{"taxonomy":"tableaux-liens-externes","embeddable":true,"href":"https:\/\/www.iemj.org\/es\/wp-json\/wp\/v2\/tableaux-liens-externes?post=49661"}],"curies":[{"name":"wp","href":"https:\/\/api.w.org\/{rel}","templated":true}]}}