{"id":49743,"date":"2018-01-31T11:53:40","date_gmt":"2018-01-31T10:53:40","guid":{"rendered":"https:\/\/www.iemj.org\/videos-du-concert-de-gala-de-linstitut-europeen-des-musiques-juives-edition-2017\/"},"modified":"2025-10-01T13:18:05","modified_gmt":"2025-10-01T11:18:05","slug":"videos-du-concert-de-gala-de-linstitut-europeen-des-musiques-juives-edition-2017","status":"publish","type":"post","link":"https:\/\/www.iemj.org\/es\/videos-du-concert-de-gala-de-linstitut-europeen-des-musiques-juives-edition-2017\/","title":{"rendered":"Concierto del gala del Instituto Europeo de las M\u00fasicas Jud\u00edas &#8211; Edici\u00f3n del 2017"},"content":{"rendered":"<p>Visionar <strong>extractos de v\u00eddeos<\/strong> de la tercera edici\u00f3n del concierto del gala del Instituto Europeo de las M\u00fasicas Jud\u00edas que tuvo lugar el domingo 12 de noviembre de 2017, Salle Cortot (Sala Cortot), (XVII Distrito de Par\u00eds), con el apoyo de la Fundaci\u00f3n Henriette Halphen, bajo los auspicios de la Fondation du Juda\u00efsme Fran\u00e7ais.<\/p>\n<p><!--more--><\/p>\n<p>En el programa: Un viaje musical en pleno de la alma jud\u00eda:\u00a0<em>Le Sablier du Temps<\/em>\u00a0(El Reloj de Arena del Tiempo), propuesto por Virginie Constant y una creaci\u00f3n mundial de Denis Cuniot:\u00a0<em>Klezmer Trans\u2019Africaine<\/em> (<em>Klezmer Trans\u2019Africana<\/em>.)<\/p>\n<p>En la primera parte, Virginie Constant, al violoncelo y Simon Zaoui, al piano, nos han invitados a viajar al ritmo de obras profanas y sagradas principalmente escritas en la primer mitad del siglo XX por compositores en b\u00fasqueda de una identidad musical jud\u00eda. As\u00ed podemos escuchar a obras de Joseph Achron, Ernest Bloch, Gideon Klein, Lazare Saminski, Mark Warshawsky\u2026<\/p>\n<p>En la segunda parte del concierto, Denis Cuniot, acompa\u00f1ado por\u00a0Julien Andr\u00e9, a las percusiones africanas, Jean-Philippe Viret, al contrabajo, nos han propuesto un espect\u00e1culo colorido, relacionando la m\u00fasica klezmer con la m\u00fasica africana, con la participaci\u00f3n excepcional de la bailarina africana\u00a0Aminata Traor\u00e9, amplificando el placer de los orejas al de los ojos&#8230;<\/p>\n<p><a href=\"https:\/\/www.iemj.org\/wp-content\/uploads\/2018\/01\/programme_concert_gala_iemj_2017.pdf\" target=\"_blank\" rel=\"noopener\">Descargar el programa del concierto gala del IEMJ 2017<\/a><\/p>\n\n\n<figure class=\"wp-block-embed is-type-video is-provider-youtube wp-block-embed-youtube wp-embed-aspect-4-3 wp-has-aspect-ratio\"><div class=\"wp-block-embed__wrapper\">\n<iframe title=\"Gala IEMJ 2017 -  Le sablier du temps\" width=\"640\" height=\"480\" src=\"https:\/\/www.youtube.com\/embed\/-ARIam9JaMc?feature=oembed\" frameborder=\"0\" allow=\"accelerometer; autoplay; clipboard-write; encrypted-media; gyroscope; picture-in-picture; web-share\" referrerpolicy=\"strict-origin-when-cross-origin\" allowfullscreen><\/iframe>\n<\/div><figcaption class=\"wp-element-caption\"><strong>Parte 1: Le Sablier du Temps<\/strong><br>Matana &#8211; Serge kaufmann<br>Voix dans le d\u00e9sert &#8211; Ernest Bloch<br>Conte h\u00e9bra\u00efque op.17 n\u00b01 &#8211; Lazare Saminsky<br>M\u00e9lodie h\u00e9bra\u00efque &#8211; Joseph Achron<br>Oyfn Pripetchik &#8211; Mark Warshawsky<\/figcaption><\/figure>\n\n\n\n<figure class=\"wp-block-embed is-type-video is-provider-youtube wp-block-embed-youtube wp-embed-aspect-4-3 wp-has-aspect-ratio\"><div class=\"wp-block-embed__wrapper\">\n<iframe title=\"Gala IEMJ 2017 - Klezmer Trans&#039; Africaine\" width=\"640\" height=\"480\" src=\"https:\/\/www.youtube.com\/embed\/m_j0G3onBpA?feature=oembed\" frameborder=\"0\" allow=\"accelerometer; autoplay; clipboard-write; encrypted-media; gyroscope; picture-in-picture; web-share\" referrerpolicy=\"strict-origin-when-cross-origin\" allowfullscreen><\/iframe>\n<\/div><figcaption class=\"wp-element-caption\"><strong>Parte 2: Klezmer Trans&#8217; Africaine<\/strong><br>Desert Wedding &#8211; Denis Cuniot<br>African Mazal &#8211; Abdullah Ibrahim &amp; Denis Cuniot<br>Oriental Mazal &#8211; Improvisation de Denis Cuniot<br>Maz&#8217; l&#8217; s Transes &#8211; Abraham Ellstein et air traditionnel<br>Debka Druze &#8211; A. Givon<\/figcaption><\/figure>\n\n\n<div class=\"wp-block-image\">\n<figure class=\"aligncenter size-large\"><img fetchpriority=\"high\" decoding=\"async\" width=\"1024\" height=\"133\" src=\"https:\/\/www.iemj.org\/wp-content\/uploads\/2024\/03\/AUDIO-PLAYER-1024x133.png\" alt=\"\" class=\"wp-image-110610\" srcset=\"https:\/\/www.iemj.org\/wp-content\/uploads\/2024\/03\/AUDIO-PLAYER-1024x133.png 1024w, https:\/\/www.iemj.org\/wp-content\/uploads\/2024\/03\/AUDIO-PLAYER-300x39.png 300w, https:\/\/www.iemj.org\/wp-content\/uploads\/2024\/03\/AUDIO-PLAYER-768x100.png 768w, https:\/\/www.iemj.org\/wp-content\/uploads\/2024\/03\/AUDIO-PLAYER-600x78.png 600w, https:\/\/www.iemj.org\/wp-content\/uploads\/2024\/03\/AUDIO-PLAYER.png 1210w\" sizes=\"(max-width: 1024px) 100vw, 1024px\" \/><\/figure>\n<\/div>\n\n\n<div class=\"wp-block-file\"><a href=\"https:\/\/www.iemj.org\/wp-content\/uploads\/2018\/02\/1_matana_-_serge_kaufmann.mp3\">Matana &#8211; Serge kaufmann<\/a><\/div>\n\n\n\n<div class=\"wp-block-file\"><a href=\"https:\/\/www.iemj.org\/wp-content\/uploads\/2018\/02\/2_voix_dans_le_desert_-_ernest_bloch.mp3\">Voix dans le d\u00e9sert &#8211; Ernest Bloch<\/a><\/div>\n\n\n\n<div class=\"wp-block-file\"><a href=\"https:\/\/www.iemj.org\/wp-content\/uploads\/2018\/02\/3_conte_hebraique_op.17_no1_-_lazare_saminsky.mp3\">Conte h\u00e9bra\u00efque op.17 n\u00b01 &#8211; Lazare Saminsky<\/a><\/div>\n\n\n\n<div class=\"wp-block-file\"><a href=\"https:\/\/www.iemj.org\/wp-content\/uploads\/2018\/02\/4_melodie_hebraique_-_joseph_achron.mp3\">M\u00e9lodie h\u00e9bra\u00efque &#8211; Joseph Achron<\/a><\/div>\n\n\n\n<div class=\"wp-block-file\"><a href=\"https:\/\/www.iemj.org\/wp-content\/uploads\/2018\/02\/5_oyfn_pripetchik_-_mark_warshawsky.mp3\">Oyfn Pripetchik &#8211; Mark Warshawsky<\/a><\/div>\n\n\n\n<div class=\"wp-block-file\"><a href=\"https:\/\/www.iemj.org\/wp-content\/uploads\/2018\/02\/6_desert_wedding_-_denis_cuniot_.mp3\">Desert Wedding &#8211; Denis Cuniot<\/a><\/div>\n\n\n\n<div class=\"wp-block-file\"><a href=\"https:\/\/www.iemj.org\/wp-content\/uploads\/2018\/02\/7_african_mazal_-_abdullah_ibrahim_denis_cuniot.mp3\">African Mazal &#8211; Abdullah Ibrahim &amp; Denis Cuniot<\/a><\/div>\n\n\n\n<div class=\"wp-block-file\"><a href=\"https:\/\/www.iemj.org\/wp-content\/uploads\/2018\/02\/8_oriental_mazal_-_improvisation_de_denis_cuniot.mp3\">Oriental Mazal &#8211; Improvisation de Denis Cuniot<\/a><\/div>\n\n\n\n<div class=\"wp-block-file\"><a href=\"https:\/\/www.iemj.org\/wp-content\/uploads\/2018\/02\/9_maz_l_s_transes_-_abraham_ellstein_et_air_traditionnel.mp3\">Maz&#8217; l&#8217; s Transes &#8211; Abraham Ellstein et air traditionnel<\/a><\/div>\n\n\n\n<div class=\"wp-block-file\"><a href=\"https:\/\/www.iemj.org\/wp-content\/uploads\/2018\/02\/10_debka_druze_-_a._givon.mp3\">Debka Druze &#8211; A. Givon<\/a><\/div>\n","protected":false},"excerpt":{"rendered":"<p>Visionar extractos de v\u00eddeos de la tercera edici\u00f3n del concierto del gala del Instituto Europeo de las M\u00fasicas Jud\u00edas que tuvo lugar el domingo 12 de noviembre de 2017, Salle<\/p>\n","protected":false},"author":5,"featured_media":49744,"comment_status":"closed","ping_status":"closed","sticky":false,"template":"","format":"standard","meta":{"_acf_changed":false,"footnotes":""},"categories":[1517],"tags":[],"technique":[],"squelettes":[],"sujet":[],"formation":[],"genre":[1876,1899],"fonds":[],"tradition":[],"type-de-contenu":[],"interprete-compositeur":[],"frise":[],"type-devenement":[],"tableaux-liens-externes":[],"class_list":["post-49743","post","type-post","status-publish","format-standard","has-post-thumbnail","hentry","category-conciertos-film-es","genre-klezmer-es","genre-musica-clasica-es"],"acf":[],"yoast_head":"<!-- This site is optimized with the Yoast SEO plugin v27.3 - https:\/\/yoast.com\/product\/yoast-seo-wordpress\/ -->\n<title>Concierto del gala del Instituto Europeo de las M\u00fasicas Jud\u00edas - Edici\u00f3n del 2017 - Institut Europ\u00e9en des Musiques Juives<\/title>\n<meta name=\"robots\" content=\"index, follow, max-snippet:-1, max-image-preview:large, max-video-preview:-1\" \/>\n<link rel=\"canonical\" href=\"https:\/\/www.iemj.org\/es\/videos-du-concert-de-gala-de-linstitut-europeen-des-musiques-juives-edition-2017\/\" \/>\n<meta property=\"og:locale\" content=\"es_ES\" \/>\n<meta property=\"og:type\" content=\"article\" \/>\n<meta property=\"og:title\" content=\"Concierto del gala del Instituto Europeo de las M\u00fasicas Jud\u00edas - Edici\u00f3n del 2017 - Institut Europ\u00e9en des Musiques Juives\" \/>\n<meta property=\"og:description\" content=\"Visionar extractos de v\u00eddeos de la tercera edici\u00f3n del concierto del gala del Instituto Europeo de las M\u00fasicas Jud\u00edas que tuvo lugar el domingo 12 de noviembre de 2017, Salle\" \/>\n<meta property=\"og:url\" content=\"https:\/\/www.iemj.org\/es\/videos-du-concert-de-gala-de-linstitut-europeen-des-musiques-juives-edition-2017\/\" \/>\n<meta property=\"og:site_name\" content=\"Institut Europ\u00e9en des Musiques Juives\" \/>\n<meta property=\"article:publisher\" content=\"https:\/\/www.facebook.com\/MusiquesJuives\/\" \/>\n<meta property=\"article:published_time\" content=\"2018-01-31T10:53:40+00:00\" \/>\n<meta property=\"article:modified_time\" content=\"2025-10-01T11:18:05+00:00\" \/>\n<meta property=\"og:image\" content=\"https:\/\/www.iemj.org\/wp-content\/uploads\/2018\/01\/arton3097-e1618159640800.jpg\" \/>\n\t<meta property=\"og:image:width\" content=\"350\" \/>\n\t<meta property=\"og:image:height\" content=\"467\" \/>\n\t<meta property=\"og:image:type\" content=\"image\/jpeg\" \/>\n<meta name=\"author\" content=\"Jacqueline ROTEN\" \/>\n<meta name=\"twitter:card\" content=\"summary_large_image\" \/>\n<meta name=\"twitter:label1\" content=\"Escrito por\" \/>\n\t<meta name=\"twitter:data1\" content=\"Jacqueline ROTEN\" \/>\n\t<meta name=\"twitter:label2\" content=\"Tiempo de lectura\" \/>\n\t<meta name=\"twitter:data2\" content=\"3 minutos\" \/>\n<script type=\"application\/ld+json\" class=\"yoast-schema-graph\">{\"@context\":\"https:\\\/\\\/schema.org\",\"@graph\":[{\"@type\":\"Article\",\"@id\":\"https:\\\/\\\/www.iemj.org\\\/es\\\/videos-du-concert-de-gala-de-linstitut-europeen-des-musiques-juives-edition-2017\\\/#article\",\"isPartOf\":{\"@id\":\"https:\\\/\\\/www.iemj.org\\\/es\\\/videos-du-concert-de-gala-de-linstitut-europeen-des-musiques-juives-edition-2017\\\/\"},\"author\":{\"name\":\"Jacqueline ROTEN\",\"@id\":\"https:\\\/\\\/www.iemj.org\\\/es\\\/#\\\/schema\\\/person\\\/358e26c18aca017fcc4cc15437f7279c\"},\"headline\":\"Concierto del gala del Instituto Europeo de las M\u00fasicas Jud\u00edas &#8211; Edici\u00f3n del 2017\",\"datePublished\":\"2018-01-31T10:53:40+00:00\",\"dateModified\":\"2025-10-01T11:18:05+00:00\",\"mainEntityOfPage\":{\"@id\":\"https:\\\/\\\/www.iemj.org\\\/es\\\/videos-du-concert-de-gala-de-linstitut-europeen-des-musiques-juives-edition-2017\\\/\"},\"wordCount\":396,\"publisher\":{\"@id\":\"https:\\\/\\\/www.iemj.org\\\/es\\\/#organization\"},\"image\":{\"@id\":\"https:\\\/\\\/www.iemj.org\\\/es\\\/videos-du-concert-de-gala-de-linstitut-europeen-des-musiques-juives-edition-2017\\\/#primaryimage\"},\"thumbnailUrl\":\"https:\\\/\\\/www.iemj.org\\\/wp-content\\\/uploads\\\/2018\\\/01\\\/arton3097-e1618159640800.jpg\",\"articleSection\":[\"Conciertos\"],\"inLanguage\":\"es\"},{\"@type\":\"WebPage\",\"@id\":\"https:\\\/\\\/www.iemj.org\\\/es\\\/videos-du-concert-de-gala-de-linstitut-europeen-des-musiques-juives-edition-2017\\\/\",\"url\":\"https:\\\/\\\/www.iemj.org\\\/es\\\/videos-du-concert-de-gala-de-linstitut-europeen-des-musiques-juives-edition-2017\\\/\",\"name\":\"Concierto del gala del Instituto Europeo de las M\u00fasicas Jud\u00edas - Edici\u00f3n del 2017 - Institut Europ\u00e9en des Musiques Juives\",\"isPartOf\":{\"@id\":\"https:\\\/\\\/www.iemj.org\\\/es\\\/#website\"},\"primaryImageOfPage\":{\"@id\":\"https:\\\/\\\/www.iemj.org\\\/es\\\/videos-du-concert-de-gala-de-linstitut-europeen-des-musiques-juives-edition-2017\\\/#primaryimage\"},\"image\":{\"@id\":\"https:\\\/\\\/www.iemj.org\\\/es\\\/videos-du-concert-de-gala-de-linstitut-europeen-des-musiques-juives-edition-2017\\\/#primaryimage\"},\"thumbnailUrl\":\"https:\\\/\\\/www.iemj.org\\\/wp-content\\\/uploads\\\/2018\\\/01\\\/arton3097-e1618159640800.jpg\",\"datePublished\":\"2018-01-31T10:53:40+00:00\",\"dateModified\":\"2025-10-01T11:18:05+00:00\",\"breadcrumb\":{\"@id\":\"https:\\\/\\\/www.iemj.org\\\/es\\\/videos-du-concert-de-gala-de-linstitut-europeen-des-musiques-juives-edition-2017\\\/#breadcrumb\"},\"inLanguage\":\"es\",\"potentialAction\":[{\"@type\":\"ReadAction\",\"target\":[\"https:\\\/\\\/www.iemj.org\\\/es\\\/videos-du-concert-de-gala-de-linstitut-europeen-des-musiques-juives-edition-2017\\\/\"]}]},{\"@type\":\"ImageObject\",\"inLanguage\":\"es\",\"@id\":\"https:\\\/\\\/www.iemj.org\\\/es\\\/videos-du-concert-de-gala-de-linstitut-europeen-des-musiques-juives-edition-2017\\\/#primaryimage\",\"url\":\"https:\\\/\\\/www.iemj.org\\\/wp-content\\\/uploads\\\/2018\\\/01\\\/arton3097-e1618159640800.jpg\",\"contentUrl\":\"https:\\\/\\\/www.iemj.org\\\/wp-content\\\/uploads\\\/2018\\\/01\\\/arton3097-e1618159640800.jpg\",\"width\":350,\"height\":467},{\"@type\":\"BreadcrumbList\",\"@id\":\"https:\\\/\\\/www.iemj.org\\\/es\\\/videos-du-concert-de-gala-de-linstitut-europeen-des-musiques-juives-edition-2017\\\/#breadcrumb\",\"itemListElement\":[{\"@type\":\"ListItem\",\"position\":1,\"name\":\"Accueil\",\"item\":\"https:\\\/\\\/www.iemj.org\\\/es\\\/\"},{\"@type\":\"ListItem\",\"position\":2,\"name\":\"Concierto del gala del Instituto Europeo de las M\u00fasicas Jud\u00edas &#8211; Edici\u00f3n del 2017\"}]},{\"@type\":\"WebSite\",\"@id\":\"https:\\\/\\\/www.iemj.org\\\/es\\\/#website\",\"url\":\"https:\\\/\\\/www.iemj.org\\\/es\\\/\",\"name\":\"Institut Europ\u00e9en des Musiques Juives\",\"description\":\"Des traditions musicales \u00e0 la port\u00e9e de tous\",\"publisher\":{\"@id\":\"https:\\\/\\\/www.iemj.org\\\/es\\\/#organization\"},\"potentialAction\":[{\"@type\":\"SearchAction\",\"target\":{\"@type\":\"EntryPoint\",\"urlTemplate\":\"https:\\\/\\\/www.iemj.org\\\/es\\\/?s={search_term_string}\"},\"query-input\":{\"@type\":\"PropertyValueSpecification\",\"valueRequired\":true,\"valueName\":\"search_term_string\"}}],\"inLanguage\":\"es\"},{\"@type\":\"Organization\",\"@id\":\"https:\\\/\\\/www.iemj.org\\\/es\\\/#organization\",\"name\":\"Institut Europ\u00e9en des Musiques Juives\",\"url\":\"https:\\\/\\\/www.iemj.org\\\/es\\\/\",\"logo\":{\"@type\":\"ImageObject\",\"inLanguage\":\"es\",\"@id\":\"https:\\\/\\\/www.iemj.org\\\/es\\\/#\\\/schema\\\/logo\\\/image\\\/\",\"url\":\"https:\\\/\\\/www.iemj.org\\\/wp-content\\\/uploads\\\/2021\\\/09\\\/Logo-IEMJ-Paypal.jpg\",\"contentUrl\":\"https:\\\/\\\/www.iemj.org\\\/wp-content\\\/uploads\\\/2021\\\/09\\\/Logo-IEMJ-Paypal.jpg\",\"width\":150,\"height\":50,\"caption\":\"Institut Europ\u00e9en des Musiques Juives\"},\"image\":{\"@id\":\"https:\\\/\\\/www.iemj.org\\\/es\\\/#\\\/schema\\\/logo\\\/image\\\/\"},\"sameAs\":[\"https:\\\/\\\/www.facebook.com\\\/MusiquesJuives\\\/\",\"https:\\\/\\\/www.instagram.com\\\/musiquesjuives\\\/\",\"https:\\\/\\\/www.youtube.com\\\/user\\\/musiquesjuives\"]},{\"@type\":\"Person\",\"@id\":\"https:\\\/\\\/www.iemj.org\\\/es\\\/#\\\/schema\\\/person\\\/358e26c18aca017fcc4cc15437f7279c\",\"name\":\"Jacqueline ROTEN\",\"image\":{\"@type\":\"ImageObject\",\"inLanguage\":\"es\",\"@id\":\"https:\\\/\\\/secure.gravatar.com\\\/avatar\\\/5964256d6c6957de3a3505278957e0fb2a35119ac47ea41827a65301213c810b?s=96&d=mm&r=g\",\"url\":\"https:\\\/\\\/secure.gravatar.com\\\/avatar\\\/5964256d6c6957de3a3505278957e0fb2a35119ac47ea41827a65301213c810b?s=96&d=mm&r=g\",\"contentUrl\":\"https:\\\/\\\/secure.gravatar.com\\\/avatar\\\/5964256d6c6957de3a3505278957e0fb2a35119ac47ea41827a65301213c810b?s=96&d=mm&r=g\",\"caption\":\"Jacqueline ROTEN\"}}]}<\/script>\n<!-- \/ Yoast SEO plugin. -->","yoast_head_json":{"title":"Concierto del gala del Instituto Europeo de las M\u00fasicas Jud\u00edas - Edici\u00f3n del 2017 - Institut Europ\u00e9en des Musiques Juives","robots":{"index":"index","follow":"follow","max-snippet":"max-snippet:-1","max-image-preview":"max-image-preview:large","max-video-preview":"max-video-preview:-1"},"canonical":"https:\/\/www.iemj.org\/es\/videos-du-concert-de-gala-de-linstitut-europeen-des-musiques-juives-edition-2017\/","og_locale":"es_ES","og_type":"article","og_title":"Concierto del gala del Instituto Europeo de las M\u00fasicas Jud\u00edas - Edici\u00f3n del 2017 - Institut Europ\u00e9en des Musiques Juives","og_description":"Visionar extractos de v\u00eddeos de la tercera edici\u00f3n del concierto del gala del Instituto Europeo de las M\u00fasicas Jud\u00edas que tuvo lugar el domingo 12 de noviembre de 2017, Salle","og_url":"https:\/\/www.iemj.org\/es\/videos-du-concert-de-gala-de-linstitut-europeen-des-musiques-juives-edition-2017\/","og_site_name":"Institut Europ\u00e9en des Musiques Juives","article_publisher":"https:\/\/www.facebook.com\/MusiquesJuives\/","article_published_time":"2018-01-31T10:53:40+00:00","article_modified_time":"2025-10-01T11:18:05+00:00","og_image":[{"width":350,"height":467,"url":"https:\/\/www.iemj.org\/wp-content\/uploads\/2018\/01\/arton3097-e1618159640800.jpg","type":"image\/jpeg"}],"author":"Jacqueline ROTEN","twitter_card":"summary_large_image","twitter_misc":{"Escrito por":"Jacqueline ROTEN","Tiempo de lectura":"3 minutos"},"schema":{"@context":"https:\/\/schema.org","@graph":[{"@type":"Article","@id":"https:\/\/www.iemj.org\/es\/videos-du-concert-de-gala-de-linstitut-europeen-des-musiques-juives-edition-2017\/#article","isPartOf":{"@id":"https:\/\/www.iemj.org\/es\/videos-du-concert-de-gala-de-linstitut-europeen-des-musiques-juives-edition-2017\/"},"author":{"name":"Jacqueline ROTEN","@id":"https:\/\/www.iemj.org\/es\/#\/schema\/person\/358e26c18aca017fcc4cc15437f7279c"},"headline":"Concierto del gala del Instituto Europeo de las M\u00fasicas Jud\u00edas &#8211; Edici\u00f3n del 2017","datePublished":"2018-01-31T10:53:40+00:00","dateModified":"2025-10-01T11:18:05+00:00","mainEntityOfPage":{"@id":"https:\/\/www.iemj.org\/es\/videos-du-concert-de-gala-de-linstitut-europeen-des-musiques-juives-edition-2017\/"},"wordCount":396,"publisher":{"@id":"https:\/\/www.iemj.org\/es\/#organization"},"image":{"@id":"https:\/\/www.iemj.org\/es\/videos-du-concert-de-gala-de-linstitut-europeen-des-musiques-juives-edition-2017\/#primaryimage"},"thumbnailUrl":"https:\/\/www.iemj.org\/wp-content\/uploads\/2018\/01\/arton3097-e1618159640800.jpg","articleSection":["Conciertos"],"inLanguage":"es"},{"@type":"WebPage","@id":"https:\/\/www.iemj.org\/es\/videos-du-concert-de-gala-de-linstitut-europeen-des-musiques-juives-edition-2017\/","url":"https:\/\/www.iemj.org\/es\/videos-du-concert-de-gala-de-linstitut-europeen-des-musiques-juives-edition-2017\/","name":"Concierto del gala del Instituto Europeo de las M\u00fasicas Jud\u00edas - Edici\u00f3n del 2017 - Institut Europ\u00e9en des Musiques Juives","isPartOf":{"@id":"https:\/\/www.iemj.org\/es\/#website"},"primaryImageOfPage":{"@id":"https:\/\/www.iemj.org\/es\/videos-du-concert-de-gala-de-linstitut-europeen-des-musiques-juives-edition-2017\/#primaryimage"},"image":{"@id":"https:\/\/www.iemj.org\/es\/videos-du-concert-de-gala-de-linstitut-europeen-des-musiques-juives-edition-2017\/#primaryimage"},"thumbnailUrl":"https:\/\/www.iemj.org\/wp-content\/uploads\/2018\/01\/arton3097-e1618159640800.jpg","datePublished":"2018-01-31T10:53:40+00:00","dateModified":"2025-10-01T11:18:05+00:00","breadcrumb":{"@id":"https:\/\/www.iemj.org\/es\/videos-du-concert-de-gala-de-linstitut-europeen-des-musiques-juives-edition-2017\/#breadcrumb"},"inLanguage":"es","potentialAction":[{"@type":"ReadAction","target":["https:\/\/www.iemj.org\/es\/videos-du-concert-de-gala-de-linstitut-europeen-des-musiques-juives-edition-2017\/"]}]},{"@type":"ImageObject","inLanguage":"es","@id":"https:\/\/www.iemj.org\/es\/videos-du-concert-de-gala-de-linstitut-europeen-des-musiques-juives-edition-2017\/#primaryimage","url":"https:\/\/www.iemj.org\/wp-content\/uploads\/2018\/01\/arton3097-e1618159640800.jpg","contentUrl":"https:\/\/www.iemj.org\/wp-content\/uploads\/2018\/01\/arton3097-e1618159640800.jpg","width":350,"height":467},{"@type":"BreadcrumbList","@id":"https:\/\/www.iemj.org\/es\/videos-du-concert-de-gala-de-linstitut-europeen-des-musiques-juives-edition-2017\/#breadcrumb","itemListElement":[{"@type":"ListItem","position":1,"name":"Accueil","item":"https:\/\/www.iemj.org\/es\/"},{"@type":"ListItem","position":2,"name":"Concierto del gala del Instituto Europeo de las M\u00fasicas Jud\u00edas &#8211; Edici\u00f3n del 2017"}]},{"@type":"WebSite","@id":"https:\/\/www.iemj.org\/es\/#website","url":"https:\/\/www.iemj.org\/es\/","name":"Institut Europ\u00e9en des Musiques Juives","description":"Des traditions musicales \u00e0 la port\u00e9e de tous","publisher":{"@id":"https:\/\/www.iemj.org\/es\/#organization"},"potentialAction":[{"@type":"SearchAction","target":{"@type":"EntryPoint","urlTemplate":"https:\/\/www.iemj.org\/es\/?s={search_term_string}"},"query-input":{"@type":"PropertyValueSpecification","valueRequired":true,"valueName":"search_term_string"}}],"inLanguage":"es"},{"@type":"Organization","@id":"https:\/\/www.iemj.org\/es\/#organization","name":"Institut Europ\u00e9en des Musiques Juives","url":"https:\/\/www.iemj.org\/es\/","logo":{"@type":"ImageObject","inLanguage":"es","@id":"https:\/\/www.iemj.org\/es\/#\/schema\/logo\/image\/","url":"https:\/\/www.iemj.org\/wp-content\/uploads\/2021\/09\/Logo-IEMJ-Paypal.jpg","contentUrl":"https:\/\/www.iemj.org\/wp-content\/uploads\/2021\/09\/Logo-IEMJ-Paypal.jpg","width":150,"height":50,"caption":"Institut Europ\u00e9en des Musiques Juives"},"image":{"@id":"https:\/\/www.iemj.org\/es\/#\/schema\/logo\/image\/"},"sameAs":["https:\/\/www.facebook.com\/MusiquesJuives\/","https:\/\/www.instagram.com\/musiquesjuives\/","https:\/\/www.youtube.com\/user\/musiquesjuives"]},{"@type":"Person","@id":"https:\/\/www.iemj.org\/es\/#\/schema\/person\/358e26c18aca017fcc4cc15437f7279c","name":"Jacqueline ROTEN","image":{"@type":"ImageObject","inLanguage":"es","@id":"https:\/\/secure.gravatar.com\/avatar\/5964256d6c6957de3a3505278957e0fb2a35119ac47ea41827a65301213c810b?s=96&d=mm&r=g","url":"https:\/\/secure.gravatar.com\/avatar\/5964256d6c6957de3a3505278957e0fb2a35119ac47ea41827a65301213c810b?s=96&d=mm&r=g","contentUrl":"https:\/\/secure.gravatar.com\/avatar\/5964256d6c6957de3a3505278957e0fb2a35119ac47ea41827a65301213c810b?s=96&d=mm&r=g","caption":"Jacqueline ROTEN"}}]}},"_links":{"self":[{"href":"https:\/\/www.iemj.org\/es\/wp-json\/wp\/v2\/posts\/49743","targetHints":{"allow":["GET"]}}],"collection":[{"href":"https:\/\/www.iemj.org\/es\/wp-json\/wp\/v2\/posts"}],"about":[{"href":"https:\/\/www.iemj.org\/es\/wp-json\/wp\/v2\/types\/post"}],"author":[{"embeddable":true,"href":"https:\/\/www.iemj.org\/es\/wp-json\/wp\/v2\/users\/5"}],"replies":[{"embeddable":true,"href":"https:\/\/www.iemj.org\/es\/wp-json\/wp\/v2\/comments?post=49743"}],"version-history":[{"count":1,"href":"https:\/\/www.iemj.org\/es\/wp-json\/wp\/v2\/posts\/49743\/revisions"}],"predecessor-version":[{"id":126249,"href":"https:\/\/www.iemj.org\/es\/wp-json\/wp\/v2\/posts\/49743\/revisions\/126249"}],"wp:featuredmedia":[{"embeddable":true,"href":"https:\/\/www.iemj.org\/es\/wp-json\/wp\/v2\/media\/49744"}],"wp:attachment":[{"href":"https:\/\/www.iemj.org\/es\/wp-json\/wp\/v2\/media?parent=49743"}],"wp:term":[{"taxonomy":"category","embeddable":true,"href":"https:\/\/www.iemj.org\/es\/wp-json\/wp\/v2\/categories?post=49743"},{"taxonomy":"post_tag","embeddable":true,"href":"https:\/\/www.iemj.org\/es\/wp-json\/wp\/v2\/tags?post=49743"},{"taxonomy":"technique","embeddable":true,"href":"https:\/\/www.iemj.org\/es\/wp-json\/wp\/v2\/technique?post=49743"},{"taxonomy":"squelettes","embeddable":true,"href":"https:\/\/www.iemj.org\/es\/wp-json\/wp\/v2\/squelettes?post=49743"},{"taxonomy":"sujet","embeddable":true,"href":"https:\/\/www.iemj.org\/es\/wp-json\/wp\/v2\/sujet?post=49743"},{"taxonomy":"formation","embeddable":true,"href":"https:\/\/www.iemj.org\/es\/wp-json\/wp\/v2\/formation?post=49743"},{"taxonomy":"genre","embeddable":true,"href":"https:\/\/www.iemj.org\/es\/wp-json\/wp\/v2\/genre?post=49743"},{"taxonomy":"fonds","embeddable":true,"href":"https:\/\/www.iemj.org\/es\/wp-json\/wp\/v2\/fonds?post=49743"},{"taxonomy":"tradition","embeddable":true,"href":"https:\/\/www.iemj.org\/es\/wp-json\/wp\/v2\/tradition?post=49743"},{"taxonomy":"type-de-contenu","embeddable":true,"href":"https:\/\/www.iemj.org\/es\/wp-json\/wp\/v2\/type-de-contenu?post=49743"},{"taxonomy":"interprete-compositeur","embeddable":true,"href":"https:\/\/www.iemj.org\/es\/wp-json\/wp\/v2\/interprete-compositeur?post=49743"},{"taxonomy":"frise","embeddable":true,"href":"https:\/\/www.iemj.org\/es\/wp-json\/wp\/v2\/frise?post=49743"},{"taxonomy":"type-devenement","embeddable":true,"href":"https:\/\/www.iemj.org\/es\/wp-json\/wp\/v2\/type-devenement?post=49743"},{"taxonomy":"tableaux-liens-externes","embeddable":true,"href":"https:\/\/www.iemj.org\/es\/wp-json\/wp\/v2\/tableaux-liens-externes?post=49743"}],"curies":[{"name":"wp","href":"https:\/\/api.w.org\/{rel}","templated":true}]}}