{"id":49923,"date":"2016-11-24T16:03:55","date_gmt":"2016-11-24T15:03:55","guid":{"rendered":"https:\/\/www.iemj.org\/videos-du-concert-de-gala-de-linstitut-europeen-des-musiques-juives-edition-2016\/"},"modified":"2025-10-01T13:11:45","modified_gmt":"2025-10-01T11:11:45","slug":"videos-du-concert-de-gala-de-linstitut-europeen-des-musiques-juives-edition-2016","status":"publish","type":"post","link":"https:\/\/www.iemj.org\/es\/videos-du-concert-de-gala-de-linstitut-europeen-des-musiques-juives-edition-2016\/","title":{"rendered":"Concierto del gala del Instituto Europeo de las M\u00fasicas Jud\u00edas &#8211; Edici\u00f3n del 2016"},"content":{"rendered":"<p>Vea videoclips de la segunda edici\u00f3n del concierto de gala del Instituto Europeo de M\u00fasica Jud\u00eda, \u00abla m\u00fasica jud\u00eda en todos sus estados\u00bb, que tuvo lugar el domingo 6 de noviembre de 2016, a las 18h, en la Sala Cortot (Par\u00eds 17), frente a un publico entusiasta compuesto de casi 400 espectadores. Con el apoyo de la Fundaci\u00f3n Henriette Halphen, bajo los auspicios de la Fondation du Juda\u00efsme Fran\u00e7ais.<\/p>\n<p><!--more--><\/p>\n<p>En el programa: LITURGIA JUD\u00cdA DEL SIGLO XVII AL SIGLO XX, MELOD\u00cdAS SEFARD\u00cdES Y POLIFON\u00cdAS B\u00daLGARAS y por fin, M\u00daSICA KLEZMER Y SALSA CUBANA.<\/p>\n<p>El concierto inclu\u00eda una primera parte que ha permitido escuchar dos tipos de m\u00fasicas completamente diferentes.<\/p>\n<p>En primer lugar, el coro de c\u00e1mara de la sinagoga Kehilat Gesher de Par\u00eds, originalmente constituida en 2003 con el impulso del hazanit Janet Pape, dirigido despu\u00e9s del 2009 por par Thomas MacFarlane, ha interpretado un cat\u00e1logo de la liturgia jud\u00eda del siglo XVII al siglo XX, como los salmos Adonai Ro\u2019i Lo Echsar de Gerald Cohen (1960); Elohim hashivenou de Salomone Rossi (1570-ca 1630) o Enosh de Louis Lewandowski (1821-1894).<\/p>\n<p>Despu\u00e9s, el <strong>cuarteto Balkanes<\/strong>, acompanado por <strong>David Bruley <\/strong>(percusi\u00f3n) y Edmond Ghrenassia\u00a0 (clarinete) nos han invitados en el universo sorprendente de las melod\u00edas sefard\u00edes mezcladas a las polifon\u00edas b\u00falgaras, interpretando un cat\u00e1logo polif\u00f3nico a partir de cantos judeo-espa\u00f1oles, sobre los cuales estaban imbricados cantos b\u00falgaros tradicionales. Esta interacci\u00f3n musical entre las culturas sefard\u00ed y b\u00falgara nos ha ofrecido asi una visi\u00f3n por lo menos renovada del canto judeo-espa\u00f1ol.<\/p>\n<p>En la segunda parte del concierto \u00a0Los Cigarillos en el Shtruddle dirigido por\u00a0David el Shatr\u00e0n es el primer grupo franc\u00e9s qui\u00e9n ose la experiencia desentonante de la mezcla de las m\u00fasicas latinas y klezmer. Utilizando las similitudes entre los ritmos klezmer y latino, David\u00a0 el Shatr\u00e0n, director, arreglista y pianista de los Cigarrillos, nos ha tra\u00eddos en el baile de un \u00ab\u00a0Shtetlito Cubanele\u00a0\u00bb donde el pescado gefilte, pescado en Am\u00e9rica Latina habr\u00eda sido cocido a fuego lento en una salsa picante al r\u00e1bano!<\/p>\n<p><a href=\"https:\/\/www.iemj.org\/wp-content\/uploads\/2016\/11\/programme_concert_gala_iemj_2016.pdf\" target=\"_blank\" rel=\"noopener\">Programa del concierto gala del IEMJ 2016<\/a><\/p>\n\n\n<figure class=\"wp-block-embed is-type-video is-provider-youtube wp-block-embed-youtube wp-embed-aspect-4-3 wp-has-aspect-ratio\"><div class=\"wp-block-embed__wrapper\">\n<iframe title=\"Gala IEMJ 2016 - Choeur de la synagogue Kehilat Gesher\" width=\"640\" height=\"480\" src=\"https:\/\/www.youtube.com\/embed\/1w81R4YCVhk?feature=oembed\" frameborder=\"0\" allow=\"accelerometer; autoplay; clipboard-write; encrypted-media; gyroscope; picture-in-picture; web-share\" referrerpolicy=\"strict-origin-when-cross-origin\" allowfullscreen><\/iframe>\n<\/div><figcaption class=\"wp-element-caption\"><strong>Parte 1: Liturgia jud\u00eda del siglo XVII al siglo XX<\/strong><br>Adona\u00ef Ro\u2019i Lo Echsar &#8211; Gerald Cohen &#8211; Choeur Kehilat Gesher<br>Enosh &#8211; Louis Lewandowski &#8211; Choeur Kehilat Gesher<br>Pitchuli &#8211; Robert Solomon &#8211; Choeur Kehilat Gesher<br>Samachti b\u2019 omrim li &#8211; Charles Osborne &#8211; Choeur Kehilat Gesher<\/figcaption><\/figure>\n\n\n\n<figure class=\"wp-block-embed is-type-video is-provider-youtube wp-block-embed-youtube wp-embed-aspect-4-3 wp-has-aspect-ratio\"><div class=\"wp-block-embed__wrapper\">\n<iframe title=\"Gala IEMJ 2016 - Balkanes sefarades\" width=\"640\" height=\"480\" src=\"https:\/\/www.youtube.com\/embed\/8iK4f00Wf9w?feature=oembed\" frameborder=\"0\" allow=\"accelerometer; autoplay; clipboard-write; encrypted-media; gyroscope; picture-in-picture; web-share\" referrerpolicy=\"strict-origin-when-cross-origin\" allowfullscreen><\/iframe>\n<\/div><figcaption class=\"wp-element-caption\"><strong>Parte 2: Melod\u00edas sefard\u00edes y polifon\u00edas b\u00falgaras<\/strong><br>Mirsilu &amp; Zamoerknaya &#8211; Les Balkanes<br>Yo hanina, tu hanino &amp; Sbira\u00efte se na horoto &#8211; Les Balkanes<br>Noches, noches &amp; Ela mome, ela, doucho &#8211; Les Balkanes<br>Ven ermosa &amp; Da\u00ef be, tchitcho &#8211; Les Balkanes<\/figcaption><\/figure>\n\n\n\n<figure class=\"wp-block-embed is-type-video is-provider-youtube wp-block-embed-youtube wp-embed-aspect-4-3 wp-has-aspect-ratio\"><div class=\"wp-block-embed__wrapper\">\n<iframe title=\"Gala IEMJ 2016 - Los cigarillos en el Shtruddle\" width=\"640\" height=\"480\" src=\"https:\/\/www.youtube.com\/embed\/HhSjnIb0KyQ?feature=oembed\" frameborder=\"0\" allow=\"accelerometer; autoplay; clipboard-write; encrypted-media; gyroscope; picture-in-picture; web-share\" referrerpolicy=\"strict-origin-when-cross-origin\" allowfullscreen><\/iframe>\n<\/div><figcaption class=\"wp-element-caption\"><strong>Parte 3: M\u00fasicas klezmer y salsa cubana<\/strong><br>Az der Rebbe tanzt salsa &#8211; Los Cigarillos en el Shtruddle<br>Somos los Cigarillos &#8211; Los Cigarillos en el Shtruddle<br>Vehi she\u2019amdah &#8211; Los Cigarillos en el Shtruddle<br>Etmol &#8211; Los Cigarillos en el Shtruddle<br>Beignet &#8211; Los Cigarillos en el Shtruddle<\/figcaption><\/figure>\n\n\n<div class=\"wp-block-image\">\n<figure class=\"aligncenter size-large\"><img fetchpriority=\"high\" decoding=\"async\" width=\"1024\" height=\"133\" src=\"https:\/\/www.iemj.org\/wp-content\/uploads\/2024\/03\/AUDIO-PLAYER-1024x133.png\" alt=\"\" class=\"wp-image-110610\" srcset=\"https:\/\/www.iemj.org\/wp-content\/uploads\/2024\/03\/AUDIO-PLAYER-1024x133.png 1024w, https:\/\/www.iemj.org\/wp-content\/uploads\/2024\/03\/AUDIO-PLAYER-300x39.png 300w, https:\/\/www.iemj.org\/wp-content\/uploads\/2024\/03\/AUDIO-PLAYER-768x100.png 768w, https:\/\/www.iemj.org\/wp-content\/uploads\/2024\/03\/AUDIO-PLAYER-600x78.png 600w, https:\/\/www.iemj.org\/wp-content\/uploads\/2024\/03\/AUDIO-PLAYER.png 1210w\" sizes=\"(max-width: 1024px) 100vw, 1024px\" \/><\/figure>\n<\/div>\n\n\n<div class=\"wp-block-file\"><a href=\"https:\/\/www.iemj.org\/wp-content\/uploads\/2016\/11\/adonai_ro_i_lo_echsar_-_gerald_cohen.mp3\">Adona\u00ef Ro&#8217;i Lo Echsar (EXTRAIT) &#8211; Gerald Cohen &#8211; Choeur Kehilat Gesher<\/a><\/div>\n\n\n\n<div class=\"wp-block-file\"><a href=\"https:\/\/www.iemj.org\/wp-content\/uploads\/2016\/11\/enosh_-_louis_lewandowski.mp3\">Enosh (EXTRAIT) &#8211; Louis Lewandowski &#8211; Choeur Kehilat Gesher<\/a><\/div>\n\n\n\n<div class=\"wp-block-file\"><a href=\"https:\/\/www.iemj.org\/wp-content\/uploads\/2016\/11\/pitchuli_-_robert_solomon.mp3\">Pitchuli (EXTRAIT) &#8211; Robert Solomon &#8211; Choeur Kehilat Gesher<\/a><\/div>\n\n\n\n<div class=\"wp-block-file\"><a href=\"https:\/\/www.iemj.org\/wp-content\/uploads\/2016\/11\/samachti_b_omrim_li_-_charles_osborne.mp3\">Samachti b&#8217; omrim li (EXTRAIT) &#8211; Charles Osborne &#8211; Choeur Kehilat Gesher<\/a><\/div>\n\n\n\n<div class=\"wp-block-file\"><a href=\"https:\/\/www.iemj.org\/wp-content\/uploads\/2016\/11\/mirsilu_zamoerknaya.mp3\">Mirsilu &amp; Zamoerknaya (EXTRAIT) &#8211; Les Balkanes<\/a><\/div>\n\n\n\n<div class=\"wp-block-file\"><a href=\"https:\/\/www.iemj.org\/wp-content\/uploads\/2016\/11\/yo_hanina_tu_hanino_sbiraite_se_na_horoto.mp3\"> Yo hanina, tu hanino &amp; Sbira\u00efte se na horoto (EXTRAIT) &#8211; Les Balkanes<\/a><\/div>\n\n\n\n<div class=\"wp-block-file\"><a href=\"https:\/\/www.iemj.org\/wp-content\/uploads\/2016\/11\/noches_noches_ela_mome_ela_doucho.mp3\">Noches, noches &amp; Ela mome, ela, doucho (EXTRAIT) &#8211; Les Balkanes<\/a><\/div>\n\n\n\n<div class=\"wp-block-file\"><a href=\"https:\/\/www.iemj.org\/wp-content\/uploads\/2016\/11\/ven_ermosa_dai_be_tchitcho.mp3\">Ven ermosa &amp; Da\u00ef be, tchitcho (EXTRAIT) &#8211; Les Balkanes<\/a><\/div>\n\n\n\n<div class=\"wp-block-file\"><a href=\"https:\/\/www.iemj.org\/wp-content\/uploads\/2016\/11\/az_der_rebbe_tanzt_salsa.mp3\">Az der Rebbe tanzt salsa (EXTRAIT) &#8211; Los Cigarillos en el Shtruddle<\/a><\/div>\n\n\n\n<div class=\"wp-block-file\"><a href=\"https:\/\/www.iemj.org\/wp-content\/uploads\/2016\/11\/somos_los_cigarillos.mp3\">Somos los Cigarillos (EXTRAIT) &#8211; Los Cigarillos en el Shtruddle<\/a><\/div>\n\n\n\n<div class=\"wp-block-file\"><a href=\"https:\/\/www.iemj.org\/wp-content\/uploads\/2016\/11\/vehi_she_amdah.mp3\">Vehi she&#8217;amdah (EXTRAIT) &#8211; Los Cigarillos en el Shtruddle<\/a><\/div>\n\n\n\n<div class=\"wp-block-file\"><a href=\"https:\/\/www.iemj.org\/wp-content\/uploads\/2016\/11\/etmol.mp3\">Etmol (EXTRAIT) &#8211; Los Cigarillos en el Shtruddle<\/a><\/div>\n\n\n\n<div class=\"wp-block-file\"><a href=\"https:\/\/www.iemj.org\/wp-content\/uploads\/2016\/11\/beignet.mp3\">Beignet (EXTRAIT) &#8211; Los Cigarillos en el Shtruddle<\/a><\/div>\n","protected":false},"excerpt":{"rendered":"<p>Vea videoclips de la segunda edici\u00f3n del concierto de gala del Instituto Europeo de M\u00fasica Jud\u00eda, \u00abla m\u00fasica jud\u00eda en todos sus estados\u00bb, que tuvo lugar el domingo 6 de<\/p>\n","protected":false},"author":5,"featured_media":49924,"comment_status":"closed","ping_status":"closed","sticky":false,"template":"","format":"standard","meta":{"_acf_changed":false,"footnotes":""},"categories":[1517],"tags":[],"technique":[],"squelettes":[],"sujet":[],"formation":[],"genre":[1889,1899,1863],"fonds":[],"tradition":[],"type-de-contenu":[],"interprete-compositeur":[],"frise":[],"type-devenement":[],"tableaux-liens-externes":[],"class_list":["post-49923","post","type-post","status-publish","format-standard","has-post-thumbnail","hentry","category-conciertos-film-es","genre-judeo-espanol-es","genre-musica-clasica-es","genre-yiddish-es"],"acf":[],"yoast_head":"<!-- This site is optimized with the Yoast SEO plugin v27.3 - https:\/\/yoast.com\/product\/yoast-seo-wordpress\/ -->\n<title>Concierto del gala del Instituto Europeo de las M\u00fasicas Jud\u00edas - Edici\u00f3n del 2016 - Institut Europ\u00e9en des Musiques Juives<\/title>\n<meta name=\"robots\" content=\"index, follow, max-snippet:-1, max-image-preview:large, max-video-preview:-1\" \/>\n<link rel=\"canonical\" href=\"https:\/\/www.iemj.org\/es\/videos-du-concert-de-gala-de-linstitut-europeen-des-musiques-juives-edition-2016\/\" \/>\n<meta property=\"og:locale\" content=\"es_ES\" \/>\n<meta property=\"og:type\" content=\"article\" \/>\n<meta property=\"og:title\" content=\"Concierto del gala del Instituto Europeo de las M\u00fasicas Jud\u00edas - Edici\u00f3n del 2016 - Institut Europ\u00e9en des Musiques Juives\" \/>\n<meta property=\"og:description\" content=\"Vea videoclips de la segunda edici\u00f3n del concierto de gala del Instituto Europeo de M\u00fasica Jud\u00eda, \u00abla m\u00fasica jud\u00eda en todos sus estados\u00bb, que tuvo lugar el domingo 6 de\" \/>\n<meta property=\"og:url\" content=\"https:\/\/www.iemj.org\/es\/videos-du-concert-de-gala-de-linstitut-europeen-des-musiques-juives-edition-2016\/\" \/>\n<meta property=\"og:site_name\" content=\"Institut Europ\u00e9en des Musiques Juives\" \/>\n<meta property=\"article:publisher\" content=\"https:\/\/www.facebook.com\/MusiquesJuives\/\" \/>\n<meta property=\"article:published_time\" content=\"2016-11-24T15:03:55+00:00\" \/>\n<meta property=\"article:modified_time\" content=\"2025-10-01T11:11:45+00:00\" \/>\n<meta property=\"og:image\" content=\"https:\/\/www.iemj.org\/wp-content\/uploads\/2016\/11\/arton1956-e1618163590755.jpg\" \/>\n\t<meta property=\"og:image:width\" content=\"350\" \/>\n\t<meta property=\"og:image:height\" content=\"499\" \/>\n\t<meta property=\"og:image:type\" content=\"image\/jpeg\" \/>\n<meta name=\"author\" content=\"Jacqueline ROTEN\" \/>\n<meta name=\"twitter:card\" content=\"summary_large_image\" \/>\n<meta name=\"twitter:label1\" content=\"Escrito por\" \/>\n\t<meta name=\"twitter:data1\" content=\"Jacqueline ROTEN\" \/>\n\t<meta name=\"twitter:label2\" content=\"Tiempo de lectura\" \/>\n\t<meta name=\"twitter:data2\" content=\"4 minutos\" \/>\n<script type=\"application\/ld+json\" class=\"yoast-schema-graph\">{\"@context\":\"https:\\\/\\\/schema.org\",\"@graph\":[{\"@type\":\"Article\",\"@id\":\"https:\\\/\\\/www.iemj.org\\\/es\\\/videos-du-concert-de-gala-de-linstitut-europeen-des-musiques-juives-edition-2016\\\/#article\",\"isPartOf\":{\"@id\":\"https:\\\/\\\/www.iemj.org\\\/es\\\/videos-du-concert-de-gala-de-linstitut-europeen-des-musiques-juives-edition-2016\\\/\"},\"author\":{\"name\":\"Jacqueline ROTEN\",\"@id\":\"https:\\\/\\\/www.iemj.org\\\/es\\\/#\\\/schema\\\/person\\\/358e26c18aca017fcc4cc15437f7279c\"},\"headline\":\"Concierto del gala del Instituto Europeo de las M\u00fasicas Jud\u00edas &#8211; Edici\u00f3n del 2016\",\"datePublished\":\"2016-11-24T15:03:55+00:00\",\"dateModified\":\"2025-10-01T11:11:45+00:00\",\"mainEntityOfPage\":{\"@id\":\"https:\\\/\\\/www.iemj.org\\\/es\\\/videos-du-concert-de-gala-de-linstitut-europeen-des-musiques-juives-edition-2016\\\/\"},\"wordCount\":680,\"publisher\":{\"@id\":\"https:\\\/\\\/www.iemj.org\\\/es\\\/#organization\"},\"image\":{\"@id\":\"https:\\\/\\\/www.iemj.org\\\/es\\\/videos-du-concert-de-gala-de-linstitut-europeen-des-musiques-juives-edition-2016\\\/#primaryimage\"},\"thumbnailUrl\":\"https:\\\/\\\/www.iemj.org\\\/wp-content\\\/uploads\\\/2016\\\/11\\\/arton1956-e1618163590755.jpg\",\"articleSection\":[\"Conciertos\"],\"inLanguage\":\"es\"},{\"@type\":\"WebPage\",\"@id\":\"https:\\\/\\\/www.iemj.org\\\/es\\\/videos-du-concert-de-gala-de-linstitut-europeen-des-musiques-juives-edition-2016\\\/\",\"url\":\"https:\\\/\\\/www.iemj.org\\\/es\\\/videos-du-concert-de-gala-de-linstitut-europeen-des-musiques-juives-edition-2016\\\/\",\"name\":\"Concierto del gala del Instituto Europeo de las M\u00fasicas Jud\u00edas - Edici\u00f3n del 2016 - Institut Europ\u00e9en des Musiques Juives\",\"isPartOf\":{\"@id\":\"https:\\\/\\\/www.iemj.org\\\/es\\\/#website\"},\"primaryImageOfPage\":{\"@id\":\"https:\\\/\\\/www.iemj.org\\\/es\\\/videos-du-concert-de-gala-de-linstitut-europeen-des-musiques-juives-edition-2016\\\/#primaryimage\"},\"image\":{\"@id\":\"https:\\\/\\\/www.iemj.org\\\/es\\\/videos-du-concert-de-gala-de-linstitut-europeen-des-musiques-juives-edition-2016\\\/#primaryimage\"},\"thumbnailUrl\":\"https:\\\/\\\/www.iemj.org\\\/wp-content\\\/uploads\\\/2016\\\/11\\\/arton1956-e1618163590755.jpg\",\"datePublished\":\"2016-11-24T15:03:55+00:00\",\"dateModified\":\"2025-10-01T11:11:45+00:00\",\"breadcrumb\":{\"@id\":\"https:\\\/\\\/www.iemj.org\\\/es\\\/videos-du-concert-de-gala-de-linstitut-europeen-des-musiques-juives-edition-2016\\\/#breadcrumb\"},\"inLanguage\":\"es\",\"potentialAction\":[{\"@type\":\"ReadAction\",\"target\":[\"https:\\\/\\\/www.iemj.org\\\/es\\\/videos-du-concert-de-gala-de-linstitut-europeen-des-musiques-juives-edition-2016\\\/\"]}]},{\"@type\":\"ImageObject\",\"inLanguage\":\"es\",\"@id\":\"https:\\\/\\\/www.iemj.org\\\/es\\\/videos-du-concert-de-gala-de-linstitut-europeen-des-musiques-juives-edition-2016\\\/#primaryimage\",\"url\":\"https:\\\/\\\/www.iemj.org\\\/wp-content\\\/uploads\\\/2016\\\/11\\\/arton1956-e1618163590755.jpg\",\"contentUrl\":\"https:\\\/\\\/www.iemj.org\\\/wp-content\\\/uploads\\\/2016\\\/11\\\/arton1956-e1618163590755.jpg\",\"width\":350,\"height\":499},{\"@type\":\"BreadcrumbList\",\"@id\":\"https:\\\/\\\/www.iemj.org\\\/es\\\/videos-du-concert-de-gala-de-linstitut-europeen-des-musiques-juives-edition-2016\\\/#breadcrumb\",\"itemListElement\":[{\"@type\":\"ListItem\",\"position\":1,\"name\":\"Accueil\",\"item\":\"https:\\\/\\\/www.iemj.org\\\/es\\\/\"},{\"@type\":\"ListItem\",\"position\":2,\"name\":\"Concierto del gala del Instituto Europeo de las M\u00fasicas Jud\u00edas &#8211; Edici\u00f3n del 2016\"}]},{\"@type\":\"WebSite\",\"@id\":\"https:\\\/\\\/www.iemj.org\\\/es\\\/#website\",\"url\":\"https:\\\/\\\/www.iemj.org\\\/es\\\/\",\"name\":\"Institut Europ\u00e9en des Musiques Juives\",\"description\":\"Des traditions musicales \u00e0 la port\u00e9e de tous\",\"publisher\":{\"@id\":\"https:\\\/\\\/www.iemj.org\\\/es\\\/#organization\"},\"potentialAction\":[{\"@type\":\"SearchAction\",\"target\":{\"@type\":\"EntryPoint\",\"urlTemplate\":\"https:\\\/\\\/www.iemj.org\\\/es\\\/?s={search_term_string}\"},\"query-input\":{\"@type\":\"PropertyValueSpecification\",\"valueRequired\":true,\"valueName\":\"search_term_string\"}}],\"inLanguage\":\"es\"},{\"@type\":\"Organization\",\"@id\":\"https:\\\/\\\/www.iemj.org\\\/es\\\/#organization\",\"name\":\"Institut Europ\u00e9en des Musiques Juives\",\"url\":\"https:\\\/\\\/www.iemj.org\\\/es\\\/\",\"logo\":{\"@type\":\"ImageObject\",\"inLanguage\":\"es\",\"@id\":\"https:\\\/\\\/www.iemj.org\\\/es\\\/#\\\/schema\\\/logo\\\/image\\\/\",\"url\":\"https:\\\/\\\/www.iemj.org\\\/wp-content\\\/uploads\\\/2021\\\/09\\\/Logo-IEMJ-Paypal.jpg\",\"contentUrl\":\"https:\\\/\\\/www.iemj.org\\\/wp-content\\\/uploads\\\/2021\\\/09\\\/Logo-IEMJ-Paypal.jpg\",\"width\":150,\"height\":50,\"caption\":\"Institut Europ\u00e9en des Musiques Juives\"},\"image\":{\"@id\":\"https:\\\/\\\/www.iemj.org\\\/es\\\/#\\\/schema\\\/logo\\\/image\\\/\"},\"sameAs\":[\"https:\\\/\\\/www.facebook.com\\\/MusiquesJuives\\\/\",\"https:\\\/\\\/www.instagram.com\\\/musiquesjuives\\\/\",\"https:\\\/\\\/www.youtube.com\\\/user\\\/musiquesjuives\"]},{\"@type\":\"Person\",\"@id\":\"https:\\\/\\\/www.iemj.org\\\/es\\\/#\\\/schema\\\/person\\\/358e26c18aca017fcc4cc15437f7279c\",\"name\":\"Jacqueline ROTEN\",\"image\":{\"@type\":\"ImageObject\",\"inLanguage\":\"es\",\"@id\":\"https:\\\/\\\/secure.gravatar.com\\\/avatar\\\/5964256d6c6957de3a3505278957e0fb2a35119ac47ea41827a65301213c810b?s=96&d=mm&r=g\",\"url\":\"https:\\\/\\\/secure.gravatar.com\\\/avatar\\\/5964256d6c6957de3a3505278957e0fb2a35119ac47ea41827a65301213c810b?s=96&d=mm&r=g\",\"contentUrl\":\"https:\\\/\\\/secure.gravatar.com\\\/avatar\\\/5964256d6c6957de3a3505278957e0fb2a35119ac47ea41827a65301213c810b?s=96&d=mm&r=g\",\"caption\":\"Jacqueline ROTEN\"}}]}<\/script>\n<!-- \/ Yoast SEO plugin. -->","yoast_head_json":{"title":"Concierto del gala del Instituto Europeo de las M\u00fasicas Jud\u00edas - Edici\u00f3n del 2016 - Institut Europ\u00e9en des Musiques Juives","robots":{"index":"index","follow":"follow","max-snippet":"max-snippet:-1","max-image-preview":"max-image-preview:large","max-video-preview":"max-video-preview:-1"},"canonical":"https:\/\/www.iemj.org\/es\/videos-du-concert-de-gala-de-linstitut-europeen-des-musiques-juives-edition-2016\/","og_locale":"es_ES","og_type":"article","og_title":"Concierto del gala del Instituto Europeo de las M\u00fasicas Jud\u00edas - Edici\u00f3n del 2016 - Institut Europ\u00e9en des Musiques Juives","og_description":"Vea videoclips de la segunda edici\u00f3n del concierto de gala del Instituto Europeo de M\u00fasica Jud\u00eda, \u00abla m\u00fasica jud\u00eda en todos sus estados\u00bb, que tuvo lugar el domingo 6 de","og_url":"https:\/\/www.iemj.org\/es\/videos-du-concert-de-gala-de-linstitut-europeen-des-musiques-juives-edition-2016\/","og_site_name":"Institut Europ\u00e9en des Musiques Juives","article_publisher":"https:\/\/www.facebook.com\/MusiquesJuives\/","article_published_time":"2016-11-24T15:03:55+00:00","article_modified_time":"2025-10-01T11:11:45+00:00","og_image":[{"width":350,"height":499,"url":"https:\/\/www.iemj.org\/wp-content\/uploads\/2016\/11\/arton1956-e1618163590755.jpg","type":"image\/jpeg"}],"author":"Jacqueline ROTEN","twitter_card":"summary_large_image","twitter_misc":{"Escrito por":"Jacqueline ROTEN","Tiempo de lectura":"4 minutos"},"schema":{"@context":"https:\/\/schema.org","@graph":[{"@type":"Article","@id":"https:\/\/www.iemj.org\/es\/videos-du-concert-de-gala-de-linstitut-europeen-des-musiques-juives-edition-2016\/#article","isPartOf":{"@id":"https:\/\/www.iemj.org\/es\/videos-du-concert-de-gala-de-linstitut-europeen-des-musiques-juives-edition-2016\/"},"author":{"name":"Jacqueline ROTEN","@id":"https:\/\/www.iemj.org\/es\/#\/schema\/person\/358e26c18aca017fcc4cc15437f7279c"},"headline":"Concierto del gala del Instituto Europeo de las M\u00fasicas Jud\u00edas &#8211; Edici\u00f3n del 2016","datePublished":"2016-11-24T15:03:55+00:00","dateModified":"2025-10-01T11:11:45+00:00","mainEntityOfPage":{"@id":"https:\/\/www.iemj.org\/es\/videos-du-concert-de-gala-de-linstitut-europeen-des-musiques-juives-edition-2016\/"},"wordCount":680,"publisher":{"@id":"https:\/\/www.iemj.org\/es\/#organization"},"image":{"@id":"https:\/\/www.iemj.org\/es\/videos-du-concert-de-gala-de-linstitut-europeen-des-musiques-juives-edition-2016\/#primaryimage"},"thumbnailUrl":"https:\/\/www.iemj.org\/wp-content\/uploads\/2016\/11\/arton1956-e1618163590755.jpg","articleSection":["Conciertos"],"inLanguage":"es"},{"@type":"WebPage","@id":"https:\/\/www.iemj.org\/es\/videos-du-concert-de-gala-de-linstitut-europeen-des-musiques-juives-edition-2016\/","url":"https:\/\/www.iemj.org\/es\/videos-du-concert-de-gala-de-linstitut-europeen-des-musiques-juives-edition-2016\/","name":"Concierto del gala del Instituto Europeo de las M\u00fasicas Jud\u00edas - Edici\u00f3n del 2016 - Institut Europ\u00e9en des Musiques Juives","isPartOf":{"@id":"https:\/\/www.iemj.org\/es\/#website"},"primaryImageOfPage":{"@id":"https:\/\/www.iemj.org\/es\/videos-du-concert-de-gala-de-linstitut-europeen-des-musiques-juives-edition-2016\/#primaryimage"},"image":{"@id":"https:\/\/www.iemj.org\/es\/videos-du-concert-de-gala-de-linstitut-europeen-des-musiques-juives-edition-2016\/#primaryimage"},"thumbnailUrl":"https:\/\/www.iemj.org\/wp-content\/uploads\/2016\/11\/arton1956-e1618163590755.jpg","datePublished":"2016-11-24T15:03:55+00:00","dateModified":"2025-10-01T11:11:45+00:00","breadcrumb":{"@id":"https:\/\/www.iemj.org\/es\/videos-du-concert-de-gala-de-linstitut-europeen-des-musiques-juives-edition-2016\/#breadcrumb"},"inLanguage":"es","potentialAction":[{"@type":"ReadAction","target":["https:\/\/www.iemj.org\/es\/videos-du-concert-de-gala-de-linstitut-europeen-des-musiques-juives-edition-2016\/"]}]},{"@type":"ImageObject","inLanguage":"es","@id":"https:\/\/www.iemj.org\/es\/videos-du-concert-de-gala-de-linstitut-europeen-des-musiques-juives-edition-2016\/#primaryimage","url":"https:\/\/www.iemj.org\/wp-content\/uploads\/2016\/11\/arton1956-e1618163590755.jpg","contentUrl":"https:\/\/www.iemj.org\/wp-content\/uploads\/2016\/11\/arton1956-e1618163590755.jpg","width":350,"height":499},{"@type":"BreadcrumbList","@id":"https:\/\/www.iemj.org\/es\/videos-du-concert-de-gala-de-linstitut-europeen-des-musiques-juives-edition-2016\/#breadcrumb","itemListElement":[{"@type":"ListItem","position":1,"name":"Accueil","item":"https:\/\/www.iemj.org\/es\/"},{"@type":"ListItem","position":2,"name":"Concierto del gala del Instituto Europeo de las M\u00fasicas Jud\u00edas &#8211; Edici\u00f3n del 2016"}]},{"@type":"WebSite","@id":"https:\/\/www.iemj.org\/es\/#website","url":"https:\/\/www.iemj.org\/es\/","name":"Institut Europ\u00e9en des Musiques Juives","description":"Des traditions musicales \u00e0 la port\u00e9e de tous","publisher":{"@id":"https:\/\/www.iemj.org\/es\/#organization"},"potentialAction":[{"@type":"SearchAction","target":{"@type":"EntryPoint","urlTemplate":"https:\/\/www.iemj.org\/es\/?s={search_term_string}"},"query-input":{"@type":"PropertyValueSpecification","valueRequired":true,"valueName":"search_term_string"}}],"inLanguage":"es"},{"@type":"Organization","@id":"https:\/\/www.iemj.org\/es\/#organization","name":"Institut Europ\u00e9en des Musiques Juives","url":"https:\/\/www.iemj.org\/es\/","logo":{"@type":"ImageObject","inLanguage":"es","@id":"https:\/\/www.iemj.org\/es\/#\/schema\/logo\/image\/","url":"https:\/\/www.iemj.org\/wp-content\/uploads\/2021\/09\/Logo-IEMJ-Paypal.jpg","contentUrl":"https:\/\/www.iemj.org\/wp-content\/uploads\/2021\/09\/Logo-IEMJ-Paypal.jpg","width":150,"height":50,"caption":"Institut Europ\u00e9en des Musiques Juives"},"image":{"@id":"https:\/\/www.iemj.org\/es\/#\/schema\/logo\/image\/"},"sameAs":["https:\/\/www.facebook.com\/MusiquesJuives\/","https:\/\/www.instagram.com\/musiquesjuives\/","https:\/\/www.youtube.com\/user\/musiquesjuives"]},{"@type":"Person","@id":"https:\/\/www.iemj.org\/es\/#\/schema\/person\/358e26c18aca017fcc4cc15437f7279c","name":"Jacqueline ROTEN","image":{"@type":"ImageObject","inLanguage":"es","@id":"https:\/\/secure.gravatar.com\/avatar\/5964256d6c6957de3a3505278957e0fb2a35119ac47ea41827a65301213c810b?s=96&d=mm&r=g","url":"https:\/\/secure.gravatar.com\/avatar\/5964256d6c6957de3a3505278957e0fb2a35119ac47ea41827a65301213c810b?s=96&d=mm&r=g","contentUrl":"https:\/\/secure.gravatar.com\/avatar\/5964256d6c6957de3a3505278957e0fb2a35119ac47ea41827a65301213c810b?s=96&d=mm&r=g","caption":"Jacqueline ROTEN"}}]}},"_links":{"self":[{"href":"https:\/\/www.iemj.org\/es\/wp-json\/wp\/v2\/posts\/49923","targetHints":{"allow":["GET"]}}],"collection":[{"href":"https:\/\/www.iemj.org\/es\/wp-json\/wp\/v2\/posts"}],"about":[{"href":"https:\/\/www.iemj.org\/es\/wp-json\/wp\/v2\/types\/post"}],"author":[{"embeddable":true,"href":"https:\/\/www.iemj.org\/es\/wp-json\/wp\/v2\/users\/5"}],"replies":[{"embeddable":true,"href":"https:\/\/www.iemj.org\/es\/wp-json\/wp\/v2\/comments?post=49923"}],"version-history":[{"count":1,"href":"https:\/\/www.iemj.org\/es\/wp-json\/wp\/v2\/posts\/49923\/revisions"}],"predecessor-version":[{"id":126244,"href":"https:\/\/www.iemj.org\/es\/wp-json\/wp\/v2\/posts\/49923\/revisions\/126244"}],"wp:featuredmedia":[{"embeddable":true,"href":"https:\/\/www.iemj.org\/es\/wp-json\/wp\/v2\/media\/49924"}],"wp:attachment":[{"href":"https:\/\/www.iemj.org\/es\/wp-json\/wp\/v2\/media?parent=49923"}],"wp:term":[{"taxonomy":"category","embeddable":true,"href":"https:\/\/www.iemj.org\/es\/wp-json\/wp\/v2\/categories?post=49923"},{"taxonomy":"post_tag","embeddable":true,"href":"https:\/\/www.iemj.org\/es\/wp-json\/wp\/v2\/tags?post=49923"},{"taxonomy":"technique","embeddable":true,"href":"https:\/\/www.iemj.org\/es\/wp-json\/wp\/v2\/technique?post=49923"},{"taxonomy":"squelettes","embeddable":true,"href":"https:\/\/www.iemj.org\/es\/wp-json\/wp\/v2\/squelettes?post=49923"},{"taxonomy":"sujet","embeddable":true,"href":"https:\/\/www.iemj.org\/es\/wp-json\/wp\/v2\/sujet?post=49923"},{"taxonomy":"formation","embeddable":true,"href":"https:\/\/www.iemj.org\/es\/wp-json\/wp\/v2\/formation?post=49923"},{"taxonomy":"genre","embeddable":true,"href":"https:\/\/www.iemj.org\/es\/wp-json\/wp\/v2\/genre?post=49923"},{"taxonomy":"fonds","embeddable":true,"href":"https:\/\/www.iemj.org\/es\/wp-json\/wp\/v2\/fonds?post=49923"},{"taxonomy":"tradition","embeddable":true,"href":"https:\/\/www.iemj.org\/es\/wp-json\/wp\/v2\/tradition?post=49923"},{"taxonomy":"type-de-contenu","embeddable":true,"href":"https:\/\/www.iemj.org\/es\/wp-json\/wp\/v2\/type-de-contenu?post=49923"},{"taxonomy":"interprete-compositeur","embeddable":true,"href":"https:\/\/www.iemj.org\/es\/wp-json\/wp\/v2\/interprete-compositeur?post=49923"},{"taxonomy":"frise","embeddable":true,"href":"https:\/\/www.iemj.org\/es\/wp-json\/wp\/v2\/frise?post=49923"},{"taxonomy":"type-devenement","embeddable":true,"href":"https:\/\/www.iemj.org\/es\/wp-json\/wp\/v2\/type-devenement?post=49923"},{"taxonomy":"tableaux-liens-externes","embeddable":true,"href":"https:\/\/www.iemj.org\/es\/wp-json\/wp\/v2\/tableaux-liens-externes?post=49923"}],"curies":[{"name":"wp","href":"https:\/\/api.w.org\/{rel}","templated":true}]}}