{"id":50892,"date":"2017-03-01T12:49:45","date_gmt":"2017-03-01T11:49:45","guid":{"rendered":"https:\/\/www.iemj.org\/du-salon-au-front-fernand-halphen-1872-1917-compositeur-mecene-et-chef-de-musique-militaire\/"},"modified":"2023-09-13T14:41:36","modified_gmt":"2023-09-13T12:41:36","slug":"du-salon-au-front-fernand-halphen-1872-1917-compositeur-mecene-et-chef-de-musique-militaire","status":"publish","type":"post","link":"https:\/\/www.iemj.org\/es\/du-salon-au-front-fernand-halphen-1872-1917-compositeur-mecene-et-chef-de-musique-militaire\/","title":{"rendered":"Del sal\u00f3n al frente : Fernand Halphen (1872-1917), compositor, mecenas y director de m\u00fasica militar"},"content":{"rendered":"<p>Una obra colectiva publicada en abril de 2017, bajo la direcci\u00f3n de Laure Schnapper, con la colaboraci\u00f3n de Pierre-Andr\u00e9 Meyer &#8211; Prefacio de Herv\u00e9 Roten, publicado bajo la \u00e9gida del EHESS, del IEMJ y de la asociaci\u00f3n Yuval, en las Ediciones Hermann, durante el centenario del fallecimiento de Fernand Halphen (1872-1917) compositor y mecenas muerto por Francia en 1917.<\/p>\n<p><!--more--><\/p>\n<p>Hace 100 a\u00f1os <a href=\"https:\/\/www.iemj.org\/halphen-fernand-1872-1917\/\">Fernand Halphen<\/a> muri\u00f3 de una enfermedad contra\u00edda en el frente. Nada predestinaba este hijo de una familia rica israelita parisina a crear y dirigir durante dos a\u00f1os y medio el orquesta oficial de los ej\u00e9rcitos del norte; las melod\u00edas y la m\u00fasica de c\u00e1mara que ha compuesto reflejan el \u00e1mbito cuidado de los salones de la 3\u00aa Rep\u00fablica, edad de oro de la melod\u00eda francesa.<\/p>\n<p>El rico fondo de archivos que hab\u00eda juntado permite recordar con precisi\u00f3n el recorrido de un compositor franc\u00e9s durante una \u00e9poca dirigida por la moda wagneriana y el Caso Dreyfus. Allegado a G. Faur\u00e9 y alumno al conservatorio, d\u00f3nde frecuenta R. Hahn, H. B\u00fcsser, A. Cortot, Ch. Koechlin y E. Risler, antes de obtener el 2\u00ba. Premio de Roma, ayud\u00f3 financieramente los m\u00fasicos durante toda su vida e incluso m\u00e1s all\u00e1, al prever un importante legado a favor de los alumnos del conservatorio, instituido y apoyado por su viuda Alice.<\/p>\n<h3><a href=\"https:\/\/www.iemj.org\/en\/product\/du-salon-au-front-fernand-halphen-1872-1917\/\" target=\"_blank\" rel=\"noopener\"><strong>Pedir el libro online en la tienda del IEMJ<\/strong><\/a><\/h3>\n<p>&#8212;&#8212;&#8212;&#8212;&#8212;&#8212;&#8212;&#8212;&#8212;&#8212;<\/p>\n<h3>Tabla de contenido<\/h3>\n<p style=\"text-align: left;\">Prefacio de Herv\u00e9 Roten<\/p>\n<p style=\"text-align: left;\">Introducci\u00f3n y agradecimiento de Laure Schnapper<\/p>\n<p>Parte 1: Una familia de la \u00e9lite jud\u00eda parisina<br \/>\n&#8211; Pierre-Andr\u00e9 Meyer, <em>El ascenso de una familia israelita: en torno a Georges Halphen y Henriette Stern, los padres<\/em><br \/>\n&#8211; Basile Baudez, <em>Las residencias de Fernand Halphen<\/em><\/p>\n<p>Parte 2: Los a\u00f1os de formaci\u00f3n y las relaciones con los m\u00fasicos<br \/>\n&#8211; Laure Schnapper, <em>La clase de composici\u00f3n en el Conservatorio y la amistad con Faur\u00e9<\/em><br \/>\n&#8211; Jean-Christophe Branger y Philippe Blay, <em>En torno a Massenet: Fernand Halphen, Reynaldo Hahn y Edouard Risler<\/em><\/p>\n<p>Parte 3: El trabajo<br \/>\n&#8211; Fran\u00e7ois Le Roux, <em>Las melod\u00edas: el punto de vista de un int\u00e9rprete<\/em><br \/>\n&#8211; Alexis Galp\u00e9rine, <em>Halphen o un hipot\u00e9tico viol\u00edn jud\u00edo franc\u00e9s<\/em><br \/>\n&#8211; St\u00e9phanie Moraly, <em>M\u00fasica de C\u00e1mara<\/em><\/p>\n<p>Parte 4: La Gran Guerra<br \/>\n&#8211; Laure Schnapper, <em>Jefa de M\u00fasica del 13\u00ba Regimiento Territorial de Infanter\u00eda<\/em><\/p>\n<h3>&#8212;&#8212;&#8212;&#8212;&#8212;&#8212;&#8212;&#8212;&#8212;<\/h3>\n<h3>Pressbook (en franc\u00e9s):<\/h3>\n<p><em><a href=\"https:\/\/www.nonfiction.fr\/article-8958-un_muscien_dans_la_grande_guerre.htm\">Un musicien dans la grande Guerre<\/a>,<\/em> article de St\u00e9phane Leteur\u00e9<\/p>\n<p><a href=\"https:\/\/www.europalibera.org\/a\/agenda-culturala-george-enescu-si-fernand-halphen-victor-eskenasy\/29046907.html\">Article de Victor Eskenasy<\/a> sur Radio Europa Libera du 20 f\u00e9vrier 2018<\/p>\n<p><a href=\"https:\/\/www.iemj.org\/IMG\/pdf\/f._halphen_clot_l_annee_de_l_iemj_-_actualite_juive_no1461_-_4_janvier_2018.pdf\">F. Halphen cl\u00f4t l&#8217;ann\u00e9e de l&#8217;IEMJ<\/a> &#8211; Actualit\u00e9 Juive N\u00b01461 &#8211; 4 janvier 2018 &#8211; article de Monique Feldstein<\/p>\n<p><a href=\"https:\/\/www.rncm.ac.uk\/fr\/paris-manchester-1918\/musiciens-au-front-musiciens-larriere\/fernand-halphen\/\">Article paru dans le cadre de l\u2019exposition virtuelle <strong>Paris-Manchester 1918<\/strong><\/a> propos\u00e9e par le Conservatoire de Paris et le Royal College de Manchester.<\/p>\n<p><a href=\"https:\/\/www.iemj.org\/IMG\/pdf\/f_halphen_recension_genealo-j_no131_automne_2017.pdf\">Recension G\u00e9n\u00e9aloJ n\u00b0 131<\/a><\/p>\n<p><a href=\"https:\/\/www.iemj.org\/IMG\/pdf\/article_gaussin_la_lettre_du_musicien_no493_mai_2017.pdf\">Article de Fr\u00e9d\u00e9ric Gaussin<\/a>, La lettre du Musicien n\u00b0493<\/p>\n<p><a href=\"https:\/\/www.iemj.org\/wp-content\/uploads\/2017\/03\/cr-halphen_par_joel-marie_fauquet_-_revue_de_musicologie_tome_105_-_2019_no1.pdf\">Compte rendu Fernand Halphen par Jo\u00ebl-Marie Fauquet &#8211; Revue de Musicologie Tome 105 &#8211; 2019 n\u00b01<\/a><\/p>\n","protected":false},"excerpt":{"rendered":"<p>Una obra colectiva publicada en abril de 2017, bajo la direcci\u00f3n de Laure Schnapper, con la colaboraci\u00f3n de Pierre-Andr\u00e9 Meyer &#8211; Prefacio de Herv\u00e9 Roten, publicado bajo la \u00e9gida del<\/p>\n","protected":false},"author":5,"featured_media":114584,"comment_status":"closed","ping_status":"open","sticky":false,"template":"","format":"standard","meta":{"_acf_changed":false,"footnotes":""},"categories":[1402],"tags":[],"technique":[],"squelettes":[],"sujet":[],"formation":[],"genre":[],"fonds":[],"tradition":[],"type-de-contenu":[],"interprete-compositeur":[3166],"frise":[],"type-devenement":[],"tableaux-liens-externes":[],"class_list":["post-50892","post","type-post","status-publish","format-standard","has-post-thumbnail","hentry","category-libros-iemj-es","interprete-compositeur-fernand-halphen-es"],"acf":[],"yoast_head":"<!-- This site is optimized with the Yoast SEO plugin v27.3 - https:\/\/yoast.com\/product\/yoast-seo-wordpress\/ -->\n<title>Del sal\u00f3n al frente : Fernand Halphen (1872-1917), compositor, mecenas y director de m\u00fasica militar - Institut Europ\u00e9en des Musiques Juives<\/title>\n<meta name=\"robots\" content=\"index, follow, max-snippet:-1, max-image-preview:large, max-video-preview:-1\" \/>\n<link rel=\"canonical\" href=\"https:\/\/www.iemj.org\/es\/du-salon-au-front-fernand-halphen-1872-1917-compositeur-mecene-et-chef-de-musique-militaire\/\" \/>\n<meta property=\"og:locale\" content=\"es_ES\" \/>\n<meta property=\"og:type\" content=\"article\" \/>\n<meta property=\"og:title\" content=\"Del sal\u00f3n al frente : Fernand Halphen (1872-1917), compositor, mecenas y director de m\u00fasica militar - Institut Europ\u00e9en des Musiques Juives\" \/>\n<meta property=\"og:description\" content=\"Una obra colectiva publicada en abril de 2017, bajo la direcci\u00f3n de Laure Schnapper, con la colaboraci\u00f3n de Pierre-Andr\u00e9 Meyer &#8211; Prefacio de Herv\u00e9 Roten, publicado bajo la \u00e9gida del\" \/>\n<meta property=\"og:url\" content=\"https:\/\/www.iemj.org\/es\/du-salon-au-front-fernand-halphen-1872-1917-compositeur-mecene-et-chef-de-musique-militaire\/\" \/>\n<meta property=\"og:site_name\" content=\"Institut Europ\u00e9en des Musiques Juives\" \/>\n<meta property=\"article:publisher\" content=\"https:\/\/www.facebook.com\/MusiquesJuives\/\" \/>\n<meta property=\"article:published_time\" content=\"2017-03-01T11:49:45+00:00\" \/>\n<meta property=\"article:modified_time\" content=\"2023-09-13T12:41:36+00:00\" \/>\n<meta property=\"og:image\" content=\"https:\/\/www.iemj.org\/wp-content\/uploads\/2017\/03\/Logo-Livre-du-Salon-au-front_Halphen.jpg\" \/>\n\t<meta property=\"og:image:width\" content=\"500\" \/>\n\t<meta property=\"og:image:height\" content=\"500\" \/>\n\t<meta property=\"og:image:type\" content=\"image\/jpeg\" \/>\n<meta name=\"author\" content=\"Jacqueline ROTEN\" \/>\n<meta name=\"twitter:card\" content=\"summary_large_image\" \/>\n<meta name=\"twitter:label1\" content=\"Escrito por\" \/>\n\t<meta name=\"twitter:data1\" content=\"Jacqueline ROTEN\" \/>\n\t<meta name=\"twitter:label2\" content=\"Tiempo de lectura\" \/>\n\t<meta name=\"twitter:data2\" content=\"3 minutos\" \/>\n<script type=\"application\/ld+json\" class=\"yoast-schema-graph\">{\"@context\":\"https:\\\/\\\/schema.org\",\"@graph\":[{\"@type\":\"Article\",\"@id\":\"https:\\\/\\\/www.iemj.org\\\/es\\\/du-salon-au-front-fernand-halphen-1872-1917-compositeur-mecene-et-chef-de-musique-militaire\\\/#article\",\"isPartOf\":{\"@id\":\"https:\\\/\\\/www.iemj.org\\\/es\\\/du-salon-au-front-fernand-halphen-1872-1917-compositeur-mecene-et-chef-de-musique-militaire\\\/\"},\"author\":{\"name\":\"Jacqueline ROTEN\",\"@id\":\"https:\\\/\\\/www.iemj.org\\\/es\\\/#\\\/schema\\\/person\\\/358e26c18aca017fcc4cc15437f7279c\"},\"headline\":\"Del sal\u00f3n al frente : Fernand Halphen (1872-1917), compositor, mecenas y director de m\u00fasica militar\",\"datePublished\":\"2017-03-01T11:49:45+00:00\",\"dateModified\":\"2023-09-13T12:41:36+00:00\",\"mainEntityOfPage\":{\"@id\":\"https:\\\/\\\/www.iemj.org\\\/es\\\/du-salon-au-front-fernand-halphen-1872-1917-compositeur-mecene-et-chef-de-musique-militaire\\\/\"},\"wordCount\":516,\"publisher\":{\"@id\":\"https:\\\/\\\/www.iemj.org\\\/es\\\/#organization\"},\"image\":{\"@id\":\"https:\\\/\\\/www.iemj.org\\\/es\\\/du-salon-au-front-fernand-halphen-1872-1917-compositeur-mecene-et-chef-de-musique-militaire\\\/#primaryimage\"},\"thumbnailUrl\":\"https:\\\/\\\/www.iemj.org\\\/wp-content\\\/uploads\\\/2017\\\/03\\\/Logo-Livre-du-Salon-au-front_Halphen.jpg\",\"articleSection\":[\"Libros IEMJ\"],\"inLanguage\":\"es\"},{\"@type\":\"WebPage\",\"@id\":\"https:\\\/\\\/www.iemj.org\\\/es\\\/du-salon-au-front-fernand-halphen-1872-1917-compositeur-mecene-et-chef-de-musique-militaire\\\/\",\"url\":\"https:\\\/\\\/www.iemj.org\\\/es\\\/du-salon-au-front-fernand-halphen-1872-1917-compositeur-mecene-et-chef-de-musique-militaire\\\/\",\"name\":\"Del sal\u00f3n al frente : Fernand Halphen (1872-1917), compositor, mecenas y director de m\u00fasica militar - Institut Europ\u00e9en des Musiques Juives\",\"isPartOf\":{\"@id\":\"https:\\\/\\\/www.iemj.org\\\/es\\\/#website\"},\"primaryImageOfPage\":{\"@id\":\"https:\\\/\\\/www.iemj.org\\\/es\\\/du-salon-au-front-fernand-halphen-1872-1917-compositeur-mecene-et-chef-de-musique-militaire\\\/#primaryimage\"},\"image\":{\"@id\":\"https:\\\/\\\/www.iemj.org\\\/es\\\/du-salon-au-front-fernand-halphen-1872-1917-compositeur-mecene-et-chef-de-musique-militaire\\\/#primaryimage\"},\"thumbnailUrl\":\"https:\\\/\\\/www.iemj.org\\\/wp-content\\\/uploads\\\/2017\\\/03\\\/Logo-Livre-du-Salon-au-front_Halphen.jpg\",\"datePublished\":\"2017-03-01T11:49:45+00:00\",\"dateModified\":\"2023-09-13T12:41:36+00:00\",\"breadcrumb\":{\"@id\":\"https:\\\/\\\/www.iemj.org\\\/es\\\/du-salon-au-front-fernand-halphen-1872-1917-compositeur-mecene-et-chef-de-musique-militaire\\\/#breadcrumb\"},\"inLanguage\":\"es\",\"potentialAction\":[{\"@type\":\"ReadAction\",\"target\":[\"https:\\\/\\\/www.iemj.org\\\/es\\\/du-salon-au-front-fernand-halphen-1872-1917-compositeur-mecene-et-chef-de-musique-militaire\\\/\"]}]},{\"@type\":\"ImageObject\",\"inLanguage\":\"es\",\"@id\":\"https:\\\/\\\/www.iemj.org\\\/es\\\/du-salon-au-front-fernand-halphen-1872-1917-compositeur-mecene-et-chef-de-musique-militaire\\\/#primaryimage\",\"url\":\"https:\\\/\\\/www.iemj.org\\\/wp-content\\\/uploads\\\/2017\\\/03\\\/Logo-Livre-du-Salon-au-front_Halphen.jpg\",\"contentUrl\":\"https:\\\/\\\/www.iemj.org\\\/wp-content\\\/uploads\\\/2017\\\/03\\\/Logo-Livre-du-Salon-au-front_Halphen.jpg\",\"width\":500,\"height\":500},{\"@type\":\"BreadcrumbList\",\"@id\":\"https:\\\/\\\/www.iemj.org\\\/es\\\/du-salon-au-front-fernand-halphen-1872-1917-compositeur-mecene-et-chef-de-musique-militaire\\\/#breadcrumb\",\"itemListElement\":[{\"@type\":\"ListItem\",\"position\":1,\"name\":\"Accueil\",\"item\":\"https:\\\/\\\/www.iemj.org\\\/es\\\/\"},{\"@type\":\"ListItem\",\"position\":2,\"name\":\"Del sal\u00f3n al frente : Fernand Halphen (1872-1917), compositor, mecenas y director de m\u00fasica militar\"}]},{\"@type\":\"WebSite\",\"@id\":\"https:\\\/\\\/www.iemj.org\\\/es\\\/#website\",\"url\":\"https:\\\/\\\/www.iemj.org\\\/es\\\/\",\"name\":\"Institut Europ\u00e9en des Musiques Juives\",\"description\":\"Des traditions musicales \u00e0 la port\u00e9e de tous\",\"publisher\":{\"@id\":\"https:\\\/\\\/www.iemj.org\\\/es\\\/#organization\"},\"potentialAction\":[{\"@type\":\"SearchAction\",\"target\":{\"@type\":\"EntryPoint\",\"urlTemplate\":\"https:\\\/\\\/www.iemj.org\\\/es\\\/?s={search_term_string}\"},\"query-input\":{\"@type\":\"PropertyValueSpecification\",\"valueRequired\":true,\"valueName\":\"search_term_string\"}}],\"inLanguage\":\"es\"},{\"@type\":\"Organization\",\"@id\":\"https:\\\/\\\/www.iemj.org\\\/es\\\/#organization\",\"name\":\"Institut Europ\u00e9en des Musiques Juives\",\"url\":\"https:\\\/\\\/www.iemj.org\\\/es\\\/\",\"logo\":{\"@type\":\"ImageObject\",\"inLanguage\":\"es\",\"@id\":\"https:\\\/\\\/www.iemj.org\\\/es\\\/#\\\/schema\\\/logo\\\/image\\\/\",\"url\":\"https:\\\/\\\/www.iemj.org\\\/wp-content\\\/uploads\\\/2021\\\/09\\\/Logo-IEMJ-Paypal.jpg\",\"contentUrl\":\"https:\\\/\\\/www.iemj.org\\\/wp-content\\\/uploads\\\/2021\\\/09\\\/Logo-IEMJ-Paypal.jpg\",\"width\":150,\"height\":50,\"caption\":\"Institut Europ\u00e9en des Musiques Juives\"},\"image\":{\"@id\":\"https:\\\/\\\/www.iemj.org\\\/es\\\/#\\\/schema\\\/logo\\\/image\\\/\"},\"sameAs\":[\"https:\\\/\\\/www.facebook.com\\\/MusiquesJuives\\\/\",\"https:\\\/\\\/www.instagram.com\\\/musiquesjuives\\\/\",\"https:\\\/\\\/www.youtube.com\\\/user\\\/musiquesjuives\"]},{\"@type\":\"Person\",\"@id\":\"https:\\\/\\\/www.iemj.org\\\/es\\\/#\\\/schema\\\/person\\\/358e26c18aca017fcc4cc15437f7279c\",\"name\":\"Jacqueline ROTEN\",\"image\":{\"@type\":\"ImageObject\",\"inLanguage\":\"es\",\"@id\":\"https:\\\/\\\/secure.gravatar.com\\\/avatar\\\/5964256d6c6957de3a3505278957e0fb2a35119ac47ea41827a65301213c810b?s=96&d=mm&r=g\",\"url\":\"https:\\\/\\\/secure.gravatar.com\\\/avatar\\\/5964256d6c6957de3a3505278957e0fb2a35119ac47ea41827a65301213c810b?s=96&d=mm&r=g\",\"contentUrl\":\"https:\\\/\\\/secure.gravatar.com\\\/avatar\\\/5964256d6c6957de3a3505278957e0fb2a35119ac47ea41827a65301213c810b?s=96&d=mm&r=g\",\"caption\":\"Jacqueline ROTEN\"}}]}<\/script>\n<!-- \/ Yoast SEO plugin. -->","yoast_head_json":{"title":"Del sal\u00f3n al frente : Fernand Halphen (1872-1917), compositor, mecenas y director de m\u00fasica militar - Institut Europ\u00e9en des Musiques Juives","robots":{"index":"index","follow":"follow","max-snippet":"max-snippet:-1","max-image-preview":"max-image-preview:large","max-video-preview":"max-video-preview:-1"},"canonical":"https:\/\/www.iemj.org\/es\/du-salon-au-front-fernand-halphen-1872-1917-compositeur-mecene-et-chef-de-musique-militaire\/","og_locale":"es_ES","og_type":"article","og_title":"Del sal\u00f3n al frente : Fernand Halphen (1872-1917), compositor, mecenas y director de m\u00fasica militar - Institut Europ\u00e9en des Musiques Juives","og_description":"Una obra colectiva publicada en abril de 2017, bajo la direcci\u00f3n de Laure Schnapper, con la colaboraci\u00f3n de Pierre-Andr\u00e9 Meyer &#8211; Prefacio de Herv\u00e9 Roten, publicado bajo la \u00e9gida del","og_url":"https:\/\/www.iemj.org\/es\/du-salon-au-front-fernand-halphen-1872-1917-compositeur-mecene-et-chef-de-musique-militaire\/","og_site_name":"Institut Europ\u00e9en des Musiques Juives","article_publisher":"https:\/\/www.facebook.com\/MusiquesJuives\/","article_published_time":"2017-03-01T11:49:45+00:00","article_modified_time":"2023-09-13T12:41:36+00:00","og_image":[{"width":500,"height":500,"url":"https:\/\/www.iemj.org\/wp-content\/uploads\/2017\/03\/Logo-Livre-du-Salon-au-front_Halphen.jpg","type":"image\/jpeg"}],"author":"Jacqueline ROTEN","twitter_card":"summary_large_image","twitter_misc":{"Escrito por":"Jacqueline ROTEN","Tiempo de lectura":"3 minutos"},"schema":{"@context":"https:\/\/schema.org","@graph":[{"@type":"Article","@id":"https:\/\/www.iemj.org\/es\/du-salon-au-front-fernand-halphen-1872-1917-compositeur-mecene-et-chef-de-musique-militaire\/#article","isPartOf":{"@id":"https:\/\/www.iemj.org\/es\/du-salon-au-front-fernand-halphen-1872-1917-compositeur-mecene-et-chef-de-musique-militaire\/"},"author":{"name":"Jacqueline ROTEN","@id":"https:\/\/www.iemj.org\/es\/#\/schema\/person\/358e26c18aca017fcc4cc15437f7279c"},"headline":"Del sal\u00f3n al frente : Fernand Halphen (1872-1917), compositor, mecenas y director de m\u00fasica militar","datePublished":"2017-03-01T11:49:45+00:00","dateModified":"2023-09-13T12:41:36+00:00","mainEntityOfPage":{"@id":"https:\/\/www.iemj.org\/es\/du-salon-au-front-fernand-halphen-1872-1917-compositeur-mecene-et-chef-de-musique-militaire\/"},"wordCount":516,"publisher":{"@id":"https:\/\/www.iemj.org\/es\/#organization"},"image":{"@id":"https:\/\/www.iemj.org\/es\/du-salon-au-front-fernand-halphen-1872-1917-compositeur-mecene-et-chef-de-musique-militaire\/#primaryimage"},"thumbnailUrl":"https:\/\/www.iemj.org\/wp-content\/uploads\/2017\/03\/Logo-Livre-du-Salon-au-front_Halphen.jpg","articleSection":["Libros IEMJ"],"inLanguage":"es"},{"@type":"WebPage","@id":"https:\/\/www.iemj.org\/es\/du-salon-au-front-fernand-halphen-1872-1917-compositeur-mecene-et-chef-de-musique-militaire\/","url":"https:\/\/www.iemj.org\/es\/du-salon-au-front-fernand-halphen-1872-1917-compositeur-mecene-et-chef-de-musique-militaire\/","name":"Del sal\u00f3n al frente : Fernand Halphen (1872-1917), compositor, mecenas y director de m\u00fasica militar - Institut Europ\u00e9en des Musiques Juives","isPartOf":{"@id":"https:\/\/www.iemj.org\/es\/#website"},"primaryImageOfPage":{"@id":"https:\/\/www.iemj.org\/es\/du-salon-au-front-fernand-halphen-1872-1917-compositeur-mecene-et-chef-de-musique-militaire\/#primaryimage"},"image":{"@id":"https:\/\/www.iemj.org\/es\/du-salon-au-front-fernand-halphen-1872-1917-compositeur-mecene-et-chef-de-musique-militaire\/#primaryimage"},"thumbnailUrl":"https:\/\/www.iemj.org\/wp-content\/uploads\/2017\/03\/Logo-Livre-du-Salon-au-front_Halphen.jpg","datePublished":"2017-03-01T11:49:45+00:00","dateModified":"2023-09-13T12:41:36+00:00","breadcrumb":{"@id":"https:\/\/www.iemj.org\/es\/du-salon-au-front-fernand-halphen-1872-1917-compositeur-mecene-et-chef-de-musique-militaire\/#breadcrumb"},"inLanguage":"es","potentialAction":[{"@type":"ReadAction","target":["https:\/\/www.iemj.org\/es\/du-salon-au-front-fernand-halphen-1872-1917-compositeur-mecene-et-chef-de-musique-militaire\/"]}]},{"@type":"ImageObject","inLanguage":"es","@id":"https:\/\/www.iemj.org\/es\/du-salon-au-front-fernand-halphen-1872-1917-compositeur-mecene-et-chef-de-musique-militaire\/#primaryimage","url":"https:\/\/www.iemj.org\/wp-content\/uploads\/2017\/03\/Logo-Livre-du-Salon-au-front_Halphen.jpg","contentUrl":"https:\/\/www.iemj.org\/wp-content\/uploads\/2017\/03\/Logo-Livre-du-Salon-au-front_Halphen.jpg","width":500,"height":500},{"@type":"BreadcrumbList","@id":"https:\/\/www.iemj.org\/es\/du-salon-au-front-fernand-halphen-1872-1917-compositeur-mecene-et-chef-de-musique-militaire\/#breadcrumb","itemListElement":[{"@type":"ListItem","position":1,"name":"Accueil","item":"https:\/\/www.iemj.org\/es\/"},{"@type":"ListItem","position":2,"name":"Del sal\u00f3n al frente : Fernand Halphen (1872-1917), compositor, mecenas y director de m\u00fasica militar"}]},{"@type":"WebSite","@id":"https:\/\/www.iemj.org\/es\/#website","url":"https:\/\/www.iemj.org\/es\/","name":"Institut Europ\u00e9en des Musiques Juives","description":"Des traditions musicales \u00e0 la port\u00e9e de tous","publisher":{"@id":"https:\/\/www.iemj.org\/es\/#organization"},"potentialAction":[{"@type":"SearchAction","target":{"@type":"EntryPoint","urlTemplate":"https:\/\/www.iemj.org\/es\/?s={search_term_string}"},"query-input":{"@type":"PropertyValueSpecification","valueRequired":true,"valueName":"search_term_string"}}],"inLanguage":"es"},{"@type":"Organization","@id":"https:\/\/www.iemj.org\/es\/#organization","name":"Institut Europ\u00e9en des Musiques Juives","url":"https:\/\/www.iemj.org\/es\/","logo":{"@type":"ImageObject","inLanguage":"es","@id":"https:\/\/www.iemj.org\/es\/#\/schema\/logo\/image\/","url":"https:\/\/www.iemj.org\/wp-content\/uploads\/2021\/09\/Logo-IEMJ-Paypal.jpg","contentUrl":"https:\/\/www.iemj.org\/wp-content\/uploads\/2021\/09\/Logo-IEMJ-Paypal.jpg","width":150,"height":50,"caption":"Institut Europ\u00e9en des Musiques Juives"},"image":{"@id":"https:\/\/www.iemj.org\/es\/#\/schema\/logo\/image\/"},"sameAs":["https:\/\/www.facebook.com\/MusiquesJuives\/","https:\/\/www.instagram.com\/musiquesjuives\/","https:\/\/www.youtube.com\/user\/musiquesjuives"]},{"@type":"Person","@id":"https:\/\/www.iemj.org\/es\/#\/schema\/person\/358e26c18aca017fcc4cc15437f7279c","name":"Jacqueline ROTEN","image":{"@type":"ImageObject","inLanguage":"es","@id":"https:\/\/secure.gravatar.com\/avatar\/5964256d6c6957de3a3505278957e0fb2a35119ac47ea41827a65301213c810b?s=96&d=mm&r=g","url":"https:\/\/secure.gravatar.com\/avatar\/5964256d6c6957de3a3505278957e0fb2a35119ac47ea41827a65301213c810b?s=96&d=mm&r=g","contentUrl":"https:\/\/secure.gravatar.com\/avatar\/5964256d6c6957de3a3505278957e0fb2a35119ac47ea41827a65301213c810b?s=96&d=mm&r=g","caption":"Jacqueline ROTEN"}}]}},"_links":{"self":[{"href":"https:\/\/www.iemj.org\/es\/wp-json\/wp\/v2\/posts\/50892","targetHints":{"allow":["GET"]}}],"collection":[{"href":"https:\/\/www.iemj.org\/es\/wp-json\/wp\/v2\/posts"}],"about":[{"href":"https:\/\/www.iemj.org\/es\/wp-json\/wp\/v2\/types\/post"}],"author":[{"embeddable":true,"href":"https:\/\/www.iemj.org\/es\/wp-json\/wp\/v2\/users\/5"}],"replies":[{"embeddable":true,"href":"https:\/\/www.iemj.org\/es\/wp-json\/wp\/v2\/comments?post=50892"}],"version-history":[{"count":0,"href":"https:\/\/www.iemj.org\/es\/wp-json\/wp\/v2\/posts\/50892\/revisions"}],"wp:featuredmedia":[{"embeddable":true,"href":"https:\/\/www.iemj.org\/es\/wp-json\/wp\/v2\/media\/114584"}],"wp:attachment":[{"href":"https:\/\/www.iemj.org\/es\/wp-json\/wp\/v2\/media?parent=50892"}],"wp:term":[{"taxonomy":"category","embeddable":true,"href":"https:\/\/www.iemj.org\/es\/wp-json\/wp\/v2\/categories?post=50892"},{"taxonomy":"post_tag","embeddable":true,"href":"https:\/\/www.iemj.org\/es\/wp-json\/wp\/v2\/tags?post=50892"},{"taxonomy":"technique","embeddable":true,"href":"https:\/\/www.iemj.org\/es\/wp-json\/wp\/v2\/technique?post=50892"},{"taxonomy":"squelettes","embeddable":true,"href":"https:\/\/www.iemj.org\/es\/wp-json\/wp\/v2\/squelettes?post=50892"},{"taxonomy":"sujet","embeddable":true,"href":"https:\/\/www.iemj.org\/es\/wp-json\/wp\/v2\/sujet?post=50892"},{"taxonomy":"formation","embeddable":true,"href":"https:\/\/www.iemj.org\/es\/wp-json\/wp\/v2\/formation?post=50892"},{"taxonomy":"genre","embeddable":true,"href":"https:\/\/www.iemj.org\/es\/wp-json\/wp\/v2\/genre?post=50892"},{"taxonomy":"fonds","embeddable":true,"href":"https:\/\/www.iemj.org\/es\/wp-json\/wp\/v2\/fonds?post=50892"},{"taxonomy":"tradition","embeddable":true,"href":"https:\/\/www.iemj.org\/es\/wp-json\/wp\/v2\/tradition?post=50892"},{"taxonomy":"type-de-contenu","embeddable":true,"href":"https:\/\/www.iemj.org\/es\/wp-json\/wp\/v2\/type-de-contenu?post=50892"},{"taxonomy":"interprete-compositeur","embeddable":true,"href":"https:\/\/www.iemj.org\/es\/wp-json\/wp\/v2\/interprete-compositeur?post=50892"},{"taxonomy":"frise","embeddable":true,"href":"https:\/\/www.iemj.org\/es\/wp-json\/wp\/v2\/frise?post=50892"},{"taxonomy":"type-devenement","embeddable":true,"href":"https:\/\/www.iemj.org\/es\/wp-json\/wp\/v2\/type-devenement?post=50892"},{"taxonomy":"tableaux-liens-externes","embeddable":true,"href":"https:\/\/www.iemj.org\/es\/wp-json\/wp\/v2\/tableaux-liens-externes?post=50892"}],"curies":[{"name":"wp","href":"https:\/\/api.w.org\/{rel}","templated":true}]}}