{"id":50938,"date":"2010-03-11T15:41:37","date_gmt":"2010-03-11T14:41:37","guid":{"rendered":"https:\/\/www.iemj.org\/les-traditions-musicales-judeo-portugaises-en-france\/"},"modified":"2022-02-23T17:31:51","modified_gmt":"2022-02-23T16:31:51","slug":"les-traditions-musicales-judeo-portugaises-en-france","status":"publish","type":"post","link":"https:\/\/www.iemj.org\/es\/les-traditions-musicales-judeo-portugaises-en-france\/","title":{"rendered":"Las tradiciones musicales Judeo-Portugueses en Francia"},"content":{"rendered":"<p><!--more--><\/p>\n<p>En la primer mitad del siglo XVI, muchas familias de marranos portuguesos, huyendo las persecuciones de la Inquisici\u00f3n, se instalan en Burdeos, y despu\u00e9s en la regi\u00f3n de Bayona. Considerados como \u00abnuevos cristianos\u00bb, practican clandestinamente el juda\u00edsmo hasta el reconocimiento oficial de su religi\u00f3n en 1790.<\/p>\n<p>Estas antiguas naciones portuguesas del sudoeste de Francia ya es objeto de numerosas investigaciones hist\u00f3ricas. Pero sus tradiciones musicales no han sido estudiados nunca de manera exhaustiva. La presente obra desea llenar esta laguna.<\/p>\n<p>Durante casi doscientos a\u00f1os, las comunidades jud\u00edas de Burdeos y de Bayona han desarrollado une actividad musical intensa. Los diez selecciones de partituras y las numerosas grabaciones existiendo a la fecha son pruebas de esto. Estas fuentes, de una extensi\u00f3n sin precedente en el \u00e1mbito de las m\u00fasicas jud\u00edas, ofrecen una visi\u00f3n a la vez diacr\u00f3nica y sincr\u00f3nica de las tradiciones musicales judeo-Portugu\u00e9sas en Francia.<\/p>\n<p>Contratado en un trabajo de investigaci\u00f3n doctoral, Herv\u00e9 Roten ha estudiado durante siete a\u00f1os la m\u00fasica de las comunidades judeo-Portugu\u00e9sas desde todos los \u00e1ngulos. Ha sacado valiosos informaciones cuyo el libro nos revela la sustancial m\u00e9dula de esta experiencia.<\/p>\n<p><em><strong>Herv\u00e9 ROTEN<\/strong> es etnomusic\u00f3logo, doctor en musicolog\u00eda de la universidad Par\u00eds IV Sorbonne, director del Instituto Europeo de las M\u00fasicas Jud\u00edas y autor de numerosos art\u00edculos, libros, y discos tratando de los diversos aspectos de las tradiciones musicales jud\u00edas en Francia y en el mundo.<\/em><\/p>\n<h2><a href=\"https:\/\/www.iemj.org\/en\/product\/les-traditions-musicales-judeo-portugaises-en-france-h-roten\/\" target=\"_blank\" rel=\"noopener\">Comprar el libro en la tienda del IEMJ<\/a><\/h2>\n","protected":false},"excerpt":{"rendered":"","protected":false},"author":1045,"featured_media":37261,"comment_status":"closed","ping_status":"open","sticky":false,"template":"","format":"standard","meta":{"_acf_changed":false,"footnotes":""},"categories":[1402,1391],"tags":[],"technique":[],"squelettes":[],"sujet":[1824],"formation":[],"genre":[],"fonds":[],"tradition":[1973],"type-de-contenu":[],"interprete-compositeur":[],"frise":[],"type-devenement":[],"tableaux-liens-externes":[],"class_list":["post-50938","post","type-post","status-publish","format-standard","has-post-thumbnail","hentry","category-libros-iemj-es","category-publicaciones-es","sujet-francia-es","tradition-rito-judeo-portugues-es"],"acf":[],"yoast_head":"<!-- This site is optimized with the Yoast SEO plugin v27.3 - https:\/\/yoast.com\/product\/yoast-seo-wordpress\/ -->\n<title>Las tradiciones musicales Judeo-Portugueses en Francia - Institut Europ\u00e9en des Musiques Juives<\/title>\n<meta name=\"robots\" content=\"index, follow, max-snippet:-1, max-image-preview:large, max-video-preview:-1\" \/>\n<link rel=\"canonical\" href=\"https:\/\/www.iemj.org\/es\/les-traditions-musicales-judeo-portugaises-en-france\/\" \/>\n<meta property=\"og:locale\" content=\"es_ES\" \/>\n<meta property=\"og:type\" content=\"article\" \/>\n<meta property=\"og:title\" content=\"Las tradiciones musicales Judeo-Portugueses en Francia - Institut Europ\u00e9en des Musiques Juives\" \/>\n<meta property=\"og:url\" content=\"https:\/\/www.iemj.org\/es\/les-traditions-musicales-judeo-portugaises-en-france\/\" \/>\n<meta property=\"og:site_name\" content=\"Institut Europ\u00e9en des Musiques Juives\" \/>\n<meta property=\"article:publisher\" content=\"https:\/\/www.facebook.com\/MusiquesJuives\/\" \/>\n<meta property=\"article:published_time\" content=\"2010-03-11T14:41:37+00:00\" \/>\n<meta property=\"article:modified_time\" content=\"2022-02-23T16:31:51+00:00\" \/>\n<meta property=\"og:image\" content=\"https:\/\/www.iemj.org\/wp-content\/uploads\/2021\/04\/Couv-Livre-Herve-Roten-Les-trad-musicales-judeo-portugaises-en-France.jpg\" \/>\n\t<meta property=\"og:image:width\" content=\"348\" \/>\n\t<meta property=\"og:image:height\" content=\"521\" \/>\n\t<meta property=\"og:image:type\" content=\"image\/jpeg\" \/>\n<meta name=\"author\" content=\"Herv\u00e9 Roten\" \/>\n<meta name=\"twitter:card\" content=\"summary_large_image\" \/>\n<meta name=\"twitter:label1\" content=\"Escrito por\" \/>\n\t<meta name=\"twitter:data1\" content=\"Herv\u00e9 Roten\" \/>\n\t<meta name=\"twitter:label2\" content=\"Tiempo de lectura\" \/>\n\t<meta name=\"twitter:data2\" content=\"2 minutos\" \/>\n<script type=\"application\/ld+json\" class=\"yoast-schema-graph\">{\"@context\":\"https:\\\/\\\/schema.org\",\"@graph\":[{\"@type\":\"Article\",\"@id\":\"https:\\\/\\\/www.iemj.org\\\/es\\\/les-traditions-musicales-judeo-portugaises-en-france\\\/#article\",\"isPartOf\":{\"@id\":\"https:\\\/\\\/www.iemj.org\\\/es\\\/les-traditions-musicales-judeo-portugaises-en-france\\\/\"},\"author\":{\"name\":\"Herv\u00e9 Roten\",\"@id\":\"https:\\\/\\\/www.iemj.org\\\/es\\\/#\\\/schema\\\/person\\\/906134402c29d5c76e7b726261dd4bbd\"},\"headline\":\"Las tradiciones musicales Judeo-Portugueses en Francia\",\"datePublished\":\"2010-03-11T14:41:37+00:00\",\"dateModified\":\"2022-02-23T16:31:51+00:00\",\"mainEntityOfPage\":{\"@id\":\"https:\\\/\\\/www.iemj.org\\\/es\\\/les-traditions-musicales-judeo-portugaises-en-france\\\/\"},\"wordCount\":269,\"publisher\":{\"@id\":\"https:\\\/\\\/www.iemj.org\\\/es\\\/#organization\"},\"image\":{\"@id\":\"https:\\\/\\\/www.iemj.org\\\/es\\\/les-traditions-musicales-judeo-portugaises-en-france\\\/#primaryimage\"},\"thumbnailUrl\":\"https:\\\/\\\/www.iemj.org\\\/wp-content\\\/uploads\\\/2021\\\/04\\\/Couv-Livre-Herve-Roten-Les-trad-musicales-judeo-portugaises-en-France.jpg\",\"articleSection\":[\"Libros IEMJ\",\"Publicaciones\"],\"inLanguage\":\"es\"},{\"@type\":\"WebPage\",\"@id\":\"https:\\\/\\\/www.iemj.org\\\/es\\\/les-traditions-musicales-judeo-portugaises-en-france\\\/\",\"url\":\"https:\\\/\\\/www.iemj.org\\\/es\\\/les-traditions-musicales-judeo-portugaises-en-france\\\/\",\"name\":\"Las tradiciones musicales Judeo-Portugueses en Francia - Institut Europ\u00e9en des Musiques Juives\",\"isPartOf\":{\"@id\":\"https:\\\/\\\/www.iemj.org\\\/es\\\/#website\"},\"primaryImageOfPage\":{\"@id\":\"https:\\\/\\\/www.iemj.org\\\/es\\\/les-traditions-musicales-judeo-portugaises-en-france\\\/#primaryimage\"},\"image\":{\"@id\":\"https:\\\/\\\/www.iemj.org\\\/es\\\/les-traditions-musicales-judeo-portugaises-en-france\\\/#primaryimage\"},\"thumbnailUrl\":\"https:\\\/\\\/www.iemj.org\\\/wp-content\\\/uploads\\\/2021\\\/04\\\/Couv-Livre-Herve-Roten-Les-trad-musicales-judeo-portugaises-en-France.jpg\",\"datePublished\":\"2010-03-11T14:41:37+00:00\",\"dateModified\":\"2022-02-23T16:31:51+00:00\",\"breadcrumb\":{\"@id\":\"https:\\\/\\\/www.iemj.org\\\/es\\\/les-traditions-musicales-judeo-portugaises-en-france\\\/#breadcrumb\"},\"inLanguage\":\"es\",\"potentialAction\":[{\"@type\":\"ReadAction\",\"target\":[\"https:\\\/\\\/www.iemj.org\\\/es\\\/les-traditions-musicales-judeo-portugaises-en-france\\\/\"]}]},{\"@type\":\"ImageObject\",\"inLanguage\":\"es\",\"@id\":\"https:\\\/\\\/www.iemj.org\\\/es\\\/les-traditions-musicales-judeo-portugaises-en-france\\\/#primaryimage\",\"url\":\"https:\\\/\\\/www.iemj.org\\\/wp-content\\\/uploads\\\/2021\\\/04\\\/Couv-Livre-Herve-Roten-Les-trad-musicales-judeo-portugaises-en-France.jpg\",\"contentUrl\":\"https:\\\/\\\/www.iemj.org\\\/wp-content\\\/uploads\\\/2021\\\/04\\\/Couv-Livre-Herve-Roten-Les-trad-musicales-judeo-portugaises-en-France.jpg\",\"width\":348,\"height\":521},{\"@type\":\"BreadcrumbList\",\"@id\":\"https:\\\/\\\/www.iemj.org\\\/es\\\/les-traditions-musicales-judeo-portugaises-en-france\\\/#breadcrumb\",\"itemListElement\":[{\"@type\":\"ListItem\",\"position\":1,\"name\":\"Accueil\",\"item\":\"https:\\\/\\\/www.iemj.org\\\/es\\\/\"},{\"@type\":\"ListItem\",\"position\":2,\"name\":\"Las tradiciones musicales Judeo-Portugueses en Francia\"}]},{\"@type\":\"WebSite\",\"@id\":\"https:\\\/\\\/www.iemj.org\\\/es\\\/#website\",\"url\":\"https:\\\/\\\/www.iemj.org\\\/es\\\/\",\"name\":\"Institut Europ\u00e9en des Musiques Juives\",\"description\":\"Des traditions musicales \u00e0 la port\u00e9e de tous\",\"publisher\":{\"@id\":\"https:\\\/\\\/www.iemj.org\\\/es\\\/#organization\"},\"potentialAction\":[{\"@type\":\"SearchAction\",\"target\":{\"@type\":\"EntryPoint\",\"urlTemplate\":\"https:\\\/\\\/www.iemj.org\\\/es\\\/?s={search_term_string}\"},\"query-input\":{\"@type\":\"PropertyValueSpecification\",\"valueRequired\":true,\"valueName\":\"search_term_string\"}}],\"inLanguage\":\"es\"},{\"@type\":\"Organization\",\"@id\":\"https:\\\/\\\/www.iemj.org\\\/es\\\/#organization\",\"name\":\"Institut Europ\u00e9en des Musiques Juives\",\"url\":\"https:\\\/\\\/www.iemj.org\\\/es\\\/\",\"logo\":{\"@type\":\"ImageObject\",\"inLanguage\":\"es\",\"@id\":\"https:\\\/\\\/www.iemj.org\\\/es\\\/#\\\/schema\\\/logo\\\/image\\\/\",\"url\":\"https:\\\/\\\/www.iemj.org\\\/wp-content\\\/uploads\\\/2021\\\/09\\\/Logo-IEMJ-Paypal.jpg\",\"contentUrl\":\"https:\\\/\\\/www.iemj.org\\\/wp-content\\\/uploads\\\/2021\\\/09\\\/Logo-IEMJ-Paypal.jpg\",\"width\":150,\"height\":50,\"caption\":\"Institut Europ\u00e9en des Musiques Juives\"},\"image\":{\"@id\":\"https:\\\/\\\/www.iemj.org\\\/es\\\/#\\\/schema\\\/logo\\\/image\\\/\"},\"sameAs\":[\"https:\\\/\\\/www.facebook.com\\\/MusiquesJuives\\\/\",\"https:\\\/\\\/www.instagram.com\\\/musiquesjuives\\\/\",\"https:\\\/\\\/www.youtube.com\\\/user\\\/musiquesjuives\"]},{\"@type\":\"Person\",\"@id\":\"https:\\\/\\\/www.iemj.org\\\/es\\\/#\\\/schema\\\/person\\\/906134402c29d5c76e7b726261dd4bbd\",\"name\":\"Herv\u00e9 Roten\",\"image\":{\"@type\":\"ImageObject\",\"inLanguage\":\"es\",\"@id\":\"https:\\\/\\\/secure.gravatar.com\\\/avatar\\\/f96ad2db538a26481f18384936b5cd0610c92d390c4dc382209216d455f685ff?s=96&d=mm&r=g\",\"url\":\"https:\\\/\\\/secure.gravatar.com\\\/avatar\\\/f96ad2db538a26481f18384936b5cd0610c92d390c4dc382209216d455f685ff?s=96&d=mm&r=g\",\"contentUrl\":\"https:\\\/\\\/secure.gravatar.com\\\/avatar\\\/f96ad2db538a26481f18384936b5cd0610c92d390c4dc382209216d455f685ff?s=96&d=mm&r=g\",\"caption\":\"Herv\u00e9 Roten\"}}]}<\/script>\n<!-- \/ Yoast SEO plugin. -->","yoast_head_json":{"title":"Las tradiciones musicales Judeo-Portugueses en Francia - Institut Europ\u00e9en des Musiques Juives","robots":{"index":"index","follow":"follow","max-snippet":"max-snippet:-1","max-image-preview":"max-image-preview:large","max-video-preview":"max-video-preview:-1"},"canonical":"https:\/\/www.iemj.org\/es\/les-traditions-musicales-judeo-portugaises-en-france\/","og_locale":"es_ES","og_type":"article","og_title":"Las tradiciones musicales Judeo-Portugueses en Francia - Institut Europ\u00e9en des Musiques Juives","og_url":"https:\/\/www.iemj.org\/es\/les-traditions-musicales-judeo-portugaises-en-france\/","og_site_name":"Institut Europ\u00e9en des Musiques Juives","article_publisher":"https:\/\/www.facebook.com\/MusiquesJuives\/","article_published_time":"2010-03-11T14:41:37+00:00","article_modified_time":"2022-02-23T16:31:51+00:00","og_image":[{"width":348,"height":521,"url":"https:\/\/www.iemj.org\/wp-content\/uploads\/2021\/04\/Couv-Livre-Herve-Roten-Les-trad-musicales-judeo-portugaises-en-France.jpg","type":"image\/jpeg"}],"author":"Herv\u00e9 Roten","twitter_card":"summary_large_image","twitter_misc":{"Escrito por":"Herv\u00e9 Roten","Tiempo de lectura":"2 minutos"},"schema":{"@context":"https:\/\/schema.org","@graph":[{"@type":"Article","@id":"https:\/\/www.iemj.org\/es\/les-traditions-musicales-judeo-portugaises-en-france\/#article","isPartOf":{"@id":"https:\/\/www.iemj.org\/es\/les-traditions-musicales-judeo-portugaises-en-france\/"},"author":{"name":"Herv\u00e9 Roten","@id":"https:\/\/www.iemj.org\/es\/#\/schema\/person\/906134402c29d5c76e7b726261dd4bbd"},"headline":"Las tradiciones musicales Judeo-Portugueses en Francia","datePublished":"2010-03-11T14:41:37+00:00","dateModified":"2022-02-23T16:31:51+00:00","mainEntityOfPage":{"@id":"https:\/\/www.iemj.org\/es\/les-traditions-musicales-judeo-portugaises-en-france\/"},"wordCount":269,"publisher":{"@id":"https:\/\/www.iemj.org\/es\/#organization"},"image":{"@id":"https:\/\/www.iemj.org\/es\/les-traditions-musicales-judeo-portugaises-en-france\/#primaryimage"},"thumbnailUrl":"https:\/\/www.iemj.org\/wp-content\/uploads\/2021\/04\/Couv-Livre-Herve-Roten-Les-trad-musicales-judeo-portugaises-en-France.jpg","articleSection":["Libros IEMJ","Publicaciones"],"inLanguage":"es"},{"@type":"WebPage","@id":"https:\/\/www.iemj.org\/es\/les-traditions-musicales-judeo-portugaises-en-france\/","url":"https:\/\/www.iemj.org\/es\/les-traditions-musicales-judeo-portugaises-en-france\/","name":"Las tradiciones musicales Judeo-Portugueses en Francia - Institut Europ\u00e9en des Musiques Juives","isPartOf":{"@id":"https:\/\/www.iemj.org\/es\/#website"},"primaryImageOfPage":{"@id":"https:\/\/www.iemj.org\/es\/les-traditions-musicales-judeo-portugaises-en-france\/#primaryimage"},"image":{"@id":"https:\/\/www.iemj.org\/es\/les-traditions-musicales-judeo-portugaises-en-france\/#primaryimage"},"thumbnailUrl":"https:\/\/www.iemj.org\/wp-content\/uploads\/2021\/04\/Couv-Livre-Herve-Roten-Les-trad-musicales-judeo-portugaises-en-France.jpg","datePublished":"2010-03-11T14:41:37+00:00","dateModified":"2022-02-23T16:31:51+00:00","breadcrumb":{"@id":"https:\/\/www.iemj.org\/es\/les-traditions-musicales-judeo-portugaises-en-france\/#breadcrumb"},"inLanguage":"es","potentialAction":[{"@type":"ReadAction","target":["https:\/\/www.iemj.org\/es\/les-traditions-musicales-judeo-portugaises-en-france\/"]}]},{"@type":"ImageObject","inLanguage":"es","@id":"https:\/\/www.iemj.org\/es\/les-traditions-musicales-judeo-portugaises-en-france\/#primaryimage","url":"https:\/\/www.iemj.org\/wp-content\/uploads\/2021\/04\/Couv-Livre-Herve-Roten-Les-trad-musicales-judeo-portugaises-en-France.jpg","contentUrl":"https:\/\/www.iemj.org\/wp-content\/uploads\/2021\/04\/Couv-Livre-Herve-Roten-Les-trad-musicales-judeo-portugaises-en-France.jpg","width":348,"height":521},{"@type":"BreadcrumbList","@id":"https:\/\/www.iemj.org\/es\/les-traditions-musicales-judeo-portugaises-en-france\/#breadcrumb","itemListElement":[{"@type":"ListItem","position":1,"name":"Accueil","item":"https:\/\/www.iemj.org\/es\/"},{"@type":"ListItem","position":2,"name":"Las tradiciones musicales Judeo-Portugueses en Francia"}]},{"@type":"WebSite","@id":"https:\/\/www.iemj.org\/es\/#website","url":"https:\/\/www.iemj.org\/es\/","name":"Institut Europ\u00e9en des Musiques Juives","description":"Des traditions musicales \u00e0 la port\u00e9e de tous","publisher":{"@id":"https:\/\/www.iemj.org\/es\/#organization"},"potentialAction":[{"@type":"SearchAction","target":{"@type":"EntryPoint","urlTemplate":"https:\/\/www.iemj.org\/es\/?s={search_term_string}"},"query-input":{"@type":"PropertyValueSpecification","valueRequired":true,"valueName":"search_term_string"}}],"inLanguage":"es"},{"@type":"Organization","@id":"https:\/\/www.iemj.org\/es\/#organization","name":"Institut Europ\u00e9en des Musiques Juives","url":"https:\/\/www.iemj.org\/es\/","logo":{"@type":"ImageObject","inLanguage":"es","@id":"https:\/\/www.iemj.org\/es\/#\/schema\/logo\/image\/","url":"https:\/\/www.iemj.org\/wp-content\/uploads\/2021\/09\/Logo-IEMJ-Paypal.jpg","contentUrl":"https:\/\/www.iemj.org\/wp-content\/uploads\/2021\/09\/Logo-IEMJ-Paypal.jpg","width":150,"height":50,"caption":"Institut Europ\u00e9en des Musiques Juives"},"image":{"@id":"https:\/\/www.iemj.org\/es\/#\/schema\/logo\/image\/"},"sameAs":["https:\/\/www.facebook.com\/MusiquesJuives\/","https:\/\/www.instagram.com\/musiquesjuives\/","https:\/\/www.youtube.com\/user\/musiquesjuives"]},{"@type":"Person","@id":"https:\/\/www.iemj.org\/es\/#\/schema\/person\/906134402c29d5c76e7b726261dd4bbd","name":"Herv\u00e9 Roten","image":{"@type":"ImageObject","inLanguage":"es","@id":"https:\/\/secure.gravatar.com\/avatar\/f96ad2db538a26481f18384936b5cd0610c92d390c4dc382209216d455f685ff?s=96&d=mm&r=g","url":"https:\/\/secure.gravatar.com\/avatar\/f96ad2db538a26481f18384936b5cd0610c92d390c4dc382209216d455f685ff?s=96&d=mm&r=g","contentUrl":"https:\/\/secure.gravatar.com\/avatar\/f96ad2db538a26481f18384936b5cd0610c92d390c4dc382209216d455f685ff?s=96&d=mm&r=g","caption":"Herv\u00e9 Roten"}}]}},"_links":{"self":[{"href":"https:\/\/www.iemj.org\/es\/wp-json\/wp\/v2\/posts\/50938","targetHints":{"allow":["GET"]}}],"collection":[{"href":"https:\/\/www.iemj.org\/es\/wp-json\/wp\/v2\/posts"}],"about":[{"href":"https:\/\/www.iemj.org\/es\/wp-json\/wp\/v2\/types\/post"}],"author":[{"embeddable":true,"href":"https:\/\/www.iemj.org\/es\/wp-json\/wp\/v2\/users\/1045"}],"replies":[{"embeddable":true,"href":"https:\/\/www.iemj.org\/es\/wp-json\/wp\/v2\/comments?post=50938"}],"version-history":[{"count":0,"href":"https:\/\/www.iemj.org\/es\/wp-json\/wp\/v2\/posts\/50938\/revisions"}],"wp:featuredmedia":[{"embeddable":true,"href":"https:\/\/www.iemj.org\/es\/wp-json\/wp\/v2\/media\/37261"}],"wp:attachment":[{"href":"https:\/\/www.iemj.org\/es\/wp-json\/wp\/v2\/media?parent=50938"}],"wp:term":[{"taxonomy":"category","embeddable":true,"href":"https:\/\/www.iemj.org\/es\/wp-json\/wp\/v2\/categories?post=50938"},{"taxonomy":"post_tag","embeddable":true,"href":"https:\/\/www.iemj.org\/es\/wp-json\/wp\/v2\/tags?post=50938"},{"taxonomy":"technique","embeddable":true,"href":"https:\/\/www.iemj.org\/es\/wp-json\/wp\/v2\/technique?post=50938"},{"taxonomy":"squelettes","embeddable":true,"href":"https:\/\/www.iemj.org\/es\/wp-json\/wp\/v2\/squelettes?post=50938"},{"taxonomy":"sujet","embeddable":true,"href":"https:\/\/www.iemj.org\/es\/wp-json\/wp\/v2\/sujet?post=50938"},{"taxonomy":"formation","embeddable":true,"href":"https:\/\/www.iemj.org\/es\/wp-json\/wp\/v2\/formation?post=50938"},{"taxonomy":"genre","embeddable":true,"href":"https:\/\/www.iemj.org\/es\/wp-json\/wp\/v2\/genre?post=50938"},{"taxonomy":"fonds","embeddable":true,"href":"https:\/\/www.iemj.org\/es\/wp-json\/wp\/v2\/fonds?post=50938"},{"taxonomy":"tradition","embeddable":true,"href":"https:\/\/www.iemj.org\/es\/wp-json\/wp\/v2\/tradition?post=50938"},{"taxonomy":"type-de-contenu","embeddable":true,"href":"https:\/\/www.iemj.org\/es\/wp-json\/wp\/v2\/type-de-contenu?post=50938"},{"taxonomy":"interprete-compositeur","embeddable":true,"href":"https:\/\/www.iemj.org\/es\/wp-json\/wp\/v2\/interprete-compositeur?post=50938"},{"taxonomy":"frise","embeddable":true,"href":"https:\/\/www.iemj.org\/es\/wp-json\/wp\/v2\/frise?post=50938"},{"taxonomy":"type-devenement","embeddable":true,"href":"https:\/\/www.iemj.org\/es\/wp-json\/wp\/v2\/type-devenement?post=50938"},{"taxonomy":"tableaux-liens-externes","embeddable":true,"href":"https:\/\/www.iemj.org\/es\/wp-json\/wp\/v2\/tableaux-liens-externes?post=50938"}],"curies":[{"name":"wp","href":"https:\/\/api.w.org\/{rel}","templated":true}]}}