{"id":51100,"date":"2012-11-26T17:55:08","date_gmt":"2012-11-26T16:55:08","guid":{"rendered":"https:\/\/www.iemj.org\/schwartz-abe-1881-1963\/"},"modified":"2021-06-28T16:06:12","modified_gmt":"2021-06-28T14:06:12","slug":"schwartz-abe-1881-1963","status":"publish","type":"post","link":"https:\/\/www.iemj.org\/es\/schwartz-abe-1881-1963\/","title":{"rendered":"Schwartz, Abe (1881-1963)"},"content":{"rendered":"<p>Abe (Abraham) Schwartz fue uno de los jefes de orquestas jud\u00edos m\u00e1s conocidos y m\u00e1s grabados durante d\u00e9cadas en el \u00e1rea de Nueva York. Tambi\u00e9n fue un reconocido violinista de orquesta de baile. Su fama nacional, e incluso internacional, como director de klezmer proviene de las grabaciones de sus diversas orquestas con distintos nombres.<\/p>\n<p>Emigr\u00f3 a Estados Unidos con sus padres en 1899, a la edad de 18 a\u00f1os, tras pasar su infancia en Ruman\u00eda, cerca de Bucarest, donde obviamente adquiri\u00f3 sus conocimientos musicales por su cuenta. Despu\u00e9s de consolidar su reputaci\u00f3n como director de bandas de baile en los c\u00edrculos jud\u00edos de Nueva York, fue el d\u00eda en que fue contratado para supervisar las sesiones de grabaci\u00f3n instrumental para el sello Columbia lo que marc\u00f3 su entrada en la industria discogr\u00e1fica.<\/p>\n<p>Fue tambi\u00e9n por esta \u00e9poca (en 1917 m\u00e1s o menos) cuando se lanz\u00f3 su carrera en los estudios con el lanzamiento de dos melod\u00edas de baile llamadas rusas: una sher y una bulgar, interpretadas por su Orquesta Oriental. Ninguna de estas canciones era rusa, pero la percepci\u00f3n ex\u00f3tica de la \u00abRusia misteriosa\u00bb que estaba de moda en la \u00e9poca hac\u00eda que todo se sintiera oriental. Los editores de partituras y las compa\u00f1\u00edas discogr\u00e1ficas de la \u00e9poca recurrieron a los m\u00fasicos inmigrantes jud\u00edos para presentarlos como aut\u00e9nticos portadores de las \u00abnuevas\u00bb tonalidades. Estos compositores y arreglistas, supuestamente \u00abreci\u00e9n llegados de Rusia\u00bb, aunque la mayor\u00eda proced\u00edan de Ucrania, Bielorrusia, Galicia, Polonia, Ruman\u00eda o Besarabia, eran considerados transmisores de cultura. Adem\u00e1s, muchos de estos m\u00fasicos jud\u00edos tocaban con m\u00fasicos gitanos, rumanos o rusos y asimilaban algunos de sus estilos. Sin embargo, muchas de estas melod\u00edas o estilos eran simplemente las que tocaban los klezmorim en diversas partes de Europa del Este, independientemente de las primeras alteraciones de sus tradiciones originales. Despu\u00e9s de esta primera grabaci\u00f3n, Schwartz dirigi\u00f3 orquestas para seis grabaciones m\u00e1s en 1917, incluyendo el famoso Tants Tants Yiddelech, uno de los primeros \u00ab\u00e9xitos\u00bb klezmer que desde entonces ha sido versionado muchas veces por diferentes artistas, incluyendo la conocida \u00abTire l&#8217;Aiguille\u00bb de Ren\u00e9e Lebas.<\/p>\n<p>Al igual que muchos klezmorim antes que \u00e9l (y despu\u00e9s), escribi\u00f3 y actu\u00f3 para el teatro \u00eddish y en 1920 edit\u00f3 y grab\u00f3 m\u00e1s de 35 melod\u00edas klezmer, incluyendo shers, bulgars, freilachs y khosidls. Algunas de ellas fueron compuestas por \u00e9l, como \u00abA Glass of Wine\u00bb [\u00abUn vaso de vino\u00bb], otras eran melod\u00edas tradicionales.<\/p>\n<p>Pero as\u00ed como grab\u00f3 con su orquesta y otros conjuntos, entre sus mejores grabaciones lo encontramos acompa\u00f1ado simplemente al piano por su hija Sylvia, que entonces ten\u00eda 12 a\u00f1os.<\/p>\n<p>M\u00e1s tarde fue considerado, aunque extraoficialmente, un A&amp;R (buscador de talentos) por la industria discogr\u00e1fica estadounidense, y como tal llev\u00f3 a grabar a varios artistas j\u00f3venes, como Naftule Brandwein y Dave Tarras.<\/p>\n<p><a href=\"http:\/\/www.rachelnet.net\/F\/?func=find-c&amp;ccl_term=WRD+%3D+abe+Schwartz&amp;local_base=iemcg\">Consultar nuestros archivos sobre Abe Schwartz<\/a><\/p>\n\n\n<div class=\"wp-block-columns is-layout-flex wp-container-core-columns-is-layout-9d6595d7 wp-block-columns-is-layout-flex\">\n<div class=\"wp-block-column is-layout-flow wp-block-column-is-layout-flow\">\n<figure class=\"wp-block-embed is-type-video is-provider-youtube wp-block-embed-youtube wp-embed-aspect-4-3 wp-has-aspect-ratio\"><div class=\"wp-block-embed__wrapper\">\n<iframe title=\"Abe Schwartz &amp; his Orchestra - Sher medley (classic klezmer)\" width=\"640\" height=\"480\" src=\"https:\/\/www.youtube.com\/embed\/xtOZGvu6j-g?feature=oembed\" frameborder=\"0\" allow=\"accelerometer; autoplay; clipboard-write; encrypted-media; gyroscope; picture-in-picture; web-share\" referrerpolicy=\"strict-origin-when-cross-origin\" allowfullscreen><\/iframe>\n<\/div><\/figure>\n<\/div>\n<\/div>\n","protected":false},"excerpt":{"rendered":"<p>Abe (Abraham) Schwartz fue uno de los jefes de orquestas jud\u00edos m\u00e1s conocidos y m\u00e1s grabados durante d\u00e9cadas en el \u00e1rea de Nueva York. Tambi\u00e9n fue un reconocido violinista de<\/p>\n","protected":false},"author":1045,"featured_media":51101,"comment_status":"closed","ping_status":"closed","sticky":false,"template":"","format":"standard","meta":{"_acf_changed":false,"footnotes":""},"categories":[1417],"tags":[],"technique":[],"squelettes":[],"sujet":[],"formation":[],"genre":[1876],"fonds":[],"tradition":[],"type-de-contenu":[],"interprete-compositeur":[],"frise":[],"type-devenement":[],"tableaux-liens-externes":[],"class_list":["post-51100","post","type-post","status-publish","format-standard","has-post-thumbnail","hentry","category-biografias-es","genre-klezmer-es"],"acf":[],"yoast_head":"<!-- This site is optimized with the Yoast SEO plugin v27.3 - https:\/\/yoast.com\/product\/yoast-seo-wordpress\/ -->\n<title>Schwartz, Abe (1881-1963) - Institut Europ\u00e9en des Musiques Juives<\/title>\n<meta name=\"robots\" content=\"index, follow, max-snippet:-1, max-image-preview:large, max-video-preview:-1\" \/>\n<link rel=\"canonical\" href=\"https:\/\/www.iemj.org\/es\/schwartz-abe-1881-1963\/\" \/>\n<meta property=\"og:locale\" content=\"es_ES\" \/>\n<meta property=\"og:type\" content=\"article\" \/>\n<meta property=\"og:title\" content=\"Schwartz, Abe (1881-1963) - Institut Europ\u00e9en des Musiques Juives\" \/>\n<meta property=\"og:description\" content=\"Abe (Abraham) Schwartz fue uno de los jefes de orquestas jud\u00edos m\u00e1s conocidos y m\u00e1s grabados durante d\u00e9cadas en el \u00e1rea de Nueva York. Tambi\u00e9n fue un reconocido violinista de\" \/>\n<meta property=\"og:url\" content=\"https:\/\/www.iemj.org\/es\/schwartz-abe-1881-1963\/\" \/>\n<meta property=\"og:site_name\" content=\"Institut Europ\u00e9en des Musiques Juives\" \/>\n<meta property=\"article:publisher\" content=\"https:\/\/www.facebook.com\/MusiquesJuives\/\" \/>\n<meta property=\"article:published_time\" content=\"2012-11-26T16:55:08+00:00\" \/>\n<meta property=\"article:modified_time\" content=\"2021-06-28T14:06:12+00:00\" \/>\n<meta property=\"og:image\" content=\"https:\/\/www.iemj.org\/wp-content\/uploads\/2012\/11\/arton588-e1617031040177.jpg\" \/>\n\t<meta property=\"og:image:width\" content=\"174\" \/>\n\t<meta property=\"og:image:height\" content=\"218\" \/>\n\t<meta property=\"og:image:type\" content=\"image\/jpeg\" \/>\n<meta name=\"author\" content=\"Herv\u00e9 Roten\" \/>\n<meta name=\"twitter:card\" content=\"summary_large_image\" \/>\n<meta name=\"twitter:label1\" content=\"Escrito por\" \/>\n\t<meta name=\"twitter:data1\" content=\"Herv\u00e9 Roten\" \/>\n\t<meta name=\"twitter:label2\" content=\"Tiempo de lectura\" \/>\n\t<meta name=\"twitter:data2\" content=\"3 minutos\" \/>\n<script type=\"application\/ld+json\" class=\"yoast-schema-graph\">{\"@context\":\"https:\\\/\\\/schema.org\",\"@graph\":[{\"@type\":\"Article\",\"@id\":\"https:\\\/\\\/www.iemj.org\\\/es\\\/schwartz-abe-1881-1963\\\/#article\",\"isPartOf\":{\"@id\":\"https:\\\/\\\/www.iemj.org\\\/es\\\/schwartz-abe-1881-1963\\\/\"},\"author\":{\"name\":\"Herv\u00e9 Roten\",\"@id\":\"https:\\\/\\\/www.iemj.org\\\/es\\\/#\\\/schema\\\/person\\\/906134402c29d5c76e7b726261dd4bbd\"},\"headline\":\"Schwartz, Abe (1881-1963)\",\"datePublished\":\"2012-11-26T16:55:08+00:00\",\"dateModified\":\"2021-06-28T14:06:12+00:00\",\"mainEntityOfPage\":{\"@id\":\"https:\\\/\\\/www.iemj.org\\\/es\\\/schwartz-abe-1881-1963\\\/\"},\"wordCount\":520,\"publisher\":{\"@id\":\"https:\\\/\\\/www.iemj.org\\\/es\\\/#organization\"},\"image\":{\"@id\":\"https:\\\/\\\/www.iemj.org\\\/es\\\/schwartz-abe-1881-1963\\\/#primaryimage\"},\"thumbnailUrl\":\"https:\\\/\\\/www.iemj.org\\\/wp-content\\\/uploads\\\/2012\\\/11\\\/arton588-e1617031040177.jpg\",\"articleSection\":[\"Biograf\u00edas\"],\"inLanguage\":\"es\"},{\"@type\":\"WebPage\",\"@id\":\"https:\\\/\\\/www.iemj.org\\\/es\\\/schwartz-abe-1881-1963\\\/\",\"url\":\"https:\\\/\\\/www.iemj.org\\\/es\\\/schwartz-abe-1881-1963\\\/\",\"name\":\"Schwartz, Abe (1881-1963) - Institut Europ\u00e9en des Musiques Juives\",\"isPartOf\":{\"@id\":\"https:\\\/\\\/www.iemj.org\\\/es\\\/#website\"},\"primaryImageOfPage\":{\"@id\":\"https:\\\/\\\/www.iemj.org\\\/es\\\/schwartz-abe-1881-1963\\\/#primaryimage\"},\"image\":{\"@id\":\"https:\\\/\\\/www.iemj.org\\\/es\\\/schwartz-abe-1881-1963\\\/#primaryimage\"},\"thumbnailUrl\":\"https:\\\/\\\/www.iemj.org\\\/wp-content\\\/uploads\\\/2012\\\/11\\\/arton588-e1617031040177.jpg\",\"datePublished\":\"2012-11-26T16:55:08+00:00\",\"dateModified\":\"2021-06-28T14:06:12+00:00\",\"breadcrumb\":{\"@id\":\"https:\\\/\\\/www.iemj.org\\\/es\\\/schwartz-abe-1881-1963\\\/#breadcrumb\"},\"inLanguage\":\"es\",\"potentialAction\":[{\"@type\":\"ReadAction\",\"target\":[\"https:\\\/\\\/www.iemj.org\\\/es\\\/schwartz-abe-1881-1963\\\/\"]}]},{\"@type\":\"ImageObject\",\"inLanguage\":\"es\",\"@id\":\"https:\\\/\\\/www.iemj.org\\\/es\\\/schwartz-abe-1881-1963\\\/#primaryimage\",\"url\":\"https:\\\/\\\/www.iemj.org\\\/wp-content\\\/uploads\\\/2012\\\/11\\\/arton588-e1617031040177.jpg\",\"contentUrl\":\"https:\\\/\\\/www.iemj.org\\\/wp-content\\\/uploads\\\/2012\\\/11\\\/arton588-e1617031040177.jpg\",\"width\":174,\"height\":218},{\"@type\":\"BreadcrumbList\",\"@id\":\"https:\\\/\\\/www.iemj.org\\\/es\\\/schwartz-abe-1881-1963\\\/#breadcrumb\",\"itemListElement\":[{\"@type\":\"ListItem\",\"position\":1,\"name\":\"Accueil\",\"item\":\"https:\\\/\\\/www.iemj.org\\\/es\\\/\"},{\"@type\":\"ListItem\",\"position\":2,\"name\":\"Schwartz, Abe (1881-1963)\"}]},{\"@type\":\"WebSite\",\"@id\":\"https:\\\/\\\/www.iemj.org\\\/es\\\/#website\",\"url\":\"https:\\\/\\\/www.iemj.org\\\/es\\\/\",\"name\":\"Institut Europ\u00e9en des Musiques Juives\",\"description\":\"Des traditions musicales \u00e0 la port\u00e9e de tous\",\"publisher\":{\"@id\":\"https:\\\/\\\/www.iemj.org\\\/es\\\/#organization\"},\"potentialAction\":[{\"@type\":\"SearchAction\",\"target\":{\"@type\":\"EntryPoint\",\"urlTemplate\":\"https:\\\/\\\/www.iemj.org\\\/es\\\/?s={search_term_string}\"},\"query-input\":{\"@type\":\"PropertyValueSpecification\",\"valueRequired\":true,\"valueName\":\"search_term_string\"}}],\"inLanguage\":\"es\"},{\"@type\":\"Organization\",\"@id\":\"https:\\\/\\\/www.iemj.org\\\/es\\\/#organization\",\"name\":\"Institut Europ\u00e9en des Musiques Juives\",\"url\":\"https:\\\/\\\/www.iemj.org\\\/es\\\/\",\"logo\":{\"@type\":\"ImageObject\",\"inLanguage\":\"es\",\"@id\":\"https:\\\/\\\/www.iemj.org\\\/es\\\/#\\\/schema\\\/logo\\\/image\\\/\",\"url\":\"https:\\\/\\\/www.iemj.org\\\/wp-content\\\/uploads\\\/2021\\\/09\\\/Logo-IEMJ-Paypal.jpg\",\"contentUrl\":\"https:\\\/\\\/www.iemj.org\\\/wp-content\\\/uploads\\\/2021\\\/09\\\/Logo-IEMJ-Paypal.jpg\",\"width\":150,\"height\":50,\"caption\":\"Institut Europ\u00e9en des Musiques Juives\"},\"image\":{\"@id\":\"https:\\\/\\\/www.iemj.org\\\/es\\\/#\\\/schema\\\/logo\\\/image\\\/\"},\"sameAs\":[\"https:\\\/\\\/www.facebook.com\\\/MusiquesJuives\\\/\",\"https:\\\/\\\/www.instagram.com\\\/musiquesjuives\\\/\",\"https:\\\/\\\/www.youtube.com\\\/user\\\/musiquesjuives\"]},{\"@type\":\"Person\",\"@id\":\"https:\\\/\\\/www.iemj.org\\\/es\\\/#\\\/schema\\\/person\\\/906134402c29d5c76e7b726261dd4bbd\",\"name\":\"Herv\u00e9 Roten\",\"image\":{\"@type\":\"ImageObject\",\"inLanguage\":\"es\",\"@id\":\"https:\\\/\\\/secure.gravatar.com\\\/avatar\\\/f96ad2db538a26481f18384936b5cd0610c92d390c4dc382209216d455f685ff?s=96&d=mm&r=g\",\"url\":\"https:\\\/\\\/secure.gravatar.com\\\/avatar\\\/f96ad2db538a26481f18384936b5cd0610c92d390c4dc382209216d455f685ff?s=96&d=mm&r=g\",\"contentUrl\":\"https:\\\/\\\/secure.gravatar.com\\\/avatar\\\/f96ad2db538a26481f18384936b5cd0610c92d390c4dc382209216d455f685ff?s=96&d=mm&r=g\",\"caption\":\"Herv\u00e9 Roten\"}}]}<\/script>\n<!-- \/ Yoast SEO plugin. -->","yoast_head_json":{"title":"Schwartz, Abe (1881-1963) - Institut Europ\u00e9en des Musiques Juives","robots":{"index":"index","follow":"follow","max-snippet":"max-snippet:-1","max-image-preview":"max-image-preview:large","max-video-preview":"max-video-preview:-1"},"canonical":"https:\/\/www.iemj.org\/es\/schwartz-abe-1881-1963\/","og_locale":"es_ES","og_type":"article","og_title":"Schwartz, Abe (1881-1963) - Institut Europ\u00e9en des Musiques Juives","og_description":"Abe (Abraham) Schwartz fue uno de los jefes de orquestas jud\u00edos m\u00e1s conocidos y m\u00e1s grabados durante d\u00e9cadas en el \u00e1rea de Nueva York. Tambi\u00e9n fue un reconocido violinista de","og_url":"https:\/\/www.iemj.org\/es\/schwartz-abe-1881-1963\/","og_site_name":"Institut Europ\u00e9en des Musiques Juives","article_publisher":"https:\/\/www.facebook.com\/MusiquesJuives\/","article_published_time":"2012-11-26T16:55:08+00:00","article_modified_time":"2021-06-28T14:06:12+00:00","og_image":[{"width":174,"height":218,"url":"https:\/\/www.iemj.org\/wp-content\/uploads\/2012\/11\/arton588-e1617031040177.jpg","type":"image\/jpeg"}],"author":"Herv\u00e9 Roten","twitter_card":"summary_large_image","twitter_misc":{"Escrito por":"Herv\u00e9 Roten","Tiempo de lectura":"3 minutos"},"schema":{"@context":"https:\/\/schema.org","@graph":[{"@type":"Article","@id":"https:\/\/www.iemj.org\/es\/schwartz-abe-1881-1963\/#article","isPartOf":{"@id":"https:\/\/www.iemj.org\/es\/schwartz-abe-1881-1963\/"},"author":{"name":"Herv\u00e9 Roten","@id":"https:\/\/www.iemj.org\/es\/#\/schema\/person\/906134402c29d5c76e7b726261dd4bbd"},"headline":"Schwartz, Abe (1881-1963)","datePublished":"2012-11-26T16:55:08+00:00","dateModified":"2021-06-28T14:06:12+00:00","mainEntityOfPage":{"@id":"https:\/\/www.iemj.org\/es\/schwartz-abe-1881-1963\/"},"wordCount":520,"publisher":{"@id":"https:\/\/www.iemj.org\/es\/#organization"},"image":{"@id":"https:\/\/www.iemj.org\/es\/schwartz-abe-1881-1963\/#primaryimage"},"thumbnailUrl":"https:\/\/www.iemj.org\/wp-content\/uploads\/2012\/11\/arton588-e1617031040177.jpg","articleSection":["Biograf\u00edas"],"inLanguage":"es"},{"@type":"WebPage","@id":"https:\/\/www.iemj.org\/es\/schwartz-abe-1881-1963\/","url":"https:\/\/www.iemj.org\/es\/schwartz-abe-1881-1963\/","name":"Schwartz, Abe (1881-1963) - Institut Europ\u00e9en des Musiques Juives","isPartOf":{"@id":"https:\/\/www.iemj.org\/es\/#website"},"primaryImageOfPage":{"@id":"https:\/\/www.iemj.org\/es\/schwartz-abe-1881-1963\/#primaryimage"},"image":{"@id":"https:\/\/www.iemj.org\/es\/schwartz-abe-1881-1963\/#primaryimage"},"thumbnailUrl":"https:\/\/www.iemj.org\/wp-content\/uploads\/2012\/11\/arton588-e1617031040177.jpg","datePublished":"2012-11-26T16:55:08+00:00","dateModified":"2021-06-28T14:06:12+00:00","breadcrumb":{"@id":"https:\/\/www.iemj.org\/es\/schwartz-abe-1881-1963\/#breadcrumb"},"inLanguage":"es","potentialAction":[{"@type":"ReadAction","target":["https:\/\/www.iemj.org\/es\/schwartz-abe-1881-1963\/"]}]},{"@type":"ImageObject","inLanguage":"es","@id":"https:\/\/www.iemj.org\/es\/schwartz-abe-1881-1963\/#primaryimage","url":"https:\/\/www.iemj.org\/wp-content\/uploads\/2012\/11\/arton588-e1617031040177.jpg","contentUrl":"https:\/\/www.iemj.org\/wp-content\/uploads\/2012\/11\/arton588-e1617031040177.jpg","width":174,"height":218},{"@type":"BreadcrumbList","@id":"https:\/\/www.iemj.org\/es\/schwartz-abe-1881-1963\/#breadcrumb","itemListElement":[{"@type":"ListItem","position":1,"name":"Accueil","item":"https:\/\/www.iemj.org\/es\/"},{"@type":"ListItem","position":2,"name":"Schwartz, Abe (1881-1963)"}]},{"@type":"WebSite","@id":"https:\/\/www.iemj.org\/es\/#website","url":"https:\/\/www.iemj.org\/es\/","name":"Institut Europ\u00e9en des Musiques Juives","description":"Des traditions musicales \u00e0 la port\u00e9e de tous","publisher":{"@id":"https:\/\/www.iemj.org\/es\/#organization"},"potentialAction":[{"@type":"SearchAction","target":{"@type":"EntryPoint","urlTemplate":"https:\/\/www.iemj.org\/es\/?s={search_term_string}"},"query-input":{"@type":"PropertyValueSpecification","valueRequired":true,"valueName":"search_term_string"}}],"inLanguage":"es"},{"@type":"Organization","@id":"https:\/\/www.iemj.org\/es\/#organization","name":"Institut Europ\u00e9en des Musiques Juives","url":"https:\/\/www.iemj.org\/es\/","logo":{"@type":"ImageObject","inLanguage":"es","@id":"https:\/\/www.iemj.org\/es\/#\/schema\/logo\/image\/","url":"https:\/\/www.iemj.org\/wp-content\/uploads\/2021\/09\/Logo-IEMJ-Paypal.jpg","contentUrl":"https:\/\/www.iemj.org\/wp-content\/uploads\/2021\/09\/Logo-IEMJ-Paypal.jpg","width":150,"height":50,"caption":"Institut Europ\u00e9en des Musiques Juives"},"image":{"@id":"https:\/\/www.iemj.org\/es\/#\/schema\/logo\/image\/"},"sameAs":["https:\/\/www.facebook.com\/MusiquesJuives\/","https:\/\/www.instagram.com\/musiquesjuives\/","https:\/\/www.youtube.com\/user\/musiquesjuives"]},{"@type":"Person","@id":"https:\/\/www.iemj.org\/es\/#\/schema\/person\/906134402c29d5c76e7b726261dd4bbd","name":"Herv\u00e9 Roten","image":{"@type":"ImageObject","inLanguage":"es","@id":"https:\/\/secure.gravatar.com\/avatar\/f96ad2db538a26481f18384936b5cd0610c92d390c4dc382209216d455f685ff?s=96&d=mm&r=g","url":"https:\/\/secure.gravatar.com\/avatar\/f96ad2db538a26481f18384936b5cd0610c92d390c4dc382209216d455f685ff?s=96&d=mm&r=g","contentUrl":"https:\/\/secure.gravatar.com\/avatar\/f96ad2db538a26481f18384936b5cd0610c92d390c4dc382209216d455f685ff?s=96&d=mm&r=g","caption":"Herv\u00e9 Roten"}}]}},"_links":{"self":[{"href":"https:\/\/www.iemj.org\/es\/wp-json\/wp\/v2\/posts\/51100","targetHints":{"allow":["GET"]}}],"collection":[{"href":"https:\/\/www.iemj.org\/es\/wp-json\/wp\/v2\/posts"}],"about":[{"href":"https:\/\/www.iemj.org\/es\/wp-json\/wp\/v2\/types\/post"}],"author":[{"embeddable":true,"href":"https:\/\/www.iemj.org\/es\/wp-json\/wp\/v2\/users\/1045"}],"replies":[{"embeddable":true,"href":"https:\/\/www.iemj.org\/es\/wp-json\/wp\/v2\/comments?post=51100"}],"version-history":[{"count":0,"href":"https:\/\/www.iemj.org\/es\/wp-json\/wp\/v2\/posts\/51100\/revisions"}],"wp:featuredmedia":[{"embeddable":true,"href":"https:\/\/www.iemj.org\/es\/wp-json\/wp\/v2\/media\/51101"}],"wp:attachment":[{"href":"https:\/\/www.iemj.org\/es\/wp-json\/wp\/v2\/media?parent=51100"}],"wp:term":[{"taxonomy":"category","embeddable":true,"href":"https:\/\/www.iemj.org\/es\/wp-json\/wp\/v2\/categories?post=51100"},{"taxonomy":"post_tag","embeddable":true,"href":"https:\/\/www.iemj.org\/es\/wp-json\/wp\/v2\/tags?post=51100"},{"taxonomy":"technique","embeddable":true,"href":"https:\/\/www.iemj.org\/es\/wp-json\/wp\/v2\/technique?post=51100"},{"taxonomy":"squelettes","embeddable":true,"href":"https:\/\/www.iemj.org\/es\/wp-json\/wp\/v2\/squelettes?post=51100"},{"taxonomy":"sujet","embeddable":true,"href":"https:\/\/www.iemj.org\/es\/wp-json\/wp\/v2\/sujet?post=51100"},{"taxonomy":"formation","embeddable":true,"href":"https:\/\/www.iemj.org\/es\/wp-json\/wp\/v2\/formation?post=51100"},{"taxonomy":"genre","embeddable":true,"href":"https:\/\/www.iemj.org\/es\/wp-json\/wp\/v2\/genre?post=51100"},{"taxonomy":"fonds","embeddable":true,"href":"https:\/\/www.iemj.org\/es\/wp-json\/wp\/v2\/fonds?post=51100"},{"taxonomy":"tradition","embeddable":true,"href":"https:\/\/www.iemj.org\/es\/wp-json\/wp\/v2\/tradition?post=51100"},{"taxonomy":"type-de-contenu","embeddable":true,"href":"https:\/\/www.iemj.org\/es\/wp-json\/wp\/v2\/type-de-contenu?post=51100"},{"taxonomy":"interprete-compositeur","embeddable":true,"href":"https:\/\/www.iemj.org\/es\/wp-json\/wp\/v2\/interprete-compositeur?post=51100"},{"taxonomy":"frise","embeddable":true,"href":"https:\/\/www.iemj.org\/es\/wp-json\/wp\/v2\/frise?post=51100"},{"taxonomy":"type-devenement","embeddable":true,"href":"https:\/\/www.iemj.org\/es\/wp-json\/wp\/v2\/type-devenement?post=51100"},{"taxonomy":"tableaux-liens-externes","embeddable":true,"href":"https:\/\/www.iemj.org\/es\/wp-json\/wp\/v2\/tableaux-liens-externes?post=51100"}],"curies":[{"name":"wp","href":"https:\/\/api.w.org\/{rel}","templated":true}]}}