{"id":51140,"date":"2012-06-10T23:00:56","date_gmt":"2012-06-10T21:00:56","guid":{"rendered":"https:\/\/www.iemj.org\/brandwein-naftule-1889-1963\/"},"modified":"2021-07-01T11:10:04","modified_gmt":"2021-07-01T09:10:04","slug":"brandwein-naftule-1889-1963","status":"publish","type":"post","link":"https:\/\/www.iemj.org\/es\/brandwein-naftule-1889-1963\/","title":{"rendered":"Brandwein, Naftule (1889-1963)"},"content":{"rendered":"<p>Naftule Brandwein (1889-1963) naci\u00f3 en la peque\u00f1a ciudad de Przemyslany (cerca de Lvov), en la Galitzia austriaca, regi\u00f3n que pas\u00f3 a formar parte de Polonia en 1918. Su padre, Pesakh Brandwein, era badkhn (animador de bodas), violinista y director de su kapelye (orquesta familiar), que viajaba por toda Galicia oriental. Naftule fue uno de los 14 hijos que su padre tuvo con cuatro esposas diferentes. Tuvo nueve hermanos y cuatro hermanas, incluida Henrietta, su hermana gemela. En 1919, todos sus hermanos, excepto dos, emigraron a Estados Unidos. Los dos hermanos que permanecieron en el pa\u00eds fueron el mayor, Eli, y el menor, Tzvi-Hirsch (ambos fueron asesinados posteriormente por los nazis). El hijo de Tzvi-Hirsch, Leopold Kozlowski, ha sido un l\u00edder en la resurrecci\u00f3n del klezmer en Europa Central y del Este desde 1990.<\/p>\n<p>Brandwein se puede escuchar en muchas grabaciones cl\u00e1sicas en yiddish de la \u00e9poca dorada de la m\u00fasica folcl\u00f3rica yiddish (1915-1935), especialmente las de Abe Schwartz (1881-1960). En el fondo de estas grabaciones, se puede escuchar al incre\u00edble virtuoso Naftule Brandwein tocando su clarinete en mi bemol.<\/p>\n<p><img fetchpriority=\"high\" decoding=\"async\" class=\" alignright size-full wp-image-4863\" src=\"https:\/\/www.iemj.org\/wp-content\/uploads\/2012\/06\/disque_vinyle_3.jpg\" alt=\"disque_vinyle_3.jpg\" width=\"243\" height=\"251\" align=\"right\" \/>Una de las \u00faltimas grabaciones producidas por Schwartz en las que particip\u00f3 el clarinetista fue \u00abFirn Di Mekhutonim Aheym\u00bb (\u00abBringing the In-Laws Home\u00bb). Esta <em>gasn nign<\/em> (canci\u00f3n callejera), con su continuo sostenuto y su solo de clarinete legato, pone de manifiesto todo el incre\u00edble talento de Brandwein. Sus improvisaciones, sus digitaciones, sus escalas r\u00e1pidas, su control de su respiraci\u00f3n, sus glissando y sus <em>knaytches<\/em> hacen que esta sea una de sus grabaciones m\u00e1s escuchadas, y tocadas, de los a\u00f1os del renacimiento klezmer durante la d\u00e9cada de 1980. Esto es especialmente cierto en el caso de las orquestas de renacimiento klezmer, que tocan el repertorio de los peque\u00f1os grupos de los a\u00f1os 20 y 30 en lugar del de los grandes conjuntos.<\/p>\n<p><img decoding=\"async\" class=\" alignleft size-full wp-image-4865\" src=\"https:\/\/www.iemj.org\/wp-content\/uploads\/2012\/06\/solo.jpg\" alt=\"solo.jpg\" width=\"193\" height=\"255\" align=\"left\" \/>Brandwein era conocido, no s\u00f3lo por su virtuosismo con el clarinete, sino tambi\u00e9n por su vida impetuosa y sin l\u00edmites. Su vida era como su juego. Era un donju\u00e1n y un notorio bebedor, y se dec\u00eda que si contratabas a Brandwein para una fiesta y quer\u00edas que estuviera satisfecho y tocara toda la noche, lo \u00fanico que ten\u00edas que hacer era proporcionarle suficiente alcohol y una mujer. Tambi\u00e9n era conocido como el m\u00fasico klezmer favorito de la Jewish Murder Gang Inc. Le encantaba dar sabor a sus apariciones en el escenario baj\u00e1ndose los pantalones o llevando un cartel de ne\u00f3n en el pecho que dec\u00eda \u00abThe Naftule Brandwein Orchestra\u00bb, o con un disfraz de T\u00edo Sam con brillantes luces navide\u00f1as con el que casi se electrocuta. Sus travesuras p\u00fablicas y privadas le impidieron quedarse con una orquesta, ya que sus compa\u00f1eros se hartaron pronto de su actitud. Sin embargo, era miembro habitual de la Joseph Cherniavsky Yiddish-American Jazz Band y de la Abe Schwartz Orchestra.<\/p>\n<p><img decoding=\"async\" class=\" alignright size-full wp-image-4867\" src=\"https:\/\/www.iemj.org\/wp-content\/uploads\/2012\/06\/king_of_the_klezmer_clarinet.jpg\" alt=\"king_of_the_klezmer_clarinet.jpg\" width=\"225\" height=\"225\" align=\"right\" \/>De 1922 a 1927, Brandwein realiz\u00f3 numerosas grabaciones y cre\u00f3 el sonido t\u00edpico de los clarinetistas klezmer jud\u00edos estadounidenses en solitario. Luego dej\u00f3 de grabar. Su estilo de vida perturb\u00f3 su salud y sus relaciones con otros m\u00fasicos, pero se mantuvo activo trabajando por cuenta propia en recepciones, bodas y fiestas en hoteles, especialmente en los del Cintur\u00f3n de Borsht. Finalmente, en 1941, Brandwein volvi\u00f3 al estudio de grabaci\u00f3n por \u00faltima vez, bajo el nombre anglicista de \u00abNifty\u00bb Brandwein. Las grabaciones &#8211; \u00abKlayne Princesin\u00bb (\u00abPeque\u00f1a princesa\u00bb), \u00abNaftule&#8217;s Freylekhs\u00bb, \u00abFreylekher Yontef\u00bb (\u00abFelices vacaciones\u00bb) y \u00abNifty&#8217;s Eygene\u00bb (\u00abLo que pertenece a Nifty\u00bb) &#8211; muestran la evoluci\u00f3n de Brandwein durante sus 14 a\u00f1os de ausencia de los estudios. La mayor\u00eda de sus digitaciones r\u00e1pidas y de sus glissandos ya no son la clave de sus grabaciones. En cambio, mostr\u00f3 un tono m\u00e1s tranquilo e m\u00e1s introspectivo.<\/p>\n<p>Naftule ya no viv\u00eda para presenciar el renacimiento del inter\u00e9s por el klezmer desde mediados de los a\u00f1os 70. Sin embargo, su influencia no ha desaparecido: una nueva generaci\u00f3n de m\u00fasicos klezmer lo cita como su principal fuente de inspiraci\u00f3n.<\/p>\n<p><a href=\"https:\/\/www.iemj.org\/naftule-brandwein\/\">Escuche la lista de reproducci\u00f3n especial de Naftule Brandwein<\/a><\/p>\n\n\n<figure class=\"wp-block-embed is-type-video is-provider-youtube wp-block-embed-youtube wp-embed-aspect-16-9 wp-has-aspect-ratio\"><div class=\"wp-block-embed__wrapper\">\n<iframe title=\"Naftule Brandwein - Nifty&#039;s freilach\" width=\"640\" height=\"360\" src=\"https:\/\/www.youtube.com\/embed\/F21h4a6X-Z0?feature=oembed\" frameborder=\"0\" allow=\"accelerometer; autoplay; clipboard-write; encrypted-media; gyroscope; picture-in-picture; web-share\" referrerpolicy=\"strict-origin-when-cross-origin\" allowfullscreen><\/iframe>\n<\/div><\/figure>\n\n\n\n<p><\/p>\n","protected":false},"excerpt":{"rendered":"<p>Naftule Brandwein (1889-1963) naci\u00f3 en la peque\u00f1a ciudad de Przemyslany (cerca de Lvov), en la Galitzia austriaca, regi\u00f3n que pas\u00f3 a formar parte de Polonia en 1918. Su padre, Pesakh<\/p>\n","protected":false},"author":1045,"featured_media":51142,"comment_status":"closed","ping_status":"open","sticky":false,"template":"","format":"standard","meta":{"_acf_changed":false,"footnotes":""},"categories":[1417],"tags":[],"technique":[],"squelettes":[],"sujet":[],"formation":[],"genre":[],"fonds":[],"tradition":[],"type-de-contenu":[],"interprete-compositeur":[],"frise":[],"type-devenement":[],"tableaux-liens-externes":[],"class_list":["post-51140","post","type-post","status-publish","format-standard","has-post-thumbnail","hentry","category-biografias-es"],"acf":[],"yoast_head":"<!-- This site is optimized with the Yoast SEO plugin v27.3 - https:\/\/yoast.com\/product\/yoast-seo-wordpress\/ -->\n<title>Brandwein, Naftule (1889-1963) - Institut Europ\u00e9en des Musiques Juives<\/title>\n<meta name=\"robots\" content=\"index, follow, max-snippet:-1, max-image-preview:large, max-video-preview:-1\" \/>\n<link rel=\"canonical\" href=\"https:\/\/www.iemj.org\/es\/brandwein-naftule-1889-1963\/\" \/>\n<meta property=\"og:locale\" content=\"es_ES\" \/>\n<meta property=\"og:type\" content=\"article\" \/>\n<meta property=\"og:title\" content=\"Brandwein, Naftule (1889-1963) - Institut Europ\u00e9en des Musiques Juives\" \/>\n<meta property=\"og:description\" content=\"Naftule Brandwein (1889-1963) naci\u00f3 en la peque\u00f1a ciudad de Przemyslany (cerca de Lvov), en la Galitzia austriaca, regi\u00f3n que pas\u00f3 a formar parte de Polonia en 1918. Su padre, Pesakh\" \/>\n<meta property=\"og:url\" content=\"https:\/\/www.iemj.org\/es\/brandwein-naftule-1889-1963\/\" \/>\n<meta property=\"og:site_name\" content=\"Institut Europ\u00e9en des Musiques Juives\" \/>\n<meta property=\"article:publisher\" content=\"https:\/\/www.facebook.com\/MusiquesJuives\/\" \/>\n<meta property=\"article:published_time\" content=\"2012-06-10T21:00:56+00:00\" \/>\n<meta property=\"article:modified_time\" content=\"2021-07-01T09:10:04+00:00\" \/>\n<meta property=\"og:image\" content=\"https:\/\/www.iemj.org\/wp-content\/uploads\/2012\/06\/logo-bio-BRANDWEIN-Naftule-e1617031412274.jpg\" \/>\n\t<meta property=\"og:image:width\" content=\"166\" \/>\n\t<meta property=\"og:image:height\" content=\"218\" \/>\n\t<meta property=\"og:image:type\" content=\"image\/jpeg\" \/>\n<meta name=\"author\" content=\"Herv\u00e9 Roten\" \/>\n<meta name=\"twitter:card\" content=\"summary_large_image\" \/>\n<meta name=\"twitter:label1\" content=\"Escrito por\" \/>\n\t<meta name=\"twitter:data1\" content=\"Herv\u00e9 Roten\" \/>\n\t<meta name=\"twitter:label2\" content=\"Tiempo de lectura\" \/>\n\t<meta name=\"twitter:data2\" content=\"4 minutos\" \/>\n<script type=\"application\/ld+json\" class=\"yoast-schema-graph\">{\"@context\":\"https:\\\/\\\/schema.org\",\"@graph\":[{\"@type\":\"Article\",\"@id\":\"https:\\\/\\\/www.iemj.org\\\/es\\\/brandwein-naftule-1889-1963\\\/#article\",\"isPartOf\":{\"@id\":\"https:\\\/\\\/www.iemj.org\\\/es\\\/brandwein-naftule-1889-1963\\\/\"},\"author\":{\"name\":\"Herv\u00e9 Roten\",\"@id\":\"https:\\\/\\\/www.iemj.org\\\/es\\\/#\\\/schema\\\/person\\\/906134402c29d5c76e7b726261dd4bbd\"},\"headline\":\"Brandwein, Naftule (1889-1963)\",\"datePublished\":\"2012-06-10T21:00:56+00:00\",\"dateModified\":\"2021-07-01T09:10:04+00:00\",\"mainEntityOfPage\":{\"@id\":\"https:\\\/\\\/www.iemj.org\\\/es\\\/brandwein-naftule-1889-1963\\\/\"},\"wordCount\":710,\"publisher\":{\"@id\":\"https:\\\/\\\/www.iemj.org\\\/es\\\/#organization\"},\"image\":{\"@id\":\"https:\\\/\\\/www.iemj.org\\\/es\\\/brandwein-naftule-1889-1963\\\/#primaryimage\"},\"thumbnailUrl\":\"https:\\\/\\\/www.iemj.org\\\/wp-content\\\/uploads\\\/2012\\\/06\\\/logo-bio-BRANDWEIN-Naftule-e1617031412274.jpg\",\"articleSection\":[\"Biograf\u00edas\"],\"inLanguage\":\"es\"},{\"@type\":\"WebPage\",\"@id\":\"https:\\\/\\\/www.iemj.org\\\/es\\\/brandwein-naftule-1889-1963\\\/\",\"url\":\"https:\\\/\\\/www.iemj.org\\\/es\\\/brandwein-naftule-1889-1963\\\/\",\"name\":\"Brandwein, Naftule (1889-1963) - Institut Europ\u00e9en des Musiques Juives\",\"isPartOf\":{\"@id\":\"https:\\\/\\\/www.iemj.org\\\/es\\\/#website\"},\"primaryImageOfPage\":{\"@id\":\"https:\\\/\\\/www.iemj.org\\\/es\\\/brandwein-naftule-1889-1963\\\/#primaryimage\"},\"image\":{\"@id\":\"https:\\\/\\\/www.iemj.org\\\/es\\\/brandwein-naftule-1889-1963\\\/#primaryimage\"},\"thumbnailUrl\":\"https:\\\/\\\/www.iemj.org\\\/wp-content\\\/uploads\\\/2012\\\/06\\\/logo-bio-BRANDWEIN-Naftule-e1617031412274.jpg\",\"datePublished\":\"2012-06-10T21:00:56+00:00\",\"dateModified\":\"2021-07-01T09:10:04+00:00\",\"breadcrumb\":{\"@id\":\"https:\\\/\\\/www.iemj.org\\\/es\\\/brandwein-naftule-1889-1963\\\/#breadcrumb\"},\"inLanguage\":\"es\",\"potentialAction\":[{\"@type\":\"ReadAction\",\"target\":[\"https:\\\/\\\/www.iemj.org\\\/es\\\/brandwein-naftule-1889-1963\\\/\"]}]},{\"@type\":\"ImageObject\",\"inLanguage\":\"es\",\"@id\":\"https:\\\/\\\/www.iemj.org\\\/es\\\/brandwein-naftule-1889-1963\\\/#primaryimage\",\"url\":\"https:\\\/\\\/www.iemj.org\\\/wp-content\\\/uploads\\\/2012\\\/06\\\/logo-bio-BRANDWEIN-Naftule-e1617031412274.jpg\",\"contentUrl\":\"https:\\\/\\\/www.iemj.org\\\/wp-content\\\/uploads\\\/2012\\\/06\\\/logo-bio-BRANDWEIN-Naftule-e1617031412274.jpg\",\"width\":166,\"height\":218},{\"@type\":\"BreadcrumbList\",\"@id\":\"https:\\\/\\\/www.iemj.org\\\/es\\\/brandwein-naftule-1889-1963\\\/#breadcrumb\",\"itemListElement\":[{\"@type\":\"ListItem\",\"position\":1,\"name\":\"Accueil\",\"item\":\"https:\\\/\\\/www.iemj.org\\\/es\\\/\"},{\"@type\":\"ListItem\",\"position\":2,\"name\":\"Brandwein, Naftule (1889-1963)\"}]},{\"@type\":\"WebSite\",\"@id\":\"https:\\\/\\\/www.iemj.org\\\/es\\\/#website\",\"url\":\"https:\\\/\\\/www.iemj.org\\\/es\\\/\",\"name\":\"Institut Europ\u00e9en des Musiques Juives\",\"description\":\"Des traditions musicales \u00e0 la port\u00e9e de tous\",\"publisher\":{\"@id\":\"https:\\\/\\\/www.iemj.org\\\/es\\\/#organization\"},\"potentialAction\":[{\"@type\":\"SearchAction\",\"target\":{\"@type\":\"EntryPoint\",\"urlTemplate\":\"https:\\\/\\\/www.iemj.org\\\/es\\\/?s={search_term_string}\"},\"query-input\":{\"@type\":\"PropertyValueSpecification\",\"valueRequired\":true,\"valueName\":\"search_term_string\"}}],\"inLanguage\":\"es\"},{\"@type\":\"Organization\",\"@id\":\"https:\\\/\\\/www.iemj.org\\\/es\\\/#organization\",\"name\":\"Institut Europ\u00e9en des Musiques Juives\",\"url\":\"https:\\\/\\\/www.iemj.org\\\/es\\\/\",\"logo\":{\"@type\":\"ImageObject\",\"inLanguage\":\"es\",\"@id\":\"https:\\\/\\\/www.iemj.org\\\/es\\\/#\\\/schema\\\/logo\\\/image\\\/\",\"url\":\"https:\\\/\\\/www.iemj.org\\\/wp-content\\\/uploads\\\/2021\\\/09\\\/Logo-IEMJ-Paypal.jpg\",\"contentUrl\":\"https:\\\/\\\/www.iemj.org\\\/wp-content\\\/uploads\\\/2021\\\/09\\\/Logo-IEMJ-Paypal.jpg\",\"width\":150,\"height\":50,\"caption\":\"Institut Europ\u00e9en des Musiques Juives\"},\"image\":{\"@id\":\"https:\\\/\\\/www.iemj.org\\\/es\\\/#\\\/schema\\\/logo\\\/image\\\/\"},\"sameAs\":[\"https:\\\/\\\/www.facebook.com\\\/MusiquesJuives\\\/\",\"https:\\\/\\\/www.instagram.com\\\/musiquesjuives\\\/\",\"https:\\\/\\\/www.youtube.com\\\/user\\\/musiquesjuives\"]},{\"@type\":\"Person\",\"@id\":\"https:\\\/\\\/www.iemj.org\\\/es\\\/#\\\/schema\\\/person\\\/906134402c29d5c76e7b726261dd4bbd\",\"name\":\"Herv\u00e9 Roten\",\"image\":{\"@type\":\"ImageObject\",\"inLanguage\":\"es\",\"@id\":\"https:\\\/\\\/secure.gravatar.com\\\/avatar\\\/f96ad2db538a26481f18384936b5cd0610c92d390c4dc382209216d455f685ff?s=96&d=mm&r=g\",\"url\":\"https:\\\/\\\/secure.gravatar.com\\\/avatar\\\/f96ad2db538a26481f18384936b5cd0610c92d390c4dc382209216d455f685ff?s=96&d=mm&r=g\",\"contentUrl\":\"https:\\\/\\\/secure.gravatar.com\\\/avatar\\\/f96ad2db538a26481f18384936b5cd0610c92d390c4dc382209216d455f685ff?s=96&d=mm&r=g\",\"caption\":\"Herv\u00e9 Roten\"}}]}<\/script>\n<!-- \/ Yoast SEO plugin. -->","yoast_head_json":{"title":"Brandwein, Naftule (1889-1963) - Institut Europ\u00e9en des Musiques Juives","robots":{"index":"index","follow":"follow","max-snippet":"max-snippet:-1","max-image-preview":"max-image-preview:large","max-video-preview":"max-video-preview:-1"},"canonical":"https:\/\/www.iemj.org\/es\/brandwein-naftule-1889-1963\/","og_locale":"es_ES","og_type":"article","og_title":"Brandwein, Naftule (1889-1963) - Institut Europ\u00e9en des Musiques Juives","og_description":"Naftule Brandwein (1889-1963) naci\u00f3 en la peque\u00f1a ciudad de Przemyslany (cerca de Lvov), en la Galitzia austriaca, regi\u00f3n que pas\u00f3 a formar parte de Polonia en 1918. Su padre, Pesakh","og_url":"https:\/\/www.iemj.org\/es\/brandwein-naftule-1889-1963\/","og_site_name":"Institut Europ\u00e9en des Musiques Juives","article_publisher":"https:\/\/www.facebook.com\/MusiquesJuives\/","article_published_time":"2012-06-10T21:00:56+00:00","article_modified_time":"2021-07-01T09:10:04+00:00","og_image":[{"width":166,"height":218,"url":"https:\/\/www.iemj.org\/wp-content\/uploads\/2012\/06\/logo-bio-BRANDWEIN-Naftule-e1617031412274.jpg","type":"image\/jpeg"}],"author":"Herv\u00e9 Roten","twitter_card":"summary_large_image","twitter_misc":{"Escrito por":"Herv\u00e9 Roten","Tiempo de lectura":"4 minutos"},"schema":{"@context":"https:\/\/schema.org","@graph":[{"@type":"Article","@id":"https:\/\/www.iemj.org\/es\/brandwein-naftule-1889-1963\/#article","isPartOf":{"@id":"https:\/\/www.iemj.org\/es\/brandwein-naftule-1889-1963\/"},"author":{"name":"Herv\u00e9 Roten","@id":"https:\/\/www.iemj.org\/es\/#\/schema\/person\/906134402c29d5c76e7b726261dd4bbd"},"headline":"Brandwein, Naftule (1889-1963)","datePublished":"2012-06-10T21:00:56+00:00","dateModified":"2021-07-01T09:10:04+00:00","mainEntityOfPage":{"@id":"https:\/\/www.iemj.org\/es\/brandwein-naftule-1889-1963\/"},"wordCount":710,"publisher":{"@id":"https:\/\/www.iemj.org\/es\/#organization"},"image":{"@id":"https:\/\/www.iemj.org\/es\/brandwein-naftule-1889-1963\/#primaryimage"},"thumbnailUrl":"https:\/\/www.iemj.org\/wp-content\/uploads\/2012\/06\/logo-bio-BRANDWEIN-Naftule-e1617031412274.jpg","articleSection":["Biograf\u00edas"],"inLanguage":"es"},{"@type":"WebPage","@id":"https:\/\/www.iemj.org\/es\/brandwein-naftule-1889-1963\/","url":"https:\/\/www.iemj.org\/es\/brandwein-naftule-1889-1963\/","name":"Brandwein, Naftule (1889-1963) - Institut Europ\u00e9en des Musiques Juives","isPartOf":{"@id":"https:\/\/www.iemj.org\/es\/#website"},"primaryImageOfPage":{"@id":"https:\/\/www.iemj.org\/es\/brandwein-naftule-1889-1963\/#primaryimage"},"image":{"@id":"https:\/\/www.iemj.org\/es\/brandwein-naftule-1889-1963\/#primaryimage"},"thumbnailUrl":"https:\/\/www.iemj.org\/wp-content\/uploads\/2012\/06\/logo-bio-BRANDWEIN-Naftule-e1617031412274.jpg","datePublished":"2012-06-10T21:00:56+00:00","dateModified":"2021-07-01T09:10:04+00:00","breadcrumb":{"@id":"https:\/\/www.iemj.org\/es\/brandwein-naftule-1889-1963\/#breadcrumb"},"inLanguage":"es","potentialAction":[{"@type":"ReadAction","target":["https:\/\/www.iemj.org\/es\/brandwein-naftule-1889-1963\/"]}]},{"@type":"ImageObject","inLanguage":"es","@id":"https:\/\/www.iemj.org\/es\/brandwein-naftule-1889-1963\/#primaryimage","url":"https:\/\/www.iemj.org\/wp-content\/uploads\/2012\/06\/logo-bio-BRANDWEIN-Naftule-e1617031412274.jpg","contentUrl":"https:\/\/www.iemj.org\/wp-content\/uploads\/2012\/06\/logo-bio-BRANDWEIN-Naftule-e1617031412274.jpg","width":166,"height":218},{"@type":"BreadcrumbList","@id":"https:\/\/www.iemj.org\/es\/brandwein-naftule-1889-1963\/#breadcrumb","itemListElement":[{"@type":"ListItem","position":1,"name":"Accueil","item":"https:\/\/www.iemj.org\/es\/"},{"@type":"ListItem","position":2,"name":"Brandwein, Naftule (1889-1963)"}]},{"@type":"WebSite","@id":"https:\/\/www.iemj.org\/es\/#website","url":"https:\/\/www.iemj.org\/es\/","name":"Institut Europ\u00e9en des Musiques Juives","description":"Des traditions musicales \u00e0 la port\u00e9e de tous","publisher":{"@id":"https:\/\/www.iemj.org\/es\/#organization"},"potentialAction":[{"@type":"SearchAction","target":{"@type":"EntryPoint","urlTemplate":"https:\/\/www.iemj.org\/es\/?s={search_term_string}"},"query-input":{"@type":"PropertyValueSpecification","valueRequired":true,"valueName":"search_term_string"}}],"inLanguage":"es"},{"@type":"Organization","@id":"https:\/\/www.iemj.org\/es\/#organization","name":"Institut Europ\u00e9en des Musiques Juives","url":"https:\/\/www.iemj.org\/es\/","logo":{"@type":"ImageObject","inLanguage":"es","@id":"https:\/\/www.iemj.org\/es\/#\/schema\/logo\/image\/","url":"https:\/\/www.iemj.org\/wp-content\/uploads\/2021\/09\/Logo-IEMJ-Paypal.jpg","contentUrl":"https:\/\/www.iemj.org\/wp-content\/uploads\/2021\/09\/Logo-IEMJ-Paypal.jpg","width":150,"height":50,"caption":"Institut Europ\u00e9en des Musiques Juives"},"image":{"@id":"https:\/\/www.iemj.org\/es\/#\/schema\/logo\/image\/"},"sameAs":["https:\/\/www.facebook.com\/MusiquesJuives\/","https:\/\/www.instagram.com\/musiquesjuives\/","https:\/\/www.youtube.com\/user\/musiquesjuives"]},{"@type":"Person","@id":"https:\/\/www.iemj.org\/es\/#\/schema\/person\/906134402c29d5c76e7b726261dd4bbd","name":"Herv\u00e9 Roten","image":{"@type":"ImageObject","inLanguage":"es","@id":"https:\/\/secure.gravatar.com\/avatar\/f96ad2db538a26481f18384936b5cd0610c92d390c4dc382209216d455f685ff?s=96&d=mm&r=g","url":"https:\/\/secure.gravatar.com\/avatar\/f96ad2db538a26481f18384936b5cd0610c92d390c4dc382209216d455f685ff?s=96&d=mm&r=g","contentUrl":"https:\/\/secure.gravatar.com\/avatar\/f96ad2db538a26481f18384936b5cd0610c92d390c4dc382209216d455f685ff?s=96&d=mm&r=g","caption":"Herv\u00e9 Roten"}}]}},"_links":{"self":[{"href":"https:\/\/www.iemj.org\/es\/wp-json\/wp\/v2\/posts\/51140","targetHints":{"allow":["GET"]}}],"collection":[{"href":"https:\/\/www.iemj.org\/es\/wp-json\/wp\/v2\/posts"}],"about":[{"href":"https:\/\/www.iemj.org\/es\/wp-json\/wp\/v2\/types\/post"}],"author":[{"embeddable":true,"href":"https:\/\/www.iemj.org\/es\/wp-json\/wp\/v2\/users\/1045"}],"replies":[{"embeddable":true,"href":"https:\/\/www.iemj.org\/es\/wp-json\/wp\/v2\/comments?post=51140"}],"version-history":[{"count":0,"href":"https:\/\/www.iemj.org\/es\/wp-json\/wp\/v2\/posts\/51140\/revisions"}],"wp:featuredmedia":[{"embeddable":true,"href":"https:\/\/www.iemj.org\/es\/wp-json\/wp\/v2\/media\/51142"}],"wp:attachment":[{"href":"https:\/\/www.iemj.org\/es\/wp-json\/wp\/v2\/media?parent=51140"}],"wp:term":[{"taxonomy":"category","embeddable":true,"href":"https:\/\/www.iemj.org\/es\/wp-json\/wp\/v2\/categories?post=51140"},{"taxonomy":"post_tag","embeddable":true,"href":"https:\/\/www.iemj.org\/es\/wp-json\/wp\/v2\/tags?post=51140"},{"taxonomy":"technique","embeddable":true,"href":"https:\/\/www.iemj.org\/es\/wp-json\/wp\/v2\/technique?post=51140"},{"taxonomy":"squelettes","embeddable":true,"href":"https:\/\/www.iemj.org\/es\/wp-json\/wp\/v2\/squelettes?post=51140"},{"taxonomy":"sujet","embeddable":true,"href":"https:\/\/www.iemj.org\/es\/wp-json\/wp\/v2\/sujet?post=51140"},{"taxonomy":"formation","embeddable":true,"href":"https:\/\/www.iemj.org\/es\/wp-json\/wp\/v2\/formation?post=51140"},{"taxonomy":"genre","embeddable":true,"href":"https:\/\/www.iemj.org\/es\/wp-json\/wp\/v2\/genre?post=51140"},{"taxonomy":"fonds","embeddable":true,"href":"https:\/\/www.iemj.org\/es\/wp-json\/wp\/v2\/fonds?post=51140"},{"taxonomy":"tradition","embeddable":true,"href":"https:\/\/www.iemj.org\/es\/wp-json\/wp\/v2\/tradition?post=51140"},{"taxonomy":"type-de-contenu","embeddable":true,"href":"https:\/\/www.iemj.org\/es\/wp-json\/wp\/v2\/type-de-contenu?post=51140"},{"taxonomy":"interprete-compositeur","embeddable":true,"href":"https:\/\/www.iemj.org\/es\/wp-json\/wp\/v2\/interprete-compositeur?post=51140"},{"taxonomy":"frise","embeddable":true,"href":"https:\/\/www.iemj.org\/es\/wp-json\/wp\/v2\/frise?post=51140"},{"taxonomy":"type-devenement","embeddable":true,"href":"https:\/\/www.iemj.org\/es\/wp-json\/wp\/v2\/type-devenement?post=51140"},{"taxonomy":"tableaux-liens-externes","embeddable":true,"href":"https:\/\/www.iemj.org\/es\/wp-json\/wp\/v2\/tableaux-liens-externes?post=51140"}],"curies":[{"name":"wp","href":"https:\/\/api.w.org\/{rel}","templated":true}]}}