{"id":51264,"date":"2017-10-15T19:32:43","date_gmt":"2017-10-15T17:32:43","guid":{"rendered":"https:\/\/www.iemj.org\/le-sablier-du-temps-un-voyage-musical-a-travers-lame-juive\/"},"modified":"2025-08-25T17:59:10","modified_gmt":"2025-08-25T15:59:10","slug":"le-sablier-du-temps-un-voyage-musical-a-travers-lame-juive","status":"publish","type":"post","link":"https:\/\/www.iemj.org\/es\/le-sablier-du-temps-un-voyage-musical-a-travers-lame-juive\/","title":{"rendered":"El reloj de arena del tiempo &#8211; Un viaje musical a trav\u00e9s de la alma jud\u00eda"},"content":{"rendered":"<h3>\u00a0<\/h3>\n<h3 class=\"post_excerpt\">2\u00ba. CD DE LA COLECCI\u00d3N CLASSICOS<\/h3>\n<p><!--more--><\/p>\n<div id=\"fb-root\">\u00a0<\/div>\n<p>Llevado por Virginie Constant, violoncelista talentosa, acompa\u00f1ada por Simon Zaoui al piano y por Katarzyna Alemany al violoncelo, este disco agrupa obras escritas en la primera mitad del siglo XX por compositores en b\u00fasqueda de una identidad musical jud\u00eda, que se trate de Ernest Bloch, Lazare Saminsky o Joseph Achron.<\/p>\n<p>Algunos, como Gideon Klein murieron tr\u00e1gicamente por eso durante la Shoah. En fin, otros, como Mieczyslaw Weinberg o Serge Kaufmann, perpet\u00faan su memoria.<br \/>Al igual que el reloj de arena en cual pasa el Tiempo de la Historia y cuyos ser\u00edamos los granos de arena, <strong>este disco tiene por ambici\u00f3n de hacernos viajar a trav\u00e9s de los meandros de la alma jud\u00eda en su forma m\u00e1s universal: \u00a1su m\u00fasica!<\/strong><\/p>\n<p>CD realizado con el apoyo de la <a href=\"http:\/\/www.fondationshoah.org\/\">Fondation pour la M\u00e9moire de la Shoah<\/a> y la <a href=\"https:\/\/www.fondationjudaisme.org\/\">Fondation du Juda\u00efsme Fran\u00e7ais<\/a>.<\/p>\n<p><a href=\"http:\/\/www.virginieconstant.fr\/\" target=\"_blank\" rel=\"noopener\">Consultar el sitio web de Virginie Constant<\/a><\/p>\n<p><a href=\"https:\/\/www.iemj.org\/en\/product\/hebrew-melodies-2\/\" target=\"_blank\" rel=\"noopener\">Comprar el CD online en la tienda del IEMJ<\/a><\/p>\n<p><strong>Informaciones\/pedida\/contacto Prensa<\/strong>\u00a0al +33 1 45 82 20 52 o\u00a0<a href=\"mailto:contact@iemj.org\" target=\"_blank\" rel=\"noopener\">contact@iemj.org<\/a><\/p>\n<p><img fetchpriority=\"high\" decoding=\"async\" class=\"wp-image-15570 size-full aligncenter\" src=\"https:\/\/www.iemj.org\/wp-content\/uploads\/2017\/10\/cdc_2_-_couv4_pour_boutique_et_site.jpg\" alt=\"cdc_2_-_couv4_pour_boutique_et_site.jpg\" width=\"609\" height=\"544\" align=\"left\" srcset=\"https:\/\/www.iemj.org\/wp-content\/uploads\/2017\/10\/cdc_2_-_couv4_pour_boutique_et_site.jpg 609w, https:\/\/www.iemj.org\/wp-content\/uploads\/2017\/10\/cdc_2_-_couv4_pour_boutique_et_site-300x268.jpg 300w, https:\/\/www.iemj.org\/wp-content\/uploads\/2017\/10\/cdc_2_-_couv4_pour_boutique_et_site-600x536.jpg 600w\" sizes=\"(max-width: 609px) 100vw, 609px\" \/><\/p>\n\n\n<h2 class=\"wp-block-heading\"><\/h2>\n\n\n<div class=\"wp-block-image\">\n<figure class=\"aligncenter size-large\"><img decoding=\"async\" width=\"1024\" height=\"133\" src=\"https:\/\/www.iemj.org\/wp-content\/uploads\/2024\/03\/AUDIO-PLAYER-1024x133.png\" alt=\"\" class=\"wp-image-110610\" srcset=\"https:\/\/www.iemj.org\/wp-content\/uploads\/2024\/03\/AUDIO-PLAYER-1024x133.png 1024w, https:\/\/www.iemj.org\/wp-content\/uploads\/2024\/03\/AUDIO-PLAYER-300x39.png 300w, https:\/\/www.iemj.org\/wp-content\/uploads\/2024\/03\/AUDIO-PLAYER-768x100.png 768w, https:\/\/www.iemj.org\/wp-content\/uploads\/2024\/03\/AUDIO-PLAYER-600x78.png 600w, https:\/\/www.iemj.org\/wp-content\/uploads\/2024\/03\/AUDIO-PLAYER.png 1210w\" sizes=\"(max-width: 1024px) 100vw, 1024px\" \/><\/figure>\n<\/div>\n\n\n<div class=\"wp-block-file\"><a href=\"https:\/\/www.iemj.org\/wp-content\/uploads\/2017\/10\/achron_12-melodie_hebraique_siteiemj.mp3\">Joseph Achron &#8211; M\u00e9lodie h\u00e9bra\u00efque<\/a><\/div>\n\n\n\n<div class=\"wp-block-file\"><a href=\"https:\/\/www.iemj.org\/wp-content\/uploads\/2017\/10\/warshawsky_15-oyfn_pripetchik_siteiemj.mp3\">Mark Warshawsky &#8211; Oyfn pripetchik<\/a><\/div>\n\n\n\n<div class=\"wp-block-file\"><a href=\"https:\/\/www.iemj.org\/wp-content\/uploads\/2017\/10\/kaufmann_14-duo_n10_siteiemj.mp3\">Serge Kaufmann &#8211; Duo n\u00b0 10<\/a><\/div>\n\n\n\n<div class=\"wp-block-file\"><a href=\"https:\/\/www.iemj.org\/wp-content\/uploads\/2017\/10\/bloch_voix_desert_6-moderato_siteiemj.mp3\">Ernest Bloch &#8211; Voix dans le d\u00e9sert &#8211; Moderato<\/a><\/div>\n\n\n\n<div class=\"wp-block-file\"><a href=\"https:\/\/www.iemj.org\/wp-content\/uploads\/2017\/10\/saminsky_10-conte_hebraique_siteiemj.mp3\">Lazare Saminsky &#8211; Conte h\u00e9bra\u00efque<\/a><\/div>\n\n\n\n<div class=\"wp-block-file\"><a href=\"https:\/\/www.iemj.org\/wp-content\/uploads\/2017\/10\/klein_16-lullaby_siteiemj.mp3\">Gideon Klein &#8211; Lullaby<\/a><\/div>\n\n\n\n<div class=\"wp-block-file\"><a href=\"https:\/\/www.iemj.org\/wp-content\/uploads\/2017\/10\/weinberg_sonate_3-allegro_siteiemj.mp3\">Mieczyslaw Weinberg &#8211; Sonate n\u00b0 1 &#8211; Allegro<\/a><\/div>\n\n\n\n<p><\/p>\n","protected":false},"excerpt":{"rendered":"<p>\u00a0 2\u00ba. CD DE LA COLECCI\u00d3N CLASSICOS<\/p>\n","protected":false},"author":5,"featured_media":51265,"comment_status":"closed","ping_status":"open","sticky":false,"template":"","format":"standard","meta":{"_acf_changed":false,"footnotes":""},"categories":[1394,2201,1391],"tags":[],"technique":[],"squelettes":[],"sujet":[],"formation":[],"genre":[1899],"fonds":[],"tradition":[],"type-de-contenu":[],"interprete-compositeur":[3136,3146,3218],"frise":[],"type-devenement":[],"tableaux-liens-externes":[],"class_list":["post-51264","post","type-post","status-publish","format-standard","has-post-thumbnail","hentry","category-cd-iemj-es","category-coleccion-clasica-es","category-publicaciones-es","genre-musica-clasica-es","interprete-compositeur-denis-cuniot-es","interprete-compositeur-ernest-bloch-es-2","interprete-compositeur-joseph-achron-2-es"],"acf":[],"yoast_head":"<!-- This site is optimized with the Yoast SEO plugin v27.3 - https:\/\/yoast.com\/product\/yoast-seo-wordpress\/ -->\n<title>El reloj de arena del tiempo - Un viaje musical a trav\u00e9s de la alma jud\u00eda - Institut Europ\u00e9en des Musiques Juives<\/title>\n<meta name=\"robots\" content=\"index, follow, max-snippet:-1, max-image-preview:large, max-video-preview:-1\" \/>\n<link rel=\"canonical\" href=\"https:\/\/www.iemj.org\/es\/le-sablier-du-temps-un-voyage-musical-a-travers-lame-juive\/\" \/>\n<meta property=\"og:locale\" content=\"es_ES\" \/>\n<meta property=\"og:type\" content=\"article\" \/>\n<meta property=\"og:title\" content=\"El reloj de arena del tiempo - Un viaje musical a trav\u00e9s de la alma jud\u00eda - Institut Europ\u00e9en des Musiques Juives\" \/>\n<meta property=\"og:description\" content=\"\u00a0 2\u00ba. CD DE LA COLECCI\u00d3N CLASSICOS\" \/>\n<meta property=\"og:url\" content=\"https:\/\/www.iemj.org\/es\/le-sablier-du-temps-un-voyage-musical-a-travers-lame-juive\/\" \/>\n<meta property=\"og:site_name\" content=\"Institut Europ\u00e9en des Musiques Juives\" \/>\n<meta property=\"article:publisher\" content=\"https:\/\/www.facebook.com\/MusiquesJuives\/\" \/>\n<meta property=\"article:published_time\" content=\"2017-10-15T17:32:43+00:00\" \/>\n<meta property=\"article:modified_time\" content=\"2025-08-25T15:59:10+00:00\" \/>\n<meta property=\"og:image\" content=\"https:\/\/www.iemj.org\/wp-content\/uploads\/2017\/10\/arton2513.jpg\" \/>\n\t<meta property=\"og:image:width\" content=\"373\" \/>\n\t<meta property=\"og:image:height\" content=\"336\" \/>\n\t<meta property=\"og:image:type\" content=\"image\/jpeg\" \/>\n<meta name=\"author\" content=\"Jacqueline ROTEN\" \/>\n<meta name=\"twitter:card\" content=\"summary_large_image\" \/>\n<meta name=\"twitter:label1\" content=\"Escrito por\" \/>\n\t<meta name=\"twitter:data1\" content=\"Jacqueline ROTEN\" \/>\n\t<meta name=\"twitter:label2\" content=\"Tiempo de lectura\" \/>\n\t<meta name=\"twitter:data2\" content=\"2 minutos\" \/>\n<script type=\"application\/ld+json\" class=\"yoast-schema-graph\">{\"@context\":\"https:\\\/\\\/schema.org\",\"@graph\":[{\"@type\":\"Article\",\"@id\":\"https:\\\/\\\/www.iemj.org\\\/es\\\/le-sablier-du-temps-un-voyage-musical-a-travers-lame-juive\\\/#article\",\"isPartOf\":{\"@id\":\"https:\\\/\\\/www.iemj.org\\\/es\\\/le-sablier-du-temps-un-voyage-musical-a-travers-lame-juive\\\/\"},\"author\":{\"name\":\"Jacqueline ROTEN\",\"@id\":\"https:\\\/\\\/www.iemj.org\\\/es\\\/#\\\/schema\\\/person\\\/358e26c18aca017fcc4cc15437f7279c\"},\"headline\":\"El reloj de arena del tiempo &#8211; Un viaje musical a trav\u00e9s de la alma jud\u00eda\",\"datePublished\":\"2017-10-15T17:32:43+00:00\",\"dateModified\":\"2025-08-25T15:59:10+00:00\",\"mainEntityOfPage\":{\"@id\":\"https:\\\/\\\/www.iemj.org\\\/es\\\/le-sablier-du-temps-un-voyage-musical-a-travers-lame-juive\\\/\"},\"wordCount\":248,\"publisher\":{\"@id\":\"https:\\\/\\\/www.iemj.org\\\/es\\\/#organization\"},\"image\":{\"@id\":\"https:\\\/\\\/www.iemj.org\\\/es\\\/le-sablier-du-temps-un-voyage-musical-a-travers-lame-juive\\\/#primaryimage\"},\"thumbnailUrl\":\"https:\\\/\\\/www.iemj.org\\\/wp-content\\\/uploads\\\/2017\\\/10\\\/arton2513.jpg\",\"articleSection\":[\"CD IEMJ\",\"Coleccion Clasica\",\"Publicaciones\"],\"inLanguage\":\"es\"},{\"@type\":\"WebPage\",\"@id\":\"https:\\\/\\\/www.iemj.org\\\/es\\\/le-sablier-du-temps-un-voyage-musical-a-travers-lame-juive\\\/\",\"url\":\"https:\\\/\\\/www.iemj.org\\\/es\\\/le-sablier-du-temps-un-voyage-musical-a-travers-lame-juive\\\/\",\"name\":\"El reloj de arena del tiempo - Un viaje musical a trav\u00e9s de la alma jud\u00eda - Institut Europ\u00e9en des Musiques Juives\",\"isPartOf\":{\"@id\":\"https:\\\/\\\/www.iemj.org\\\/es\\\/#website\"},\"primaryImageOfPage\":{\"@id\":\"https:\\\/\\\/www.iemj.org\\\/es\\\/le-sablier-du-temps-un-voyage-musical-a-travers-lame-juive\\\/#primaryimage\"},\"image\":{\"@id\":\"https:\\\/\\\/www.iemj.org\\\/es\\\/le-sablier-du-temps-un-voyage-musical-a-travers-lame-juive\\\/#primaryimage\"},\"thumbnailUrl\":\"https:\\\/\\\/www.iemj.org\\\/wp-content\\\/uploads\\\/2017\\\/10\\\/arton2513.jpg\",\"datePublished\":\"2017-10-15T17:32:43+00:00\",\"dateModified\":\"2025-08-25T15:59:10+00:00\",\"breadcrumb\":{\"@id\":\"https:\\\/\\\/www.iemj.org\\\/es\\\/le-sablier-du-temps-un-voyage-musical-a-travers-lame-juive\\\/#breadcrumb\"},\"inLanguage\":\"es\",\"potentialAction\":[{\"@type\":\"ReadAction\",\"target\":[\"https:\\\/\\\/www.iemj.org\\\/es\\\/le-sablier-du-temps-un-voyage-musical-a-travers-lame-juive\\\/\"]}]},{\"@type\":\"ImageObject\",\"inLanguage\":\"es\",\"@id\":\"https:\\\/\\\/www.iemj.org\\\/es\\\/le-sablier-du-temps-un-voyage-musical-a-travers-lame-juive\\\/#primaryimage\",\"url\":\"https:\\\/\\\/www.iemj.org\\\/wp-content\\\/uploads\\\/2017\\\/10\\\/arton2513.jpg\",\"contentUrl\":\"https:\\\/\\\/www.iemj.org\\\/wp-content\\\/uploads\\\/2017\\\/10\\\/arton2513.jpg\",\"width\":373,\"height\":336},{\"@type\":\"BreadcrumbList\",\"@id\":\"https:\\\/\\\/www.iemj.org\\\/es\\\/le-sablier-du-temps-un-voyage-musical-a-travers-lame-juive\\\/#breadcrumb\",\"itemListElement\":[{\"@type\":\"ListItem\",\"position\":1,\"name\":\"Accueil\",\"item\":\"https:\\\/\\\/www.iemj.org\\\/es\\\/\"},{\"@type\":\"ListItem\",\"position\":2,\"name\":\"El reloj de arena del tiempo &#8211; Un viaje musical a trav\u00e9s de la alma jud\u00eda\"}]},{\"@type\":\"WebSite\",\"@id\":\"https:\\\/\\\/www.iemj.org\\\/es\\\/#website\",\"url\":\"https:\\\/\\\/www.iemj.org\\\/es\\\/\",\"name\":\"Institut Europ\u00e9en des Musiques Juives\",\"description\":\"Des traditions musicales \u00e0 la port\u00e9e de tous\",\"publisher\":{\"@id\":\"https:\\\/\\\/www.iemj.org\\\/es\\\/#organization\"},\"potentialAction\":[{\"@type\":\"SearchAction\",\"target\":{\"@type\":\"EntryPoint\",\"urlTemplate\":\"https:\\\/\\\/www.iemj.org\\\/es\\\/?s={search_term_string}\"},\"query-input\":{\"@type\":\"PropertyValueSpecification\",\"valueRequired\":true,\"valueName\":\"search_term_string\"}}],\"inLanguage\":\"es\"},{\"@type\":\"Organization\",\"@id\":\"https:\\\/\\\/www.iemj.org\\\/es\\\/#organization\",\"name\":\"Institut Europ\u00e9en des Musiques Juives\",\"url\":\"https:\\\/\\\/www.iemj.org\\\/es\\\/\",\"logo\":{\"@type\":\"ImageObject\",\"inLanguage\":\"es\",\"@id\":\"https:\\\/\\\/www.iemj.org\\\/es\\\/#\\\/schema\\\/logo\\\/image\\\/\",\"url\":\"https:\\\/\\\/www.iemj.org\\\/wp-content\\\/uploads\\\/2021\\\/09\\\/Logo-IEMJ-Paypal.jpg\",\"contentUrl\":\"https:\\\/\\\/www.iemj.org\\\/wp-content\\\/uploads\\\/2021\\\/09\\\/Logo-IEMJ-Paypal.jpg\",\"width\":150,\"height\":50,\"caption\":\"Institut Europ\u00e9en des Musiques Juives\"},\"image\":{\"@id\":\"https:\\\/\\\/www.iemj.org\\\/es\\\/#\\\/schema\\\/logo\\\/image\\\/\"},\"sameAs\":[\"https:\\\/\\\/www.facebook.com\\\/MusiquesJuives\\\/\",\"https:\\\/\\\/www.instagram.com\\\/musiquesjuives\\\/\",\"https:\\\/\\\/www.youtube.com\\\/user\\\/musiquesjuives\"]},{\"@type\":\"Person\",\"@id\":\"https:\\\/\\\/www.iemj.org\\\/es\\\/#\\\/schema\\\/person\\\/358e26c18aca017fcc4cc15437f7279c\",\"name\":\"Jacqueline ROTEN\",\"image\":{\"@type\":\"ImageObject\",\"inLanguage\":\"es\",\"@id\":\"https:\\\/\\\/secure.gravatar.com\\\/avatar\\\/5964256d6c6957de3a3505278957e0fb2a35119ac47ea41827a65301213c810b?s=96&d=mm&r=g\",\"url\":\"https:\\\/\\\/secure.gravatar.com\\\/avatar\\\/5964256d6c6957de3a3505278957e0fb2a35119ac47ea41827a65301213c810b?s=96&d=mm&r=g\",\"contentUrl\":\"https:\\\/\\\/secure.gravatar.com\\\/avatar\\\/5964256d6c6957de3a3505278957e0fb2a35119ac47ea41827a65301213c810b?s=96&d=mm&r=g\",\"caption\":\"Jacqueline ROTEN\"}}]}<\/script>\n<!-- \/ Yoast SEO plugin. -->","yoast_head_json":{"title":"El reloj de arena del tiempo - Un viaje musical a trav\u00e9s de la alma jud\u00eda - Institut Europ\u00e9en des Musiques Juives","robots":{"index":"index","follow":"follow","max-snippet":"max-snippet:-1","max-image-preview":"max-image-preview:large","max-video-preview":"max-video-preview:-1"},"canonical":"https:\/\/www.iemj.org\/es\/le-sablier-du-temps-un-voyage-musical-a-travers-lame-juive\/","og_locale":"es_ES","og_type":"article","og_title":"El reloj de arena del tiempo - Un viaje musical a trav\u00e9s de la alma jud\u00eda - Institut Europ\u00e9en des Musiques Juives","og_description":"\u00a0 2\u00ba. CD DE LA COLECCI\u00d3N CLASSICOS","og_url":"https:\/\/www.iemj.org\/es\/le-sablier-du-temps-un-voyage-musical-a-travers-lame-juive\/","og_site_name":"Institut Europ\u00e9en des Musiques Juives","article_publisher":"https:\/\/www.facebook.com\/MusiquesJuives\/","article_published_time":"2017-10-15T17:32:43+00:00","article_modified_time":"2025-08-25T15:59:10+00:00","og_image":[{"width":373,"height":336,"url":"https:\/\/www.iemj.org\/wp-content\/uploads\/2017\/10\/arton2513.jpg","type":"image\/jpeg"}],"author":"Jacqueline ROTEN","twitter_card":"summary_large_image","twitter_misc":{"Escrito por":"Jacqueline ROTEN","Tiempo de lectura":"2 minutos"},"schema":{"@context":"https:\/\/schema.org","@graph":[{"@type":"Article","@id":"https:\/\/www.iemj.org\/es\/le-sablier-du-temps-un-voyage-musical-a-travers-lame-juive\/#article","isPartOf":{"@id":"https:\/\/www.iemj.org\/es\/le-sablier-du-temps-un-voyage-musical-a-travers-lame-juive\/"},"author":{"name":"Jacqueline ROTEN","@id":"https:\/\/www.iemj.org\/es\/#\/schema\/person\/358e26c18aca017fcc4cc15437f7279c"},"headline":"El reloj de arena del tiempo &#8211; Un viaje musical a trav\u00e9s de la alma jud\u00eda","datePublished":"2017-10-15T17:32:43+00:00","dateModified":"2025-08-25T15:59:10+00:00","mainEntityOfPage":{"@id":"https:\/\/www.iemj.org\/es\/le-sablier-du-temps-un-voyage-musical-a-travers-lame-juive\/"},"wordCount":248,"publisher":{"@id":"https:\/\/www.iemj.org\/es\/#organization"},"image":{"@id":"https:\/\/www.iemj.org\/es\/le-sablier-du-temps-un-voyage-musical-a-travers-lame-juive\/#primaryimage"},"thumbnailUrl":"https:\/\/www.iemj.org\/wp-content\/uploads\/2017\/10\/arton2513.jpg","articleSection":["CD IEMJ","Coleccion Clasica","Publicaciones"],"inLanguage":"es"},{"@type":"WebPage","@id":"https:\/\/www.iemj.org\/es\/le-sablier-du-temps-un-voyage-musical-a-travers-lame-juive\/","url":"https:\/\/www.iemj.org\/es\/le-sablier-du-temps-un-voyage-musical-a-travers-lame-juive\/","name":"El reloj de arena del tiempo - Un viaje musical a trav\u00e9s de la alma jud\u00eda - Institut Europ\u00e9en des Musiques Juives","isPartOf":{"@id":"https:\/\/www.iemj.org\/es\/#website"},"primaryImageOfPage":{"@id":"https:\/\/www.iemj.org\/es\/le-sablier-du-temps-un-voyage-musical-a-travers-lame-juive\/#primaryimage"},"image":{"@id":"https:\/\/www.iemj.org\/es\/le-sablier-du-temps-un-voyage-musical-a-travers-lame-juive\/#primaryimage"},"thumbnailUrl":"https:\/\/www.iemj.org\/wp-content\/uploads\/2017\/10\/arton2513.jpg","datePublished":"2017-10-15T17:32:43+00:00","dateModified":"2025-08-25T15:59:10+00:00","breadcrumb":{"@id":"https:\/\/www.iemj.org\/es\/le-sablier-du-temps-un-voyage-musical-a-travers-lame-juive\/#breadcrumb"},"inLanguage":"es","potentialAction":[{"@type":"ReadAction","target":["https:\/\/www.iemj.org\/es\/le-sablier-du-temps-un-voyage-musical-a-travers-lame-juive\/"]}]},{"@type":"ImageObject","inLanguage":"es","@id":"https:\/\/www.iemj.org\/es\/le-sablier-du-temps-un-voyage-musical-a-travers-lame-juive\/#primaryimage","url":"https:\/\/www.iemj.org\/wp-content\/uploads\/2017\/10\/arton2513.jpg","contentUrl":"https:\/\/www.iemj.org\/wp-content\/uploads\/2017\/10\/arton2513.jpg","width":373,"height":336},{"@type":"BreadcrumbList","@id":"https:\/\/www.iemj.org\/es\/le-sablier-du-temps-un-voyage-musical-a-travers-lame-juive\/#breadcrumb","itemListElement":[{"@type":"ListItem","position":1,"name":"Accueil","item":"https:\/\/www.iemj.org\/es\/"},{"@type":"ListItem","position":2,"name":"El reloj de arena del tiempo &#8211; Un viaje musical a trav\u00e9s de la alma jud\u00eda"}]},{"@type":"WebSite","@id":"https:\/\/www.iemj.org\/es\/#website","url":"https:\/\/www.iemj.org\/es\/","name":"Institut Europ\u00e9en des Musiques Juives","description":"Des traditions musicales \u00e0 la port\u00e9e de tous","publisher":{"@id":"https:\/\/www.iemj.org\/es\/#organization"},"potentialAction":[{"@type":"SearchAction","target":{"@type":"EntryPoint","urlTemplate":"https:\/\/www.iemj.org\/es\/?s={search_term_string}"},"query-input":{"@type":"PropertyValueSpecification","valueRequired":true,"valueName":"search_term_string"}}],"inLanguage":"es"},{"@type":"Organization","@id":"https:\/\/www.iemj.org\/es\/#organization","name":"Institut Europ\u00e9en des Musiques Juives","url":"https:\/\/www.iemj.org\/es\/","logo":{"@type":"ImageObject","inLanguage":"es","@id":"https:\/\/www.iemj.org\/es\/#\/schema\/logo\/image\/","url":"https:\/\/www.iemj.org\/wp-content\/uploads\/2021\/09\/Logo-IEMJ-Paypal.jpg","contentUrl":"https:\/\/www.iemj.org\/wp-content\/uploads\/2021\/09\/Logo-IEMJ-Paypal.jpg","width":150,"height":50,"caption":"Institut Europ\u00e9en des Musiques Juives"},"image":{"@id":"https:\/\/www.iemj.org\/es\/#\/schema\/logo\/image\/"},"sameAs":["https:\/\/www.facebook.com\/MusiquesJuives\/","https:\/\/www.instagram.com\/musiquesjuives\/","https:\/\/www.youtube.com\/user\/musiquesjuives"]},{"@type":"Person","@id":"https:\/\/www.iemj.org\/es\/#\/schema\/person\/358e26c18aca017fcc4cc15437f7279c","name":"Jacqueline ROTEN","image":{"@type":"ImageObject","inLanguage":"es","@id":"https:\/\/secure.gravatar.com\/avatar\/5964256d6c6957de3a3505278957e0fb2a35119ac47ea41827a65301213c810b?s=96&d=mm&r=g","url":"https:\/\/secure.gravatar.com\/avatar\/5964256d6c6957de3a3505278957e0fb2a35119ac47ea41827a65301213c810b?s=96&d=mm&r=g","contentUrl":"https:\/\/secure.gravatar.com\/avatar\/5964256d6c6957de3a3505278957e0fb2a35119ac47ea41827a65301213c810b?s=96&d=mm&r=g","caption":"Jacqueline ROTEN"}}]}},"_links":{"self":[{"href":"https:\/\/www.iemj.org\/es\/wp-json\/wp\/v2\/posts\/51264","targetHints":{"allow":["GET"]}}],"collection":[{"href":"https:\/\/www.iemj.org\/es\/wp-json\/wp\/v2\/posts"}],"about":[{"href":"https:\/\/www.iemj.org\/es\/wp-json\/wp\/v2\/types\/post"}],"author":[{"embeddable":true,"href":"https:\/\/www.iemj.org\/es\/wp-json\/wp\/v2\/users\/5"}],"replies":[{"embeddable":true,"href":"https:\/\/www.iemj.org\/es\/wp-json\/wp\/v2\/comments?post=51264"}],"version-history":[{"count":0,"href":"https:\/\/www.iemj.org\/es\/wp-json\/wp\/v2\/posts\/51264\/revisions"}],"wp:featuredmedia":[{"embeddable":true,"href":"https:\/\/www.iemj.org\/es\/wp-json\/wp\/v2\/media\/51265"}],"wp:attachment":[{"href":"https:\/\/www.iemj.org\/es\/wp-json\/wp\/v2\/media?parent=51264"}],"wp:term":[{"taxonomy":"category","embeddable":true,"href":"https:\/\/www.iemj.org\/es\/wp-json\/wp\/v2\/categories?post=51264"},{"taxonomy":"post_tag","embeddable":true,"href":"https:\/\/www.iemj.org\/es\/wp-json\/wp\/v2\/tags?post=51264"},{"taxonomy":"technique","embeddable":true,"href":"https:\/\/www.iemj.org\/es\/wp-json\/wp\/v2\/technique?post=51264"},{"taxonomy":"squelettes","embeddable":true,"href":"https:\/\/www.iemj.org\/es\/wp-json\/wp\/v2\/squelettes?post=51264"},{"taxonomy":"sujet","embeddable":true,"href":"https:\/\/www.iemj.org\/es\/wp-json\/wp\/v2\/sujet?post=51264"},{"taxonomy":"formation","embeddable":true,"href":"https:\/\/www.iemj.org\/es\/wp-json\/wp\/v2\/formation?post=51264"},{"taxonomy":"genre","embeddable":true,"href":"https:\/\/www.iemj.org\/es\/wp-json\/wp\/v2\/genre?post=51264"},{"taxonomy":"fonds","embeddable":true,"href":"https:\/\/www.iemj.org\/es\/wp-json\/wp\/v2\/fonds?post=51264"},{"taxonomy":"tradition","embeddable":true,"href":"https:\/\/www.iemj.org\/es\/wp-json\/wp\/v2\/tradition?post=51264"},{"taxonomy":"type-de-contenu","embeddable":true,"href":"https:\/\/www.iemj.org\/es\/wp-json\/wp\/v2\/type-de-contenu?post=51264"},{"taxonomy":"interprete-compositeur","embeddable":true,"href":"https:\/\/www.iemj.org\/es\/wp-json\/wp\/v2\/interprete-compositeur?post=51264"},{"taxonomy":"frise","embeddable":true,"href":"https:\/\/www.iemj.org\/es\/wp-json\/wp\/v2\/frise?post=51264"},{"taxonomy":"type-devenement","embeddable":true,"href":"https:\/\/www.iemj.org\/es\/wp-json\/wp\/v2\/type-devenement?post=51264"},{"taxonomy":"tableaux-liens-externes","embeddable":true,"href":"https:\/\/www.iemj.org\/es\/wp-json\/wp\/v2\/tableaux-liens-externes?post=51264"}],"curies":[{"name":"wp","href":"https:\/\/api.w.org\/{rel}","templated":true}]}}