{"id":51326,"date":"2017-10-16T17:47:44","date_gmt":"2017-10-16T15:47:44","guid":{"rendered":"https:\/\/www.iemj.org\/musique-francaise-avant-et-apres-la-grande-guerre\/"},"modified":"2025-08-27T11:01:50","modified_gmt":"2025-08-27T09:01:50","slug":"musique-francaise-avant-et-apres-la-grande-guerre","status":"publish","type":"post","link":"https:\/\/www.iemj.org\/es\/musique-francaise-avant-et-apres-la-grande-guerre\/","title":{"rendered":"M\u00fasica francesa antes y despu\u00e9s de la Gran Guerra"},"content":{"rendered":"<h3>\u00a0<\/h3>\n<h3>3\u00ba. CD DE LA COLECCI\u00d3N CLASSICOS<\/h3>\n<p><!--more--><\/p>\n<p><span style=\"font-size: inherit;\">La primera Guerra mundial ha marcado en Europa un cambio intenso al que la creaci\u00f3n musical no ha escapado. Interpretadas por el orquesta del Campus D&#8217;Orsay, bajo la direcci\u00f3n de Martin Barral y el pianista Olivier Herbay, las obras reunidas en este disco ilustran esto : la Sinfon\u00eda en do minor de <\/span><a style=\"font-size: inherit;\" href=\"https:\/\/www.iemj.org\/es\/halphen-fernand-1872-1917\/\">Fernand Halphen<\/a><span style=\"font-size: inherit;\"> (1872-1917) &#8211; escrita entre 1896 y 1897 pero que no hab\u00eda sido grabada por el momento &#8211; pertenece todav\u00eda al siglo XIX, tanto en termino de clasicismo del lenguaje como en b\u00fasqueda expresiva, mientras que el Concierto para la mano izquierda de <\/span><a style=\"font-size: inherit;\" href=\"https:\/\/fr.wikipedia.org\/wiki\/Maurice_Ravel\">Maurice Ravel <\/a><span style=\"font-size: inherit;\"> (1875-1937), decididamente llevado hacia la modernidad, es el fruto de un compositor en plena madurez, once a\u00f1os despu\u00e9s del fin del conflicto.<\/span><\/p>\n<p><strong>Reunir las obras de estos compositores, sin tener en cuenta de su grado de notoriedad, permite dar cuenta mejor de la diversidad estil\u00edstica de la producci\u00f3n musical francesa antes y despu\u00e9s de la guerra de 14.<br \/><\/strong><\/p>\n<p>CD realizado con el apoyo de la <a href=\"http:\/\/www.u-psud.fr\/fr\/index.html\">Universit\u00e9 Paris Sud<\/a>, la <a href=\"http:\/\/www.fondationshoah.org\/\">Fondation pour la M\u00e9moire de la Shoah<\/a> y la <a href=\"https:\/\/www.fondationjudaisme.org\/\">Fondation du Juda\u00efsme Fran\u00e7ais<\/a>.<\/p>\n<p><a href=\"https:\/\/www.iemj.org\/en\/product\/hebrew-melodies-3\/\" target=\"_blank\" rel=\"noopener\">Comprar el CD online en la tienda del IEMJ<\/a><\/p>\n<p><a href=\"https:\/\/www.iemj.org\/wp-content\/uploads\/2018\/02\/pressbook_cdc_3.pdf\" target=\"_blank\" rel=\"noopener\">Descargar el dossier de prensa del CD M\u00fasica francesa antes y despu\u00e9s de la Gran Guerra<\/a><\/p>\n<p><br \/><iframe src=\"https:\/\/www.youtube.com\/embed\/zawLvkuQgic\" width=\"720\" height=\"410\" frameborder=\"0\" allowfullscreen=\"allowfullscreen\"><\/iframe><\/p>\n\n\n<h2 class=\"wp-block-heading\"><\/h2>\n\n\n<div class=\"wp-block-image\">\n<figure class=\"aligncenter size-large\"><img fetchpriority=\"high\" decoding=\"async\" width=\"1024\" height=\"133\" src=\"https:\/\/www.iemj.org\/wp-content\/uploads\/2024\/03\/AUDIO-PLAYER-1024x133.png\" alt=\"\" class=\"wp-image-110610\" srcset=\"https:\/\/www.iemj.org\/wp-content\/uploads\/2024\/03\/AUDIO-PLAYER-1024x133.png 1024w, https:\/\/www.iemj.org\/wp-content\/uploads\/2024\/03\/AUDIO-PLAYER-300x39.png 300w, https:\/\/www.iemj.org\/wp-content\/uploads\/2024\/03\/AUDIO-PLAYER-768x100.png 768w, https:\/\/www.iemj.org\/wp-content\/uploads\/2024\/03\/AUDIO-PLAYER-600x78.png 600w, https:\/\/www.iemj.org\/wp-content\/uploads\/2024\/03\/AUDIO-PLAYER.png 1210w\" sizes=\"(max-width: 1024px) 100vw, 1024px\" \/><\/figure>\n<\/div>\n\n\n<div class=\"wp-block-file\"><a href=\"https:\/\/www.iemj.org\/wp-content\/uploads\/2017\/10\/ravel_concerto_main_gauche-debut_siteiemj.mp3\">Maurice RAVEL Concerto pour la main gauche<\/a><\/div>\n\n\n\n<div class=\"wp-block-file\"><a href=\"https:\/\/www.iemj.org\/wp-content\/uploads\/2017\/10\/halphen_symphonie_1-allegro_siteiemj.mp3\">Fernand HALPHEN Symphonie mouvement 1 &#8211; Allegro<\/a><\/div>\n\n\n\n<div class=\"wp-block-file\"><a href=\"https:\/\/www.iemj.org\/wp-content\/uploads\/2017\/10\/halphen_symphonie_mvt2-andante_siteiemj.mp3\">Fernand HALPHEN Symphonie mouvement 2 &#8211; Andante<\/a><\/div>\n\n\n\n<div class=\"wp-block-file\"><a href=\"https:\/\/www.iemj.org\/wp-content\/uploads\/2017\/10\/halphen_symphonie_mvt3-scherzo_siteiemj.mp3\">Fernand HALPHEN Symphonie mouvement 3 &#8211; Scherzo<\/a><\/div>\n\n\n\n<div class=\"wp-block-file\"><a href=\"https:\/\/www.iemj.org\/wp-content\/uploads\/2017\/10\/halphen_symphonie_mvt4-finale_siteiemj.mp3\">Fernand HALPHEN Symphonie mouvement 4 &#8211; Finale<\/a><\/div>\n","protected":false},"excerpt":{"rendered":"<p>\u00a0 3\u00ba. CD DE LA COLECCI\u00d3N CLASSICOS<\/p>\n","protected":false},"author":5,"featured_media":51327,"comment_status":"closed","ping_status":"open","sticky":false,"template":"","format":"standard","meta":{"_acf_changed":false,"footnotes":""},"categories":[1394,2201,1391],"tags":[],"technique":[],"squelettes":[],"sujet":[],"formation":[],"genre":[1899],"fonds":[],"tradition":[],"type-de-contenu":[],"interprete-compositeur":[3166,3253],"frise":[],"type-devenement":[],"tableaux-liens-externes":[],"class_list":["post-51326","post","type-post","status-publish","format-standard","has-post-thumbnail","hentry","category-cd-iemj-es","category-coleccion-clasica-es","category-publicaciones-es","genre-musica-clasica-es","interprete-compositeur-fernand-halphen-es","interprete-compositeur-maurice-ravel-2-es"],"acf":[],"yoast_head":"<!-- This site is optimized with the Yoast SEO plugin v27.3 - https:\/\/yoast.com\/product\/yoast-seo-wordpress\/ -->\n<title>M\u00fasica francesa antes y despu\u00e9s de la Gran Guerra - Institut Europ\u00e9en des Musiques Juives<\/title>\n<meta name=\"robots\" content=\"index, follow, max-snippet:-1, max-image-preview:large, max-video-preview:-1\" \/>\n<link rel=\"canonical\" href=\"https:\/\/www.iemj.org\/es\/musique-francaise-avant-et-apres-la-grande-guerre\/\" \/>\n<meta property=\"og:locale\" content=\"es_ES\" \/>\n<meta property=\"og:type\" content=\"article\" \/>\n<meta property=\"og:title\" content=\"M\u00fasica francesa antes y despu\u00e9s de la Gran Guerra - Institut Europ\u00e9en des Musiques Juives\" \/>\n<meta property=\"og:description\" content=\"\u00a0 3\u00ba. CD DE LA COLECCI\u00d3N CLASSICOS\" \/>\n<meta property=\"og:url\" content=\"https:\/\/www.iemj.org\/es\/musique-francaise-avant-et-apres-la-grande-guerre\/\" \/>\n<meta property=\"og:site_name\" content=\"Institut Europ\u00e9en des Musiques Juives\" \/>\n<meta property=\"article:publisher\" content=\"https:\/\/www.facebook.com\/MusiquesJuives\/\" \/>\n<meta property=\"article:published_time\" content=\"2017-10-16T15:47:44+00:00\" \/>\n<meta property=\"article:modified_time\" content=\"2025-08-27T09:01:50+00:00\" \/>\n<meta property=\"og:image\" content=\"https:\/\/www.iemj.org\/wp-content\/uploads\/2017\/10\/arton2516.jpg\" \/>\n\t<meta property=\"og:image:width\" content=\"608\" \/>\n\t<meta property=\"og:image:height\" content=\"538\" \/>\n\t<meta property=\"og:image:type\" content=\"image\/jpeg\" \/>\n<meta name=\"author\" content=\"Jacqueline ROTEN\" \/>\n<meta name=\"twitter:card\" content=\"summary_large_image\" \/>\n<meta name=\"twitter:label1\" content=\"Escrito por\" \/>\n\t<meta name=\"twitter:data1\" content=\"Jacqueline ROTEN\" \/>\n\t<meta name=\"twitter:label2\" content=\"Tiempo de lectura\" \/>\n\t<meta name=\"twitter:data2\" content=\"2 minutos\" \/>\n<script type=\"application\/ld+json\" class=\"yoast-schema-graph\">{\"@context\":\"https:\\\/\\\/schema.org\",\"@graph\":[{\"@type\":\"Article\",\"@id\":\"https:\\\/\\\/www.iemj.org\\\/es\\\/musique-francaise-avant-et-apres-la-grande-guerre\\\/#article\",\"isPartOf\":{\"@id\":\"https:\\\/\\\/www.iemj.org\\\/es\\\/musique-francaise-avant-et-apres-la-grande-guerre\\\/\"},\"author\":{\"name\":\"Jacqueline ROTEN\",\"@id\":\"https:\\\/\\\/www.iemj.org\\\/es\\\/#\\\/schema\\\/person\\\/358e26c18aca017fcc4cc15437f7279c\"},\"headline\":\"M\u00fasica francesa antes y despu\u00e9s de la Gran Guerra\",\"datePublished\":\"2017-10-16T15:47:44+00:00\",\"dateModified\":\"2025-08-27T09:01:50+00:00\",\"mainEntityOfPage\":{\"@id\":\"https:\\\/\\\/www.iemj.org\\\/es\\\/musique-francaise-avant-et-apres-la-grande-guerre\\\/\"},\"wordCount\":266,\"publisher\":{\"@id\":\"https:\\\/\\\/www.iemj.org\\\/es\\\/#organization\"},\"image\":{\"@id\":\"https:\\\/\\\/www.iemj.org\\\/es\\\/musique-francaise-avant-et-apres-la-grande-guerre\\\/#primaryimage\"},\"thumbnailUrl\":\"https:\\\/\\\/www.iemj.org\\\/wp-content\\\/uploads\\\/2017\\\/10\\\/arton2516.jpg\",\"articleSection\":[\"CD IEMJ\",\"Coleccion Clasica\",\"Publicaciones\"],\"inLanguage\":\"es\"},{\"@type\":\"WebPage\",\"@id\":\"https:\\\/\\\/www.iemj.org\\\/es\\\/musique-francaise-avant-et-apres-la-grande-guerre\\\/\",\"url\":\"https:\\\/\\\/www.iemj.org\\\/es\\\/musique-francaise-avant-et-apres-la-grande-guerre\\\/\",\"name\":\"M\u00fasica francesa antes y despu\u00e9s de la Gran Guerra - Institut Europ\u00e9en des Musiques Juives\",\"isPartOf\":{\"@id\":\"https:\\\/\\\/www.iemj.org\\\/es\\\/#website\"},\"primaryImageOfPage\":{\"@id\":\"https:\\\/\\\/www.iemj.org\\\/es\\\/musique-francaise-avant-et-apres-la-grande-guerre\\\/#primaryimage\"},\"image\":{\"@id\":\"https:\\\/\\\/www.iemj.org\\\/es\\\/musique-francaise-avant-et-apres-la-grande-guerre\\\/#primaryimage\"},\"thumbnailUrl\":\"https:\\\/\\\/www.iemj.org\\\/wp-content\\\/uploads\\\/2017\\\/10\\\/arton2516.jpg\",\"datePublished\":\"2017-10-16T15:47:44+00:00\",\"dateModified\":\"2025-08-27T09:01:50+00:00\",\"breadcrumb\":{\"@id\":\"https:\\\/\\\/www.iemj.org\\\/es\\\/musique-francaise-avant-et-apres-la-grande-guerre\\\/#breadcrumb\"},\"inLanguage\":\"es\",\"potentialAction\":[{\"@type\":\"ReadAction\",\"target\":[\"https:\\\/\\\/www.iemj.org\\\/es\\\/musique-francaise-avant-et-apres-la-grande-guerre\\\/\"]}]},{\"@type\":\"ImageObject\",\"inLanguage\":\"es\",\"@id\":\"https:\\\/\\\/www.iemj.org\\\/es\\\/musique-francaise-avant-et-apres-la-grande-guerre\\\/#primaryimage\",\"url\":\"https:\\\/\\\/www.iemj.org\\\/wp-content\\\/uploads\\\/2017\\\/10\\\/arton2516.jpg\",\"contentUrl\":\"https:\\\/\\\/www.iemj.org\\\/wp-content\\\/uploads\\\/2017\\\/10\\\/arton2516.jpg\",\"width\":608,\"height\":538},{\"@type\":\"BreadcrumbList\",\"@id\":\"https:\\\/\\\/www.iemj.org\\\/es\\\/musique-francaise-avant-et-apres-la-grande-guerre\\\/#breadcrumb\",\"itemListElement\":[{\"@type\":\"ListItem\",\"position\":1,\"name\":\"Accueil\",\"item\":\"https:\\\/\\\/www.iemj.org\\\/es\\\/\"},{\"@type\":\"ListItem\",\"position\":2,\"name\":\"M\u00fasica francesa antes y despu\u00e9s de la Gran Guerra\"}]},{\"@type\":\"WebSite\",\"@id\":\"https:\\\/\\\/www.iemj.org\\\/es\\\/#website\",\"url\":\"https:\\\/\\\/www.iemj.org\\\/es\\\/\",\"name\":\"Institut Europ\u00e9en des Musiques Juives\",\"description\":\"Des traditions musicales \u00e0 la port\u00e9e de tous\",\"publisher\":{\"@id\":\"https:\\\/\\\/www.iemj.org\\\/es\\\/#organization\"},\"potentialAction\":[{\"@type\":\"SearchAction\",\"target\":{\"@type\":\"EntryPoint\",\"urlTemplate\":\"https:\\\/\\\/www.iemj.org\\\/es\\\/?s={search_term_string}\"},\"query-input\":{\"@type\":\"PropertyValueSpecification\",\"valueRequired\":true,\"valueName\":\"search_term_string\"}}],\"inLanguage\":\"es\"},{\"@type\":\"Organization\",\"@id\":\"https:\\\/\\\/www.iemj.org\\\/es\\\/#organization\",\"name\":\"Institut Europ\u00e9en des Musiques Juives\",\"url\":\"https:\\\/\\\/www.iemj.org\\\/es\\\/\",\"logo\":{\"@type\":\"ImageObject\",\"inLanguage\":\"es\",\"@id\":\"https:\\\/\\\/www.iemj.org\\\/es\\\/#\\\/schema\\\/logo\\\/image\\\/\",\"url\":\"https:\\\/\\\/www.iemj.org\\\/wp-content\\\/uploads\\\/2021\\\/09\\\/Logo-IEMJ-Paypal.jpg\",\"contentUrl\":\"https:\\\/\\\/www.iemj.org\\\/wp-content\\\/uploads\\\/2021\\\/09\\\/Logo-IEMJ-Paypal.jpg\",\"width\":150,\"height\":50,\"caption\":\"Institut Europ\u00e9en des Musiques Juives\"},\"image\":{\"@id\":\"https:\\\/\\\/www.iemj.org\\\/es\\\/#\\\/schema\\\/logo\\\/image\\\/\"},\"sameAs\":[\"https:\\\/\\\/www.facebook.com\\\/MusiquesJuives\\\/\",\"https:\\\/\\\/www.instagram.com\\\/musiquesjuives\\\/\",\"https:\\\/\\\/www.youtube.com\\\/user\\\/musiquesjuives\"]},{\"@type\":\"Person\",\"@id\":\"https:\\\/\\\/www.iemj.org\\\/es\\\/#\\\/schema\\\/person\\\/358e26c18aca017fcc4cc15437f7279c\",\"name\":\"Jacqueline ROTEN\",\"image\":{\"@type\":\"ImageObject\",\"inLanguage\":\"es\",\"@id\":\"https:\\\/\\\/secure.gravatar.com\\\/avatar\\\/5964256d6c6957de3a3505278957e0fb2a35119ac47ea41827a65301213c810b?s=96&d=mm&r=g\",\"url\":\"https:\\\/\\\/secure.gravatar.com\\\/avatar\\\/5964256d6c6957de3a3505278957e0fb2a35119ac47ea41827a65301213c810b?s=96&d=mm&r=g\",\"contentUrl\":\"https:\\\/\\\/secure.gravatar.com\\\/avatar\\\/5964256d6c6957de3a3505278957e0fb2a35119ac47ea41827a65301213c810b?s=96&d=mm&r=g\",\"caption\":\"Jacqueline ROTEN\"}}]}<\/script>\n<!-- \/ Yoast SEO plugin. -->","yoast_head_json":{"title":"M\u00fasica francesa antes y despu\u00e9s de la Gran Guerra - Institut Europ\u00e9en des Musiques Juives","robots":{"index":"index","follow":"follow","max-snippet":"max-snippet:-1","max-image-preview":"max-image-preview:large","max-video-preview":"max-video-preview:-1"},"canonical":"https:\/\/www.iemj.org\/es\/musique-francaise-avant-et-apres-la-grande-guerre\/","og_locale":"es_ES","og_type":"article","og_title":"M\u00fasica francesa antes y despu\u00e9s de la Gran Guerra - Institut Europ\u00e9en des Musiques Juives","og_description":"\u00a0 3\u00ba. CD DE LA COLECCI\u00d3N CLASSICOS","og_url":"https:\/\/www.iemj.org\/es\/musique-francaise-avant-et-apres-la-grande-guerre\/","og_site_name":"Institut Europ\u00e9en des Musiques Juives","article_publisher":"https:\/\/www.facebook.com\/MusiquesJuives\/","article_published_time":"2017-10-16T15:47:44+00:00","article_modified_time":"2025-08-27T09:01:50+00:00","og_image":[{"width":608,"height":538,"url":"https:\/\/www.iemj.org\/wp-content\/uploads\/2017\/10\/arton2516.jpg","type":"image\/jpeg"}],"author":"Jacqueline ROTEN","twitter_card":"summary_large_image","twitter_misc":{"Escrito por":"Jacqueline ROTEN","Tiempo de lectura":"2 minutos"},"schema":{"@context":"https:\/\/schema.org","@graph":[{"@type":"Article","@id":"https:\/\/www.iemj.org\/es\/musique-francaise-avant-et-apres-la-grande-guerre\/#article","isPartOf":{"@id":"https:\/\/www.iemj.org\/es\/musique-francaise-avant-et-apres-la-grande-guerre\/"},"author":{"name":"Jacqueline ROTEN","@id":"https:\/\/www.iemj.org\/es\/#\/schema\/person\/358e26c18aca017fcc4cc15437f7279c"},"headline":"M\u00fasica francesa antes y despu\u00e9s de la Gran Guerra","datePublished":"2017-10-16T15:47:44+00:00","dateModified":"2025-08-27T09:01:50+00:00","mainEntityOfPage":{"@id":"https:\/\/www.iemj.org\/es\/musique-francaise-avant-et-apres-la-grande-guerre\/"},"wordCount":266,"publisher":{"@id":"https:\/\/www.iemj.org\/es\/#organization"},"image":{"@id":"https:\/\/www.iemj.org\/es\/musique-francaise-avant-et-apres-la-grande-guerre\/#primaryimage"},"thumbnailUrl":"https:\/\/www.iemj.org\/wp-content\/uploads\/2017\/10\/arton2516.jpg","articleSection":["CD IEMJ","Coleccion Clasica","Publicaciones"],"inLanguage":"es"},{"@type":"WebPage","@id":"https:\/\/www.iemj.org\/es\/musique-francaise-avant-et-apres-la-grande-guerre\/","url":"https:\/\/www.iemj.org\/es\/musique-francaise-avant-et-apres-la-grande-guerre\/","name":"M\u00fasica francesa antes y despu\u00e9s de la Gran Guerra - Institut Europ\u00e9en des Musiques Juives","isPartOf":{"@id":"https:\/\/www.iemj.org\/es\/#website"},"primaryImageOfPage":{"@id":"https:\/\/www.iemj.org\/es\/musique-francaise-avant-et-apres-la-grande-guerre\/#primaryimage"},"image":{"@id":"https:\/\/www.iemj.org\/es\/musique-francaise-avant-et-apres-la-grande-guerre\/#primaryimage"},"thumbnailUrl":"https:\/\/www.iemj.org\/wp-content\/uploads\/2017\/10\/arton2516.jpg","datePublished":"2017-10-16T15:47:44+00:00","dateModified":"2025-08-27T09:01:50+00:00","breadcrumb":{"@id":"https:\/\/www.iemj.org\/es\/musique-francaise-avant-et-apres-la-grande-guerre\/#breadcrumb"},"inLanguage":"es","potentialAction":[{"@type":"ReadAction","target":["https:\/\/www.iemj.org\/es\/musique-francaise-avant-et-apres-la-grande-guerre\/"]}]},{"@type":"ImageObject","inLanguage":"es","@id":"https:\/\/www.iemj.org\/es\/musique-francaise-avant-et-apres-la-grande-guerre\/#primaryimage","url":"https:\/\/www.iemj.org\/wp-content\/uploads\/2017\/10\/arton2516.jpg","contentUrl":"https:\/\/www.iemj.org\/wp-content\/uploads\/2017\/10\/arton2516.jpg","width":608,"height":538},{"@type":"BreadcrumbList","@id":"https:\/\/www.iemj.org\/es\/musique-francaise-avant-et-apres-la-grande-guerre\/#breadcrumb","itemListElement":[{"@type":"ListItem","position":1,"name":"Accueil","item":"https:\/\/www.iemj.org\/es\/"},{"@type":"ListItem","position":2,"name":"M\u00fasica francesa antes y despu\u00e9s de la Gran Guerra"}]},{"@type":"WebSite","@id":"https:\/\/www.iemj.org\/es\/#website","url":"https:\/\/www.iemj.org\/es\/","name":"Institut Europ\u00e9en des Musiques Juives","description":"Des traditions musicales \u00e0 la port\u00e9e de tous","publisher":{"@id":"https:\/\/www.iemj.org\/es\/#organization"},"potentialAction":[{"@type":"SearchAction","target":{"@type":"EntryPoint","urlTemplate":"https:\/\/www.iemj.org\/es\/?s={search_term_string}"},"query-input":{"@type":"PropertyValueSpecification","valueRequired":true,"valueName":"search_term_string"}}],"inLanguage":"es"},{"@type":"Organization","@id":"https:\/\/www.iemj.org\/es\/#organization","name":"Institut Europ\u00e9en des Musiques Juives","url":"https:\/\/www.iemj.org\/es\/","logo":{"@type":"ImageObject","inLanguage":"es","@id":"https:\/\/www.iemj.org\/es\/#\/schema\/logo\/image\/","url":"https:\/\/www.iemj.org\/wp-content\/uploads\/2021\/09\/Logo-IEMJ-Paypal.jpg","contentUrl":"https:\/\/www.iemj.org\/wp-content\/uploads\/2021\/09\/Logo-IEMJ-Paypal.jpg","width":150,"height":50,"caption":"Institut Europ\u00e9en des Musiques Juives"},"image":{"@id":"https:\/\/www.iemj.org\/es\/#\/schema\/logo\/image\/"},"sameAs":["https:\/\/www.facebook.com\/MusiquesJuives\/","https:\/\/www.instagram.com\/musiquesjuives\/","https:\/\/www.youtube.com\/user\/musiquesjuives"]},{"@type":"Person","@id":"https:\/\/www.iemj.org\/es\/#\/schema\/person\/358e26c18aca017fcc4cc15437f7279c","name":"Jacqueline ROTEN","image":{"@type":"ImageObject","inLanguage":"es","@id":"https:\/\/secure.gravatar.com\/avatar\/5964256d6c6957de3a3505278957e0fb2a35119ac47ea41827a65301213c810b?s=96&d=mm&r=g","url":"https:\/\/secure.gravatar.com\/avatar\/5964256d6c6957de3a3505278957e0fb2a35119ac47ea41827a65301213c810b?s=96&d=mm&r=g","contentUrl":"https:\/\/secure.gravatar.com\/avatar\/5964256d6c6957de3a3505278957e0fb2a35119ac47ea41827a65301213c810b?s=96&d=mm&r=g","caption":"Jacqueline ROTEN"}}]}},"_links":{"self":[{"href":"https:\/\/www.iemj.org\/es\/wp-json\/wp\/v2\/posts\/51326","targetHints":{"allow":["GET"]}}],"collection":[{"href":"https:\/\/www.iemj.org\/es\/wp-json\/wp\/v2\/posts"}],"about":[{"href":"https:\/\/www.iemj.org\/es\/wp-json\/wp\/v2\/types\/post"}],"author":[{"embeddable":true,"href":"https:\/\/www.iemj.org\/es\/wp-json\/wp\/v2\/users\/5"}],"replies":[{"embeddable":true,"href":"https:\/\/www.iemj.org\/es\/wp-json\/wp\/v2\/comments?post=51326"}],"version-history":[{"count":0,"href":"https:\/\/www.iemj.org\/es\/wp-json\/wp\/v2\/posts\/51326\/revisions"}],"wp:featuredmedia":[{"embeddable":true,"href":"https:\/\/www.iemj.org\/es\/wp-json\/wp\/v2\/media\/51327"}],"wp:attachment":[{"href":"https:\/\/www.iemj.org\/es\/wp-json\/wp\/v2\/media?parent=51326"}],"wp:term":[{"taxonomy":"category","embeddable":true,"href":"https:\/\/www.iemj.org\/es\/wp-json\/wp\/v2\/categories?post=51326"},{"taxonomy":"post_tag","embeddable":true,"href":"https:\/\/www.iemj.org\/es\/wp-json\/wp\/v2\/tags?post=51326"},{"taxonomy":"technique","embeddable":true,"href":"https:\/\/www.iemj.org\/es\/wp-json\/wp\/v2\/technique?post=51326"},{"taxonomy":"squelettes","embeddable":true,"href":"https:\/\/www.iemj.org\/es\/wp-json\/wp\/v2\/squelettes?post=51326"},{"taxonomy":"sujet","embeddable":true,"href":"https:\/\/www.iemj.org\/es\/wp-json\/wp\/v2\/sujet?post=51326"},{"taxonomy":"formation","embeddable":true,"href":"https:\/\/www.iemj.org\/es\/wp-json\/wp\/v2\/formation?post=51326"},{"taxonomy":"genre","embeddable":true,"href":"https:\/\/www.iemj.org\/es\/wp-json\/wp\/v2\/genre?post=51326"},{"taxonomy":"fonds","embeddable":true,"href":"https:\/\/www.iemj.org\/es\/wp-json\/wp\/v2\/fonds?post=51326"},{"taxonomy":"tradition","embeddable":true,"href":"https:\/\/www.iemj.org\/es\/wp-json\/wp\/v2\/tradition?post=51326"},{"taxonomy":"type-de-contenu","embeddable":true,"href":"https:\/\/www.iemj.org\/es\/wp-json\/wp\/v2\/type-de-contenu?post=51326"},{"taxonomy":"interprete-compositeur","embeddable":true,"href":"https:\/\/www.iemj.org\/es\/wp-json\/wp\/v2\/interprete-compositeur?post=51326"},{"taxonomy":"frise","embeddable":true,"href":"https:\/\/www.iemj.org\/es\/wp-json\/wp\/v2\/frise?post=51326"},{"taxonomy":"type-devenement","embeddable":true,"href":"https:\/\/www.iemj.org\/es\/wp-json\/wp\/v2\/type-devenement?post=51326"},{"taxonomy":"tableaux-liens-externes","embeddable":true,"href":"https:\/\/www.iemj.org\/es\/wp-json\/wp\/v2\/tableaux-liens-externes?post=51326"}],"curies":[{"name":"wp","href":"https:\/\/api.w.org\/{rel}","templated":true}]}}