{"id":51543,"date":"2018-09-12T16:42:01","date_gmt":"2018-09-12T14:42:01","guid":{"rendered":"https:\/\/www.iemj.org\/kol-nidre-nouvelles-visions\/"},"modified":"2025-09-23T19:19:47","modified_gmt":"2025-09-23T17:19:47","slug":"kol-nidre-nouvelles-visions","status":"publish","type":"post","link":"https:\/\/www.iemj.org\/es\/kol-nidre-nouvelles-visions\/","title":{"rendered":"Kol Nidr\u00e9 &#8211; Nuevas visiones"},"content":{"rendered":"\n<p>\u00abKol Nidr\u00e9\u00bb, es con estas palabras que empieza la impresionante y conmovedora oraci\u00f3n introduciendo las veinticuatro horas del d\u00eda m\u00e1s solemne del a\u00f1o jud\u00edo, Yom Kippour. La melod\u00eda tradicional de esta oraci\u00f3n siempre ha ejercitado un verdadero un poder de fascinaci\u00f3n y hechizo, no solo en el mundo jud\u00edo pero tambi\u00e9n en muchos compositores que se han inspirado en el para componer obras de sublime belleza.<\/p>\n\n\n<div class=\"wp-block-image\">\n<figure class=\"alignright\"><img decoding=\"async\" width=\"116\" height=\"150\" src=\"https:\/\/www.iemj.org\/wp-content\/uploads\/2018\/09\/mg_2420cdelfino_jf_zygel.jpg\" alt=\"_mg_2420cdelfino_jf_zygel.jpg\" class=\"wp-image-20741\"\/><\/figure>\n<\/div>\n\n\n<p><span style=\"font-size: inherit;\">En 2010, la Uni\u00f3n Liberal Israelita de Francia (ULIF) y el Instituto Europeo de las M\u00fasicas Jud\u00edas (IEMJ) hab\u00edan producido un primer disco intitulado \u00ab<\/span><a style=\"font-size: inherit;\" href=\"https:\/\/www.iemj.org\/es\/kol-nidre-huit-visions\/\">Kol nidr\u00e9 \u2013 Huit visions<\/a><span style=\"font-size: inherit;\">\u00bb <\/span><span style=\"font-size: inherit;\">(Ocho visiones)\u00bb. Ocho a\u00f1os despu\u00e9s el ULIF, Copernic y el IEMJ lo hacen de nuevo con la publicaci\u00f3n del presente CD que ofrece diez nuevas visiones musicales de Kol Nidr\u00e9, cuyo dos creaciones mundiales : el Kol Nidrei de Alexandre Tansman (manuscrito, 1945) y lo de Jean-Fran\u00e7ois Zygel para piano.<\/span><\/p>\n\n\n\n<p>Podemos tambi\u00e9n percibir los Kol nidr\u00e9 de <strong>Alberto Hemsi<\/strong> (voces y piano), <strong>Denis Cuniot<\/strong> (improvisaci\u00f3n Jazz), <strong>Eyal Bitton<\/strong> (cantor y coro a capella), <strong>Ben Zebelman<\/strong> (piano, viol\u00edn, y violoncelo), <strong>Sid Robinovitch<\/strong> (guitarra solista), <strong>Joachim Stutschewsky<\/strong> (arpa y violoncelo), <strong>Jean-Fran\u00e7ois Zygel<\/strong> (piano y violoncelo) y <strong>Ita\u00ef Daniel<\/strong> (coro, coro, tenor, clarinete y cuarteto de cuerdas).<\/p>\n\n\n<div class=\"wp-block-image\">\n<figure class=\"alignleft\"><img decoding=\"async\" width=\"107\" height=\"150\" src=\"https:\/\/www.iemj.org\/wp-content\/uploads\/2018\/09\/magen_bailly.jpg\" alt=\"magen_bailly.jpg\" class=\"wp-image-20743\"\/><\/figure>\n<\/div>\n\n\n<p>Un disco de referencia interpretado por artistas de renombre mundial (Martine Bailly, Liat Cohen, Sivan Magen, Jean-Fran\u00e7ois Zygel\u2026) acompa\u00f1ado por una libreta ricamente documentado (textos de Delphine Horvilleur, Herv\u00e9 Roten y Bruno Fraitag).<\/p>\n\n\n\n<p><em>Este CD ha sido realizado con el apoyo de la <a href=\"https:\/\/www.fondationjudaisme.org\/\">Fondation du Juda\u00efsme Fran\u00e7ais<\/a>, de la <a href=\"www.fondationshoah.org\/\">Fondation pour la M\u00e9moire de la Shoah<\/a>, de la Fondation Ir\u00e8ne et Jacques Darmon, bajo la \u00e9gida de la FJF, y de la <a href=\"https:\/\/www.aiu.org\/fr\/alliance-israelite-universelle\">Alliance Isra\u00e9lite Universelle<\/a>.<\/em><\/p>\n\n\n\n<div style=\"height:10px\" aria-hidden=\"true\" class=\"wp-block-spacer\"><\/div>\n\n\n\n<div class=\"wp-block-buttons is-layout-flex wp-block-buttons-is-layout-flex\">\n<div class=\"wp-block-button has-custom-width wp-block-button__width-100\"><a class=\"wp-block-button__link has-white-color has-text-color has-background has-link-color wp-element-button\" href=\"https:\/\/www.iemj.org\/es\/produit\/kol-nidre-new-visions\/\" style=\"background-color:#3c4b98\" target=\"_blank\" rel=\"noreferrer noopener\"><strong>Comprar el CD online en la tienda del IEMJ<\/strong><\/a><\/div>\n<\/div>\n\n\n\n<div style=\"height:10px\" aria-hidden=\"true\" class=\"wp-block-spacer\"><\/div>\n\n\n\n<p><a href=\"https:\/\/www.iemj.org\/cest-nouveau-ca-minteresse-emission-consacree-au-disque-mahzor-hayim-publie-par-liemj\/\">Escuchar la emisi\u00f3n de radio de L\u00e9a Moscona alrededor de los CDs Mahzor Hayim y Kol Nidre (en franc\u00e9s)<\/a><\/p>\n\n\n\n<p><strong>Informaciones\/pedida\/contacto Prensa<\/strong>&nbsp;al +33 1 45 82 20 52 o&nbsp;<a href=\"mailto:contact@iemj.org\" target=\"_blank\" rel=\"noopener\">contact@iemj.org<\/a><\/p>\n\n\n\n<div class=\"wp-block-columns is-layout-flex wp-container-core-columns-is-layout-9d6595d7 wp-block-columns-is-layout-flex\">\n<div class=\"wp-block-column is-layout-flow wp-block-column-is-layout-flow\">\n<figure class=\"wp-block-image size-large\"><img decoding=\"async\" width=\"226\" height=\"150\" src=\"https:\/\/www.iemj.org\/wp-content\/uploads\/2018\/09\/mg_2555cdelfino_ensemble_choral_copernic_i_daniel_et_bitton.jpg\" alt=\"_mg_2555cdelfino_ensemble_choral_copernic_i_daniel_et_bitton.jpg\" class=\"wp-image-20745\"\/><\/figure>\n<\/div>\n\n\n\n<div class=\"wp-block-column is-layout-flow wp-block-column-is-layout-flow\">\n<figure class=\"wp-block-image size-large\"><img decoding=\"async\" src=\"https:\/\/www.iemj.org\/wp-content\/uploads\/2018\/09\/mg_2346cdelfino_quatuor_copernic_et_peut-etre_sarah_lefevre.jpg\" alt=\"\"\/><\/figure>\n<\/div>\n\n\n\n<div class=\"wp-block-column is-layout-flow wp-block-column-is-layout-flow\">\n<figure class=\"wp-block-image size-large\"><img decoding=\"async\" src=\"https:\/\/www.iemj.org\/wp-content\/uploads\/2018\/09\/mg_2372cdelfino_trio_guerchovitch-ispir_et_strauss.jpg\" alt=\"\"\/><\/figure>\n<\/div>\n<\/div>\n\n\n\n<figure class=\"wp-block-image alignwide\"><img loading=\"lazy\" decoding=\"async\" width=\"300\" height=\"39\" src=\"https:\/\/www.iemj.org\/wp-content\/uploads\/2024\/03\/AUDIO-PLAYER-300x39.png\" alt=\"\" class=\"wp-image-110610\" srcset=\"https:\/\/www.iemj.org\/wp-content\/uploads\/2024\/03\/AUDIO-PLAYER-300x39.png 300w, https:\/\/www.iemj.org\/wp-content\/uploads\/2024\/03\/AUDIO-PLAYER-1024x133.png 1024w, https:\/\/www.iemj.org\/wp-content\/uploads\/2024\/03\/AUDIO-PLAYER-768x100.png 768w, https:\/\/www.iemj.org\/wp-content\/uploads\/2024\/03\/AUDIO-PLAYER-600x78.png 600w, https:\/\/www.iemj.org\/wp-content\/uploads\/2024\/03\/AUDIO-PLAYER.png 1210w\" sizes=\"(max-width: 300px) 100vw, 300px\" \/><\/figure>\n\n\n\n<div class=\"wp-block-file\"><a href=\"https:\/\/www.iemj.org\/wp-content\/uploads\/2018\/09\/01_tansman_kol_nidre_siteiemj.mp3\">Alexandre Tansman_Kol Nidrei<\/a><\/div>\n\n\n\n<div class=\"wp-block-file\"><a href=\"https:\/\/www.iemj.org\/wp-content\/uploads\/2018\/09\/02_zygel_kol_nidre_piano_violoncelle_siteiemj.mp3\">Jean-Fran\u00e7ois Zygel_Kol Nidr\u00e9 pour piano et violoncelle<\/a><\/div>\n\n\n\n<div class=\"wp-block-file\"><a href=\"https:\/\/www.iemj.org\/wp-content\/uploads\/2018\/09\/03_hemsi_kol_nidre_siteiemj.mp3\">Alberto Hemsi_Kal Nidr\u00e9<\/a><\/div>\n\n\n\n<div class=\"wp-block-file\"><a href=\"https:\/\/www.iemj.org\/wp-content\/uploads\/2018\/09\/04_cuniot_kol_nidre_siteiemj.mp3\">Denis Cuniot_Improvisation Jazz sur le th\u00e8me du Kol Nidr\u00e9<\/a><\/div>\n\n\n\n<div class=\"wp-block-file\"><a href=\"https:\/\/www.iemj.org\/wp-content\/uploads\/2018\/09\/05_bitton_kol_nidre_siteiemj.mp3\">Eyal Bitton_Kal Nidrei<\/a><\/div>\n\n\n\n<div class=\"wp-block-file\"><a href=\"https:\/\/www.iemj.org\/wp-content\/uploads\/2018\/09\/06_zebelman_kol_nidre_siteiemj.mp3\">Ben Zebelman_Kol Nidre Variations<\/a><\/div>\n\n\n\n<div class=\"wp-block-file\"><a href=\"https:\/\/www.iemj.org\/wp-content\/uploads\/2018\/09\/07_robinovitch_kol_nidre_siteiemj.mp3\">Sid Robinovitch_Kol Nidrei pour guitare solo<\/a><\/div>\n\n\n\n<div class=\"wp-block-file\"><a href=\"https:\/\/www.iemj.org\/wp-content\/uploads\/2018\/09\/08_stutschewsky_kol_nidre_siteiemj.mp3\">Joachim Stutschewsky_Kol Nidrei<\/a><\/div>\n\n\n\n<div class=\"wp-block-file\"><a href=\"https:\/\/www.iemj.org\/wp-content\/uploads\/2018\/09\/09_daniel_kol_nidre_siteiemj.mp3\">Itai Daniel_ Kol Nidrei<\/a><\/div>\n\n\n\n<div class=\"wp-block-file\"><a href=\"https:\/\/www.iemj.org\/wp-content\/uploads\/2018\/09\/10_zygel_kol_nidre_piano_seul_siteiemj.mp3\">Jean-Fran\u00e7ois Zygel_Kol Nidr\u00e9 pour piano<\/a><\/div>\n","protected":false},"excerpt":{"rendered":"<p>\u00abKol Nidr\u00e9\u00bb, es con estas palabras que empieza la impresionante y conmovedora oraci\u00f3n introduciendo las veinticuatro horas del d\u00eda m\u00e1s solemne del a\u00f1o jud\u00edo, Yom Kippour. La melod\u00eda tradicional de<\/p>\n","protected":false},"author":1045,"featured_media":51544,"comment_status":"closed","ping_status":"closed","sticky":false,"template":"","format":"standard","meta":{"_acf_changed":false,"footnotes":""},"categories":[1394,2201,1391],"tags":[],"technique":[],"squelettes":[],"sujet":[1758],"formation":[],"genre":[1899],"fonds":[],"tradition":[],"type-de-contenu":[],"interprete-compositeur":[3080,3084,3136,3183,3209],"frise":[],"type-devenement":[],"tableaux-liens-externes":[],"class_list":["post-51543","post","type-post","status-publish","format-standard","has-post-thumbnail","hentry","category-cd-iemj-es","category-coleccion-clasica-es","category-publicaciones-es","sujet-yom-kippur-es","genre-musica-clasica-es","interprete-compositeur-alberto-hemsi-es","interprete-compositeur-alexandre-tansman-es","interprete-compositeur-denis-cuniot-es","interprete-compositeur-itai-daniel-es-2","interprete-compositeur-jean-francois-zygel-es"],"acf":[],"yoast_head":"<!-- This site is optimized with the Yoast SEO plugin v27.3 - https:\/\/yoast.com\/product\/yoast-seo-wordpress\/ -->\n<title>Kol Nidr\u00e9 - Nuevas visiones - Institut Europ\u00e9en des Musiques Juives<\/title>\n<meta name=\"robots\" content=\"index, follow, max-snippet:-1, max-image-preview:large, max-video-preview:-1\" \/>\n<link rel=\"canonical\" href=\"https:\/\/www.iemj.org\/es\/kol-nidre-nouvelles-visions\/\" \/>\n<meta property=\"og:locale\" content=\"es_ES\" \/>\n<meta property=\"og:type\" content=\"article\" \/>\n<meta property=\"og:title\" content=\"Kol Nidr\u00e9 - Nuevas visiones - Institut Europ\u00e9en des Musiques Juives\" \/>\n<meta property=\"og:description\" content=\"\u00abKol Nidr\u00e9\u00bb, es con estas palabras que empieza la impresionante y conmovedora oraci\u00f3n introduciendo las veinticuatro horas del d\u00eda m\u00e1s solemne del a\u00f1o jud\u00edo, Yom Kippour. La melod\u00eda tradicional de\" \/>\n<meta property=\"og:url\" content=\"https:\/\/www.iemj.org\/es\/kol-nidre-nouvelles-visions\/\" \/>\n<meta property=\"og:site_name\" content=\"Institut Europ\u00e9en des Musiques Juives\" \/>\n<meta property=\"article:publisher\" content=\"https:\/\/www.facebook.com\/MusiquesJuives\/\" \/>\n<meta property=\"article:published_time\" content=\"2018-09-12T14:42:01+00:00\" \/>\n<meta property=\"article:modified_time\" content=\"2025-09-23T17:19:47+00:00\" \/>\n<meta property=\"og:image\" content=\"https:\/\/www.iemj.org\/wp-content\/uploads\/2018\/09\/arton3612.jpg\" \/>\n\t<meta property=\"og:image:width\" content=\"402\" \/>\n\t<meta property=\"og:image:height\" content=\"363\" \/>\n\t<meta property=\"og:image:type\" content=\"image\/jpeg\" \/>\n<meta name=\"author\" content=\"Herv\u00e9 Roten\" \/>\n<meta name=\"twitter:card\" content=\"summary_large_image\" \/>\n<meta name=\"twitter:label1\" content=\"Escrito por\" \/>\n\t<meta name=\"twitter:data1\" content=\"Herv\u00e9 Roten\" \/>\n\t<meta name=\"twitter:label2\" content=\"Tiempo de lectura\" \/>\n\t<meta name=\"twitter:data2\" content=\"4 minutos\" \/>\n<script type=\"application\/ld+json\" class=\"yoast-schema-graph\">{\"@context\":\"https:\\\/\\\/schema.org\",\"@graph\":[{\"@type\":\"Article\",\"@id\":\"https:\\\/\\\/www.iemj.org\\\/es\\\/kol-nidre-nouvelles-visions\\\/#article\",\"isPartOf\":{\"@id\":\"https:\\\/\\\/www.iemj.org\\\/es\\\/kol-nidre-nouvelles-visions\\\/\"},\"author\":{\"name\":\"Herv\u00e9 Roten\",\"@id\":\"https:\\\/\\\/www.iemj.org\\\/es\\\/#\\\/schema\\\/person\\\/906134402c29d5c76e7b726261dd4bbd\"},\"headline\":\"Kol Nidr\u00e9 &#8211; Nuevas visiones\",\"datePublished\":\"2018-09-12T14:42:01+00:00\",\"dateModified\":\"2025-09-23T17:19:47+00:00\",\"mainEntityOfPage\":{\"@id\":\"https:\\\/\\\/www.iemj.org\\\/es\\\/kol-nidre-nouvelles-visions\\\/\"},\"wordCount\":405,\"publisher\":{\"@id\":\"https:\\\/\\\/www.iemj.org\\\/es\\\/#organization\"},\"image\":{\"@id\":\"https:\\\/\\\/www.iemj.org\\\/es\\\/kol-nidre-nouvelles-visions\\\/#primaryimage\"},\"thumbnailUrl\":\"https:\\\/\\\/www.iemj.org\\\/wp-content\\\/uploads\\\/2018\\\/09\\\/arton3612.jpg\",\"articleSection\":[\"CD IEMJ\",\"Coleccion Clasica\",\"Publicaciones\"],\"inLanguage\":\"es\"},{\"@type\":\"WebPage\",\"@id\":\"https:\\\/\\\/www.iemj.org\\\/es\\\/kol-nidre-nouvelles-visions\\\/\",\"url\":\"https:\\\/\\\/www.iemj.org\\\/es\\\/kol-nidre-nouvelles-visions\\\/\",\"name\":\"Kol Nidr\u00e9 - Nuevas visiones - Institut Europ\u00e9en des Musiques Juives\",\"isPartOf\":{\"@id\":\"https:\\\/\\\/www.iemj.org\\\/es\\\/#website\"},\"primaryImageOfPage\":{\"@id\":\"https:\\\/\\\/www.iemj.org\\\/es\\\/kol-nidre-nouvelles-visions\\\/#primaryimage\"},\"image\":{\"@id\":\"https:\\\/\\\/www.iemj.org\\\/es\\\/kol-nidre-nouvelles-visions\\\/#primaryimage\"},\"thumbnailUrl\":\"https:\\\/\\\/www.iemj.org\\\/wp-content\\\/uploads\\\/2018\\\/09\\\/arton3612.jpg\",\"datePublished\":\"2018-09-12T14:42:01+00:00\",\"dateModified\":\"2025-09-23T17:19:47+00:00\",\"breadcrumb\":{\"@id\":\"https:\\\/\\\/www.iemj.org\\\/es\\\/kol-nidre-nouvelles-visions\\\/#breadcrumb\"},\"inLanguage\":\"es\",\"potentialAction\":[{\"@type\":\"ReadAction\",\"target\":[\"https:\\\/\\\/www.iemj.org\\\/es\\\/kol-nidre-nouvelles-visions\\\/\"]}]},{\"@type\":\"ImageObject\",\"inLanguage\":\"es\",\"@id\":\"https:\\\/\\\/www.iemj.org\\\/es\\\/kol-nidre-nouvelles-visions\\\/#primaryimage\",\"url\":\"https:\\\/\\\/www.iemj.org\\\/wp-content\\\/uploads\\\/2018\\\/09\\\/arton3612.jpg\",\"contentUrl\":\"https:\\\/\\\/www.iemj.org\\\/wp-content\\\/uploads\\\/2018\\\/09\\\/arton3612.jpg\",\"width\":402,\"height\":363},{\"@type\":\"BreadcrumbList\",\"@id\":\"https:\\\/\\\/www.iemj.org\\\/es\\\/kol-nidre-nouvelles-visions\\\/#breadcrumb\",\"itemListElement\":[{\"@type\":\"ListItem\",\"position\":1,\"name\":\"Accueil\",\"item\":\"https:\\\/\\\/www.iemj.org\\\/es\\\/\"},{\"@type\":\"ListItem\",\"position\":2,\"name\":\"Kol Nidr\u00e9 &#8211; Nuevas visiones\"}]},{\"@type\":\"WebSite\",\"@id\":\"https:\\\/\\\/www.iemj.org\\\/es\\\/#website\",\"url\":\"https:\\\/\\\/www.iemj.org\\\/es\\\/\",\"name\":\"Institut Europ\u00e9en des Musiques Juives\",\"description\":\"Des traditions musicales \u00e0 la port\u00e9e de tous\",\"publisher\":{\"@id\":\"https:\\\/\\\/www.iemj.org\\\/es\\\/#organization\"},\"potentialAction\":[{\"@type\":\"SearchAction\",\"target\":{\"@type\":\"EntryPoint\",\"urlTemplate\":\"https:\\\/\\\/www.iemj.org\\\/es\\\/?s={search_term_string}\"},\"query-input\":{\"@type\":\"PropertyValueSpecification\",\"valueRequired\":true,\"valueName\":\"search_term_string\"}}],\"inLanguage\":\"es\"},{\"@type\":\"Organization\",\"@id\":\"https:\\\/\\\/www.iemj.org\\\/es\\\/#organization\",\"name\":\"Institut Europ\u00e9en des Musiques Juives\",\"url\":\"https:\\\/\\\/www.iemj.org\\\/es\\\/\",\"logo\":{\"@type\":\"ImageObject\",\"inLanguage\":\"es\",\"@id\":\"https:\\\/\\\/www.iemj.org\\\/es\\\/#\\\/schema\\\/logo\\\/image\\\/\",\"url\":\"https:\\\/\\\/www.iemj.org\\\/wp-content\\\/uploads\\\/2021\\\/09\\\/Logo-IEMJ-Paypal.jpg\",\"contentUrl\":\"https:\\\/\\\/www.iemj.org\\\/wp-content\\\/uploads\\\/2021\\\/09\\\/Logo-IEMJ-Paypal.jpg\",\"width\":150,\"height\":50,\"caption\":\"Institut Europ\u00e9en des Musiques Juives\"},\"image\":{\"@id\":\"https:\\\/\\\/www.iemj.org\\\/es\\\/#\\\/schema\\\/logo\\\/image\\\/\"},\"sameAs\":[\"https:\\\/\\\/www.facebook.com\\\/MusiquesJuives\\\/\",\"https:\\\/\\\/www.instagram.com\\\/musiquesjuives\\\/\",\"https:\\\/\\\/www.youtube.com\\\/user\\\/musiquesjuives\"]},{\"@type\":\"Person\",\"@id\":\"https:\\\/\\\/www.iemj.org\\\/es\\\/#\\\/schema\\\/person\\\/906134402c29d5c76e7b726261dd4bbd\",\"name\":\"Herv\u00e9 Roten\",\"image\":{\"@type\":\"ImageObject\",\"inLanguage\":\"es\",\"@id\":\"https:\\\/\\\/secure.gravatar.com\\\/avatar\\\/f96ad2db538a26481f18384936b5cd0610c92d390c4dc382209216d455f685ff?s=96&d=mm&r=g\",\"url\":\"https:\\\/\\\/secure.gravatar.com\\\/avatar\\\/f96ad2db538a26481f18384936b5cd0610c92d390c4dc382209216d455f685ff?s=96&d=mm&r=g\",\"contentUrl\":\"https:\\\/\\\/secure.gravatar.com\\\/avatar\\\/f96ad2db538a26481f18384936b5cd0610c92d390c4dc382209216d455f685ff?s=96&d=mm&r=g\",\"caption\":\"Herv\u00e9 Roten\"}}]}<\/script>\n<!-- \/ Yoast SEO plugin. -->","yoast_head_json":{"title":"Kol Nidr\u00e9 - Nuevas visiones - Institut Europ\u00e9en des Musiques Juives","robots":{"index":"index","follow":"follow","max-snippet":"max-snippet:-1","max-image-preview":"max-image-preview:large","max-video-preview":"max-video-preview:-1"},"canonical":"https:\/\/www.iemj.org\/es\/kol-nidre-nouvelles-visions\/","og_locale":"es_ES","og_type":"article","og_title":"Kol Nidr\u00e9 - Nuevas visiones - Institut Europ\u00e9en des Musiques Juives","og_description":"\u00abKol Nidr\u00e9\u00bb, es con estas palabras que empieza la impresionante y conmovedora oraci\u00f3n introduciendo las veinticuatro horas del d\u00eda m\u00e1s solemne del a\u00f1o jud\u00edo, Yom Kippour. La melod\u00eda tradicional de","og_url":"https:\/\/www.iemj.org\/es\/kol-nidre-nouvelles-visions\/","og_site_name":"Institut Europ\u00e9en des Musiques Juives","article_publisher":"https:\/\/www.facebook.com\/MusiquesJuives\/","article_published_time":"2018-09-12T14:42:01+00:00","article_modified_time":"2025-09-23T17:19:47+00:00","og_image":[{"width":402,"height":363,"url":"https:\/\/www.iemj.org\/wp-content\/uploads\/2018\/09\/arton3612.jpg","type":"image\/jpeg"}],"author":"Herv\u00e9 Roten","twitter_card":"summary_large_image","twitter_misc":{"Escrito por":"Herv\u00e9 Roten","Tiempo de lectura":"4 minutos"},"schema":{"@context":"https:\/\/schema.org","@graph":[{"@type":"Article","@id":"https:\/\/www.iemj.org\/es\/kol-nidre-nouvelles-visions\/#article","isPartOf":{"@id":"https:\/\/www.iemj.org\/es\/kol-nidre-nouvelles-visions\/"},"author":{"name":"Herv\u00e9 Roten","@id":"https:\/\/www.iemj.org\/es\/#\/schema\/person\/906134402c29d5c76e7b726261dd4bbd"},"headline":"Kol Nidr\u00e9 &#8211; Nuevas visiones","datePublished":"2018-09-12T14:42:01+00:00","dateModified":"2025-09-23T17:19:47+00:00","mainEntityOfPage":{"@id":"https:\/\/www.iemj.org\/es\/kol-nidre-nouvelles-visions\/"},"wordCount":405,"publisher":{"@id":"https:\/\/www.iemj.org\/es\/#organization"},"image":{"@id":"https:\/\/www.iemj.org\/es\/kol-nidre-nouvelles-visions\/#primaryimage"},"thumbnailUrl":"https:\/\/www.iemj.org\/wp-content\/uploads\/2018\/09\/arton3612.jpg","articleSection":["CD IEMJ","Coleccion Clasica","Publicaciones"],"inLanguage":"es"},{"@type":"WebPage","@id":"https:\/\/www.iemj.org\/es\/kol-nidre-nouvelles-visions\/","url":"https:\/\/www.iemj.org\/es\/kol-nidre-nouvelles-visions\/","name":"Kol Nidr\u00e9 - Nuevas visiones - Institut Europ\u00e9en des Musiques Juives","isPartOf":{"@id":"https:\/\/www.iemj.org\/es\/#website"},"primaryImageOfPage":{"@id":"https:\/\/www.iemj.org\/es\/kol-nidre-nouvelles-visions\/#primaryimage"},"image":{"@id":"https:\/\/www.iemj.org\/es\/kol-nidre-nouvelles-visions\/#primaryimage"},"thumbnailUrl":"https:\/\/www.iemj.org\/wp-content\/uploads\/2018\/09\/arton3612.jpg","datePublished":"2018-09-12T14:42:01+00:00","dateModified":"2025-09-23T17:19:47+00:00","breadcrumb":{"@id":"https:\/\/www.iemj.org\/es\/kol-nidre-nouvelles-visions\/#breadcrumb"},"inLanguage":"es","potentialAction":[{"@type":"ReadAction","target":["https:\/\/www.iemj.org\/es\/kol-nidre-nouvelles-visions\/"]}]},{"@type":"ImageObject","inLanguage":"es","@id":"https:\/\/www.iemj.org\/es\/kol-nidre-nouvelles-visions\/#primaryimage","url":"https:\/\/www.iemj.org\/wp-content\/uploads\/2018\/09\/arton3612.jpg","contentUrl":"https:\/\/www.iemj.org\/wp-content\/uploads\/2018\/09\/arton3612.jpg","width":402,"height":363},{"@type":"BreadcrumbList","@id":"https:\/\/www.iemj.org\/es\/kol-nidre-nouvelles-visions\/#breadcrumb","itemListElement":[{"@type":"ListItem","position":1,"name":"Accueil","item":"https:\/\/www.iemj.org\/es\/"},{"@type":"ListItem","position":2,"name":"Kol Nidr\u00e9 &#8211; Nuevas visiones"}]},{"@type":"WebSite","@id":"https:\/\/www.iemj.org\/es\/#website","url":"https:\/\/www.iemj.org\/es\/","name":"Institut Europ\u00e9en des Musiques Juives","description":"Des traditions musicales \u00e0 la port\u00e9e de tous","publisher":{"@id":"https:\/\/www.iemj.org\/es\/#organization"},"potentialAction":[{"@type":"SearchAction","target":{"@type":"EntryPoint","urlTemplate":"https:\/\/www.iemj.org\/es\/?s={search_term_string}"},"query-input":{"@type":"PropertyValueSpecification","valueRequired":true,"valueName":"search_term_string"}}],"inLanguage":"es"},{"@type":"Organization","@id":"https:\/\/www.iemj.org\/es\/#organization","name":"Institut Europ\u00e9en des Musiques Juives","url":"https:\/\/www.iemj.org\/es\/","logo":{"@type":"ImageObject","inLanguage":"es","@id":"https:\/\/www.iemj.org\/es\/#\/schema\/logo\/image\/","url":"https:\/\/www.iemj.org\/wp-content\/uploads\/2021\/09\/Logo-IEMJ-Paypal.jpg","contentUrl":"https:\/\/www.iemj.org\/wp-content\/uploads\/2021\/09\/Logo-IEMJ-Paypal.jpg","width":150,"height":50,"caption":"Institut Europ\u00e9en des Musiques Juives"},"image":{"@id":"https:\/\/www.iemj.org\/es\/#\/schema\/logo\/image\/"},"sameAs":["https:\/\/www.facebook.com\/MusiquesJuives\/","https:\/\/www.instagram.com\/musiquesjuives\/","https:\/\/www.youtube.com\/user\/musiquesjuives"]},{"@type":"Person","@id":"https:\/\/www.iemj.org\/es\/#\/schema\/person\/906134402c29d5c76e7b726261dd4bbd","name":"Herv\u00e9 Roten","image":{"@type":"ImageObject","inLanguage":"es","@id":"https:\/\/secure.gravatar.com\/avatar\/f96ad2db538a26481f18384936b5cd0610c92d390c4dc382209216d455f685ff?s=96&d=mm&r=g","url":"https:\/\/secure.gravatar.com\/avatar\/f96ad2db538a26481f18384936b5cd0610c92d390c4dc382209216d455f685ff?s=96&d=mm&r=g","contentUrl":"https:\/\/secure.gravatar.com\/avatar\/f96ad2db538a26481f18384936b5cd0610c92d390c4dc382209216d455f685ff?s=96&d=mm&r=g","caption":"Herv\u00e9 Roten"}}]}},"_links":{"self":[{"href":"https:\/\/www.iemj.org\/es\/wp-json\/wp\/v2\/posts\/51543","targetHints":{"allow":["GET"]}}],"collection":[{"href":"https:\/\/www.iemj.org\/es\/wp-json\/wp\/v2\/posts"}],"about":[{"href":"https:\/\/www.iemj.org\/es\/wp-json\/wp\/v2\/types\/post"}],"author":[{"embeddable":true,"href":"https:\/\/www.iemj.org\/es\/wp-json\/wp\/v2\/users\/1045"}],"replies":[{"embeddable":true,"href":"https:\/\/www.iemj.org\/es\/wp-json\/wp\/v2\/comments?post=51543"}],"version-history":[{"count":0,"href":"https:\/\/www.iemj.org\/es\/wp-json\/wp\/v2\/posts\/51543\/revisions"}],"wp:featuredmedia":[{"embeddable":true,"href":"https:\/\/www.iemj.org\/es\/wp-json\/wp\/v2\/media\/51544"}],"wp:attachment":[{"href":"https:\/\/www.iemj.org\/es\/wp-json\/wp\/v2\/media?parent=51543"}],"wp:term":[{"taxonomy":"category","embeddable":true,"href":"https:\/\/www.iemj.org\/es\/wp-json\/wp\/v2\/categories?post=51543"},{"taxonomy":"post_tag","embeddable":true,"href":"https:\/\/www.iemj.org\/es\/wp-json\/wp\/v2\/tags?post=51543"},{"taxonomy":"technique","embeddable":true,"href":"https:\/\/www.iemj.org\/es\/wp-json\/wp\/v2\/technique?post=51543"},{"taxonomy":"squelettes","embeddable":true,"href":"https:\/\/www.iemj.org\/es\/wp-json\/wp\/v2\/squelettes?post=51543"},{"taxonomy":"sujet","embeddable":true,"href":"https:\/\/www.iemj.org\/es\/wp-json\/wp\/v2\/sujet?post=51543"},{"taxonomy":"formation","embeddable":true,"href":"https:\/\/www.iemj.org\/es\/wp-json\/wp\/v2\/formation?post=51543"},{"taxonomy":"genre","embeddable":true,"href":"https:\/\/www.iemj.org\/es\/wp-json\/wp\/v2\/genre?post=51543"},{"taxonomy":"fonds","embeddable":true,"href":"https:\/\/www.iemj.org\/es\/wp-json\/wp\/v2\/fonds?post=51543"},{"taxonomy":"tradition","embeddable":true,"href":"https:\/\/www.iemj.org\/es\/wp-json\/wp\/v2\/tradition?post=51543"},{"taxonomy":"type-de-contenu","embeddable":true,"href":"https:\/\/www.iemj.org\/es\/wp-json\/wp\/v2\/type-de-contenu?post=51543"},{"taxonomy":"interprete-compositeur","embeddable":true,"href":"https:\/\/www.iemj.org\/es\/wp-json\/wp\/v2\/interprete-compositeur?post=51543"},{"taxonomy":"frise","embeddable":true,"href":"https:\/\/www.iemj.org\/es\/wp-json\/wp\/v2\/frise?post=51543"},{"taxonomy":"type-devenement","embeddable":true,"href":"https:\/\/www.iemj.org\/es\/wp-json\/wp\/v2\/type-devenement?post=51543"},{"taxonomy":"tableaux-liens-externes","embeddable":true,"href":"https:\/\/www.iemj.org\/es\/wp-json\/wp\/v2\/tableaux-liens-externes?post=51543"}],"curies":[{"name":"wp","href":"https:\/\/api.w.org\/{rel}","templated":true}]}}