{"id":51651,"date":"2018-10-23T15:27:03","date_gmt":"2018-10-23T13:27:03","guid":{"rendered":"https:\/\/www.iemj.org\/itai-daniel-mahzor-hayim\/"},"modified":"2025-08-27T11:18:01","modified_gmt":"2025-08-27T09:18:01","slug":"itai-daniel-mahzor-hayim","status":"publish","type":"post","link":"https:\/\/www.iemj.org\/es\/itai-daniel-mahzor-hayim\/","title":{"rendered":"Ita\u00ef Daniel \u2013 Mahzor Hayim"},"content":{"rendered":"<h3>\u00a0<\/h3>\n<h3 class=\"post_excerpt\">5\u00ba. CD DE LA COLECCI\u00d3N CLASSICOS<\/h3>\n<p><!--more--><\/p>\n<p>Los compositores que dedican una parte importante de su obra a la m\u00fasica lit\u00fargica jud\u00eda son escasos. <a href=\"https:\/\/www.iemj.org\/es\/daniel-itai-1967\/\">Ita\u00ef Daniel<\/a> es pianista, director de orquesta y compositor franco-israel\u00ed, y hace parte de estos. Despu\u00e9s de estudios musicales detalladas en Israel, y luego en los EE. UU. se instala en Par\u00eds en 2004 para dedicarse a la composici\u00f3n. Desde 2009, dirige el Ensemble Choral Copernic en Par\u00eds, un grupo reconocido hoy como uno de los mejores coros jud\u00edos en Europa.<\/p>\n<p>Autor de numerosas obras, la m\u00fasica de Ita\u00ef Daniel oscila entre clasicismo y modernidad, en una <img decoding=\"async\" class=\" alignright size-full wp-image-21391\" src=\"https:\/\/www.iemj.org\/wp-content\/uploads\/2018\/10\/2014-03-12-rein-14-pe_choeur_francis_bardot_salle_gaveau_2014_redim-2.jpg\" alt=\"2014-03-12-rein-14-pe_choeur_francis_bardot_salle_gaveau_2014_redim-2.jpg\" width=\"250\" height=\"166\" align=\"right\" \/>\u00fanica mezcla que le da un sabor \u00fanico. Una gran parte de su obra est\u00e1 vinculada a la m\u00fasica vocal de inspiraci\u00f3n jud\u00eda. Sus composiciones para cores cuentan especialmente con oraciones como <em>Yotzer<\/em>, <em>Hashkiveinou<\/em>, <em>Shema Koleinou<\/em>, <em>H\u00e9v\u00e9nou Shalom Aleichem<\/em>, <em>Kaddish<\/em>, <em>Kol Nidrei<\/em>, <em>Oss\u00e9 Shalom<\/em>&#8230; Ha compuesto tambi\u00e9n tres grandes cantatas para cores :\u00a0 <em>Mahzor Hayim <\/em>(2006), <em>Shema Koleinou <\/em>(2007) y <em>Ber\u00e9shit <\/em>(2008), y m\u00e1s de una veintena de melod\u00edas jud\u00edas para voces y piano solo.<\/p>\n<p>Este disco muy bonito, interpretado por Ita\u00ef Daniel, Anne-Sophie Durand, Aviva Timonier, Yska Benzakoun, Thomas Macfarlane, Fran\u00e7ois Olivie y los Chores Francis Bardot nos sumen en lo profundo de la alma jud\u00eda.<\/p>\n<p>Una descubierta escasa y sensible.<\/p>\n<p><img decoding=\"async\" class=\" alignleft size-full wp-image-21393\" src=\"https:\/\/www.iemj.org\/wp-content\/uploads\/2018\/10\/aviva_timonier_et_itai_daniel_kol_arta_mg_1977_redim.jpg\" alt=\"aviva_timonier_et_itai_daniel_kol_arta_mg_1977_redim.jpg\" width=\"230\" height=\"202\" align=\"left\" \/>Este CD ha sido realizado con el apoyo de la <a href=\"https:\/\/www.fondationjudaisme.org\/\">Fondation du Juda\u00efsme Fran\u00e7ais<\/a>, y de la <a href=\"http:\/\/www.fondationshoah.org\/\">Fondation pour la M\u00e9moire de la Shoah<\/a>, de la Fondation Ir\u00e8ne et Jacques Darmon, bajo la \u00e9gida de la FJF, y de l\u2019<a href=\"https:\/\/www.aiu.org\/fr\/alliance-israelite-universelle\">Alliance Isra\u00e9lite Universelle<\/a>.<\/p>\n<ul>\n<li><a href=\"https:\/\/www.iemj.org\/es\/daniel-itai-1967\/\">Leer la biograf\u00eda de Ita\u00ef Daniel<\/a><\/li>\n<li><a href=\"https:\/\/www.iemj.org\/es\/concert-machzor-chayim-le-cycle-de-la-vie\/\">Ver el video del concierto del ULIF-Copernic consagrado a las obras de Ita\u00ef Daniel<\/a><\/li>\n<li><a href=\"https:\/\/www.iemj.org\/play\/?play=47\" target=\"_blank\" rel=\"noopener\">Escuchar la emisi\u00f3n de radio de L\u00e9a Moscona consagrada al CD Mahzor Hayim (en franc\u00e9s)<\/a><\/li>\n<\/ul>\n<h2><a href=\"https:\/\/www.iemj.org\/en\/product\/itai-daniel-mahzor-hayim\/\" target=\"_blank\" rel=\"noopener\">Comprar el CD online en la tienda del IEMJ<\/a><\/h2>\n<h2>\u00a0<\/h2>\n<h2><a href=\"https:\/\/www.iemj.org\/en\/products-categories\/sheet-music-en\/composers-en\/daniel-itai-en-2\/\" target=\"_blank\" rel=\"noopener\">Pedir partituras de Ita\u00ef Daniel en la tienda del IEMJ<\/a><\/h2>\n<h2>\u00a0<\/h2>\n\n\n<h2 class=\"wp-block-heading\"><\/h2>\n\n\n<div class=\"wp-block-image\">\n<figure class=\"aligncenter size-large\"><img fetchpriority=\"high\" decoding=\"async\" width=\"1024\" height=\"133\" src=\"https:\/\/www.iemj.org\/wp-content\/uploads\/2024\/03\/AUDIO-PLAYER-1024x133.png\" alt=\"\" class=\"wp-image-110610\" srcset=\"https:\/\/www.iemj.org\/wp-content\/uploads\/2024\/03\/AUDIO-PLAYER-1024x133.png 1024w, https:\/\/www.iemj.org\/wp-content\/uploads\/2024\/03\/AUDIO-PLAYER-300x39.png 300w, https:\/\/www.iemj.org\/wp-content\/uploads\/2024\/03\/AUDIO-PLAYER-768x100.png 768w, https:\/\/www.iemj.org\/wp-content\/uploads\/2024\/03\/AUDIO-PLAYER-600x78.png 600w, https:\/\/www.iemj.org\/wp-content\/uploads\/2024\/03\/AUDIO-PLAYER.png 1210w\" sizes=\"(max-width: 1024px) 100vw, 1024px\" \/><\/figure>\n<\/div>\n\n\n<div class=\"wp-block-file\"><a href=\"https:\/\/www.iemj.org\/wp-content\/uploads\/2018\/10\/01_ma_tovou_ohaleiha_yaakov-2.mp3\">01 Ma Tovou Ohaleiha Yaakov<\/a><\/div>\n\n\n\n<div class=\"wp-block-file\"><a href=\"https:\/\/www.iemj.org\/wp-content\/uploads\/2018\/10\/02_adon_olam-2.mp3\">02 Adon Olam<\/a><\/div>\n\n\n\n<div class=\"wp-block-file\"><a href=\"https:\/\/www.iemj.org\/wp-content\/uploads\/2018\/10\/03_kedousha-2.mp3\">03 Kedousha<\/a><\/div>\n\n\n\n<div class=\"wp-block-file\"><a href=\"https:\/\/www.iemj.org\/wp-content\/uploads\/2018\/10\/04_shema-2.mp3\">04 Shema<\/a><\/div>\n\n\n\n<div class=\"wp-block-file\"><a href=\"https:\/\/www.iemj.org\/wp-content\/uploads\/2018\/10\/05_kaddish-2.mp3\">05 Kaddish<\/a><\/div>\n\n\n\n<div class=\"wp-block-file\"><a href=\"https:\/\/www.iemj.org\/wp-content\/uploads\/2018\/10\/06_el_male_rahamim.mp3\">06 El Male Rahamim<\/a><\/div>\n\n\n\n<div class=\"wp-block-file\"><a href=\"https:\/\/www.iemj.org\/wp-content\/uploads\/2018\/10\/07_osse_shalom_bimromav.mp3\">07 Osse Shalom Bimromav<\/a><\/div>\n\n\n\n<div class=\"wp-block-file\"><a href=\"https:\/\/www.iemj.org\/wp-content\/uploads\/2018\/10\/08_elegie_pour_violoncelle_et_piano.mp3\">08 Elegie pour violoncelle et piano<\/a><\/div>\n\n\n\n<div class=\"wp-block-file\"><a href=\"https:\/\/www.iemj.org\/wp-content\/uploads\/2018\/10\/09_shema_koleinou-2.mp3\">09 Shema Koleinou<\/a><\/div>\n\n\n\n<div class=\"wp-block-file\"><a href=\"https:\/\/www.iemj.org\/wp-content\/uploads\/2018\/10\/10_lakol_zman_veet-2.mp3\">10 Lakol Zman veEt<\/a><\/div>\n\n\n\n<div class=\"wp-block-file\"><a href=\"https:\/\/www.iemj.org\/wp-content\/uploads\/2018\/10\/11_vaykhoulou_hashamayim-2.mp3\">11 Vaykhoulou haShamayim<\/a><\/div>\n\n\n\n<div class=\"wp-block-file\"><a href=\"https:\/\/www.iemj.org\/wp-content\/uploads\/2018\/10\/12_hashkiveinou-2.mp3\">12 Hashkiveinou<\/a><\/div>\n\n\n\n<div class=\"wp-block-file\"><a href=\"https:\/\/www.iemj.org\/wp-content\/uploads\/2018\/11\/jfm_9h15-du-21-11-18_lea_moscona_v128kbs.mp3\">Mahzor Hayim &amp; Kol Nidre (Collection D\u00e9couvertes) &#8211; L\u00e9a Moscona (Juda\u00efques FM 94,8)<\/a><\/div>\n","protected":false},"excerpt":{"rendered":"<p>\u00a0 5\u00ba. CD DE LA COLECCI\u00d3N CLASSICOS<\/p>\n","protected":false},"author":1045,"featured_media":51652,"comment_status":"closed","ping_status":"open","sticky":false,"template":"","format":"standard","meta":{"_acf_changed":false,"footnotes":""},"categories":[1394,2201,1391],"tags":[],"technique":[],"squelettes":[],"sujet":[],"formation":[],"genre":[1890,1899],"fonds":[],"tradition":[],"type-de-contenu":[],"interprete-compositeur":[3183],"frise":[],"type-devenement":[],"tableaux-liens-externes":[],"class_list":["post-51651","post","type-post","status-publish","format-standard","has-post-thumbnail","hentry","category-cd-iemj-es","category-coleccion-clasica-es","category-publicaciones-es","genre-liturgia-es","genre-musica-clasica-es","interprete-compositeur-itai-daniel-es-2"],"acf":[],"yoast_head":"<!-- This site is optimized with the Yoast SEO plugin v27.3 - https:\/\/yoast.com\/product\/yoast-seo-wordpress\/ -->\n<title>Ita\u00ef Daniel \u2013 Mahzor Hayim - Institut Europ\u00e9en des Musiques Juives<\/title>\n<meta name=\"robots\" content=\"index, follow, max-snippet:-1, max-image-preview:large, max-video-preview:-1\" \/>\n<link rel=\"canonical\" href=\"https:\/\/www.iemj.org\/es\/itai-daniel-mahzor-hayim\/\" \/>\n<meta property=\"og:locale\" content=\"es_ES\" \/>\n<meta property=\"og:type\" content=\"article\" \/>\n<meta property=\"og:title\" content=\"Ita\u00ef Daniel \u2013 Mahzor Hayim - Institut Europ\u00e9en des Musiques Juives\" \/>\n<meta property=\"og:description\" content=\"\u00a0 5\u00ba. CD DE LA COLECCI\u00d3N CLASSICOS\" \/>\n<meta property=\"og:url\" content=\"https:\/\/www.iemj.org\/es\/itai-daniel-mahzor-hayim\/\" \/>\n<meta property=\"og:site_name\" content=\"Institut Europ\u00e9en des Musiques Juives\" \/>\n<meta property=\"article:publisher\" content=\"https:\/\/www.facebook.com\/MusiquesJuives\/\" \/>\n<meta property=\"article:published_time\" content=\"2018-10-23T13:27:03+00:00\" \/>\n<meta property=\"article:modified_time\" content=\"2025-08-27T09:18:01+00:00\" \/>\n<meta property=\"og:image\" content=\"https:\/\/www.iemj.org\/wp-content\/uploads\/2018\/10\/arton3697.jpg\" \/>\n\t<meta property=\"og:image:width\" content=\"526\" \/>\n\t<meta property=\"og:image:height\" content=\"519\" \/>\n\t<meta property=\"og:image:type\" content=\"image\/jpeg\" \/>\n<meta name=\"author\" content=\"Herv\u00e9 Roten\" \/>\n<meta name=\"twitter:card\" content=\"summary_large_image\" \/>\n<meta name=\"twitter:label1\" content=\"Escrito por\" \/>\n\t<meta name=\"twitter:data1\" content=\"Herv\u00e9 Roten\" \/>\n\t<meta name=\"twitter:label2\" content=\"Tiempo de lectura\" \/>\n\t<meta name=\"twitter:data2\" content=\"3 minutos\" \/>\n<script type=\"application\/ld+json\" class=\"yoast-schema-graph\">{\"@context\":\"https:\\\/\\\/schema.org\",\"@graph\":[{\"@type\":\"Article\",\"@id\":\"https:\\\/\\\/www.iemj.org\\\/es\\\/itai-daniel-mahzor-hayim\\\/#article\",\"isPartOf\":{\"@id\":\"https:\\\/\\\/www.iemj.org\\\/es\\\/itai-daniel-mahzor-hayim\\\/\"},\"author\":{\"name\":\"Herv\u00e9 Roten\",\"@id\":\"https:\\\/\\\/www.iemj.org\\\/es\\\/#\\\/schema\\\/person\\\/906134402c29d5c76e7b726261dd4bbd\"},\"headline\":\"Ita\u00ef Daniel \u2013 Mahzor Hayim\",\"datePublished\":\"2018-10-23T13:27:03+00:00\",\"dateModified\":\"2025-08-27T09:18:01+00:00\",\"mainEntityOfPage\":{\"@id\":\"https:\\\/\\\/www.iemj.org\\\/es\\\/itai-daniel-mahzor-hayim\\\/\"},\"wordCount\":380,\"publisher\":{\"@id\":\"https:\\\/\\\/www.iemj.org\\\/es\\\/#organization\"},\"image\":{\"@id\":\"https:\\\/\\\/www.iemj.org\\\/es\\\/itai-daniel-mahzor-hayim\\\/#primaryimage\"},\"thumbnailUrl\":\"https:\\\/\\\/www.iemj.org\\\/wp-content\\\/uploads\\\/2018\\\/10\\\/arton3697.jpg\",\"articleSection\":[\"CD IEMJ\",\"Coleccion Clasica\",\"Publicaciones\"],\"inLanguage\":\"es\"},{\"@type\":\"WebPage\",\"@id\":\"https:\\\/\\\/www.iemj.org\\\/es\\\/itai-daniel-mahzor-hayim\\\/\",\"url\":\"https:\\\/\\\/www.iemj.org\\\/es\\\/itai-daniel-mahzor-hayim\\\/\",\"name\":\"Ita\u00ef Daniel \u2013 Mahzor Hayim - Institut Europ\u00e9en des Musiques Juives\",\"isPartOf\":{\"@id\":\"https:\\\/\\\/www.iemj.org\\\/es\\\/#website\"},\"primaryImageOfPage\":{\"@id\":\"https:\\\/\\\/www.iemj.org\\\/es\\\/itai-daniel-mahzor-hayim\\\/#primaryimage\"},\"image\":{\"@id\":\"https:\\\/\\\/www.iemj.org\\\/es\\\/itai-daniel-mahzor-hayim\\\/#primaryimage\"},\"thumbnailUrl\":\"https:\\\/\\\/www.iemj.org\\\/wp-content\\\/uploads\\\/2018\\\/10\\\/arton3697.jpg\",\"datePublished\":\"2018-10-23T13:27:03+00:00\",\"dateModified\":\"2025-08-27T09:18:01+00:00\",\"breadcrumb\":{\"@id\":\"https:\\\/\\\/www.iemj.org\\\/es\\\/itai-daniel-mahzor-hayim\\\/#breadcrumb\"},\"inLanguage\":\"es\",\"potentialAction\":[{\"@type\":\"ReadAction\",\"target\":[\"https:\\\/\\\/www.iemj.org\\\/es\\\/itai-daniel-mahzor-hayim\\\/\"]}]},{\"@type\":\"ImageObject\",\"inLanguage\":\"es\",\"@id\":\"https:\\\/\\\/www.iemj.org\\\/es\\\/itai-daniel-mahzor-hayim\\\/#primaryimage\",\"url\":\"https:\\\/\\\/www.iemj.org\\\/wp-content\\\/uploads\\\/2018\\\/10\\\/arton3697.jpg\",\"contentUrl\":\"https:\\\/\\\/www.iemj.org\\\/wp-content\\\/uploads\\\/2018\\\/10\\\/arton3697.jpg\",\"width\":526,\"height\":519},{\"@type\":\"BreadcrumbList\",\"@id\":\"https:\\\/\\\/www.iemj.org\\\/es\\\/itai-daniel-mahzor-hayim\\\/#breadcrumb\",\"itemListElement\":[{\"@type\":\"ListItem\",\"position\":1,\"name\":\"Accueil\",\"item\":\"https:\\\/\\\/www.iemj.org\\\/es\\\/\"},{\"@type\":\"ListItem\",\"position\":2,\"name\":\"Ita\u00ef Daniel \u2013 Mahzor Hayim\"}]},{\"@type\":\"WebSite\",\"@id\":\"https:\\\/\\\/www.iemj.org\\\/es\\\/#website\",\"url\":\"https:\\\/\\\/www.iemj.org\\\/es\\\/\",\"name\":\"Institut Europ\u00e9en des Musiques Juives\",\"description\":\"Des traditions musicales \u00e0 la port\u00e9e de tous\",\"publisher\":{\"@id\":\"https:\\\/\\\/www.iemj.org\\\/es\\\/#organization\"},\"potentialAction\":[{\"@type\":\"SearchAction\",\"target\":{\"@type\":\"EntryPoint\",\"urlTemplate\":\"https:\\\/\\\/www.iemj.org\\\/es\\\/?s={search_term_string}\"},\"query-input\":{\"@type\":\"PropertyValueSpecification\",\"valueRequired\":true,\"valueName\":\"search_term_string\"}}],\"inLanguage\":\"es\"},{\"@type\":\"Organization\",\"@id\":\"https:\\\/\\\/www.iemj.org\\\/es\\\/#organization\",\"name\":\"Institut Europ\u00e9en des Musiques Juives\",\"url\":\"https:\\\/\\\/www.iemj.org\\\/es\\\/\",\"logo\":{\"@type\":\"ImageObject\",\"inLanguage\":\"es\",\"@id\":\"https:\\\/\\\/www.iemj.org\\\/es\\\/#\\\/schema\\\/logo\\\/image\\\/\",\"url\":\"https:\\\/\\\/www.iemj.org\\\/wp-content\\\/uploads\\\/2021\\\/09\\\/Logo-IEMJ-Paypal.jpg\",\"contentUrl\":\"https:\\\/\\\/www.iemj.org\\\/wp-content\\\/uploads\\\/2021\\\/09\\\/Logo-IEMJ-Paypal.jpg\",\"width\":150,\"height\":50,\"caption\":\"Institut Europ\u00e9en des Musiques Juives\"},\"image\":{\"@id\":\"https:\\\/\\\/www.iemj.org\\\/es\\\/#\\\/schema\\\/logo\\\/image\\\/\"},\"sameAs\":[\"https:\\\/\\\/www.facebook.com\\\/MusiquesJuives\\\/\",\"https:\\\/\\\/www.instagram.com\\\/musiquesjuives\\\/\",\"https:\\\/\\\/www.youtube.com\\\/user\\\/musiquesjuives\"]},{\"@type\":\"Person\",\"@id\":\"https:\\\/\\\/www.iemj.org\\\/es\\\/#\\\/schema\\\/person\\\/906134402c29d5c76e7b726261dd4bbd\",\"name\":\"Herv\u00e9 Roten\",\"image\":{\"@type\":\"ImageObject\",\"inLanguage\":\"es\",\"@id\":\"https:\\\/\\\/secure.gravatar.com\\\/avatar\\\/f96ad2db538a26481f18384936b5cd0610c92d390c4dc382209216d455f685ff?s=96&d=mm&r=g\",\"url\":\"https:\\\/\\\/secure.gravatar.com\\\/avatar\\\/f96ad2db538a26481f18384936b5cd0610c92d390c4dc382209216d455f685ff?s=96&d=mm&r=g\",\"contentUrl\":\"https:\\\/\\\/secure.gravatar.com\\\/avatar\\\/f96ad2db538a26481f18384936b5cd0610c92d390c4dc382209216d455f685ff?s=96&d=mm&r=g\",\"caption\":\"Herv\u00e9 Roten\"}}]}<\/script>\n<!-- \/ Yoast SEO plugin. -->","yoast_head_json":{"title":"Ita\u00ef Daniel \u2013 Mahzor Hayim - Institut Europ\u00e9en des Musiques Juives","robots":{"index":"index","follow":"follow","max-snippet":"max-snippet:-1","max-image-preview":"max-image-preview:large","max-video-preview":"max-video-preview:-1"},"canonical":"https:\/\/www.iemj.org\/es\/itai-daniel-mahzor-hayim\/","og_locale":"es_ES","og_type":"article","og_title":"Ita\u00ef Daniel \u2013 Mahzor Hayim - Institut Europ\u00e9en des Musiques Juives","og_description":"\u00a0 5\u00ba. CD DE LA COLECCI\u00d3N CLASSICOS","og_url":"https:\/\/www.iemj.org\/es\/itai-daniel-mahzor-hayim\/","og_site_name":"Institut Europ\u00e9en des Musiques Juives","article_publisher":"https:\/\/www.facebook.com\/MusiquesJuives\/","article_published_time":"2018-10-23T13:27:03+00:00","article_modified_time":"2025-08-27T09:18:01+00:00","og_image":[{"width":526,"height":519,"url":"https:\/\/www.iemj.org\/wp-content\/uploads\/2018\/10\/arton3697.jpg","type":"image\/jpeg"}],"author":"Herv\u00e9 Roten","twitter_card":"summary_large_image","twitter_misc":{"Escrito por":"Herv\u00e9 Roten","Tiempo de lectura":"3 minutos"},"schema":{"@context":"https:\/\/schema.org","@graph":[{"@type":"Article","@id":"https:\/\/www.iemj.org\/es\/itai-daniel-mahzor-hayim\/#article","isPartOf":{"@id":"https:\/\/www.iemj.org\/es\/itai-daniel-mahzor-hayim\/"},"author":{"name":"Herv\u00e9 Roten","@id":"https:\/\/www.iemj.org\/es\/#\/schema\/person\/906134402c29d5c76e7b726261dd4bbd"},"headline":"Ita\u00ef Daniel \u2013 Mahzor Hayim","datePublished":"2018-10-23T13:27:03+00:00","dateModified":"2025-08-27T09:18:01+00:00","mainEntityOfPage":{"@id":"https:\/\/www.iemj.org\/es\/itai-daniel-mahzor-hayim\/"},"wordCount":380,"publisher":{"@id":"https:\/\/www.iemj.org\/es\/#organization"},"image":{"@id":"https:\/\/www.iemj.org\/es\/itai-daniel-mahzor-hayim\/#primaryimage"},"thumbnailUrl":"https:\/\/www.iemj.org\/wp-content\/uploads\/2018\/10\/arton3697.jpg","articleSection":["CD IEMJ","Coleccion Clasica","Publicaciones"],"inLanguage":"es"},{"@type":"WebPage","@id":"https:\/\/www.iemj.org\/es\/itai-daniel-mahzor-hayim\/","url":"https:\/\/www.iemj.org\/es\/itai-daniel-mahzor-hayim\/","name":"Ita\u00ef Daniel \u2013 Mahzor Hayim - Institut Europ\u00e9en des Musiques Juives","isPartOf":{"@id":"https:\/\/www.iemj.org\/es\/#website"},"primaryImageOfPage":{"@id":"https:\/\/www.iemj.org\/es\/itai-daniel-mahzor-hayim\/#primaryimage"},"image":{"@id":"https:\/\/www.iemj.org\/es\/itai-daniel-mahzor-hayim\/#primaryimage"},"thumbnailUrl":"https:\/\/www.iemj.org\/wp-content\/uploads\/2018\/10\/arton3697.jpg","datePublished":"2018-10-23T13:27:03+00:00","dateModified":"2025-08-27T09:18:01+00:00","breadcrumb":{"@id":"https:\/\/www.iemj.org\/es\/itai-daniel-mahzor-hayim\/#breadcrumb"},"inLanguage":"es","potentialAction":[{"@type":"ReadAction","target":["https:\/\/www.iemj.org\/es\/itai-daniel-mahzor-hayim\/"]}]},{"@type":"ImageObject","inLanguage":"es","@id":"https:\/\/www.iemj.org\/es\/itai-daniel-mahzor-hayim\/#primaryimage","url":"https:\/\/www.iemj.org\/wp-content\/uploads\/2018\/10\/arton3697.jpg","contentUrl":"https:\/\/www.iemj.org\/wp-content\/uploads\/2018\/10\/arton3697.jpg","width":526,"height":519},{"@type":"BreadcrumbList","@id":"https:\/\/www.iemj.org\/es\/itai-daniel-mahzor-hayim\/#breadcrumb","itemListElement":[{"@type":"ListItem","position":1,"name":"Accueil","item":"https:\/\/www.iemj.org\/es\/"},{"@type":"ListItem","position":2,"name":"Ita\u00ef Daniel \u2013 Mahzor Hayim"}]},{"@type":"WebSite","@id":"https:\/\/www.iemj.org\/es\/#website","url":"https:\/\/www.iemj.org\/es\/","name":"Institut Europ\u00e9en des Musiques Juives","description":"Des traditions musicales \u00e0 la port\u00e9e de tous","publisher":{"@id":"https:\/\/www.iemj.org\/es\/#organization"},"potentialAction":[{"@type":"SearchAction","target":{"@type":"EntryPoint","urlTemplate":"https:\/\/www.iemj.org\/es\/?s={search_term_string}"},"query-input":{"@type":"PropertyValueSpecification","valueRequired":true,"valueName":"search_term_string"}}],"inLanguage":"es"},{"@type":"Organization","@id":"https:\/\/www.iemj.org\/es\/#organization","name":"Institut Europ\u00e9en des Musiques Juives","url":"https:\/\/www.iemj.org\/es\/","logo":{"@type":"ImageObject","inLanguage":"es","@id":"https:\/\/www.iemj.org\/es\/#\/schema\/logo\/image\/","url":"https:\/\/www.iemj.org\/wp-content\/uploads\/2021\/09\/Logo-IEMJ-Paypal.jpg","contentUrl":"https:\/\/www.iemj.org\/wp-content\/uploads\/2021\/09\/Logo-IEMJ-Paypal.jpg","width":150,"height":50,"caption":"Institut Europ\u00e9en des Musiques Juives"},"image":{"@id":"https:\/\/www.iemj.org\/es\/#\/schema\/logo\/image\/"},"sameAs":["https:\/\/www.facebook.com\/MusiquesJuives\/","https:\/\/www.instagram.com\/musiquesjuives\/","https:\/\/www.youtube.com\/user\/musiquesjuives"]},{"@type":"Person","@id":"https:\/\/www.iemj.org\/es\/#\/schema\/person\/906134402c29d5c76e7b726261dd4bbd","name":"Herv\u00e9 Roten","image":{"@type":"ImageObject","inLanguage":"es","@id":"https:\/\/secure.gravatar.com\/avatar\/f96ad2db538a26481f18384936b5cd0610c92d390c4dc382209216d455f685ff?s=96&d=mm&r=g","url":"https:\/\/secure.gravatar.com\/avatar\/f96ad2db538a26481f18384936b5cd0610c92d390c4dc382209216d455f685ff?s=96&d=mm&r=g","contentUrl":"https:\/\/secure.gravatar.com\/avatar\/f96ad2db538a26481f18384936b5cd0610c92d390c4dc382209216d455f685ff?s=96&d=mm&r=g","caption":"Herv\u00e9 Roten"}}]}},"_links":{"self":[{"href":"https:\/\/www.iemj.org\/es\/wp-json\/wp\/v2\/posts\/51651","targetHints":{"allow":["GET"]}}],"collection":[{"href":"https:\/\/www.iemj.org\/es\/wp-json\/wp\/v2\/posts"}],"about":[{"href":"https:\/\/www.iemj.org\/es\/wp-json\/wp\/v2\/types\/post"}],"author":[{"embeddable":true,"href":"https:\/\/www.iemj.org\/es\/wp-json\/wp\/v2\/users\/1045"}],"replies":[{"embeddable":true,"href":"https:\/\/www.iemj.org\/es\/wp-json\/wp\/v2\/comments?post=51651"}],"version-history":[{"count":0,"href":"https:\/\/www.iemj.org\/es\/wp-json\/wp\/v2\/posts\/51651\/revisions"}],"wp:featuredmedia":[{"embeddable":true,"href":"https:\/\/www.iemj.org\/es\/wp-json\/wp\/v2\/media\/51652"}],"wp:attachment":[{"href":"https:\/\/www.iemj.org\/es\/wp-json\/wp\/v2\/media?parent=51651"}],"wp:term":[{"taxonomy":"category","embeddable":true,"href":"https:\/\/www.iemj.org\/es\/wp-json\/wp\/v2\/categories?post=51651"},{"taxonomy":"post_tag","embeddable":true,"href":"https:\/\/www.iemj.org\/es\/wp-json\/wp\/v2\/tags?post=51651"},{"taxonomy":"technique","embeddable":true,"href":"https:\/\/www.iemj.org\/es\/wp-json\/wp\/v2\/technique?post=51651"},{"taxonomy":"squelettes","embeddable":true,"href":"https:\/\/www.iemj.org\/es\/wp-json\/wp\/v2\/squelettes?post=51651"},{"taxonomy":"sujet","embeddable":true,"href":"https:\/\/www.iemj.org\/es\/wp-json\/wp\/v2\/sujet?post=51651"},{"taxonomy":"formation","embeddable":true,"href":"https:\/\/www.iemj.org\/es\/wp-json\/wp\/v2\/formation?post=51651"},{"taxonomy":"genre","embeddable":true,"href":"https:\/\/www.iemj.org\/es\/wp-json\/wp\/v2\/genre?post=51651"},{"taxonomy":"fonds","embeddable":true,"href":"https:\/\/www.iemj.org\/es\/wp-json\/wp\/v2\/fonds?post=51651"},{"taxonomy":"tradition","embeddable":true,"href":"https:\/\/www.iemj.org\/es\/wp-json\/wp\/v2\/tradition?post=51651"},{"taxonomy":"type-de-contenu","embeddable":true,"href":"https:\/\/www.iemj.org\/es\/wp-json\/wp\/v2\/type-de-contenu?post=51651"},{"taxonomy":"interprete-compositeur","embeddable":true,"href":"https:\/\/www.iemj.org\/es\/wp-json\/wp\/v2\/interprete-compositeur?post=51651"},{"taxonomy":"frise","embeddable":true,"href":"https:\/\/www.iemj.org\/es\/wp-json\/wp\/v2\/frise?post=51651"},{"taxonomy":"type-devenement","embeddable":true,"href":"https:\/\/www.iemj.org\/es\/wp-json\/wp\/v2\/type-devenement?post=51651"},{"taxonomy":"tableaux-liens-externes","embeddable":true,"href":"https:\/\/www.iemj.org\/es\/wp-json\/wp\/v2\/tableaux-liens-externes?post=51651"}],"curies":[{"name":"wp","href":"https:\/\/api.w.org\/{rel}","templated":true}]}}