{"id":52153,"date":"2015-07-06T18:05:28","date_gmt":"2015-07-06T16:05:28","guid":{"rendered":"https:\/\/www.iemj.org\/fuente-nueva-chants-traditionnels-judeo-marocains\/"},"modified":"2025-08-25T11:34:41","modified_gmt":"2025-08-25T09:34:41","slug":"fuente-nueva-chants-traditionnels-judeo-marocains","status":"publish","type":"post","link":"https:\/\/www.iemj.org\/es\/fuente-nueva-chants-traditionnels-judeo-marocains\/","title":{"rendered":"Fuente Nueva &#8211; Cantos tradicionales judeo-marroqu\u00edes"},"content":{"rendered":"<h3>\u00a0<\/h3>\n<h3 class=\"post_excerpt\">4\u00ba. CD DE LA COLECCI\u00d3N D\u00c9COUVERTES (DESCUBIERTAS)<\/h3>\n<p><!--more--><\/p>\n<p>T\u00e1nger, 1930, barrio de la <em>Fuente Nueva<\/em>, Yaacov y Yoheva se encuentran y se aman. De esta historia de amor, van a nacer diversos hijos, cuya una hija, Clara, la madre de Ester. Durante su infancia, <strong>Keren Esther<\/strong> fue calmada por las canciones judeo-espa\u00f1olas de su madre y su abuela. Canciones que hablan de amor, de boda, pero tambi\u00e9n de mujeres abandonadas. Canciones, cuyas algunas proveyendo de Turqu\u00eda o de la pen\u00ednsula balc\u00e1nica, que tejen una historia en la cual Keren Esther inscribe su filiaci\u00f3n.<\/p>\n<p>Acompa\u00f1ada a la guitarra y a las percusiones por <strong>Paco Chambi<\/strong> y <strong>Sylvain Fournier<\/strong>, Keren Esther, en este muy bonito CD, axhala la delicadeza de vivir mediterr\u00e1nea, el t\u00e9 con menta y la sombra de los jardines moriscos.<\/p>\n<ul>\n<li><a href=\"https:\/\/www.iemj.org\/es\/product\/fuente-nueva\/\" target=\"_blank\" rel=\"noopener\">Comprar el CD online en la tienda del IEMJ<\/a><\/li>\n<li>Informaciones al 01 45 82 20 52; <a href=\"contact@iemj.org\">contact@iemj.org<\/a><\/li>\n<li><a href=\"http:\/\/www.keren-esther.ch\/ \">Consultar el sitio web de Keren Esther<\/a><\/li>\n<li><a style=\"font-size: inherit;\" href=\"http:\/\/www.cfmj.fr\/mediatheque-halphen\/dernieres-acquisitions\/cd-dvd-multimedia-11\/a-la-una-yo-naci.html\">Escuchar y pedir el CD anterior<\/a><a style=\"font-size: inherit;\" href=\"http:\/\/www.cfmj.fr\/mediatheque-halphen\/dernieres-acquisitions\/cd-dvd-multimedia-11\/a-la-una-yo-naci.html\"><em>A la una yo naci<\/em><\/a><a style=\"font-size: inherit;\" href=\"http:\/\/www.cfmj.fr\/mediatheque-halphen\/dernieres-acquisitions\/cd-dvd-multimedia-11\/a-la-una-yo-naci.html\"> de Keren Esther.<\/a><\/li>\n<\/ul>\n\n<div class=\"wp-block-image\">\n<figure class=\"aligncenter size-large\"><img fetchpriority=\"high\" decoding=\"async\" width=\"500\" height=\"500\" src=\"https:\/\/www.iemj.org\/wp-content\/uploads\/2015\/07\/fuente-nueva_couv4-7bf53.jpg\" alt=\"fuente-nueva_couv4-7bf53.jpg\" class=\"wp-image-7512\" srcset=\"https:\/\/www.iemj.org\/wp-content\/uploads\/2015\/07\/fuente-nueva_couv4-7bf53.jpg 500w, https:\/\/www.iemj.org\/wp-content\/uploads\/2015\/07\/fuente-nueva_couv4-7bf53-300x300.jpg 300w, https:\/\/www.iemj.org\/wp-content\/uploads\/2015\/07\/fuente-nueva_couv4-7bf53-150x150.jpg 150w, https:\/\/www.iemj.org\/wp-content\/uploads\/2015\/07\/fuente-nueva_couv4-7bf53-100x100.jpg 100w\" sizes=\"(max-width: 500px) 100vw, 500px\" \/><\/figure>\n<\/div>\n\n\n<figure class=\"wp-block-embed is-type-video is-provider-youtube wp-block-embed-youtube wp-embed-aspect-16-9 wp-has-aspect-ratio\"><div class=\"wp-block-embed__wrapper\">\n<iframe title=\"Morenika - Keren Esther\" width=\"640\" height=\"360\" src=\"https:\/\/www.youtube.com\/embed\/4gsKxVu1FNU?feature=oembed\" frameborder=\"0\" allow=\"accelerometer; autoplay; clipboard-write; encrypted-media; gyroscope; picture-in-picture; web-share\" referrerpolicy=\"strict-origin-when-cross-origin\" allowfullscreen><\/iframe>\n<\/div><\/figure>\n\n\n\n<h2 class=\"wp-block-heading\"><\/h2>\n\n\n<div class=\"wp-block-image\">\n<figure class=\"aligncenter size-large\"><img decoding=\"async\" width=\"1024\" height=\"133\" src=\"https:\/\/www.iemj.org\/wp-content\/uploads\/2024\/03\/AUDIO-PLAYER-1024x133.png\" alt=\"\" class=\"wp-image-110610\" srcset=\"https:\/\/www.iemj.org\/wp-content\/uploads\/2024\/03\/AUDIO-PLAYER-1024x133.png 1024w, https:\/\/www.iemj.org\/wp-content\/uploads\/2024\/03\/AUDIO-PLAYER-300x39.png 300w, https:\/\/www.iemj.org\/wp-content\/uploads\/2024\/03\/AUDIO-PLAYER-768x100.png 768w, https:\/\/www.iemj.org\/wp-content\/uploads\/2024\/03\/AUDIO-PLAYER-600x78.png 600w, https:\/\/www.iemj.org\/wp-content\/uploads\/2024\/03\/AUDIO-PLAYER.png 1210w\" sizes=\"(max-width: 1024px) 100vw, 1024px\" \/><\/figure>\n<\/div>\n\n\n<div class=\"wp-block-file\"><a href=\"https:\/\/www.iemj.org\/wp-content\/uploads\/2015\/07\/01_a_la_bajada_del_tren.mp3\">A la bajada der tren<\/a><\/div>\n\n\n\n<div class=\"wp-block-file\"><a href=\"https:\/\/www.iemj.org\/wp-content\/uploads\/2015\/07\/06_esther_mi_bien.mp3\">Esther mi bien<\/a><\/div>\n\n\n\n<div class=\"wp-block-file\"><a href=\"https:\/\/www.iemj.org\/wp-content\/uploads\/2015\/07\/07_esta_noche_de_purim.mp3\">Esta noche de Purim<\/a><\/div>\n\n\n\n<div class=\"wp-block-file\"><a href=\"https:\/\/www.iemj.org\/wp-content\/uploads\/2015\/07\/09_una_tarde_de_verano.mp3\">Una tarde de verano<\/a><\/div>\n\n\n\n<div class=\"wp-block-file\"><a href=\"https:\/\/www.iemj.org\/wp-content\/uploads\/2015\/07\/14_mi_nuera.mp3\">Mi nuera<\/a><\/div>\n","protected":false},"excerpt":{"rendered":"<p>\u00a0 4\u00ba. CD DE LA COLECCI\u00d3N D\u00c9COUVERTES (DESCUBIERTAS)<\/p>\n","protected":false},"author":1051,"featured_media":52154,"comment_status":"closed","ping_status":"open","sticky":false,"template":"","format":"standard","meta":{"_acf_changed":false,"footnotes":""},"categories":[1394,2205,1391],"tags":[],"technique":[],"squelettes":[],"sujet":[],"formation":[],"genre":[1889],"fonds":[],"tradition":[],"type-de-contenu":[],"interprete-compositeur":[3226],"frise":[],"type-devenement":[],"tableaux-liens-externes":[],"class_list":["post-52153","post","type-post","status-publish","format-standard","has-post-thumbnail","hentry","category-cd-iemj-es","category-coleccion-descubiertas-es","category-publicaciones-es","genre-judeo-espanol-es","interprete-compositeur-keren-esther-es"],"acf":[],"yoast_head":"<!-- This site is optimized with the Yoast SEO plugin v27.3 - https:\/\/yoast.com\/product\/yoast-seo-wordpress\/ -->\n<title>Fuente Nueva - Cantos tradicionales judeo-marroqu\u00edes - Institut Europ\u00e9en des Musiques Juives<\/title>\n<meta name=\"robots\" content=\"index, follow, max-snippet:-1, max-image-preview:large, max-video-preview:-1\" \/>\n<link rel=\"canonical\" href=\"https:\/\/www.iemj.org\/es\/fuente-nueva-chants-traditionnels-judeo-marocains\/\" \/>\n<meta property=\"og:locale\" content=\"es_ES\" \/>\n<meta property=\"og:type\" content=\"article\" \/>\n<meta property=\"og:title\" content=\"Fuente Nueva - Cantos tradicionales judeo-marroqu\u00edes - Institut Europ\u00e9en des Musiques Juives\" \/>\n<meta property=\"og:description\" content=\"\u00a0 4\u00ba. CD DE LA COLECCI\u00d3N D\u00c9COUVERTES (DESCUBIERTAS)\" \/>\n<meta property=\"og:url\" content=\"https:\/\/www.iemj.org\/es\/fuente-nueva-chants-traditionnels-judeo-marocains\/\" \/>\n<meta property=\"og:site_name\" content=\"Institut Europ\u00e9en des Musiques Juives\" \/>\n<meta property=\"article:publisher\" content=\"https:\/\/www.facebook.com\/MusiquesJuives\/\" \/>\n<meta property=\"article:published_time\" content=\"2015-07-06T16:05:28+00:00\" \/>\n<meta property=\"article:modified_time\" content=\"2025-08-25T09:34:41+00:00\" \/>\n<meta property=\"og:image\" content=\"https:\/\/www.iemj.org\/wp-content\/uploads\/2015\/07\/arton1033.jpg\" \/>\n\t<meta property=\"og:image:width\" content=\"300\" \/>\n\t<meta property=\"og:image:height\" content=\"267\" \/>\n\t<meta property=\"og:image:type\" content=\"image\/jpeg\" \/>\n<meta name=\"author\" content=\"Eleonore Biezunski\" \/>\n<meta name=\"twitter:card\" content=\"summary_large_image\" \/>\n<meta name=\"twitter:label1\" content=\"Escrito por\" \/>\n\t<meta name=\"twitter:data1\" content=\"Eleonore Biezunski\" \/>\n\t<meta name=\"twitter:label2\" content=\"Tiempo de lectura\" \/>\n\t<meta name=\"twitter:data2\" content=\"2 minutos\" \/>\n<script type=\"application\/ld+json\" class=\"yoast-schema-graph\">{\"@context\":\"https:\\\/\\\/schema.org\",\"@graph\":[{\"@type\":\"Article\",\"@id\":\"https:\\\/\\\/www.iemj.org\\\/es\\\/fuente-nueva-chants-traditionnels-judeo-marocains\\\/#article\",\"isPartOf\":{\"@id\":\"https:\\\/\\\/www.iemj.org\\\/es\\\/fuente-nueva-chants-traditionnels-judeo-marocains\\\/\"},\"author\":{\"name\":\"Eleonore Biezunski\",\"@id\":\"https:\\\/\\\/www.iemj.org\\\/es\\\/#\\\/schema\\\/person\\\/b642ef6ac700534beb3a478a1044fc58\"},\"headline\":\"Fuente Nueva &#8211; Cantos tradicionales judeo-marroqu\u00edes\",\"datePublished\":\"2015-07-06T16:05:28+00:00\",\"dateModified\":\"2025-08-25T09:34:41+00:00\",\"mainEntityOfPage\":{\"@id\":\"https:\\\/\\\/www.iemj.org\\\/es\\\/fuente-nueva-chants-traditionnels-judeo-marocains\\\/\"},\"wordCount\":204,\"publisher\":{\"@id\":\"https:\\\/\\\/www.iemj.org\\\/es\\\/#organization\"},\"image\":{\"@id\":\"https:\\\/\\\/www.iemj.org\\\/es\\\/fuente-nueva-chants-traditionnels-judeo-marocains\\\/#primaryimage\"},\"thumbnailUrl\":\"https:\\\/\\\/www.iemj.org\\\/wp-content\\\/uploads\\\/2015\\\/07\\\/arton1033.jpg\",\"articleSection\":[\"CD IEMJ\",\"Coleccion Descubiertas\",\"Publicaciones\"],\"inLanguage\":\"es\"},{\"@type\":\"WebPage\",\"@id\":\"https:\\\/\\\/www.iemj.org\\\/es\\\/fuente-nueva-chants-traditionnels-judeo-marocains\\\/\",\"url\":\"https:\\\/\\\/www.iemj.org\\\/es\\\/fuente-nueva-chants-traditionnels-judeo-marocains\\\/\",\"name\":\"Fuente Nueva - Cantos tradicionales judeo-marroqu\u00edes - Institut Europ\u00e9en des Musiques Juives\",\"isPartOf\":{\"@id\":\"https:\\\/\\\/www.iemj.org\\\/es\\\/#website\"},\"primaryImageOfPage\":{\"@id\":\"https:\\\/\\\/www.iemj.org\\\/es\\\/fuente-nueva-chants-traditionnels-judeo-marocains\\\/#primaryimage\"},\"image\":{\"@id\":\"https:\\\/\\\/www.iemj.org\\\/es\\\/fuente-nueva-chants-traditionnels-judeo-marocains\\\/#primaryimage\"},\"thumbnailUrl\":\"https:\\\/\\\/www.iemj.org\\\/wp-content\\\/uploads\\\/2015\\\/07\\\/arton1033.jpg\",\"datePublished\":\"2015-07-06T16:05:28+00:00\",\"dateModified\":\"2025-08-25T09:34:41+00:00\",\"breadcrumb\":{\"@id\":\"https:\\\/\\\/www.iemj.org\\\/es\\\/fuente-nueva-chants-traditionnels-judeo-marocains\\\/#breadcrumb\"},\"inLanguage\":\"es\",\"potentialAction\":[{\"@type\":\"ReadAction\",\"target\":[\"https:\\\/\\\/www.iemj.org\\\/es\\\/fuente-nueva-chants-traditionnels-judeo-marocains\\\/\"]}]},{\"@type\":\"ImageObject\",\"inLanguage\":\"es\",\"@id\":\"https:\\\/\\\/www.iemj.org\\\/es\\\/fuente-nueva-chants-traditionnels-judeo-marocains\\\/#primaryimage\",\"url\":\"https:\\\/\\\/www.iemj.org\\\/wp-content\\\/uploads\\\/2015\\\/07\\\/arton1033.jpg\",\"contentUrl\":\"https:\\\/\\\/www.iemj.org\\\/wp-content\\\/uploads\\\/2015\\\/07\\\/arton1033.jpg\",\"width\":300,\"height\":267},{\"@type\":\"BreadcrumbList\",\"@id\":\"https:\\\/\\\/www.iemj.org\\\/es\\\/fuente-nueva-chants-traditionnels-judeo-marocains\\\/#breadcrumb\",\"itemListElement\":[{\"@type\":\"ListItem\",\"position\":1,\"name\":\"Accueil\",\"item\":\"https:\\\/\\\/www.iemj.org\\\/es\\\/\"},{\"@type\":\"ListItem\",\"position\":2,\"name\":\"Fuente Nueva &#8211; Cantos tradicionales judeo-marroqu\u00edes\"}]},{\"@type\":\"WebSite\",\"@id\":\"https:\\\/\\\/www.iemj.org\\\/es\\\/#website\",\"url\":\"https:\\\/\\\/www.iemj.org\\\/es\\\/\",\"name\":\"Institut Europ\u00e9en des Musiques Juives\",\"description\":\"Des traditions musicales \u00e0 la port\u00e9e de tous\",\"publisher\":{\"@id\":\"https:\\\/\\\/www.iemj.org\\\/es\\\/#organization\"},\"potentialAction\":[{\"@type\":\"SearchAction\",\"target\":{\"@type\":\"EntryPoint\",\"urlTemplate\":\"https:\\\/\\\/www.iemj.org\\\/es\\\/?s={search_term_string}\"},\"query-input\":{\"@type\":\"PropertyValueSpecification\",\"valueRequired\":true,\"valueName\":\"search_term_string\"}}],\"inLanguage\":\"es\"},{\"@type\":\"Organization\",\"@id\":\"https:\\\/\\\/www.iemj.org\\\/es\\\/#organization\",\"name\":\"Institut Europ\u00e9en des Musiques Juives\",\"url\":\"https:\\\/\\\/www.iemj.org\\\/es\\\/\",\"logo\":{\"@type\":\"ImageObject\",\"inLanguage\":\"es\",\"@id\":\"https:\\\/\\\/www.iemj.org\\\/es\\\/#\\\/schema\\\/logo\\\/image\\\/\",\"url\":\"https:\\\/\\\/www.iemj.org\\\/wp-content\\\/uploads\\\/2021\\\/09\\\/Logo-IEMJ-Paypal.jpg\",\"contentUrl\":\"https:\\\/\\\/www.iemj.org\\\/wp-content\\\/uploads\\\/2021\\\/09\\\/Logo-IEMJ-Paypal.jpg\",\"width\":150,\"height\":50,\"caption\":\"Institut Europ\u00e9en des Musiques Juives\"},\"image\":{\"@id\":\"https:\\\/\\\/www.iemj.org\\\/es\\\/#\\\/schema\\\/logo\\\/image\\\/\"},\"sameAs\":[\"https:\\\/\\\/www.facebook.com\\\/MusiquesJuives\\\/\",\"https:\\\/\\\/www.instagram.com\\\/musiquesjuives\\\/\",\"https:\\\/\\\/www.youtube.com\\\/user\\\/musiquesjuives\"]},{\"@type\":\"Person\",\"@id\":\"https:\\\/\\\/www.iemj.org\\\/es\\\/#\\\/schema\\\/person\\\/b642ef6ac700534beb3a478a1044fc58\",\"name\":\"Eleonore Biezunski\",\"image\":{\"@type\":\"ImageObject\",\"inLanguage\":\"es\",\"@id\":\"https:\\\/\\\/secure.gravatar.com\\\/avatar\\\/23ebe6af626286145e05768bed85e683b6fb680909f71fae7052aa52346a660a?s=96&d=mm&r=g\",\"url\":\"https:\\\/\\\/secure.gravatar.com\\\/avatar\\\/23ebe6af626286145e05768bed85e683b6fb680909f71fae7052aa52346a660a?s=96&d=mm&r=g\",\"contentUrl\":\"https:\\\/\\\/secure.gravatar.com\\\/avatar\\\/23ebe6af626286145e05768bed85e683b6fb680909f71fae7052aa52346a660a?s=96&d=mm&r=g\",\"caption\":\"Eleonore Biezunski\"}}]}<\/script>\n<!-- \/ Yoast SEO plugin. -->","yoast_head_json":{"title":"Fuente Nueva - Cantos tradicionales judeo-marroqu\u00edes - Institut Europ\u00e9en des Musiques Juives","robots":{"index":"index","follow":"follow","max-snippet":"max-snippet:-1","max-image-preview":"max-image-preview:large","max-video-preview":"max-video-preview:-1"},"canonical":"https:\/\/www.iemj.org\/es\/fuente-nueva-chants-traditionnels-judeo-marocains\/","og_locale":"es_ES","og_type":"article","og_title":"Fuente Nueva - Cantos tradicionales judeo-marroqu\u00edes - Institut Europ\u00e9en des Musiques Juives","og_description":"\u00a0 4\u00ba. CD DE LA COLECCI\u00d3N D\u00c9COUVERTES (DESCUBIERTAS)","og_url":"https:\/\/www.iemj.org\/es\/fuente-nueva-chants-traditionnels-judeo-marocains\/","og_site_name":"Institut Europ\u00e9en des Musiques Juives","article_publisher":"https:\/\/www.facebook.com\/MusiquesJuives\/","article_published_time":"2015-07-06T16:05:28+00:00","article_modified_time":"2025-08-25T09:34:41+00:00","og_image":[{"width":300,"height":267,"url":"https:\/\/www.iemj.org\/wp-content\/uploads\/2015\/07\/arton1033.jpg","type":"image\/jpeg"}],"author":"Eleonore Biezunski","twitter_card":"summary_large_image","twitter_misc":{"Escrito por":"Eleonore Biezunski","Tiempo de lectura":"2 minutos"},"schema":{"@context":"https:\/\/schema.org","@graph":[{"@type":"Article","@id":"https:\/\/www.iemj.org\/es\/fuente-nueva-chants-traditionnels-judeo-marocains\/#article","isPartOf":{"@id":"https:\/\/www.iemj.org\/es\/fuente-nueva-chants-traditionnels-judeo-marocains\/"},"author":{"name":"Eleonore Biezunski","@id":"https:\/\/www.iemj.org\/es\/#\/schema\/person\/b642ef6ac700534beb3a478a1044fc58"},"headline":"Fuente Nueva &#8211; Cantos tradicionales judeo-marroqu\u00edes","datePublished":"2015-07-06T16:05:28+00:00","dateModified":"2025-08-25T09:34:41+00:00","mainEntityOfPage":{"@id":"https:\/\/www.iemj.org\/es\/fuente-nueva-chants-traditionnels-judeo-marocains\/"},"wordCount":204,"publisher":{"@id":"https:\/\/www.iemj.org\/es\/#organization"},"image":{"@id":"https:\/\/www.iemj.org\/es\/fuente-nueva-chants-traditionnels-judeo-marocains\/#primaryimage"},"thumbnailUrl":"https:\/\/www.iemj.org\/wp-content\/uploads\/2015\/07\/arton1033.jpg","articleSection":["CD IEMJ","Coleccion Descubiertas","Publicaciones"],"inLanguage":"es"},{"@type":"WebPage","@id":"https:\/\/www.iemj.org\/es\/fuente-nueva-chants-traditionnels-judeo-marocains\/","url":"https:\/\/www.iemj.org\/es\/fuente-nueva-chants-traditionnels-judeo-marocains\/","name":"Fuente Nueva - Cantos tradicionales judeo-marroqu\u00edes - Institut Europ\u00e9en des Musiques Juives","isPartOf":{"@id":"https:\/\/www.iemj.org\/es\/#website"},"primaryImageOfPage":{"@id":"https:\/\/www.iemj.org\/es\/fuente-nueva-chants-traditionnels-judeo-marocains\/#primaryimage"},"image":{"@id":"https:\/\/www.iemj.org\/es\/fuente-nueva-chants-traditionnels-judeo-marocains\/#primaryimage"},"thumbnailUrl":"https:\/\/www.iemj.org\/wp-content\/uploads\/2015\/07\/arton1033.jpg","datePublished":"2015-07-06T16:05:28+00:00","dateModified":"2025-08-25T09:34:41+00:00","breadcrumb":{"@id":"https:\/\/www.iemj.org\/es\/fuente-nueva-chants-traditionnels-judeo-marocains\/#breadcrumb"},"inLanguage":"es","potentialAction":[{"@type":"ReadAction","target":["https:\/\/www.iemj.org\/es\/fuente-nueva-chants-traditionnels-judeo-marocains\/"]}]},{"@type":"ImageObject","inLanguage":"es","@id":"https:\/\/www.iemj.org\/es\/fuente-nueva-chants-traditionnels-judeo-marocains\/#primaryimage","url":"https:\/\/www.iemj.org\/wp-content\/uploads\/2015\/07\/arton1033.jpg","contentUrl":"https:\/\/www.iemj.org\/wp-content\/uploads\/2015\/07\/arton1033.jpg","width":300,"height":267},{"@type":"BreadcrumbList","@id":"https:\/\/www.iemj.org\/es\/fuente-nueva-chants-traditionnels-judeo-marocains\/#breadcrumb","itemListElement":[{"@type":"ListItem","position":1,"name":"Accueil","item":"https:\/\/www.iemj.org\/es\/"},{"@type":"ListItem","position":2,"name":"Fuente Nueva &#8211; Cantos tradicionales judeo-marroqu\u00edes"}]},{"@type":"WebSite","@id":"https:\/\/www.iemj.org\/es\/#website","url":"https:\/\/www.iemj.org\/es\/","name":"Institut Europ\u00e9en des Musiques Juives","description":"Des traditions musicales \u00e0 la port\u00e9e de tous","publisher":{"@id":"https:\/\/www.iemj.org\/es\/#organization"},"potentialAction":[{"@type":"SearchAction","target":{"@type":"EntryPoint","urlTemplate":"https:\/\/www.iemj.org\/es\/?s={search_term_string}"},"query-input":{"@type":"PropertyValueSpecification","valueRequired":true,"valueName":"search_term_string"}}],"inLanguage":"es"},{"@type":"Organization","@id":"https:\/\/www.iemj.org\/es\/#organization","name":"Institut Europ\u00e9en des Musiques Juives","url":"https:\/\/www.iemj.org\/es\/","logo":{"@type":"ImageObject","inLanguage":"es","@id":"https:\/\/www.iemj.org\/es\/#\/schema\/logo\/image\/","url":"https:\/\/www.iemj.org\/wp-content\/uploads\/2021\/09\/Logo-IEMJ-Paypal.jpg","contentUrl":"https:\/\/www.iemj.org\/wp-content\/uploads\/2021\/09\/Logo-IEMJ-Paypal.jpg","width":150,"height":50,"caption":"Institut Europ\u00e9en des Musiques Juives"},"image":{"@id":"https:\/\/www.iemj.org\/es\/#\/schema\/logo\/image\/"},"sameAs":["https:\/\/www.facebook.com\/MusiquesJuives\/","https:\/\/www.instagram.com\/musiquesjuives\/","https:\/\/www.youtube.com\/user\/musiquesjuives"]},{"@type":"Person","@id":"https:\/\/www.iemj.org\/es\/#\/schema\/person\/b642ef6ac700534beb3a478a1044fc58","name":"Eleonore Biezunski","image":{"@type":"ImageObject","inLanguage":"es","@id":"https:\/\/secure.gravatar.com\/avatar\/23ebe6af626286145e05768bed85e683b6fb680909f71fae7052aa52346a660a?s=96&d=mm&r=g","url":"https:\/\/secure.gravatar.com\/avatar\/23ebe6af626286145e05768bed85e683b6fb680909f71fae7052aa52346a660a?s=96&d=mm&r=g","contentUrl":"https:\/\/secure.gravatar.com\/avatar\/23ebe6af626286145e05768bed85e683b6fb680909f71fae7052aa52346a660a?s=96&d=mm&r=g","caption":"Eleonore Biezunski"}}]}},"_links":{"self":[{"href":"https:\/\/www.iemj.org\/es\/wp-json\/wp\/v2\/posts\/52153","targetHints":{"allow":["GET"]}}],"collection":[{"href":"https:\/\/www.iemj.org\/es\/wp-json\/wp\/v2\/posts"}],"about":[{"href":"https:\/\/www.iemj.org\/es\/wp-json\/wp\/v2\/types\/post"}],"author":[{"embeddable":true,"href":"https:\/\/www.iemj.org\/es\/wp-json\/wp\/v2\/users\/1051"}],"replies":[{"embeddable":true,"href":"https:\/\/www.iemj.org\/es\/wp-json\/wp\/v2\/comments?post=52153"}],"version-history":[{"count":0,"href":"https:\/\/www.iemj.org\/es\/wp-json\/wp\/v2\/posts\/52153\/revisions"}],"wp:featuredmedia":[{"embeddable":true,"href":"https:\/\/www.iemj.org\/es\/wp-json\/wp\/v2\/media\/52154"}],"wp:attachment":[{"href":"https:\/\/www.iemj.org\/es\/wp-json\/wp\/v2\/media?parent=52153"}],"wp:term":[{"taxonomy":"category","embeddable":true,"href":"https:\/\/www.iemj.org\/es\/wp-json\/wp\/v2\/categories?post=52153"},{"taxonomy":"post_tag","embeddable":true,"href":"https:\/\/www.iemj.org\/es\/wp-json\/wp\/v2\/tags?post=52153"},{"taxonomy":"technique","embeddable":true,"href":"https:\/\/www.iemj.org\/es\/wp-json\/wp\/v2\/technique?post=52153"},{"taxonomy":"squelettes","embeddable":true,"href":"https:\/\/www.iemj.org\/es\/wp-json\/wp\/v2\/squelettes?post=52153"},{"taxonomy":"sujet","embeddable":true,"href":"https:\/\/www.iemj.org\/es\/wp-json\/wp\/v2\/sujet?post=52153"},{"taxonomy":"formation","embeddable":true,"href":"https:\/\/www.iemj.org\/es\/wp-json\/wp\/v2\/formation?post=52153"},{"taxonomy":"genre","embeddable":true,"href":"https:\/\/www.iemj.org\/es\/wp-json\/wp\/v2\/genre?post=52153"},{"taxonomy":"fonds","embeddable":true,"href":"https:\/\/www.iemj.org\/es\/wp-json\/wp\/v2\/fonds?post=52153"},{"taxonomy":"tradition","embeddable":true,"href":"https:\/\/www.iemj.org\/es\/wp-json\/wp\/v2\/tradition?post=52153"},{"taxonomy":"type-de-contenu","embeddable":true,"href":"https:\/\/www.iemj.org\/es\/wp-json\/wp\/v2\/type-de-contenu?post=52153"},{"taxonomy":"interprete-compositeur","embeddable":true,"href":"https:\/\/www.iemj.org\/es\/wp-json\/wp\/v2\/interprete-compositeur?post=52153"},{"taxonomy":"frise","embeddable":true,"href":"https:\/\/www.iemj.org\/es\/wp-json\/wp\/v2\/frise?post=52153"},{"taxonomy":"type-devenement","embeddable":true,"href":"https:\/\/www.iemj.org\/es\/wp-json\/wp\/v2\/type-devenement?post=52153"},{"taxonomy":"tableaux-liens-externes","embeddable":true,"href":"https:\/\/www.iemj.org\/es\/wp-json\/wp\/v2\/tableaux-liens-externes?post=52153"}],"curies":[{"name":"wp","href":"https:\/\/api.w.org\/{rel}","templated":true}]}}