{"id":52507,"date":"2011-04-14T21:26:14","date_gmt":"2011-04-14T19:26:14","guid":{"rendered":"https:\/\/www.iemj.org\/serge-kaufmann-ima-ou-la-mere-depossedee\/"},"modified":"2025-08-24T19:15:42","modified_gmt":"2025-08-24T17:15:42","slug":"serge-kaufmann-ima-ou-la-mere-depossedee","status":"publish","type":"post","link":"https:\/\/www.iemj.org\/es\/serge-kaufmann-ima-ou-la-mere-depossedee\/","title":{"rendered":"Serge Kaufmann &#8211; Ima ou la m\u00e8re d\u00e9poss\u00e9d\u00e9e (Ima o la madre despojada)"},"content":{"rendered":"<h3>COLECCI\u00d3N PATRIMONIOS MUSICALES DE LOS JUD\u00cdOS DE FRANCIA, VOL 8<\/h3>\n<p><!--more--><\/p>\n<p>\u00bfPodemos componer m\u00fasicas jud\u00edas sin utilizar un \u00fanico tema tradicional? Tal es la apuesta, pero triunfado, de Serge\u00a0Kaufmann\u00a0qui\u00e9n nos entrega en este disco una obra con acentos profundamente jud\u00edos.<\/p>\n<p>\u00a0Compositor, pero tambi\u00e9n hombre de Radio y de Televisi\u00f3n, <a href=\"https:\/\/www.iemj.org\/es\/kaufmann-serge-1930\/\" target=\"_blank\" rel=\"noopener\">Serge Kaufmann<\/a> tiene un sitio particular en el \u00e1mbito musical. Nacido en Suiza en 1930, de una madre protestante y de un padre jud\u00edo, Serge Kaufmann eligi\u00f3 Francia como patria en los a\u00f1os posguerra. Es a este momento que una foto &#8211; Le petit gar\u00e7on du Ghetto de Varsovie (El peque\u00f1o chico del Ghetto de Varsovia) &#8211; hace cambiar radicalmente sus certezas hacia un planteamiento de preguntas interiores cuya la voz se hace cada vez m\u00e1s impetuosa: \u00ab\u00bfQu\u00e9 habr\u00eda sido de m\u00ed si en lugar de nacer en Suiza, hubiera estado al otro lado de la frontera? \u00bfNo habr\u00eda compartido tambi\u00e9n el destino de esos miles de ni\u00f1os que no tuvieron la oportunidad de crecer simplemente por haber nacido de padres o abuelos jud\u00edos? \u00ab. Llevado por esta revelaci\u00f3n, Serge Kaufmann esta enriqueciendo desde casi 20 a\u00f1os el \u00e1mbito de la m\u00fasica jud\u00eda componiendo obras con nombres evocadores: <em>Suite Yiddish<\/em>, <em>Kol Nidr\u00e9<\/em>, <em>Memorah<\/em>, <em>Matsevah<\/em>, <em>S\u00e8lah<\/em>, <em>Yesod<\/em>\u2026 Y sus compositores, aunque nunca sean construidas sobre melod\u00edas exclusivamente tradicionales, \u00a1tocan innegablemente jud\u00edo!<\/p>\n<p>Este octavo volumen de la colecci\u00f3n Patrimoines musicaux des Juifs de France (Patrimonios musicales de los Jud\u00edos de Francia), editado por la Fundaci\u00f3n del Juda\u00edsmo Franc\u00e9s, presenta cuatro obras esenciales de Serge Kaufmann: primero la <em>Suite Yiddish<\/em> (Continuaci\u00f3n Yiddish), en una versi\u00f3n intimista para violoncelo y guitarra, pues, para la primera vez grabados sobre CD, el terceto de cuerdos <em>Memorah<\/em>, la sublime <em>Neshama<\/em> para violoncelo solista, y por fin la cantata <em>Ima ou la m\u00e8re d\u00e9poss\u00e9d\u00e9e<\/em> (Ima o la madre despojada), grito de dolor donde se exprime la quintaesencia del arte musical del compositor.<\/p>\n<p><a href=\"https:\/\/www.iemj.org\/en\/product\/serge-kaufmann-ima-ou-la-mere-depossedee\/\" target=\"_blank\" rel=\"noopener\">Comprar el CD online en la tienda del IEMJ<\/a><\/p>\n<p>Informaciones al 01 45 82 20 52\u00a0;\u00a0<a href=\"mailto:contact%40iemj.org\">contact@iemj.org<\/a><\/p>\n<p><img fetchpriority=\"high\" decoding=\"async\" class=\" alignleft size-full wp-image-3461\" src=\"https:\/\/www.iemj.org\/wp-content\/uploads\/2011\/04\/serge-kaufmann-ima-ou-la-mere-depossedee_couv4.jpg\" alt=\"serge-kaufmann-ima-ou-la-mere-depossedee_couv4.jpg\" width=\"553\" height=\"468\" align=\"left\" \/><\/p>\n\n\n<h2 class=\"wp-block-heading\"><\/h2>\n\n\n\n<figure class=\"wp-block-image size-large\"><img decoding=\"async\" width=\"1024\" height=\"133\" src=\"https:\/\/www.iemj.org\/wp-content\/uploads\/2024\/03\/AUDIO-PLAYER-1024x133.png\" alt=\"\" class=\"wp-image-110610\" srcset=\"https:\/\/www.iemj.org\/wp-content\/uploads\/2024\/03\/AUDIO-PLAYER-1024x133.png 1024w, https:\/\/www.iemj.org\/wp-content\/uploads\/2024\/03\/AUDIO-PLAYER-300x39.png 300w, https:\/\/www.iemj.org\/wp-content\/uploads\/2024\/03\/AUDIO-PLAYER-768x100.png 768w, https:\/\/www.iemj.org\/wp-content\/uploads\/2024\/03\/AUDIO-PLAYER-600x78.png 600w, https:\/\/www.iemj.org\/wp-content\/uploads\/2024\/03\/AUDIO-PLAYER.png 1210w\" sizes=\"(max-width: 1024px) 100vw, 1024px\" \/><\/figure>\n\n\n\n<div class=\"wp-block-file\"><a href=\"https:\/\/www.iemj.org\/wp-content\/uploads\/2011\/04\/documentmp3-882f.mp3\">Suite Yiddish &#8211; 1er mvt (S. Kaufmann)<\/a><\/div>\n\n\n\n<div class=\"wp-block-file\"><a href=\"https:\/\/www.iemj.org\/wp-content\/uploads\/2011\/10\/vl08_neshama-ext.mp3\">Neshama (S. Kaufmann)<\/a><\/div>\n\n\n\n<div class=\"wp-block-file\"><a href=\"https:\/\/www.iemj.org\/wp-content\/uploads\/2011\/10\/vl8__ima_ou_la_mere_depossedee-ext.mp3\">Ima (S. Kaufmann)<\/a><\/div>\n","protected":false},"excerpt":{"rendered":"<p>COLECCI\u00d3N PATRIMONIOS MUSICALES DE LOS JUD\u00cdOS DE FRANCIA, VOL 8<\/p>\n","protected":false},"author":1047,"featured_media":52508,"comment_status":"closed","ping_status":"open","sticky":false,"template":"","format":"standard","meta":{"_acf_changed":false,"footnotes":""},"categories":[1394,2209,1391],"tags":[],"technique":[],"squelettes":[],"sujet":[],"formation":[],"genre":[1899,1863],"fonds":[],"tradition":[],"type-de-contenu":[],"interprete-compositeur":[3292],"frise":[],"type-devenement":[],"tableaux-liens-externes":[],"class_list":["post-52507","post","type-post","status-publish","format-standard","has-post-thumbnail","hentry","category-cd-iemj-es","category-coleccion-patrimonios-musicales-de-los-judios-de-francia-es","category-publicaciones-es","genre-musica-clasica-es","genre-yiddish-es","interprete-compositeur-serge-kaufmann-es"],"acf":[],"yoast_head":"<!-- This site is optimized with the Yoast SEO plugin v27.3 - https:\/\/yoast.com\/product\/yoast-seo-wordpress\/ -->\n<title>Serge Kaufmann - Ima ou la m\u00e8re d\u00e9poss\u00e9d\u00e9e (Ima o la madre despojada) - Institut Europ\u00e9en des Musiques Juives<\/title>\n<meta name=\"robots\" content=\"index, follow, max-snippet:-1, max-image-preview:large, max-video-preview:-1\" \/>\n<link rel=\"canonical\" href=\"https:\/\/www.iemj.org\/es\/serge-kaufmann-ima-ou-la-mere-depossedee\/\" \/>\n<meta property=\"og:locale\" content=\"es_ES\" \/>\n<meta property=\"og:type\" content=\"article\" \/>\n<meta property=\"og:title\" content=\"Serge Kaufmann - Ima ou la m\u00e8re d\u00e9poss\u00e9d\u00e9e (Ima o la madre despojada) - Institut Europ\u00e9en des Musiques Juives\" \/>\n<meta property=\"og:description\" content=\"COLECCI\u00d3N PATRIMONIOS MUSICALES DE LOS JUD\u00cdOS DE FRANCIA, VOL 8\" \/>\n<meta property=\"og:url\" content=\"https:\/\/www.iemj.org\/es\/serge-kaufmann-ima-ou-la-mere-depossedee\/\" \/>\n<meta property=\"og:site_name\" content=\"Institut Europ\u00e9en des Musiques Juives\" \/>\n<meta property=\"article:publisher\" content=\"https:\/\/www.facebook.com\/MusiquesJuives\/\" \/>\n<meta property=\"article:published_time\" content=\"2011-04-14T19:26:14+00:00\" \/>\n<meta property=\"article:modified_time\" content=\"2025-08-24T17:15:42+00:00\" \/>\n<meta property=\"og:image\" content=\"https:\/\/www.iemj.org\/wp-content\/uploads\/2011\/04\/arton181.jpg\" \/>\n\t<meta property=\"og:image:width\" content=\"343\" \/>\n\t<meta property=\"og:image:height\" content=\"340\" \/>\n\t<meta property=\"og:image:type\" content=\"image\/jpeg\" \/>\n<meta name=\"author\" content=\"Nicolas Fevre\" \/>\n<meta name=\"twitter:card\" content=\"summary_large_image\" \/>\n<meta name=\"twitter:label1\" content=\"Escrito por\" \/>\n\t<meta name=\"twitter:data1\" content=\"Nicolas Fevre\" \/>\n\t<meta name=\"twitter:label2\" content=\"Tiempo de lectura\" \/>\n\t<meta name=\"twitter:data2\" content=\"3 minutos\" \/>\n<script type=\"application\/ld+json\" class=\"yoast-schema-graph\">{\"@context\":\"https:\\\/\\\/schema.org\",\"@graph\":[{\"@type\":\"Article\",\"@id\":\"https:\\\/\\\/www.iemj.org\\\/es\\\/serge-kaufmann-ima-ou-la-mere-depossedee\\\/#article\",\"isPartOf\":{\"@id\":\"https:\\\/\\\/www.iemj.org\\\/es\\\/serge-kaufmann-ima-ou-la-mere-depossedee\\\/\"},\"author\":{\"name\":\"Nicolas Fevre\",\"@id\":\"https:\\\/\\\/www.iemj.org\\\/es\\\/#\\\/schema\\\/person\\\/0dfc8632809ec10c9e7d4daf4f4b9f1c\"},\"headline\":\"Serge Kaufmann &#8211; Ima ou la m\u00e8re d\u00e9poss\u00e9d\u00e9e (Ima o la madre despojada)\",\"datePublished\":\"2011-04-14T19:26:14+00:00\",\"dateModified\":\"2025-08-24T17:15:42+00:00\",\"mainEntityOfPage\":{\"@id\":\"https:\\\/\\\/www.iemj.org\\\/es\\\/serge-kaufmann-ima-ou-la-mere-depossedee\\\/\"},\"wordCount\":390,\"publisher\":{\"@id\":\"https:\\\/\\\/www.iemj.org\\\/es\\\/#organization\"},\"image\":{\"@id\":\"https:\\\/\\\/www.iemj.org\\\/es\\\/serge-kaufmann-ima-ou-la-mere-depossedee\\\/#primaryimage\"},\"thumbnailUrl\":\"https:\\\/\\\/www.iemj.org\\\/wp-content\\\/uploads\\\/2011\\\/04\\\/arton181.jpg\",\"articleSection\":[\"CD IEMJ\",\"Coleccion Patrimonios Musicales de los Jud\u00edos de Francia\",\"Publicaciones\"],\"inLanguage\":\"es\"},{\"@type\":\"WebPage\",\"@id\":\"https:\\\/\\\/www.iemj.org\\\/es\\\/serge-kaufmann-ima-ou-la-mere-depossedee\\\/\",\"url\":\"https:\\\/\\\/www.iemj.org\\\/es\\\/serge-kaufmann-ima-ou-la-mere-depossedee\\\/\",\"name\":\"Serge Kaufmann - Ima ou la m\u00e8re d\u00e9poss\u00e9d\u00e9e (Ima o la madre despojada) - Institut Europ\u00e9en des Musiques Juives\",\"isPartOf\":{\"@id\":\"https:\\\/\\\/www.iemj.org\\\/es\\\/#website\"},\"primaryImageOfPage\":{\"@id\":\"https:\\\/\\\/www.iemj.org\\\/es\\\/serge-kaufmann-ima-ou-la-mere-depossedee\\\/#primaryimage\"},\"image\":{\"@id\":\"https:\\\/\\\/www.iemj.org\\\/es\\\/serge-kaufmann-ima-ou-la-mere-depossedee\\\/#primaryimage\"},\"thumbnailUrl\":\"https:\\\/\\\/www.iemj.org\\\/wp-content\\\/uploads\\\/2011\\\/04\\\/arton181.jpg\",\"datePublished\":\"2011-04-14T19:26:14+00:00\",\"dateModified\":\"2025-08-24T17:15:42+00:00\",\"breadcrumb\":{\"@id\":\"https:\\\/\\\/www.iemj.org\\\/es\\\/serge-kaufmann-ima-ou-la-mere-depossedee\\\/#breadcrumb\"},\"inLanguage\":\"es\",\"potentialAction\":[{\"@type\":\"ReadAction\",\"target\":[\"https:\\\/\\\/www.iemj.org\\\/es\\\/serge-kaufmann-ima-ou-la-mere-depossedee\\\/\"]}]},{\"@type\":\"ImageObject\",\"inLanguage\":\"es\",\"@id\":\"https:\\\/\\\/www.iemj.org\\\/es\\\/serge-kaufmann-ima-ou-la-mere-depossedee\\\/#primaryimage\",\"url\":\"https:\\\/\\\/www.iemj.org\\\/wp-content\\\/uploads\\\/2011\\\/04\\\/arton181.jpg\",\"contentUrl\":\"https:\\\/\\\/www.iemj.org\\\/wp-content\\\/uploads\\\/2011\\\/04\\\/arton181.jpg\",\"width\":343,\"height\":340},{\"@type\":\"BreadcrumbList\",\"@id\":\"https:\\\/\\\/www.iemj.org\\\/es\\\/serge-kaufmann-ima-ou-la-mere-depossedee\\\/#breadcrumb\",\"itemListElement\":[{\"@type\":\"ListItem\",\"position\":1,\"name\":\"Accueil\",\"item\":\"https:\\\/\\\/www.iemj.org\\\/es\\\/\"},{\"@type\":\"ListItem\",\"position\":2,\"name\":\"Serge Kaufmann &#8211; Ima ou la m\u00e8re d\u00e9poss\u00e9d\u00e9e (Ima o la madre despojada)\"}]},{\"@type\":\"WebSite\",\"@id\":\"https:\\\/\\\/www.iemj.org\\\/es\\\/#website\",\"url\":\"https:\\\/\\\/www.iemj.org\\\/es\\\/\",\"name\":\"Institut Europ\u00e9en des Musiques Juives\",\"description\":\"Des traditions musicales \u00e0 la port\u00e9e de tous\",\"publisher\":{\"@id\":\"https:\\\/\\\/www.iemj.org\\\/es\\\/#organization\"},\"potentialAction\":[{\"@type\":\"SearchAction\",\"target\":{\"@type\":\"EntryPoint\",\"urlTemplate\":\"https:\\\/\\\/www.iemj.org\\\/es\\\/?s={search_term_string}\"},\"query-input\":{\"@type\":\"PropertyValueSpecification\",\"valueRequired\":true,\"valueName\":\"search_term_string\"}}],\"inLanguage\":\"es\"},{\"@type\":\"Organization\",\"@id\":\"https:\\\/\\\/www.iemj.org\\\/es\\\/#organization\",\"name\":\"Institut Europ\u00e9en des Musiques Juives\",\"url\":\"https:\\\/\\\/www.iemj.org\\\/es\\\/\",\"logo\":{\"@type\":\"ImageObject\",\"inLanguage\":\"es\",\"@id\":\"https:\\\/\\\/www.iemj.org\\\/es\\\/#\\\/schema\\\/logo\\\/image\\\/\",\"url\":\"https:\\\/\\\/www.iemj.org\\\/wp-content\\\/uploads\\\/2021\\\/09\\\/Logo-IEMJ-Paypal.jpg\",\"contentUrl\":\"https:\\\/\\\/www.iemj.org\\\/wp-content\\\/uploads\\\/2021\\\/09\\\/Logo-IEMJ-Paypal.jpg\",\"width\":150,\"height\":50,\"caption\":\"Institut Europ\u00e9en des Musiques Juives\"},\"image\":{\"@id\":\"https:\\\/\\\/www.iemj.org\\\/es\\\/#\\\/schema\\\/logo\\\/image\\\/\"},\"sameAs\":[\"https:\\\/\\\/www.facebook.com\\\/MusiquesJuives\\\/\",\"https:\\\/\\\/www.instagram.com\\\/musiquesjuives\\\/\",\"https:\\\/\\\/www.youtube.com\\\/user\\\/musiquesjuives\"]},{\"@type\":\"Person\",\"@id\":\"https:\\\/\\\/www.iemj.org\\\/es\\\/#\\\/schema\\\/person\\\/0dfc8632809ec10c9e7d4daf4f4b9f1c\",\"name\":\"Nicolas Fevre\",\"image\":{\"@type\":\"ImageObject\",\"inLanguage\":\"es\",\"@id\":\"https:\\\/\\\/secure.gravatar.com\\\/avatar\\\/d879fd262de3ba26caa7035b34c65f320aa09cf4c96889ac41d9325e287ccb7b?s=96&d=mm&r=g\",\"url\":\"https:\\\/\\\/secure.gravatar.com\\\/avatar\\\/d879fd262de3ba26caa7035b34c65f320aa09cf4c96889ac41d9325e287ccb7b?s=96&d=mm&r=g\",\"contentUrl\":\"https:\\\/\\\/secure.gravatar.com\\\/avatar\\\/d879fd262de3ba26caa7035b34c65f320aa09cf4c96889ac41d9325e287ccb7b?s=96&d=mm&r=g\",\"caption\":\"Nicolas Fevre\"}}]}<\/script>\n<!-- \/ Yoast SEO plugin. -->","yoast_head_json":{"title":"Serge Kaufmann - Ima ou la m\u00e8re d\u00e9poss\u00e9d\u00e9e (Ima o la madre despojada) - Institut Europ\u00e9en des Musiques Juives","robots":{"index":"index","follow":"follow","max-snippet":"max-snippet:-1","max-image-preview":"max-image-preview:large","max-video-preview":"max-video-preview:-1"},"canonical":"https:\/\/www.iemj.org\/es\/serge-kaufmann-ima-ou-la-mere-depossedee\/","og_locale":"es_ES","og_type":"article","og_title":"Serge Kaufmann - Ima ou la m\u00e8re d\u00e9poss\u00e9d\u00e9e (Ima o la madre despojada) - Institut Europ\u00e9en des Musiques Juives","og_description":"COLECCI\u00d3N PATRIMONIOS MUSICALES DE LOS JUD\u00cdOS DE FRANCIA, VOL 8","og_url":"https:\/\/www.iemj.org\/es\/serge-kaufmann-ima-ou-la-mere-depossedee\/","og_site_name":"Institut Europ\u00e9en des Musiques Juives","article_publisher":"https:\/\/www.facebook.com\/MusiquesJuives\/","article_published_time":"2011-04-14T19:26:14+00:00","article_modified_time":"2025-08-24T17:15:42+00:00","og_image":[{"width":343,"height":340,"url":"https:\/\/www.iemj.org\/wp-content\/uploads\/2011\/04\/arton181.jpg","type":"image\/jpeg"}],"author":"Nicolas Fevre","twitter_card":"summary_large_image","twitter_misc":{"Escrito por":"Nicolas Fevre","Tiempo de lectura":"3 minutos"},"schema":{"@context":"https:\/\/schema.org","@graph":[{"@type":"Article","@id":"https:\/\/www.iemj.org\/es\/serge-kaufmann-ima-ou-la-mere-depossedee\/#article","isPartOf":{"@id":"https:\/\/www.iemj.org\/es\/serge-kaufmann-ima-ou-la-mere-depossedee\/"},"author":{"name":"Nicolas Fevre","@id":"https:\/\/www.iemj.org\/es\/#\/schema\/person\/0dfc8632809ec10c9e7d4daf4f4b9f1c"},"headline":"Serge Kaufmann &#8211; Ima ou la m\u00e8re d\u00e9poss\u00e9d\u00e9e (Ima o la madre despojada)","datePublished":"2011-04-14T19:26:14+00:00","dateModified":"2025-08-24T17:15:42+00:00","mainEntityOfPage":{"@id":"https:\/\/www.iemj.org\/es\/serge-kaufmann-ima-ou-la-mere-depossedee\/"},"wordCount":390,"publisher":{"@id":"https:\/\/www.iemj.org\/es\/#organization"},"image":{"@id":"https:\/\/www.iemj.org\/es\/serge-kaufmann-ima-ou-la-mere-depossedee\/#primaryimage"},"thumbnailUrl":"https:\/\/www.iemj.org\/wp-content\/uploads\/2011\/04\/arton181.jpg","articleSection":["CD IEMJ","Coleccion Patrimonios Musicales de los Jud\u00edos de Francia","Publicaciones"],"inLanguage":"es"},{"@type":"WebPage","@id":"https:\/\/www.iemj.org\/es\/serge-kaufmann-ima-ou-la-mere-depossedee\/","url":"https:\/\/www.iemj.org\/es\/serge-kaufmann-ima-ou-la-mere-depossedee\/","name":"Serge Kaufmann - Ima ou la m\u00e8re d\u00e9poss\u00e9d\u00e9e (Ima o la madre despojada) - Institut Europ\u00e9en des Musiques Juives","isPartOf":{"@id":"https:\/\/www.iemj.org\/es\/#website"},"primaryImageOfPage":{"@id":"https:\/\/www.iemj.org\/es\/serge-kaufmann-ima-ou-la-mere-depossedee\/#primaryimage"},"image":{"@id":"https:\/\/www.iemj.org\/es\/serge-kaufmann-ima-ou-la-mere-depossedee\/#primaryimage"},"thumbnailUrl":"https:\/\/www.iemj.org\/wp-content\/uploads\/2011\/04\/arton181.jpg","datePublished":"2011-04-14T19:26:14+00:00","dateModified":"2025-08-24T17:15:42+00:00","breadcrumb":{"@id":"https:\/\/www.iemj.org\/es\/serge-kaufmann-ima-ou-la-mere-depossedee\/#breadcrumb"},"inLanguage":"es","potentialAction":[{"@type":"ReadAction","target":["https:\/\/www.iemj.org\/es\/serge-kaufmann-ima-ou-la-mere-depossedee\/"]}]},{"@type":"ImageObject","inLanguage":"es","@id":"https:\/\/www.iemj.org\/es\/serge-kaufmann-ima-ou-la-mere-depossedee\/#primaryimage","url":"https:\/\/www.iemj.org\/wp-content\/uploads\/2011\/04\/arton181.jpg","contentUrl":"https:\/\/www.iemj.org\/wp-content\/uploads\/2011\/04\/arton181.jpg","width":343,"height":340},{"@type":"BreadcrumbList","@id":"https:\/\/www.iemj.org\/es\/serge-kaufmann-ima-ou-la-mere-depossedee\/#breadcrumb","itemListElement":[{"@type":"ListItem","position":1,"name":"Accueil","item":"https:\/\/www.iemj.org\/es\/"},{"@type":"ListItem","position":2,"name":"Serge Kaufmann &#8211; Ima ou la m\u00e8re d\u00e9poss\u00e9d\u00e9e (Ima o la madre despojada)"}]},{"@type":"WebSite","@id":"https:\/\/www.iemj.org\/es\/#website","url":"https:\/\/www.iemj.org\/es\/","name":"Institut Europ\u00e9en des Musiques Juives","description":"Des traditions musicales \u00e0 la port\u00e9e de tous","publisher":{"@id":"https:\/\/www.iemj.org\/es\/#organization"},"potentialAction":[{"@type":"SearchAction","target":{"@type":"EntryPoint","urlTemplate":"https:\/\/www.iemj.org\/es\/?s={search_term_string}"},"query-input":{"@type":"PropertyValueSpecification","valueRequired":true,"valueName":"search_term_string"}}],"inLanguage":"es"},{"@type":"Organization","@id":"https:\/\/www.iemj.org\/es\/#organization","name":"Institut Europ\u00e9en des Musiques Juives","url":"https:\/\/www.iemj.org\/es\/","logo":{"@type":"ImageObject","inLanguage":"es","@id":"https:\/\/www.iemj.org\/es\/#\/schema\/logo\/image\/","url":"https:\/\/www.iemj.org\/wp-content\/uploads\/2021\/09\/Logo-IEMJ-Paypal.jpg","contentUrl":"https:\/\/www.iemj.org\/wp-content\/uploads\/2021\/09\/Logo-IEMJ-Paypal.jpg","width":150,"height":50,"caption":"Institut Europ\u00e9en des Musiques Juives"},"image":{"@id":"https:\/\/www.iemj.org\/es\/#\/schema\/logo\/image\/"},"sameAs":["https:\/\/www.facebook.com\/MusiquesJuives\/","https:\/\/www.instagram.com\/musiquesjuives\/","https:\/\/www.youtube.com\/user\/musiquesjuives"]},{"@type":"Person","@id":"https:\/\/www.iemj.org\/es\/#\/schema\/person\/0dfc8632809ec10c9e7d4daf4f4b9f1c","name":"Nicolas Fevre","image":{"@type":"ImageObject","inLanguage":"es","@id":"https:\/\/secure.gravatar.com\/avatar\/d879fd262de3ba26caa7035b34c65f320aa09cf4c96889ac41d9325e287ccb7b?s=96&d=mm&r=g","url":"https:\/\/secure.gravatar.com\/avatar\/d879fd262de3ba26caa7035b34c65f320aa09cf4c96889ac41d9325e287ccb7b?s=96&d=mm&r=g","contentUrl":"https:\/\/secure.gravatar.com\/avatar\/d879fd262de3ba26caa7035b34c65f320aa09cf4c96889ac41d9325e287ccb7b?s=96&d=mm&r=g","caption":"Nicolas Fevre"}}]}},"_links":{"self":[{"href":"https:\/\/www.iemj.org\/es\/wp-json\/wp\/v2\/posts\/52507","targetHints":{"allow":["GET"]}}],"collection":[{"href":"https:\/\/www.iemj.org\/es\/wp-json\/wp\/v2\/posts"}],"about":[{"href":"https:\/\/www.iemj.org\/es\/wp-json\/wp\/v2\/types\/post"}],"author":[{"embeddable":true,"href":"https:\/\/www.iemj.org\/es\/wp-json\/wp\/v2\/users\/1047"}],"replies":[{"embeddable":true,"href":"https:\/\/www.iemj.org\/es\/wp-json\/wp\/v2\/comments?post=52507"}],"version-history":[{"count":0,"href":"https:\/\/www.iemj.org\/es\/wp-json\/wp\/v2\/posts\/52507\/revisions"}],"wp:featuredmedia":[{"embeddable":true,"href":"https:\/\/www.iemj.org\/es\/wp-json\/wp\/v2\/media\/52508"}],"wp:attachment":[{"href":"https:\/\/www.iemj.org\/es\/wp-json\/wp\/v2\/media?parent=52507"}],"wp:term":[{"taxonomy":"category","embeddable":true,"href":"https:\/\/www.iemj.org\/es\/wp-json\/wp\/v2\/categories?post=52507"},{"taxonomy":"post_tag","embeddable":true,"href":"https:\/\/www.iemj.org\/es\/wp-json\/wp\/v2\/tags?post=52507"},{"taxonomy":"technique","embeddable":true,"href":"https:\/\/www.iemj.org\/es\/wp-json\/wp\/v2\/technique?post=52507"},{"taxonomy":"squelettes","embeddable":true,"href":"https:\/\/www.iemj.org\/es\/wp-json\/wp\/v2\/squelettes?post=52507"},{"taxonomy":"sujet","embeddable":true,"href":"https:\/\/www.iemj.org\/es\/wp-json\/wp\/v2\/sujet?post=52507"},{"taxonomy":"formation","embeddable":true,"href":"https:\/\/www.iemj.org\/es\/wp-json\/wp\/v2\/formation?post=52507"},{"taxonomy":"genre","embeddable":true,"href":"https:\/\/www.iemj.org\/es\/wp-json\/wp\/v2\/genre?post=52507"},{"taxonomy":"fonds","embeddable":true,"href":"https:\/\/www.iemj.org\/es\/wp-json\/wp\/v2\/fonds?post=52507"},{"taxonomy":"tradition","embeddable":true,"href":"https:\/\/www.iemj.org\/es\/wp-json\/wp\/v2\/tradition?post=52507"},{"taxonomy":"type-de-contenu","embeddable":true,"href":"https:\/\/www.iemj.org\/es\/wp-json\/wp\/v2\/type-de-contenu?post=52507"},{"taxonomy":"interprete-compositeur","embeddable":true,"href":"https:\/\/www.iemj.org\/es\/wp-json\/wp\/v2\/interprete-compositeur?post=52507"},{"taxonomy":"frise","embeddable":true,"href":"https:\/\/www.iemj.org\/es\/wp-json\/wp\/v2\/frise?post=52507"},{"taxonomy":"type-devenement","embeddable":true,"href":"https:\/\/www.iemj.org\/es\/wp-json\/wp\/v2\/type-devenement?post=52507"},{"taxonomy":"tableaux-liens-externes","embeddable":true,"href":"https:\/\/www.iemj.org\/es\/wp-json\/wp\/v2\/tableaux-liens-externes?post=52507"}],"curies":[{"name":"wp","href":"https:\/\/api.w.org\/{rel}","templated":true}]}}