{"id":53302,"date":"2017-02-15T10:33:05","date_gmt":"2017-02-15T09:33:05","guid":{"rendered":"https:\/\/www.iemj.org\/klezmer-music-history-and-memory\/"},"modified":"2021-07-08T10:09:25","modified_gmt":"2021-07-08T08:09:25","slug":"klezmer-music-history-and-memory","status":"publish","type":"post","link":"https:\/\/www.iemj.org\/es\/klezmer-music-history-and-memory\/","title":{"rendered":"Klezmer : Music, History and Memory"},"content":{"rendered":"<p><em>Klezmer: Music, History and Memory<\/em> [M\u00fasica, historia y memoria] es el \u00faltimo estudio sobre la m\u00fasica de los m\u00fasicos jud\u00edos de Europa del Este. La m\u00fasica klezmer es el ejemplo \u00fanico de una interpretaci\u00f3n y un cat\u00e1logo instrumental t\u00edpicamente jud\u00edos. Apareci\u00f3 por la primera vez en las bodas jud\u00edas: melod\u00edas espec\u00edficas acompa\u00f1ando ciertos rituales o procesiones, \u00abm\u00fasica de mesa\u00bb para escuchar y m\u00fasica para bailar. Este libro muestra el v\u00ednculo entre la m\u00fasica klezmer y el baile jud\u00eda que tienen sus ra\u00edces tanto en la oraci\u00f3n de la sinagoga como en la lengua yiddish.<\/p>\n<p>La primera parte de esta obra cuenta la ascensi\u00f3n del gremio de m\u00fasicos jud\u00edos en la ciudad de Praga en el siglo XVI, as\u00ed como su supervivencia y sus transformaciones en el seno de Polonia y de Lituania, y m\u00e1s tarde en el Imperio ruso del siglo XIX.<\/p>\n<p>La segunda parte est\u00e1 dedicada al cat\u00e1logo de las procesiones y a los bailes jud\u00edos. Estas m\u00fasicas han sido creadas durante siglos combinando la m\u00fasica lit\u00fargica asquenaz\u00ed, la m\u00fasica barroca de Europa del Oeste y la m\u00fasica otomana de los turcos.<\/p>\n<p>Walter Zev Feldman se basa en importantes fuentes escritas entre el siglo XVI y el siglo XX, principalmente en ruso, yiddish, hebreo y rumano. Tambi\u00e9n se basa en colecciones recopiladas y transcritas durante los periodos zarista y sovi\u00e9tico, as\u00ed como a raros manuscritos de m\u00fasica cantorial y klezmer, que datan de finales del siglo XVIII a principios del XX. Por \u00faltimo, ha entrevistado a los principales int\u00e9rpretes europeos de m\u00fasica klezmer a lo largo de 30 a\u00f1os en Estados Unidos, en Europa y en Israel.<\/p>\n<p>Walter Zev Feldman, estudioso de la m\u00fasica jud\u00eda y otomana, fue uno de los pioneros del renacimiento de la m\u00fasica klezmer en Estados Unidos en la d\u00e9cada de 1970 y es un especialista en el baile jud\u00edo de Europa del Este.<\/p>\n<p><a href=\"https:\/\/global.oup.com\/academic\/product\/klezmer-9780190244514?cc=fr&amp;lang=en&amp;\">M\u00e1s informaci\u00f3n y pedir el libro<\/a><\/p>\n","protected":false},"excerpt":{"rendered":"<p>Klezmer: Music, History and Memory [M\u00fasica, historia y memoria] es el \u00faltimo estudio sobre la m\u00fasica de los m\u00fasicos jud\u00edos de Europa del Este. La m\u00fasica klezmer es el ejemplo<\/p>\n","protected":false},"author":1048,"featured_media":53303,"comment_status":"closed","ping_status":"open","sticky":false,"template":"","format":"standard","meta":{"_acf_changed":false,"footnotes":""},"categories":[1577,1565],"tags":[],"technique":[],"squelettes":[],"sujet":[],"formation":[],"genre":[1876],"fonds":[],"tradition":[],"type-de-contenu":[],"interprete-compositeur":[],"frise":[],"type-devenement":[],"tableaux-liens-externes":[],"class_list":["post-53302","post","type-post","status-publish","format-standard","has-post-thumbnail","hentry","category-libros-articulos-es","category-ultimas-adquisiciones-es","genre-klezmer-es"],"acf":[],"yoast_head":"<!-- This site is optimized with the Yoast SEO plugin v27.3 - https:\/\/yoast.com\/product\/yoast-seo-wordpress\/ -->\n<title>Klezmer : Music, History and Memory - Institut Europ\u00e9en des Musiques Juives<\/title>\n<meta name=\"robots\" content=\"index, follow, max-snippet:-1, max-image-preview:large, max-video-preview:-1\" \/>\n<link rel=\"canonical\" href=\"https:\/\/www.iemj.org\/es\/klezmer-music-history-and-memory\/\" \/>\n<meta property=\"og:locale\" content=\"es_ES\" \/>\n<meta property=\"og:type\" content=\"article\" \/>\n<meta property=\"og:title\" content=\"Klezmer : Music, History and Memory - Institut Europ\u00e9en des Musiques Juives\" \/>\n<meta property=\"og:description\" content=\"Klezmer: Music, History and Memory [M\u00fasica, historia y memoria] es el \u00faltimo estudio sobre la m\u00fasica de los m\u00fasicos jud\u00edos de Europa del Este. La m\u00fasica klezmer es el ejemplo\" \/>\n<meta property=\"og:url\" content=\"https:\/\/www.iemj.org\/es\/klezmer-music-history-and-memory\/\" \/>\n<meta property=\"og:site_name\" content=\"Institut Europ\u00e9en des Musiques Juives\" \/>\n<meta property=\"article:publisher\" content=\"https:\/\/www.facebook.com\/MusiquesJuives\/\" \/>\n<meta property=\"article:published_time\" content=\"2017-02-15T09:33:05+00:00\" \/>\n<meta property=\"article:modified_time\" content=\"2021-07-08T08:09:25+00:00\" \/>\n<meta property=\"og:image\" content=\"https:\/\/www.iemj.org\/wp-content\/uploads\/2017\/02\/arton2101-scaled-e1619341029260.jpg\" \/>\n\t<meta property=\"og:image:width\" content=\"350\" \/>\n\t<meta property=\"og:image:height\" content=\"506\" \/>\n\t<meta property=\"og:image:type\" content=\"image\/jpeg\" \/>\n<meta name=\"author\" content=\"Jean-Gabriel Davis\" \/>\n<meta name=\"twitter:card\" content=\"summary_large_image\" \/>\n<meta name=\"twitter:label1\" content=\"Escrito por\" \/>\n\t<meta name=\"twitter:data1\" content=\"Jean-Gabriel Davis\" \/>\n\t<meta name=\"twitter:label2\" content=\"Tiempo de lectura\" \/>\n\t<meta name=\"twitter:data2\" content=\"2 minutos\" \/>\n<script type=\"application\/ld+json\" class=\"yoast-schema-graph\">{\"@context\":\"https:\\\/\\\/schema.org\",\"@graph\":[{\"@type\":\"Article\",\"@id\":\"https:\\\/\\\/www.iemj.org\\\/es\\\/klezmer-music-history-and-memory\\\/#article\",\"isPartOf\":{\"@id\":\"https:\\\/\\\/www.iemj.org\\\/es\\\/klezmer-music-history-and-memory\\\/\"},\"author\":{\"name\":\"Jean-Gabriel Davis\",\"@id\":\"https:\\\/\\\/www.iemj.org\\\/es\\\/#\\\/schema\\\/person\\\/c9bc1c386a3749579a2d675e72a18666\"},\"headline\":\"Klezmer : Music, History and Memory\",\"datePublished\":\"2017-02-15T09:33:05+00:00\",\"dateModified\":\"2021-07-08T08:09:25+00:00\",\"mainEntityOfPage\":{\"@id\":\"https:\\\/\\\/www.iemj.org\\\/es\\\/klezmer-music-history-and-memory\\\/\"},\"wordCount\":362,\"publisher\":{\"@id\":\"https:\\\/\\\/www.iemj.org\\\/es\\\/#organization\"},\"image\":{\"@id\":\"https:\\\/\\\/www.iemj.org\\\/es\\\/klezmer-music-history-and-memory\\\/#primaryimage\"},\"thumbnailUrl\":\"https:\\\/\\\/www.iemj.org\\\/wp-content\\\/uploads\\\/2017\\\/02\\\/arton2101-scaled-e1619341029260.jpg\",\"articleSection\":[\"Libros, art\u00edculos\",\"\u00daltimas adquisiciones\"],\"inLanguage\":\"es\"},{\"@type\":\"WebPage\",\"@id\":\"https:\\\/\\\/www.iemj.org\\\/es\\\/klezmer-music-history-and-memory\\\/\",\"url\":\"https:\\\/\\\/www.iemj.org\\\/es\\\/klezmer-music-history-and-memory\\\/\",\"name\":\"Klezmer : Music, History and Memory - Institut Europ\u00e9en des Musiques Juives\",\"isPartOf\":{\"@id\":\"https:\\\/\\\/www.iemj.org\\\/es\\\/#website\"},\"primaryImageOfPage\":{\"@id\":\"https:\\\/\\\/www.iemj.org\\\/es\\\/klezmer-music-history-and-memory\\\/#primaryimage\"},\"image\":{\"@id\":\"https:\\\/\\\/www.iemj.org\\\/es\\\/klezmer-music-history-and-memory\\\/#primaryimage\"},\"thumbnailUrl\":\"https:\\\/\\\/www.iemj.org\\\/wp-content\\\/uploads\\\/2017\\\/02\\\/arton2101-scaled-e1619341029260.jpg\",\"datePublished\":\"2017-02-15T09:33:05+00:00\",\"dateModified\":\"2021-07-08T08:09:25+00:00\",\"breadcrumb\":{\"@id\":\"https:\\\/\\\/www.iemj.org\\\/es\\\/klezmer-music-history-and-memory\\\/#breadcrumb\"},\"inLanguage\":\"es\",\"potentialAction\":[{\"@type\":\"ReadAction\",\"target\":[\"https:\\\/\\\/www.iemj.org\\\/es\\\/klezmer-music-history-and-memory\\\/\"]}]},{\"@type\":\"ImageObject\",\"inLanguage\":\"es\",\"@id\":\"https:\\\/\\\/www.iemj.org\\\/es\\\/klezmer-music-history-and-memory\\\/#primaryimage\",\"url\":\"https:\\\/\\\/www.iemj.org\\\/wp-content\\\/uploads\\\/2017\\\/02\\\/arton2101-scaled-e1619341029260.jpg\",\"contentUrl\":\"https:\\\/\\\/www.iemj.org\\\/wp-content\\\/uploads\\\/2017\\\/02\\\/arton2101-scaled-e1619341029260.jpg\",\"width\":350,\"height\":506},{\"@type\":\"BreadcrumbList\",\"@id\":\"https:\\\/\\\/www.iemj.org\\\/es\\\/klezmer-music-history-and-memory\\\/#breadcrumb\",\"itemListElement\":[{\"@type\":\"ListItem\",\"position\":1,\"name\":\"Accueil\",\"item\":\"https:\\\/\\\/www.iemj.org\\\/es\\\/\"},{\"@type\":\"ListItem\",\"position\":2,\"name\":\"Klezmer : Music, History and Memory\"}]},{\"@type\":\"WebSite\",\"@id\":\"https:\\\/\\\/www.iemj.org\\\/es\\\/#website\",\"url\":\"https:\\\/\\\/www.iemj.org\\\/es\\\/\",\"name\":\"Institut Europ\u00e9en des Musiques Juives\",\"description\":\"Des traditions musicales \u00e0 la port\u00e9e de tous\",\"publisher\":{\"@id\":\"https:\\\/\\\/www.iemj.org\\\/es\\\/#organization\"},\"potentialAction\":[{\"@type\":\"SearchAction\",\"target\":{\"@type\":\"EntryPoint\",\"urlTemplate\":\"https:\\\/\\\/www.iemj.org\\\/es\\\/?s={search_term_string}\"},\"query-input\":{\"@type\":\"PropertyValueSpecification\",\"valueRequired\":true,\"valueName\":\"search_term_string\"}}],\"inLanguage\":\"es\"},{\"@type\":\"Organization\",\"@id\":\"https:\\\/\\\/www.iemj.org\\\/es\\\/#organization\",\"name\":\"Institut Europ\u00e9en des Musiques Juives\",\"url\":\"https:\\\/\\\/www.iemj.org\\\/es\\\/\",\"logo\":{\"@type\":\"ImageObject\",\"inLanguage\":\"es\",\"@id\":\"https:\\\/\\\/www.iemj.org\\\/es\\\/#\\\/schema\\\/logo\\\/image\\\/\",\"url\":\"https:\\\/\\\/www.iemj.org\\\/wp-content\\\/uploads\\\/2021\\\/09\\\/Logo-IEMJ-Paypal.jpg\",\"contentUrl\":\"https:\\\/\\\/www.iemj.org\\\/wp-content\\\/uploads\\\/2021\\\/09\\\/Logo-IEMJ-Paypal.jpg\",\"width\":150,\"height\":50,\"caption\":\"Institut Europ\u00e9en des Musiques Juives\"},\"image\":{\"@id\":\"https:\\\/\\\/www.iemj.org\\\/es\\\/#\\\/schema\\\/logo\\\/image\\\/\"},\"sameAs\":[\"https:\\\/\\\/www.facebook.com\\\/MusiquesJuives\\\/\",\"https:\\\/\\\/www.instagram.com\\\/musiquesjuives\\\/\",\"https:\\\/\\\/www.youtube.com\\\/user\\\/musiquesjuives\"]},{\"@type\":\"Person\",\"@id\":\"https:\\\/\\\/www.iemj.org\\\/es\\\/#\\\/schema\\\/person\\\/c9bc1c386a3749579a2d675e72a18666\",\"name\":\"Jean-Gabriel Davis\",\"image\":{\"@type\":\"ImageObject\",\"inLanguage\":\"es\",\"@id\":\"https:\\\/\\\/secure.gravatar.com\\\/avatar\\\/2b90d67bdf392c9b3a21fab87c0fa7edaf1fb3a058172a1ffd61033fcec7aec1?s=96&d=mm&r=g\",\"url\":\"https:\\\/\\\/secure.gravatar.com\\\/avatar\\\/2b90d67bdf392c9b3a21fab87c0fa7edaf1fb3a058172a1ffd61033fcec7aec1?s=96&d=mm&r=g\",\"contentUrl\":\"https:\\\/\\\/secure.gravatar.com\\\/avatar\\\/2b90d67bdf392c9b3a21fab87c0fa7edaf1fb3a058172a1ffd61033fcec7aec1?s=96&d=mm&r=g\",\"caption\":\"Jean-Gabriel Davis\"}}]}<\/script>\n<!-- \/ Yoast SEO plugin. -->","yoast_head_json":{"title":"Klezmer : Music, History and Memory - Institut Europ\u00e9en des Musiques Juives","robots":{"index":"index","follow":"follow","max-snippet":"max-snippet:-1","max-image-preview":"max-image-preview:large","max-video-preview":"max-video-preview:-1"},"canonical":"https:\/\/www.iemj.org\/es\/klezmer-music-history-and-memory\/","og_locale":"es_ES","og_type":"article","og_title":"Klezmer : Music, History and Memory - Institut Europ\u00e9en des Musiques Juives","og_description":"Klezmer: Music, History and Memory [M\u00fasica, historia y memoria] es el \u00faltimo estudio sobre la m\u00fasica de los m\u00fasicos jud\u00edos de Europa del Este. La m\u00fasica klezmer es el ejemplo","og_url":"https:\/\/www.iemj.org\/es\/klezmer-music-history-and-memory\/","og_site_name":"Institut Europ\u00e9en des Musiques Juives","article_publisher":"https:\/\/www.facebook.com\/MusiquesJuives\/","article_published_time":"2017-02-15T09:33:05+00:00","article_modified_time":"2021-07-08T08:09:25+00:00","og_image":[{"width":350,"height":506,"url":"https:\/\/www.iemj.org\/wp-content\/uploads\/2017\/02\/arton2101-scaled-e1619341029260.jpg","type":"image\/jpeg"}],"author":"Jean-Gabriel Davis","twitter_card":"summary_large_image","twitter_misc":{"Escrito por":"Jean-Gabriel Davis","Tiempo de lectura":"2 minutos"},"schema":{"@context":"https:\/\/schema.org","@graph":[{"@type":"Article","@id":"https:\/\/www.iemj.org\/es\/klezmer-music-history-and-memory\/#article","isPartOf":{"@id":"https:\/\/www.iemj.org\/es\/klezmer-music-history-and-memory\/"},"author":{"name":"Jean-Gabriel Davis","@id":"https:\/\/www.iemj.org\/es\/#\/schema\/person\/c9bc1c386a3749579a2d675e72a18666"},"headline":"Klezmer : Music, History and Memory","datePublished":"2017-02-15T09:33:05+00:00","dateModified":"2021-07-08T08:09:25+00:00","mainEntityOfPage":{"@id":"https:\/\/www.iemj.org\/es\/klezmer-music-history-and-memory\/"},"wordCount":362,"publisher":{"@id":"https:\/\/www.iemj.org\/es\/#organization"},"image":{"@id":"https:\/\/www.iemj.org\/es\/klezmer-music-history-and-memory\/#primaryimage"},"thumbnailUrl":"https:\/\/www.iemj.org\/wp-content\/uploads\/2017\/02\/arton2101-scaled-e1619341029260.jpg","articleSection":["Libros, art\u00edculos","\u00daltimas adquisiciones"],"inLanguage":"es"},{"@type":"WebPage","@id":"https:\/\/www.iemj.org\/es\/klezmer-music-history-and-memory\/","url":"https:\/\/www.iemj.org\/es\/klezmer-music-history-and-memory\/","name":"Klezmer : Music, History and Memory - Institut Europ\u00e9en des Musiques Juives","isPartOf":{"@id":"https:\/\/www.iemj.org\/es\/#website"},"primaryImageOfPage":{"@id":"https:\/\/www.iemj.org\/es\/klezmer-music-history-and-memory\/#primaryimage"},"image":{"@id":"https:\/\/www.iemj.org\/es\/klezmer-music-history-and-memory\/#primaryimage"},"thumbnailUrl":"https:\/\/www.iemj.org\/wp-content\/uploads\/2017\/02\/arton2101-scaled-e1619341029260.jpg","datePublished":"2017-02-15T09:33:05+00:00","dateModified":"2021-07-08T08:09:25+00:00","breadcrumb":{"@id":"https:\/\/www.iemj.org\/es\/klezmer-music-history-and-memory\/#breadcrumb"},"inLanguage":"es","potentialAction":[{"@type":"ReadAction","target":["https:\/\/www.iemj.org\/es\/klezmer-music-history-and-memory\/"]}]},{"@type":"ImageObject","inLanguage":"es","@id":"https:\/\/www.iemj.org\/es\/klezmer-music-history-and-memory\/#primaryimage","url":"https:\/\/www.iemj.org\/wp-content\/uploads\/2017\/02\/arton2101-scaled-e1619341029260.jpg","contentUrl":"https:\/\/www.iemj.org\/wp-content\/uploads\/2017\/02\/arton2101-scaled-e1619341029260.jpg","width":350,"height":506},{"@type":"BreadcrumbList","@id":"https:\/\/www.iemj.org\/es\/klezmer-music-history-and-memory\/#breadcrumb","itemListElement":[{"@type":"ListItem","position":1,"name":"Accueil","item":"https:\/\/www.iemj.org\/es\/"},{"@type":"ListItem","position":2,"name":"Klezmer : Music, History and Memory"}]},{"@type":"WebSite","@id":"https:\/\/www.iemj.org\/es\/#website","url":"https:\/\/www.iemj.org\/es\/","name":"Institut Europ\u00e9en des Musiques Juives","description":"Des traditions musicales \u00e0 la port\u00e9e de tous","publisher":{"@id":"https:\/\/www.iemj.org\/es\/#organization"},"potentialAction":[{"@type":"SearchAction","target":{"@type":"EntryPoint","urlTemplate":"https:\/\/www.iemj.org\/es\/?s={search_term_string}"},"query-input":{"@type":"PropertyValueSpecification","valueRequired":true,"valueName":"search_term_string"}}],"inLanguage":"es"},{"@type":"Organization","@id":"https:\/\/www.iemj.org\/es\/#organization","name":"Institut Europ\u00e9en des Musiques Juives","url":"https:\/\/www.iemj.org\/es\/","logo":{"@type":"ImageObject","inLanguage":"es","@id":"https:\/\/www.iemj.org\/es\/#\/schema\/logo\/image\/","url":"https:\/\/www.iemj.org\/wp-content\/uploads\/2021\/09\/Logo-IEMJ-Paypal.jpg","contentUrl":"https:\/\/www.iemj.org\/wp-content\/uploads\/2021\/09\/Logo-IEMJ-Paypal.jpg","width":150,"height":50,"caption":"Institut Europ\u00e9en des Musiques Juives"},"image":{"@id":"https:\/\/www.iemj.org\/es\/#\/schema\/logo\/image\/"},"sameAs":["https:\/\/www.facebook.com\/MusiquesJuives\/","https:\/\/www.instagram.com\/musiquesjuives\/","https:\/\/www.youtube.com\/user\/musiquesjuives"]},{"@type":"Person","@id":"https:\/\/www.iemj.org\/es\/#\/schema\/person\/c9bc1c386a3749579a2d675e72a18666","name":"Jean-Gabriel Davis","image":{"@type":"ImageObject","inLanguage":"es","@id":"https:\/\/secure.gravatar.com\/avatar\/2b90d67bdf392c9b3a21fab87c0fa7edaf1fb3a058172a1ffd61033fcec7aec1?s=96&d=mm&r=g","url":"https:\/\/secure.gravatar.com\/avatar\/2b90d67bdf392c9b3a21fab87c0fa7edaf1fb3a058172a1ffd61033fcec7aec1?s=96&d=mm&r=g","contentUrl":"https:\/\/secure.gravatar.com\/avatar\/2b90d67bdf392c9b3a21fab87c0fa7edaf1fb3a058172a1ffd61033fcec7aec1?s=96&d=mm&r=g","caption":"Jean-Gabriel Davis"}}]}},"_links":{"self":[{"href":"https:\/\/www.iemj.org\/es\/wp-json\/wp\/v2\/posts\/53302","targetHints":{"allow":["GET"]}}],"collection":[{"href":"https:\/\/www.iemj.org\/es\/wp-json\/wp\/v2\/posts"}],"about":[{"href":"https:\/\/www.iemj.org\/es\/wp-json\/wp\/v2\/types\/post"}],"author":[{"embeddable":true,"href":"https:\/\/www.iemj.org\/es\/wp-json\/wp\/v2\/users\/1048"}],"replies":[{"embeddable":true,"href":"https:\/\/www.iemj.org\/es\/wp-json\/wp\/v2\/comments?post=53302"}],"version-history":[{"count":0,"href":"https:\/\/www.iemj.org\/es\/wp-json\/wp\/v2\/posts\/53302\/revisions"}],"wp:featuredmedia":[{"embeddable":true,"href":"https:\/\/www.iemj.org\/es\/wp-json\/wp\/v2\/media\/53303"}],"wp:attachment":[{"href":"https:\/\/www.iemj.org\/es\/wp-json\/wp\/v2\/media?parent=53302"}],"wp:term":[{"taxonomy":"category","embeddable":true,"href":"https:\/\/www.iemj.org\/es\/wp-json\/wp\/v2\/categories?post=53302"},{"taxonomy":"post_tag","embeddable":true,"href":"https:\/\/www.iemj.org\/es\/wp-json\/wp\/v2\/tags?post=53302"},{"taxonomy":"technique","embeddable":true,"href":"https:\/\/www.iemj.org\/es\/wp-json\/wp\/v2\/technique?post=53302"},{"taxonomy":"squelettes","embeddable":true,"href":"https:\/\/www.iemj.org\/es\/wp-json\/wp\/v2\/squelettes?post=53302"},{"taxonomy":"sujet","embeddable":true,"href":"https:\/\/www.iemj.org\/es\/wp-json\/wp\/v2\/sujet?post=53302"},{"taxonomy":"formation","embeddable":true,"href":"https:\/\/www.iemj.org\/es\/wp-json\/wp\/v2\/formation?post=53302"},{"taxonomy":"genre","embeddable":true,"href":"https:\/\/www.iemj.org\/es\/wp-json\/wp\/v2\/genre?post=53302"},{"taxonomy":"fonds","embeddable":true,"href":"https:\/\/www.iemj.org\/es\/wp-json\/wp\/v2\/fonds?post=53302"},{"taxonomy":"tradition","embeddable":true,"href":"https:\/\/www.iemj.org\/es\/wp-json\/wp\/v2\/tradition?post=53302"},{"taxonomy":"type-de-contenu","embeddable":true,"href":"https:\/\/www.iemj.org\/es\/wp-json\/wp\/v2\/type-de-contenu?post=53302"},{"taxonomy":"interprete-compositeur","embeddable":true,"href":"https:\/\/www.iemj.org\/es\/wp-json\/wp\/v2\/interprete-compositeur?post=53302"},{"taxonomy":"frise","embeddable":true,"href":"https:\/\/www.iemj.org\/es\/wp-json\/wp\/v2\/frise?post=53302"},{"taxonomy":"type-devenement","embeddable":true,"href":"https:\/\/www.iemj.org\/es\/wp-json\/wp\/v2\/type-devenement?post=53302"},{"taxonomy":"tableaux-liens-externes","embeddable":true,"href":"https:\/\/www.iemj.org\/es\/wp-json\/wp\/v2\/tableaux-liens-externes?post=53302"}],"curies":[{"name":"wp","href":"https:\/\/api.w.org\/{rel}","templated":true}]}}