{"id":53331,"date":"2010-03-02T10:27:00","date_gmt":"2010-03-02T09:27:00","guid":{"rendered":"https:\/\/www.iemj.org\/musiques-judeo-francaises-des-xviiie-et-xixe-siecles\/"},"modified":"2024-11-12T16:51:12","modified_gmt":"2024-11-12T15:51:12","slug":"musiques-judeo-francaises-des-xviiie-et-xixe-siecles","status":"publish","type":"post","link":"https:\/\/www.iemj.org\/es\/musiques-judeo-francaises-des-xviiie-et-xixe-siecles\/","title":{"rendered":"M\u00fasicas judeo-francesas de los siglos XVIII y XIX"},"content":{"rendered":"<h3 class=\"post_excerpt\">COLECCI\u00d3N PATRIMOINES MUSICAUX DES JUIFS DE FRANCE (PATRIMONIOS MUSICALES DE LOS JUD\u00cdOS DE FRANCIA), VOL 2<\/h3>\n<p><!--more--><\/p>\n<p>En el siglo XVIII, la vida jud\u00eda en Francia se concentra en tres hogares principales: el Condado Venaissin, el sur-oeste de Francia y Alsacia-Lorena. Por tanto, las practicas musicales se basan en la tradici\u00f3n oral\u00a0 esencialmente.<\/p>\n<p>La reforma consistorial del inicio del siglo XIX provoc\u00f3 profundos cambios en las pr\u00e1cticas musicales sinagogales: se anot\u00f3 la m\u00fasica, se crearon coros y se generaliz\u00f3 el acompa\u00f1amiento instrumental. Pero la Segunda Guerra Mundial y los cambios demogr\u00e1ficos del siglo XX provocaron el declive de estas tres tradiciones. Aunque se trata de tradiciones musicales profundamente originales. La m\u00fasica comtadina, hoy ca\u00edda en el olvido, tiene el encanto antiguo de la m\u00fasica provenzal del siglo XVIII. Las poes\u00edas religiosas est\u00e1n en idioma provenzal, algunas mezclada al hebreo o el arameo.<\/p>\n<p>Las tradiciones de Burdeos o de Bayona son a imagen de la antigua naci\u00f3n portuguesa del suroeste de Francia, que tuvo un destino complicado. Aqu\u00ed se entremezclan m\u00fasicas de diversos or\u00edgenes, desde antiguas cantilaciones b\u00edblicas hasta arreglos armonizados del siglo XIX, pasando por la tranquilidad de las melod\u00edas andaluzas de la Espa\u00f1a medieval.<\/p>\n<p>Por \u00faltimo, en la m\u00fasica consistorial, el uso del \u00f3rgano, la belleza de los coros mixtos y el cuidado de los arreglos son indicativos de un culto deseoso de integrar los c\u00e1nones est\u00e9ticos de su \u00e9poca y de abrirse a la modernidad.<\/p>\n<p>Ilustrado por numerosas piezas musicales in\u00e9ditas grabadas por el coro de Adolphe Attia, Mag Tayar y Michel Podolak, este CD nos ofrece una visi\u00f3n de las tradiciones lit\u00fargicas comtadina, portuguesa y asquenaz\u00ed en la Francia de los siglos XVIII y XIX.<\/p>\n<p><strong><a href=\"https:\/\/www.iemj.org\/en\/product\/musiques-judeo-francaises-des-xviiie-et-xixe-siecles\/\" target=\"_blank\" rel=\"noopener\">Comprar el CD online en la tienda del IEMJ<\/a><\/strong><\/p>\n<p>Informaciones al 01 45 82 20 52;\u00a0<a href=\"mailto:contact%40iemj.org\">contact@iemj.org<\/a><\/p>\n<p><img fetchpriority=\"high\" decoding=\"async\" class=\" alignleft size-full wp-image-3042\" src=\"https:\/\/www.iemj.org\/wp-content\/uploads\/2010\/03\/musiques-judeo-francaises_couv4.jpg\" alt=\"musiques-judeo-francaises_couv4.jpg\" width=\"549\" height=\"465\" align=\"left\" \/><\/p>\n<div id=\"fb-root\" class=\" fb_reset\"><br \/>\n<div style=\"position: absolute; top: -10000px; width: 0px; height: 0px;\">\n<div>\u00a0<\/div>\n<\/div>\n<\/div>\n<div class=\"fb-like\" data-href=\"#URL_ARTICLE\" data-layout=\"button_count\" data-action=\"like\" data-show-faces=\"false\" data-share=\"true\">\u00a0<\/div>\n\n\n<figure class=\"wp-block-image alignwide size-large\"><img decoding=\"async\" width=\"1024\" height=\"133\" src=\"https:\/\/www.iemj.org\/wp-content\/uploads\/2024\/03\/AUDIO-PLAYER-1024x133.png\" alt=\"\" class=\"wp-image-110610\" srcset=\"https:\/\/www.iemj.org\/wp-content\/uploads\/2024\/03\/AUDIO-PLAYER-1024x133.png 1024w, https:\/\/www.iemj.org\/wp-content\/uploads\/2024\/03\/AUDIO-PLAYER-300x39.png 300w, https:\/\/www.iemj.org\/wp-content\/uploads\/2024\/03\/AUDIO-PLAYER-768x100.png 768w, https:\/\/www.iemj.org\/wp-content\/uploads\/2024\/03\/AUDIO-PLAYER-600x78.png 600w, https:\/\/www.iemj.org\/wp-content\/uploads\/2024\/03\/AUDIO-PLAYER.png 1210w\" sizes=\"(max-width: 1024px) 100vw, 1024px\" \/><\/figure>\n\n\n\n<div class=\"wp-block-file\"><a href=\"https:\/\/www.iemj.org\/wp-content\/uploads\/2018\/10\/vl2-messies_qu_entendes_extrait_.mp3\">Messi\u00e8s qu\u2019entend\u00e8s (EXTRAIT)<\/a><\/div>\n\n\n\n<div class=\"wp-block-file\"><a href=\"https:\/\/www.iemj.org\/wp-content\/uploads\/2018\/10\/vl2-ouvnou_ho_yomar_extrait_.mp3\">Ouvnou\u2019ho yomar (EXTRAIT)<\/a><\/div>\n","protected":false},"excerpt":{"rendered":"<p>COLECCI\u00d3N PATRIMOINES MUSICAUX DES JUIFS DE FRANCE (PATRIMONIOS MUSICALES DE LOS JUD\u00cdOS DE FRANCIA), VOL 2<\/p>\n","protected":false},"author":1046,"featured_media":53332,"comment_status":"closed","ping_status":"open","sticky":false,"template":"","format":"standard","meta":{"_acf_changed":false,"footnotes":""},"categories":[1394,2209,1391],"tags":[],"technique":[],"squelettes":[],"sujet":[2101,2110,2123],"formation":[],"genre":[1890],"fonds":[],"tradition":[1982],"type-de-contenu":[],"interprete-compositeur":[],"frise":[],"type-devenement":[],"tableaux-liens-externes":[],"class_list":["post-53331","post","type-post","status-publish","format-standard","has-post-thumbnail","hentry","category-cd-iemj-es","category-coleccion-patrimonios-musicales-de-los-judios-de-francia-es","category-publicaciones-es","sujet-alsacia-lorena-es","sujet-musica-de-la-sinagoga-es","sujet-provenza-y-comtat-venaissin-es","genre-liturgia-es","tradition-rito-ashkenazi-es"],"acf":[],"yoast_head":"<!-- This site is optimized with the Yoast SEO plugin v27.3 - https:\/\/yoast.com\/product\/yoast-seo-wordpress\/ -->\n<title>M\u00fasicas judeo-francesas de los siglos XVIII y XIX - Institut Europ\u00e9en des Musiques Juives<\/title>\n<meta name=\"robots\" content=\"index, follow, max-snippet:-1, max-image-preview:large, max-video-preview:-1\" \/>\n<link rel=\"canonical\" href=\"https:\/\/www.iemj.org\/es\/musiques-judeo-francaises-des-xviiie-et-xixe-siecles\/\" \/>\n<meta property=\"og:locale\" content=\"es_ES\" \/>\n<meta property=\"og:type\" content=\"article\" \/>\n<meta property=\"og:title\" content=\"M\u00fasicas judeo-francesas de los siglos XVIII y XIX - Institut Europ\u00e9en des Musiques Juives\" \/>\n<meta property=\"og:description\" content=\"COLECCI\u00d3N PATRIMOINES MUSICAUX DES JUIFS DE FRANCE (PATRIMONIOS MUSICALES DE LOS JUD\u00cdOS DE FRANCIA), VOL 2\" \/>\n<meta property=\"og:url\" content=\"https:\/\/www.iemj.org\/es\/musiques-judeo-francaises-des-xviiie-et-xixe-siecles\/\" \/>\n<meta property=\"og:site_name\" content=\"Institut Europ\u00e9en des Musiques Juives\" \/>\n<meta property=\"article:publisher\" content=\"https:\/\/www.facebook.com\/MusiquesJuives\/\" \/>\n<meta property=\"article:published_time\" content=\"2010-03-02T09:27:00+00:00\" \/>\n<meta property=\"article:modified_time\" content=\"2024-11-12T15:51:12+00:00\" \/>\n<meta property=\"og:image\" content=\"https:\/\/www.iemj.org\/wp-content\/uploads\/2010\/03\/arton38-e1625326634610.jpg\" \/>\n\t<meta property=\"og:image:width\" content=\"350\" \/>\n\t<meta property=\"og:image:height\" content=\"346\" \/>\n\t<meta property=\"og:image:type\" content=\"image\/jpeg\" \/>\n<meta name=\"author\" content=\"Isabelle Jouve\" \/>\n<meta name=\"twitter:card\" content=\"summary_large_image\" \/>\n<meta name=\"twitter:label1\" content=\"Escrito por\" \/>\n\t<meta name=\"twitter:data1\" content=\"Isabelle Jouve\" \/>\n\t<meta name=\"twitter:label2\" content=\"Tiempo de lectura\" \/>\n\t<meta name=\"twitter:data2\" content=\"3 minutos\" \/>\n<script type=\"application\/ld+json\" class=\"yoast-schema-graph\">{\"@context\":\"https:\\\/\\\/schema.org\",\"@graph\":[{\"@type\":\"Article\",\"@id\":\"https:\\\/\\\/www.iemj.org\\\/es\\\/musiques-judeo-francaises-des-xviiie-et-xixe-siecles\\\/#article\",\"isPartOf\":{\"@id\":\"https:\\\/\\\/www.iemj.org\\\/es\\\/musiques-judeo-francaises-des-xviiie-et-xixe-siecles\\\/\"},\"author\":{\"name\":\"Isabelle Jouve\",\"@id\":\"https:\\\/\\\/www.iemj.org\\\/es\\\/#\\\/schema\\\/person\\\/94283a7f5a8b28a85fdab0ae54777472\"},\"headline\":\"M\u00fasicas judeo-francesas de los siglos XVIII y XIX\",\"datePublished\":\"2010-03-02T09:27:00+00:00\",\"dateModified\":\"2024-11-12T15:51:12+00:00\",\"mainEntityOfPage\":{\"@id\":\"https:\\\/\\\/www.iemj.org\\\/es\\\/musiques-judeo-francaises-des-xviiie-et-xixe-siecles\\\/\"},\"wordCount\":334,\"publisher\":{\"@id\":\"https:\\\/\\\/www.iemj.org\\\/es\\\/#organization\"},\"image\":{\"@id\":\"https:\\\/\\\/www.iemj.org\\\/es\\\/musiques-judeo-francaises-des-xviiie-et-xixe-siecles\\\/#primaryimage\"},\"thumbnailUrl\":\"https:\\\/\\\/www.iemj.org\\\/wp-content\\\/uploads\\\/2010\\\/03\\\/arton38-e1625326634610.jpg\",\"articleSection\":[\"CD IEMJ\",\"Coleccion Patrimonios Musicales de los Jud\u00edos de Francia\",\"Publicaciones\"],\"inLanguage\":\"es\"},{\"@type\":\"WebPage\",\"@id\":\"https:\\\/\\\/www.iemj.org\\\/es\\\/musiques-judeo-francaises-des-xviiie-et-xixe-siecles\\\/\",\"url\":\"https:\\\/\\\/www.iemj.org\\\/es\\\/musiques-judeo-francaises-des-xviiie-et-xixe-siecles\\\/\",\"name\":\"M\u00fasicas judeo-francesas de los siglos XVIII y XIX - Institut Europ\u00e9en des Musiques Juives\",\"isPartOf\":{\"@id\":\"https:\\\/\\\/www.iemj.org\\\/es\\\/#website\"},\"primaryImageOfPage\":{\"@id\":\"https:\\\/\\\/www.iemj.org\\\/es\\\/musiques-judeo-francaises-des-xviiie-et-xixe-siecles\\\/#primaryimage\"},\"image\":{\"@id\":\"https:\\\/\\\/www.iemj.org\\\/es\\\/musiques-judeo-francaises-des-xviiie-et-xixe-siecles\\\/#primaryimage\"},\"thumbnailUrl\":\"https:\\\/\\\/www.iemj.org\\\/wp-content\\\/uploads\\\/2010\\\/03\\\/arton38-e1625326634610.jpg\",\"datePublished\":\"2010-03-02T09:27:00+00:00\",\"dateModified\":\"2024-11-12T15:51:12+00:00\",\"breadcrumb\":{\"@id\":\"https:\\\/\\\/www.iemj.org\\\/es\\\/musiques-judeo-francaises-des-xviiie-et-xixe-siecles\\\/#breadcrumb\"},\"inLanguage\":\"es\",\"potentialAction\":[{\"@type\":\"ReadAction\",\"target\":[\"https:\\\/\\\/www.iemj.org\\\/es\\\/musiques-judeo-francaises-des-xviiie-et-xixe-siecles\\\/\"]}]},{\"@type\":\"ImageObject\",\"inLanguage\":\"es\",\"@id\":\"https:\\\/\\\/www.iemj.org\\\/es\\\/musiques-judeo-francaises-des-xviiie-et-xixe-siecles\\\/#primaryimage\",\"url\":\"https:\\\/\\\/www.iemj.org\\\/wp-content\\\/uploads\\\/2010\\\/03\\\/arton38-e1625326634610.jpg\",\"contentUrl\":\"https:\\\/\\\/www.iemj.org\\\/wp-content\\\/uploads\\\/2010\\\/03\\\/arton38-e1625326634610.jpg\",\"width\":350,\"height\":346},{\"@type\":\"BreadcrumbList\",\"@id\":\"https:\\\/\\\/www.iemj.org\\\/es\\\/musiques-judeo-francaises-des-xviiie-et-xixe-siecles\\\/#breadcrumb\",\"itemListElement\":[{\"@type\":\"ListItem\",\"position\":1,\"name\":\"Accueil\",\"item\":\"https:\\\/\\\/www.iemj.org\\\/es\\\/\"},{\"@type\":\"ListItem\",\"position\":2,\"name\":\"M\u00fasicas judeo-francesas de los siglos XVIII y XIX\"}]},{\"@type\":\"WebSite\",\"@id\":\"https:\\\/\\\/www.iemj.org\\\/es\\\/#website\",\"url\":\"https:\\\/\\\/www.iemj.org\\\/es\\\/\",\"name\":\"Institut Europ\u00e9en des Musiques Juives\",\"description\":\"Des traditions musicales \u00e0 la port\u00e9e de tous\",\"publisher\":{\"@id\":\"https:\\\/\\\/www.iemj.org\\\/es\\\/#organization\"},\"potentialAction\":[{\"@type\":\"SearchAction\",\"target\":{\"@type\":\"EntryPoint\",\"urlTemplate\":\"https:\\\/\\\/www.iemj.org\\\/es\\\/?s={search_term_string}\"},\"query-input\":{\"@type\":\"PropertyValueSpecification\",\"valueRequired\":true,\"valueName\":\"search_term_string\"}}],\"inLanguage\":\"es\"},{\"@type\":\"Organization\",\"@id\":\"https:\\\/\\\/www.iemj.org\\\/es\\\/#organization\",\"name\":\"Institut Europ\u00e9en des Musiques Juives\",\"url\":\"https:\\\/\\\/www.iemj.org\\\/es\\\/\",\"logo\":{\"@type\":\"ImageObject\",\"inLanguage\":\"es\",\"@id\":\"https:\\\/\\\/www.iemj.org\\\/es\\\/#\\\/schema\\\/logo\\\/image\\\/\",\"url\":\"https:\\\/\\\/www.iemj.org\\\/wp-content\\\/uploads\\\/2021\\\/09\\\/Logo-IEMJ-Paypal.jpg\",\"contentUrl\":\"https:\\\/\\\/www.iemj.org\\\/wp-content\\\/uploads\\\/2021\\\/09\\\/Logo-IEMJ-Paypal.jpg\",\"width\":150,\"height\":50,\"caption\":\"Institut Europ\u00e9en des Musiques Juives\"},\"image\":{\"@id\":\"https:\\\/\\\/www.iemj.org\\\/es\\\/#\\\/schema\\\/logo\\\/image\\\/\"},\"sameAs\":[\"https:\\\/\\\/www.facebook.com\\\/MusiquesJuives\\\/\",\"https:\\\/\\\/www.instagram.com\\\/musiquesjuives\\\/\",\"https:\\\/\\\/www.youtube.com\\\/user\\\/musiquesjuives\"]},{\"@type\":\"Person\",\"@id\":\"https:\\\/\\\/www.iemj.org\\\/es\\\/#\\\/schema\\\/person\\\/94283a7f5a8b28a85fdab0ae54777472\",\"name\":\"Isabelle Jouve\",\"image\":{\"@type\":\"ImageObject\",\"inLanguage\":\"es\",\"@id\":\"https:\\\/\\\/secure.gravatar.com\\\/avatar\\\/bc547a31cb8a12b3ffc0f7fcf1f2dbd4fc06e95ad13a451095d8316a6d5a59a6?s=96&d=mm&r=g\",\"url\":\"https:\\\/\\\/secure.gravatar.com\\\/avatar\\\/bc547a31cb8a12b3ffc0f7fcf1f2dbd4fc06e95ad13a451095d8316a6d5a59a6?s=96&d=mm&r=g\",\"contentUrl\":\"https:\\\/\\\/secure.gravatar.com\\\/avatar\\\/bc547a31cb8a12b3ffc0f7fcf1f2dbd4fc06e95ad13a451095d8316a6d5a59a6?s=96&d=mm&r=g\",\"caption\":\"Isabelle Jouve\"}}]}<\/script>\n<!-- \/ Yoast SEO plugin. -->","yoast_head_json":{"title":"M\u00fasicas judeo-francesas de los siglos XVIII y XIX - Institut Europ\u00e9en des Musiques Juives","robots":{"index":"index","follow":"follow","max-snippet":"max-snippet:-1","max-image-preview":"max-image-preview:large","max-video-preview":"max-video-preview:-1"},"canonical":"https:\/\/www.iemj.org\/es\/musiques-judeo-francaises-des-xviiie-et-xixe-siecles\/","og_locale":"es_ES","og_type":"article","og_title":"M\u00fasicas judeo-francesas de los siglos XVIII y XIX - Institut Europ\u00e9en des Musiques Juives","og_description":"COLECCI\u00d3N PATRIMOINES MUSICAUX DES JUIFS DE FRANCE (PATRIMONIOS MUSICALES DE LOS JUD\u00cdOS DE FRANCIA), VOL 2","og_url":"https:\/\/www.iemj.org\/es\/musiques-judeo-francaises-des-xviiie-et-xixe-siecles\/","og_site_name":"Institut Europ\u00e9en des Musiques Juives","article_publisher":"https:\/\/www.facebook.com\/MusiquesJuives\/","article_published_time":"2010-03-02T09:27:00+00:00","article_modified_time":"2024-11-12T15:51:12+00:00","og_image":[{"width":350,"height":346,"url":"https:\/\/www.iemj.org\/wp-content\/uploads\/2010\/03\/arton38-e1625326634610.jpg","type":"image\/jpeg"}],"author":"Isabelle Jouve","twitter_card":"summary_large_image","twitter_misc":{"Escrito por":"Isabelle Jouve","Tiempo de lectura":"3 minutos"},"schema":{"@context":"https:\/\/schema.org","@graph":[{"@type":"Article","@id":"https:\/\/www.iemj.org\/es\/musiques-judeo-francaises-des-xviiie-et-xixe-siecles\/#article","isPartOf":{"@id":"https:\/\/www.iemj.org\/es\/musiques-judeo-francaises-des-xviiie-et-xixe-siecles\/"},"author":{"name":"Isabelle Jouve","@id":"https:\/\/www.iemj.org\/es\/#\/schema\/person\/94283a7f5a8b28a85fdab0ae54777472"},"headline":"M\u00fasicas judeo-francesas de los siglos XVIII y XIX","datePublished":"2010-03-02T09:27:00+00:00","dateModified":"2024-11-12T15:51:12+00:00","mainEntityOfPage":{"@id":"https:\/\/www.iemj.org\/es\/musiques-judeo-francaises-des-xviiie-et-xixe-siecles\/"},"wordCount":334,"publisher":{"@id":"https:\/\/www.iemj.org\/es\/#organization"},"image":{"@id":"https:\/\/www.iemj.org\/es\/musiques-judeo-francaises-des-xviiie-et-xixe-siecles\/#primaryimage"},"thumbnailUrl":"https:\/\/www.iemj.org\/wp-content\/uploads\/2010\/03\/arton38-e1625326634610.jpg","articleSection":["CD IEMJ","Coleccion Patrimonios Musicales de los Jud\u00edos de Francia","Publicaciones"],"inLanguage":"es"},{"@type":"WebPage","@id":"https:\/\/www.iemj.org\/es\/musiques-judeo-francaises-des-xviiie-et-xixe-siecles\/","url":"https:\/\/www.iemj.org\/es\/musiques-judeo-francaises-des-xviiie-et-xixe-siecles\/","name":"M\u00fasicas judeo-francesas de los siglos XVIII y XIX - Institut Europ\u00e9en des Musiques Juives","isPartOf":{"@id":"https:\/\/www.iemj.org\/es\/#website"},"primaryImageOfPage":{"@id":"https:\/\/www.iemj.org\/es\/musiques-judeo-francaises-des-xviiie-et-xixe-siecles\/#primaryimage"},"image":{"@id":"https:\/\/www.iemj.org\/es\/musiques-judeo-francaises-des-xviiie-et-xixe-siecles\/#primaryimage"},"thumbnailUrl":"https:\/\/www.iemj.org\/wp-content\/uploads\/2010\/03\/arton38-e1625326634610.jpg","datePublished":"2010-03-02T09:27:00+00:00","dateModified":"2024-11-12T15:51:12+00:00","breadcrumb":{"@id":"https:\/\/www.iemj.org\/es\/musiques-judeo-francaises-des-xviiie-et-xixe-siecles\/#breadcrumb"},"inLanguage":"es","potentialAction":[{"@type":"ReadAction","target":["https:\/\/www.iemj.org\/es\/musiques-judeo-francaises-des-xviiie-et-xixe-siecles\/"]}]},{"@type":"ImageObject","inLanguage":"es","@id":"https:\/\/www.iemj.org\/es\/musiques-judeo-francaises-des-xviiie-et-xixe-siecles\/#primaryimage","url":"https:\/\/www.iemj.org\/wp-content\/uploads\/2010\/03\/arton38-e1625326634610.jpg","contentUrl":"https:\/\/www.iemj.org\/wp-content\/uploads\/2010\/03\/arton38-e1625326634610.jpg","width":350,"height":346},{"@type":"BreadcrumbList","@id":"https:\/\/www.iemj.org\/es\/musiques-judeo-francaises-des-xviiie-et-xixe-siecles\/#breadcrumb","itemListElement":[{"@type":"ListItem","position":1,"name":"Accueil","item":"https:\/\/www.iemj.org\/es\/"},{"@type":"ListItem","position":2,"name":"M\u00fasicas judeo-francesas de los siglos XVIII y XIX"}]},{"@type":"WebSite","@id":"https:\/\/www.iemj.org\/es\/#website","url":"https:\/\/www.iemj.org\/es\/","name":"Institut Europ\u00e9en des Musiques Juives","description":"Des traditions musicales \u00e0 la port\u00e9e de tous","publisher":{"@id":"https:\/\/www.iemj.org\/es\/#organization"},"potentialAction":[{"@type":"SearchAction","target":{"@type":"EntryPoint","urlTemplate":"https:\/\/www.iemj.org\/es\/?s={search_term_string}"},"query-input":{"@type":"PropertyValueSpecification","valueRequired":true,"valueName":"search_term_string"}}],"inLanguage":"es"},{"@type":"Organization","@id":"https:\/\/www.iemj.org\/es\/#organization","name":"Institut Europ\u00e9en des Musiques Juives","url":"https:\/\/www.iemj.org\/es\/","logo":{"@type":"ImageObject","inLanguage":"es","@id":"https:\/\/www.iemj.org\/es\/#\/schema\/logo\/image\/","url":"https:\/\/www.iemj.org\/wp-content\/uploads\/2021\/09\/Logo-IEMJ-Paypal.jpg","contentUrl":"https:\/\/www.iemj.org\/wp-content\/uploads\/2021\/09\/Logo-IEMJ-Paypal.jpg","width":150,"height":50,"caption":"Institut Europ\u00e9en des Musiques Juives"},"image":{"@id":"https:\/\/www.iemj.org\/es\/#\/schema\/logo\/image\/"},"sameAs":["https:\/\/www.facebook.com\/MusiquesJuives\/","https:\/\/www.instagram.com\/musiquesjuives\/","https:\/\/www.youtube.com\/user\/musiquesjuives"]},{"@type":"Person","@id":"https:\/\/www.iemj.org\/es\/#\/schema\/person\/94283a7f5a8b28a85fdab0ae54777472","name":"Isabelle Jouve","image":{"@type":"ImageObject","inLanguage":"es","@id":"https:\/\/secure.gravatar.com\/avatar\/bc547a31cb8a12b3ffc0f7fcf1f2dbd4fc06e95ad13a451095d8316a6d5a59a6?s=96&d=mm&r=g","url":"https:\/\/secure.gravatar.com\/avatar\/bc547a31cb8a12b3ffc0f7fcf1f2dbd4fc06e95ad13a451095d8316a6d5a59a6?s=96&d=mm&r=g","contentUrl":"https:\/\/secure.gravatar.com\/avatar\/bc547a31cb8a12b3ffc0f7fcf1f2dbd4fc06e95ad13a451095d8316a6d5a59a6?s=96&d=mm&r=g","caption":"Isabelle Jouve"}}]}},"_links":{"self":[{"href":"https:\/\/www.iemj.org\/es\/wp-json\/wp\/v2\/posts\/53331","targetHints":{"allow":["GET"]}}],"collection":[{"href":"https:\/\/www.iemj.org\/es\/wp-json\/wp\/v2\/posts"}],"about":[{"href":"https:\/\/www.iemj.org\/es\/wp-json\/wp\/v2\/types\/post"}],"author":[{"embeddable":true,"href":"https:\/\/www.iemj.org\/es\/wp-json\/wp\/v2\/users\/1046"}],"replies":[{"embeddable":true,"href":"https:\/\/www.iemj.org\/es\/wp-json\/wp\/v2\/comments?post=53331"}],"version-history":[{"count":0,"href":"https:\/\/www.iemj.org\/es\/wp-json\/wp\/v2\/posts\/53331\/revisions"}],"wp:featuredmedia":[{"embeddable":true,"href":"https:\/\/www.iemj.org\/es\/wp-json\/wp\/v2\/media\/53332"}],"wp:attachment":[{"href":"https:\/\/www.iemj.org\/es\/wp-json\/wp\/v2\/media?parent=53331"}],"wp:term":[{"taxonomy":"category","embeddable":true,"href":"https:\/\/www.iemj.org\/es\/wp-json\/wp\/v2\/categories?post=53331"},{"taxonomy":"post_tag","embeddable":true,"href":"https:\/\/www.iemj.org\/es\/wp-json\/wp\/v2\/tags?post=53331"},{"taxonomy":"technique","embeddable":true,"href":"https:\/\/www.iemj.org\/es\/wp-json\/wp\/v2\/technique?post=53331"},{"taxonomy":"squelettes","embeddable":true,"href":"https:\/\/www.iemj.org\/es\/wp-json\/wp\/v2\/squelettes?post=53331"},{"taxonomy":"sujet","embeddable":true,"href":"https:\/\/www.iemj.org\/es\/wp-json\/wp\/v2\/sujet?post=53331"},{"taxonomy":"formation","embeddable":true,"href":"https:\/\/www.iemj.org\/es\/wp-json\/wp\/v2\/formation?post=53331"},{"taxonomy":"genre","embeddable":true,"href":"https:\/\/www.iemj.org\/es\/wp-json\/wp\/v2\/genre?post=53331"},{"taxonomy":"fonds","embeddable":true,"href":"https:\/\/www.iemj.org\/es\/wp-json\/wp\/v2\/fonds?post=53331"},{"taxonomy":"tradition","embeddable":true,"href":"https:\/\/www.iemj.org\/es\/wp-json\/wp\/v2\/tradition?post=53331"},{"taxonomy":"type-de-contenu","embeddable":true,"href":"https:\/\/www.iemj.org\/es\/wp-json\/wp\/v2\/type-de-contenu?post=53331"},{"taxonomy":"interprete-compositeur","embeddable":true,"href":"https:\/\/www.iemj.org\/es\/wp-json\/wp\/v2\/interprete-compositeur?post=53331"},{"taxonomy":"frise","embeddable":true,"href":"https:\/\/www.iemj.org\/es\/wp-json\/wp\/v2\/frise?post=53331"},{"taxonomy":"type-devenement","embeddable":true,"href":"https:\/\/www.iemj.org\/es\/wp-json\/wp\/v2\/type-devenement?post=53331"},{"taxonomy":"tableaux-liens-externes","embeddable":true,"href":"https:\/\/www.iemj.org\/es\/wp-json\/wp\/v2\/tableaux-liens-externes?post=53331"}],"curies":[{"name":"wp","href":"https:\/\/api.w.org\/{rel}","templated":true}]}}