{"id":53972,"date":"2020-11-10T17:51:16","date_gmt":"2020-11-10T16:51:16","guid":{"rendered":"https:\/\/www.iemj.org\/une-nouvelle-partition-de-serge-kaufmann-katouna-pour-clarinette-et-violoncelle\/"},"modified":"2021-07-08T14:57:16","modified_gmt":"2021-07-08T12:57:16","slug":"une-nouvelle-partition-de-serge-kaufmann-katouna-pour-clarinette-et-violoncelle","status":"publish","type":"post","link":"https:\/\/www.iemj.org\/es\/une-nouvelle-partition-de-serge-kaufmann-katouna-pour-clarinette-et-violoncelle\/","title":{"rendered":"Katouna, para clarinete y violoncelo"},"content":{"rendered":"<h3>Publicaci\u00f3n de una nueva partitura de Serge Kaufmann en las ediciones del IEMJ<\/h3>\n<p><!--more--><\/p>\n<p>Compositor, pero tambi\u00e9n hombre de la radio y de la televisi\u00f3n, periodista, productor y director, <a href=\"https:\/\/www.iemj.org\/kaufmann-serge-1930\/\">Serge Kaufmann<\/a> ha estado enriqueciendo desde casi 30 a\u00f1os el \u00e1mbito de la m\u00fasica jud\u00eda componiendo obras con nombres evocadores: <em>Suite Yiddish<\/em> (Continuaci\u00f3n Yiddish), <em>Petite suite klezmer<\/em> (<em>Peque\u00f1a continuaci\u00f3n klezmer<\/em>), <em>Le Maharam de Rothenbourg<\/em>, <em>Neshama<\/em>, <em>Kol nidr\u00e9<\/em>, <em>Yesod<\/em>\u2026<\/p>\n<p>Autor de m\u00e1s de una centena de piezas para voz, instrumentos, peque\u00f1os o grandes conjuntos, su cat\u00e1logo esta enriquecido con una nueva publicaci\u00f3n <a href=\"https:\/\/www.iemj.org\/es\/tienda\/\" target=\"_blank\" rel=\"noopener\">Katouna, pour clarinette et violoncelle<\/a><a href=\"https:\/\/boutique.iemj.org\/fr\/partitions\/250-kaufmann-katouna-pour-clarinette-et-violoncelle-partition-imprimee.html\"> [Katouna, para clarinete y violoncelo]<\/a>, que se a\u00f1ade a sus 30 partituras ya publicadas por el IEMJ y disponibles en nuestras tienda en linea (<em>ver la lista m\u00e1s abajo<\/em>).<\/p>\n<p>Otras partituras, m\u00e1s abajo, de Serge Kaufmann ya publicadas en las ediciones del IEMJ, hacer un clic para pedir.<\/p>\n\n\n<div class=\"wp-block-columns is-layout-flex wp-container-core-columns-is-layout-9d6595d7 wp-block-columns-is-layout-flex\">\n<div class=\"wp-block-column is-layout-flow wp-block-column-is-layout-flow\">\n<ul class=\"wp-block-list\"><li><a href=\"http:\/\/boutique.iemj.org\/fr\/partitions\/113-serge-kaufman-kol-nidre-pour-choeur-quintette-a-cordes-piano-et-clarinette.html\">Kol Nidr\u00e9 pour ch\u0153ur, quintette \u00e0 cordes, piano et clarinette<\/a><\/li><li><a href=\"http:\/\/boutique.iemj.org\/fr\/partitions\/114-serge-kaufman-souvenir-imaginaire-chanson-pour-choeur-mixte-et-violoncelle.html\">Souvenir imaginaire, Chanson pour ch\u0153ur mixte et violoncelle<\/a><\/li><li><a href=\"http:\/\/boutique.iemj.org\/fr\/partitions\/115-serge-kaufman-absent-poeme-lyrique-pour-soprano-violon-et-piano.html\">L&#8217;Absent, Po\u00e8me lyrique pour soprano, violon et piano<\/a><\/li><li><a href=\"http:\/\/boutique.iemj.org\/fr\/partitions\/116-serge-kaufman-flaneries-pour-violon-et-accordeon.html\">Fl\u00e2neries pour violon et accord\u00e9on<\/a><\/li><li><a href=\"http:\/\/boutique.iemj.org\/fr\/partitions\/117-serge-kaufman-kinah-elegie-pour-alto-et-piano.html\">Kinah, El\u00e9gie pour alto et piano<\/a><\/li><li><a href=\"http:\/\/boutique.iemj.org\/fr\/partitions\/118-serge-kaufman-la-memoire-ensevelie-musique-pour-piano.html\">La m\u00e9moire ensevelie, Musique pour piano<\/a><\/li><li><a href=\"http:\/\/boutique.iemj.org\/fr\/partitions\/119-serge-kaufman-neguima-rhapsodie-pour-violon-et-piano.html\">Neguima, Rhapsodie pour violon et piano<\/a><\/li><li><a href=\"http:\/\/boutique.iemj.org\/fr\/partitions\/120-serge-kaufman-neshama-song-for-cello-solo.html\">Neshama, Chant pour Violoncelle seul<\/a><\/li><li><a href=\"http:\/\/boutique.iemj.org\/fr\/partitions\/121-serge-kaufman-netsah-chant-pour-violon-seul.html\">Netsah, Chant pour violon seul<\/a><\/li><li><a href=\"http:\/\/boutique.iemj.org\/fr\/partitions\/122-serge-kaufman-quatrocelli-ballade-pour-quatre-violoncelles.html\">Quatrocelli, Ballade pour 4 violoncelles<\/a><\/li><li><a href=\"http:\/\/boutique.iemj.org\/fr\/partitions\/123-serge-kaufman-souviens-toi-chanson-pour-violon-et-piano.html\">Souviens-toi, Chanson pour violon et piano<\/a><\/li><li><a href=\"http:\/\/boutique.iemj.org\/fr\/partitions\/124-serge-kaufman-tfila-pour-saxophone-alto-et-piano.html\">Tfila pour saxophone alto et piano<\/a><\/li><li><a href=\"http:\/\/boutique.iemj.org\/fr\/partitions\/125-serge-kaufman-vivante-a-jamais-duo-dramatique-pour-soprano-tenor-avec-piano.html\">Vivante \u00e0 Jamais, Duo dramatique pour soprano et t\u00e9nor avec piano<\/a><\/li><li><a href=\"http:\/\/boutique.iemj.org\/fr\/partitions\/126-serge-kaufman-yesod-trois-mouvements-pour-quatuor-a-cordes.html\">Yesod, Trois mouvements pour quatuor \u00e0 cordes<\/a><\/li><li><a href=\"http:\/\/boutique.iemj.org\/fr\/partitions\/127-serge-kaufman-zimra-chant-pour-violoncelle-seul.html\">Zimra, Chant pour violoncelle seul<\/a><\/li><\/ul>\n<\/div>\n\n\n\n<div class=\"wp-block-column is-layout-flow wp-block-column-is-layout-flow\">\n<ul class=\"wp-block-list\" id=\"block-46659a22-1a37-48f1-92d9-a68d1f304566\"><li><a href=\"http:\/\/boutique.iemj.org\/fr\/partitions\/128-serge-kaufman-romantika-pour-clarinette-et-piano.html\">Romantika pour clarinette et piano<\/a><\/li><li><a href=\"http:\/\/boutique.iemj.org\/fr\/partitions\/129-serge-kaufman-quatre-duos-pour-deux-altos.html\">Quatre duos pour deux altos<\/a><\/li><li><a href=\"http:\/\/boutique.iemj.org\/fr\/partitions\/130-serge-kaufman-trois-improvisations-pour-violon-solo.html\">Trois improvisations pour violon seul<\/a><\/li><li><a href=\"http:\/\/boutique.iemj.org\/fr\/partitions\/131-serge-kaufman-petite-suite-klezmer-pour-clarinette-et-piano.html\">Petite suite klezmer pour clarinette et piano<\/a><\/li><li><a href=\"http:\/\/boutique.iemj.org\/fr\/partitions\/132-serge-kaufman-balade-klezmer-pour-violon-clarinette-et-cymbalum.html\">Balade klezmer pour violon, clarinette et cymbalum<\/a><\/li><li><a href=\"https:\/\/www.iemj.org\/produit\/serge-kaufmann-kyra-cantilene-pour-flute-et-piano-partition-imprimee\/\">Kyra, cantil\u00e8ne pour fl\u00fbte et piano<\/a><\/li><li><a href=\"https:\/\/www.iemj.org\/produit\/serge-kaufmann-matana-pour-violoncelle-seul-partition-imprimee\/\">Matana, pour violoncelle seul<\/a><\/li><li><a href=\"https:\/\/www.iemj.org\/es\/?attachment_id=969\">Lumi\u00e8res, m\u00e9lop\u00e9e pour mezzo-soprano et alto<\/a><\/li><li><a href=\"https:\/\/www.iemj.org\/produit\/serge-kaufmann-chant-concertant-pour-violon-et-orchestre-a-cordes-partition-imprimee\/\">Chant concertant, pour violon et orchestre \u00e0 cordes<\/a><\/li><li><a href=\"https:\/\/www.iemj.org\/produit\/serge-kaufman-kinah-elegie-pour-alto-et-piano-partition-imprimee\/\">El\u00e9gie, pour orchestre \u00e0 cordes<\/a><\/li><li><a href=\"https:\/\/www.iemj.org\/es\/?attachment_id=1037\">Suite yiddish, version pour violoncelle et orchestre \u00e0 cordes<\/a><\/li><li><a href=\"https:\/\/www.iemj.org\/es\/?attachment_id=1049\">Kinnor, trio pour harpe, fl\u00fbte et alto<\/a><\/li><li><a href=\"https:\/\/www.iemj.org\/produit\/serge-kaufmann-selah-rhapsodie-pour-orchestre-a-cordes-partition-imprimee\/\">S\u00e8lah, rhapsodie pour orchestre \u00e0 cordes<\/a><\/li><li><a href=\"https:\/\/www.iemj.org\/es\/?attachment_id=1183\">Kyranne, Quatuor pour violon, violoncelle, piano et clarinette<\/a><\/li><li><a href=\"https:\/\/www.iemj.org\/produit\/kaufmann-ikh-gedenk-je-me-souviens-petit-cahier-pour-piano-partition-imprimee\/\">Ikh Gedenk &#8211; Je me souviens, Petit cahier pour piano<\/a><\/li><\/ul>\n<\/div>\n<\/div>\n\n\n<p><a href=\"https:\/\/www.iemj.org\/fr\/contenuen-ligne\/biographies\/serge-kaufmann-1930.html\">M\u00e1s informaci\u00f3n sobre Serge Kaufmann<\/a><\/p>\n<p><strong><a href=\"https:\/\/www.iemj.org\/es\/tienda\/\" target=\"_blank\" rel=\"noopener\">Pedir el CD Ima ou la m\u00e8re d\u00e9poss\u00e9d\u00e9e [Ima o la madre despojada] de Serge Kaufmann<\/a><\/strong><\/p>\n\n\n<figure class=\"wp-block-gallery columns-2 is-cropped wp-block-gallery-1 is-layout-flex wp-block-gallery-is-layout-flex\"><ul class=\"blocks-gallery-grid\"><li class=\"blocks-gallery-item\"><figure><img fetchpriority=\"high\" decoding=\"async\" width=\"282\" height=\"400\" src=\"https:\/\/www.iemj.org\/wp-content\/uploads\/2020\/11\/couv_katouna_400px_vertic.jpg\" alt=\"couv_katouna_400px_vertic.jpg\" data-id=\"29903\" data-full-url=\"https:\/\/www.iemj.org\/wp-content\/uploads\/2020\/11\/couv_katouna_400px_vertic.jpg\" data-link=\"https:\/\/www.iemj.org\/une-nouvelle-partition-de-serge-kaufmann-katouna-pour-clarinette-et-violoncelle\/attachment-couv_katouna_400px_vertic-jpg\/\" class=\"wp-image-61101\" srcset=\"https:\/\/www.iemj.org\/wp-content\/uploads\/2020\/11\/couv_katouna_400px_vertic.jpg 282w, https:\/\/www.iemj.org\/wp-content\/uploads\/2020\/11\/couv_katouna_400px_vertic-212x300.jpg 212w\" sizes=\"(max-width: 282px) 100vw, 282px\" \/><\/figure><\/li><li class=\"blocks-gallery-item\"><figure><img decoding=\"async\" width=\"281\" height=\"400\" src=\"https:\/\/www.iemj.org\/wp-content\/uploads\/2020\/11\/1ere_page_partition_katouna_400px_vertic.jpg\" alt=\"1ere_page_partition_katouna_400px_vertic.jpg\" data-id=\"29905\" data-full-url=\"https:\/\/www.iemj.org\/wp-content\/uploads\/2020\/11\/1ere_page_partition_katouna_400px_vertic.jpg\" data-link=\"https:\/\/www.iemj.org\/une-nouvelle-partition-de-serge-kaufmann-katouna-pour-clarinette-et-violoncelle\/attachment-1ere_page_partition_katouna_400px_vertic-jpg\/\" class=\"wp-image-61104\" srcset=\"https:\/\/www.iemj.org\/wp-content\/uploads\/2020\/11\/1ere_page_partition_katouna_400px_vertic.jpg 281w, https:\/\/www.iemj.org\/wp-content\/uploads\/2020\/11\/1ere_page_partition_katouna_400px_vertic-211x300.jpg 211w\" sizes=\"(max-width: 281px) 100vw, 281px\" \/><\/figure><\/li><\/ul><\/figure>\n\n\n\n<figure class=\"wp-block-video\"><video height=\"180\" style=\"aspect-ratio: 320 \/ 180;\" width=\"320\" controls src=\"https:\/\/www.iemj.org\/wp-content\/uploads\/2016\/03\/kaufmann_suite_yiddish_1er_mouvement_v2.mp4\"><\/video><figcaption><strong>Ver extractos del concierto ofrecido el 21 de marzo de 2010, a las 17:00 horas, en la iglesia de Notre-Dame de la Daurade de Tolosa, durante el lanzamiento del CD \u00abSerge Kaufmann &#8211; Ima ou la m\u00e8re d\u00e9poss\u00e9d\u00e9e [Ima o la madre despojada]\u00bb<\/strong><\/figcaption><\/figure>\n\n\n\n<div class=\"wp-block-columns is-layout-flex wp-container-core-columns-is-layout-9d6595d7 wp-block-columns-is-layout-flex\">\n<div class=\"wp-block-column is-layout-flow wp-block-column-is-layout-flow\">\n<figure class=\"wp-block-embed aligncenter is-type-video is-provider-youtube wp-block-embed-youtube wp-embed-aspect-4-3 wp-has-aspect-ratio\"><div class=\"wp-block-embed__wrapper\">\nhttps:\/\/youtu.be\/W-0eoV3lsCU?t=385\n<\/div><figcaption><strong>Ver extractos del concierto de gala del IEMJ del 6 de noviembre de 2015, en el que <em>la Petite suite klezmer<\/em> pour clarinette et piano [Pequena continuacion klezmer para clarinete y piano] de Serge Kaufmann ha sido interpretado en creaci\u00f3n mundial<\/strong><\/figcaption><\/figure>\n\n\n\n<p><\/p>\n<\/div>\n<\/div>\n\n\n\n<div class=\"wp-block-columns is-layout-flex wp-container-core-columns-is-layout-9d6595d7 wp-block-columns-is-layout-flex\"><\/div>\n","protected":false},"excerpt":{"rendered":"<p>Publicaci\u00f3n de una nueva partitura de Serge Kaufmann en las ediciones del IEMJ<\/p>\n","protected":false},"author":5,"featured_media":53973,"comment_status":"closed","ping_status":"closed","sticky":false,"template":"","format":"standard","meta":{"_acf_changed":false,"footnotes":""},"categories":[1398,1391],"tags":[],"technique":[],"squelettes":[],"sujet":[],"formation":[],"genre":[1899],"fonds":[],"tradition":[],"type-de-contenu":[],"interprete-compositeur":[3292],"frise":[],"type-devenement":[],"tableaux-liens-externes":[],"class_list":["post-53972","post","type-post","status-publish","format-standard","has-post-thumbnail","hentry","category-partituras-iemj-es","category-publicaciones-es","genre-musica-clasica-es","interprete-compositeur-serge-kaufmann-es"],"acf":[],"yoast_head":"<!-- This site is optimized with the Yoast SEO plugin v27.3 - https:\/\/yoast.com\/product\/yoast-seo-wordpress\/ -->\n<title>Katouna, para clarinete y violoncelo - Institut Europ\u00e9en des Musiques Juives<\/title>\n<meta name=\"robots\" content=\"index, follow, max-snippet:-1, max-image-preview:large, max-video-preview:-1\" \/>\n<link rel=\"canonical\" href=\"https:\/\/www.iemj.org\/es\/une-nouvelle-partition-de-serge-kaufmann-katouna-pour-clarinette-et-violoncelle\/\" \/>\n<meta property=\"og:locale\" content=\"es_ES\" \/>\n<meta property=\"og:type\" content=\"article\" \/>\n<meta property=\"og:title\" content=\"Katouna, para clarinete y violoncelo - Institut Europ\u00e9en des Musiques Juives\" \/>\n<meta property=\"og:description\" content=\"Publicaci\u00f3n de una nueva partitura de Serge Kaufmann en las ediciones del IEMJ\" \/>\n<meta property=\"og:url\" content=\"https:\/\/www.iemj.org\/es\/une-nouvelle-partition-de-serge-kaufmann-katouna-pour-clarinette-et-violoncelle\/\" \/>\n<meta property=\"og:site_name\" content=\"Institut Europ\u00e9en des Musiques Juives\" \/>\n<meta property=\"article:publisher\" content=\"https:\/\/www.facebook.com\/MusiquesJuives\/\" \/>\n<meta property=\"article:published_time\" content=\"2020-11-10T16:51:16+00:00\" \/>\n<meta property=\"article:modified_time\" content=\"2021-07-08T12:57:16+00:00\" \/>\n<meta property=\"og:image\" content=\"https:\/\/www.iemj.org\/wp-content\/uploads\/2020\/11\/arton4895.jpg\" \/>\n\t<meta property=\"og:image:width\" content=\"336\" \/>\n\t<meta property=\"og:image:height\" content=\"382\" \/>\n\t<meta property=\"og:image:type\" content=\"image\/jpeg\" \/>\n<meta name=\"author\" content=\"Jacqueline ROTEN\" \/>\n<meta name=\"twitter:card\" content=\"summary_large_image\" \/>\n<meta name=\"twitter:label1\" content=\"Escrito por\" \/>\n\t<meta name=\"twitter:data1\" content=\"Jacqueline ROTEN\" \/>\n\t<meta name=\"twitter:label2\" content=\"Tiempo de lectura\" \/>\n\t<meta name=\"twitter:data2\" content=\"3 minutos\" \/>\n<script type=\"application\/ld+json\" class=\"yoast-schema-graph\">{\"@context\":\"https:\\\/\\\/schema.org\",\"@graph\":[{\"@type\":\"Article\",\"@id\":\"https:\\\/\\\/www.iemj.org\\\/es\\\/une-nouvelle-partition-de-serge-kaufmann-katouna-pour-clarinette-et-violoncelle\\\/#article\",\"isPartOf\":{\"@id\":\"https:\\\/\\\/www.iemj.org\\\/es\\\/une-nouvelle-partition-de-serge-kaufmann-katouna-pour-clarinette-et-violoncelle\\\/\"},\"author\":{\"name\":\"Jacqueline ROTEN\",\"@id\":\"https:\\\/\\\/www.iemj.org\\\/es\\\/#\\\/schema\\\/person\\\/358e26c18aca017fcc4cc15437f7279c\"},\"headline\":\"Katouna, para clarinete y violoncelo\",\"datePublished\":\"2020-11-10T16:51:16+00:00\",\"dateModified\":\"2021-07-08T12:57:16+00:00\",\"mainEntityOfPage\":{\"@id\":\"https:\\\/\\\/www.iemj.org\\\/es\\\/une-nouvelle-partition-de-serge-kaufmann-katouna-pour-clarinette-et-violoncelle\\\/\"},\"wordCount\":485,\"publisher\":{\"@id\":\"https:\\\/\\\/www.iemj.org\\\/es\\\/#organization\"},\"image\":{\"@id\":\"https:\\\/\\\/www.iemj.org\\\/es\\\/une-nouvelle-partition-de-serge-kaufmann-katouna-pour-clarinette-et-violoncelle\\\/#primaryimage\"},\"thumbnailUrl\":\"https:\\\/\\\/www.iemj.org\\\/wp-content\\\/uploads\\\/2020\\\/11\\\/arton4895.jpg\",\"articleSection\":[\"Partituras IEMJ\",\"Publicaciones\"],\"inLanguage\":\"es\"},{\"@type\":\"WebPage\",\"@id\":\"https:\\\/\\\/www.iemj.org\\\/es\\\/une-nouvelle-partition-de-serge-kaufmann-katouna-pour-clarinette-et-violoncelle\\\/\",\"url\":\"https:\\\/\\\/www.iemj.org\\\/es\\\/une-nouvelle-partition-de-serge-kaufmann-katouna-pour-clarinette-et-violoncelle\\\/\",\"name\":\"Katouna, para clarinete y violoncelo - Institut Europ\u00e9en des Musiques Juives\",\"isPartOf\":{\"@id\":\"https:\\\/\\\/www.iemj.org\\\/es\\\/#website\"},\"primaryImageOfPage\":{\"@id\":\"https:\\\/\\\/www.iemj.org\\\/es\\\/une-nouvelle-partition-de-serge-kaufmann-katouna-pour-clarinette-et-violoncelle\\\/#primaryimage\"},\"image\":{\"@id\":\"https:\\\/\\\/www.iemj.org\\\/es\\\/une-nouvelle-partition-de-serge-kaufmann-katouna-pour-clarinette-et-violoncelle\\\/#primaryimage\"},\"thumbnailUrl\":\"https:\\\/\\\/www.iemj.org\\\/wp-content\\\/uploads\\\/2020\\\/11\\\/arton4895.jpg\",\"datePublished\":\"2020-11-10T16:51:16+00:00\",\"dateModified\":\"2021-07-08T12:57:16+00:00\",\"breadcrumb\":{\"@id\":\"https:\\\/\\\/www.iemj.org\\\/es\\\/une-nouvelle-partition-de-serge-kaufmann-katouna-pour-clarinette-et-violoncelle\\\/#breadcrumb\"},\"inLanguage\":\"es\",\"potentialAction\":[{\"@type\":\"ReadAction\",\"target\":[\"https:\\\/\\\/www.iemj.org\\\/es\\\/une-nouvelle-partition-de-serge-kaufmann-katouna-pour-clarinette-et-violoncelle\\\/\"]}]},{\"@type\":\"ImageObject\",\"inLanguage\":\"es\",\"@id\":\"https:\\\/\\\/www.iemj.org\\\/es\\\/une-nouvelle-partition-de-serge-kaufmann-katouna-pour-clarinette-et-violoncelle\\\/#primaryimage\",\"url\":\"https:\\\/\\\/www.iemj.org\\\/wp-content\\\/uploads\\\/2020\\\/11\\\/arton4895.jpg\",\"contentUrl\":\"https:\\\/\\\/www.iemj.org\\\/wp-content\\\/uploads\\\/2020\\\/11\\\/arton4895.jpg\",\"width\":336,\"height\":382},{\"@type\":\"BreadcrumbList\",\"@id\":\"https:\\\/\\\/www.iemj.org\\\/es\\\/une-nouvelle-partition-de-serge-kaufmann-katouna-pour-clarinette-et-violoncelle\\\/#breadcrumb\",\"itemListElement\":[{\"@type\":\"ListItem\",\"position\":1,\"name\":\"Accueil\",\"item\":\"https:\\\/\\\/www.iemj.org\\\/es\\\/\"},{\"@type\":\"ListItem\",\"position\":2,\"name\":\"Katouna, para clarinete y violoncelo\"}]},{\"@type\":\"WebSite\",\"@id\":\"https:\\\/\\\/www.iemj.org\\\/es\\\/#website\",\"url\":\"https:\\\/\\\/www.iemj.org\\\/es\\\/\",\"name\":\"Institut Europ\u00e9en des Musiques Juives\",\"description\":\"Des traditions musicales \u00e0 la port\u00e9e de tous\",\"publisher\":{\"@id\":\"https:\\\/\\\/www.iemj.org\\\/es\\\/#organization\"},\"potentialAction\":[{\"@type\":\"SearchAction\",\"target\":{\"@type\":\"EntryPoint\",\"urlTemplate\":\"https:\\\/\\\/www.iemj.org\\\/es\\\/?s={search_term_string}\"},\"query-input\":{\"@type\":\"PropertyValueSpecification\",\"valueRequired\":true,\"valueName\":\"search_term_string\"}}],\"inLanguage\":\"es\"},{\"@type\":\"Organization\",\"@id\":\"https:\\\/\\\/www.iemj.org\\\/es\\\/#organization\",\"name\":\"Institut Europ\u00e9en des Musiques Juives\",\"url\":\"https:\\\/\\\/www.iemj.org\\\/es\\\/\",\"logo\":{\"@type\":\"ImageObject\",\"inLanguage\":\"es\",\"@id\":\"https:\\\/\\\/www.iemj.org\\\/es\\\/#\\\/schema\\\/logo\\\/image\\\/\",\"url\":\"https:\\\/\\\/www.iemj.org\\\/wp-content\\\/uploads\\\/2021\\\/09\\\/Logo-IEMJ-Paypal.jpg\",\"contentUrl\":\"https:\\\/\\\/www.iemj.org\\\/wp-content\\\/uploads\\\/2021\\\/09\\\/Logo-IEMJ-Paypal.jpg\",\"width\":150,\"height\":50,\"caption\":\"Institut Europ\u00e9en des Musiques Juives\"},\"image\":{\"@id\":\"https:\\\/\\\/www.iemj.org\\\/es\\\/#\\\/schema\\\/logo\\\/image\\\/\"},\"sameAs\":[\"https:\\\/\\\/www.facebook.com\\\/MusiquesJuives\\\/\",\"https:\\\/\\\/www.instagram.com\\\/musiquesjuives\\\/\",\"https:\\\/\\\/www.youtube.com\\\/user\\\/musiquesjuives\"]},{\"@type\":\"Person\",\"@id\":\"https:\\\/\\\/www.iemj.org\\\/es\\\/#\\\/schema\\\/person\\\/358e26c18aca017fcc4cc15437f7279c\",\"name\":\"Jacqueline ROTEN\",\"image\":{\"@type\":\"ImageObject\",\"inLanguage\":\"es\",\"@id\":\"https:\\\/\\\/secure.gravatar.com\\\/avatar\\\/5964256d6c6957de3a3505278957e0fb2a35119ac47ea41827a65301213c810b?s=96&d=mm&r=g\",\"url\":\"https:\\\/\\\/secure.gravatar.com\\\/avatar\\\/5964256d6c6957de3a3505278957e0fb2a35119ac47ea41827a65301213c810b?s=96&d=mm&r=g\",\"contentUrl\":\"https:\\\/\\\/secure.gravatar.com\\\/avatar\\\/5964256d6c6957de3a3505278957e0fb2a35119ac47ea41827a65301213c810b?s=96&d=mm&r=g\",\"caption\":\"Jacqueline ROTEN\"}}]}<\/script>\n<!-- \/ Yoast SEO plugin. -->","yoast_head_json":{"title":"Katouna, para clarinete y violoncelo - Institut Europ\u00e9en des Musiques Juives","robots":{"index":"index","follow":"follow","max-snippet":"max-snippet:-1","max-image-preview":"max-image-preview:large","max-video-preview":"max-video-preview:-1"},"canonical":"https:\/\/www.iemj.org\/es\/une-nouvelle-partition-de-serge-kaufmann-katouna-pour-clarinette-et-violoncelle\/","og_locale":"es_ES","og_type":"article","og_title":"Katouna, para clarinete y violoncelo - Institut Europ\u00e9en des Musiques Juives","og_description":"Publicaci\u00f3n de una nueva partitura de Serge Kaufmann en las ediciones del IEMJ","og_url":"https:\/\/www.iemj.org\/es\/une-nouvelle-partition-de-serge-kaufmann-katouna-pour-clarinette-et-violoncelle\/","og_site_name":"Institut Europ\u00e9en des Musiques Juives","article_publisher":"https:\/\/www.facebook.com\/MusiquesJuives\/","article_published_time":"2020-11-10T16:51:16+00:00","article_modified_time":"2021-07-08T12:57:16+00:00","og_image":[{"width":336,"height":382,"url":"https:\/\/www.iemj.org\/wp-content\/uploads\/2020\/11\/arton4895.jpg","type":"image\/jpeg"}],"author":"Jacqueline ROTEN","twitter_card":"summary_large_image","twitter_misc":{"Escrito por":"Jacqueline ROTEN","Tiempo de lectura":"3 minutos"},"schema":{"@context":"https:\/\/schema.org","@graph":[{"@type":"Article","@id":"https:\/\/www.iemj.org\/es\/une-nouvelle-partition-de-serge-kaufmann-katouna-pour-clarinette-et-violoncelle\/#article","isPartOf":{"@id":"https:\/\/www.iemj.org\/es\/une-nouvelle-partition-de-serge-kaufmann-katouna-pour-clarinette-et-violoncelle\/"},"author":{"name":"Jacqueline ROTEN","@id":"https:\/\/www.iemj.org\/es\/#\/schema\/person\/358e26c18aca017fcc4cc15437f7279c"},"headline":"Katouna, para clarinete y violoncelo","datePublished":"2020-11-10T16:51:16+00:00","dateModified":"2021-07-08T12:57:16+00:00","mainEntityOfPage":{"@id":"https:\/\/www.iemj.org\/es\/une-nouvelle-partition-de-serge-kaufmann-katouna-pour-clarinette-et-violoncelle\/"},"wordCount":485,"publisher":{"@id":"https:\/\/www.iemj.org\/es\/#organization"},"image":{"@id":"https:\/\/www.iemj.org\/es\/une-nouvelle-partition-de-serge-kaufmann-katouna-pour-clarinette-et-violoncelle\/#primaryimage"},"thumbnailUrl":"https:\/\/www.iemj.org\/wp-content\/uploads\/2020\/11\/arton4895.jpg","articleSection":["Partituras IEMJ","Publicaciones"],"inLanguage":"es"},{"@type":"WebPage","@id":"https:\/\/www.iemj.org\/es\/une-nouvelle-partition-de-serge-kaufmann-katouna-pour-clarinette-et-violoncelle\/","url":"https:\/\/www.iemj.org\/es\/une-nouvelle-partition-de-serge-kaufmann-katouna-pour-clarinette-et-violoncelle\/","name":"Katouna, para clarinete y violoncelo - Institut Europ\u00e9en des Musiques Juives","isPartOf":{"@id":"https:\/\/www.iemj.org\/es\/#website"},"primaryImageOfPage":{"@id":"https:\/\/www.iemj.org\/es\/une-nouvelle-partition-de-serge-kaufmann-katouna-pour-clarinette-et-violoncelle\/#primaryimage"},"image":{"@id":"https:\/\/www.iemj.org\/es\/une-nouvelle-partition-de-serge-kaufmann-katouna-pour-clarinette-et-violoncelle\/#primaryimage"},"thumbnailUrl":"https:\/\/www.iemj.org\/wp-content\/uploads\/2020\/11\/arton4895.jpg","datePublished":"2020-11-10T16:51:16+00:00","dateModified":"2021-07-08T12:57:16+00:00","breadcrumb":{"@id":"https:\/\/www.iemj.org\/es\/une-nouvelle-partition-de-serge-kaufmann-katouna-pour-clarinette-et-violoncelle\/#breadcrumb"},"inLanguage":"es","potentialAction":[{"@type":"ReadAction","target":["https:\/\/www.iemj.org\/es\/une-nouvelle-partition-de-serge-kaufmann-katouna-pour-clarinette-et-violoncelle\/"]}]},{"@type":"ImageObject","inLanguage":"es","@id":"https:\/\/www.iemj.org\/es\/une-nouvelle-partition-de-serge-kaufmann-katouna-pour-clarinette-et-violoncelle\/#primaryimage","url":"https:\/\/www.iemj.org\/wp-content\/uploads\/2020\/11\/arton4895.jpg","contentUrl":"https:\/\/www.iemj.org\/wp-content\/uploads\/2020\/11\/arton4895.jpg","width":336,"height":382},{"@type":"BreadcrumbList","@id":"https:\/\/www.iemj.org\/es\/une-nouvelle-partition-de-serge-kaufmann-katouna-pour-clarinette-et-violoncelle\/#breadcrumb","itemListElement":[{"@type":"ListItem","position":1,"name":"Accueil","item":"https:\/\/www.iemj.org\/es\/"},{"@type":"ListItem","position":2,"name":"Katouna, para clarinete y violoncelo"}]},{"@type":"WebSite","@id":"https:\/\/www.iemj.org\/es\/#website","url":"https:\/\/www.iemj.org\/es\/","name":"Institut Europ\u00e9en des Musiques Juives","description":"Des traditions musicales \u00e0 la port\u00e9e de tous","publisher":{"@id":"https:\/\/www.iemj.org\/es\/#organization"},"potentialAction":[{"@type":"SearchAction","target":{"@type":"EntryPoint","urlTemplate":"https:\/\/www.iemj.org\/es\/?s={search_term_string}"},"query-input":{"@type":"PropertyValueSpecification","valueRequired":true,"valueName":"search_term_string"}}],"inLanguage":"es"},{"@type":"Organization","@id":"https:\/\/www.iemj.org\/es\/#organization","name":"Institut Europ\u00e9en des Musiques Juives","url":"https:\/\/www.iemj.org\/es\/","logo":{"@type":"ImageObject","inLanguage":"es","@id":"https:\/\/www.iemj.org\/es\/#\/schema\/logo\/image\/","url":"https:\/\/www.iemj.org\/wp-content\/uploads\/2021\/09\/Logo-IEMJ-Paypal.jpg","contentUrl":"https:\/\/www.iemj.org\/wp-content\/uploads\/2021\/09\/Logo-IEMJ-Paypal.jpg","width":150,"height":50,"caption":"Institut Europ\u00e9en des Musiques Juives"},"image":{"@id":"https:\/\/www.iemj.org\/es\/#\/schema\/logo\/image\/"},"sameAs":["https:\/\/www.facebook.com\/MusiquesJuives\/","https:\/\/www.instagram.com\/musiquesjuives\/","https:\/\/www.youtube.com\/user\/musiquesjuives"]},{"@type":"Person","@id":"https:\/\/www.iemj.org\/es\/#\/schema\/person\/358e26c18aca017fcc4cc15437f7279c","name":"Jacqueline ROTEN","image":{"@type":"ImageObject","inLanguage":"es","@id":"https:\/\/secure.gravatar.com\/avatar\/5964256d6c6957de3a3505278957e0fb2a35119ac47ea41827a65301213c810b?s=96&d=mm&r=g","url":"https:\/\/secure.gravatar.com\/avatar\/5964256d6c6957de3a3505278957e0fb2a35119ac47ea41827a65301213c810b?s=96&d=mm&r=g","contentUrl":"https:\/\/secure.gravatar.com\/avatar\/5964256d6c6957de3a3505278957e0fb2a35119ac47ea41827a65301213c810b?s=96&d=mm&r=g","caption":"Jacqueline ROTEN"}}]}},"_links":{"self":[{"href":"https:\/\/www.iemj.org\/es\/wp-json\/wp\/v2\/posts\/53972","targetHints":{"allow":["GET"]}}],"collection":[{"href":"https:\/\/www.iemj.org\/es\/wp-json\/wp\/v2\/posts"}],"about":[{"href":"https:\/\/www.iemj.org\/es\/wp-json\/wp\/v2\/types\/post"}],"author":[{"embeddable":true,"href":"https:\/\/www.iemj.org\/es\/wp-json\/wp\/v2\/users\/5"}],"replies":[{"embeddable":true,"href":"https:\/\/www.iemj.org\/es\/wp-json\/wp\/v2\/comments?post=53972"}],"version-history":[{"count":0,"href":"https:\/\/www.iemj.org\/es\/wp-json\/wp\/v2\/posts\/53972\/revisions"}],"wp:featuredmedia":[{"embeddable":true,"href":"https:\/\/www.iemj.org\/es\/wp-json\/wp\/v2\/media\/53973"}],"wp:attachment":[{"href":"https:\/\/www.iemj.org\/es\/wp-json\/wp\/v2\/media?parent=53972"}],"wp:term":[{"taxonomy":"category","embeddable":true,"href":"https:\/\/www.iemj.org\/es\/wp-json\/wp\/v2\/categories?post=53972"},{"taxonomy":"post_tag","embeddable":true,"href":"https:\/\/www.iemj.org\/es\/wp-json\/wp\/v2\/tags?post=53972"},{"taxonomy":"technique","embeddable":true,"href":"https:\/\/www.iemj.org\/es\/wp-json\/wp\/v2\/technique?post=53972"},{"taxonomy":"squelettes","embeddable":true,"href":"https:\/\/www.iemj.org\/es\/wp-json\/wp\/v2\/squelettes?post=53972"},{"taxonomy":"sujet","embeddable":true,"href":"https:\/\/www.iemj.org\/es\/wp-json\/wp\/v2\/sujet?post=53972"},{"taxonomy":"formation","embeddable":true,"href":"https:\/\/www.iemj.org\/es\/wp-json\/wp\/v2\/formation?post=53972"},{"taxonomy":"genre","embeddable":true,"href":"https:\/\/www.iemj.org\/es\/wp-json\/wp\/v2\/genre?post=53972"},{"taxonomy":"fonds","embeddable":true,"href":"https:\/\/www.iemj.org\/es\/wp-json\/wp\/v2\/fonds?post=53972"},{"taxonomy":"tradition","embeddable":true,"href":"https:\/\/www.iemj.org\/es\/wp-json\/wp\/v2\/tradition?post=53972"},{"taxonomy":"type-de-contenu","embeddable":true,"href":"https:\/\/www.iemj.org\/es\/wp-json\/wp\/v2\/type-de-contenu?post=53972"},{"taxonomy":"interprete-compositeur","embeddable":true,"href":"https:\/\/www.iemj.org\/es\/wp-json\/wp\/v2\/interprete-compositeur?post=53972"},{"taxonomy":"frise","embeddable":true,"href":"https:\/\/www.iemj.org\/es\/wp-json\/wp\/v2\/frise?post=53972"},{"taxonomy":"type-devenement","embeddable":true,"href":"https:\/\/www.iemj.org\/es\/wp-json\/wp\/v2\/type-devenement?post=53972"},{"taxonomy":"tableaux-liens-externes","embeddable":true,"href":"https:\/\/www.iemj.org\/es\/wp-json\/wp\/v2\/tableaux-liens-externes?post=53972"}],"curies":[{"name":"wp","href":"https:\/\/api.w.org\/{rel}","templated":true}]}}