{"id":54097,"date":"2015-10-21T10:25:00","date_gmt":"2015-10-21T08:25:00","guid":{"rendered":"https:\/\/www.iemj.org\/publications-de-vingt-partitions-inedites-de-serge-kaufmann-aux-editions-de-liemj\/"},"modified":"2025-08-27T12:48:45","modified_gmt":"2025-08-27T10:48:45","slug":"publications-de-vingt-partitions-inedites-de-serge-kaufmann-aux-editions-de-liemj","status":"publish","type":"post","link":"https:\/\/www.iemj.org\/es\/publications-de-vingt-partitions-inedites-de-serge-kaufmann-aux-editions-de-liemj\/","title":{"rendered":"Kol Nidr\u00e9, Neshama, Kinah, Tfila, Petite suite klezmer&#8230;"},"content":{"rendered":"<h3>Publicaci\u00f3n de veinte partituras in\u00e9ditas de Serge Kaufmann en ediciones del IEMJ<\/h3>\n<p><!--more--><\/p>\n<p>Compositor, pero tambi\u00e9n hombre de la radio y de la televisi\u00f3n, periodista, productor y director, <a href=\"https:\/\/www.iemj.org\/es\/kaufmann-serge-1930\/\" target=\"_blank\" rel=\"noopener\">Serge Kaufmann<\/a> ha estado enriqueciendo desde casi 25 a\u00f1os el \u00e1mbito de la m\u00fasica jud\u00eda componiendo obras con nombres evocadores: <em>Suite Yiddish<\/em><em> (Continuaci\u00f3n Yiddish), Petite suite klezmer (Peque\u00f1a continuaci\u00f3n klezmer), Le Maharam de Rothenbourg (El Maharam de Rothenbourg), Neshama (Neshama), <\/em><em>Kol nidr\u00e9 (Kol nidr\u00e9), Yesod (Yesod)<\/em>\u2026<\/p>\n<p>Veinte de estas obras escritas para voz solista o choro, instrumentos solistas o peque\u00f1o grupo, est\u00e1n disponibles ahora en partituras papeles o digitales en la <a href=\"https:\/\/www.iemj.org\/en\/product\/serge-kaufmann-ima-ou-la-mere-depossedee\/\" target=\"_blank\" rel=\"noopener\">tienda del IEMJ<\/a>.<\/p>\n<p><!--more--><\/p>\n<ul>\n<li><a href=\"http:\/\/boutique.iemj.org\/fr\/partitions\/113-serge-kaufman-kol-nidre-pour-choeur-quintette-a-cordes-piano-et-clarinette.html\">Kol Nidr\u00e9 pour ch\u0153ur, quintette \u00e0 cordes, piano et clarinette<img fetchpriority=\"high\" decoding=\"async\" class=\"wp-image-8079 size-full alignright\" src=\"https:\/\/www.iemj.org\/wp-content\/uploads\/2015\/10\/serge-kaufman-yesod-trois-mouvements-pour-quatuor-a-cordes-e1619088316967.jpg\" alt=\"serge-kaufman-yesod-trois-mouvements-pour-quatuor-a-cordes.jpg\" width=\"204\" height=\"290\" align=\"right\" \/><\/a><\/li>\n<li><a href=\"http:\/\/boutique.iemj.org\/fr\/partitions\/114-serge-kaufman-souvenir-imaginaire-chanson-pour-choeur-mixte-et-violoncelle.html\">Souvenir imaginaire, Chanson pour ch\u0153ur mixte et violoncelle<\/a><\/li>\n<li><a href=\"http:\/\/boutique.iemj.org\/fr\/partitions\/115-serge-kaufman-absent-poeme-lyrique-pour-soprano-violon-et-piano.html\">L&#8217;Absent, Po\u00e8me lyrique pour soprano, violon et piano<\/a><\/li>\n<li><a href=\"http:\/\/boutique.iemj.org\/fr\/partitions\/116-serge-kaufman-flaneries-pour-violon-et-accordeon.html\">Fl\u00e2neries pour violon et accord\u00e9on<\/a><\/li>\n<li><a href=\"http:\/\/boutique.iemj.org\/fr\/partitions\/117-serge-kaufman-kinah-elegie-pour-alto-et-piano.html\">Kinah, El\u00e9gie pour alto et piano<\/a><\/li>\n<li><a href=\"http:\/\/boutique.iemj.org\/fr\/partitions\/118-serge-kaufman-la-memoire-ensevelie-musique-pour-piano.html\">La m\u00e9moire ensevelie, Musique pour piano<\/a><\/li>\n<li><a href=\"http:\/\/boutique.iemj.org\/fr\/partitions\/119-serge-kaufman-neguima-rhapsodie-pour-violon-et-piano.html\">Neguima, Rhapsodie pour violon et piano<\/a><\/li>\n<li><a href=\"http:\/\/boutique.iemj.org\/fr\/partitions\/120-serge-kaufman-neshama-song-for-cello-solo.html\">Neshama, Chant pour Violoncelle seul<\/a><\/li>\n<li><a href=\"http:\/\/boutique.iemj.org\/fr\/partitions\/121-serge-kaufman-netsah-chant-pour-violon-seul.html\">Netsah, Chant pour violon seul<\/a><\/li>\n<li><a href=\"http:\/\/boutique.iemj.org\/fr\/partitions\/122-serge-kaufman-quatrocelli-ballade-pour-quatre-violoncelles.html\">Quatrocelli, Ballade pour 4 violoncelles<\/a><\/li>\n<li><a href=\"http:\/\/boutique.iemj.org\/fr\/partitions\/123-serge-kaufman-souviens-toi-chanson-pour-violon-et-piano.html\">Souviens-toi, Chanson pour violon et piano<\/a><\/li>\n<li><a href=\"http:\/\/boutique.iemj.org\/fr\/partitions\/124-serge-kaufman-tfila-pour-saxophone-alto-et-piano.html\">Tfila pour saxophone alto et piano<\/a><\/li>\n<li><a href=\"http:\/\/boutique.iemj.org\/fr\/partitions\/125-serge-kaufman-vivante-a-jamais-duo-dramatique-pour-soprano-tenor-avec-piano.html\">Vivante \u00e0 Jamais, Duo dramatique pour soprano et t\u00e9nor avec piano<\/a><a href=\"http:\/\/boutique.iemj.org\/fr\/partitions\/113-serge-kaufman-kol-nidre-pour-choeur-quintette-a-cordes-piano-et-clarinette.html\"><img decoding=\"async\" class=\"wp-image-8077 size-full alignright\" src=\"https:\/\/www.iemj.org\/wp-content\/uploads\/2015\/10\/serge-kaufman-petite-suite-klezmer-pour-clarinette-et-piano-e1619087895297.jpg\" alt=\"serge-kaufman-petite-suite-klezmer-pour-clarinette-et-piano.jpg\" width=\"203\" height=\"290\" align=\"right\" \/><\/a><\/li>\n<li><a href=\"http:\/\/boutique.iemj.org\/fr\/partitions\/126-serge-kaufman-yesod-trois-mouvements-pour-quatuor-a-cordes.html\">Yesod, Trois mouvements pour quatuor \u00e0 cordes<\/a><\/li>\n<li><a href=\"http:\/\/boutique.iemj.org\/fr\/partitions\/127-serge-kaufman-zimra-chant-pour-violoncelle-seul.html\">Zimra, Chant pour violoncelle seul<\/a><\/li>\n<li><a href=\"http:\/\/boutique.iemj.org\/fr\/partitions\/128-serge-kaufman-romantika-pour-clarinette-et-piano.html\">Romantika pour clarinette et piano<\/a><\/li>\n<li><a href=\"http:\/\/boutique.iemj.org\/fr\/partitions\/129-serge-kaufman-quatre-duos-pour-deux-altos.html\">Quatre duos pour deux altos<\/a><\/li>\n<li><a href=\"http:\/\/boutique.iemj.org\/fr\/partitions\/130-serge-kaufman-trois-improvisations-pour-violon-solo.html\">Trois improvisations pour violon seul<\/a><\/li>\n<li><a href=\"http:\/\/boutique.iemj.org\/fr\/partitions\/131-serge-kaufman-petite-suite-klezmer-pour-clarinette-et-piano.html\">Petite suite klezmer pour clarinette et piano<\/a>\u00a0<\/li>\n<li><a href=\"http:\/\/boutique.iemj.org\/fr\/partitions\/132-serge-kaufman-balade-klezmer-pour-violon-clarinette-et-cymbalum.html\">Balade klezmer pour violon, clarinette et cymbalum<\/a><\/li>\n<\/ul>\n<p><a href=\"https:\/\/www.iemj.org\/es\/kaufmann-serge-1930\/\" target=\"_blank\" rel=\"noopener\">M\u00e1s informaci\u00f3n sobre Serge Kaufmann<\/a><\/p>\n<p><strong><a href=\"https:\/\/www.iemj.org\/en\/product\/serge-kaufmann-ima-ou-la-mere-depossedee\/\" target=\"_blank\" rel=\"noopener\">Pedir el CD Ima ou la m\u00e8re d\u00e9poss\u00e9d\u00e9e de Serge Kaufmann<\/a><\/strong><\/p>\n<p>\u00a0<\/p>\n\n\n<figure class=\"wp-block-embed is-type-video is-provider-youtube wp-block-embed-youtube wp-embed-aspect-16-9 wp-has-aspect-ratio\"><div class=\"wp-block-embed__wrapper\">\n<iframe title=\"Martine Bailly, Philippe Cuper, Yun-Yang Lee, Florin Szigeti, Ralph Szigeti\" width=\"640\" height=\"360\" src=\"https:\/\/www.youtube.com\/embed\/FDJvFUVdJ3E?start=1826&#038;feature=oembed\" frameborder=\"0\" allow=\"accelerometer; autoplay; clipboard-write; encrypted-media; gyroscope; picture-in-picture; web-share\" referrerpolicy=\"strict-origin-when-cross-origin\" allowfullscreen><\/iframe>\n<\/div><figcaption class=\"wp-element-caption\"><strong>Petite suite klezmer para clarinete y piano de Serge Kaufmann (estreno mundial) interpretada por Philippe Cuper (clarinete) y Yun-Yang Lee (piano) en el concierto de gala del IEMJ el 8 de noviembre de 2015.<\/strong><\/figcaption><\/figure>\n\n\n\n<h2 class=\"wp-block-heading\"><\/h2>\n\n\n<div class=\"wp-block-image\">\n<figure class=\"aligncenter size-large\"><img decoding=\"async\" width=\"1024\" height=\"133\" src=\"https:\/\/www.iemj.org\/wp-content\/uploads\/2024\/03\/AUDIO-PLAYER-1024x133.png\" alt=\"\" class=\"wp-image-110610\" srcset=\"https:\/\/www.iemj.org\/wp-content\/uploads\/2024\/03\/AUDIO-PLAYER-1024x133.png 1024w, https:\/\/www.iemj.org\/wp-content\/uploads\/2024\/03\/AUDIO-PLAYER-300x39.png 300w, https:\/\/www.iemj.org\/wp-content\/uploads\/2024\/03\/AUDIO-PLAYER-768x100.png 768w, https:\/\/www.iemj.org\/wp-content\/uploads\/2024\/03\/AUDIO-PLAYER-600x78.png 600w, https:\/\/www.iemj.org\/wp-content\/uploads\/2024\/03\/AUDIO-PLAYER.png 1210w\" sizes=\"(max-width: 1024px) 100vw, 1024px\" \/><\/figure>\n<\/div>\n\n\n<div class=\"wp-block-file\"><a href=\"https:\/\/www.iemj.org\/wp-content\/uploads\/2015\/10\/neshama_extrait_siteiemj.mp3\">Neshama par Serge Kaufmann (extrait)<\/a><\/div>\n\n\n\n<div class=\"wp-block-file\"><a href=\"https:\/\/www.iemj.org\/wp-content\/uploads\/2015\/10\/kol_nidre_extrait_siteiemj.mp3\">Kol nidr\u00e9 par Serge Kaufmann (extrait)<\/a><\/div>\n\n\n\n<div class=\"wp-block-file\"><a href=\"https:\/\/www.iemj.org\/wp-content\/uploads\/2015\/10\/balade_klezmer_extrait_siteiemj.mp3\">Balade klezmer par Serge Kaufmann (extrait)<\/a><\/div>\n","protected":false},"excerpt":{"rendered":"<p>Publicaci\u00f3n de veinte partituras in\u00e9ditas de Serge Kaufmann en ediciones del IEMJ<\/p>\n","protected":false},"author":1045,"featured_media":54098,"comment_status":"closed","ping_status":"open","sticky":false,"template":"","format":"standard","meta":{"_acf_changed":false,"footnotes":""},"categories":[1398,1391],"tags":[],"technique":[],"squelettes":[],"sujet":[],"formation":[],"genre":[1899],"fonds":[],"tradition":[],"type-de-contenu":[],"interprete-compositeur":[3292],"frise":[],"type-devenement":[],"tableaux-liens-externes":[],"class_list":["post-54097","post","type-post","status-publish","format-standard","has-post-thumbnail","hentry","category-partituras-iemj-es","category-publicaciones-es","genre-musica-clasica-es","interprete-compositeur-serge-kaufmann-es"],"acf":[],"yoast_head":"<!-- This site is optimized with the Yoast SEO plugin v27.3 - https:\/\/yoast.com\/product\/yoast-seo-wordpress\/ -->\n<title>Kol Nidr\u00e9, Neshama, Kinah, Tfila, Petite suite klezmer... - Institut Europ\u00e9en des Musiques Juives<\/title>\n<meta name=\"robots\" content=\"index, follow, max-snippet:-1, max-image-preview:large, max-video-preview:-1\" \/>\n<link rel=\"canonical\" href=\"https:\/\/www.iemj.org\/es\/publications-de-vingt-partitions-inedites-de-serge-kaufmann-aux-editions-de-liemj\/\" \/>\n<meta property=\"og:locale\" content=\"es_ES\" \/>\n<meta property=\"og:type\" content=\"article\" \/>\n<meta property=\"og:title\" content=\"Kol Nidr\u00e9, Neshama, Kinah, Tfila, Petite suite klezmer... - Institut Europ\u00e9en des Musiques Juives\" \/>\n<meta property=\"og:description\" content=\"Publicaci\u00f3n de veinte partituras in\u00e9ditas de Serge Kaufmann en ediciones del IEMJ\" \/>\n<meta property=\"og:url\" content=\"https:\/\/www.iemj.org\/es\/publications-de-vingt-partitions-inedites-de-serge-kaufmann-aux-editions-de-liemj\/\" \/>\n<meta property=\"og:site_name\" content=\"Institut Europ\u00e9en des Musiques Juives\" \/>\n<meta property=\"article:publisher\" content=\"https:\/\/www.facebook.com\/MusiquesJuives\/\" \/>\n<meta property=\"article:published_time\" content=\"2015-10-21T08:25:00+00:00\" \/>\n<meta property=\"article:modified_time\" content=\"2025-08-27T10:48:45+00:00\" \/>\n<meta property=\"og:image\" content=\"https:\/\/www.iemj.org\/wp-content\/uploads\/2015\/10\/arton1165-e1625750839563.jpg\" \/>\n\t<meta property=\"og:image:width\" content=\"350\" \/>\n\t<meta property=\"og:image:height\" content=\"495\" \/>\n\t<meta property=\"og:image:type\" content=\"image\/jpeg\" \/>\n<meta name=\"author\" content=\"Herv\u00e9 Roten\" \/>\n<meta name=\"twitter:card\" content=\"summary_large_image\" \/>\n<meta name=\"twitter:label1\" content=\"Escrito por\" \/>\n\t<meta name=\"twitter:data1\" content=\"Herv\u00e9 Roten\" \/>\n\t<meta name=\"twitter:label2\" content=\"Tiempo de lectura\" \/>\n\t<meta name=\"twitter:data2\" content=\"3 minutos\" \/>\n<script type=\"application\/ld+json\" class=\"yoast-schema-graph\">{\"@context\":\"https:\\\/\\\/schema.org\",\"@graph\":[{\"@type\":\"Article\",\"@id\":\"https:\\\/\\\/www.iemj.org\\\/es\\\/publications-de-vingt-partitions-inedites-de-serge-kaufmann-aux-editions-de-liemj\\\/#article\",\"isPartOf\":{\"@id\":\"https:\\\/\\\/www.iemj.org\\\/es\\\/publications-de-vingt-partitions-inedites-de-serge-kaufmann-aux-editions-de-liemj\\\/\"},\"author\":{\"name\":\"Herv\u00e9 Roten\",\"@id\":\"https:\\\/\\\/www.iemj.org\\\/es\\\/#\\\/schema\\\/person\\\/906134402c29d5c76e7b726261dd4bbd\"},\"headline\":\"Kol Nidr\u00e9, Neshama, Kinah, Tfila, Petite suite klezmer&#8230;\",\"datePublished\":\"2015-10-21T08:25:00+00:00\",\"dateModified\":\"2025-08-27T10:48:45+00:00\",\"mainEntityOfPage\":{\"@id\":\"https:\\\/\\\/www.iemj.org\\\/es\\\/publications-de-vingt-partitions-inedites-de-serge-kaufmann-aux-editions-de-liemj\\\/\"},\"wordCount\":330,\"publisher\":{\"@id\":\"https:\\\/\\\/www.iemj.org\\\/es\\\/#organization\"},\"image\":{\"@id\":\"https:\\\/\\\/www.iemj.org\\\/es\\\/publications-de-vingt-partitions-inedites-de-serge-kaufmann-aux-editions-de-liemj\\\/#primaryimage\"},\"thumbnailUrl\":\"https:\\\/\\\/www.iemj.org\\\/wp-content\\\/uploads\\\/2015\\\/10\\\/arton1165-e1625750839563.jpg\",\"articleSection\":[\"Partituras IEMJ\",\"Publicaciones\"],\"inLanguage\":\"es\"},{\"@type\":\"WebPage\",\"@id\":\"https:\\\/\\\/www.iemj.org\\\/es\\\/publications-de-vingt-partitions-inedites-de-serge-kaufmann-aux-editions-de-liemj\\\/\",\"url\":\"https:\\\/\\\/www.iemj.org\\\/es\\\/publications-de-vingt-partitions-inedites-de-serge-kaufmann-aux-editions-de-liemj\\\/\",\"name\":\"Kol Nidr\u00e9, Neshama, Kinah, Tfila, Petite suite klezmer... - Institut Europ\u00e9en des Musiques Juives\",\"isPartOf\":{\"@id\":\"https:\\\/\\\/www.iemj.org\\\/es\\\/#website\"},\"primaryImageOfPage\":{\"@id\":\"https:\\\/\\\/www.iemj.org\\\/es\\\/publications-de-vingt-partitions-inedites-de-serge-kaufmann-aux-editions-de-liemj\\\/#primaryimage\"},\"image\":{\"@id\":\"https:\\\/\\\/www.iemj.org\\\/es\\\/publications-de-vingt-partitions-inedites-de-serge-kaufmann-aux-editions-de-liemj\\\/#primaryimage\"},\"thumbnailUrl\":\"https:\\\/\\\/www.iemj.org\\\/wp-content\\\/uploads\\\/2015\\\/10\\\/arton1165-e1625750839563.jpg\",\"datePublished\":\"2015-10-21T08:25:00+00:00\",\"dateModified\":\"2025-08-27T10:48:45+00:00\",\"breadcrumb\":{\"@id\":\"https:\\\/\\\/www.iemj.org\\\/es\\\/publications-de-vingt-partitions-inedites-de-serge-kaufmann-aux-editions-de-liemj\\\/#breadcrumb\"},\"inLanguage\":\"es\",\"potentialAction\":[{\"@type\":\"ReadAction\",\"target\":[\"https:\\\/\\\/www.iemj.org\\\/es\\\/publications-de-vingt-partitions-inedites-de-serge-kaufmann-aux-editions-de-liemj\\\/\"]}]},{\"@type\":\"ImageObject\",\"inLanguage\":\"es\",\"@id\":\"https:\\\/\\\/www.iemj.org\\\/es\\\/publications-de-vingt-partitions-inedites-de-serge-kaufmann-aux-editions-de-liemj\\\/#primaryimage\",\"url\":\"https:\\\/\\\/www.iemj.org\\\/wp-content\\\/uploads\\\/2015\\\/10\\\/arton1165-e1625750839563.jpg\",\"contentUrl\":\"https:\\\/\\\/www.iemj.org\\\/wp-content\\\/uploads\\\/2015\\\/10\\\/arton1165-e1625750839563.jpg\",\"width\":350,\"height\":495},{\"@type\":\"BreadcrumbList\",\"@id\":\"https:\\\/\\\/www.iemj.org\\\/es\\\/publications-de-vingt-partitions-inedites-de-serge-kaufmann-aux-editions-de-liemj\\\/#breadcrumb\",\"itemListElement\":[{\"@type\":\"ListItem\",\"position\":1,\"name\":\"Accueil\",\"item\":\"https:\\\/\\\/www.iemj.org\\\/es\\\/\"},{\"@type\":\"ListItem\",\"position\":2,\"name\":\"Kol Nidr\u00e9, Neshama, Kinah, Tfila, Petite suite klezmer&#8230;\"}]},{\"@type\":\"WebSite\",\"@id\":\"https:\\\/\\\/www.iemj.org\\\/es\\\/#website\",\"url\":\"https:\\\/\\\/www.iemj.org\\\/es\\\/\",\"name\":\"Institut Europ\u00e9en des Musiques Juives\",\"description\":\"Des traditions musicales \u00e0 la port\u00e9e de tous\",\"publisher\":{\"@id\":\"https:\\\/\\\/www.iemj.org\\\/es\\\/#organization\"},\"potentialAction\":[{\"@type\":\"SearchAction\",\"target\":{\"@type\":\"EntryPoint\",\"urlTemplate\":\"https:\\\/\\\/www.iemj.org\\\/es\\\/?s={search_term_string}\"},\"query-input\":{\"@type\":\"PropertyValueSpecification\",\"valueRequired\":true,\"valueName\":\"search_term_string\"}}],\"inLanguage\":\"es\"},{\"@type\":\"Organization\",\"@id\":\"https:\\\/\\\/www.iemj.org\\\/es\\\/#organization\",\"name\":\"Institut Europ\u00e9en des Musiques Juives\",\"url\":\"https:\\\/\\\/www.iemj.org\\\/es\\\/\",\"logo\":{\"@type\":\"ImageObject\",\"inLanguage\":\"es\",\"@id\":\"https:\\\/\\\/www.iemj.org\\\/es\\\/#\\\/schema\\\/logo\\\/image\\\/\",\"url\":\"https:\\\/\\\/www.iemj.org\\\/wp-content\\\/uploads\\\/2021\\\/09\\\/Logo-IEMJ-Paypal.jpg\",\"contentUrl\":\"https:\\\/\\\/www.iemj.org\\\/wp-content\\\/uploads\\\/2021\\\/09\\\/Logo-IEMJ-Paypal.jpg\",\"width\":150,\"height\":50,\"caption\":\"Institut Europ\u00e9en des Musiques Juives\"},\"image\":{\"@id\":\"https:\\\/\\\/www.iemj.org\\\/es\\\/#\\\/schema\\\/logo\\\/image\\\/\"},\"sameAs\":[\"https:\\\/\\\/www.facebook.com\\\/MusiquesJuives\\\/\",\"https:\\\/\\\/www.instagram.com\\\/musiquesjuives\\\/\",\"https:\\\/\\\/www.youtube.com\\\/user\\\/musiquesjuives\"]},{\"@type\":\"Person\",\"@id\":\"https:\\\/\\\/www.iemj.org\\\/es\\\/#\\\/schema\\\/person\\\/906134402c29d5c76e7b726261dd4bbd\",\"name\":\"Herv\u00e9 Roten\",\"image\":{\"@type\":\"ImageObject\",\"inLanguage\":\"es\",\"@id\":\"https:\\\/\\\/secure.gravatar.com\\\/avatar\\\/f96ad2db538a26481f18384936b5cd0610c92d390c4dc382209216d455f685ff?s=96&d=mm&r=g\",\"url\":\"https:\\\/\\\/secure.gravatar.com\\\/avatar\\\/f96ad2db538a26481f18384936b5cd0610c92d390c4dc382209216d455f685ff?s=96&d=mm&r=g\",\"contentUrl\":\"https:\\\/\\\/secure.gravatar.com\\\/avatar\\\/f96ad2db538a26481f18384936b5cd0610c92d390c4dc382209216d455f685ff?s=96&d=mm&r=g\",\"caption\":\"Herv\u00e9 Roten\"}}]}<\/script>\n<!-- \/ Yoast SEO plugin. -->","yoast_head_json":{"title":"Kol Nidr\u00e9, Neshama, Kinah, Tfila, Petite suite klezmer... - Institut Europ\u00e9en des Musiques Juives","robots":{"index":"index","follow":"follow","max-snippet":"max-snippet:-1","max-image-preview":"max-image-preview:large","max-video-preview":"max-video-preview:-1"},"canonical":"https:\/\/www.iemj.org\/es\/publications-de-vingt-partitions-inedites-de-serge-kaufmann-aux-editions-de-liemj\/","og_locale":"es_ES","og_type":"article","og_title":"Kol Nidr\u00e9, Neshama, Kinah, Tfila, Petite suite klezmer... - Institut Europ\u00e9en des Musiques Juives","og_description":"Publicaci\u00f3n de veinte partituras in\u00e9ditas de Serge Kaufmann en ediciones del IEMJ","og_url":"https:\/\/www.iemj.org\/es\/publications-de-vingt-partitions-inedites-de-serge-kaufmann-aux-editions-de-liemj\/","og_site_name":"Institut Europ\u00e9en des Musiques Juives","article_publisher":"https:\/\/www.facebook.com\/MusiquesJuives\/","article_published_time":"2015-10-21T08:25:00+00:00","article_modified_time":"2025-08-27T10:48:45+00:00","og_image":[{"width":350,"height":495,"url":"https:\/\/www.iemj.org\/wp-content\/uploads\/2015\/10\/arton1165-e1625750839563.jpg","type":"image\/jpeg"}],"author":"Herv\u00e9 Roten","twitter_card":"summary_large_image","twitter_misc":{"Escrito por":"Herv\u00e9 Roten","Tiempo de lectura":"3 minutos"},"schema":{"@context":"https:\/\/schema.org","@graph":[{"@type":"Article","@id":"https:\/\/www.iemj.org\/es\/publications-de-vingt-partitions-inedites-de-serge-kaufmann-aux-editions-de-liemj\/#article","isPartOf":{"@id":"https:\/\/www.iemj.org\/es\/publications-de-vingt-partitions-inedites-de-serge-kaufmann-aux-editions-de-liemj\/"},"author":{"name":"Herv\u00e9 Roten","@id":"https:\/\/www.iemj.org\/es\/#\/schema\/person\/906134402c29d5c76e7b726261dd4bbd"},"headline":"Kol Nidr\u00e9, Neshama, Kinah, Tfila, Petite suite klezmer&#8230;","datePublished":"2015-10-21T08:25:00+00:00","dateModified":"2025-08-27T10:48:45+00:00","mainEntityOfPage":{"@id":"https:\/\/www.iemj.org\/es\/publications-de-vingt-partitions-inedites-de-serge-kaufmann-aux-editions-de-liemj\/"},"wordCount":330,"publisher":{"@id":"https:\/\/www.iemj.org\/es\/#organization"},"image":{"@id":"https:\/\/www.iemj.org\/es\/publications-de-vingt-partitions-inedites-de-serge-kaufmann-aux-editions-de-liemj\/#primaryimage"},"thumbnailUrl":"https:\/\/www.iemj.org\/wp-content\/uploads\/2015\/10\/arton1165-e1625750839563.jpg","articleSection":["Partituras IEMJ","Publicaciones"],"inLanguage":"es"},{"@type":"WebPage","@id":"https:\/\/www.iemj.org\/es\/publications-de-vingt-partitions-inedites-de-serge-kaufmann-aux-editions-de-liemj\/","url":"https:\/\/www.iemj.org\/es\/publications-de-vingt-partitions-inedites-de-serge-kaufmann-aux-editions-de-liemj\/","name":"Kol Nidr\u00e9, Neshama, Kinah, Tfila, Petite suite klezmer... - Institut Europ\u00e9en des Musiques Juives","isPartOf":{"@id":"https:\/\/www.iemj.org\/es\/#website"},"primaryImageOfPage":{"@id":"https:\/\/www.iemj.org\/es\/publications-de-vingt-partitions-inedites-de-serge-kaufmann-aux-editions-de-liemj\/#primaryimage"},"image":{"@id":"https:\/\/www.iemj.org\/es\/publications-de-vingt-partitions-inedites-de-serge-kaufmann-aux-editions-de-liemj\/#primaryimage"},"thumbnailUrl":"https:\/\/www.iemj.org\/wp-content\/uploads\/2015\/10\/arton1165-e1625750839563.jpg","datePublished":"2015-10-21T08:25:00+00:00","dateModified":"2025-08-27T10:48:45+00:00","breadcrumb":{"@id":"https:\/\/www.iemj.org\/es\/publications-de-vingt-partitions-inedites-de-serge-kaufmann-aux-editions-de-liemj\/#breadcrumb"},"inLanguage":"es","potentialAction":[{"@type":"ReadAction","target":["https:\/\/www.iemj.org\/es\/publications-de-vingt-partitions-inedites-de-serge-kaufmann-aux-editions-de-liemj\/"]}]},{"@type":"ImageObject","inLanguage":"es","@id":"https:\/\/www.iemj.org\/es\/publications-de-vingt-partitions-inedites-de-serge-kaufmann-aux-editions-de-liemj\/#primaryimage","url":"https:\/\/www.iemj.org\/wp-content\/uploads\/2015\/10\/arton1165-e1625750839563.jpg","contentUrl":"https:\/\/www.iemj.org\/wp-content\/uploads\/2015\/10\/arton1165-e1625750839563.jpg","width":350,"height":495},{"@type":"BreadcrumbList","@id":"https:\/\/www.iemj.org\/es\/publications-de-vingt-partitions-inedites-de-serge-kaufmann-aux-editions-de-liemj\/#breadcrumb","itemListElement":[{"@type":"ListItem","position":1,"name":"Accueil","item":"https:\/\/www.iemj.org\/es\/"},{"@type":"ListItem","position":2,"name":"Kol Nidr\u00e9, Neshama, Kinah, Tfila, Petite suite klezmer&#8230;"}]},{"@type":"WebSite","@id":"https:\/\/www.iemj.org\/es\/#website","url":"https:\/\/www.iemj.org\/es\/","name":"Institut Europ\u00e9en des Musiques Juives","description":"Des traditions musicales \u00e0 la port\u00e9e de tous","publisher":{"@id":"https:\/\/www.iemj.org\/es\/#organization"},"potentialAction":[{"@type":"SearchAction","target":{"@type":"EntryPoint","urlTemplate":"https:\/\/www.iemj.org\/es\/?s={search_term_string}"},"query-input":{"@type":"PropertyValueSpecification","valueRequired":true,"valueName":"search_term_string"}}],"inLanguage":"es"},{"@type":"Organization","@id":"https:\/\/www.iemj.org\/es\/#organization","name":"Institut Europ\u00e9en des Musiques Juives","url":"https:\/\/www.iemj.org\/es\/","logo":{"@type":"ImageObject","inLanguage":"es","@id":"https:\/\/www.iemj.org\/es\/#\/schema\/logo\/image\/","url":"https:\/\/www.iemj.org\/wp-content\/uploads\/2021\/09\/Logo-IEMJ-Paypal.jpg","contentUrl":"https:\/\/www.iemj.org\/wp-content\/uploads\/2021\/09\/Logo-IEMJ-Paypal.jpg","width":150,"height":50,"caption":"Institut Europ\u00e9en des Musiques Juives"},"image":{"@id":"https:\/\/www.iemj.org\/es\/#\/schema\/logo\/image\/"},"sameAs":["https:\/\/www.facebook.com\/MusiquesJuives\/","https:\/\/www.instagram.com\/musiquesjuives\/","https:\/\/www.youtube.com\/user\/musiquesjuives"]},{"@type":"Person","@id":"https:\/\/www.iemj.org\/es\/#\/schema\/person\/906134402c29d5c76e7b726261dd4bbd","name":"Herv\u00e9 Roten","image":{"@type":"ImageObject","inLanguage":"es","@id":"https:\/\/secure.gravatar.com\/avatar\/f96ad2db538a26481f18384936b5cd0610c92d390c4dc382209216d455f685ff?s=96&d=mm&r=g","url":"https:\/\/secure.gravatar.com\/avatar\/f96ad2db538a26481f18384936b5cd0610c92d390c4dc382209216d455f685ff?s=96&d=mm&r=g","contentUrl":"https:\/\/secure.gravatar.com\/avatar\/f96ad2db538a26481f18384936b5cd0610c92d390c4dc382209216d455f685ff?s=96&d=mm&r=g","caption":"Herv\u00e9 Roten"}}]}},"_links":{"self":[{"href":"https:\/\/www.iemj.org\/es\/wp-json\/wp\/v2\/posts\/54097","targetHints":{"allow":["GET"]}}],"collection":[{"href":"https:\/\/www.iemj.org\/es\/wp-json\/wp\/v2\/posts"}],"about":[{"href":"https:\/\/www.iemj.org\/es\/wp-json\/wp\/v2\/types\/post"}],"author":[{"embeddable":true,"href":"https:\/\/www.iemj.org\/es\/wp-json\/wp\/v2\/users\/1045"}],"replies":[{"embeddable":true,"href":"https:\/\/www.iemj.org\/es\/wp-json\/wp\/v2\/comments?post=54097"}],"version-history":[{"count":0,"href":"https:\/\/www.iemj.org\/es\/wp-json\/wp\/v2\/posts\/54097\/revisions"}],"wp:featuredmedia":[{"embeddable":true,"href":"https:\/\/www.iemj.org\/es\/wp-json\/wp\/v2\/media\/54098"}],"wp:attachment":[{"href":"https:\/\/www.iemj.org\/es\/wp-json\/wp\/v2\/media?parent=54097"}],"wp:term":[{"taxonomy":"category","embeddable":true,"href":"https:\/\/www.iemj.org\/es\/wp-json\/wp\/v2\/categories?post=54097"},{"taxonomy":"post_tag","embeddable":true,"href":"https:\/\/www.iemj.org\/es\/wp-json\/wp\/v2\/tags?post=54097"},{"taxonomy":"technique","embeddable":true,"href":"https:\/\/www.iemj.org\/es\/wp-json\/wp\/v2\/technique?post=54097"},{"taxonomy":"squelettes","embeddable":true,"href":"https:\/\/www.iemj.org\/es\/wp-json\/wp\/v2\/squelettes?post=54097"},{"taxonomy":"sujet","embeddable":true,"href":"https:\/\/www.iemj.org\/es\/wp-json\/wp\/v2\/sujet?post=54097"},{"taxonomy":"formation","embeddable":true,"href":"https:\/\/www.iemj.org\/es\/wp-json\/wp\/v2\/formation?post=54097"},{"taxonomy":"genre","embeddable":true,"href":"https:\/\/www.iemj.org\/es\/wp-json\/wp\/v2\/genre?post=54097"},{"taxonomy":"fonds","embeddable":true,"href":"https:\/\/www.iemj.org\/es\/wp-json\/wp\/v2\/fonds?post=54097"},{"taxonomy":"tradition","embeddable":true,"href":"https:\/\/www.iemj.org\/es\/wp-json\/wp\/v2\/tradition?post=54097"},{"taxonomy":"type-de-contenu","embeddable":true,"href":"https:\/\/www.iemj.org\/es\/wp-json\/wp\/v2\/type-de-contenu?post=54097"},{"taxonomy":"interprete-compositeur","embeddable":true,"href":"https:\/\/www.iemj.org\/es\/wp-json\/wp\/v2\/interprete-compositeur?post=54097"},{"taxonomy":"frise","embeddable":true,"href":"https:\/\/www.iemj.org\/es\/wp-json\/wp\/v2\/frise?post=54097"},{"taxonomy":"type-devenement","embeddable":true,"href":"https:\/\/www.iemj.org\/es\/wp-json\/wp\/v2\/type-devenement?post=54097"},{"taxonomy":"tableaux-liens-externes","embeddable":true,"href":"https:\/\/www.iemj.org\/es\/wp-json\/wp\/v2\/tableaux-liens-externes?post=54097"}],"curies":[{"name":"wp","href":"https:\/\/api.w.org\/{rel}","templated":true}]}}