{"id":54403,"date":"2014-06-04T13:23:50","date_gmt":"2014-06-04T11:23:50","guid":{"rendered":"https:\/\/www.iemj.org\/partitions-de-fernand-halphen-et-reynaldo-hahn-maintenant-en-vente\/"},"modified":"2021-07-12T11:24:42","modified_gmt":"2021-07-12T09:24:42","slug":"partitions-de-fernand-halphen-et-reynaldo-hahn-maintenant-en-vente","status":"publish","type":"post","link":"https:\/\/www.iemj.org\/es\/partitions-de-fernand-halphen-et-reynaldo-hahn-maintenant-en-vente\/","title":{"rendered":"Dix m\u00e9lodies (vol. 1), Cinq pi\u00e8ces pour piano de Fernand Halphen y Petit nocturne de Reynaldo Hahn"},"content":{"rendered":"<h3>Publicaci\u00f3n de dos partituras de Fernand Halphen y de una partitura in\u00e9dita para viol\u00edn y piano de Reynaldo Hahn<\/h3>\n<p><!--more--><\/p>\n<p><strong>FERNAND HALPHEN<\/strong><br>Nacido en una familia de gran burgues\u00eda de negocios apasionada por el arte, <a href=\"https:\/\/www.iemj.org\/en\/halphen-fernand-1872-1917\/\" target=\"_blank\" rel=\"noopener\">Fernand Halphen<\/a> aprend\u00ed el viol\u00edn con Joseph Marsick y despu\u00e9s empez\u00f3 la composici\u00f3n con Gabriel Faur\u00e9. En 1888, entr\u00f3 en la clase de Jules Massenet al conservatorio, junto a Florent Schmitt, Henri B\u00fcsser, Max d\u2019Olonne, Charles Koechlin, Georges Enesco y Reynaldo Hahn, y obtuvo en 1896 el segundo Premio de Roma.<\/p>\n<p>Durante su corta vida, Halphen ha compuesto aproximadamente cien melod\u00edas, m\u00e1s de treinta piezas para piano, d\u00faos (sobre todo viol\u00edn y piano), un terceto de cuerdas y un terceto con piano, continuaciones de orquesta, una sinfon\u00eda en Do menor, dedicada a Faur\u00e9 (1898) y Le Cor fleuri (el cuerno florido), maravilla l\u00edrica en un acto, creada al teatro Teatro Nacional de la Op\u00e9ra-Comique el 10 de mayo de 1904. Ha escrito tambi\u00e9n dos salmos y un himno para la sinagoga, as\u00ed como dos piezas instrumentales inspiradas por el canto tradicional hebraico (<em>Andante religioso<\/em>&nbsp;y Pri\u00e8re [Oraci\u00f3n]). Director de m\u00fasica de un regimiento de infanter\u00eda territorial durante la Gran Guerra, ha fallecido en 1917 de una enfermedad contra\u00edda al frente.<\/p>\n<p>Est\u00e1s nuevas ediciones han sido realizadas por Herv\u00e9 Roten, Laura Schnapper y C\u00e9lia Triplet, bajo la \u00e9gida del Instituto Europeo de M\u00fasica Jud\u00eda, d\u00f3nde se encuentran los manuscritos, las partituras et las letras de Fernand Halphen, depositados por sus descendientes. Ha sido elaborado teniendo en cuenta manuscritos aut\u00f3grafos del compositor y de la primera edici\u00f3n publicada por Astruc en 1906.<\/p>\n<p><strong>REYNALDO HAHN<\/strong><br>Compuesta el 1\u00ba de junio de 1889 (\u00a1Hahn no ten\u00eda ni 15 a\u00f1os!), <em>le Petit nocturne<\/em> <em>(El Peque\u00f1o nocturno)<\/em> es una obra in\u00e9dita viniendo de los archivos musicales del sal\u00f3n de Se\u00f1ora Fernand Halphen.<\/p>\n<p>Nacido en Caracas, de una madre venezolana cat\u00f3lica y de un padre alem\u00e1n de origen jud\u00eda, Reynaldo Hahn es el menor de una familia de nueve hijos qui\u00e9n se instal\u00f3 en Par\u00eds en 1878. Desde la edad de los 11 a\u00f1os, Reynaldo Hahn entra al conservatorio de Par\u00eds tiene y se vuelve en el alumno de Albert Lavignac y de Jules Massenet para la composici\u00f3n. Durante los a\u00f1os 1890, frecuenta los salones parisinos (particularmente el de los Halphen) d\u00f3nde canta sus melod\u00edas acompa\u00f1\u00e1ndose con el piano. Encuentra personalidades como St\u00e9phane Mallarm\u00e9, Edmond de Goncourt o Marcel Proust cuyo se vuelve el amante hasta 1896.<br>Nombrado profesor de canto a la \u00c9cole normale de musique de Par\u00eds en 1920, Reynaldo Hahn frecuenta Pablo Casals, Jacques Thibaud y Nadia Boulanger. Durante este per\u00edodo de entreguerras, compuesta numerosas operetas y comedias musicales. Pero junto a esta m\u00fasica de moda, vuelve a un estilo que hab\u00eda dejado hasta ahora, que es la m\u00fasica de c\u00e1mara.<br>Investigado por sus or\u00edgenes jud\u00edos, tiene que irse de Par\u00eds en 1940 para Cannes, y despu\u00e9s Monte-carlo. En 1945, de vuelta en Par\u00eds, es elegido miembro de la Academia de Bellas Artes y se vuelve el director de la \u00d3pera de Par\u00eds. Afectado por un tumor cerebral, muri\u00f3 en Par\u00eds el 28 de enero de 1947; est\u00e1 inhumado en el cementerio del P\u00e8re Lachaise.<\/p>\n<p>Es posible pedir estas partituras en nuestra <a href=\"https:\/\/www.iemj.org\/es\/tienda\/\" target=\"_blank\" rel=\"noopener\">tienda online<\/a> en versi\u00f3n papel o digital.<br>&#8211; <a href=\"https:\/\/www.iemj.org\/en\/product\/fernand-halphen-dix-melodies-1er-recueil-printed-score\/\" target=\"_blank\" rel=\"noopener\"><strong>Consultar y pedir los <em>Dix m\u00e9lodies<\/em> <em>(Diez melod\u00edas)<\/em> de Fernand Halphen.<\/strong>.<\/a><br>&#8211; <a href=\"https:\/\/www.iemj.org\/en\/product\/fernand-halphen-cinq-pieces-pour-piano\/\" target=\"_blank\" rel=\"noopener\"><strong>Consultar y pedir las <em>Cinq pi\u00e8ces pour piano<\/em> <em>(Cinco piezas para piano) <\/em>de Fernand Halphen<\/strong><\/a><br>&#8211; <a href=\"https:\/\/www.iemj.org\/en\/product\/reynaldo-hahn-petit-nocturne-pour-violon-et-piano-printed-score\/\" target=\"_blank\" rel=\"noopener\"><strong>Consultar y pedir el <em>Petit nocturne pour violon et piano (Peque\u00f1o nocturno para viol\u00edn y piano) <\/em>de Reynaldo Hahn<\/strong><\/a><\/p>\n<div id='gallery-1' class='gallery galleryid-54403 gallery-columns-4 gallery-size-medium'><figure class='gallery-item'>\n\t\t\t<div class='gallery-icon portrait'>\n\t\t\t\t<a href='https:\/\/www.iemj.org\/wp-content\/uploads\/2014\/05\/20140318_iemj_partition1_couv-vdef_small.jpg'><img fetchpriority=\"high\" decoding=\"async\" width=\"213\" height=\"300\" src=\"https:\/\/www.iemj.org\/wp-content\/uploads\/2014\/05\/20140318_iemj_partition1_couv-vdef_small-213x300.jpg\" class=\"attachment-medium size-medium\" alt=\"\" srcset=\"https:\/\/www.iemj.org\/wp-content\/uploads\/2014\/05\/20140318_iemj_partition1_couv-vdef_small-213x300.jpg 213w, https:\/\/www.iemj.org\/wp-content\/uploads\/2014\/05\/20140318_iemj_partition1_couv-vdef_small.jpg 249w\" sizes=\"(max-width: 213px) 100vw, 213px\" \/><\/a>\n\t\t\t<\/div><\/figure><figure class='gallery-item'>\n\t\t\t<div class='gallery-icon portrait'>\n\t\t\t\t<a href='https:\/\/www.iemj.org\/wp-content\/uploads\/2014\/05\/20140318_iemj_partition2_couv-vdef_small.jpg'><img decoding=\"async\" width=\"213\" height=\"300\" src=\"https:\/\/www.iemj.org\/wp-content\/uploads\/2014\/05\/20140318_iemj_partition2_couv-vdef_small-213x300.jpg\" class=\"attachment-medium size-medium\" alt=\"\" srcset=\"https:\/\/www.iemj.org\/wp-content\/uploads\/2014\/05\/20140318_iemj_partition2_couv-vdef_small-213x300.jpg 213w, https:\/\/www.iemj.org\/wp-content\/uploads\/2014\/05\/20140318_iemj_partition2_couv-vdef_small.jpg 249w\" sizes=\"(max-width: 213px) 100vw, 213px\" \/><\/a>\n\t\t\t<\/div><\/figure><figure class='gallery-item'>\n\t\t\t<div class='gallery-icon portrait'>\n\t\t\t\t<a href='https:\/\/www.iemj.org\/wp-content\/uploads\/2014\/05\/20140318_iemj_partition3_couv_small.jpg'><img decoding=\"async\" width=\"213\" height=\"300\" src=\"https:\/\/www.iemj.org\/wp-content\/uploads\/2014\/05\/20140318_iemj_partition3_couv_small-213x300.jpg\" class=\"attachment-medium size-medium\" alt=\"\" srcset=\"https:\/\/www.iemj.org\/wp-content\/uploads\/2014\/05\/20140318_iemj_partition3_couv_small-213x300.jpg 213w, https:\/\/www.iemj.org\/wp-content\/uploads\/2014\/05\/20140318_iemj_partition3_couv_small.jpg 249w\" sizes=\"(max-width: 213px) 100vw, 213px\" \/><\/a>\n\t\t\t<\/div><\/figure>\n\t\t<\/div>\n\n\n\n<p><\/p>\n","protected":false},"excerpt":{"rendered":"<p>Publicaci\u00f3n de dos partituras de Fernand Halphen y de una partitura in\u00e9dita para viol\u00edn y piano de Reynaldo Hahn<\/p>\n","protected":false},"author":1050,"featured_media":54404,"comment_status":"closed","ping_status":"open","sticky":false,"template":"","format":"standard","meta":{"_acf_changed":false,"footnotes":""},"categories":[1398,1391],"tags":[],"technique":[],"squelettes":[],"sujet":[],"formation":[],"genre":[1899],"fonds":[],"tradition":[],"type-de-contenu":[],"interprete-compositeur":[],"frise":[],"type-devenement":[],"tableaux-liens-externes":[],"class_list":["post-54403","post","type-post","status-publish","format-standard","has-post-thumbnail","hentry","category-partituras-iemj-es","category-publicaciones-es","genre-musica-clasica-es"],"acf":[],"yoast_head":"<!-- This site is optimized with the Yoast SEO plugin v27.3 - https:\/\/yoast.com\/product\/yoast-seo-wordpress\/ -->\n<title>Dix m\u00e9lodies (vol. 1), Cinq pi\u00e8ces pour piano de Fernand Halphen y Petit nocturne de Reynaldo Hahn - Institut Europ\u00e9en des Musiques Juives<\/title>\n<meta name=\"robots\" content=\"index, follow, max-snippet:-1, max-image-preview:large, max-video-preview:-1\" \/>\n<link rel=\"canonical\" href=\"https:\/\/www.iemj.org\/es\/partitions-de-fernand-halphen-et-reynaldo-hahn-maintenant-en-vente\/\" \/>\n<meta property=\"og:locale\" content=\"es_ES\" \/>\n<meta property=\"og:type\" content=\"article\" \/>\n<meta property=\"og:title\" content=\"Dix m\u00e9lodies (vol. 1), Cinq pi\u00e8ces pour piano de Fernand Halphen y Petit nocturne de Reynaldo Hahn - Institut Europ\u00e9en des Musiques Juives\" \/>\n<meta property=\"og:description\" content=\"Publicaci\u00f3n de dos partituras de Fernand Halphen y de una partitura in\u00e9dita para viol\u00edn y piano de Reynaldo Hahn\" \/>\n<meta property=\"og:url\" content=\"https:\/\/www.iemj.org\/es\/partitions-de-fernand-halphen-et-reynaldo-hahn-maintenant-en-vente\/\" \/>\n<meta property=\"og:site_name\" content=\"Institut Europ\u00e9en des Musiques Juives\" \/>\n<meta property=\"article:publisher\" content=\"https:\/\/www.facebook.com\/MusiquesJuives\/\" \/>\n<meta property=\"article:published_time\" content=\"2014-06-04T11:23:50+00:00\" \/>\n<meta property=\"article:modified_time\" content=\"2021-07-12T09:24:42+00:00\" \/>\n<meta property=\"og:image\" content=\"https:\/\/www.iemj.org\/wp-content\/uploads\/2014\/06\/arton880.jpg\" \/>\n\t<meta property=\"og:image:width\" content=\"249\" \/>\n\t<meta property=\"og:image:height\" content=\"351\" \/>\n\t<meta property=\"og:image:type\" content=\"image\/jpeg\" \/>\n<meta name=\"author\" content=\"ncochin\" \/>\n<meta name=\"twitter:card\" content=\"summary_large_image\" \/>\n<meta name=\"twitter:label1\" content=\"Escrito por\" \/>\n\t<meta name=\"twitter:data1\" content=\"ncochin\" \/>\n\t<meta name=\"twitter:label2\" content=\"Tiempo de lectura\" \/>\n\t<meta name=\"twitter:data2\" content=\"3 minutos\" \/>\n<script type=\"application\/ld+json\" class=\"yoast-schema-graph\">{\"@context\":\"https:\\\/\\\/schema.org\",\"@graph\":[{\"@type\":\"Article\",\"@id\":\"https:\\\/\\\/www.iemj.org\\\/es\\\/partitions-de-fernand-halphen-et-reynaldo-hahn-maintenant-en-vente\\\/#article\",\"isPartOf\":{\"@id\":\"https:\\\/\\\/www.iemj.org\\\/es\\\/partitions-de-fernand-halphen-et-reynaldo-hahn-maintenant-en-vente\\\/\"},\"author\":{\"name\":\"ncochin\",\"@id\":\"https:\\\/\\\/www.iemj.org\\\/es\\\/#\\\/schema\\\/person\\\/f826ad11b0cd58dd99babe0a3fbcb86e\"},\"headline\":\"Dix m\u00e9lodies (vol. 1), Cinq pi\u00e8ces pour piano de Fernand Halphen y Petit nocturne de Reynaldo Hahn\",\"datePublished\":\"2014-06-04T11:23:50+00:00\",\"dateModified\":\"2021-07-12T09:24:42+00:00\",\"mainEntityOfPage\":{\"@id\":\"https:\\\/\\\/www.iemj.org\\\/es\\\/partitions-de-fernand-halphen-et-reynaldo-hahn-maintenant-en-vente\\\/\"},\"wordCount\":662,\"publisher\":{\"@id\":\"https:\\\/\\\/www.iemj.org\\\/es\\\/#organization\"},\"image\":{\"@id\":\"https:\\\/\\\/www.iemj.org\\\/es\\\/partitions-de-fernand-halphen-et-reynaldo-hahn-maintenant-en-vente\\\/#primaryimage\"},\"thumbnailUrl\":\"https:\\\/\\\/www.iemj.org\\\/wp-content\\\/uploads\\\/2014\\\/06\\\/arton880.jpg\",\"articleSection\":[\"Partituras IEMJ\",\"Publicaciones\"],\"inLanguage\":\"es\"},{\"@type\":\"WebPage\",\"@id\":\"https:\\\/\\\/www.iemj.org\\\/es\\\/partitions-de-fernand-halphen-et-reynaldo-hahn-maintenant-en-vente\\\/\",\"url\":\"https:\\\/\\\/www.iemj.org\\\/es\\\/partitions-de-fernand-halphen-et-reynaldo-hahn-maintenant-en-vente\\\/\",\"name\":\"Dix m\u00e9lodies (vol. 1), Cinq pi\u00e8ces pour piano de Fernand Halphen y Petit nocturne de Reynaldo Hahn - Institut Europ\u00e9en des Musiques Juives\",\"isPartOf\":{\"@id\":\"https:\\\/\\\/www.iemj.org\\\/es\\\/#website\"},\"primaryImageOfPage\":{\"@id\":\"https:\\\/\\\/www.iemj.org\\\/es\\\/partitions-de-fernand-halphen-et-reynaldo-hahn-maintenant-en-vente\\\/#primaryimage\"},\"image\":{\"@id\":\"https:\\\/\\\/www.iemj.org\\\/es\\\/partitions-de-fernand-halphen-et-reynaldo-hahn-maintenant-en-vente\\\/#primaryimage\"},\"thumbnailUrl\":\"https:\\\/\\\/www.iemj.org\\\/wp-content\\\/uploads\\\/2014\\\/06\\\/arton880.jpg\",\"datePublished\":\"2014-06-04T11:23:50+00:00\",\"dateModified\":\"2021-07-12T09:24:42+00:00\",\"breadcrumb\":{\"@id\":\"https:\\\/\\\/www.iemj.org\\\/es\\\/partitions-de-fernand-halphen-et-reynaldo-hahn-maintenant-en-vente\\\/#breadcrumb\"},\"inLanguage\":\"es\",\"potentialAction\":[{\"@type\":\"ReadAction\",\"target\":[\"https:\\\/\\\/www.iemj.org\\\/es\\\/partitions-de-fernand-halphen-et-reynaldo-hahn-maintenant-en-vente\\\/\"]}]},{\"@type\":\"ImageObject\",\"inLanguage\":\"es\",\"@id\":\"https:\\\/\\\/www.iemj.org\\\/es\\\/partitions-de-fernand-halphen-et-reynaldo-hahn-maintenant-en-vente\\\/#primaryimage\",\"url\":\"https:\\\/\\\/www.iemj.org\\\/wp-content\\\/uploads\\\/2014\\\/06\\\/arton880.jpg\",\"contentUrl\":\"https:\\\/\\\/www.iemj.org\\\/wp-content\\\/uploads\\\/2014\\\/06\\\/arton880.jpg\",\"width\":249,\"height\":351},{\"@type\":\"BreadcrumbList\",\"@id\":\"https:\\\/\\\/www.iemj.org\\\/es\\\/partitions-de-fernand-halphen-et-reynaldo-hahn-maintenant-en-vente\\\/#breadcrumb\",\"itemListElement\":[{\"@type\":\"ListItem\",\"position\":1,\"name\":\"Accueil\",\"item\":\"https:\\\/\\\/www.iemj.org\\\/es\\\/\"},{\"@type\":\"ListItem\",\"position\":2,\"name\":\"Dix m\u00e9lodies (vol. 1), Cinq pi\u00e8ces pour piano de Fernand Halphen y Petit nocturne de Reynaldo Hahn\"}]},{\"@type\":\"WebSite\",\"@id\":\"https:\\\/\\\/www.iemj.org\\\/es\\\/#website\",\"url\":\"https:\\\/\\\/www.iemj.org\\\/es\\\/\",\"name\":\"Institut Europ\u00e9en des Musiques Juives\",\"description\":\"Des traditions musicales \u00e0 la port\u00e9e de tous\",\"publisher\":{\"@id\":\"https:\\\/\\\/www.iemj.org\\\/es\\\/#organization\"},\"potentialAction\":[{\"@type\":\"SearchAction\",\"target\":{\"@type\":\"EntryPoint\",\"urlTemplate\":\"https:\\\/\\\/www.iemj.org\\\/es\\\/?s={search_term_string}\"},\"query-input\":{\"@type\":\"PropertyValueSpecification\",\"valueRequired\":true,\"valueName\":\"search_term_string\"}}],\"inLanguage\":\"es\"},{\"@type\":\"Organization\",\"@id\":\"https:\\\/\\\/www.iemj.org\\\/es\\\/#organization\",\"name\":\"Institut Europ\u00e9en des Musiques Juives\",\"url\":\"https:\\\/\\\/www.iemj.org\\\/es\\\/\",\"logo\":{\"@type\":\"ImageObject\",\"inLanguage\":\"es\",\"@id\":\"https:\\\/\\\/www.iemj.org\\\/es\\\/#\\\/schema\\\/logo\\\/image\\\/\",\"url\":\"https:\\\/\\\/www.iemj.org\\\/wp-content\\\/uploads\\\/2021\\\/09\\\/Logo-IEMJ-Paypal.jpg\",\"contentUrl\":\"https:\\\/\\\/www.iemj.org\\\/wp-content\\\/uploads\\\/2021\\\/09\\\/Logo-IEMJ-Paypal.jpg\",\"width\":150,\"height\":50,\"caption\":\"Institut Europ\u00e9en des Musiques Juives\"},\"image\":{\"@id\":\"https:\\\/\\\/www.iemj.org\\\/es\\\/#\\\/schema\\\/logo\\\/image\\\/\"},\"sameAs\":[\"https:\\\/\\\/www.facebook.com\\\/MusiquesJuives\\\/\",\"https:\\\/\\\/www.instagram.com\\\/musiquesjuives\\\/\",\"https:\\\/\\\/www.youtube.com\\\/user\\\/musiquesjuives\"]},{\"@type\":\"Person\",\"@id\":\"https:\\\/\\\/www.iemj.org\\\/es\\\/#\\\/schema\\\/person\\\/f826ad11b0cd58dd99babe0a3fbcb86e\",\"name\":\"ncochin\",\"image\":{\"@type\":\"ImageObject\",\"inLanguage\":\"es\",\"@id\":\"https:\\\/\\\/secure.gravatar.com\\\/avatar\\\/4499f551e6a9b8c28bd3132f28d79657b2cb55ff363257726f67e89c95e2a33c?s=96&d=mm&r=g\",\"url\":\"https:\\\/\\\/secure.gravatar.com\\\/avatar\\\/4499f551e6a9b8c28bd3132f28d79657b2cb55ff363257726f67e89c95e2a33c?s=96&d=mm&r=g\",\"contentUrl\":\"https:\\\/\\\/secure.gravatar.com\\\/avatar\\\/4499f551e6a9b8c28bd3132f28d79657b2cb55ff363257726f67e89c95e2a33c?s=96&d=mm&r=g\",\"caption\":\"ncochin\"}}]}<\/script>\n<!-- \/ Yoast SEO plugin. -->","yoast_head_json":{"title":"Dix m\u00e9lodies (vol. 1), Cinq pi\u00e8ces pour piano de Fernand Halphen y Petit nocturne de Reynaldo Hahn - Institut Europ\u00e9en des Musiques Juives","robots":{"index":"index","follow":"follow","max-snippet":"max-snippet:-1","max-image-preview":"max-image-preview:large","max-video-preview":"max-video-preview:-1"},"canonical":"https:\/\/www.iemj.org\/es\/partitions-de-fernand-halphen-et-reynaldo-hahn-maintenant-en-vente\/","og_locale":"es_ES","og_type":"article","og_title":"Dix m\u00e9lodies (vol. 1), Cinq pi\u00e8ces pour piano de Fernand Halphen y Petit nocturne de Reynaldo Hahn - Institut Europ\u00e9en des Musiques Juives","og_description":"Publicaci\u00f3n de dos partituras de Fernand Halphen y de una partitura in\u00e9dita para viol\u00edn y piano de Reynaldo Hahn","og_url":"https:\/\/www.iemj.org\/es\/partitions-de-fernand-halphen-et-reynaldo-hahn-maintenant-en-vente\/","og_site_name":"Institut Europ\u00e9en des Musiques Juives","article_publisher":"https:\/\/www.facebook.com\/MusiquesJuives\/","article_published_time":"2014-06-04T11:23:50+00:00","article_modified_time":"2021-07-12T09:24:42+00:00","og_image":[{"width":249,"height":351,"url":"https:\/\/www.iemj.org\/wp-content\/uploads\/2014\/06\/arton880.jpg","type":"image\/jpeg"}],"author":"ncochin","twitter_card":"summary_large_image","twitter_misc":{"Escrito por":"ncochin","Tiempo de lectura":"3 minutos"},"schema":{"@context":"https:\/\/schema.org","@graph":[{"@type":"Article","@id":"https:\/\/www.iemj.org\/es\/partitions-de-fernand-halphen-et-reynaldo-hahn-maintenant-en-vente\/#article","isPartOf":{"@id":"https:\/\/www.iemj.org\/es\/partitions-de-fernand-halphen-et-reynaldo-hahn-maintenant-en-vente\/"},"author":{"name":"ncochin","@id":"https:\/\/www.iemj.org\/es\/#\/schema\/person\/f826ad11b0cd58dd99babe0a3fbcb86e"},"headline":"Dix m\u00e9lodies (vol. 1), Cinq pi\u00e8ces pour piano de Fernand Halphen y Petit nocturne de Reynaldo Hahn","datePublished":"2014-06-04T11:23:50+00:00","dateModified":"2021-07-12T09:24:42+00:00","mainEntityOfPage":{"@id":"https:\/\/www.iemj.org\/es\/partitions-de-fernand-halphen-et-reynaldo-hahn-maintenant-en-vente\/"},"wordCount":662,"publisher":{"@id":"https:\/\/www.iemj.org\/es\/#organization"},"image":{"@id":"https:\/\/www.iemj.org\/es\/partitions-de-fernand-halphen-et-reynaldo-hahn-maintenant-en-vente\/#primaryimage"},"thumbnailUrl":"https:\/\/www.iemj.org\/wp-content\/uploads\/2014\/06\/arton880.jpg","articleSection":["Partituras IEMJ","Publicaciones"],"inLanguage":"es"},{"@type":"WebPage","@id":"https:\/\/www.iemj.org\/es\/partitions-de-fernand-halphen-et-reynaldo-hahn-maintenant-en-vente\/","url":"https:\/\/www.iemj.org\/es\/partitions-de-fernand-halphen-et-reynaldo-hahn-maintenant-en-vente\/","name":"Dix m\u00e9lodies (vol. 1), Cinq pi\u00e8ces pour piano de Fernand Halphen y Petit nocturne de Reynaldo Hahn - Institut Europ\u00e9en des Musiques Juives","isPartOf":{"@id":"https:\/\/www.iemj.org\/es\/#website"},"primaryImageOfPage":{"@id":"https:\/\/www.iemj.org\/es\/partitions-de-fernand-halphen-et-reynaldo-hahn-maintenant-en-vente\/#primaryimage"},"image":{"@id":"https:\/\/www.iemj.org\/es\/partitions-de-fernand-halphen-et-reynaldo-hahn-maintenant-en-vente\/#primaryimage"},"thumbnailUrl":"https:\/\/www.iemj.org\/wp-content\/uploads\/2014\/06\/arton880.jpg","datePublished":"2014-06-04T11:23:50+00:00","dateModified":"2021-07-12T09:24:42+00:00","breadcrumb":{"@id":"https:\/\/www.iemj.org\/es\/partitions-de-fernand-halphen-et-reynaldo-hahn-maintenant-en-vente\/#breadcrumb"},"inLanguage":"es","potentialAction":[{"@type":"ReadAction","target":["https:\/\/www.iemj.org\/es\/partitions-de-fernand-halphen-et-reynaldo-hahn-maintenant-en-vente\/"]}]},{"@type":"ImageObject","inLanguage":"es","@id":"https:\/\/www.iemj.org\/es\/partitions-de-fernand-halphen-et-reynaldo-hahn-maintenant-en-vente\/#primaryimage","url":"https:\/\/www.iemj.org\/wp-content\/uploads\/2014\/06\/arton880.jpg","contentUrl":"https:\/\/www.iemj.org\/wp-content\/uploads\/2014\/06\/arton880.jpg","width":249,"height":351},{"@type":"BreadcrumbList","@id":"https:\/\/www.iemj.org\/es\/partitions-de-fernand-halphen-et-reynaldo-hahn-maintenant-en-vente\/#breadcrumb","itemListElement":[{"@type":"ListItem","position":1,"name":"Accueil","item":"https:\/\/www.iemj.org\/es\/"},{"@type":"ListItem","position":2,"name":"Dix m\u00e9lodies (vol. 1), Cinq pi\u00e8ces pour piano de Fernand Halphen y Petit nocturne de Reynaldo Hahn"}]},{"@type":"WebSite","@id":"https:\/\/www.iemj.org\/es\/#website","url":"https:\/\/www.iemj.org\/es\/","name":"Institut Europ\u00e9en des Musiques Juives","description":"Des traditions musicales \u00e0 la port\u00e9e de tous","publisher":{"@id":"https:\/\/www.iemj.org\/es\/#organization"},"potentialAction":[{"@type":"SearchAction","target":{"@type":"EntryPoint","urlTemplate":"https:\/\/www.iemj.org\/es\/?s={search_term_string}"},"query-input":{"@type":"PropertyValueSpecification","valueRequired":true,"valueName":"search_term_string"}}],"inLanguage":"es"},{"@type":"Organization","@id":"https:\/\/www.iemj.org\/es\/#organization","name":"Institut Europ\u00e9en des Musiques Juives","url":"https:\/\/www.iemj.org\/es\/","logo":{"@type":"ImageObject","inLanguage":"es","@id":"https:\/\/www.iemj.org\/es\/#\/schema\/logo\/image\/","url":"https:\/\/www.iemj.org\/wp-content\/uploads\/2021\/09\/Logo-IEMJ-Paypal.jpg","contentUrl":"https:\/\/www.iemj.org\/wp-content\/uploads\/2021\/09\/Logo-IEMJ-Paypal.jpg","width":150,"height":50,"caption":"Institut Europ\u00e9en des Musiques Juives"},"image":{"@id":"https:\/\/www.iemj.org\/es\/#\/schema\/logo\/image\/"},"sameAs":["https:\/\/www.facebook.com\/MusiquesJuives\/","https:\/\/www.instagram.com\/musiquesjuives\/","https:\/\/www.youtube.com\/user\/musiquesjuives"]},{"@type":"Person","@id":"https:\/\/www.iemj.org\/es\/#\/schema\/person\/f826ad11b0cd58dd99babe0a3fbcb86e","name":"ncochin","image":{"@type":"ImageObject","inLanguage":"es","@id":"https:\/\/secure.gravatar.com\/avatar\/4499f551e6a9b8c28bd3132f28d79657b2cb55ff363257726f67e89c95e2a33c?s=96&d=mm&r=g","url":"https:\/\/secure.gravatar.com\/avatar\/4499f551e6a9b8c28bd3132f28d79657b2cb55ff363257726f67e89c95e2a33c?s=96&d=mm&r=g","contentUrl":"https:\/\/secure.gravatar.com\/avatar\/4499f551e6a9b8c28bd3132f28d79657b2cb55ff363257726f67e89c95e2a33c?s=96&d=mm&r=g","caption":"ncochin"}}]}},"_links":{"self":[{"href":"https:\/\/www.iemj.org\/es\/wp-json\/wp\/v2\/posts\/54403","targetHints":{"allow":["GET"]}}],"collection":[{"href":"https:\/\/www.iemj.org\/es\/wp-json\/wp\/v2\/posts"}],"about":[{"href":"https:\/\/www.iemj.org\/es\/wp-json\/wp\/v2\/types\/post"}],"author":[{"embeddable":true,"href":"https:\/\/www.iemj.org\/es\/wp-json\/wp\/v2\/users\/1050"}],"replies":[{"embeddable":true,"href":"https:\/\/www.iemj.org\/es\/wp-json\/wp\/v2\/comments?post=54403"}],"version-history":[{"count":0,"href":"https:\/\/www.iemj.org\/es\/wp-json\/wp\/v2\/posts\/54403\/revisions"}],"wp:featuredmedia":[{"embeddable":true,"href":"https:\/\/www.iemj.org\/es\/wp-json\/wp\/v2\/media\/54404"}],"wp:attachment":[{"href":"https:\/\/www.iemj.org\/es\/wp-json\/wp\/v2\/media?parent=54403"}],"wp:term":[{"taxonomy":"category","embeddable":true,"href":"https:\/\/www.iemj.org\/es\/wp-json\/wp\/v2\/categories?post=54403"},{"taxonomy":"post_tag","embeddable":true,"href":"https:\/\/www.iemj.org\/es\/wp-json\/wp\/v2\/tags?post=54403"},{"taxonomy":"technique","embeddable":true,"href":"https:\/\/www.iemj.org\/es\/wp-json\/wp\/v2\/technique?post=54403"},{"taxonomy":"squelettes","embeddable":true,"href":"https:\/\/www.iemj.org\/es\/wp-json\/wp\/v2\/squelettes?post=54403"},{"taxonomy":"sujet","embeddable":true,"href":"https:\/\/www.iemj.org\/es\/wp-json\/wp\/v2\/sujet?post=54403"},{"taxonomy":"formation","embeddable":true,"href":"https:\/\/www.iemj.org\/es\/wp-json\/wp\/v2\/formation?post=54403"},{"taxonomy":"genre","embeddable":true,"href":"https:\/\/www.iemj.org\/es\/wp-json\/wp\/v2\/genre?post=54403"},{"taxonomy":"fonds","embeddable":true,"href":"https:\/\/www.iemj.org\/es\/wp-json\/wp\/v2\/fonds?post=54403"},{"taxonomy":"tradition","embeddable":true,"href":"https:\/\/www.iemj.org\/es\/wp-json\/wp\/v2\/tradition?post=54403"},{"taxonomy":"type-de-contenu","embeddable":true,"href":"https:\/\/www.iemj.org\/es\/wp-json\/wp\/v2\/type-de-contenu?post=54403"},{"taxonomy":"interprete-compositeur","embeddable":true,"href":"https:\/\/www.iemj.org\/es\/wp-json\/wp\/v2\/interprete-compositeur?post=54403"},{"taxonomy":"frise","embeddable":true,"href":"https:\/\/www.iemj.org\/es\/wp-json\/wp\/v2\/frise?post=54403"},{"taxonomy":"type-devenement","embeddable":true,"href":"https:\/\/www.iemj.org\/es\/wp-json\/wp\/v2\/type-devenement?post=54403"},{"taxonomy":"tableaux-liens-externes","embeddable":true,"href":"https:\/\/www.iemj.org\/es\/wp-json\/wp\/v2\/tableaux-liens-externes?post=54403"}],"curies":[{"name":"wp","href":"https:\/\/api.w.org\/{rel}","templated":true}]}}