{"id":54553,"date":"2020-12-14T11:51:01","date_gmt":"2020-12-14T10:51:01","guid":{"rendered":"https:\/\/www.iemj.org\/parution-de-huit-nouvelles-partitions-ditai-daniel-aux-editions-de-liemj\/"},"modified":"2025-08-28T15:21:47","modified_gmt":"2025-08-28T13:21:47","slug":"parution-de-huit-nouvelles-partitions-ditai-daniel-aux-editions-de-liemj","status":"publish","type":"post","link":"https:\/\/www.iemj.org\/es\/parution-de-huit-nouvelles-partitions-ditai-daniel-aux-editions-de-liemj\/","title":{"rendered":"Kol Nidrei, Hashkivenu, Vay&#8217;khulu haShamayim, Shma Koleinu, Lakol Zman v&#8217;Et, Elegia para violoncelo y piano, Shlosha Yeladim, Sonata para piano"},"content":{"rendered":"Despu\u00e9s de la publicaci\u00f3n de sus <a href=\"https:\/\/www.iemj.org\/es\/itai-daniel-dix-melodies-de-shabbat-pour-voix-ou-choeur-et-piano\/\" target=\"_blank\" rel=\"noopener\">Diez primeras melod\u00edas de Sabba<\/a>, cuatro para coro y piano y s\u00e9is para voz y piano, Las ediciones del IEMJ tienen el placer anunciar la publicaci\u00f3n de ocho nuevas partituras in\u00e9ditas compuestas por <a href=\"https:\/\/www.iemj.org\/es\/daniel-itai-1967\/\" target=\"_blank\" rel=\"noopener\">lta\u00ef Daniel<\/a>, compositor, pianista y director de orquesta, nacido en Israel.\n\nEs la ocasi\u00f3n de descubrir su suntuoso <a href=\"https:\/\/www.iemj.org\/es\/kol-nidre-nouvelles-visions\/\" target=\"_blank\" rel=\"noopener\">Kol Nidrei<\/a>, sus obras instrumentales (<em>El\u00e9gie pour violoncelle <\/em>y <em>Sonate pour piano <\/em>[Eleg\u00eda para violonchelo y Sonata para piano]) o vocales inspiradas en la liturgia jud\u00eda (<em>Shma Koleinu, Hashkivenu, Vay&#8217;khulu haShamayim, Lakol Zman v&#8217;Et<\/em>), o <em>Shlosha Yeladim<\/em>, una partitura emotiva de tres cantos dedicados a los ni\u00f1os de la Sho\u00e1.\n<h3>Ordinare gli spartiti<\/h3>\n<ul>\n \t<li>\n<h3><a href=\"https:\/\/www.iemj.org\/es\/produit\/daniel-kol-nidrei-for-choir-tenor-soloist-clarinet-and-string-quartet-printed-score\/\" target=\"_blank\" rel=\"noopener\">Kol Nidrei, para coro, tenor solista, clarinete y cuarteto de cuerdas<\/a><\/h3>\n<\/li>\n \t<li>\n<h3><a href=\"https:\/\/www.iemj.org\/es\/produit\/daniel-hashkivenu-for-women-and-men-choir-and-piano-printed-score\/\" target=\"_blank\" rel=\"noopener\">Hashkivenu, per coro femminile e maschile e pianoforte<\/a><\/h3>\n<\/li>\n \t<li>\n<h3><a href=\"https:\/\/www.iemj.org\/es\/produit\/daniel-vay-khulu-hashamayim-for-soprano-cello-and-piano-printed-score\/\" target=\"_blank\" rel=\"noopener\">Vay&#8217;khulu haShamayim, para soprano, violoncelo y piano<\/a><\/h3>\n<\/li>\n \t<li>\n<h3><a href=\"https:\/\/www.iemj.org\/es\/produit\/daniel-shma-koleinu-for-soprano-cello-and-piano-printed-score\/\" target=\"_blank\" rel=\"noopener\">Shma Koleinu, para soprano, violoncelo y piano<\/a><\/h3>\n<\/li>\n \t<li>\n<h3><a href=\"https:\/\/www.iemj.org\/es\/produit\/daniel-lakol-zman-v-et-for-soprano-cello-and-piano-printed-score\/\" target=\"_blank\" rel=\"noopener\">Lakol Zman v&#8217;Et, para soprano, violoncelo, y piano<\/a><\/h3>\n<\/li>\n \t<li>\n<h3><a href=\"https:\/\/www.iemj.org\/es\/produit\/daniel-elegie-for-cello-and-piano-printed-score\/\" target=\"_blank\" rel=\"noopener\">El\u00e9gie para violoncelo y piano<\/a><\/h3>\n<\/li>\n \t<li>\n<h3><a href=\"https:\/\/www.iemj.org\/es\/produit\/daniel-shlosha-yeladim-for-voice-and-piano-printed-score\/\" target=\"_blank\" rel=\"noopener\">Shlosha Yeladim, para voces y piano<\/a><\/h3>\n<\/li>\n \t<li>\n<h3><a href=\"https:\/\/www.iemj.org\/es\/produit\/daniel-piano-sonata-printed-score\/\" target=\"_blank\" rel=\"noopener\">Sonate para piano<\/a><\/h3>\n<\/li>\n<\/ul>\n<!-- \/wp:post-content -->\n\n<!-- wp:separator -->\n\n<hr class=\"wp-block-separator has-alpha-channel-opacity\" \/>\n\n<!-- \/wp:separator -->\n<h3>Consultar la lista de las <a href=\"https:\/\/www.iemj.org\/es\/categorie-produit\/partituras-es\/compositores-es\/daniel-itai-es\/\" target=\"_blank\" rel=\"noopener\">obras de Ita\u00ef Daniel en la tienda del IEMJ<\/a><\/h3>\n<!-- wp:separator -->\n\n<hr class=\"wp-block-separator has-alpha-channel-opacity\" \/>\n\n<!-- \/wp:separator -->\n<div class=\"wp-block-columns\"><!-- wp:column {\"width\":\"33.33%\"} -->\n<div class=\"wp-block-column\"><!-- wp:image {\"width\":225,\"height\":200,\"sizeSlug\":\"large\",\"linkDestination\":\"custom\"} -->\n<figure class=\"wp-block-image size-large is-resized\"><a href=\"https:\/\/www.iemj.org\/es\/produit\/itai-daniel-mahzor-hayim\/\" target=\"_blank\" rel=\"noreferrer noopener\"><img decoding=\"async\" src=\"https:\/\/www.iemj.org\/wp-content\/uploads\/2018\/10\/CDC5.jpg\" alt=\"\" width=\"225\" height=\"200\" \/><\/a><\/figure>\n<figure><\/figure>\n<figure class=\"wp-block-image size-large is-resized\"><a class=\"wp-block-button__link has-background wp-element-button\" style=\"font-family: var(--bs-body-font-family); font-weight: var(--bs-body-font-weight);\" href=\"https:\/\/www.iemj.org\/es\/produit\/itai-daniel-mahzor-hayim\/\" target=\"_blank\" rel=\"noreferrer noopener\">Pedir el CD <strong>MAHZOR HAYIM di Ita\u00ef Daniel<\/strong><\/a><\/figure>\n<\/div>\n<\/div>\n<!-- wp:heading -->\n<h2><img fetchpriority=\"high\" decoding=\"async\" class=\"aligncenter wp-image-110610 size-full\" src=\"https:\/\/www.iemj.org\/wp-content\/uploads\/2024\/03\/AUDIO-PLAYER.png\" alt=\"\" width=\"1210\" height=\"157\" srcset=\"https:\/\/www.iemj.org\/wp-content\/uploads\/2024\/03\/AUDIO-PLAYER.png 1210w, https:\/\/www.iemj.org\/wp-content\/uploads\/2024\/03\/AUDIO-PLAYER-300x39.png 300w, https:\/\/www.iemj.org\/wp-content\/uploads\/2024\/03\/AUDIO-PLAYER-1024x133.png 1024w, https:\/\/www.iemj.org\/wp-content\/uploads\/2024\/03\/AUDIO-PLAYER-768x100.png 768w, https:\/\/www.iemj.org\/wp-content\/uploads\/2024\/03\/AUDIO-PLAYER-600x78.png 600w\" sizes=\"(max-width: 1210px) 100vw, 1210px\" \/><\/h2>\n<!-- \/wp:heading -->\n\n<!-- wp:file {\"id\":30300,\"href\":\"https:\/\/www.iemj.org\/wp-content\/uploads\/2018\/09\/09_daniel_kol_nidre_siteiemj.mp3\",\"showDownloadButton\":false} -->\n<div class=\"wp-block-file\"><a id=\"wp-block-file--media-bea1473a-e32e-4677-8a89-682f1a860a80\" href=\"https:\/\/www.iemj.org\/wp-content\/uploads\/2018\/09\/09_daniel_kol_nidre_siteiemj.mp3\"> Kol Nidrei (Extrait)<\/a><\/div>\n<!-- \/wp:file -->\n\n<!-- wp:file {\"id\":30302,\"href\":\"https:\/\/www.iemj.org\/wp-content\/uploads\/2018\/10\/08_elegie_pour_violoncelle_et_piano.mp3\",\"showDownloadButton\":false} -->\n<div class=\"wp-block-file\"><a id=\"wp-block-file--media-65f5c3ae-f374-483f-94ed-990281bb1e7d\" href=\"https:\/\/www.iemj.org\/wp-content\/uploads\/2018\/10\/08_elegie_pour_violoncelle_et_piano.mp3\">Elegie pour violoncelle et piano (Extrait)<\/a><\/div>\n<!-- \/wp:file -->\n\n<!-- wp:file {\"id\":30304,\"href\":\"https:\/\/www.iemj.org\/wp-content\/uploads\/2018\/10\/09_shema_koleinou-2.mp3\",\"showDownloadButton\":false} -->\n<div class=\"wp-block-file\"><a id=\"wp-block-file--media-2f9db743-94f6-4bc5-9e22-53e501c297fa\" href=\"https:\/\/www.iemj.org\/wp-content\/uploads\/2018\/10\/09_shema_koleinou-2.mp3\">Shema Koleinou (Extrait)<\/a><\/div>\n<!-- \/wp:file -->\n\n<!-- wp:file {\"id\":30306,\"href\":\"https:\/\/www.iemj.org\/wp-content\/uploads\/2018\/10\/10_lakol_zman_veet-2.mp3\",\"showDownloadButton\":false} -->\n<div class=\"wp-block-file\"><a id=\"wp-block-file--media-83fa3787-1149-4551-9a9b-1453d3adf953\" href=\"https:\/\/www.iemj.org\/wp-content\/uploads\/2018\/10\/10_lakol_zman_veet-2.mp3\">Lakol Zman veEt (Extrait)<\/a><\/div>\n<!-- \/wp:file -->\n\n<!-- wp:file {\"id\":30308,\"href\":\"https:\/\/www.iemj.org\/wp-content\/uploads\/2018\/10\/11_vaykhoulou_hashamayim-2.mp3\",\"showDownloadButton\":false} -->\n<div class=\"wp-block-file\"><a id=\"wp-block-file--media-6fccb77e-a03d-4338-953f-85a61d8e15c7\" href=\"https:\/\/www.iemj.org\/wp-content\/uploads\/2018\/10\/11_vaykhoulou_hashamayim-2.mp3\">Vaykhoulou haShamayim (Extrait)<\/a><\/div>\n<!-- \/wp:file -->\n\n<!-- wp:file {\"id\":30310,\"href\":\"https:\/\/www.iemj.org\/wp-content\/uploads\/2018\/10\/12_hashkiveinou-2.mp3\",\"showDownloadButton\":false} -->\n<div class=\"wp-block-file\"><a id=\"wp-block-file--media-11f2cecc-ce40-4f51-98aa-409f3bbb7cc2\" href=\"https:\/\/www.iemj.org\/wp-content\/uploads\/2018\/10\/12_hashkiveinou-2.mp3\">Hashkiveinou (Extrait)<\/a><\/div>\n<!-- \/wp:file -->\n\n<!-- wp:file {\"id\":30312,\"href\":\"https:\/\/www.iemj.org\/wp-content\/uploads\/2020\/12\/itai_daniel_sonate1_pour_piano_1er_mvt_extrait.mp3\",\"showDownloadButton\":false} -->\n<div class=\"wp-block-file\"><a id=\"wp-block-file--media-51949ed0-2857-4dab-bfda-2e8ae9832020\" href=\"https:\/\/www.iemj.org\/wp-content\/uploads\/2020\/12\/itai_daniel_sonate1_pour_piano_1er_mvt_extrait.mp3\">Sonate pour piano (Extrait)<\/a><\/div>\n<!-- \/wp:file -->\n\n<!-- wp:file {\"id\":30314,\"href\":\"https:\/\/www.iemj.org\/wp-content\/uploads\/2020\/12\/itai_daniel_shlosha_yeladim_montage_extrait_des_3_chants.mp3\",\"showDownloadButton\":false} -->\n<div class=\"wp-block-file\"><a id=\"wp-block-file--media-c61a61c8-e12a-4458-a9a8-fb7dce3abd2d\" href=\"https:\/\/www.iemj.org\/wp-content\/uploads\/2020\/12\/itai_daniel_shlosha_yeladim_montage_extrait_des_3_chants.mp3\">Shlosha yeladim (Extraits mvts 1-2-3)<\/a><\/div>\n<!-- \/wp:file --><!-- \/wp:image --><!-- \/wp:column -->\n\n<!-- wp:columns {\"verticalAlignment\":null} -->\n<div class=\"wp-block-columns\"><!-- wp:column {\"width\":\"33.33%\"} -->\n<div class=\"wp-block-column\"><!-- wp:image {\"width\":225,\"height\":200,\"sizeSlug\":\"large\",\"linkDestination\":\"custom\"} --><\/div>\n<\/div>\n<div class=\"wp-block-file\"><\/div>\n<!-- \/wp:image --><!-- \/wp:column -->","protected":false},"excerpt":{"rendered":"<p>Despu\u00e9s de la publicaci\u00f3n de sus Diez primeras melod\u00edas de Sabba, cuatro para coro y piano y s\u00e9is para voz y piano, Las ediciones del IEMJ tienen el placer anunciar<\/p>\n","protected":false},"author":5,"featured_media":54554,"comment_status":"closed","ping_status":"closed","sticky":false,"template":"","format":"standard","meta":{"_acf_changed":false,"footnotes":""},"categories":[1398,1391],"tags":[],"technique":[],"squelettes":[],"sujet":[],"formation":[],"genre":[],"fonds":[],"tradition":[],"type-de-contenu":[],"interprete-compositeur":[3183],"frise":[],"type-devenement":[],"tableaux-liens-externes":[],"class_list":["post-54553","post","type-post","status-publish","format-standard","has-post-thumbnail","hentry","category-partituras-iemj-es","category-publicaciones-es","interprete-compositeur-itai-daniel-es-2"],"acf":[],"yoast_head":"<!-- This site is optimized with the Yoast SEO plugin v27.3 - https:\/\/yoast.com\/product\/yoast-seo-wordpress\/ -->\n<title>Kol Nidrei, Hashkivenu, Vay&#039;khulu haShamayim, Shma Koleinu, Lakol Zman v&#039;Et, Elegia para violoncelo y piano, Shlosha Yeladim, Sonata para piano - Institut Europ\u00e9en des Musiques Juives<\/title>\n<meta name=\"robots\" content=\"index, follow, max-snippet:-1, max-image-preview:large, max-video-preview:-1\" \/>\n<link rel=\"canonical\" href=\"https:\/\/www.iemj.org\/es\/parution-de-huit-nouvelles-partitions-ditai-daniel-aux-editions-de-liemj\/\" \/>\n<meta property=\"og:locale\" content=\"es_ES\" \/>\n<meta property=\"og:type\" content=\"article\" \/>\n<meta property=\"og:title\" content=\"Kol Nidrei, Hashkivenu, Vay&#039;khulu haShamayim, Shma Koleinu, Lakol Zman v&#039;Et, Elegia para violoncelo y piano, Shlosha Yeladim, Sonata para piano - Institut Europ\u00e9en des Musiques Juives\" \/>\n<meta property=\"og:description\" content=\"Despu\u00e9s de la publicaci\u00f3n de sus Diez primeras melod\u00edas de Sabba, cuatro para coro y piano y s\u00e9is para voz y piano, Las ediciones del IEMJ tienen el placer anunciar\" \/>\n<meta property=\"og:url\" content=\"https:\/\/www.iemj.org\/es\/parution-de-huit-nouvelles-partitions-ditai-daniel-aux-editions-de-liemj\/\" \/>\n<meta property=\"og:site_name\" content=\"Institut Europ\u00e9en des Musiques Juives\" \/>\n<meta property=\"article:publisher\" content=\"https:\/\/www.facebook.com\/MusiquesJuives\/\" \/>\n<meta property=\"article:published_time\" content=\"2020-12-14T10:51:01+00:00\" \/>\n<meta property=\"article:modified_time\" content=\"2025-08-28T13:21:47+00:00\" \/>\n<meta property=\"og:image\" content=\"https:\/\/www.iemj.org\/wp-content\/uploads\/2020\/12\/arton4940-e1626083559623.jpg\" \/>\n\t<meta property=\"og:image:width\" content=\"350\" \/>\n\t<meta property=\"og:image:height\" content=\"349\" \/>\n\t<meta property=\"og:image:type\" content=\"image\/jpeg\" \/>\n<meta name=\"author\" content=\"Jacqueline ROTEN\" \/>\n<meta name=\"twitter:card\" content=\"summary_large_image\" \/>\n<meta name=\"twitter:label1\" content=\"Escrito por\" \/>\n\t<meta name=\"twitter:data1\" content=\"Jacqueline ROTEN\" \/>\n\t<meta name=\"twitter:label2\" content=\"Tiempo de lectura\" \/>\n\t<meta name=\"twitter:data2\" content=\"2 minutos\" \/>\n<script type=\"application\/ld+json\" class=\"yoast-schema-graph\">{\"@context\":\"https:\\\/\\\/schema.org\",\"@graph\":[{\"@type\":\"Article\",\"@id\":\"https:\\\/\\\/www.iemj.org\\\/es\\\/parution-de-huit-nouvelles-partitions-ditai-daniel-aux-editions-de-liemj\\\/#article\",\"isPartOf\":{\"@id\":\"https:\\\/\\\/www.iemj.org\\\/es\\\/parution-de-huit-nouvelles-partitions-ditai-daniel-aux-editions-de-liemj\\\/\"},\"author\":{\"name\":\"Jacqueline ROTEN\",\"@id\":\"https:\\\/\\\/www.iemj.org\\\/es\\\/#\\\/schema\\\/person\\\/358e26c18aca017fcc4cc15437f7279c\"},\"headline\":\"Kol Nidrei, Hashkivenu, Vay&#8217;khulu haShamayim, Shma Koleinu, Lakol Zman v&#8217;Et, Elegia para violoncelo y piano, Shlosha Yeladim, Sonata para piano\",\"datePublished\":\"2020-12-14T10:51:01+00:00\",\"dateModified\":\"2025-08-28T13:21:47+00:00\",\"mainEntityOfPage\":{\"@id\":\"https:\\\/\\\/www.iemj.org\\\/es\\\/parution-de-huit-nouvelles-partitions-ditai-daniel-aux-editions-de-liemj\\\/\"},\"wordCount\":256,\"publisher\":{\"@id\":\"https:\\\/\\\/www.iemj.org\\\/es\\\/#organization\"},\"image\":{\"@id\":\"https:\\\/\\\/www.iemj.org\\\/es\\\/parution-de-huit-nouvelles-partitions-ditai-daniel-aux-editions-de-liemj\\\/#primaryimage\"},\"thumbnailUrl\":\"https:\\\/\\\/www.iemj.org\\\/wp-content\\\/uploads\\\/2020\\\/12\\\/arton4940-e1626083559623.jpg\",\"articleSection\":[\"Partituras IEMJ\",\"Publicaciones\"],\"inLanguage\":\"es\"},{\"@type\":\"WebPage\",\"@id\":\"https:\\\/\\\/www.iemj.org\\\/es\\\/parution-de-huit-nouvelles-partitions-ditai-daniel-aux-editions-de-liemj\\\/\",\"url\":\"https:\\\/\\\/www.iemj.org\\\/es\\\/parution-de-huit-nouvelles-partitions-ditai-daniel-aux-editions-de-liemj\\\/\",\"name\":\"Kol Nidrei, Hashkivenu, Vay'khulu haShamayim, Shma Koleinu, Lakol Zman v'Et, Elegia para violoncelo y piano, Shlosha Yeladim, Sonata para piano - Institut Europ\u00e9en des Musiques Juives\",\"isPartOf\":{\"@id\":\"https:\\\/\\\/www.iemj.org\\\/es\\\/#website\"},\"primaryImageOfPage\":{\"@id\":\"https:\\\/\\\/www.iemj.org\\\/es\\\/parution-de-huit-nouvelles-partitions-ditai-daniel-aux-editions-de-liemj\\\/#primaryimage\"},\"image\":{\"@id\":\"https:\\\/\\\/www.iemj.org\\\/es\\\/parution-de-huit-nouvelles-partitions-ditai-daniel-aux-editions-de-liemj\\\/#primaryimage\"},\"thumbnailUrl\":\"https:\\\/\\\/www.iemj.org\\\/wp-content\\\/uploads\\\/2020\\\/12\\\/arton4940-e1626083559623.jpg\",\"datePublished\":\"2020-12-14T10:51:01+00:00\",\"dateModified\":\"2025-08-28T13:21:47+00:00\",\"breadcrumb\":{\"@id\":\"https:\\\/\\\/www.iemj.org\\\/es\\\/parution-de-huit-nouvelles-partitions-ditai-daniel-aux-editions-de-liemj\\\/#breadcrumb\"},\"inLanguage\":\"es\",\"potentialAction\":[{\"@type\":\"ReadAction\",\"target\":[\"https:\\\/\\\/www.iemj.org\\\/es\\\/parution-de-huit-nouvelles-partitions-ditai-daniel-aux-editions-de-liemj\\\/\"]}]},{\"@type\":\"ImageObject\",\"inLanguage\":\"es\",\"@id\":\"https:\\\/\\\/www.iemj.org\\\/es\\\/parution-de-huit-nouvelles-partitions-ditai-daniel-aux-editions-de-liemj\\\/#primaryimage\",\"url\":\"https:\\\/\\\/www.iemj.org\\\/wp-content\\\/uploads\\\/2020\\\/12\\\/arton4940-e1626083559623.jpg\",\"contentUrl\":\"https:\\\/\\\/www.iemj.org\\\/wp-content\\\/uploads\\\/2020\\\/12\\\/arton4940-e1626083559623.jpg\",\"width\":350,\"height\":349},{\"@type\":\"BreadcrumbList\",\"@id\":\"https:\\\/\\\/www.iemj.org\\\/es\\\/parution-de-huit-nouvelles-partitions-ditai-daniel-aux-editions-de-liemj\\\/#breadcrumb\",\"itemListElement\":[{\"@type\":\"ListItem\",\"position\":1,\"name\":\"Accueil\",\"item\":\"https:\\\/\\\/www.iemj.org\\\/es\\\/\"},{\"@type\":\"ListItem\",\"position\":2,\"name\":\"Kol Nidrei, Hashkivenu, Vay&#8217;khulu haShamayim, Shma Koleinu, Lakol Zman v&#8217;Et, Elegia para violoncelo y piano, Shlosha Yeladim, Sonata para piano\"}]},{\"@type\":\"WebSite\",\"@id\":\"https:\\\/\\\/www.iemj.org\\\/es\\\/#website\",\"url\":\"https:\\\/\\\/www.iemj.org\\\/es\\\/\",\"name\":\"Institut Europ\u00e9en des Musiques Juives\",\"description\":\"Des traditions musicales \u00e0 la port\u00e9e de tous\",\"publisher\":{\"@id\":\"https:\\\/\\\/www.iemj.org\\\/es\\\/#organization\"},\"potentialAction\":[{\"@type\":\"SearchAction\",\"target\":{\"@type\":\"EntryPoint\",\"urlTemplate\":\"https:\\\/\\\/www.iemj.org\\\/es\\\/?s={search_term_string}\"},\"query-input\":{\"@type\":\"PropertyValueSpecification\",\"valueRequired\":true,\"valueName\":\"search_term_string\"}}],\"inLanguage\":\"es\"},{\"@type\":\"Organization\",\"@id\":\"https:\\\/\\\/www.iemj.org\\\/es\\\/#organization\",\"name\":\"Institut Europ\u00e9en des Musiques Juives\",\"url\":\"https:\\\/\\\/www.iemj.org\\\/es\\\/\",\"logo\":{\"@type\":\"ImageObject\",\"inLanguage\":\"es\",\"@id\":\"https:\\\/\\\/www.iemj.org\\\/es\\\/#\\\/schema\\\/logo\\\/image\\\/\",\"url\":\"https:\\\/\\\/www.iemj.org\\\/wp-content\\\/uploads\\\/2021\\\/09\\\/Logo-IEMJ-Paypal.jpg\",\"contentUrl\":\"https:\\\/\\\/www.iemj.org\\\/wp-content\\\/uploads\\\/2021\\\/09\\\/Logo-IEMJ-Paypal.jpg\",\"width\":150,\"height\":50,\"caption\":\"Institut Europ\u00e9en des Musiques Juives\"},\"image\":{\"@id\":\"https:\\\/\\\/www.iemj.org\\\/es\\\/#\\\/schema\\\/logo\\\/image\\\/\"},\"sameAs\":[\"https:\\\/\\\/www.facebook.com\\\/MusiquesJuives\\\/\",\"https:\\\/\\\/www.instagram.com\\\/musiquesjuives\\\/\",\"https:\\\/\\\/www.youtube.com\\\/user\\\/musiquesjuives\"]},{\"@type\":\"Person\",\"@id\":\"https:\\\/\\\/www.iemj.org\\\/es\\\/#\\\/schema\\\/person\\\/358e26c18aca017fcc4cc15437f7279c\",\"name\":\"Jacqueline ROTEN\",\"image\":{\"@type\":\"ImageObject\",\"inLanguage\":\"es\",\"@id\":\"https:\\\/\\\/secure.gravatar.com\\\/avatar\\\/5964256d6c6957de3a3505278957e0fb2a35119ac47ea41827a65301213c810b?s=96&d=mm&r=g\",\"url\":\"https:\\\/\\\/secure.gravatar.com\\\/avatar\\\/5964256d6c6957de3a3505278957e0fb2a35119ac47ea41827a65301213c810b?s=96&d=mm&r=g\",\"contentUrl\":\"https:\\\/\\\/secure.gravatar.com\\\/avatar\\\/5964256d6c6957de3a3505278957e0fb2a35119ac47ea41827a65301213c810b?s=96&d=mm&r=g\",\"caption\":\"Jacqueline ROTEN\"}}]}<\/script>\n<!-- \/ Yoast SEO plugin. -->","yoast_head_json":{"title":"Kol Nidrei, Hashkivenu, Vay'khulu haShamayim, Shma Koleinu, Lakol Zman v'Et, Elegia para violoncelo y piano, Shlosha Yeladim, Sonata para piano - Institut Europ\u00e9en des Musiques Juives","robots":{"index":"index","follow":"follow","max-snippet":"max-snippet:-1","max-image-preview":"max-image-preview:large","max-video-preview":"max-video-preview:-1"},"canonical":"https:\/\/www.iemj.org\/es\/parution-de-huit-nouvelles-partitions-ditai-daniel-aux-editions-de-liemj\/","og_locale":"es_ES","og_type":"article","og_title":"Kol Nidrei, Hashkivenu, Vay'khulu haShamayim, Shma Koleinu, Lakol Zman v'Et, Elegia para violoncelo y piano, Shlosha Yeladim, Sonata para piano - Institut Europ\u00e9en des Musiques Juives","og_description":"Despu\u00e9s de la publicaci\u00f3n de sus Diez primeras melod\u00edas de Sabba, cuatro para coro y piano y s\u00e9is para voz y piano, Las ediciones del IEMJ tienen el placer anunciar","og_url":"https:\/\/www.iemj.org\/es\/parution-de-huit-nouvelles-partitions-ditai-daniel-aux-editions-de-liemj\/","og_site_name":"Institut Europ\u00e9en des Musiques Juives","article_publisher":"https:\/\/www.facebook.com\/MusiquesJuives\/","article_published_time":"2020-12-14T10:51:01+00:00","article_modified_time":"2025-08-28T13:21:47+00:00","og_image":[{"width":350,"height":349,"url":"https:\/\/www.iemj.org\/wp-content\/uploads\/2020\/12\/arton4940-e1626083559623.jpg","type":"image\/jpeg"}],"author":"Jacqueline ROTEN","twitter_card":"summary_large_image","twitter_misc":{"Escrito por":"Jacqueline ROTEN","Tiempo de lectura":"2 minutos"},"schema":{"@context":"https:\/\/schema.org","@graph":[{"@type":"Article","@id":"https:\/\/www.iemj.org\/es\/parution-de-huit-nouvelles-partitions-ditai-daniel-aux-editions-de-liemj\/#article","isPartOf":{"@id":"https:\/\/www.iemj.org\/es\/parution-de-huit-nouvelles-partitions-ditai-daniel-aux-editions-de-liemj\/"},"author":{"name":"Jacqueline ROTEN","@id":"https:\/\/www.iemj.org\/es\/#\/schema\/person\/358e26c18aca017fcc4cc15437f7279c"},"headline":"Kol Nidrei, Hashkivenu, Vay&#8217;khulu haShamayim, Shma Koleinu, Lakol Zman v&#8217;Et, Elegia para violoncelo y piano, Shlosha Yeladim, Sonata para piano","datePublished":"2020-12-14T10:51:01+00:00","dateModified":"2025-08-28T13:21:47+00:00","mainEntityOfPage":{"@id":"https:\/\/www.iemj.org\/es\/parution-de-huit-nouvelles-partitions-ditai-daniel-aux-editions-de-liemj\/"},"wordCount":256,"publisher":{"@id":"https:\/\/www.iemj.org\/es\/#organization"},"image":{"@id":"https:\/\/www.iemj.org\/es\/parution-de-huit-nouvelles-partitions-ditai-daniel-aux-editions-de-liemj\/#primaryimage"},"thumbnailUrl":"https:\/\/www.iemj.org\/wp-content\/uploads\/2020\/12\/arton4940-e1626083559623.jpg","articleSection":["Partituras IEMJ","Publicaciones"],"inLanguage":"es"},{"@type":"WebPage","@id":"https:\/\/www.iemj.org\/es\/parution-de-huit-nouvelles-partitions-ditai-daniel-aux-editions-de-liemj\/","url":"https:\/\/www.iemj.org\/es\/parution-de-huit-nouvelles-partitions-ditai-daniel-aux-editions-de-liemj\/","name":"Kol Nidrei, Hashkivenu, Vay'khulu haShamayim, Shma Koleinu, Lakol Zman v'Et, Elegia para violoncelo y piano, Shlosha Yeladim, Sonata para piano - Institut Europ\u00e9en des Musiques Juives","isPartOf":{"@id":"https:\/\/www.iemj.org\/es\/#website"},"primaryImageOfPage":{"@id":"https:\/\/www.iemj.org\/es\/parution-de-huit-nouvelles-partitions-ditai-daniel-aux-editions-de-liemj\/#primaryimage"},"image":{"@id":"https:\/\/www.iemj.org\/es\/parution-de-huit-nouvelles-partitions-ditai-daniel-aux-editions-de-liemj\/#primaryimage"},"thumbnailUrl":"https:\/\/www.iemj.org\/wp-content\/uploads\/2020\/12\/arton4940-e1626083559623.jpg","datePublished":"2020-12-14T10:51:01+00:00","dateModified":"2025-08-28T13:21:47+00:00","breadcrumb":{"@id":"https:\/\/www.iemj.org\/es\/parution-de-huit-nouvelles-partitions-ditai-daniel-aux-editions-de-liemj\/#breadcrumb"},"inLanguage":"es","potentialAction":[{"@type":"ReadAction","target":["https:\/\/www.iemj.org\/es\/parution-de-huit-nouvelles-partitions-ditai-daniel-aux-editions-de-liemj\/"]}]},{"@type":"ImageObject","inLanguage":"es","@id":"https:\/\/www.iemj.org\/es\/parution-de-huit-nouvelles-partitions-ditai-daniel-aux-editions-de-liemj\/#primaryimage","url":"https:\/\/www.iemj.org\/wp-content\/uploads\/2020\/12\/arton4940-e1626083559623.jpg","contentUrl":"https:\/\/www.iemj.org\/wp-content\/uploads\/2020\/12\/arton4940-e1626083559623.jpg","width":350,"height":349},{"@type":"BreadcrumbList","@id":"https:\/\/www.iemj.org\/es\/parution-de-huit-nouvelles-partitions-ditai-daniel-aux-editions-de-liemj\/#breadcrumb","itemListElement":[{"@type":"ListItem","position":1,"name":"Accueil","item":"https:\/\/www.iemj.org\/es\/"},{"@type":"ListItem","position":2,"name":"Kol Nidrei, Hashkivenu, Vay&#8217;khulu haShamayim, Shma Koleinu, Lakol Zman v&#8217;Et, Elegia para violoncelo y piano, Shlosha Yeladim, Sonata para piano"}]},{"@type":"WebSite","@id":"https:\/\/www.iemj.org\/es\/#website","url":"https:\/\/www.iemj.org\/es\/","name":"Institut Europ\u00e9en des Musiques Juives","description":"Des traditions musicales \u00e0 la port\u00e9e de tous","publisher":{"@id":"https:\/\/www.iemj.org\/es\/#organization"},"potentialAction":[{"@type":"SearchAction","target":{"@type":"EntryPoint","urlTemplate":"https:\/\/www.iemj.org\/es\/?s={search_term_string}"},"query-input":{"@type":"PropertyValueSpecification","valueRequired":true,"valueName":"search_term_string"}}],"inLanguage":"es"},{"@type":"Organization","@id":"https:\/\/www.iemj.org\/es\/#organization","name":"Institut Europ\u00e9en des Musiques Juives","url":"https:\/\/www.iemj.org\/es\/","logo":{"@type":"ImageObject","inLanguage":"es","@id":"https:\/\/www.iemj.org\/es\/#\/schema\/logo\/image\/","url":"https:\/\/www.iemj.org\/wp-content\/uploads\/2021\/09\/Logo-IEMJ-Paypal.jpg","contentUrl":"https:\/\/www.iemj.org\/wp-content\/uploads\/2021\/09\/Logo-IEMJ-Paypal.jpg","width":150,"height":50,"caption":"Institut Europ\u00e9en des Musiques Juives"},"image":{"@id":"https:\/\/www.iemj.org\/es\/#\/schema\/logo\/image\/"},"sameAs":["https:\/\/www.facebook.com\/MusiquesJuives\/","https:\/\/www.instagram.com\/musiquesjuives\/","https:\/\/www.youtube.com\/user\/musiquesjuives"]},{"@type":"Person","@id":"https:\/\/www.iemj.org\/es\/#\/schema\/person\/358e26c18aca017fcc4cc15437f7279c","name":"Jacqueline ROTEN","image":{"@type":"ImageObject","inLanguage":"es","@id":"https:\/\/secure.gravatar.com\/avatar\/5964256d6c6957de3a3505278957e0fb2a35119ac47ea41827a65301213c810b?s=96&d=mm&r=g","url":"https:\/\/secure.gravatar.com\/avatar\/5964256d6c6957de3a3505278957e0fb2a35119ac47ea41827a65301213c810b?s=96&d=mm&r=g","contentUrl":"https:\/\/secure.gravatar.com\/avatar\/5964256d6c6957de3a3505278957e0fb2a35119ac47ea41827a65301213c810b?s=96&d=mm&r=g","caption":"Jacqueline ROTEN"}}]}},"_links":{"self":[{"href":"https:\/\/www.iemj.org\/es\/wp-json\/wp\/v2\/posts\/54553","targetHints":{"allow":["GET"]}}],"collection":[{"href":"https:\/\/www.iemj.org\/es\/wp-json\/wp\/v2\/posts"}],"about":[{"href":"https:\/\/www.iemj.org\/es\/wp-json\/wp\/v2\/types\/post"}],"author":[{"embeddable":true,"href":"https:\/\/www.iemj.org\/es\/wp-json\/wp\/v2\/users\/5"}],"replies":[{"embeddable":true,"href":"https:\/\/www.iemj.org\/es\/wp-json\/wp\/v2\/comments?post=54553"}],"version-history":[{"count":0,"href":"https:\/\/www.iemj.org\/es\/wp-json\/wp\/v2\/posts\/54553\/revisions"}],"wp:featuredmedia":[{"embeddable":true,"href":"https:\/\/www.iemj.org\/es\/wp-json\/wp\/v2\/media\/54554"}],"wp:attachment":[{"href":"https:\/\/www.iemj.org\/es\/wp-json\/wp\/v2\/media?parent=54553"}],"wp:term":[{"taxonomy":"category","embeddable":true,"href":"https:\/\/www.iemj.org\/es\/wp-json\/wp\/v2\/categories?post=54553"},{"taxonomy":"post_tag","embeddable":true,"href":"https:\/\/www.iemj.org\/es\/wp-json\/wp\/v2\/tags?post=54553"},{"taxonomy":"technique","embeddable":true,"href":"https:\/\/www.iemj.org\/es\/wp-json\/wp\/v2\/technique?post=54553"},{"taxonomy":"squelettes","embeddable":true,"href":"https:\/\/www.iemj.org\/es\/wp-json\/wp\/v2\/squelettes?post=54553"},{"taxonomy":"sujet","embeddable":true,"href":"https:\/\/www.iemj.org\/es\/wp-json\/wp\/v2\/sujet?post=54553"},{"taxonomy":"formation","embeddable":true,"href":"https:\/\/www.iemj.org\/es\/wp-json\/wp\/v2\/formation?post=54553"},{"taxonomy":"genre","embeddable":true,"href":"https:\/\/www.iemj.org\/es\/wp-json\/wp\/v2\/genre?post=54553"},{"taxonomy":"fonds","embeddable":true,"href":"https:\/\/www.iemj.org\/es\/wp-json\/wp\/v2\/fonds?post=54553"},{"taxonomy":"tradition","embeddable":true,"href":"https:\/\/www.iemj.org\/es\/wp-json\/wp\/v2\/tradition?post=54553"},{"taxonomy":"type-de-contenu","embeddable":true,"href":"https:\/\/www.iemj.org\/es\/wp-json\/wp\/v2\/type-de-contenu?post=54553"},{"taxonomy":"interprete-compositeur","embeddable":true,"href":"https:\/\/www.iemj.org\/es\/wp-json\/wp\/v2\/interprete-compositeur?post=54553"},{"taxonomy":"frise","embeddable":true,"href":"https:\/\/www.iemj.org\/es\/wp-json\/wp\/v2\/frise?post=54553"},{"taxonomy":"type-devenement","embeddable":true,"href":"https:\/\/www.iemj.org\/es\/wp-json\/wp\/v2\/type-devenement?post=54553"},{"taxonomy":"tableaux-liens-externes","embeddable":true,"href":"https:\/\/www.iemj.org\/es\/wp-json\/wp\/v2\/tableaux-liens-externes?post=54553"}],"curies":[{"name":"wp","href":"https:\/\/api.w.org\/{rel}","templated":true}]}}