{"id":54742,"date":"2018-05-14T15:47:43","date_gmt":"2018-05-14T13:47:43","guid":{"rendered":"https:\/\/www.iemj.org\/parution-dune-nouvelle-partition-de-fernand-halphen-aux-editions-de-liemj\/"},"modified":"2025-08-27T13:10:40","modified_gmt":"2025-08-27T11:10:40","slug":"parution-dune-nouvelle-partition-de-fernand-halphen-aux-editions-de-liemj","status":"publish","type":"post","link":"https:\/\/www.iemj.org\/es\/parution-dune-nouvelle-partition-de-fernand-halphen-aux-editions-de-liemj\/","title":{"rendered":"Romance en mi mayor para violoncelo y piano"},"content":{"rendered":"<h2>EJEMPLOS SONOROS en pie de p\u00e1gina<\/h2>\n<p><!--more--><\/p>\n<p>Compuesta en 1898 por <strong><a href=\"https:\/\/www.iemj.org\/es\/halphen-fernand-1872-1917\/\" target=\"_blank\" rel=\"noopener\">Fernand Halphen<\/a><\/strong>, la partitura Romance [M\u00fasica rom\u00e1ntica] publicada en las ediciones del IEMJ ha sido el objeto de una <strong>revisi\u00f3n<\/strong> de Jean-Marie Cottet et Jean-Louis Petit.<\/p>\n<p>Adem\u00e1s, se ha de notar que la partitura Romance [M\u00fasica rom\u00e1ntica] a sido programada durante el Concurso de piano-acompa\u00f1amiento que tuvo lugar los 11 y 12 de marzo de 2017, <em>\u00abConcurso Internacional de acompa\u00f1amiento al Piano\u00bb de Paris-Ville d&#8217;Avray<\/em>, organizado por la Asociaci\u00f3n de los Conciertos de Ville d&#8217;Avray, bajo la direcci\u00f3n art\u00edstica de Jean Louis Petit.<\/p>\n<p><a href=\"https:\/\/www.iemj.org\/es\/produit\/halphen-romance-for-cello-and-piano-in-e-major-printed-score\/\" target=\"_blank\" rel=\"noopener\">Pedir la partitura <strong><em>Romance<\/em> <\/strong>en la tienda del IEMJ<\/a><\/p>\n<p><a href=\"https:\/\/www.iemj.org\/es\/categorie-produit\/partituras-es\/compositores-es\/halphen-fernand-es\/\" target=\"_blank\" rel=\"noopener\">Pedir las partituras de Fernand Halphen<\/a><\/p>\n<p><a href=\"https:\/\/www.iemj.org\/es\/product\/fernand-halphen-melodies-pour-piano-et-musique-de-chambre\/\" target=\"_blank\" rel=\"noopener\">Pedir el doble CD <strong><em>Fernand Halphen &#8211; M\u00e9lodies, pi\u00e8ces pour piano et musique de chambre (Melod\u00edas, piezas para piano y m\u00fasica de c\u00e1mara)<\/em><\/strong><\/a><\/p>\n<p><a href=\"https:\/\/www.iemj.org\/es\/produit\/musique-francaise-avant-et-apres-la-grande-guerre\/\" target=\"_blank\" rel=\"noopener\">Pedir el CD <strong>Musique fran\u00e7aise avant et apr\u00e8s la Grande Guerre (M\u00fasica francesa antes y despu\u00e9s de la Gran Guerra)<\/strong><\/a><\/p>\n<p><a href=\"https:\/\/www.iemj.org\/es\/product\/du-salon-au-front-fernand-halphen-1872-1917\/\" target=\"_blank\" rel=\"noopener\">Pedir el libro <strong>Halphen &#8211; du Salon au Front (Del sal\u00f3n al Frente)<\/strong><\/a><\/p>\n<p><a href=\"https:\/\/www.iemj.org\/en\/fernand-halphen-a-jewish-composer-in-the-great-war\/\" target=\"_blank\" rel=\"noopener\">Escuchar la emisi\u00f3n de radio: <strong>F. Halphen &#8211; un compositeur juif dans la Grande Guerre (F. Halphen &#8211; un compositor jud\u00edo durante la Gran Guerra)<\/strong><\/a><\/p>\n\n\n<div class=\"wp-block-columns is-layout-flex wp-container-core-columns-is-layout-9d6595d7 wp-block-columns-is-layout-flex\">\n<div class=\"wp-block-column is-layout-flow wp-block-column-is-layout-flow\">\n<figure class=\"wp-block-embed is-type-video is-provider-youtube wp-block-embed-youtube wp-embed-aspect-4-3 wp-has-aspect-ratio\"><div class=\"wp-block-embed__wrapper\">\n<iframe title=\"Fernand Halphen - Un compositeur dans la grande guerre\" width=\"640\" height=\"480\" src=\"https:\/\/www.youtube.com\/embed\/Harfbc-6fsI?feature=oembed\" frameborder=\"0\" allow=\"accelerometer; autoplay; clipboard-write; encrypted-media; gyroscope; picture-in-picture; web-share\" referrerpolicy=\"strict-origin-when-cross-origin\" allowfullscreen><\/iframe>\n<\/div><figcaption class=\"wp-element-caption\"><strong>Vea el concierto del 6 de abril de 2014 en el Museo de Arte e Historia de los Jud\u00edos (Par\u00eds) con obras musicales de Fernand Halphen<\/strong><\/figcaption><\/figure>\n\n\n\n<p><\/p>\n<\/div>\n<\/div>\n\n\n\n<h2 class=\"wp-block-heading\"><\/h2>\n\n\n<div class=\"wp-block-image\">\n<figure class=\"aligncenter size-large\"><img fetchpriority=\"high\" decoding=\"async\" width=\"1024\" height=\"133\" src=\"https:\/\/www.iemj.org\/wp-content\/uploads\/2024\/03\/AUDIO-PLAYER-1024x133.png\" alt=\"\" class=\"wp-image-110610\" srcset=\"https:\/\/www.iemj.org\/wp-content\/uploads\/2024\/03\/AUDIO-PLAYER-1024x133.png 1024w, https:\/\/www.iemj.org\/wp-content\/uploads\/2024\/03\/AUDIO-PLAYER-300x39.png 300w, https:\/\/www.iemj.org\/wp-content\/uploads\/2024\/03\/AUDIO-PLAYER-768x100.png 768w, https:\/\/www.iemj.org\/wp-content\/uploads\/2024\/03\/AUDIO-PLAYER-600x78.png 600w, https:\/\/www.iemj.org\/wp-content\/uploads\/2024\/03\/AUDIO-PLAYER.png 1210w\" sizes=\"(max-width: 1024px) 100vw, 1024px\" \/><\/figure>\n<\/div>\n\n\n<div class=\"wp-block-file\"><a href=\"https:\/\/www.iemj.org\/wp-content\/uploads\/2018\/05\/romance_decoupe_pour_site.mp3\">Romance pour violoncelle et piano de Fernand Halphen<\/a><\/div>\n\n\n\n<p><\/p>\n","protected":false},"excerpt":{"rendered":"<p>EJEMPLOS SONOROS en pie de p\u00e1gina<\/p>\n","protected":false},"author":5,"featured_media":54743,"comment_status":"closed","ping_status":"open","sticky":false,"template":"","format":"standard","meta":{"_acf_changed":false,"footnotes":""},"categories":[1398,1391],"tags":[],"technique":[],"squelettes":[],"sujet":[],"formation":[],"genre":[1899],"fonds":[],"tradition":[],"type-de-contenu":[],"interprete-compositeur":[3166],"frise":[],"type-devenement":[],"tableaux-liens-externes":[],"class_list":["post-54742","post","type-post","status-publish","format-standard","has-post-thumbnail","hentry","category-partituras-iemj-es","category-publicaciones-es","genre-musica-clasica-es","interprete-compositeur-fernand-halphen-es"],"acf":[],"yoast_head":"<!-- This site is optimized with the Yoast SEO plugin v27.3 - https:\/\/yoast.com\/product\/yoast-seo-wordpress\/ -->\n<title>Romance en mi mayor para violoncelo y piano - Institut Europ\u00e9en des Musiques Juives<\/title>\n<meta name=\"robots\" content=\"index, follow, max-snippet:-1, max-image-preview:large, max-video-preview:-1\" \/>\n<link rel=\"canonical\" href=\"https:\/\/www.iemj.org\/es\/parution-dune-nouvelle-partition-de-fernand-halphen-aux-editions-de-liemj\/\" \/>\n<meta property=\"og:locale\" content=\"es_ES\" \/>\n<meta property=\"og:type\" content=\"article\" \/>\n<meta property=\"og:title\" content=\"Romance en mi mayor para violoncelo y piano - Institut Europ\u00e9en des Musiques Juives\" \/>\n<meta property=\"og:description\" content=\"EJEMPLOS SONOROS en pie de p\u00e1gina\" \/>\n<meta property=\"og:url\" content=\"https:\/\/www.iemj.org\/es\/parution-dune-nouvelle-partition-de-fernand-halphen-aux-editions-de-liemj\/\" \/>\n<meta property=\"og:site_name\" content=\"Institut Europ\u00e9en des Musiques Juives\" \/>\n<meta property=\"article:publisher\" content=\"https:\/\/www.facebook.com\/MusiquesJuives\/\" \/>\n<meta property=\"article:published_time\" content=\"2018-05-14T13:47:43+00:00\" \/>\n<meta property=\"article:modified_time\" content=\"2025-08-27T11:10:40+00:00\" \/>\n<meta property=\"og:image\" content=\"https:\/\/www.iemj.org\/wp-content\/uploads\/2018\/05\/arton3411.jpg\" \/>\n\t<meta property=\"og:image:width\" content=\"317\" \/>\n\t<meta property=\"og:image:height\" content=\"448\" \/>\n\t<meta property=\"og:image:type\" content=\"image\/jpeg\" \/>\n<meta name=\"author\" content=\"Jacqueline ROTEN\" \/>\n<meta name=\"twitter:card\" content=\"summary_large_image\" \/>\n<meta name=\"twitter:label1\" content=\"Escrito por\" \/>\n\t<meta name=\"twitter:data1\" content=\"Jacqueline ROTEN\" \/>\n\t<meta name=\"twitter:label2\" content=\"Tiempo de lectura\" \/>\n\t<meta name=\"twitter:data2\" content=\"2 minutos\" \/>\n<script type=\"application\/ld+json\" class=\"yoast-schema-graph\">{\"@context\":\"https:\\\/\\\/schema.org\",\"@graph\":[{\"@type\":\"Article\",\"@id\":\"https:\\\/\\\/www.iemj.org\\\/es\\\/parution-dune-nouvelle-partition-de-fernand-halphen-aux-editions-de-liemj\\\/#article\",\"isPartOf\":{\"@id\":\"https:\\\/\\\/www.iemj.org\\\/es\\\/parution-dune-nouvelle-partition-de-fernand-halphen-aux-editions-de-liemj\\\/\"},\"author\":{\"name\":\"Jacqueline ROTEN\",\"@id\":\"https:\\\/\\\/www.iemj.org\\\/es\\\/#\\\/schema\\\/person\\\/358e26c18aca017fcc4cc15437f7279c\"},\"headline\":\"Romance en mi mayor para violoncelo y piano\",\"datePublished\":\"2018-05-14T13:47:43+00:00\",\"dateModified\":\"2025-08-27T11:10:40+00:00\",\"mainEntityOfPage\":{\"@id\":\"https:\\\/\\\/www.iemj.org\\\/es\\\/parution-dune-nouvelle-partition-de-fernand-halphen-aux-editions-de-liemj\\\/\"},\"wordCount\":258,\"publisher\":{\"@id\":\"https:\\\/\\\/www.iemj.org\\\/es\\\/#organization\"},\"image\":{\"@id\":\"https:\\\/\\\/www.iemj.org\\\/es\\\/parution-dune-nouvelle-partition-de-fernand-halphen-aux-editions-de-liemj\\\/#primaryimage\"},\"thumbnailUrl\":\"https:\\\/\\\/www.iemj.org\\\/wp-content\\\/uploads\\\/2018\\\/05\\\/arton3411.jpg\",\"articleSection\":[\"Partituras IEMJ\",\"Publicaciones\"],\"inLanguage\":\"es\"},{\"@type\":\"WebPage\",\"@id\":\"https:\\\/\\\/www.iemj.org\\\/es\\\/parution-dune-nouvelle-partition-de-fernand-halphen-aux-editions-de-liemj\\\/\",\"url\":\"https:\\\/\\\/www.iemj.org\\\/es\\\/parution-dune-nouvelle-partition-de-fernand-halphen-aux-editions-de-liemj\\\/\",\"name\":\"Romance en mi mayor para violoncelo y piano - Institut Europ\u00e9en des Musiques Juives\",\"isPartOf\":{\"@id\":\"https:\\\/\\\/www.iemj.org\\\/es\\\/#website\"},\"primaryImageOfPage\":{\"@id\":\"https:\\\/\\\/www.iemj.org\\\/es\\\/parution-dune-nouvelle-partition-de-fernand-halphen-aux-editions-de-liemj\\\/#primaryimage\"},\"image\":{\"@id\":\"https:\\\/\\\/www.iemj.org\\\/es\\\/parution-dune-nouvelle-partition-de-fernand-halphen-aux-editions-de-liemj\\\/#primaryimage\"},\"thumbnailUrl\":\"https:\\\/\\\/www.iemj.org\\\/wp-content\\\/uploads\\\/2018\\\/05\\\/arton3411.jpg\",\"datePublished\":\"2018-05-14T13:47:43+00:00\",\"dateModified\":\"2025-08-27T11:10:40+00:00\",\"breadcrumb\":{\"@id\":\"https:\\\/\\\/www.iemj.org\\\/es\\\/parution-dune-nouvelle-partition-de-fernand-halphen-aux-editions-de-liemj\\\/#breadcrumb\"},\"inLanguage\":\"es\",\"potentialAction\":[{\"@type\":\"ReadAction\",\"target\":[\"https:\\\/\\\/www.iemj.org\\\/es\\\/parution-dune-nouvelle-partition-de-fernand-halphen-aux-editions-de-liemj\\\/\"]}]},{\"@type\":\"ImageObject\",\"inLanguage\":\"es\",\"@id\":\"https:\\\/\\\/www.iemj.org\\\/es\\\/parution-dune-nouvelle-partition-de-fernand-halphen-aux-editions-de-liemj\\\/#primaryimage\",\"url\":\"https:\\\/\\\/www.iemj.org\\\/wp-content\\\/uploads\\\/2018\\\/05\\\/arton3411.jpg\",\"contentUrl\":\"https:\\\/\\\/www.iemj.org\\\/wp-content\\\/uploads\\\/2018\\\/05\\\/arton3411.jpg\",\"width\":317,\"height\":448},{\"@type\":\"BreadcrumbList\",\"@id\":\"https:\\\/\\\/www.iemj.org\\\/es\\\/parution-dune-nouvelle-partition-de-fernand-halphen-aux-editions-de-liemj\\\/#breadcrumb\",\"itemListElement\":[{\"@type\":\"ListItem\",\"position\":1,\"name\":\"Accueil\",\"item\":\"https:\\\/\\\/www.iemj.org\\\/es\\\/\"},{\"@type\":\"ListItem\",\"position\":2,\"name\":\"Romance en mi mayor para violoncelo y piano\"}]},{\"@type\":\"WebSite\",\"@id\":\"https:\\\/\\\/www.iemj.org\\\/es\\\/#website\",\"url\":\"https:\\\/\\\/www.iemj.org\\\/es\\\/\",\"name\":\"Institut Europ\u00e9en des Musiques Juives\",\"description\":\"Des traditions musicales \u00e0 la port\u00e9e de tous\",\"publisher\":{\"@id\":\"https:\\\/\\\/www.iemj.org\\\/es\\\/#organization\"},\"potentialAction\":[{\"@type\":\"SearchAction\",\"target\":{\"@type\":\"EntryPoint\",\"urlTemplate\":\"https:\\\/\\\/www.iemj.org\\\/es\\\/?s={search_term_string}\"},\"query-input\":{\"@type\":\"PropertyValueSpecification\",\"valueRequired\":true,\"valueName\":\"search_term_string\"}}],\"inLanguage\":\"es\"},{\"@type\":\"Organization\",\"@id\":\"https:\\\/\\\/www.iemj.org\\\/es\\\/#organization\",\"name\":\"Institut Europ\u00e9en des Musiques Juives\",\"url\":\"https:\\\/\\\/www.iemj.org\\\/es\\\/\",\"logo\":{\"@type\":\"ImageObject\",\"inLanguage\":\"es\",\"@id\":\"https:\\\/\\\/www.iemj.org\\\/es\\\/#\\\/schema\\\/logo\\\/image\\\/\",\"url\":\"https:\\\/\\\/www.iemj.org\\\/wp-content\\\/uploads\\\/2021\\\/09\\\/Logo-IEMJ-Paypal.jpg\",\"contentUrl\":\"https:\\\/\\\/www.iemj.org\\\/wp-content\\\/uploads\\\/2021\\\/09\\\/Logo-IEMJ-Paypal.jpg\",\"width\":150,\"height\":50,\"caption\":\"Institut Europ\u00e9en des Musiques Juives\"},\"image\":{\"@id\":\"https:\\\/\\\/www.iemj.org\\\/es\\\/#\\\/schema\\\/logo\\\/image\\\/\"},\"sameAs\":[\"https:\\\/\\\/www.facebook.com\\\/MusiquesJuives\\\/\",\"https:\\\/\\\/www.instagram.com\\\/musiquesjuives\\\/\",\"https:\\\/\\\/www.youtube.com\\\/user\\\/musiquesjuives\"]},{\"@type\":\"Person\",\"@id\":\"https:\\\/\\\/www.iemj.org\\\/es\\\/#\\\/schema\\\/person\\\/358e26c18aca017fcc4cc15437f7279c\",\"name\":\"Jacqueline ROTEN\",\"image\":{\"@type\":\"ImageObject\",\"inLanguage\":\"es\",\"@id\":\"https:\\\/\\\/secure.gravatar.com\\\/avatar\\\/5964256d6c6957de3a3505278957e0fb2a35119ac47ea41827a65301213c810b?s=96&d=mm&r=g\",\"url\":\"https:\\\/\\\/secure.gravatar.com\\\/avatar\\\/5964256d6c6957de3a3505278957e0fb2a35119ac47ea41827a65301213c810b?s=96&d=mm&r=g\",\"contentUrl\":\"https:\\\/\\\/secure.gravatar.com\\\/avatar\\\/5964256d6c6957de3a3505278957e0fb2a35119ac47ea41827a65301213c810b?s=96&d=mm&r=g\",\"caption\":\"Jacqueline ROTEN\"}}]}<\/script>\n<!-- \/ Yoast SEO plugin. -->","yoast_head_json":{"title":"Romance en mi mayor para violoncelo y piano - Institut Europ\u00e9en des Musiques Juives","robots":{"index":"index","follow":"follow","max-snippet":"max-snippet:-1","max-image-preview":"max-image-preview:large","max-video-preview":"max-video-preview:-1"},"canonical":"https:\/\/www.iemj.org\/es\/parution-dune-nouvelle-partition-de-fernand-halphen-aux-editions-de-liemj\/","og_locale":"es_ES","og_type":"article","og_title":"Romance en mi mayor para violoncelo y piano - Institut Europ\u00e9en des Musiques Juives","og_description":"EJEMPLOS SONOROS en pie de p\u00e1gina","og_url":"https:\/\/www.iemj.org\/es\/parution-dune-nouvelle-partition-de-fernand-halphen-aux-editions-de-liemj\/","og_site_name":"Institut Europ\u00e9en des Musiques Juives","article_publisher":"https:\/\/www.facebook.com\/MusiquesJuives\/","article_published_time":"2018-05-14T13:47:43+00:00","article_modified_time":"2025-08-27T11:10:40+00:00","og_image":[{"width":317,"height":448,"url":"https:\/\/www.iemj.org\/wp-content\/uploads\/2018\/05\/arton3411.jpg","type":"image\/jpeg"}],"author":"Jacqueline ROTEN","twitter_card":"summary_large_image","twitter_misc":{"Escrito por":"Jacqueline ROTEN","Tiempo de lectura":"2 minutos"},"schema":{"@context":"https:\/\/schema.org","@graph":[{"@type":"Article","@id":"https:\/\/www.iemj.org\/es\/parution-dune-nouvelle-partition-de-fernand-halphen-aux-editions-de-liemj\/#article","isPartOf":{"@id":"https:\/\/www.iemj.org\/es\/parution-dune-nouvelle-partition-de-fernand-halphen-aux-editions-de-liemj\/"},"author":{"name":"Jacqueline ROTEN","@id":"https:\/\/www.iemj.org\/es\/#\/schema\/person\/358e26c18aca017fcc4cc15437f7279c"},"headline":"Romance en mi mayor para violoncelo y piano","datePublished":"2018-05-14T13:47:43+00:00","dateModified":"2025-08-27T11:10:40+00:00","mainEntityOfPage":{"@id":"https:\/\/www.iemj.org\/es\/parution-dune-nouvelle-partition-de-fernand-halphen-aux-editions-de-liemj\/"},"wordCount":258,"publisher":{"@id":"https:\/\/www.iemj.org\/es\/#organization"},"image":{"@id":"https:\/\/www.iemj.org\/es\/parution-dune-nouvelle-partition-de-fernand-halphen-aux-editions-de-liemj\/#primaryimage"},"thumbnailUrl":"https:\/\/www.iemj.org\/wp-content\/uploads\/2018\/05\/arton3411.jpg","articleSection":["Partituras IEMJ","Publicaciones"],"inLanguage":"es"},{"@type":"WebPage","@id":"https:\/\/www.iemj.org\/es\/parution-dune-nouvelle-partition-de-fernand-halphen-aux-editions-de-liemj\/","url":"https:\/\/www.iemj.org\/es\/parution-dune-nouvelle-partition-de-fernand-halphen-aux-editions-de-liemj\/","name":"Romance en mi mayor para violoncelo y piano - Institut Europ\u00e9en des Musiques Juives","isPartOf":{"@id":"https:\/\/www.iemj.org\/es\/#website"},"primaryImageOfPage":{"@id":"https:\/\/www.iemj.org\/es\/parution-dune-nouvelle-partition-de-fernand-halphen-aux-editions-de-liemj\/#primaryimage"},"image":{"@id":"https:\/\/www.iemj.org\/es\/parution-dune-nouvelle-partition-de-fernand-halphen-aux-editions-de-liemj\/#primaryimage"},"thumbnailUrl":"https:\/\/www.iemj.org\/wp-content\/uploads\/2018\/05\/arton3411.jpg","datePublished":"2018-05-14T13:47:43+00:00","dateModified":"2025-08-27T11:10:40+00:00","breadcrumb":{"@id":"https:\/\/www.iemj.org\/es\/parution-dune-nouvelle-partition-de-fernand-halphen-aux-editions-de-liemj\/#breadcrumb"},"inLanguage":"es","potentialAction":[{"@type":"ReadAction","target":["https:\/\/www.iemj.org\/es\/parution-dune-nouvelle-partition-de-fernand-halphen-aux-editions-de-liemj\/"]}]},{"@type":"ImageObject","inLanguage":"es","@id":"https:\/\/www.iemj.org\/es\/parution-dune-nouvelle-partition-de-fernand-halphen-aux-editions-de-liemj\/#primaryimage","url":"https:\/\/www.iemj.org\/wp-content\/uploads\/2018\/05\/arton3411.jpg","contentUrl":"https:\/\/www.iemj.org\/wp-content\/uploads\/2018\/05\/arton3411.jpg","width":317,"height":448},{"@type":"BreadcrumbList","@id":"https:\/\/www.iemj.org\/es\/parution-dune-nouvelle-partition-de-fernand-halphen-aux-editions-de-liemj\/#breadcrumb","itemListElement":[{"@type":"ListItem","position":1,"name":"Accueil","item":"https:\/\/www.iemj.org\/es\/"},{"@type":"ListItem","position":2,"name":"Romance en mi mayor para violoncelo y piano"}]},{"@type":"WebSite","@id":"https:\/\/www.iemj.org\/es\/#website","url":"https:\/\/www.iemj.org\/es\/","name":"Institut Europ\u00e9en des Musiques Juives","description":"Des traditions musicales \u00e0 la port\u00e9e de tous","publisher":{"@id":"https:\/\/www.iemj.org\/es\/#organization"},"potentialAction":[{"@type":"SearchAction","target":{"@type":"EntryPoint","urlTemplate":"https:\/\/www.iemj.org\/es\/?s={search_term_string}"},"query-input":{"@type":"PropertyValueSpecification","valueRequired":true,"valueName":"search_term_string"}}],"inLanguage":"es"},{"@type":"Organization","@id":"https:\/\/www.iemj.org\/es\/#organization","name":"Institut Europ\u00e9en des Musiques Juives","url":"https:\/\/www.iemj.org\/es\/","logo":{"@type":"ImageObject","inLanguage":"es","@id":"https:\/\/www.iemj.org\/es\/#\/schema\/logo\/image\/","url":"https:\/\/www.iemj.org\/wp-content\/uploads\/2021\/09\/Logo-IEMJ-Paypal.jpg","contentUrl":"https:\/\/www.iemj.org\/wp-content\/uploads\/2021\/09\/Logo-IEMJ-Paypal.jpg","width":150,"height":50,"caption":"Institut Europ\u00e9en des Musiques Juives"},"image":{"@id":"https:\/\/www.iemj.org\/es\/#\/schema\/logo\/image\/"},"sameAs":["https:\/\/www.facebook.com\/MusiquesJuives\/","https:\/\/www.instagram.com\/musiquesjuives\/","https:\/\/www.youtube.com\/user\/musiquesjuives"]},{"@type":"Person","@id":"https:\/\/www.iemj.org\/es\/#\/schema\/person\/358e26c18aca017fcc4cc15437f7279c","name":"Jacqueline ROTEN","image":{"@type":"ImageObject","inLanguage":"es","@id":"https:\/\/secure.gravatar.com\/avatar\/5964256d6c6957de3a3505278957e0fb2a35119ac47ea41827a65301213c810b?s=96&d=mm&r=g","url":"https:\/\/secure.gravatar.com\/avatar\/5964256d6c6957de3a3505278957e0fb2a35119ac47ea41827a65301213c810b?s=96&d=mm&r=g","contentUrl":"https:\/\/secure.gravatar.com\/avatar\/5964256d6c6957de3a3505278957e0fb2a35119ac47ea41827a65301213c810b?s=96&d=mm&r=g","caption":"Jacqueline ROTEN"}}]}},"_links":{"self":[{"href":"https:\/\/www.iemj.org\/es\/wp-json\/wp\/v2\/posts\/54742","targetHints":{"allow":["GET"]}}],"collection":[{"href":"https:\/\/www.iemj.org\/es\/wp-json\/wp\/v2\/posts"}],"about":[{"href":"https:\/\/www.iemj.org\/es\/wp-json\/wp\/v2\/types\/post"}],"author":[{"embeddable":true,"href":"https:\/\/www.iemj.org\/es\/wp-json\/wp\/v2\/users\/5"}],"replies":[{"embeddable":true,"href":"https:\/\/www.iemj.org\/es\/wp-json\/wp\/v2\/comments?post=54742"}],"version-history":[{"count":0,"href":"https:\/\/www.iemj.org\/es\/wp-json\/wp\/v2\/posts\/54742\/revisions"}],"wp:featuredmedia":[{"embeddable":true,"href":"https:\/\/www.iemj.org\/es\/wp-json\/wp\/v2\/media\/54743"}],"wp:attachment":[{"href":"https:\/\/www.iemj.org\/es\/wp-json\/wp\/v2\/media?parent=54742"}],"wp:term":[{"taxonomy":"category","embeddable":true,"href":"https:\/\/www.iemj.org\/es\/wp-json\/wp\/v2\/categories?post=54742"},{"taxonomy":"post_tag","embeddable":true,"href":"https:\/\/www.iemj.org\/es\/wp-json\/wp\/v2\/tags?post=54742"},{"taxonomy":"technique","embeddable":true,"href":"https:\/\/www.iemj.org\/es\/wp-json\/wp\/v2\/technique?post=54742"},{"taxonomy":"squelettes","embeddable":true,"href":"https:\/\/www.iemj.org\/es\/wp-json\/wp\/v2\/squelettes?post=54742"},{"taxonomy":"sujet","embeddable":true,"href":"https:\/\/www.iemj.org\/es\/wp-json\/wp\/v2\/sujet?post=54742"},{"taxonomy":"formation","embeddable":true,"href":"https:\/\/www.iemj.org\/es\/wp-json\/wp\/v2\/formation?post=54742"},{"taxonomy":"genre","embeddable":true,"href":"https:\/\/www.iemj.org\/es\/wp-json\/wp\/v2\/genre?post=54742"},{"taxonomy":"fonds","embeddable":true,"href":"https:\/\/www.iemj.org\/es\/wp-json\/wp\/v2\/fonds?post=54742"},{"taxonomy":"tradition","embeddable":true,"href":"https:\/\/www.iemj.org\/es\/wp-json\/wp\/v2\/tradition?post=54742"},{"taxonomy":"type-de-contenu","embeddable":true,"href":"https:\/\/www.iemj.org\/es\/wp-json\/wp\/v2\/type-de-contenu?post=54742"},{"taxonomy":"interprete-compositeur","embeddable":true,"href":"https:\/\/www.iemj.org\/es\/wp-json\/wp\/v2\/interprete-compositeur?post=54742"},{"taxonomy":"frise","embeddable":true,"href":"https:\/\/www.iemj.org\/es\/wp-json\/wp\/v2\/frise?post=54742"},{"taxonomy":"type-devenement","embeddable":true,"href":"https:\/\/www.iemj.org\/es\/wp-json\/wp\/v2\/type-devenement?post=54742"},{"taxonomy":"tableaux-liens-externes","embeddable":true,"href":"https:\/\/www.iemj.org\/es\/wp-json\/wp\/v2\/tableaux-liens-externes?post=54742"}],"curies":[{"name":"wp","href":"https:\/\/api.w.org\/{rel}","templated":true}]}}