{"id":54884,"date":"2018-03-06T17:55:23","date_gmt":"2018-03-06T16:55:23","guid":{"rendered":"https:\/\/www.iemj.org\/parution-de-2-nouvelles-partitions-de-serge-kaufmann-aux-editions-de-liemj\/"},"modified":"2025-08-27T12:57:18","modified_gmt":"2025-08-27T10:57:18","slug":"parution-de-2-nouvelles-partitions-de-serge-kaufmann-aux-editions-de-liemj","status":"publish","type":"post","link":"https:\/\/www.iemj.org\/es\/parution-de-2-nouvelles-partitions-de-serge-kaufmann-aux-editions-de-liemj\/","title":{"rendered":"Kyranne (viol\u00edn, violoncelo, piano y clarinete) \/ Ikh Gedenk (piano)"},"content":{"rendered":"<h3>EJEMPLOS MUSICALES al final de la p\u00e1gina<\/h3>\n<p><!--more--><\/p>\n<p>Compositor, pero tambi\u00e9n hombre de la radio y de la televisi\u00f3n, periodista, productor y director, <a href=\"https:\/\/www.iemj.org\/es\/kaufmann-serge-1930\/\" target=\"_blank\" rel=\"noopener\">Serge Kaufmann<\/a> ha estado enriqueciendo desde casi 30 a\u00f1os el \u00e1mbito de la m\u00fasica jud\u00eda componiendo obras con nombres evocadores: <em>Suite Yiddish<\/em> (<em>Continuaci\u00f3n<\/em> Yiddish), <em>Petite suite klezmer<\/em> (<em>Peque\u00f1a continuaci\u00f3n klezmer<\/em>), <em>Le Maharam de Rothenbourg<\/em>, <em>Neshama<\/em>, <em>Kol nidr\u00e9<\/em>, <em>Yesod<\/em>\u2026<\/p>\n<p>Autor de varias partituras ya publicadas en las ediciones del IEMJ, para voz solista o coro, instrumentos solistas o peque\u00f1o conjunto, disponibles en partituras de papel o en versi\u00f3n digital sobre la <a href=\"https:\/\/www.iemj.org\/es\/tienda\/\" target=\"_blank\" rel=\"noopener\">tienda del IEMJ<\/a>, acaba de publicar <a href=\"https:\/\/www.iemj.org\/es\/product\/kaufmann-kyranne-quartet-for-violin-cello-piano-and-clarinet-printed-score\/\" target=\"_blank\" rel=\"noopener\"><em><strong>Kyranne<\/strong>,\u00a0<\/em>Quatuor pour violon, violoncelle, piano et clarinette\u00a0[Cuarteto para viol\u00edn, violoncelo, piano y clarinete<em>]<\/em><\/a> y <a href=\"https:\/\/www.iemj.org\/es\/product\/kaufmann-ikh-gedenk-i-remember-small-handbook-for-piano-printed-score\/\" target=\"_blank\" rel=\"noopener\"><em><strong>Ikh Gedenk, Je me souviens<\/strong><\/em> [Ikh Gedenk, me acuerdo] &#8211; <em>Petit cahier pour piano [<\/em><em>Peque\u00f1o<\/em><em> cuaderno para piano]<\/em><\/a>.<\/p>\n<p><a href=\"https:\/\/www.iemj.org\/es\/?attachment_id=1183\"><img fetchpriority=\"high\" decoding=\"async\" class=\" alignleft  wp-image-18612\" title=\"Kyranne, Quatuor pour violon, violoncelle, piano et clarinette\" src=\"https:\/\/www.iemj.org\/wp-content\/uploads\/2018\/03\/couv_kyranne_65_.jpg\" alt=\"Kyranne, Quatuor pour violon, violoncelle, piano et clarinette\" width=\"300\" height=\"425\" align=\"left\" data-description=\"Kyranne, Quatuor pour violon, violoncelle, piano et clarinette\" srcset=\"https:\/\/www.iemj.org\/wp-content\/uploads\/2018\/03\/couv_kyranne_65_.jpg 335w, https:\/\/www.iemj.org\/wp-content\/uploads\/2018\/03\/couv_kyranne_65_-212x300.jpg 212w\" sizes=\"(max-width: 300px) 100vw, 300px\" \/><\/a><\/p>\n<p><a href=\"https:\/\/www.iemj.org\/es\/produit\/kaufmann-ikh-gedenk-i-remember-small-handbook-for-piano-printed-score\/\"><img decoding=\"async\" class=\"wp-image-18614 alignleft\" title=\"Ikh Gedenk, Je me souviens - Petit cahier pour piano\" src=\"https:\/\/www.iemj.org\/wp-content\/uploads\/2018\/03\/couv_je_me_souviens_65_.jpg\" alt=\"Ikh Gedenk, Je me souviens - Petit cahier pour piano\" width=\"300\" height=\"426\" align=\"left\" srcset=\"https:\/\/www.iemj.org\/wp-content\/uploads\/2018\/03\/couv_je_me_souviens_65_.jpg 335w, https:\/\/www.iemj.org\/wp-content\/uploads\/2018\/03\/couv_je_me_souviens_65_-211x300.jpg 211w\" sizes=\"(max-width: 300px) 100vw, 300px\" \/><\/a><\/p>\n<p><!--more--><\/p>\n<ul>\n<li><a href=\"https:\/\/www.iemj.org\/es\/product\/kaufmann-kyranne-quartet-for-violin-cello-piano-and-clarinet-printed-score\/\" target=\"_blank\" rel=\"noopener\">Pedir la partitura<em><strong> Kyranne<\/strong><\/em>, para viol\u00edn, violonchelo, clarinete y piano en la tienda online del IEMJ<\/a><\/li>\n<li><a href=\"https:\/\/www.iemj.org\/es\/product\/kaufmann-ikh-gedenk-i-remember-small-handbook-for-piano-printed-score\/\" target=\"_blank\" rel=\"noopener\">Pedir la partitura <em><strong>Ikh Gedenk &#8211; Petit cahier pour piano<\/strong><\/em> en la tienda online del IEMJ<\/a><\/li>\n<li><a href=\"https:\/\/www.iemj.org\/es\/categorie-produit\/partituras-es\/compositores-es\/kaufmann-serge-es\/\" target=\"_blank\" rel=\"noopener\">Pedir otras partituras de Serge Kaufmann en la tienda del IEMJ<\/a><\/li>\n<\/ul>\n<ul>\n<li><a href=\"https:\/\/www.iemj.org\/es\/product\/serge-kaufmann-ima-ou-la-mere-depossedee\/\" target=\"_blank\" rel=\"noopener\">Pedir el CD <em><strong>Ima ou la m\u00e8re d\u00e9poss\u00e9d\u00e9e<\/strong><\/em> [Ima o la madre despojada] de Serge Kaufmann<\/a><\/li>\n<li><a href=\"https:\/\/www.iemj.org\/en\/tribute-concert-to-serge-kaufmann\/\" target=\"_blank\" rel=\"noopener\">Vea extractos del concierto ofrecido el 21 de marzo de 2010, a las 17:00 horas, en la iglesia de Notre-Dame de la Daurade de Tolosa, durante el lanzamiento del CD \u00abSerge Kaufmann &#8211; Ima ou la m\u00e8re d\u00e9poss\u00e9d\u00e9e [Ima o la madre despojada]\u00bb<\/a><\/li>\n<li><a href=\"https:\/\/www.iemj.org\/es\/videos-du-concert-de-gala-de-linstitut-europeen-des-musiques-juives-edition-2015\/\" target=\"_blank\" rel=\"noopener\">Ver extractos del concierto de gala del IEMJ del 6 de noviembre de 2015, en el que <em><strong>la Petite suite klezmer<\/strong><\/em> pour clarinette et piano [Peque\u00f1a continuaci\u00f3n klezmer para clarinete y piano] de Serge Kaufmann se interpret\u00f3 en creaci\u00f3n mundial <\/a><\/li>\n<\/ul>\n\n\n<h2 class=\"wp-block-heading\"><\/h2>\n\n\n<div class=\"wp-block-image\">\n<figure class=\"aligncenter size-large\"><img decoding=\"async\" width=\"1024\" height=\"133\" src=\"https:\/\/www.iemj.org\/wp-content\/uploads\/2024\/03\/AUDIO-PLAYER-1024x133.png\" alt=\"\" class=\"wp-image-110610\" srcset=\"https:\/\/www.iemj.org\/wp-content\/uploads\/2024\/03\/AUDIO-PLAYER-1024x133.png 1024w, https:\/\/www.iemj.org\/wp-content\/uploads\/2024\/03\/AUDIO-PLAYER-300x39.png 300w, https:\/\/www.iemj.org\/wp-content\/uploads\/2024\/03\/AUDIO-PLAYER-768x100.png 768w, https:\/\/www.iemj.org\/wp-content\/uploads\/2024\/03\/AUDIO-PLAYER-600x78.png 600w, https:\/\/www.iemj.org\/wp-content\/uploads\/2024\/03\/AUDIO-PLAYER.png 1210w\" sizes=\"(max-width: 1024px) 100vw, 1024px\" \/><\/figure>\n<\/div>\n\n\n<div class=\"wp-block-file\"><a href=\"https:\/\/www.iemj.org\/wp-content\/uploads\/2015\/10\/neshama_extrait_siteiemj.mp3\">Neshama par Serge Kaufmann (extrait)<\/a><\/div>\n\n\n\n<div class=\"wp-block-file\"><a href=\"https:\/\/www.iemj.org\/wp-content\/uploads\/2015\/10\/kol_nidre_extrait_siteiemj.mp3\">Kol nidr\u00e9 par Serge Kaufmann (extrait)<\/a><\/div>\n\n\n\n<div class=\"wp-block-file\"><a href=\"https:\/\/www.iemj.org\/wp-content\/uploads\/2015\/10\/balade_klezmer_extrait_siteiemj.mp3\">Balade klezmer par Serge Kaufmann (extrait)<\/a><\/div>\n\n\n\n<p><\/p>\n","protected":false},"excerpt":{"rendered":"<p>EJEMPLOS MUSICALES al final de la p\u00e1gina<\/p>\n","protected":false},"author":5,"featured_media":54885,"comment_status":"closed","ping_status":"open","sticky":false,"template":"","format":"standard","meta":{"_acf_changed":false,"footnotes":""},"categories":[1398,1391],"tags":[],"technique":[],"squelettes":[],"sujet":[],"formation":[],"genre":[1899],"fonds":[],"tradition":[],"type-de-contenu":[],"interprete-compositeur":[3292],"frise":[],"type-devenement":[],"tableaux-liens-externes":[],"class_list":["post-54884","post","type-post","status-publish","format-standard","has-post-thumbnail","hentry","category-partituras-iemj-es","category-publicaciones-es","genre-musica-clasica-es","interprete-compositeur-serge-kaufmann-es"],"acf":[],"yoast_head":"<!-- This site is optimized with the Yoast SEO plugin v27.3 - https:\/\/yoast.com\/product\/yoast-seo-wordpress\/ -->\n<title>Kyranne (viol\u00edn, violoncelo, piano y clarinete) \/ Ikh Gedenk (piano) - Institut Europ\u00e9en des Musiques Juives<\/title>\n<meta name=\"robots\" content=\"index, follow, max-snippet:-1, max-image-preview:large, max-video-preview:-1\" \/>\n<link rel=\"canonical\" href=\"https:\/\/www.iemj.org\/es\/parution-de-2-nouvelles-partitions-de-serge-kaufmann-aux-editions-de-liemj\/\" \/>\n<meta property=\"og:locale\" content=\"es_ES\" \/>\n<meta property=\"og:type\" content=\"article\" \/>\n<meta property=\"og:title\" content=\"Kyranne (viol\u00edn, violoncelo, piano y clarinete) \/ Ikh Gedenk (piano) - Institut Europ\u00e9en des Musiques Juives\" \/>\n<meta property=\"og:description\" content=\"EJEMPLOS MUSICALES al final de la p\u00e1gina\" \/>\n<meta property=\"og:url\" content=\"https:\/\/www.iemj.org\/es\/parution-de-2-nouvelles-partitions-de-serge-kaufmann-aux-editions-de-liemj\/\" \/>\n<meta property=\"og:site_name\" content=\"Institut Europ\u00e9en des Musiques Juives\" \/>\n<meta property=\"article:publisher\" content=\"https:\/\/www.facebook.com\/MusiquesJuives\/\" \/>\n<meta property=\"article:published_time\" content=\"2018-03-06T16:55:23+00:00\" \/>\n<meta property=\"article:modified_time\" content=\"2025-08-27T10:57:18+00:00\" \/>\n<meta property=\"og:image\" content=\"https:\/\/www.iemj.org\/wp-content\/uploads\/2018\/03\/arton3219-e1626101193122.jpg\" \/>\n\t<meta property=\"og:image:width\" content=\"350\" \/>\n\t<meta property=\"og:image:height\" content=\"248\" \/>\n\t<meta property=\"og:image:type\" content=\"image\/jpeg\" \/>\n<meta name=\"author\" content=\"Jacqueline ROTEN\" \/>\n<meta name=\"twitter:card\" content=\"summary_large_image\" \/>\n<meta name=\"twitter:label1\" content=\"Escrito por\" \/>\n\t<meta name=\"twitter:data1\" content=\"Jacqueline ROTEN\" \/>\n\t<meta name=\"twitter:label2\" content=\"Tiempo de lectura\" \/>\n\t<meta name=\"twitter:data2\" content=\"3 minutos\" \/>\n<script type=\"application\/ld+json\" class=\"yoast-schema-graph\">{\"@context\":\"https:\\\/\\\/schema.org\",\"@graph\":[{\"@type\":\"Article\",\"@id\":\"https:\\\/\\\/www.iemj.org\\\/es\\\/parution-de-2-nouvelles-partitions-de-serge-kaufmann-aux-editions-de-liemj\\\/#article\",\"isPartOf\":{\"@id\":\"https:\\\/\\\/www.iemj.org\\\/es\\\/parution-de-2-nouvelles-partitions-de-serge-kaufmann-aux-editions-de-liemj\\\/\"},\"author\":{\"name\":\"Jacqueline ROTEN\",\"@id\":\"https:\\\/\\\/www.iemj.org\\\/es\\\/#\\\/schema\\\/person\\\/358e26c18aca017fcc4cc15437f7279c\"},\"headline\":\"Kyranne (viol\u00edn, violoncelo, piano y clarinete) \\\/ Ikh Gedenk (piano)\",\"datePublished\":\"2018-03-06T16:55:23+00:00\",\"dateModified\":\"2025-08-27T10:57:18+00:00\",\"mainEntityOfPage\":{\"@id\":\"https:\\\/\\\/www.iemj.org\\\/es\\\/parution-de-2-nouvelles-partitions-de-serge-kaufmann-aux-editions-de-liemj\\\/\"},\"wordCount\":320,\"publisher\":{\"@id\":\"https:\\\/\\\/www.iemj.org\\\/es\\\/#organization\"},\"image\":{\"@id\":\"https:\\\/\\\/www.iemj.org\\\/es\\\/parution-de-2-nouvelles-partitions-de-serge-kaufmann-aux-editions-de-liemj\\\/#primaryimage\"},\"thumbnailUrl\":\"https:\\\/\\\/www.iemj.org\\\/wp-content\\\/uploads\\\/2018\\\/03\\\/arton3219-e1626101193122.jpg\",\"articleSection\":[\"Partituras IEMJ\",\"Publicaciones\"],\"inLanguage\":\"es\"},{\"@type\":\"WebPage\",\"@id\":\"https:\\\/\\\/www.iemj.org\\\/es\\\/parution-de-2-nouvelles-partitions-de-serge-kaufmann-aux-editions-de-liemj\\\/\",\"url\":\"https:\\\/\\\/www.iemj.org\\\/es\\\/parution-de-2-nouvelles-partitions-de-serge-kaufmann-aux-editions-de-liemj\\\/\",\"name\":\"Kyranne (viol\u00edn, violoncelo, piano y clarinete) \\\/ Ikh Gedenk (piano) - Institut Europ\u00e9en des Musiques Juives\",\"isPartOf\":{\"@id\":\"https:\\\/\\\/www.iemj.org\\\/es\\\/#website\"},\"primaryImageOfPage\":{\"@id\":\"https:\\\/\\\/www.iemj.org\\\/es\\\/parution-de-2-nouvelles-partitions-de-serge-kaufmann-aux-editions-de-liemj\\\/#primaryimage\"},\"image\":{\"@id\":\"https:\\\/\\\/www.iemj.org\\\/es\\\/parution-de-2-nouvelles-partitions-de-serge-kaufmann-aux-editions-de-liemj\\\/#primaryimage\"},\"thumbnailUrl\":\"https:\\\/\\\/www.iemj.org\\\/wp-content\\\/uploads\\\/2018\\\/03\\\/arton3219-e1626101193122.jpg\",\"datePublished\":\"2018-03-06T16:55:23+00:00\",\"dateModified\":\"2025-08-27T10:57:18+00:00\",\"breadcrumb\":{\"@id\":\"https:\\\/\\\/www.iemj.org\\\/es\\\/parution-de-2-nouvelles-partitions-de-serge-kaufmann-aux-editions-de-liemj\\\/#breadcrumb\"},\"inLanguage\":\"es\",\"potentialAction\":[{\"@type\":\"ReadAction\",\"target\":[\"https:\\\/\\\/www.iemj.org\\\/es\\\/parution-de-2-nouvelles-partitions-de-serge-kaufmann-aux-editions-de-liemj\\\/\"]}]},{\"@type\":\"ImageObject\",\"inLanguage\":\"es\",\"@id\":\"https:\\\/\\\/www.iemj.org\\\/es\\\/parution-de-2-nouvelles-partitions-de-serge-kaufmann-aux-editions-de-liemj\\\/#primaryimage\",\"url\":\"https:\\\/\\\/www.iemj.org\\\/wp-content\\\/uploads\\\/2018\\\/03\\\/arton3219-e1626101193122.jpg\",\"contentUrl\":\"https:\\\/\\\/www.iemj.org\\\/wp-content\\\/uploads\\\/2018\\\/03\\\/arton3219-e1626101193122.jpg\",\"width\":350,\"height\":248},{\"@type\":\"BreadcrumbList\",\"@id\":\"https:\\\/\\\/www.iemj.org\\\/es\\\/parution-de-2-nouvelles-partitions-de-serge-kaufmann-aux-editions-de-liemj\\\/#breadcrumb\",\"itemListElement\":[{\"@type\":\"ListItem\",\"position\":1,\"name\":\"Accueil\",\"item\":\"https:\\\/\\\/www.iemj.org\\\/es\\\/\"},{\"@type\":\"ListItem\",\"position\":2,\"name\":\"Kyranne (viol\u00edn, violoncelo, piano y clarinete) \\\/ Ikh Gedenk (piano)\"}]},{\"@type\":\"WebSite\",\"@id\":\"https:\\\/\\\/www.iemj.org\\\/es\\\/#website\",\"url\":\"https:\\\/\\\/www.iemj.org\\\/es\\\/\",\"name\":\"Institut Europ\u00e9en des Musiques Juives\",\"description\":\"Des traditions musicales \u00e0 la port\u00e9e de tous\",\"publisher\":{\"@id\":\"https:\\\/\\\/www.iemj.org\\\/es\\\/#organization\"},\"potentialAction\":[{\"@type\":\"SearchAction\",\"target\":{\"@type\":\"EntryPoint\",\"urlTemplate\":\"https:\\\/\\\/www.iemj.org\\\/es\\\/?s={search_term_string}\"},\"query-input\":{\"@type\":\"PropertyValueSpecification\",\"valueRequired\":true,\"valueName\":\"search_term_string\"}}],\"inLanguage\":\"es\"},{\"@type\":\"Organization\",\"@id\":\"https:\\\/\\\/www.iemj.org\\\/es\\\/#organization\",\"name\":\"Institut Europ\u00e9en des Musiques Juives\",\"url\":\"https:\\\/\\\/www.iemj.org\\\/es\\\/\",\"logo\":{\"@type\":\"ImageObject\",\"inLanguage\":\"es\",\"@id\":\"https:\\\/\\\/www.iemj.org\\\/es\\\/#\\\/schema\\\/logo\\\/image\\\/\",\"url\":\"https:\\\/\\\/www.iemj.org\\\/wp-content\\\/uploads\\\/2021\\\/09\\\/Logo-IEMJ-Paypal.jpg\",\"contentUrl\":\"https:\\\/\\\/www.iemj.org\\\/wp-content\\\/uploads\\\/2021\\\/09\\\/Logo-IEMJ-Paypal.jpg\",\"width\":150,\"height\":50,\"caption\":\"Institut Europ\u00e9en des Musiques Juives\"},\"image\":{\"@id\":\"https:\\\/\\\/www.iemj.org\\\/es\\\/#\\\/schema\\\/logo\\\/image\\\/\"},\"sameAs\":[\"https:\\\/\\\/www.facebook.com\\\/MusiquesJuives\\\/\",\"https:\\\/\\\/www.instagram.com\\\/musiquesjuives\\\/\",\"https:\\\/\\\/www.youtube.com\\\/user\\\/musiquesjuives\"]},{\"@type\":\"Person\",\"@id\":\"https:\\\/\\\/www.iemj.org\\\/es\\\/#\\\/schema\\\/person\\\/358e26c18aca017fcc4cc15437f7279c\",\"name\":\"Jacqueline ROTEN\",\"image\":{\"@type\":\"ImageObject\",\"inLanguage\":\"es\",\"@id\":\"https:\\\/\\\/secure.gravatar.com\\\/avatar\\\/5964256d6c6957de3a3505278957e0fb2a35119ac47ea41827a65301213c810b?s=96&d=mm&r=g\",\"url\":\"https:\\\/\\\/secure.gravatar.com\\\/avatar\\\/5964256d6c6957de3a3505278957e0fb2a35119ac47ea41827a65301213c810b?s=96&d=mm&r=g\",\"contentUrl\":\"https:\\\/\\\/secure.gravatar.com\\\/avatar\\\/5964256d6c6957de3a3505278957e0fb2a35119ac47ea41827a65301213c810b?s=96&d=mm&r=g\",\"caption\":\"Jacqueline ROTEN\"}}]}<\/script>\n<!-- \/ Yoast SEO plugin. -->","yoast_head_json":{"title":"Kyranne (viol\u00edn, violoncelo, piano y clarinete) \/ Ikh Gedenk (piano) - Institut Europ\u00e9en des Musiques Juives","robots":{"index":"index","follow":"follow","max-snippet":"max-snippet:-1","max-image-preview":"max-image-preview:large","max-video-preview":"max-video-preview:-1"},"canonical":"https:\/\/www.iemj.org\/es\/parution-de-2-nouvelles-partitions-de-serge-kaufmann-aux-editions-de-liemj\/","og_locale":"es_ES","og_type":"article","og_title":"Kyranne (viol\u00edn, violoncelo, piano y clarinete) \/ Ikh Gedenk (piano) - Institut Europ\u00e9en des Musiques Juives","og_description":"EJEMPLOS MUSICALES al final de la p\u00e1gina","og_url":"https:\/\/www.iemj.org\/es\/parution-de-2-nouvelles-partitions-de-serge-kaufmann-aux-editions-de-liemj\/","og_site_name":"Institut Europ\u00e9en des Musiques Juives","article_publisher":"https:\/\/www.facebook.com\/MusiquesJuives\/","article_published_time":"2018-03-06T16:55:23+00:00","article_modified_time":"2025-08-27T10:57:18+00:00","og_image":[{"width":350,"height":248,"url":"https:\/\/www.iemj.org\/wp-content\/uploads\/2018\/03\/arton3219-e1626101193122.jpg","type":"image\/jpeg"}],"author":"Jacqueline ROTEN","twitter_card":"summary_large_image","twitter_misc":{"Escrito por":"Jacqueline ROTEN","Tiempo de lectura":"3 minutos"},"schema":{"@context":"https:\/\/schema.org","@graph":[{"@type":"Article","@id":"https:\/\/www.iemj.org\/es\/parution-de-2-nouvelles-partitions-de-serge-kaufmann-aux-editions-de-liemj\/#article","isPartOf":{"@id":"https:\/\/www.iemj.org\/es\/parution-de-2-nouvelles-partitions-de-serge-kaufmann-aux-editions-de-liemj\/"},"author":{"name":"Jacqueline ROTEN","@id":"https:\/\/www.iemj.org\/es\/#\/schema\/person\/358e26c18aca017fcc4cc15437f7279c"},"headline":"Kyranne (viol\u00edn, violoncelo, piano y clarinete) \/ Ikh Gedenk (piano)","datePublished":"2018-03-06T16:55:23+00:00","dateModified":"2025-08-27T10:57:18+00:00","mainEntityOfPage":{"@id":"https:\/\/www.iemj.org\/es\/parution-de-2-nouvelles-partitions-de-serge-kaufmann-aux-editions-de-liemj\/"},"wordCount":320,"publisher":{"@id":"https:\/\/www.iemj.org\/es\/#organization"},"image":{"@id":"https:\/\/www.iemj.org\/es\/parution-de-2-nouvelles-partitions-de-serge-kaufmann-aux-editions-de-liemj\/#primaryimage"},"thumbnailUrl":"https:\/\/www.iemj.org\/wp-content\/uploads\/2018\/03\/arton3219-e1626101193122.jpg","articleSection":["Partituras IEMJ","Publicaciones"],"inLanguage":"es"},{"@type":"WebPage","@id":"https:\/\/www.iemj.org\/es\/parution-de-2-nouvelles-partitions-de-serge-kaufmann-aux-editions-de-liemj\/","url":"https:\/\/www.iemj.org\/es\/parution-de-2-nouvelles-partitions-de-serge-kaufmann-aux-editions-de-liemj\/","name":"Kyranne (viol\u00edn, violoncelo, piano y clarinete) \/ Ikh Gedenk (piano) - Institut Europ\u00e9en des Musiques Juives","isPartOf":{"@id":"https:\/\/www.iemj.org\/es\/#website"},"primaryImageOfPage":{"@id":"https:\/\/www.iemj.org\/es\/parution-de-2-nouvelles-partitions-de-serge-kaufmann-aux-editions-de-liemj\/#primaryimage"},"image":{"@id":"https:\/\/www.iemj.org\/es\/parution-de-2-nouvelles-partitions-de-serge-kaufmann-aux-editions-de-liemj\/#primaryimage"},"thumbnailUrl":"https:\/\/www.iemj.org\/wp-content\/uploads\/2018\/03\/arton3219-e1626101193122.jpg","datePublished":"2018-03-06T16:55:23+00:00","dateModified":"2025-08-27T10:57:18+00:00","breadcrumb":{"@id":"https:\/\/www.iemj.org\/es\/parution-de-2-nouvelles-partitions-de-serge-kaufmann-aux-editions-de-liemj\/#breadcrumb"},"inLanguage":"es","potentialAction":[{"@type":"ReadAction","target":["https:\/\/www.iemj.org\/es\/parution-de-2-nouvelles-partitions-de-serge-kaufmann-aux-editions-de-liemj\/"]}]},{"@type":"ImageObject","inLanguage":"es","@id":"https:\/\/www.iemj.org\/es\/parution-de-2-nouvelles-partitions-de-serge-kaufmann-aux-editions-de-liemj\/#primaryimage","url":"https:\/\/www.iemj.org\/wp-content\/uploads\/2018\/03\/arton3219-e1626101193122.jpg","contentUrl":"https:\/\/www.iemj.org\/wp-content\/uploads\/2018\/03\/arton3219-e1626101193122.jpg","width":350,"height":248},{"@type":"BreadcrumbList","@id":"https:\/\/www.iemj.org\/es\/parution-de-2-nouvelles-partitions-de-serge-kaufmann-aux-editions-de-liemj\/#breadcrumb","itemListElement":[{"@type":"ListItem","position":1,"name":"Accueil","item":"https:\/\/www.iemj.org\/es\/"},{"@type":"ListItem","position":2,"name":"Kyranne (viol\u00edn, violoncelo, piano y clarinete) \/ Ikh Gedenk (piano)"}]},{"@type":"WebSite","@id":"https:\/\/www.iemj.org\/es\/#website","url":"https:\/\/www.iemj.org\/es\/","name":"Institut Europ\u00e9en des Musiques Juives","description":"Des traditions musicales \u00e0 la port\u00e9e de tous","publisher":{"@id":"https:\/\/www.iemj.org\/es\/#organization"},"potentialAction":[{"@type":"SearchAction","target":{"@type":"EntryPoint","urlTemplate":"https:\/\/www.iemj.org\/es\/?s={search_term_string}"},"query-input":{"@type":"PropertyValueSpecification","valueRequired":true,"valueName":"search_term_string"}}],"inLanguage":"es"},{"@type":"Organization","@id":"https:\/\/www.iemj.org\/es\/#organization","name":"Institut Europ\u00e9en des Musiques Juives","url":"https:\/\/www.iemj.org\/es\/","logo":{"@type":"ImageObject","inLanguage":"es","@id":"https:\/\/www.iemj.org\/es\/#\/schema\/logo\/image\/","url":"https:\/\/www.iemj.org\/wp-content\/uploads\/2021\/09\/Logo-IEMJ-Paypal.jpg","contentUrl":"https:\/\/www.iemj.org\/wp-content\/uploads\/2021\/09\/Logo-IEMJ-Paypal.jpg","width":150,"height":50,"caption":"Institut Europ\u00e9en des Musiques Juives"},"image":{"@id":"https:\/\/www.iemj.org\/es\/#\/schema\/logo\/image\/"},"sameAs":["https:\/\/www.facebook.com\/MusiquesJuives\/","https:\/\/www.instagram.com\/musiquesjuives\/","https:\/\/www.youtube.com\/user\/musiquesjuives"]},{"@type":"Person","@id":"https:\/\/www.iemj.org\/es\/#\/schema\/person\/358e26c18aca017fcc4cc15437f7279c","name":"Jacqueline ROTEN","image":{"@type":"ImageObject","inLanguage":"es","@id":"https:\/\/secure.gravatar.com\/avatar\/5964256d6c6957de3a3505278957e0fb2a35119ac47ea41827a65301213c810b?s=96&d=mm&r=g","url":"https:\/\/secure.gravatar.com\/avatar\/5964256d6c6957de3a3505278957e0fb2a35119ac47ea41827a65301213c810b?s=96&d=mm&r=g","contentUrl":"https:\/\/secure.gravatar.com\/avatar\/5964256d6c6957de3a3505278957e0fb2a35119ac47ea41827a65301213c810b?s=96&d=mm&r=g","caption":"Jacqueline ROTEN"}}]}},"_links":{"self":[{"href":"https:\/\/www.iemj.org\/es\/wp-json\/wp\/v2\/posts\/54884","targetHints":{"allow":["GET"]}}],"collection":[{"href":"https:\/\/www.iemj.org\/es\/wp-json\/wp\/v2\/posts"}],"about":[{"href":"https:\/\/www.iemj.org\/es\/wp-json\/wp\/v2\/types\/post"}],"author":[{"embeddable":true,"href":"https:\/\/www.iemj.org\/es\/wp-json\/wp\/v2\/users\/5"}],"replies":[{"embeddable":true,"href":"https:\/\/www.iemj.org\/es\/wp-json\/wp\/v2\/comments?post=54884"}],"version-history":[{"count":0,"href":"https:\/\/www.iemj.org\/es\/wp-json\/wp\/v2\/posts\/54884\/revisions"}],"wp:featuredmedia":[{"embeddable":true,"href":"https:\/\/www.iemj.org\/es\/wp-json\/wp\/v2\/media\/54885"}],"wp:attachment":[{"href":"https:\/\/www.iemj.org\/es\/wp-json\/wp\/v2\/media?parent=54884"}],"wp:term":[{"taxonomy":"category","embeddable":true,"href":"https:\/\/www.iemj.org\/es\/wp-json\/wp\/v2\/categories?post=54884"},{"taxonomy":"post_tag","embeddable":true,"href":"https:\/\/www.iemj.org\/es\/wp-json\/wp\/v2\/tags?post=54884"},{"taxonomy":"technique","embeddable":true,"href":"https:\/\/www.iemj.org\/es\/wp-json\/wp\/v2\/technique?post=54884"},{"taxonomy":"squelettes","embeddable":true,"href":"https:\/\/www.iemj.org\/es\/wp-json\/wp\/v2\/squelettes?post=54884"},{"taxonomy":"sujet","embeddable":true,"href":"https:\/\/www.iemj.org\/es\/wp-json\/wp\/v2\/sujet?post=54884"},{"taxonomy":"formation","embeddable":true,"href":"https:\/\/www.iemj.org\/es\/wp-json\/wp\/v2\/formation?post=54884"},{"taxonomy":"genre","embeddable":true,"href":"https:\/\/www.iemj.org\/es\/wp-json\/wp\/v2\/genre?post=54884"},{"taxonomy":"fonds","embeddable":true,"href":"https:\/\/www.iemj.org\/es\/wp-json\/wp\/v2\/fonds?post=54884"},{"taxonomy":"tradition","embeddable":true,"href":"https:\/\/www.iemj.org\/es\/wp-json\/wp\/v2\/tradition?post=54884"},{"taxonomy":"type-de-contenu","embeddable":true,"href":"https:\/\/www.iemj.org\/es\/wp-json\/wp\/v2\/type-de-contenu?post=54884"},{"taxonomy":"interprete-compositeur","embeddable":true,"href":"https:\/\/www.iemj.org\/es\/wp-json\/wp\/v2\/interprete-compositeur?post=54884"},{"taxonomy":"frise","embeddable":true,"href":"https:\/\/www.iemj.org\/es\/wp-json\/wp\/v2\/frise?post=54884"},{"taxonomy":"type-devenement","embeddable":true,"href":"https:\/\/www.iemj.org\/es\/wp-json\/wp\/v2\/type-devenement?post=54884"},{"taxonomy":"tableaux-liens-externes","embeddable":true,"href":"https:\/\/www.iemj.org\/es\/wp-json\/wp\/v2\/tableaux-liens-externes?post=54884"}],"curies":[{"name":"wp","href":"https:\/\/api.w.org\/{rel}","templated":true}]}}