{"id":55422,"date":"2017-05-18T11:27:56","date_gmt":"2017-05-18T09:27:56","guid":{"rendered":"https:\/\/www.iemj.org\/becache-jean-1911-1985\/"},"modified":"2021-07-15T12:38:56","modified_gmt":"2021-07-15T10:38:56","slug":"becache-jean-1911-1985","status":"publish","type":"post","link":"https:\/\/www.iemj.org\/es\/becache-jean-1911-1985\/","title":{"rendered":"B\u00e9cache, Jean (1911-1985)"},"content":{"rendered":"<h4>\u00a0<\/h4>\n<p><!--more--><\/p>\n<h4>La familia B\u00e9cache: de rab\u00ed hasta m\u00fasico<\/h4>\n<p>El abuelo de Jean B\u00e9cache, Shalom B\u00e9cache, naci\u00f3 en Bombay en 1848. Era originario de Bagdad y hablaba el \u00e1rabe iraqu\u00ed. Durante una peregrinaci\u00f3n en Safed, se enamoro perdidamente de una joven argelina y la sigui\u00f3 en Argelia, donde se vuelva rab\u00ed de la sinagoga Ben Thoa, la sinagoga m\u00e1s peque\u00f1a de Argel, donde se cantaba melod\u00edas argelinas y iraqu\u00edes. Shalom B\u00e9cache ha fundado tambi\u00e9n una imprenta hebrea en Argel (editaba particularmente libros de Jules Verne traducidos en hebreo) y ha contribuido a revisiones peri\u00f3dicas hebraicas. En el plano culinario, import\u00f3 en Argelia recetas de cocina iraqu\u00ed, cuyo la manera muy personal de la familia B\u00e9cache cocinar el <em>harosset<\/em> (1) con miel de d\u00e1tiles.<\/p>\n<p>Ben Sion B\u00e9cache, el hijo mayor de Shalom B\u00e9cache, era titular de una c\u00e1tedra de idiomas orientales, y hablaba el<img fetchpriority=\"high\" decoding=\"async\" class=\" alignright  wp-image-55482\" src=\"https:\/\/www.iemj.org\/wp-content\/uploads\/2017\/05\/bekache002.jpg\" alt=\"bekache002.jpg\" width=\"290\" height=\"320\" align=\"right\" srcset=\"https:\/\/www.iemj.org\/wp-content\/uploads\/2017\/05\/bekache002.jpg 362w, https:\/\/www.iemj.org\/wp-content\/uploads\/2017\/05\/bekache002-272x300.jpg 272w\" sizes=\"(max-width: 290px) 100vw, 290px\" \/> \u00e1rabe cl\u00e1sico y dialectal, el hebreo, el arameo, y el siriaco. Durante la guerra de 1914, era oficial de marina, particip\u00f3 al desembarque de Dardanelos y fue a Sal\u00f3nica.<br \/>Ben Sion B\u00e9cache tuvo 5 hijos: Jean (Charles), medico y m\u00fasico, naci\u00f3 el 28 de enero de 1911, ha recibido diversos precios del conservatorio de Argel en contrabajo, violoncelo, composici\u00f3n y armonio; Elys\u00e9e, su hermano, tambi\u00e9n medico, recibi\u00f3 un 1ro precio de viol\u00edn; un otro hermano, Ary, tocaba viol\u00edn y era psiquiatra; Mathieu tocaba oboe, corno ingl\u00e9s, y era juez; por fin Mireille era pianista y farmac\u00e9utica.<\/p>\n<h4>La 2a guerra mundial<\/h4>\n<p>En 1935-36, Jean B\u00e9cache se fue de Argelia y se instal\u00f3 en Francia. Su hijo, Pierre Ben Sion B\u00e9cache, naci\u00f3 el 14 de junio de 1938 en Livry Gargan (93).<br \/>En v\u00edsperas de la guerra en 1939, Jean B\u00e9cache est\u00e1 convocado como medico de la Guardia nacional m\u00f3vil en Drancy. Consciente del peligro, manda su mujer y su hijo en Argel, donde Pierre crece de 1939 a 1945. En 1940, Jean, que no se hab\u00eda hecho censado como jud\u00edo junto a las autoridades, continua su trabajo de medico de la Guarda nacional m\u00f3vil a pesar de la Ocupaci\u00f3n y de las primeras medidas antisemitas (2). Alg\u00fan tiempo despu\u00e9s, fue convocado al despacho de su coronel, donde tambi\u00e9n se encontraba un oficial de la SS. El coronel le pregunta si es jud\u00edo. Jean B\u00e9cache responde negativamente. Pero, a la salida de esta entrevista, huye con su bicicleta hasta Moulins, pasa la linea de demarcaci\u00f3n, coge un tren hasta Marsella, pues un barco hasta Argel. Se va despu\u00e9s en la polic\u00eda de Argel afirmando ser un prisionero fugado. A pesar de eso, ha sido arrestado en su casa algunos tiempos despu\u00e9s internado en la prisi\u00f3n de Serkadji con un falso motivo de acusaci\u00f3n de la gendarmer\u00eda francesa que le acusa de aborto, una practica rigurosamente prohibida a esta \u00e9poca. Durante su temporada de 3 o 4 meses en prisi\u00f3n (sera finalmente liberado, su expediente siendo vac\u00edo), encuentra jud\u00edos y comunistas, y se afilia a su movimiento de resistencia. Durante la noche del 7 al 8 noviembre 1942, Jean neutraliza el gran puesto, con fines de facilitar el desembarque de los aliados que reconquistaron Argel sin dificultad.<\/p>\n<p><img decoding=\"async\" class=\" alignleft  wp-image-14176\" src=\"https:\/\/www.iemj.org\/wp-content\/uploads\/2017\/05\/carte_id_becache.jpg\" alt=\"carte_id_becache.jpg\" width=\"375\" height=\"251\" align=\"left\" srcset=\"https:\/\/www.iemj.org\/wp-content\/uploads\/2017\/05\/carte_id_becache.jpg 400w, https:\/\/www.iemj.org\/wp-content\/uploads\/2017\/05\/carte_id_becache-300x201.jpg 300w\" sizes=\"(max-width: 375px) 100vw, 375px\" \/><br \/>Despu\u00e9s, lucha en T\u00fanez, participa al desembarco de Sicilia, a la campa\u00f1a de Italia (especialmente con la batalla de Montecassino), al desembarco de Provenza, y despu\u00e9s a la campa\u00f1a de Francia.<\/p>\n<p>Al final, Jean B\u00e9cache habr\u00e1 pasado 3 a\u00f1os al frente como jefe de ambulancia.<br \/>Su familia vuelve a Francia despu\u00e9s del 8 de noviembre de 1945.<\/p>\n<h4>Jean B\u00e9cache, compositor, copista, y m\u00fasico<\/h4>\n<p>En Argelia, Jean B\u00e9cache estudi\u00f3 m\u00fasica. Titulado de diversos precios de conservatorio, ha tocado tambi\u00e9n en los caf\u00e9s y ha transcrito numerosas melod\u00edas lit\u00fargicas del rito argelino, as\u00ed que\u00a0<em>piyyoutim<\/em> (poes\u00edas religiosas). Durante la guerra, continu\u00f3 escribir de la m\u00fasica, especialmente permisos, y compuesto melod\u00edas basadas en la m\u00fasica arabo-andaluza. Como jefe de ambulancia, hacia cantar a los enfermeras y al conductor \u00e1rabes que le acompa\u00f1aban, melod\u00edas \u00e1rabes-andaluzas que transcrib\u00eda sobre partitura.<br \/>Despu\u00e9s de la guerra, Jean B\u00e9cache ha editado una cierta cantidad de partituras, composici\u00f3n, evoluciones orquestales de m\u00fasica arabo-andaluza y transcripciones lit\u00fargicas. Finalmente ha sido miembro de la orquesta del distrito 13 de Par\u00eds, y director de orquesta de la orquesta municipal de Aulnay-sous-Bois.<\/p>\n<p>Jean B\u00e9cache falleci\u00f3 el 19 de diciembre de 1985 en Alfortville. Esta enterrado en la secci\u00f3n israelita del cementerio de Pantin.<\/p>\n<p><em>(1) El harrosset es una mezcla de frutas molidas que se utiliza por la noche del Seder de P\u00e9saj. Recuerda el mortero, que utilizaban de los esclavos hebreos en Egipto para fabricar los ladrillos necesarias a las construcciones.<\/em><br \/><em>(2) A diferencia de la mayor\u00eda de los jud\u00edos de Argelia, que obtuvo la nacionalidad francesa en virtud del decreto Cr\u00e9mieux en 1870, Shalom B\u00e9cache qui\u00e9n era un ciudadano ingl\u00e9s, obtuvo la naturalizaci\u00f3n francesa a su llegada en Argel. De hecho, su familia queda francesa a pesar de abrogaci\u00f3n del decreto Cr\u00e9mieux el 8 de octubre de 1940.<\/em><\/p>\n<p><a href=\"https:\/\/www.iemj.org\/wp-content\/uploads\/2017\/05\/becache_jean_bio_complete_de_pierre_becache.pdf\" target=\"_blank\" rel=\"noopener\">Consultar la biograf\u00eda completa de Jean B\u00e9cache escrito por su hijo Pierre B\u00e9cache<\/a><\/p>\n<p><a href=\"https:\/\/www.iemj.org\/es\/fonds-becache\/\" target=\"_blank\" rel=\"noopener\">Consultar la descripci\u00f3n del Fondo B\u00e9cache<\/a><\/p>\n<p><a href=\"http:\/\/www.rachelnet.net\/F\/EV9QI4UCRUGTMEIBCAGTC1INY8K5SM4DY1DCHGEYKM5EY122S7-11672?func=find-c&amp;ccl_term=WHOL+%3D+B%C3%A9cache&amp;local_base=iemcg\" target=\"_blank\" rel=\"noopener\">Consultar nuestros archivos sobre Jean Becache<\/a><\/p>\n<p>\u00a0<\/p>\n\n\n<p><\/p>\n","protected":false},"excerpt":{"rendered":"<p>\u00a0<\/p>\n","protected":false},"author":1048,"featured_media":51492,"comment_status":"closed","ping_status":"open","sticky":false,"template":"","format":"standard","meta":{"_acf_changed":false,"footnotes":""},"categories":[1417],"tags":[],"technique":[],"squelettes":[],"sujet":[],"formation":[],"genre":[1915],"fonds":[],"tradition":[],"type-de-contenu":[],"interprete-compositeur":[],"frise":[],"type-devenement":[],"tableaux-liens-externes":[],"class_list":["post-55422","post","type-post","status-publish","format-standard","has-post-thumbnail","hentry","category-biografias-es","genre-oriental-es"],"acf":[],"yoast_head":"<!-- This site is optimized with the Yoast SEO plugin v27.3 - https:\/\/yoast.com\/product\/yoast-seo-wordpress\/ -->\n<title>B\u00e9cache, Jean (1911-1985) - Institut Europ\u00e9en des Musiques Juives<\/title>\n<meta name=\"robots\" content=\"index, follow, max-snippet:-1, max-image-preview:large, max-video-preview:-1\" \/>\n<link rel=\"canonical\" href=\"https:\/\/www.iemj.org\/es\/becache-jean-1911-1985\/\" \/>\n<meta property=\"og:locale\" content=\"es_ES\" \/>\n<meta property=\"og:type\" content=\"article\" \/>\n<meta property=\"og:title\" content=\"B\u00e9cache, Jean (1911-1985) - Institut Europ\u00e9en des Musiques Juives\" \/>\n<meta property=\"og:description\" content=\"\u00a0\" \/>\n<meta property=\"og:url\" content=\"https:\/\/www.iemj.org\/es\/becache-jean-1911-1985\/\" \/>\n<meta property=\"og:site_name\" content=\"Institut Europ\u00e9en des Musiques Juives\" \/>\n<meta property=\"article:publisher\" content=\"https:\/\/www.facebook.com\/MusiquesJuives\/\" \/>\n<meta property=\"article:published_time\" content=\"2017-05-18T09:27:56+00:00\" \/>\n<meta property=\"article:modified_time\" content=\"2021-07-15T10:38:56+00:00\" \/>\n<meta property=\"og:image\" content=\"https:\/\/www.iemj.org\/wp-content\/uploads\/2017\/05\/arton2316-e1624968335919.jpg\" \/>\n\t<meta property=\"og:image:width\" content=\"189\" \/>\n\t<meta property=\"og:image:height\" content=\"218\" \/>\n\t<meta property=\"og:image:type\" content=\"image\/jpeg\" \/>\n<meta name=\"author\" content=\"Jean-Gabriel Davis\" \/>\n<meta name=\"twitter:card\" content=\"summary_large_image\" \/>\n<meta name=\"twitter:label1\" content=\"Escrito por\" \/>\n\t<meta name=\"twitter:data1\" content=\"Jean-Gabriel Davis\" \/>\n\t<meta name=\"twitter:label2\" content=\"Tiempo de lectura\" \/>\n\t<meta name=\"twitter:data2\" content=\"5 minutos\" \/>\n<script type=\"application\/ld+json\" class=\"yoast-schema-graph\">{\"@context\":\"https:\\\/\\\/schema.org\",\"@graph\":[{\"@type\":\"Article\",\"@id\":\"https:\\\/\\\/www.iemj.org\\\/es\\\/becache-jean-1911-1985\\\/#article\",\"isPartOf\":{\"@id\":\"https:\\\/\\\/www.iemj.org\\\/es\\\/becache-jean-1911-1985\\\/\"},\"author\":{\"name\":\"Jean-Gabriel Davis\",\"@id\":\"https:\\\/\\\/www.iemj.org\\\/es\\\/#\\\/schema\\\/person\\\/c9bc1c386a3749579a2d675e72a18666\"},\"headline\":\"B\u00e9cache, Jean (1911-1985)\",\"datePublished\":\"2017-05-18T09:27:56+00:00\",\"dateModified\":\"2021-07-15T10:38:56+00:00\",\"mainEntityOfPage\":{\"@id\":\"https:\\\/\\\/www.iemj.org\\\/es\\\/becache-jean-1911-1985\\\/\"},\"wordCount\":908,\"publisher\":{\"@id\":\"https:\\\/\\\/www.iemj.org\\\/es\\\/#organization\"},\"image\":{\"@id\":\"https:\\\/\\\/www.iemj.org\\\/es\\\/becache-jean-1911-1985\\\/#primaryimage\"},\"thumbnailUrl\":\"https:\\\/\\\/www.iemj.org\\\/wp-content\\\/uploads\\\/2017\\\/05\\\/arton2316-e1624968335919.jpg\",\"articleSection\":[\"Biograf\u00edas\"],\"inLanguage\":\"es\"},{\"@type\":\"WebPage\",\"@id\":\"https:\\\/\\\/www.iemj.org\\\/es\\\/becache-jean-1911-1985\\\/\",\"url\":\"https:\\\/\\\/www.iemj.org\\\/es\\\/becache-jean-1911-1985\\\/\",\"name\":\"B\u00e9cache, Jean (1911-1985) - Institut Europ\u00e9en des Musiques Juives\",\"isPartOf\":{\"@id\":\"https:\\\/\\\/www.iemj.org\\\/es\\\/#website\"},\"primaryImageOfPage\":{\"@id\":\"https:\\\/\\\/www.iemj.org\\\/es\\\/becache-jean-1911-1985\\\/#primaryimage\"},\"image\":{\"@id\":\"https:\\\/\\\/www.iemj.org\\\/es\\\/becache-jean-1911-1985\\\/#primaryimage\"},\"thumbnailUrl\":\"https:\\\/\\\/www.iemj.org\\\/wp-content\\\/uploads\\\/2017\\\/05\\\/arton2316-e1624968335919.jpg\",\"datePublished\":\"2017-05-18T09:27:56+00:00\",\"dateModified\":\"2021-07-15T10:38:56+00:00\",\"breadcrumb\":{\"@id\":\"https:\\\/\\\/www.iemj.org\\\/es\\\/becache-jean-1911-1985\\\/#breadcrumb\"},\"inLanguage\":\"es\",\"potentialAction\":[{\"@type\":\"ReadAction\",\"target\":[\"https:\\\/\\\/www.iemj.org\\\/es\\\/becache-jean-1911-1985\\\/\"]}]},{\"@type\":\"ImageObject\",\"inLanguage\":\"es\",\"@id\":\"https:\\\/\\\/www.iemj.org\\\/es\\\/becache-jean-1911-1985\\\/#primaryimage\",\"url\":\"https:\\\/\\\/www.iemj.org\\\/wp-content\\\/uploads\\\/2017\\\/05\\\/arton2316-e1624968335919.jpg\",\"contentUrl\":\"https:\\\/\\\/www.iemj.org\\\/wp-content\\\/uploads\\\/2017\\\/05\\\/arton2316-e1624968335919.jpg\",\"width\":189,\"height\":218},{\"@type\":\"BreadcrumbList\",\"@id\":\"https:\\\/\\\/www.iemj.org\\\/es\\\/becache-jean-1911-1985\\\/#breadcrumb\",\"itemListElement\":[{\"@type\":\"ListItem\",\"position\":1,\"name\":\"Accueil\",\"item\":\"https:\\\/\\\/www.iemj.org\\\/es\\\/\"},{\"@type\":\"ListItem\",\"position\":2,\"name\":\"B\u00e9cache, Jean (1911-1985)\"}]},{\"@type\":\"WebSite\",\"@id\":\"https:\\\/\\\/www.iemj.org\\\/es\\\/#website\",\"url\":\"https:\\\/\\\/www.iemj.org\\\/es\\\/\",\"name\":\"Institut Europ\u00e9en des Musiques Juives\",\"description\":\"Des traditions musicales \u00e0 la port\u00e9e de tous\",\"publisher\":{\"@id\":\"https:\\\/\\\/www.iemj.org\\\/es\\\/#organization\"},\"potentialAction\":[{\"@type\":\"SearchAction\",\"target\":{\"@type\":\"EntryPoint\",\"urlTemplate\":\"https:\\\/\\\/www.iemj.org\\\/es\\\/?s={search_term_string}\"},\"query-input\":{\"@type\":\"PropertyValueSpecification\",\"valueRequired\":true,\"valueName\":\"search_term_string\"}}],\"inLanguage\":\"es\"},{\"@type\":\"Organization\",\"@id\":\"https:\\\/\\\/www.iemj.org\\\/es\\\/#organization\",\"name\":\"Institut Europ\u00e9en des Musiques Juives\",\"url\":\"https:\\\/\\\/www.iemj.org\\\/es\\\/\",\"logo\":{\"@type\":\"ImageObject\",\"inLanguage\":\"es\",\"@id\":\"https:\\\/\\\/www.iemj.org\\\/es\\\/#\\\/schema\\\/logo\\\/image\\\/\",\"url\":\"https:\\\/\\\/www.iemj.org\\\/wp-content\\\/uploads\\\/2021\\\/09\\\/Logo-IEMJ-Paypal.jpg\",\"contentUrl\":\"https:\\\/\\\/www.iemj.org\\\/wp-content\\\/uploads\\\/2021\\\/09\\\/Logo-IEMJ-Paypal.jpg\",\"width\":150,\"height\":50,\"caption\":\"Institut Europ\u00e9en des Musiques Juives\"},\"image\":{\"@id\":\"https:\\\/\\\/www.iemj.org\\\/es\\\/#\\\/schema\\\/logo\\\/image\\\/\"},\"sameAs\":[\"https:\\\/\\\/www.facebook.com\\\/MusiquesJuives\\\/\",\"https:\\\/\\\/www.instagram.com\\\/musiquesjuives\\\/\",\"https:\\\/\\\/www.youtube.com\\\/user\\\/musiquesjuives\"]},{\"@type\":\"Person\",\"@id\":\"https:\\\/\\\/www.iemj.org\\\/es\\\/#\\\/schema\\\/person\\\/c9bc1c386a3749579a2d675e72a18666\",\"name\":\"Jean-Gabriel Davis\",\"image\":{\"@type\":\"ImageObject\",\"inLanguage\":\"es\",\"@id\":\"https:\\\/\\\/secure.gravatar.com\\\/avatar\\\/2b90d67bdf392c9b3a21fab87c0fa7edaf1fb3a058172a1ffd61033fcec7aec1?s=96&d=mm&r=g\",\"url\":\"https:\\\/\\\/secure.gravatar.com\\\/avatar\\\/2b90d67bdf392c9b3a21fab87c0fa7edaf1fb3a058172a1ffd61033fcec7aec1?s=96&d=mm&r=g\",\"contentUrl\":\"https:\\\/\\\/secure.gravatar.com\\\/avatar\\\/2b90d67bdf392c9b3a21fab87c0fa7edaf1fb3a058172a1ffd61033fcec7aec1?s=96&d=mm&r=g\",\"caption\":\"Jean-Gabriel Davis\"}}]}<\/script>\n<!-- \/ Yoast SEO plugin. -->","yoast_head_json":{"title":"B\u00e9cache, Jean (1911-1985) - Institut Europ\u00e9en des Musiques Juives","robots":{"index":"index","follow":"follow","max-snippet":"max-snippet:-1","max-image-preview":"max-image-preview:large","max-video-preview":"max-video-preview:-1"},"canonical":"https:\/\/www.iemj.org\/es\/becache-jean-1911-1985\/","og_locale":"es_ES","og_type":"article","og_title":"B\u00e9cache, Jean (1911-1985) - Institut Europ\u00e9en des Musiques Juives","og_description":"\u00a0","og_url":"https:\/\/www.iemj.org\/es\/becache-jean-1911-1985\/","og_site_name":"Institut Europ\u00e9en des Musiques Juives","article_publisher":"https:\/\/www.facebook.com\/MusiquesJuives\/","article_published_time":"2017-05-18T09:27:56+00:00","article_modified_time":"2021-07-15T10:38:56+00:00","og_image":[{"width":189,"height":218,"url":"https:\/\/www.iemj.org\/wp-content\/uploads\/2017\/05\/arton2316-e1624968335919.jpg","type":"image\/jpeg"}],"author":"Jean-Gabriel Davis","twitter_card":"summary_large_image","twitter_misc":{"Escrito por":"Jean-Gabriel Davis","Tiempo de lectura":"5 minutos"},"schema":{"@context":"https:\/\/schema.org","@graph":[{"@type":"Article","@id":"https:\/\/www.iemj.org\/es\/becache-jean-1911-1985\/#article","isPartOf":{"@id":"https:\/\/www.iemj.org\/es\/becache-jean-1911-1985\/"},"author":{"name":"Jean-Gabriel Davis","@id":"https:\/\/www.iemj.org\/es\/#\/schema\/person\/c9bc1c386a3749579a2d675e72a18666"},"headline":"B\u00e9cache, Jean (1911-1985)","datePublished":"2017-05-18T09:27:56+00:00","dateModified":"2021-07-15T10:38:56+00:00","mainEntityOfPage":{"@id":"https:\/\/www.iemj.org\/es\/becache-jean-1911-1985\/"},"wordCount":908,"publisher":{"@id":"https:\/\/www.iemj.org\/es\/#organization"},"image":{"@id":"https:\/\/www.iemj.org\/es\/becache-jean-1911-1985\/#primaryimage"},"thumbnailUrl":"https:\/\/www.iemj.org\/wp-content\/uploads\/2017\/05\/arton2316-e1624968335919.jpg","articleSection":["Biograf\u00edas"],"inLanguage":"es"},{"@type":"WebPage","@id":"https:\/\/www.iemj.org\/es\/becache-jean-1911-1985\/","url":"https:\/\/www.iemj.org\/es\/becache-jean-1911-1985\/","name":"B\u00e9cache, Jean (1911-1985) - Institut Europ\u00e9en des Musiques Juives","isPartOf":{"@id":"https:\/\/www.iemj.org\/es\/#website"},"primaryImageOfPage":{"@id":"https:\/\/www.iemj.org\/es\/becache-jean-1911-1985\/#primaryimage"},"image":{"@id":"https:\/\/www.iemj.org\/es\/becache-jean-1911-1985\/#primaryimage"},"thumbnailUrl":"https:\/\/www.iemj.org\/wp-content\/uploads\/2017\/05\/arton2316-e1624968335919.jpg","datePublished":"2017-05-18T09:27:56+00:00","dateModified":"2021-07-15T10:38:56+00:00","breadcrumb":{"@id":"https:\/\/www.iemj.org\/es\/becache-jean-1911-1985\/#breadcrumb"},"inLanguage":"es","potentialAction":[{"@type":"ReadAction","target":["https:\/\/www.iemj.org\/es\/becache-jean-1911-1985\/"]}]},{"@type":"ImageObject","inLanguage":"es","@id":"https:\/\/www.iemj.org\/es\/becache-jean-1911-1985\/#primaryimage","url":"https:\/\/www.iemj.org\/wp-content\/uploads\/2017\/05\/arton2316-e1624968335919.jpg","contentUrl":"https:\/\/www.iemj.org\/wp-content\/uploads\/2017\/05\/arton2316-e1624968335919.jpg","width":189,"height":218},{"@type":"BreadcrumbList","@id":"https:\/\/www.iemj.org\/es\/becache-jean-1911-1985\/#breadcrumb","itemListElement":[{"@type":"ListItem","position":1,"name":"Accueil","item":"https:\/\/www.iemj.org\/es\/"},{"@type":"ListItem","position":2,"name":"B\u00e9cache, Jean (1911-1985)"}]},{"@type":"WebSite","@id":"https:\/\/www.iemj.org\/es\/#website","url":"https:\/\/www.iemj.org\/es\/","name":"Institut Europ\u00e9en des Musiques Juives","description":"Des traditions musicales \u00e0 la port\u00e9e de tous","publisher":{"@id":"https:\/\/www.iemj.org\/es\/#organization"},"potentialAction":[{"@type":"SearchAction","target":{"@type":"EntryPoint","urlTemplate":"https:\/\/www.iemj.org\/es\/?s={search_term_string}"},"query-input":{"@type":"PropertyValueSpecification","valueRequired":true,"valueName":"search_term_string"}}],"inLanguage":"es"},{"@type":"Organization","@id":"https:\/\/www.iemj.org\/es\/#organization","name":"Institut Europ\u00e9en des Musiques Juives","url":"https:\/\/www.iemj.org\/es\/","logo":{"@type":"ImageObject","inLanguage":"es","@id":"https:\/\/www.iemj.org\/es\/#\/schema\/logo\/image\/","url":"https:\/\/www.iemj.org\/wp-content\/uploads\/2021\/09\/Logo-IEMJ-Paypal.jpg","contentUrl":"https:\/\/www.iemj.org\/wp-content\/uploads\/2021\/09\/Logo-IEMJ-Paypal.jpg","width":150,"height":50,"caption":"Institut Europ\u00e9en des Musiques Juives"},"image":{"@id":"https:\/\/www.iemj.org\/es\/#\/schema\/logo\/image\/"},"sameAs":["https:\/\/www.facebook.com\/MusiquesJuives\/","https:\/\/www.instagram.com\/musiquesjuives\/","https:\/\/www.youtube.com\/user\/musiquesjuives"]},{"@type":"Person","@id":"https:\/\/www.iemj.org\/es\/#\/schema\/person\/c9bc1c386a3749579a2d675e72a18666","name":"Jean-Gabriel Davis","image":{"@type":"ImageObject","inLanguage":"es","@id":"https:\/\/secure.gravatar.com\/avatar\/2b90d67bdf392c9b3a21fab87c0fa7edaf1fb3a058172a1ffd61033fcec7aec1?s=96&d=mm&r=g","url":"https:\/\/secure.gravatar.com\/avatar\/2b90d67bdf392c9b3a21fab87c0fa7edaf1fb3a058172a1ffd61033fcec7aec1?s=96&d=mm&r=g","contentUrl":"https:\/\/secure.gravatar.com\/avatar\/2b90d67bdf392c9b3a21fab87c0fa7edaf1fb3a058172a1ffd61033fcec7aec1?s=96&d=mm&r=g","caption":"Jean-Gabriel Davis"}}]}},"_links":{"self":[{"href":"https:\/\/www.iemj.org\/es\/wp-json\/wp\/v2\/posts\/55422","targetHints":{"allow":["GET"]}}],"collection":[{"href":"https:\/\/www.iemj.org\/es\/wp-json\/wp\/v2\/posts"}],"about":[{"href":"https:\/\/www.iemj.org\/es\/wp-json\/wp\/v2\/types\/post"}],"author":[{"embeddable":true,"href":"https:\/\/www.iemj.org\/es\/wp-json\/wp\/v2\/users\/1048"}],"replies":[{"embeddable":true,"href":"https:\/\/www.iemj.org\/es\/wp-json\/wp\/v2\/comments?post=55422"}],"version-history":[{"count":0,"href":"https:\/\/www.iemj.org\/es\/wp-json\/wp\/v2\/posts\/55422\/revisions"}],"wp:featuredmedia":[{"embeddable":true,"href":"https:\/\/www.iemj.org\/es\/wp-json\/wp\/v2\/media\/51492"}],"wp:attachment":[{"href":"https:\/\/www.iemj.org\/es\/wp-json\/wp\/v2\/media?parent=55422"}],"wp:term":[{"taxonomy":"category","embeddable":true,"href":"https:\/\/www.iemj.org\/es\/wp-json\/wp\/v2\/categories?post=55422"},{"taxonomy":"post_tag","embeddable":true,"href":"https:\/\/www.iemj.org\/es\/wp-json\/wp\/v2\/tags?post=55422"},{"taxonomy":"technique","embeddable":true,"href":"https:\/\/www.iemj.org\/es\/wp-json\/wp\/v2\/technique?post=55422"},{"taxonomy":"squelettes","embeddable":true,"href":"https:\/\/www.iemj.org\/es\/wp-json\/wp\/v2\/squelettes?post=55422"},{"taxonomy":"sujet","embeddable":true,"href":"https:\/\/www.iemj.org\/es\/wp-json\/wp\/v2\/sujet?post=55422"},{"taxonomy":"formation","embeddable":true,"href":"https:\/\/www.iemj.org\/es\/wp-json\/wp\/v2\/formation?post=55422"},{"taxonomy":"genre","embeddable":true,"href":"https:\/\/www.iemj.org\/es\/wp-json\/wp\/v2\/genre?post=55422"},{"taxonomy":"fonds","embeddable":true,"href":"https:\/\/www.iemj.org\/es\/wp-json\/wp\/v2\/fonds?post=55422"},{"taxonomy":"tradition","embeddable":true,"href":"https:\/\/www.iemj.org\/es\/wp-json\/wp\/v2\/tradition?post=55422"},{"taxonomy":"type-de-contenu","embeddable":true,"href":"https:\/\/www.iemj.org\/es\/wp-json\/wp\/v2\/type-de-contenu?post=55422"},{"taxonomy":"interprete-compositeur","embeddable":true,"href":"https:\/\/www.iemj.org\/es\/wp-json\/wp\/v2\/interprete-compositeur?post=55422"},{"taxonomy":"frise","embeddable":true,"href":"https:\/\/www.iemj.org\/es\/wp-json\/wp\/v2\/frise?post=55422"},{"taxonomy":"type-devenement","embeddable":true,"href":"https:\/\/www.iemj.org\/es\/wp-json\/wp\/v2\/type-devenement?post=55422"},{"taxonomy":"tableaux-liens-externes","embeddable":true,"href":"https:\/\/www.iemj.org\/es\/wp-json\/wp\/v2\/tableaux-liens-externes?post=55422"}],"curies":[{"name":"wp","href":"https:\/\/api.w.org\/{rel}","templated":true}]}}