{"id":55547,"date":"2011-10-23T15:55:38","date_gmt":"2011-10-23T13:55:38","guid":{"rendered":"https:\/\/www.iemj.org\/berlinski-shalom-1918-2008\/"},"modified":"2025-09-06T18:54:07","modified_gmt":"2025-09-06T16:54:07","slug":"berlinski-shalom-1918-2008","status":"publish","type":"post","link":"https:\/\/www.iemj.org\/es\/berlinski-shalom-1918-2008\/","title":{"rendered":"Berlinski, Shalom (1918-2008)"},"content":{"rendered":"<p>Naci\u00f3 el 16 de enero de 1918 en Radom, una ciudad polaca situada a una centena de kil\u00f3metros de Varsovia, Shalom Berlinski es el benjam\u00edn de ochos hermanos. A su padre, fabricante de zapatos, le gusta cantar en la sinagoga y tocar el viol\u00edn en aficionado.<\/p>\n<p>De ni\u00f1o, Shalom Berlinski frecuenta la sinagoga y imita las vocalizaciones del Jaz\u00e1n (cantor). Cuando tuvo 8 a\u00f1os, se integra en el coro de la grande sinagoga de Radom en la cual canta la parte del alto. Poco a poco, aprendi\u00f3 leer la m\u00fasica, y cuando tuvo 10 a\u00f1os, se volvi\u00f3 meshorer, es decir en carga de acompa\u00f1ar de manera casi improvisada el baal tefillah (el director de la oraci\u00f3n).<\/p>\n<p><img decoding=\"async\" class=\" alignright  wp-image-4006\" src=\"https:\/\/www.iemj.org\/wp-content\/uploads\/2011\/10\/montage_coeur_pologne-shb_-_55_.jpg\" alt=\"montage_coeur_pologne-shb_-_55_.jpg\" width=\"202\" height=\"209\" align=\"right\" \/>En 1930, se fue de Polonia con su familia para instalarse en Francia. Despu\u00e9s de un corte paso en un escuela primaria del distrito XVIII de Par\u00eds, se uni\u00f3 a la \u00e1rea de fabricaci\u00f3n de zapatas de su padre. El mismo a\u00f1o, descubri\u00f3 la gran sinagoga de la rue de la Victoire d\u00f3nde fue impresionado por el \u00f3rgano, los coros y el Jaz\u00e1n de la \u00e9poca, Se\u00f1or Henri Kahn.<\/p>\n<p>En 1935 y 1936, recibi\u00f3 clases de canto y se present\u00f3 con regularidad en solista en las sinagogas parisinas para las ceremonias de boda. En 1940, fue mandado al frente y combat\u00ed en Somme. En abril de 1941, se cas\u00f3 con Sarah Katz. Algunos meses despu\u00e9s, la pareja se refugi\u00f3 cerca de Roanne. Despu\u00e9s de la invasi\u00f3n de la zona libra por los nazis, Shalom Berlinski se uni\u00f3 a un peque\u00f1o grupo de resistentes jud\u00edos compuesto de comunistas et de sionistas dirigido por el rabb\u00ed Samy Klein. Desde la liberaci\u00f3n de Par\u00eds, en agosto de 1944, la pareja volv\u00ed en la capital.<\/p>\n<p><img decoding=\"async\" class=\" alignleft  wp-image-4008\" src=\"https:\/\/www.iemj.org\/wp-content\/uploads\/2011\/10\/montage_mariage-identite_-_42_.jpg\" alt=\"montage_mariage-identite_-_42_.jpg\" width=\"179\" height=\"169\" align=\"left\" \/>En 1945, Shalom Berlinski\u00a0se matricul\u00f3 al conservatorio privado Ren\u00e9 Muable, rue Lepic, donde durante 10 a\u00f1os ha recibido clases de t\u00e9cnica vocal del tenor italiano Umberto Valdarnini, de la Scala de Milano. Ha recibido tambi\u00e9n clases de canto de Maurice Franck, director de orquesta del Opera Garnier.<\/p>\n<p>En 1945, cre\u00f3 el Centro art\u00edstico jud\u00edo cuyo el objetivo es crear y juntar cat\u00e1logo de m\u00fasica y de teatro jud\u00edo.<\/p>\n<p>En 1946, interpret\u00f3 melod\u00edas hebreas con el Orquesta Nacional, bajo la direcci\u00f3n de Manuel Rosenthal.<\/p>\n<p><img fetchpriority=\"high\" decoding=\"async\" class=\" alignright size-full wp-image-4010\" src=\"https:\/\/www.iemj.org\/wp-content\/uploads\/2011\/10\/ph_concert_pleyel_recentre_et_90_.jpg\" alt=\"ph_concert_pleyel_recentre_et_90_.jpg\" width=\"275\" height=\"185\" align=\"right\" \/>En 1948, fue nombrado primer ministro oficiante en la Sinagoga de la rue de la Victoire (Par\u00eds), puesto que va a ocupar durante treinta y un a\u00f1o.<\/p>\n<p>Entre 1953 y 1966, present\u00f3 varios conciertos inolvidables, especialmente en la salle Gaveau (sala Gaveau) bajo la batuta de Eug\u00e8ne Bigot y al teatro de los Campos El\u00edseos, bajo la direcci\u00f3n de Pierre Dervaux.<\/p>\n<p>De 1959 hasta 1962-63, era productor al O.R.T.F. y organiz\u00f3 con la music\u00f3logo Yvonne Tienot y el organista Jean Bonfils dos series de emisiones radiof\u00f3nicas, \u00abLa Biblia y los m\u00fasicos\u00bb, consagradas a obras musicales de inspiraci\u00f3n b\u00edblica cuyo es el principal int\u00e9rprete.<\/p>\n<p><img loading=\"lazy\" decoding=\"async\" class=\" alignleft  wp-image-4012\" src=\"https:\/\/www.iemj.org\/wp-content\/uploads\/2011\/10\/ph_sh.b_avec_enfants-quad_-_recentre_60_puis_75_.jpg\" alt=\"ph_sh.b_avec_enfants-quad_-_recentre_60_puis_75_.jpg\" width=\"230\" height=\"160\" align=\"left\" \/><\/p>\n<p>Al mismo tiempo que sus funciones religiosas de cantante en la Sinagoga de la Victoria, ensen\u00f3 entre 1957 y 1968 el Hazz\u00e1nout (arte cantorral) al Seminario israel\u00ed de la rue Vauquelin en Par\u00eds, y m\u00e1s espec\u00edficamente a la lectura cantada de la Tor\u00e1 en el rito asquenaz\u00ed.<\/p>\n<p>En 1979, dej\u00f3 su actividad de ministro oficiante en la sinagoga de la Victoria pero continu\u00f3 cantar en diversas circunstancias hasta 1998. En 1972 se le diagnostic\u00f3 un glaucoma y fue perdiendo la vista. Rodeado del cari\u00f1o de su mujer, su hijo, su nuera y sus cuatro nietos, Shalom Berlinski falleci\u00f3 en Versalles el 28 de septiembre de 2008.<\/p>\n<p><a href=\"https:\/\/www.iemj.org\/es\/shalom-berlinski-la-voix-de-la-ferveur\/\" target=\"_blank\" rel=\"noopener\">M\u00e1s informaci\u00f3n sobre el CD Shalom Berlinski<\/a><\/p>\n<p><a href=\"https:\/\/www.iemj.org\/es\/product\/shalom-berlinski-la-voix-de-la-ferveur\/\" target=\"_blank\" rel=\"noopener\">Pedir el CD Shalom Berlinski<\/a><\/p>\n<p><a href=\"https:\/\/www.iemj.org\/es\/shalom-berlinski-le-chant-du-coeur\/\" target=\"_blank\" rel=\"noopener\">Escuchar la lista de reproducci\u00f3n: La hazanout de Shalom Berlinski<\/a><\/p>\n<p><a href=\"http:\/\/www.rachelnet.net\/F\/TFEIL1FPU3CKFDM31MAGPECFIAI7DIC4N7QJP49N9V8UITUHAE-19466?func=find-c&amp;ccl_term=WRD+%3D+Shalom+AND+WRD+%3D+Berlinski&amp;local_base=iemcg\" target=\"_blank\" rel=\"noopener\">Consultar nuestros archivos sobre Shalom Berlinski<\/a><\/p>\n\n\n<p><\/p>\n","protected":false},"excerpt":{"rendered":"<p>Naci\u00f3 el 16 de enero de 1918 en Radom, una ciudad polaca situada a una centena de kil\u00f3metros de Varsovia, Shalom Berlinski es el benjam\u00edn de ochos hermanos. A su<\/p>\n","protected":false},"author":1045,"featured_media":55548,"comment_status":"closed","ping_status":"open","sticky":false,"template":"","format":"standard","meta":{"_acf_changed":false,"footnotes":""},"categories":[1417],"tags":[],"technique":[],"squelettes":[],"sujet":[],"formation":[],"genre":[],"fonds":[],"tradition":[],"type-de-contenu":[],"interprete-compositeur":[3295],"frise":[],"type-devenement":[],"tableaux-liens-externes":[],"class_list":["post-55547","post","type-post","status-publish","format-standard","has-post-thumbnail","hentry","category-biografias-es","interprete-compositeur-shalom-berlinski-es"],"acf":[],"yoast_head":"<!-- This site is optimized with the Yoast SEO plugin v27.3 - https:\/\/yoast.com\/product\/yoast-seo-wordpress\/ -->\n<title>Berlinski, Shalom (1918-2008) - Institut Europ\u00e9en des Musiques Juives<\/title>\n<meta name=\"robots\" content=\"index, follow, max-snippet:-1, max-image-preview:large, max-video-preview:-1\" \/>\n<link rel=\"canonical\" href=\"https:\/\/www.iemj.org\/es\/berlinski-shalom-1918-2008\/\" \/>\n<meta property=\"og:locale\" content=\"es_ES\" \/>\n<meta property=\"og:type\" content=\"article\" \/>\n<meta property=\"og:title\" content=\"Berlinski, Shalom (1918-2008) - Institut Europ\u00e9en des Musiques Juives\" \/>\n<meta property=\"og:description\" content=\"Naci\u00f3 el 16 de enero de 1918 en Radom, una ciudad polaca situada a una centena de kil\u00f3metros de Varsovia, Shalom Berlinski es el benjam\u00edn de ochos hermanos. A su\" \/>\n<meta property=\"og:url\" content=\"https:\/\/www.iemj.org\/es\/berlinski-shalom-1918-2008\/\" \/>\n<meta property=\"og:site_name\" content=\"Institut Europ\u00e9en des Musiques Juives\" \/>\n<meta property=\"article:publisher\" content=\"https:\/\/www.facebook.com\/MusiquesJuives\/\" \/>\n<meta property=\"article:published_time\" content=\"2011-10-23T13:55:38+00:00\" \/>\n<meta property=\"article:modified_time\" content=\"2025-09-06T16:54:07+00:00\" \/>\n<meta property=\"og:image\" content=\"https:\/\/www.iemj.org\/wp-content\/uploads\/2011\/10\/arton313-e1617031727743.jpg\" \/>\n\t<meta property=\"og:image:width\" content=\"177\" \/>\n\t<meta property=\"og:image:height\" content=\"218\" \/>\n\t<meta property=\"og:image:type\" content=\"image\/jpeg\" \/>\n<meta name=\"author\" content=\"Herv\u00e9 Roten\" \/>\n<meta name=\"twitter:card\" content=\"summary_large_image\" \/>\n<meta name=\"twitter:label1\" content=\"Escrito por\" \/>\n\t<meta name=\"twitter:data1\" content=\"Herv\u00e9 Roten\" \/>\n\t<meta name=\"twitter:label2\" content=\"Tiempo de lectura\" \/>\n\t<meta name=\"twitter:data2\" content=\"5 minutos\" \/>\n<script type=\"application\/ld+json\" class=\"yoast-schema-graph\">{\"@context\":\"https:\\\/\\\/schema.org\",\"@graph\":[{\"@type\":\"Article\",\"@id\":\"https:\\\/\\\/www.iemj.org\\\/es\\\/berlinski-shalom-1918-2008\\\/#article\",\"isPartOf\":{\"@id\":\"https:\\\/\\\/www.iemj.org\\\/es\\\/berlinski-shalom-1918-2008\\\/\"},\"author\":{\"name\":\"Herv\u00e9 Roten\",\"@id\":\"https:\\\/\\\/www.iemj.org\\\/es\\\/#\\\/schema\\\/person\\\/906134402c29d5c76e7b726261dd4bbd\"},\"headline\":\"Berlinski, Shalom (1918-2008)\",\"datePublished\":\"2011-10-23T13:55:38+00:00\",\"dateModified\":\"2025-09-06T16:54:07+00:00\",\"mainEntityOfPage\":{\"@id\":\"https:\\\/\\\/www.iemj.org\\\/es\\\/berlinski-shalom-1918-2008\\\/\"},\"wordCount\":642,\"publisher\":{\"@id\":\"https:\\\/\\\/www.iemj.org\\\/es\\\/#organization\"},\"image\":{\"@id\":\"https:\\\/\\\/www.iemj.org\\\/es\\\/berlinski-shalom-1918-2008\\\/#primaryimage\"},\"thumbnailUrl\":\"https:\\\/\\\/www.iemj.org\\\/wp-content\\\/uploads\\\/2011\\\/10\\\/arton313-e1617031727743.jpg\",\"articleSection\":[\"Biograf\u00edas\"],\"inLanguage\":\"es\"},{\"@type\":\"WebPage\",\"@id\":\"https:\\\/\\\/www.iemj.org\\\/es\\\/berlinski-shalom-1918-2008\\\/\",\"url\":\"https:\\\/\\\/www.iemj.org\\\/es\\\/berlinski-shalom-1918-2008\\\/\",\"name\":\"Berlinski, Shalom (1918-2008) - Institut Europ\u00e9en des Musiques Juives\",\"isPartOf\":{\"@id\":\"https:\\\/\\\/www.iemj.org\\\/es\\\/#website\"},\"primaryImageOfPage\":{\"@id\":\"https:\\\/\\\/www.iemj.org\\\/es\\\/berlinski-shalom-1918-2008\\\/#primaryimage\"},\"image\":{\"@id\":\"https:\\\/\\\/www.iemj.org\\\/es\\\/berlinski-shalom-1918-2008\\\/#primaryimage\"},\"thumbnailUrl\":\"https:\\\/\\\/www.iemj.org\\\/wp-content\\\/uploads\\\/2011\\\/10\\\/arton313-e1617031727743.jpg\",\"datePublished\":\"2011-10-23T13:55:38+00:00\",\"dateModified\":\"2025-09-06T16:54:07+00:00\",\"breadcrumb\":{\"@id\":\"https:\\\/\\\/www.iemj.org\\\/es\\\/berlinski-shalom-1918-2008\\\/#breadcrumb\"},\"inLanguage\":\"es\",\"potentialAction\":[{\"@type\":\"ReadAction\",\"target\":[\"https:\\\/\\\/www.iemj.org\\\/es\\\/berlinski-shalom-1918-2008\\\/\"]}]},{\"@type\":\"ImageObject\",\"inLanguage\":\"es\",\"@id\":\"https:\\\/\\\/www.iemj.org\\\/es\\\/berlinski-shalom-1918-2008\\\/#primaryimage\",\"url\":\"https:\\\/\\\/www.iemj.org\\\/wp-content\\\/uploads\\\/2011\\\/10\\\/arton313-e1617031727743.jpg\",\"contentUrl\":\"https:\\\/\\\/www.iemj.org\\\/wp-content\\\/uploads\\\/2011\\\/10\\\/arton313-e1617031727743.jpg\",\"width\":177,\"height\":218},{\"@type\":\"BreadcrumbList\",\"@id\":\"https:\\\/\\\/www.iemj.org\\\/es\\\/berlinski-shalom-1918-2008\\\/#breadcrumb\",\"itemListElement\":[{\"@type\":\"ListItem\",\"position\":1,\"name\":\"Accueil\",\"item\":\"https:\\\/\\\/www.iemj.org\\\/es\\\/\"},{\"@type\":\"ListItem\",\"position\":2,\"name\":\"Berlinski, Shalom (1918-2008)\"}]},{\"@type\":\"WebSite\",\"@id\":\"https:\\\/\\\/www.iemj.org\\\/es\\\/#website\",\"url\":\"https:\\\/\\\/www.iemj.org\\\/es\\\/\",\"name\":\"Institut Europ\u00e9en des Musiques Juives\",\"description\":\"Des traditions musicales \u00e0 la port\u00e9e de tous\",\"publisher\":{\"@id\":\"https:\\\/\\\/www.iemj.org\\\/es\\\/#organization\"},\"potentialAction\":[{\"@type\":\"SearchAction\",\"target\":{\"@type\":\"EntryPoint\",\"urlTemplate\":\"https:\\\/\\\/www.iemj.org\\\/es\\\/?s={search_term_string}\"},\"query-input\":{\"@type\":\"PropertyValueSpecification\",\"valueRequired\":true,\"valueName\":\"search_term_string\"}}],\"inLanguage\":\"es\"},{\"@type\":\"Organization\",\"@id\":\"https:\\\/\\\/www.iemj.org\\\/es\\\/#organization\",\"name\":\"Institut Europ\u00e9en des Musiques Juives\",\"url\":\"https:\\\/\\\/www.iemj.org\\\/es\\\/\",\"logo\":{\"@type\":\"ImageObject\",\"inLanguage\":\"es\",\"@id\":\"https:\\\/\\\/www.iemj.org\\\/es\\\/#\\\/schema\\\/logo\\\/image\\\/\",\"url\":\"https:\\\/\\\/www.iemj.org\\\/wp-content\\\/uploads\\\/2021\\\/09\\\/Logo-IEMJ-Paypal.jpg\",\"contentUrl\":\"https:\\\/\\\/www.iemj.org\\\/wp-content\\\/uploads\\\/2021\\\/09\\\/Logo-IEMJ-Paypal.jpg\",\"width\":150,\"height\":50,\"caption\":\"Institut Europ\u00e9en des Musiques Juives\"},\"image\":{\"@id\":\"https:\\\/\\\/www.iemj.org\\\/es\\\/#\\\/schema\\\/logo\\\/image\\\/\"},\"sameAs\":[\"https:\\\/\\\/www.facebook.com\\\/MusiquesJuives\\\/\",\"https:\\\/\\\/www.instagram.com\\\/musiquesjuives\\\/\",\"https:\\\/\\\/www.youtube.com\\\/user\\\/musiquesjuives\"]},{\"@type\":\"Person\",\"@id\":\"https:\\\/\\\/www.iemj.org\\\/es\\\/#\\\/schema\\\/person\\\/906134402c29d5c76e7b726261dd4bbd\",\"name\":\"Herv\u00e9 Roten\",\"image\":{\"@type\":\"ImageObject\",\"inLanguage\":\"es\",\"@id\":\"https:\\\/\\\/secure.gravatar.com\\\/avatar\\\/f96ad2db538a26481f18384936b5cd0610c92d390c4dc382209216d455f685ff?s=96&d=mm&r=g\",\"url\":\"https:\\\/\\\/secure.gravatar.com\\\/avatar\\\/f96ad2db538a26481f18384936b5cd0610c92d390c4dc382209216d455f685ff?s=96&d=mm&r=g\",\"contentUrl\":\"https:\\\/\\\/secure.gravatar.com\\\/avatar\\\/f96ad2db538a26481f18384936b5cd0610c92d390c4dc382209216d455f685ff?s=96&d=mm&r=g\",\"caption\":\"Herv\u00e9 Roten\"}}]}<\/script>\n<!-- \/ Yoast SEO plugin. -->","yoast_head_json":{"title":"Berlinski, Shalom (1918-2008) - Institut Europ\u00e9en des Musiques Juives","robots":{"index":"index","follow":"follow","max-snippet":"max-snippet:-1","max-image-preview":"max-image-preview:large","max-video-preview":"max-video-preview:-1"},"canonical":"https:\/\/www.iemj.org\/es\/berlinski-shalom-1918-2008\/","og_locale":"es_ES","og_type":"article","og_title":"Berlinski, Shalom (1918-2008) - Institut Europ\u00e9en des Musiques Juives","og_description":"Naci\u00f3 el 16 de enero de 1918 en Radom, una ciudad polaca situada a una centena de kil\u00f3metros de Varsovia, Shalom Berlinski es el benjam\u00edn de ochos hermanos. A su","og_url":"https:\/\/www.iemj.org\/es\/berlinski-shalom-1918-2008\/","og_site_name":"Institut Europ\u00e9en des Musiques Juives","article_publisher":"https:\/\/www.facebook.com\/MusiquesJuives\/","article_published_time":"2011-10-23T13:55:38+00:00","article_modified_time":"2025-09-06T16:54:07+00:00","og_image":[{"width":177,"height":218,"url":"https:\/\/www.iemj.org\/wp-content\/uploads\/2011\/10\/arton313-e1617031727743.jpg","type":"image\/jpeg"}],"author":"Herv\u00e9 Roten","twitter_card":"summary_large_image","twitter_misc":{"Escrito por":"Herv\u00e9 Roten","Tiempo de lectura":"5 minutos"},"schema":{"@context":"https:\/\/schema.org","@graph":[{"@type":"Article","@id":"https:\/\/www.iemj.org\/es\/berlinski-shalom-1918-2008\/#article","isPartOf":{"@id":"https:\/\/www.iemj.org\/es\/berlinski-shalom-1918-2008\/"},"author":{"name":"Herv\u00e9 Roten","@id":"https:\/\/www.iemj.org\/es\/#\/schema\/person\/906134402c29d5c76e7b726261dd4bbd"},"headline":"Berlinski, Shalom (1918-2008)","datePublished":"2011-10-23T13:55:38+00:00","dateModified":"2025-09-06T16:54:07+00:00","mainEntityOfPage":{"@id":"https:\/\/www.iemj.org\/es\/berlinski-shalom-1918-2008\/"},"wordCount":642,"publisher":{"@id":"https:\/\/www.iemj.org\/es\/#organization"},"image":{"@id":"https:\/\/www.iemj.org\/es\/berlinski-shalom-1918-2008\/#primaryimage"},"thumbnailUrl":"https:\/\/www.iemj.org\/wp-content\/uploads\/2011\/10\/arton313-e1617031727743.jpg","articleSection":["Biograf\u00edas"],"inLanguage":"es"},{"@type":"WebPage","@id":"https:\/\/www.iemj.org\/es\/berlinski-shalom-1918-2008\/","url":"https:\/\/www.iemj.org\/es\/berlinski-shalom-1918-2008\/","name":"Berlinski, Shalom (1918-2008) - Institut Europ\u00e9en des Musiques Juives","isPartOf":{"@id":"https:\/\/www.iemj.org\/es\/#website"},"primaryImageOfPage":{"@id":"https:\/\/www.iemj.org\/es\/berlinski-shalom-1918-2008\/#primaryimage"},"image":{"@id":"https:\/\/www.iemj.org\/es\/berlinski-shalom-1918-2008\/#primaryimage"},"thumbnailUrl":"https:\/\/www.iemj.org\/wp-content\/uploads\/2011\/10\/arton313-e1617031727743.jpg","datePublished":"2011-10-23T13:55:38+00:00","dateModified":"2025-09-06T16:54:07+00:00","breadcrumb":{"@id":"https:\/\/www.iemj.org\/es\/berlinski-shalom-1918-2008\/#breadcrumb"},"inLanguage":"es","potentialAction":[{"@type":"ReadAction","target":["https:\/\/www.iemj.org\/es\/berlinski-shalom-1918-2008\/"]}]},{"@type":"ImageObject","inLanguage":"es","@id":"https:\/\/www.iemj.org\/es\/berlinski-shalom-1918-2008\/#primaryimage","url":"https:\/\/www.iemj.org\/wp-content\/uploads\/2011\/10\/arton313-e1617031727743.jpg","contentUrl":"https:\/\/www.iemj.org\/wp-content\/uploads\/2011\/10\/arton313-e1617031727743.jpg","width":177,"height":218},{"@type":"BreadcrumbList","@id":"https:\/\/www.iemj.org\/es\/berlinski-shalom-1918-2008\/#breadcrumb","itemListElement":[{"@type":"ListItem","position":1,"name":"Accueil","item":"https:\/\/www.iemj.org\/es\/"},{"@type":"ListItem","position":2,"name":"Berlinski, Shalom (1918-2008)"}]},{"@type":"WebSite","@id":"https:\/\/www.iemj.org\/es\/#website","url":"https:\/\/www.iemj.org\/es\/","name":"Institut Europ\u00e9en des Musiques Juives","description":"Des traditions musicales \u00e0 la port\u00e9e de tous","publisher":{"@id":"https:\/\/www.iemj.org\/es\/#organization"},"potentialAction":[{"@type":"SearchAction","target":{"@type":"EntryPoint","urlTemplate":"https:\/\/www.iemj.org\/es\/?s={search_term_string}"},"query-input":{"@type":"PropertyValueSpecification","valueRequired":true,"valueName":"search_term_string"}}],"inLanguage":"es"},{"@type":"Organization","@id":"https:\/\/www.iemj.org\/es\/#organization","name":"Institut Europ\u00e9en des Musiques Juives","url":"https:\/\/www.iemj.org\/es\/","logo":{"@type":"ImageObject","inLanguage":"es","@id":"https:\/\/www.iemj.org\/es\/#\/schema\/logo\/image\/","url":"https:\/\/www.iemj.org\/wp-content\/uploads\/2021\/09\/Logo-IEMJ-Paypal.jpg","contentUrl":"https:\/\/www.iemj.org\/wp-content\/uploads\/2021\/09\/Logo-IEMJ-Paypal.jpg","width":150,"height":50,"caption":"Institut Europ\u00e9en des Musiques Juives"},"image":{"@id":"https:\/\/www.iemj.org\/es\/#\/schema\/logo\/image\/"},"sameAs":["https:\/\/www.facebook.com\/MusiquesJuives\/","https:\/\/www.instagram.com\/musiquesjuives\/","https:\/\/www.youtube.com\/user\/musiquesjuives"]},{"@type":"Person","@id":"https:\/\/www.iemj.org\/es\/#\/schema\/person\/906134402c29d5c76e7b726261dd4bbd","name":"Herv\u00e9 Roten","image":{"@type":"ImageObject","inLanguage":"es","@id":"https:\/\/secure.gravatar.com\/avatar\/f96ad2db538a26481f18384936b5cd0610c92d390c4dc382209216d455f685ff?s=96&d=mm&r=g","url":"https:\/\/secure.gravatar.com\/avatar\/f96ad2db538a26481f18384936b5cd0610c92d390c4dc382209216d455f685ff?s=96&d=mm&r=g","contentUrl":"https:\/\/secure.gravatar.com\/avatar\/f96ad2db538a26481f18384936b5cd0610c92d390c4dc382209216d455f685ff?s=96&d=mm&r=g","caption":"Herv\u00e9 Roten"}}]}},"_links":{"self":[{"href":"https:\/\/www.iemj.org\/es\/wp-json\/wp\/v2\/posts\/55547","targetHints":{"allow":["GET"]}}],"collection":[{"href":"https:\/\/www.iemj.org\/es\/wp-json\/wp\/v2\/posts"}],"about":[{"href":"https:\/\/www.iemj.org\/es\/wp-json\/wp\/v2\/types\/post"}],"author":[{"embeddable":true,"href":"https:\/\/www.iemj.org\/es\/wp-json\/wp\/v2\/users\/1045"}],"replies":[{"embeddable":true,"href":"https:\/\/www.iemj.org\/es\/wp-json\/wp\/v2\/comments?post=55547"}],"version-history":[{"count":0,"href":"https:\/\/www.iemj.org\/es\/wp-json\/wp\/v2\/posts\/55547\/revisions"}],"wp:featuredmedia":[{"embeddable":true,"href":"https:\/\/www.iemj.org\/es\/wp-json\/wp\/v2\/media\/55548"}],"wp:attachment":[{"href":"https:\/\/www.iemj.org\/es\/wp-json\/wp\/v2\/media?parent=55547"}],"wp:term":[{"taxonomy":"category","embeddable":true,"href":"https:\/\/www.iemj.org\/es\/wp-json\/wp\/v2\/categories?post=55547"},{"taxonomy":"post_tag","embeddable":true,"href":"https:\/\/www.iemj.org\/es\/wp-json\/wp\/v2\/tags?post=55547"},{"taxonomy":"technique","embeddable":true,"href":"https:\/\/www.iemj.org\/es\/wp-json\/wp\/v2\/technique?post=55547"},{"taxonomy":"squelettes","embeddable":true,"href":"https:\/\/www.iemj.org\/es\/wp-json\/wp\/v2\/squelettes?post=55547"},{"taxonomy":"sujet","embeddable":true,"href":"https:\/\/www.iemj.org\/es\/wp-json\/wp\/v2\/sujet?post=55547"},{"taxonomy":"formation","embeddable":true,"href":"https:\/\/www.iemj.org\/es\/wp-json\/wp\/v2\/formation?post=55547"},{"taxonomy":"genre","embeddable":true,"href":"https:\/\/www.iemj.org\/es\/wp-json\/wp\/v2\/genre?post=55547"},{"taxonomy":"fonds","embeddable":true,"href":"https:\/\/www.iemj.org\/es\/wp-json\/wp\/v2\/fonds?post=55547"},{"taxonomy":"tradition","embeddable":true,"href":"https:\/\/www.iemj.org\/es\/wp-json\/wp\/v2\/tradition?post=55547"},{"taxonomy":"type-de-contenu","embeddable":true,"href":"https:\/\/www.iemj.org\/es\/wp-json\/wp\/v2\/type-de-contenu?post=55547"},{"taxonomy":"interprete-compositeur","embeddable":true,"href":"https:\/\/www.iemj.org\/es\/wp-json\/wp\/v2\/interprete-compositeur?post=55547"},{"taxonomy":"frise","embeddable":true,"href":"https:\/\/www.iemj.org\/es\/wp-json\/wp\/v2\/frise?post=55547"},{"taxonomy":"type-devenement","embeddable":true,"href":"https:\/\/www.iemj.org\/es\/wp-json\/wp\/v2\/type-devenement?post=55547"},{"taxonomy":"tableaux-liens-externes","embeddable":true,"href":"https:\/\/www.iemj.org\/es\/wp-json\/wp\/v2\/tableaux-liens-externes?post=55547"}],"curies":[{"name":"wp","href":"https:\/\/api.w.org\/{rel}","templated":true}]}}