{"id":55660,"date":"2020-05-28T12:31:54","date_gmt":"2020-05-28T10:31:54","guid":{"rendered":"https:\/\/www.iemj.org\/cheikh-mwijo-1937-2020\/"},"modified":"2025-09-10T16:43:09","modified_gmt":"2025-09-10T14:43:09","slug":"cheikh-mwijo-1937-2020","status":"publish","type":"post","link":"https:\/\/www.iemj.org\/es\/cheikh-mwijo-1937-2020\/","title":{"rendered":"Cheikh Mwijo (1937-2020)"},"content":{"rendered":"<p>Cheikh Mwijo, de su nombre real Moshe Attias, naci\u00f3 en Mequinez (Marruecos) en 1937 y falleci\u00f3 en Kiryat Atta (Israel) el 2 de mayo de 2020. Fue uno de los m\u00fasicos m\u00e1s importantes del folclore jud\u00edo marroqu\u00ed en Israel.<\/p>\n<p><!--more--><\/p>\n<p>Como muchos artistas jud\u00edos marroqu\u00edes, Moshe Attias desciende de un linaje de cantores y compositores, remont\u00e1ndose hasta su abuelo. Su padre Yaakov Attias, percusionista, tocaba en el conjunto del M\u00e2alem (Maestro) Ben Haroush, particularmente al lado de Mordecai Elmaghribi, qui\u00e9n es el padre de Slimane Elmaghribi. Ben Haroush se instal\u00f3 en Israel, y Mwijo la acompa\u00f1\u00f3 durante sus \u00faltimos d\u00edas. Para agradecerlo por su presencia, Ben Haroush le entreg\u00f3 sus cuadernos de cantos, cuadernos que el mismo hab\u00eda recibido antes.<br \/>Estos cuadernos de cantos serian el fuente de su rico y vasto cat\u00e1logo. Como muchos m\u00fasicos jud\u00edos marroqu\u00edes antes el, Mwijo qued\u00f3 discreto sobre su manera de trabajar, y no comparti\u00f3 sus cuadernos con ning\u00fan buscador o nadie. Pero, en respuesta a la demanda del profesor Yossef Chetrit de la Universidad de Haifa, Mwijo grab\u00f3 una cierta cantidad de canciones debidas de los manuscritos. Y sus canciones fueron copiadas por Chetrit por su trabajo sobre la poes\u00eda judeo-\u00e1rabe de Marruecos. En respuesta a una entrevista en 2011 con Mwijo, Christopher Silver afirm\u00f3 que Mwijo era el \u00fanico m\u00fasico que pod\u00eda dominar estas canciones desde Ben Haroush. Mwijo pretend\u00eda conocer 1000 canciones del M\u00e2alem, lo que le vali\u00f3 el t\u00edtulo honor\u00edfico de \u00abSheikh\u00bb (Maestro).<\/p>\n<p><img decoding=\"async\" class=\" alignright  wp-image-28762\" src=\"https:\/\/www.iemj.org\/wp-content\/uploads\/2020\/05\/d33-30_725_couv_300px.jpg\" alt=\"d33-30_725_couv_300px.jpg\" width=\"200\" height=\"208\" align=\"right\" \/> En 1962, cuando tenia 35 a\u00f1os, Mwijo se instal\u00f3 en Israel. Sentado un d\u00eda en un caf\u00e9 de Haifa, empez\u00f3 a cantar algunas canciones, provocando la emoci\u00f3n y los lloros de los patrones del caf\u00e9. Este evento, combinado con el periodo de desempleo que estaba viviendo, su conocimiento perfecto del cat\u00e1logo familiar de canciones, y su voz, lo han impulsado a empezar una carrera musical a tiempo completo.<\/p>\n<p>Empez\u00f3 cantando y tocando mandolina, un instrumento asociado sobre todo a la m\u00fasica argelina. Pero cambi\u00f3 r\u00e1pidamente de instrumento a favor del kemanja, violin magreb\u00ed tocado verticalmente.<\/p>\n<p>Entre 1962 y 1970, Mwijo ha escrito y ha vendido 40 canciones a su compa\u00f1ero de Meknes, <strong>Sliman Elmaghribi<\/strong>. En 1969, Mwijo empez\u00f3 a grabar sus propias canciones con el sello musical Koliphone \/ Zakiphon.<br \/>Durante toda su carrera, Mwijo fue un artista discreto en el seno de la escena musical israel\u00ed. A contrario de la mayor\u00eda de los artistas contempor\u00e1neos jud\u00edos marroqu\u00edes, qued\u00f3 muy unido a su comunidad de origen, tocando casi exclusivamente para eventos familiares o comunitarios. Aunque grab\u00f3 m\u00e1s de 100 \u00e1lbumes, sus conciertos fueron su principal fuente de ingresos. Adem\u00e1s, al contrario de sus contempor\u00e1neos <strong>Jo Amar<\/strong> o <strong>Samy Elmaghribi<\/strong>, quienes conocieron un reconocimiento internacional, Mwijo ha hecho lo esencial de su carrera en la escena israelo-marroqu\u00ed.<\/p>\n<p>Mwijo es un artista con una multitud de facetas. Su cat\u00e1logo es variado en t\u00e9rminos de g\u00e9neros textuales y de estilos musicales. Pero es fiel al \u00e1rabe del Magreb, con un acento de Meknes. Esto demuestra su resistencia contra la ideolog\u00eda sionista de revitalizaci\u00f3n de la idioma hebraica y de la cultura israel\u00ed que result\u00f3 de esto. Incluso cuando Mwijo canta en hebreo, su idioma esta salpicada de vocabulario y de f\u00f3rmulas gramaticales \u00e1rabes. Este estilo lo limit\u00f3 a un publico restringido. Pero hoy, numerosos israel\u00edes de origen marroqu\u00ed consideran Mwijo como un artista emblem\u00e1tico de la m\u00fasica marroqu\u00ed por su uso de la idioma vern\u00e1culo \u00e1rabe.\u00a0<br \/>Su cat\u00e1logo muestra tambi\u00e9n la ambivalencia de la identidad jud\u00eda marroqu\u00ed. El entusiasmo religioso se combina con practicas seculares modernas, y la m\u00fasica y los textos tradicionales se mezcla con diferentes estilos urbanos contempor\u00e1neos.<\/p>\n<p>La veneraci\u00f3n de los personajes santos es una costumbre importante de devoci\u00f3n religiosas marroqu\u00ed; los <em>hilulot<\/em> (celebraciones anuales de muertos de gran rabies) cuentan entre las principales actuaciones de Mwijo en Israel y en otros lugares.<br \/>Cheikh Mwijo grabara solo poco piyoutim y bakashot en el estilo andaluz marroqu\u00ed. En cambio, compuso y cant\u00f3 numerosos piyoutim en hebreo y en \u00e1rabe en honor de los tsadiqim (sabios) marroqu\u00ed. Entre los grandes rabies a quienes el rend\u00ed homenaje, mencionemos sobre todos los miembros de la dinast\u00eda Abuhatzira, empezando con el fundador R. Yaacov Abuhatzira.<\/p>\n<p><img decoding=\"async\" class=\" alignleft  wp-image-28764\" src=\"https:\/\/www.iemj.org\/wp-content\/uploads\/2020\/05\/d33-30_728_couv_300px.jpg\" alt=\"d33-30_728_couv_300px.jpg\" width=\"200\" height=\"208\" align=\"left\" \/>En los a\u00f1os 1970, se present\u00f3 sobre todo al extranjero,y frecuentemente en Francia. Durante un de sus estancias en Francia, un marroqu\u00ed le pregunt\u00f3 hacer un concierto en Alemania. Incluso despu\u00e9s de que se le ofreciera 10.000 Marcos alemanes, un monto muy grande para la epoca, Mwijo rechaz\u00f3 expresamente esta invitaci\u00f3n, a causa de la Sho\u00e1. Despu\u00e9s de esto, Mwijo se fue al casino, jug\u00f3 m\u00e1quina tragamonedas, y gan\u00f3 el equivalente de 10.000 Marcos alemanes.<br \/>El estilo predominante de las canciones \u00e1rabes de Mwijo es el <em>cha\u00e2bi<\/em> argelino. Prefer\u00eda el estilo de los cantos argelinos, \u00abm\u00e1s tierno y delicado\u00bb seg\u00fan sus t\u00e9rminos, al estilo marroqu\u00ed, aunque sus canciones <em>melhoun<\/em>\u00a0de estilo marroqu\u00ed hayan sido parte integrante de su cat\u00e1logo. Pero sobre la marcha de su carrera, ha diversificado su cat\u00e1logo y ha ampliado su audiencia grabando tambi\u00e9n sus canciones en hebreo.<\/p>\n<p>Como consecuencia del asesinato de Itzhaq Rabin, Mwijo grab\u00f3 una canci\u00f3n emocionante en su honor sobre una m\u00fasica turca. Por fin, colabor\u00f3 con numerosos artistas, cuyo el pianista Maurice El Medioni, o su compa\u00f1ero en la escena, el tocador de la\u00fad \u00e1rabe Nino Bitton.<\/p>\n<p>Entre sus canciones m\u00e1s famosas, citemos\u00a0<em>\u00ab\u00a0Tanjiya\u00a0\u00bb, \u00ab\u00a0Ma Kayan Kheir\u00a0\u00bb, \u00ab\u00a0Ibrahim Al-Khalil\u00a0\u00bb, \u00ab\u00a0A ibad Allah\u00a0\u00bb, \u00ab\u00a0A labnat\u00a0\u00bb<\/em>\u00a0et\u00a0<em>\u00ab\u00a0Ghazali houa Sabab\u00a0\u00bb<\/em>.<\/p>\n<p>Fuente: <a href=\"https:\/\/jewish-music.huji.ac.il\/content\/22934\">Jewish Music Research Center, Edwin Seroussi<\/a><\/p>\n<p><a href=\"http:\/\/www.rachelnet.net\/F\/?func=find-c&amp;ccl_term=WRD+%3D+Mwijo+OR+WRD+%3D+Mouizo&amp;local_base=iemcg\" target=\"_blank\" rel=\"noopener\">Consultar nuestras colecciones sobre Cheikh Mwijo<\/a><\/p>\n\n\n<figure class=\"wp-block-embed is-type-video is-provider-youtube wp-block-embed-youtube wp-embed-aspect-4-3 wp-has-aspect-ratio\"><div class=\"wp-block-embed__wrapper\">\n<iframe title=\"Chekh Mwijo - Lgusla Di Fas - 1974\" width=\"640\" height=\"480\" src=\"https:\/\/www.youtube.com\/embed\/d4-1pngT6iQ?feature=oembed\" frameborder=\"0\" allow=\"accelerometer; autoplay; clipboard-write; encrypted-media; gyroscope; picture-in-picture; web-share\" referrerpolicy=\"strict-origin-when-cross-origin\" allowfullscreen><\/iframe>\n<\/div><\/figure>\n\n\n\n<h2 class=\"wp-block-heading\"><\/h2>\n\n\n\n<figure class=\"wp-block-image size-large\"><img fetchpriority=\"high\" decoding=\"async\" width=\"1024\" height=\"133\" src=\"https:\/\/www.iemj.org\/wp-content\/uploads\/2024\/03\/AUDIO-PLAYER-1024x133.png\" alt=\"\" class=\"wp-image-110610\" srcset=\"https:\/\/www.iemj.org\/wp-content\/uploads\/2024\/03\/AUDIO-PLAYER-1024x133.png 1024w, https:\/\/www.iemj.org\/wp-content\/uploads\/2024\/03\/AUDIO-PLAYER-300x39.png 300w, https:\/\/www.iemj.org\/wp-content\/uploads\/2024\/03\/AUDIO-PLAYER-768x100.png 768w, https:\/\/www.iemj.org\/wp-content\/uploads\/2024\/03\/AUDIO-PLAYER-600x78.png 600w, https:\/\/www.iemj.org\/wp-content\/uploads\/2024\/03\/AUDIO-PLAYER.png 1210w\" sizes=\"(max-width: 1024px) 100vw, 1024px\" \/><\/figure>\n\n\n\n<div class=\"wp-block-file\"><a href=\"https:\/\/www.iemj.org\/wp-content\/uploads\/2020\/05\/01_mal_hbibi.mp3\">Mal Hbibi<\/a><\/div>\n\n\n\n<div class=\"wp-block-file\"><a href=\"https:\/\/www.iemj.org\/wp-content\/uploads\/2020\/05\/02_nahar_eziara.mp3\">Nahar Eziara<\/a><\/div>\n\n\n\n<div class=\"wp-block-file\"><a href=\"https:\/\/www.iemj.org\/wp-content\/uploads\/2020\/05\/03_ouahran_el_bahia.mp3\">Ouahran El Bahia<\/a><\/div>\n\n\n\n<div class=\"wp-block-file\"><a href=\"https:\/\/www.iemj.org\/wp-content\/uploads\/2020\/05\/04_ya_mabrek.mp3\">Ya Mabrek<\/a><\/div>\n\n\n\n<div class=\"wp-block-file\"><a href=\"https:\/\/www.iemj.org\/wp-content\/uploads\/2020\/05\/05_haremtoubik_nouassi.mp3\">Haremtoubik Nouassi<\/a><\/div>\n","protected":false},"excerpt":{"rendered":"<p>Cheikh Mwijo, de su nombre real Moshe Attias, naci\u00f3 en Mequinez (Marruecos) en 1937 y falleci\u00f3 en Kiryat Atta (Israel) el 2 de mayo de 2020. Fue uno de los<\/p>\n","protected":false},"author":1048,"featured_media":55661,"comment_status":"closed","ping_status":"closed","sticky":false,"template":"","format":"standard","meta":{"_acf_changed":false,"footnotes":""},"categories":[1417],"tags":[],"technique":[],"squelettes":[],"sujet":[],"formation":[],"genre":[1915],"fonds":[],"tradition":[],"type-de-contenu":[],"interprete-compositeur":[],"frise":[],"type-devenement":[],"tableaux-liens-externes":[],"class_list":["post-55660","post","type-post","status-publish","format-standard","has-post-thumbnail","hentry","category-biografias-es","genre-oriental-es"],"acf":[],"yoast_head":"<!-- This site is optimized with the Yoast SEO plugin v27.3 - https:\/\/yoast.com\/product\/yoast-seo-wordpress\/ -->\n<title>Cheikh Mwijo (1937-2020) - Institut Europ\u00e9en des Musiques Juives<\/title>\n<meta name=\"robots\" content=\"index, follow, max-snippet:-1, max-image-preview:large, max-video-preview:-1\" \/>\n<link rel=\"canonical\" href=\"https:\/\/www.iemj.org\/es\/cheikh-mwijo-1937-2020\/\" \/>\n<meta property=\"og:locale\" content=\"es_ES\" \/>\n<meta property=\"og:type\" content=\"article\" \/>\n<meta property=\"og:title\" content=\"Cheikh Mwijo (1937-2020) - Institut Europ\u00e9en des Musiques Juives\" \/>\n<meta property=\"og:description\" content=\"Cheikh Mwijo, de su nombre real Moshe Attias, naci\u00f3 en Mequinez (Marruecos) en 1937 y falleci\u00f3 en Kiryat Atta (Israel) el 2 de mayo de 2020. Fue uno de los\" \/>\n<meta property=\"og:url\" content=\"https:\/\/www.iemj.org\/es\/cheikh-mwijo-1937-2020\/\" \/>\n<meta property=\"og:site_name\" content=\"Institut Europ\u00e9en des Musiques Juives\" \/>\n<meta property=\"article:publisher\" content=\"https:\/\/www.facebook.com\/MusiquesJuives\/\" \/>\n<meta property=\"article:published_time\" content=\"2020-05-28T10:31:54+00:00\" \/>\n<meta property=\"article:modified_time\" content=\"2025-09-10T14:43:09+00:00\" \/>\n<meta property=\"og:image\" content=\"https:\/\/www.iemj.org\/wp-content\/uploads\/2020\/05\/arton4762-e1617013366354.jpg\" \/>\n\t<meta property=\"og:image:width\" content=\"188\" \/>\n\t<meta property=\"og:image:height\" content=\"218\" \/>\n\t<meta property=\"og:image:type\" content=\"image\/jpeg\" \/>\n<meta name=\"author\" content=\"Jean-Gabriel Davis\" \/>\n<meta name=\"twitter:card\" content=\"summary_large_image\" \/>\n<meta name=\"twitter:label1\" content=\"Escrito por\" \/>\n\t<meta name=\"twitter:data1\" content=\"Jean-Gabriel Davis\" \/>\n\t<meta name=\"twitter:label2\" content=\"Tiempo de lectura\" \/>\n\t<meta name=\"twitter:data2\" content=\"6 minutos\" \/>\n<script type=\"application\/ld+json\" class=\"yoast-schema-graph\">{\"@context\":\"https:\\\/\\\/schema.org\",\"@graph\":[{\"@type\":\"Article\",\"@id\":\"https:\\\/\\\/www.iemj.org\\\/es\\\/cheikh-mwijo-1937-2020\\\/#article\",\"isPartOf\":{\"@id\":\"https:\\\/\\\/www.iemj.org\\\/es\\\/cheikh-mwijo-1937-2020\\\/\"},\"author\":{\"name\":\"Jean-Gabriel Davis\",\"@id\":\"https:\\\/\\\/www.iemj.org\\\/es\\\/#\\\/schema\\\/person\\\/c9bc1c386a3749579a2d675e72a18666\"},\"headline\":\"Cheikh Mwijo (1937-2020)\",\"datePublished\":\"2020-05-28T10:31:54+00:00\",\"dateModified\":\"2025-09-10T14:43:09+00:00\",\"mainEntityOfPage\":{\"@id\":\"https:\\\/\\\/www.iemj.org\\\/es\\\/cheikh-mwijo-1937-2020\\\/\"},\"wordCount\":990,\"publisher\":{\"@id\":\"https:\\\/\\\/www.iemj.org\\\/es\\\/#organization\"},\"image\":{\"@id\":\"https:\\\/\\\/www.iemj.org\\\/es\\\/cheikh-mwijo-1937-2020\\\/#primaryimage\"},\"thumbnailUrl\":\"https:\\\/\\\/www.iemj.org\\\/wp-content\\\/uploads\\\/2020\\\/05\\\/arton4762-e1617013366354.jpg\",\"articleSection\":[\"Biograf\u00edas\"],\"inLanguage\":\"es\"},{\"@type\":\"WebPage\",\"@id\":\"https:\\\/\\\/www.iemj.org\\\/es\\\/cheikh-mwijo-1937-2020\\\/\",\"url\":\"https:\\\/\\\/www.iemj.org\\\/es\\\/cheikh-mwijo-1937-2020\\\/\",\"name\":\"Cheikh Mwijo (1937-2020) - Institut Europ\u00e9en des Musiques Juives\",\"isPartOf\":{\"@id\":\"https:\\\/\\\/www.iemj.org\\\/es\\\/#website\"},\"primaryImageOfPage\":{\"@id\":\"https:\\\/\\\/www.iemj.org\\\/es\\\/cheikh-mwijo-1937-2020\\\/#primaryimage\"},\"image\":{\"@id\":\"https:\\\/\\\/www.iemj.org\\\/es\\\/cheikh-mwijo-1937-2020\\\/#primaryimage\"},\"thumbnailUrl\":\"https:\\\/\\\/www.iemj.org\\\/wp-content\\\/uploads\\\/2020\\\/05\\\/arton4762-e1617013366354.jpg\",\"datePublished\":\"2020-05-28T10:31:54+00:00\",\"dateModified\":\"2025-09-10T14:43:09+00:00\",\"breadcrumb\":{\"@id\":\"https:\\\/\\\/www.iemj.org\\\/es\\\/cheikh-mwijo-1937-2020\\\/#breadcrumb\"},\"inLanguage\":\"es\",\"potentialAction\":[{\"@type\":\"ReadAction\",\"target\":[\"https:\\\/\\\/www.iemj.org\\\/es\\\/cheikh-mwijo-1937-2020\\\/\"]}]},{\"@type\":\"ImageObject\",\"inLanguage\":\"es\",\"@id\":\"https:\\\/\\\/www.iemj.org\\\/es\\\/cheikh-mwijo-1937-2020\\\/#primaryimage\",\"url\":\"https:\\\/\\\/www.iemj.org\\\/wp-content\\\/uploads\\\/2020\\\/05\\\/arton4762-e1617013366354.jpg\",\"contentUrl\":\"https:\\\/\\\/www.iemj.org\\\/wp-content\\\/uploads\\\/2020\\\/05\\\/arton4762-e1617013366354.jpg\",\"width\":188,\"height\":218},{\"@type\":\"BreadcrumbList\",\"@id\":\"https:\\\/\\\/www.iemj.org\\\/es\\\/cheikh-mwijo-1937-2020\\\/#breadcrumb\",\"itemListElement\":[{\"@type\":\"ListItem\",\"position\":1,\"name\":\"Accueil\",\"item\":\"https:\\\/\\\/www.iemj.org\\\/es\\\/\"},{\"@type\":\"ListItem\",\"position\":2,\"name\":\"Cheikh Mwijo (1937-2020)\"}]},{\"@type\":\"WebSite\",\"@id\":\"https:\\\/\\\/www.iemj.org\\\/es\\\/#website\",\"url\":\"https:\\\/\\\/www.iemj.org\\\/es\\\/\",\"name\":\"Institut Europ\u00e9en des Musiques Juives\",\"description\":\"Des traditions musicales \u00e0 la port\u00e9e de tous\",\"publisher\":{\"@id\":\"https:\\\/\\\/www.iemj.org\\\/es\\\/#organization\"},\"potentialAction\":[{\"@type\":\"SearchAction\",\"target\":{\"@type\":\"EntryPoint\",\"urlTemplate\":\"https:\\\/\\\/www.iemj.org\\\/es\\\/?s={search_term_string}\"},\"query-input\":{\"@type\":\"PropertyValueSpecification\",\"valueRequired\":true,\"valueName\":\"search_term_string\"}}],\"inLanguage\":\"es\"},{\"@type\":\"Organization\",\"@id\":\"https:\\\/\\\/www.iemj.org\\\/es\\\/#organization\",\"name\":\"Institut Europ\u00e9en des Musiques Juives\",\"url\":\"https:\\\/\\\/www.iemj.org\\\/es\\\/\",\"logo\":{\"@type\":\"ImageObject\",\"inLanguage\":\"es\",\"@id\":\"https:\\\/\\\/www.iemj.org\\\/es\\\/#\\\/schema\\\/logo\\\/image\\\/\",\"url\":\"https:\\\/\\\/www.iemj.org\\\/wp-content\\\/uploads\\\/2021\\\/09\\\/Logo-IEMJ-Paypal.jpg\",\"contentUrl\":\"https:\\\/\\\/www.iemj.org\\\/wp-content\\\/uploads\\\/2021\\\/09\\\/Logo-IEMJ-Paypal.jpg\",\"width\":150,\"height\":50,\"caption\":\"Institut Europ\u00e9en des Musiques Juives\"},\"image\":{\"@id\":\"https:\\\/\\\/www.iemj.org\\\/es\\\/#\\\/schema\\\/logo\\\/image\\\/\"},\"sameAs\":[\"https:\\\/\\\/www.facebook.com\\\/MusiquesJuives\\\/\",\"https:\\\/\\\/www.instagram.com\\\/musiquesjuives\\\/\",\"https:\\\/\\\/www.youtube.com\\\/user\\\/musiquesjuives\"]},{\"@type\":\"Person\",\"@id\":\"https:\\\/\\\/www.iemj.org\\\/es\\\/#\\\/schema\\\/person\\\/c9bc1c386a3749579a2d675e72a18666\",\"name\":\"Jean-Gabriel Davis\",\"image\":{\"@type\":\"ImageObject\",\"inLanguage\":\"es\",\"@id\":\"https:\\\/\\\/secure.gravatar.com\\\/avatar\\\/2b90d67bdf392c9b3a21fab87c0fa7edaf1fb3a058172a1ffd61033fcec7aec1?s=96&d=mm&r=g\",\"url\":\"https:\\\/\\\/secure.gravatar.com\\\/avatar\\\/2b90d67bdf392c9b3a21fab87c0fa7edaf1fb3a058172a1ffd61033fcec7aec1?s=96&d=mm&r=g\",\"contentUrl\":\"https:\\\/\\\/secure.gravatar.com\\\/avatar\\\/2b90d67bdf392c9b3a21fab87c0fa7edaf1fb3a058172a1ffd61033fcec7aec1?s=96&d=mm&r=g\",\"caption\":\"Jean-Gabriel Davis\"}}]}<\/script>\n<!-- \/ Yoast SEO plugin. -->","yoast_head_json":{"title":"Cheikh Mwijo (1937-2020) - Institut Europ\u00e9en des Musiques Juives","robots":{"index":"index","follow":"follow","max-snippet":"max-snippet:-1","max-image-preview":"max-image-preview:large","max-video-preview":"max-video-preview:-1"},"canonical":"https:\/\/www.iemj.org\/es\/cheikh-mwijo-1937-2020\/","og_locale":"es_ES","og_type":"article","og_title":"Cheikh Mwijo (1937-2020) - Institut Europ\u00e9en des Musiques Juives","og_description":"Cheikh Mwijo, de su nombre real Moshe Attias, naci\u00f3 en Mequinez (Marruecos) en 1937 y falleci\u00f3 en Kiryat Atta (Israel) el 2 de mayo de 2020. Fue uno de los","og_url":"https:\/\/www.iemj.org\/es\/cheikh-mwijo-1937-2020\/","og_site_name":"Institut Europ\u00e9en des Musiques Juives","article_publisher":"https:\/\/www.facebook.com\/MusiquesJuives\/","article_published_time":"2020-05-28T10:31:54+00:00","article_modified_time":"2025-09-10T14:43:09+00:00","og_image":[{"width":188,"height":218,"url":"https:\/\/www.iemj.org\/wp-content\/uploads\/2020\/05\/arton4762-e1617013366354.jpg","type":"image\/jpeg"}],"author":"Jean-Gabriel Davis","twitter_card":"summary_large_image","twitter_misc":{"Escrito por":"Jean-Gabriel Davis","Tiempo de lectura":"6 minutos"},"schema":{"@context":"https:\/\/schema.org","@graph":[{"@type":"Article","@id":"https:\/\/www.iemj.org\/es\/cheikh-mwijo-1937-2020\/#article","isPartOf":{"@id":"https:\/\/www.iemj.org\/es\/cheikh-mwijo-1937-2020\/"},"author":{"name":"Jean-Gabriel Davis","@id":"https:\/\/www.iemj.org\/es\/#\/schema\/person\/c9bc1c386a3749579a2d675e72a18666"},"headline":"Cheikh Mwijo (1937-2020)","datePublished":"2020-05-28T10:31:54+00:00","dateModified":"2025-09-10T14:43:09+00:00","mainEntityOfPage":{"@id":"https:\/\/www.iemj.org\/es\/cheikh-mwijo-1937-2020\/"},"wordCount":990,"publisher":{"@id":"https:\/\/www.iemj.org\/es\/#organization"},"image":{"@id":"https:\/\/www.iemj.org\/es\/cheikh-mwijo-1937-2020\/#primaryimage"},"thumbnailUrl":"https:\/\/www.iemj.org\/wp-content\/uploads\/2020\/05\/arton4762-e1617013366354.jpg","articleSection":["Biograf\u00edas"],"inLanguage":"es"},{"@type":"WebPage","@id":"https:\/\/www.iemj.org\/es\/cheikh-mwijo-1937-2020\/","url":"https:\/\/www.iemj.org\/es\/cheikh-mwijo-1937-2020\/","name":"Cheikh Mwijo (1937-2020) - Institut Europ\u00e9en des Musiques Juives","isPartOf":{"@id":"https:\/\/www.iemj.org\/es\/#website"},"primaryImageOfPage":{"@id":"https:\/\/www.iemj.org\/es\/cheikh-mwijo-1937-2020\/#primaryimage"},"image":{"@id":"https:\/\/www.iemj.org\/es\/cheikh-mwijo-1937-2020\/#primaryimage"},"thumbnailUrl":"https:\/\/www.iemj.org\/wp-content\/uploads\/2020\/05\/arton4762-e1617013366354.jpg","datePublished":"2020-05-28T10:31:54+00:00","dateModified":"2025-09-10T14:43:09+00:00","breadcrumb":{"@id":"https:\/\/www.iemj.org\/es\/cheikh-mwijo-1937-2020\/#breadcrumb"},"inLanguage":"es","potentialAction":[{"@type":"ReadAction","target":["https:\/\/www.iemj.org\/es\/cheikh-mwijo-1937-2020\/"]}]},{"@type":"ImageObject","inLanguage":"es","@id":"https:\/\/www.iemj.org\/es\/cheikh-mwijo-1937-2020\/#primaryimage","url":"https:\/\/www.iemj.org\/wp-content\/uploads\/2020\/05\/arton4762-e1617013366354.jpg","contentUrl":"https:\/\/www.iemj.org\/wp-content\/uploads\/2020\/05\/arton4762-e1617013366354.jpg","width":188,"height":218},{"@type":"BreadcrumbList","@id":"https:\/\/www.iemj.org\/es\/cheikh-mwijo-1937-2020\/#breadcrumb","itemListElement":[{"@type":"ListItem","position":1,"name":"Accueil","item":"https:\/\/www.iemj.org\/es\/"},{"@type":"ListItem","position":2,"name":"Cheikh Mwijo (1937-2020)"}]},{"@type":"WebSite","@id":"https:\/\/www.iemj.org\/es\/#website","url":"https:\/\/www.iemj.org\/es\/","name":"Institut Europ\u00e9en des Musiques Juives","description":"Des traditions musicales \u00e0 la port\u00e9e de tous","publisher":{"@id":"https:\/\/www.iemj.org\/es\/#organization"},"potentialAction":[{"@type":"SearchAction","target":{"@type":"EntryPoint","urlTemplate":"https:\/\/www.iemj.org\/es\/?s={search_term_string}"},"query-input":{"@type":"PropertyValueSpecification","valueRequired":true,"valueName":"search_term_string"}}],"inLanguage":"es"},{"@type":"Organization","@id":"https:\/\/www.iemj.org\/es\/#organization","name":"Institut Europ\u00e9en des Musiques Juives","url":"https:\/\/www.iemj.org\/es\/","logo":{"@type":"ImageObject","inLanguage":"es","@id":"https:\/\/www.iemj.org\/es\/#\/schema\/logo\/image\/","url":"https:\/\/www.iemj.org\/wp-content\/uploads\/2021\/09\/Logo-IEMJ-Paypal.jpg","contentUrl":"https:\/\/www.iemj.org\/wp-content\/uploads\/2021\/09\/Logo-IEMJ-Paypal.jpg","width":150,"height":50,"caption":"Institut Europ\u00e9en des Musiques Juives"},"image":{"@id":"https:\/\/www.iemj.org\/es\/#\/schema\/logo\/image\/"},"sameAs":["https:\/\/www.facebook.com\/MusiquesJuives\/","https:\/\/www.instagram.com\/musiquesjuives\/","https:\/\/www.youtube.com\/user\/musiquesjuives"]},{"@type":"Person","@id":"https:\/\/www.iemj.org\/es\/#\/schema\/person\/c9bc1c386a3749579a2d675e72a18666","name":"Jean-Gabriel Davis","image":{"@type":"ImageObject","inLanguage":"es","@id":"https:\/\/secure.gravatar.com\/avatar\/2b90d67bdf392c9b3a21fab87c0fa7edaf1fb3a058172a1ffd61033fcec7aec1?s=96&d=mm&r=g","url":"https:\/\/secure.gravatar.com\/avatar\/2b90d67bdf392c9b3a21fab87c0fa7edaf1fb3a058172a1ffd61033fcec7aec1?s=96&d=mm&r=g","contentUrl":"https:\/\/secure.gravatar.com\/avatar\/2b90d67bdf392c9b3a21fab87c0fa7edaf1fb3a058172a1ffd61033fcec7aec1?s=96&d=mm&r=g","caption":"Jean-Gabriel Davis"}}]}},"_links":{"self":[{"href":"https:\/\/www.iemj.org\/es\/wp-json\/wp\/v2\/posts\/55660","targetHints":{"allow":["GET"]}}],"collection":[{"href":"https:\/\/www.iemj.org\/es\/wp-json\/wp\/v2\/posts"}],"about":[{"href":"https:\/\/www.iemj.org\/es\/wp-json\/wp\/v2\/types\/post"}],"author":[{"embeddable":true,"href":"https:\/\/www.iemj.org\/es\/wp-json\/wp\/v2\/users\/1048"}],"replies":[{"embeddable":true,"href":"https:\/\/www.iemj.org\/es\/wp-json\/wp\/v2\/comments?post=55660"}],"version-history":[{"count":0,"href":"https:\/\/www.iemj.org\/es\/wp-json\/wp\/v2\/posts\/55660\/revisions"}],"wp:featuredmedia":[{"embeddable":true,"href":"https:\/\/www.iemj.org\/es\/wp-json\/wp\/v2\/media\/55661"}],"wp:attachment":[{"href":"https:\/\/www.iemj.org\/es\/wp-json\/wp\/v2\/media?parent=55660"}],"wp:term":[{"taxonomy":"category","embeddable":true,"href":"https:\/\/www.iemj.org\/es\/wp-json\/wp\/v2\/categories?post=55660"},{"taxonomy":"post_tag","embeddable":true,"href":"https:\/\/www.iemj.org\/es\/wp-json\/wp\/v2\/tags?post=55660"},{"taxonomy":"technique","embeddable":true,"href":"https:\/\/www.iemj.org\/es\/wp-json\/wp\/v2\/technique?post=55660"},{"taxonomy":"squelettes","embeddable":true,"href":"https:\/\/www.iemj.org\/es\/wp-json\/wp\/v2\/squelettes?post=55660"},{"taxonomy":"sujet","embeddable":true,"href":"https:\/\/www.iemj.org\/es\/wp-json\/wp\/v2\/sujet?post=55660"},{"taxonomy":"formation","embeddable":true,"href":"https:\/\/www.iemj.org\/es\/wp-json\/wp\/v2\/formation?post=55660"},{"taxonomy":"genre","embeddable":true,"href":"https:\/\/www.iemj.org\/es\/wp-json\/wp\/v2\/genre?post=55660"},{"taxonomy":"fonds","embeddable":true,"href":"https:\/\/www.iemj.org\/es\/wp-json\/wp\/v2\/fonds?post=55660"},{"taxonomy":"tradition","embeddable":true,"href":"https:\/\/www.iemj.org\/es\/wp-json\/wp\/v2\/tradition?post=55660"},{"taxonomy":"type-de-contenu","embeddable":true,"href":"https:\/\/www.iemj.org\/es\/wp-json\/wp\/v2\/type-de-contenu?post=55660"},{"taxonomy":"interprete-compositeur","embeddable":true,"href":"https:\/\/www.iemj.org\/es\/wp-json\/wp\/v2\/interprete-compositeur?post=55660"},{"taxonomy":"frise","embeddable":true,"href":"https:\/\/www.iemj.org\/es\/wp-json\/wp\/v2\/frise?post=55660"},{"taxonomy":"type-devenement","embeddable":true,"href":"https:\/\/www.iemj.org\/es\/wp-json\/wp\/v2\/type-devenement?post=55660"},{"taxonomy":"tableaux-liens-externes","embeddable":true,"href":"https:\/\/www.iemj.org\/es\/wp-json\/wp\/v2\/tableaux-liens-externes?post=55660"}],"curies":[{"name":"wp","href":"https:\/\/api.w.org\/{rel}","templated":true}]}}